{"id":30754,"date":"2022-11-14T22:05:00","date_gmt":"2022-11-14T21:05:00","guid":{"rendered":"https:\/\/lasentinelle.dz\/?p=30754"},"modified":"2022-11-14T19:58:10","modified_gmt":"2022-11-14T18:58:10","slug":"lutte-contre-le-diabete-le-ministere-de-la-sante-mise-sur-la-sensibilisation","status":"publish","type":"post","link":"https:\/\/lasentinelle.dz\/index.php\/2022\/11\/14\/lutte-contre-le-diabete-le-ministere-de-la-sante-mise-sur-la-sensibilisation\/","title":{"rendered":"Lutte contre le diab\u00e8te\u00a0: Le minist\u00e8re de la Sant\u00e9 mise sur la sensibilisation"},"content":{"rendered":"\n<p>Les patients atteints du diab\u00e8te sont aujourd\u2019hui nombre de 2,5 millions en Alg\u00e9rie. Ce qui refl\u00e8te une forte pr\u00e9valence de la maladie dans notre pays, mais aussi la n\u00e9cessit\u00e9 de prendre conscience des risques li\u00e9s au diab\u00e8te, ainsi que d\u2019une prise en charge efficiente de la maladie. C\u2019est dans ce contexte que e ministre de Sant\u00e9, de la Population et de la R\u00e9forme hospitali\u00e8re, Abdelhak Saihi, a saisi l\u2019occasion de la journ\u00e9e mondiale du Diab\u00e8te, pour mettre en avant les mesures \u00e0 prendre pour en charge les risques li\u00e9s au diab\u00e8te, et notamment sur le plan de la sensibilisation. Le ministre a indiqu\u00e9 dans ce sens que son secteur \u00ab&nbsp;\u0153uvre \u00e0 la r\u00e9alisation de plusieurs objectifs, dont la sensibilisation \u00e0 l&rsquo;importance d&rsquo;une bonne hygi\u00e8ne de vie notamment pour les diab\u00e9tiques et la promotion des mesures permettant de traiter et de pr\u00e9venir les principaux facteurs de risque du diab\u00e8te et ce afin de limiter la propagation de cette maladie&nbsp;\u00bb.&nbsp; Il a ainsi cit\u00e9, parmi des mesures, \u00ab&nbsp;la sensibilisation \u00e0 l&rsquo;importance d&rsquo;un suivi minutieux&nbsp;\u00bb de cette maladie \u00e0 travers le \u00ab&nbsp;renforcement de l&rsquo;auto-surveillance&nbsp;\u00bb du taux de glyc\u00e9mie et la consultation du m\u00e9decin traitant dans les plus brefs d\u00e9lais pour prendre les mesures correctives, d\u2019autant que le contr\u00f4le de la glyc\u00e9mie \u00ab&nbsp;peut aider \u00e0 \u00e9viter les complications du diab\u00e8te&nbsp;\u00bb, explique-t-il .L&rsquo;approche adopt\u00e9e par le minist\u00e8re s&rsquo;articule principalement, ajoute le ministre, sur la pr\u00e9vention pour \u00ab\u00a0permettre aux diab\u00e9tiques de b\u00e9n\u00e9ficier d&rsquo;une sensibilisation constante pour comprendre leur cas et prendre soin de leur sant\u00e9 au quotidien, ce qui leur \u00e9vitera les complications li\u00e9es \u00e0 la maladie\u00a0\u00bb.<\/p>\n\n\n\n<p>Il a rappel\u00e9 les activit\u00e9s de sensibilisation programm\u00e9es par le minist\u00e8re \u00e0 travers \u00ab\u00a0la mobilisation de 3 cliniques mobiles \u00e0 Alger qui sillonneront le territoire national tout au long de l&rsquo;ann\u00e9e, en sus d&rsquo;autres campagnes au niveau local men\u00e9es par les directions de la Sant\u00e9 en coordination avec la soci\u00e9t\u00e9 civile\u00a0\u00bb.<\/p>\n\n\n\n<p>Le nombre de diab\u00e9tiques en Alg\u00e9rie, selon les donn\u00e9es du minist\u00e8re de la sant\u00e9, est d&rsquo;environ 15% de la population \u00e2g\u00e9e de 18 ans et plus, soit pr\u00e8s de 2,8 millions de patients. Si des mesures pr\u00e9ventives ne sont pas prises, ce nombre pourrait atteindre 5 millions de diab\u00e9tiques d&rsquo;ici 2030, pr\u00e9cise la m\u00eame source.Selon les estimations de la F\u00e9d\u00e9ration internationale du diab\u00e8te, le nombre de personnes atteintes de cette maladie dans le monde est de 537 millions, dont environ la moiti\u00e9 ignorent leur maladie, \u00e9tant une maladie \u00ab\u00a0silencieuse\u00a0\u00bb. Ce chiffre devrait atteindre 622 millions de personnes d&rsquo;ici 2030. Un million d&rsquo;enfants et d&rsquo;adolescents souffrent du diab\u00e8te de type 1.En Afrique, l&rsquo;on d\u00e9nombre plus de 24 millions de diab\u00e9tiques, un chiffre qui risque d&rsquo;atteindre les 47 millions d&rsquo;ici 2030, soit une augmentation de 145 %.Les diab\u00e9tiques \u00e9taient les plus \u00e0 risque de d\u00e9velopper des complications li\u00e9es \u00e0 la Covid-19.<\/p>\n\n\n\n<p><strong>Hocine Fadheli<\/strong><\/p>\n","protected":false},"excerpt":{"rendered":"<p>Les patients atteints du diab\u00e8te sont aujourd\u2019hui nombre de 2,5 millions en Alg\u00e9rie. Ce qui refl\u00e8te une forte pr\u00e9valence de<\/p>\n","protected":false},"author":3,"featured_media":30760,"comment_status":"open","ping_status":"closed","sticky":false,"template":"","format":"standard","meta":{"colormag_page_container_layout":"default_layout","colormag_page_sidebar_layout":"default_layout","om_disable_all_campaigns":false,"_monsterinsights_skip_tracking":false,"_monsterinsights_sitenote_active":false,"_monsterinsights_sitenote_note":"","_monsterinsights_sitenote_category":0,"footnotes":"","_wpscppro_dont_share_socialmedia":false,"_wpscppro_custom_social_share_image":0,"_facebook_share_type":"","_twitter_share_type":"","_linkedin_share_type":"","_pinterest_share_type":"","_linkedin_share_type_page":"","_instagram_share_type":"","_medium_share_type":"","_threads_share_type":"","_google_business_share_type":"","_selected_social_profile":[],"_wpsp_enable_custom_social_template":false,"_wpsp_social_scheduling":{"enabled":false,"datetime":null,"platforms":[],"status":"template_only","dateOption":"today","timeOption":"now","customDays":"","customHours":"","customDate":"","customTime":"","schedulingType":"absolute"},"_wpsp_active_default_template":true},"categories":[27],"tags":[],"class_list":["post-30754","post","type-post","status-publish","format-standard","has-post-thumbnail","hentry","category-actualite"],"aioseo_notices":[],"yoast_head":"<!-- This site is optimized with the Yoast SEO plugin v27.5 - https:\/\/yoast.com\/product\/yoast-seo-wordpress\/ -->\n<title>Lutte contre le diab\u00e8te\u00a0: Le minist\u00e8re de la Sant\u00e9 mise sur la sensibilisation - La Sentinelle<\/title>\n<meta name=\"robots\" content=\"index, follow, max-snippet:-1, max-image-preview:large, max-video-preview:-1\" \/>\n<link rel=\"canonical\" href=\"https:\/\/lasentinelle.dz\/index.php\/2022\/11\/14\/lutte-contre-le-diabete-le-ministere-de-la-sante-mise-sur-la-sensibilisation\/\" \/>\n<meta property=\"og:locale\" content=\"fr_FR\" \/>\n<meta property=\"og:type\" content=\"article\" \/>\n<meta property=\"og:title\" content=\"Lutte contre le diab\u00e8te\u00a0: Le minist\u00e8re de la Sant\u00e9 mise sur la sensibilisation - La Sentinelle\" \/>\n<meta property=\"og:description\" content=\"Les patients atteints du diab\u00e8te sont aujourd\u2019hui nombre de 2,5 millions en Alg\u00e9rie. Ce qui refl\u00e8te une forte pr\u00e9valence de\" \/>\n<meta property=\"og:url\" content=\"https:\/\/lasentinelle.dz\/index.php\/2022\/11\/14\/lutte-contre-le-diabete-le-ministere-de-la-sante-mise-sur-la-sensibilisation\/\" \/>\n<meta property=\"og:site_name\" content=\"La Sentinelle\" \/>\n<meta property=\"article:publisher\" content=\"https:\/\/www.facebook.com\/La-Sentinelle-104059864394773\" \/>\n<meta property=\"article:published_time\" content=\"2022-11-14T21:05:00+00:00\" \/>\n<meta property=\"og:image\" content=\"https:\/\/lasentinelle.dz\/wp-content\/uploads\/2022\/11\/Sans-titre-7-1.png\" \/>\n\t<meta property=\"og:image:width\" content=\"1427\" \/>\n\t<meta property=\"og:image:height\" content=\"900\" \/>\n\t<meta property=\"og:image:type\" content=\"image\/png\" \/>\n<meta name=\"author\" content=\"La Sentinelle\" \/>\n<meta name=\"twitter:card\" content=\"summary_large_image\" \/>\n<meta name=\"twitter:label1\" content=\"\u00c9crit par\" \/>\n\t<meta name=\"twitter:data1\" content=\"La Sentinelle\" \/>\n\t<meta name=\"twitter:label2\" content=\"Dur\u00e9e de lecture estim\u00e9e\" \/>\n\t<meta name=\"twitter:data2\" content=\"3 minutes\" \/>\n<script type=\"application\/ld+json\" class=\"yoast-schema-graph\">{\"@context\":\"https:\\\/\\\/schema.org\",\"@graph\":[{\"@type\":\"Article\",\"@id\":\"https:\\\/\\\/lasentinelle.dz\\\/index.php\\\/2022\\\/11\\\/14\\\/lutte-contre-le-diabete-le-ministere-de-la-sante-mise-sur-la-sensibilisation\\\/#article\",\"isPartOf\":{\"@id\":\"https:\\\/\\\/lasentinelle.dz\\\/index.php\\\/2022\\\/11\\\/14\\\/lutte-contre-le-diabete-le-ministere-de-la-sante-mise-sur-la-sensibilisation\\\/\"},\"author\":{\"name\":\"La Sentinelle\",\"@id\":\"https:\\\/\\\/lasentinelle.dz\\\/#\\\/schema\\\/person\\\/d865044e22e70a75174ce8bcad3acfb3\"},\"headline\":\"Lutte contre le diab\u00e8te\u00a0: Le minist\u00e8re de la Sant\u00e9 mise sur la sensibilisation\",\"datePublished\":\"2022-11-14T21:05:00+00:00\",\"mainEntityOfPage\":{\"@id\":\"https:\\\/\\\/lasentinelle.dz\\\/index.php\\\/2022\\\/11\\\/14\\\/lutte-contre-le-diabete-le-ministere-de-la-sante-mise-sur-la-sensibilisation\\\/\"},\"wordCount\":542,\"commentCount\":0,\"publisher\":{\"@id\":\"https:\\\/\\\/lasentinelle.dz\\\/#organization\"},\"image\":{\"@id\":\"https:\\\/\\\/lasentinelle.dz\\\/index.php\\\/2022\\\/11\\\/14\\\/lutte-contre-le-diabete-le-ministere-de-la-sante-mise-sur-la-sensibilisation\\\/#primaryimage\"},\"thumbnailUrl\":\"https:\\\/\\\/lasentinelle.dz\\\/wp-content\\\/uploads\\\/2022\\\/11\\\/Sans-titre-7-1.png\",\"articleSection\":[\"Actualit\u00e9\"],\"inLanguage\":\"fr-FR\",\"potentialAction\":[{\"@type\":\"CommentAction\",\"name\":\"Comment\",\"target\":[\"https:\\\/\\\/lasentinelle.dz\\\/index.php\\\/2022\\\/11\\\/14\\\/lutte-contre-le-diabete-le-ministere-de-la-sante-mise-sur-la-sensibilisation\\\/#respond\"]}]},{\"@type\":\"WebPage\",\"@id\":\"https:\\\/\\\/lasentinelle.dz\\\/index.php\\\/2022\\\/11\\\/14\\\/lutte-contre-le-diabete-le-ministere-de-la-sante-mise-sur-la-sensibilisation\\\/\",\"url\":\"https:\\\/\\\/lasentinelle.dz\\\/index.php\\\/2022\\\/11\\\/14\\\/lutte-contre-le-diabete-le-ministere-de-la-sante-mise-sur-la-sensibilisation\\\/\",\"name\":\"Lutte contre le diab\u00e8te\u00a0: Le minist\u00e8re de la Sant\u00e9 mise sur la sensibilisation - La Sentinelle\",\"isPartOf\":{\"@id\":\"https:\\\/\\\/lasentinelle.dz\\\/#website\"},\"primaryImageOfPage\":{\"@id\":\"https:\\\/\\\/lasentinelle.dz\\\/index.php\\\/2022\\\/11\\\/14\\\/lutte-contre-le-diabete-le-ministere-de-la-sante-mise-sur-la-sensibilisation\\\/#primaryimage\"},\"image\":{\"@id\":\"https:\\\/\\\/lasentinelle.dz\\\/index.php\\\/2022\\\/11\\\/14\\\/lutte-contre-le-diabete-le-ministere-de-la-sante-mise-sur-la-sensibilisation\\\/#primaryimage\"},\"thumbnailUrl\":\"https:\\\/\\\/lasentinelle.dz\\\/wp-content\\\/uploads\\\/2022\\\/11\\\/Sans-titre-7-1.png\",\"datePublished\":\"2022-11-14T21:05:00+00:00\",\"breadcrumb\":{\"@id\":\"https:\\\/\\\/lasentinelle.dz\\\/index.php\\\/2022\\\/11\\\/14\\\/lutte-contre-le-diabete-le-ministere-de-la-sante-mise-sur-la-sensibilisation\\\/#breadcrumb\"},\"inLanguage\":\"fr-FR\",\"potentialAction\":[{\"@type\":\"ReadAction\",\"target\":[\"https:\\\/\\\/lasentinelle.dz\\\/index.php\\\/2022\\\/11\\\/14\\\/lutte-contre-le-diabete-le-ministere-de-la-sante-mise-sur-la-sensibilisation\\\/\"]}]},{\"@type\":\"ImageObject\",\"inLanguage\":\"fr-FR\",\"@id\":\"https:\\\/\\\/lasentinelle.dz\\\/index.php\\\/2022\\\/11\\\/14\\\/lutte-contre-le-diabete-le-ministere-de-la-sante-mise-sur-la-sensibilisation\\\/#primaryimage\",\"url\":\"https:\\\/\\\/lasentinelle.dz\\\/wp-content\\\/uploads\\\/2022\\\/11\\\/Sans-titre-7-1.png\",\"contentUrl\":\"https:\\\/\\\/lasentinelle.dz\\\/wp-content\\\/uploads\\\/2022\\\/11\\\/Sans-titre-7-1.png\",\"width\":1427,\"height\":900},{\"@type\":\"BreadcrumbList\",\"@id\":\"https:\\\/\\\/lasentinelle.dz\\\/index.php\\\/2022\\\/11\\\/14\\\/lutte-contre-le-diabete-le-ministere-de-la-sante-mise-sur-la-sensibilisation\\\/#breadcrumb\",\"itemListElement\":[{\"@type\":\"ListItem\",\"position\":1,\"name\":\"Accueil\",\"item\":\"https:\\\/\\\/lasentinelle.dz\\\/\"},{\"@type\":\"ListItem\",\"position\":2,\"name\":\"Lutte contre le diab\u00e8te\u00a0: Le minist\u00e8re de la Sant\u00e9 mise sur la sensibilisation\"}]},{\"@type\":\"WebSite\",\"@id\":\"https:\\\/\\\/lasentinelle.dz\\\/#website\",\"url\":\"https:\\\/\\\/lasentinelle.dz\\\/\",\"name\":\"La Sentinelle\",\"description\":\"Quotidien national d&#039;information\",\"publisher\":{\"@id\":\"https:\\\/\\\/lasentinelle.dz\\\/#organization\"},\"potentialAction\":[{\"@type\":\"SearchAction\",\"target\":{\"@type\":\"EntryPoint\",\"urlTemplate\":\"https:\\\/\\\/lasentinelle.dz\\\/?s={search_term_string}\"},\"query-input\":{\"@type\":\"PropertyValueSpecification\",\"valueRequired\":true,\"valueName\":\"search_term_string\"}}],\"inLanguage\":\"fr-FR\"},{\"@type\":\"Organization\",\"@id\":\"https:\\\/\\\/lasentinelle.dz\\\/#organization\",\"name\":\"Quotidien La Sentinelle\",\"url\":\"https:\\\/\\\/lasentinelle.dz\\\/\",\"logo\":{\"@type\":\"ImageObject\",\"inLanguage\":\"fr-FR\",\"@id\":\"https:\\\/\\\/lasentinelle.dz\\\/#\\\/schema\\\/logo\\\/image\\\/\",\"url\":\"https:\\\/\\\/lasentinelle.dz\\\/wp-content\\\/uploads\\\/2021\\\/09\\\/logo-sentinelleSLOGAN-1.png\",\"contentUrl\":\"https:\\\/\\\/lasentinelle.dz\\\/wp-content\\\/uploads\\\/2021\\\/09\\\/logo-sentinelleSLOGAN-1.png\",\"width\":615,\"height\":142,\"caption\":\"Quotidien La Sentinelle\"},\"image\":{\"@id\":\"https:\\\/\\\/lasentinelle.dz\\\/#\\\/schema\\\/logo\\\/image\\\/\"},\"sameAs\":[\"https:\\\/\\\/www.facebook.com\\\/La-Sentinelle-104059864394773\"]},{\"@type\":\"Person\",\"@id\":\"https:\\\/\\\/lasentinelle.dz\\\/#\\\/schema\\\/person\\\/d865044e22e70a75174ce8bcad3acfb3\",\"name\":\"La Sentinelle\",\"image\":{\"@type\":\"ImageObject\",\"inLanguage\":\"fr-FR\",\"@id\":\"https:\\\/\\\/secure.gravatar.com\\\/avatar\\\/57de8e5d4b15d43fb361a71fbb36338450fe67865b528a43dd10ef7c51a20392?s=96&d=mm&r=g\",\"url\":\"https:\\\/\\\/secure.gravatar.com\\\/avatar\\\/57de8e5d4b15d43fb361a71fbb36338450fe67865b528a43dd10ef7c51a20392?s=96&d=mm&r=g\",\"contentUrl\":\"https:\\\/\\\/secure.gravatar.com\\\/avatar\\\/57de8e5d4b15d43fb361a71fbb36338450fe67865b528a43dd10ef7c51a20392?s=96&d=mm&r=g\",\"caption\":\"La Sentinelle\"},\"sameAs\":[\"http:\\\/\\\/www.lasentinelle.dz\"],\"url\":\"https:\\\/\\\/lasentinelle.dz\\\/author\\\/redaction\\\/\"}]}<\/script>\n<!-- \/ Yoast SEO plugin. -->","yoast_head_json":{"title":"Lutte contre le diab\u00e8te\u00a0: Le minist\u00e8re de la Sant\u00e9 mise sur la sensibilisation - La Sentinelle","robots":{"index":"index","follow":"follow","max-snippet":"max-snippet:-1","max-image-preview":"max-image-preview:large","max-video-preview":"max-video-preview:-1"},"canonical":"https:\/\/lasentinelle.dz\/index.php\/2022\/11\/14\/lutte-contre-le-diabete-le-ministere-de-la-sante-mise-sur-la-sensibilisation\/","og_locale":"fr_FR","og_type":"article","og_title":"Lutte contre le diab\u00e8te\u00a0: Le minist\u00e8re de la Sant\u00e9 mise sur la sensibilisation - La Sentinelle","og_description":"Les patients atteints du diab\u00e8te sont aujourd\u2019hui nombre de 2,5 millions en Alg\u00e9rie. Ce qui refl\u00e8te une forte pr\u00e9valence de","og_url":"https:\/\/lasentinelle.dz\/index.php\/2022\/11\/14\/lutte-contre-le-diabete-le-ministere-de-la-sante-mise-sur-la-sensibilisation\/","og_site_name":"La Sentinelle","article_publisher":"https:\/\/www.facebook.com\/La-Sentinelle-104059864394773","article_published_time":"2022-11-14T21:05:00+00:00","og_image":[{"width":1427,"height":900,"url":"https:\/\/lasentinelle.dz\/wp-content\/uploads\/2022\/11\/Sans-titre-7-1.png","type":"image\/png"}],"author":"La Sentinelle","twitter_card":"summary_large_image","twitter_misc":{"\u00c9crit par":"La Sentinelle","Dur\u00e9e de lecture estim\u00e9e":"3 minutes"},"schema":{"@context":"https:\/\/schema.org","@graph":[{"@type":"Article","@id":"https:\/\/lasentinelle.dz\/index.php\/2022\/11\/14\/lutte-contre-le-diabete-le-ministere-de-la-sante-mise-sur-la-sensibilisation\/#article","isPartOf":{"@id":"https:\/\/lasentinelle.dz\/index.php\/2022\/11\/14\/lutte-contre-le-diabete-le-ministere-de-la-sante-mise-sur-la-sensibilisation\/"},"author":{"name":"La Sentinelle","@id":"https:\/\/lasentinelle.dz\/#\/schema\/person\/d865044e22e70a75174ce8bcad3acfb3"},"headline":"Lutte contre le diab\u00e8te\u00a0: Le minist\u00e8re de la Sant\u00e9 mise sur la sensibilisation","datePublished":"2022-11-14T21:05:00+00:00","mainEntityOfPage":{"@id":"https:\/\/lasentinelle.dz\/index.php\/2022\/11\/14\/lutte-contre-le-diabete-le-ministere-de-la-sante-mise-sur-la-sensibilisation\/"},"wordCount":542,"commentCount":0,"publisher":{"@id":"https:\/\/lasentinelle.dz\/#organization"},"image":{"@id":"https:\/\/lasentinelle.dz\/index.php\/2022\/11\/14\/lutte-contre-le-diabete-le-ministere-de-la-sante-mise-sur-la-sensibilisation\/#primaryimage"},"thumbnailUrl":"https:\/\/lasentinelle.dz\/wp-content\/uploads\/2022\/11\/Sans-titre-7-1.png","articleSection":["Actualit\u00e9"],"inLanguage":"fr-FR","potentialAction":[{"@type":"CommentAction","name":"Comment","target":["https:\/\/lasentinelle.dz\/index.php\/2022\/11\/14\/lutte-contre-le-diabete-le-ministere-de-la-sante-mise-sur-la-sensibilisation\/#respond"]}]},{"@type":"WebPage","@id":"https:\/\/lasentinelle.dz\/index.php\/2022\/11\/14\/lutte-contre-le-diabete-le-ministere-de-la-sante-mise-sur-la-sensibilisation\/","url":"https:\/\/lasentinelle.dz\/index.php\/2022\/11\/14\/lutte-contre-le-diabete-le-ministere-de-la-sante-mise-sur-la-sensibilisation\/","name":"Lutte contre le diab\u00e8te\u00a0: Le minist\u00e8re de la Sant\u00e9 mise sur la sensibilisation - La Sentinelle","isPartOf":{"@id":"https:\/\/lasentinelle.dz\/#website"},"primaryImageOfPage":{"@id":"https:\/\/lasentinelle.dz\/index.php\/2022\/11\/14\/lutte-contre-le-diabete-le-ministere-de-la-sante-mise-sur-la-sensibilisation\/#primaryimage"},"image":{"@id":"https:\/\/lasentinelle.dz\/index.php\/2022\/11\/14\/lutte-contre-le-diabete-le-ministere-de-la-sante-mise-sur-la-sensibilisation\/#primaryimage"},"thumbnailUrl":"https:\/\/lasentinelle.dz\/wp-content\/uploads\/2022\/11\/Sans-titre-7-1.png","datePublished":"2022-11-14T21:05:00+00:00","breadcrumb":{"@id":"https:\/\/lasentinelle.dz\/index.php\/2022\/11\/14\/lutte-contre-le-diabete-le-ministere-de-la-sante-mise-sur-la-sensibilisation\/#breadcrumb"},"inLanguage":"fr-FR","potentialAction":[{"@type":"ReadAction","target":["https:\/\/lasentinelle.dz\/index.php\/2022\/11\/14\/lutte-contre-le-diabete-le-ministere-de-la-sante-mise-sur-la-sensibilisation\/"]}]},{"@type":"ImageObject","inLanguage":"fr-FR","@id":"https:\/\/lasentinelle.dz\/index.php\/2022\/11\/14\/lutte-contre-le-diabete-le-ministere-de-la-sante-mise-sur-la-sensibilisation\/#primaryimage","url":"https:\/\/lasentinelle.dz\/wp-content\/uploads\/2022\/11\/Sans-titre-7-1.png","contentUrl":"https:\/\/lasentinelle.dz\/wp-content\/uploads\/2022\/11\/Sans-titre-7-1.png","width":1427,"height":900},{"@type":"BreadcrumbList","@id":"https:\/\/lasentinelle.dz\/index.php\/2022\/11\/14\/lutte-contre-le-diabete-le-ministere-de-la-sante-mise-sur-la-sensibilisation\/#breadcrumb","itemListElement":[{"@type":"ListItem","position":1,"name":"Accueil","item":"https:\/\/lasentinelle.dz\/"},{"@type":"ListItem","position":2,"name":"Lutte contre le diab\u00e8te\u00a0: Le minist\u00e8re de la Sant\u00e9 mise sur la sensibilisation"}]},{"@type":"WebSite","@id":"https:\/\/lasentinelle.dz\/#website","url":"https:\/\/lasentinelle.dz\/","name":"La Sentinelle","description":"Quotidien national d&#039;information","publisher":{"@id":"https:\/\/lasentinelle.dz\/#organization"},"potentialAction":[{"@type":"SearchAction","target":{"@type":"EntryPoint","urlTemplate":"https:\/\/lasentinelle.dz\/?s={search_term_string}"},"query-input":{"@type":"PropertyValueSpecification","valueRequired":true,"valueName":"search_term_string"}}],"inLanguage":"fr-FR"},{"@type":"Organization","@id":"https:\/\/lasentinelle.dz\/#organization","name":"Quotidien La Sentinelle","url":"https:\/\/lasentinelle.dz\/","logo":{"@type":"ImageObject","inLanguage":"fr-FR","@id":"https:\/\/lasentinelle.dz\/#\/schema\/logo\/image\/","url":"https:\/\/lasentinelle.dz\/wp-content\/uploads\/2021\/09\/logo-sentinelleSLOGAN-1.png","contentUrl":"https:\/\/lasentinelle.dz\/wp-content\/uploads\/2021\/09\/logo-sentinelleSLOGAN-1.png","width":615,"height":142,"caption":"Quotidien La Sentinelle"},"image":{"@id":"https:\/\/lasentinelle.dz\/#\/schema\/logo\/image\/"},"sameAs":["https:\/\/www.facebook.com\/La-Sentinelle-104059864394773"]},{"@type":"Person","@id":"https:\/\/lasentinelle.dz\/#\/schema\/person\/d865044e22e70a75174ce8bcad3acfb3","name":"La Sentinelle","image":{"@type":"ImageObject","inLanguage":"fr-FR","@id":"https:\/\/secure.gravatar.com\/avatar\/57de8e5d4b15d43fb361a71fbb36338450fe67865b528a43dd10ef7c51a20392?s=96&d=mm&r=g","url":"https:\/\/secure.gravatar.com\/avatar\/57de8e5d4b15d43fb361a71fbb36338450fe67865b528a43dd10ef7c51a20392?s=96&d=mm&r=g","contentUrl":"https:\/\/secure.gravatar.com\/avatar\/57de8e5d4b15d43fb361a71fbb36338450fe67865b528a43dd10ef7c51a20392?s=96&d=mm&r=g","caption":"La Sentinelle"},"sameAs":["http:\/\/www.lasentinelle.dz"],"url":"https:\/\/lasentinelle.dz\/author\/redaction\/"}]}},"_links":{"self":[{"href":"https:\/\/lasentinelle.dz\/index.php\/wp-json\/wp\/v2\/posts\/30754","targetHints":{"allow":["GET"]}}],"collection":[{"href":"https:\/\/lasentinelle.dz\/index.php\/wp-json\/wp\/v2\/posts"}],"about":[{"href":"https:\/\/lasentinelle.dz\/index.php\/wp-json\/wp\/v2\/types\/post"}],"author":[{"embeddable":true,"href":"https:\/\/lasentinelle.dz\/index.php\/wp-json\/wp\/v2\/users\/3"}],"replies":[{"embeddable":true,"href":"https:\/\/lasentinelle.dz\/index.php\/wp-json\/wp\/v2\/comments?post=30754"}],"version-history":[{"count":1,"href":"https:\/\/lasentinelle.dz\/index.php\/wp-json\/wp\/v2\/posts\/30754\/revisions"}],"predecessor-version":[{"id":30764,"href":"https:\/\/lasentinelle.dz\/index.php\/wp-json\/wp\/v2\/posts\/30754\/revisions\/30764"}],"wp:featuredmedia":[{"embeddable":true,"href":"https:\/\/lasentinelle.dz\/index.php\/wp-json\/wp\/v2\/media\/30760"}],"wp:attachment":[{"href":"https:\/\/lasentinelle.dz\/index.php\/wp-json\/wp\/v2\/media?parent=30754"}],"wp:term":[{"taxonomy":"category","embeddable":true,"href":"https:\/\/lasentinelle.dz\/index.php\/wp-json\/wp\/v2\/categories?post=30754"},{"taxonomy":"post_tag","embeddable":true,"href":"https:\/\/lasentinelle.dz\/index.php\/wp-json\/wp\/v2\/tags?post=30754"}],"curies":[{"name":"wp","href":"https:\/\/api.w.org\/{rel}","templated":true}]}}