{"id":30761,"date":"2022-11-14T22:05:00","date_gmt":"2022-11-14T21:05:00","guid":{"rendered":"https:\/\/lasentinelle.dz\/?p=30761"},"modified":"2022-11-14T20:36:00","modified_gmt":"2022-11-14T19:36:00","slug":"corruption-abdelmadjid-sidi-said-condamne-a-10-ans-de-prison-ferme","status":"publish","type":"post","link":"https:\/\/lasentinelle.dz\/index.php\/2022\/11\/14\/corruption-abdelmadjid-sidi-said-condamne-a-10-ans-de-prison-ferme\/","title":{"rendered":"Corruption\u00a0: Abdelmadjid Sidi Said condamn\u00e9 \u00e0 10 ans de prison ferme"},"content":{"rendered":"\n<p>Le p\u00f4le p\u00e9nal \u00e9conomique et financier pr\u00e8s le tribunal de Sidi M&rsquo;hamed (Alger), a condamn\u00e9, hier, l&rsquo;ex-Secr\u00e9taire g\u00e9n\u00e9ral de l&rsquo;Union g\u00e9n\u00e9rale des travailleurs alg\u00e9riens (UGTA), Abdelmadjid Sidi Said \u00e0 une peine de 10 ans de prison ferme assortie d&rsquo;une amende de 8 millions DA.Sidi Said et trois de ses fils sont poursuivis pour corruption, trafic d&rsquo;influence et blanchiment d&rsquo;argent.Le tribunal a condamn\u00e9, dans la m\u00eame affaire, Ramine Sidi Said \u00e0 une peine de 12 ans de prison ferme assortie d&rsquo;une amende de 8 millions DA et confort\u00e9 le mandat d&rsquo;arr\u00eat international \u00e9mis \u00e0 son encontre, alors que son fr\u00e8re Hanafi Sidi Said a \u00e9cop\u00e9 de la m\u00eame amende et de 5 ans de prison ferme. La m\u00eame amende a \u00e9t\u00e9 inflig\u00e9e \u00e0 son fr\u00e8re Djamil Sidi Said qui a \u00e9cop\u00e9 de 3 ans de prison ferme.L&rsquo;accus\u00e9 Sahnoun Mohamed Ghilas a \u00e9t\u00e9 condamn\u00e9 \u00e0 une peine de 3 ans de prison ferme assortie d&rsquo;une amende de 8 millions DA, tandis que l&rsquo;ancien directeur g\u00e9n\u00e9ral de l&rsquo;Office de promotion et de gestion immobili\u00e8re (OPGI) d&rsquo;Hussein Dey, Rehaimia Mohamed a \u00e9cop\u00e9 d&rsquo;un de prison ferme assorti d&rsquo;une amende de 200.000 DA.L&rsquo;ancien directeur g\u00e9n\u00e9ral de Mobilis, Chouader Ahmed a \u00e9t\u00e9 condamn\u00e9 \u00e0 deux ans de prison ferme, alors que le pr\u00e9sident du conseil d&rsquo;administration de la Mutuelle des travailleurs des industries p\u00e9troli\u00e8res, Abderrazak Hasbellaoui a \u00e9t\u00e9 condamn\u00e9 \u00e0 une peine d&rsquo;un an de prison avec sursis assorti d&rsquo;une amende de 100.000 DA. Le reste des accus\u00e9s ont \u00e9t\u00e9 acquitt\u00e9s.&nbsp; Le p\u00f4le financier et \u00e9conomique a prononc\u00e9 un jugement portant confiscation de tous les biens et revenus saisis dans le cadre de cette affaire. Pour rappel, parquet avait requis au bout du proc\u00e8s tenu la semaine derni\u00e8re une peine de 15 ans de prison ferme contre Abdelmadjid Sidi Sa\u00efd, assortie d\u2019une amende de 8 millions de DA ; une peine de 10 ans de prison ferme assortie d\u2019une amende de 8 millions de DA a \u00e9t\u00e9 requise contre son fils, Djamil, en d\u00e9tention, et 10 ans de prison ferme assortie d\u2019une amende de 8 millions de DA contre son deuxi\u00e8me fils, Hanafi.Le parquet a \u00e9galement requis une peine de 18 ans de prison ferme assortie d\u2019une amende de 8 millions de DA avec \u00e9mission d\u2019un mandat d\u2019arr\u00eat international \u00e0 l\u2019encontre de Ramine, le troisi\u00e8me fils de l\u2019ex-SG de la Centrale syndicale en fuite \u00e0 l\u2019\u00e9tranger.<\/p>\n\n\n\n<p><strong>Chokri H.<\/strong><\/p>\n","protected":false},"excerpt":{"rendered":"<p>Le p\u00f4le p\u00e9nal \u00e9conomique et financier pr\u00e8s le tribunal de Sidi M&rsquo;hamed (Alger), a condamn\u00e9, hier, l&rsquo;ex-Secr\u00e9taire g\u00e9n\u00e9ral de l&rsquo;Union<\/p>\n","protected":false},"author":3,"featured_media":21029,"comment_status":"open","ping_status":"closed","sticky":false,"template":"","format":"standard","meta":{"colormag_page_container_layout":"default_layout","colormag_page_sidebar_layout":"default_layout","om_disable_all_campaigns":false,"_monsterinsights_skip_tracking":false,"_monsterinsights_sitenote_active":false,"_monsterinsights_sitenote_note":"","_monsterinsights_sitenote_category":0,"footnotes":"","_wpscppro_dont_share_socialmedia":false,"_wpscppro_custom_social_share_image":0,"_facebook_share_type":"","_twitter_share_type":"","_linkedin_share_type":"","_pinterest_share_type":"","_linkedin_share_type_page":"","_instagram_share_type":"","_medium_share_type":"","_threads_share_type":"","_google_business_share_type":"","_selected_social_profile":[],"_wpsp_enable_custom_social_template":false,"_wpsp_social_scheduling":{"enabled":false,"datetime":null,"platforms":[],"status":"template_only","dateOption":"today","timeOption":"now","customDays":"","customHours":"","customDate":"","customTime":"","schedulingType":"absolute"},"_wpsp_active_default_template":true},"categories":[27],"tags":[],"class_list":["post-30761","post","type-post","status-publish","format-standard","has-post-thumbnail","hentry","category-actualite"],"aioseo_notices":[],"yoast_head":"<!-- This site is optimized with the Yoast SEO plugin v27.5 - https:\/\/yoast.com\/product\/yoast-seo-wordpress\/ -->\n<title>Corruption\u00a0: Abdelmadjid Sidi Said condamn\u00e9 \u00e0 10 ans de prison ferme - La Sentinelle<\/title>\n<meta name=\"robots\" content=\"index, follow, max-snippet:-1, max-image-preview:large, max-video-preview:-1\" \/>\n<link rel=\"canonical\" href=\"https:\/\/lasentinelle.dz\/index.php\/2022\/11\/14\/corruption-abdelmadjid-sidi-said-condamne-a-10-ans-de-prison-ferme\/\" \/>\n<meta property=\"og:locale\" content=\"fr_FR\" \/>\n<meta property=\"og:type\" content=\"article\" \/>\n<meta property=\"og:title\" content=\"Corruption\u00a0: Abdelmadjid Sidi Said condamn\u00e9 \u00e0 10 ans de prison ferme - La Sentinelle\" \/>\n<meta property=\"og:description\" content=\"Le p\u00f4le p\u00e9nal \u00e9conomique et financier pr\u00e8s le tribunal de Sidi M&rsquo;hamed (Alger), a condamn\u00e9, hier, l&rsquo;ex-Secr\u00e9taire g\u00e9n\u00e9ral de l&rsquo;Union\" \/>\n<meta property=\"og:url\" content=\"https:\/\/lasentinelle.dz\/index.php\/2022\/11\/14\/corruption-abdelmadjid-sidi-said-condamne-a-10-ans-de-prison-ferme\/\" \/>\n<meta property=\"og:site_name\" content=\"La Sentinelle\" \/>\n<meta property=\"article:publisher\" content=\"https:\/\/www.facebook.com\/La-Sentinelle-104059864394773\" \/>\n<meta property=\"article:published_time\" content=\"2022-11-14T21:05:00+00:00\" \/>\n<meta property=\"og:image\" content=\"https:\/\/lasentinelle.dz\/wp-content\/uploads\/2022\/05\/Sidi-Said.png\" \/>\n\t<meta property=\"og:image:width\" content=\"1357\" \/>\n\t<meta property=\"og:image:height\" content=\"900\" \/>\n\t<meta property=\"og:image:type\" content=\"image\/png\" \/>\n<meta name=\"author\" content=\"La Sentinelle\" \/>\n<meta name=\"twitter:card\" content=\"summary_large_image\" \/>\n<meta name=\"twitter:label1\" content=\"\u00c9crit par\" \/>\n\t<meta name=\"twitter:data1\" content=\"La Sentinelle\" \/>\n\t<meta name=\"twitter:label2\" content=\"Dur\u00e9e de lecture estim\u00e9e\" \/>\n\t<meta name=\"twitter:data2\" content=\"3 minutes\" \/>\n<script type=\"application\/ld+json\" class=\"yoast-schema-graph\">{\"@context\":\"https:\\\/\\\/schema.org\",\"@graph\":[{\"@type\":\"Article\",\"@id\":\"https:\\\/\\\/lasentinelle.dz\\\/index.php\\\/2022\\\/11\\\/14\\\/corruption-abdelmadjid-sidi-said-condamne-a-10-ans-de-prison-ferme\\\/#article\",\"isPartOf\":{\"@id\":\"https:\\\/\\\/lasentinelle.dz\\\/index.php\\\/2022\\\/11\\\/14\\\/corruption-abdelmadjid-sidi-said-condamne-a-10-ans-de-prison-ferme\\\/\"},\"author\":{\"name\":\"La Sentinelle\",\"@id\":\"https:\\\/\\\/lasentinelle.dz\\\/#\\\/schema\\\/person\\\/d865044e22e70a75174ce8bcad3acfb3\"},\"headline\":\"Corruption\u00a0: Abdelmadjid Sidi Said condamn\u00e9 \u00e0 10 ans de prison ferme\",\"datePublished\":\"2022-11-14T21:05:00+00:00\",\"mainEntityOfPage\":{\"@id\":\"https:\\\/\\\/lasentinelle.dz\\\/index.php\\\/2022\\\/11\\\/14\\\/corruption-abdelmadjid-sidi-said-condamne-a-10-ans-de-prison-ferme\\\/\"},\"wordCount\":441,\"commentCount\":0,\"publisher\":{\"@id\":\"https:\\\/\\\/lasentinelle.dz\\\/#organization\"},\"image\":{\"@id\":\"https:\\\/\\\/lasentinelle.dz\\\/index.php\\\/2022\\\/11\\\/14\\\/corruption-abdelmadjid-sidi-said-condamne-a-10-ans-de-prison-ferme\\\/#primaryimage\"},\"thumbnailUrl\":\"https:\\\/\\\/lasentinelle.dz\\\/wp-content\\\/uploads\\\/2022\\\/05\\\/Sidi-Said.png\",\"articleSection\":[\"Actualit\u00e9\"],\"inLanguage\":\"fr-FR\",\"potentialAction\":[{\"@type\":\"CommentAction\",\"name\":\"Comment\",\"target\":[\"https:\\\/\\\/lasentinelle.dz\\\/index.php\\\/2022\\\/11\\\/14\\\/corruption-abdelmadjid-sidi-said-condamne-a-10-ans-de-prison-ferme\\\/#respond\"]}]},{\"@type\":\"WebPage\",\"@id\":\"https:\\\/\\\/lasentinelle.dz\\\/index.php\\\/2022\\\/11\\\/14\\\/corruption-abdelmadjid-sidi-said-condamne-a-10-ans-de-prison-ferme\\\/\",\"url\":\"https:\\\/\\\/lasentinelle.dz\\\/index.php\\\/2022\\\/11\\\/14\\\/corruption-abdelmadjid-sidi-said-condamne-a-10-ans-de-prison-ferme\\\/\",\"name\":\"Corruption\u00a0: Abdelmadjid Sidi Said condamn\u00e9 \u00e0 10 ans de prison ferme - La Sentinelle\",\"isPartOf\":{\"@id\":\"https:\\\/\\\/lasentinelle.dz\\\/#website\"},\"primaryImageOfPage\":{\"@id\":\"https:\\\/\\\/lasentinelle.dz\\\/index.php\\\/2022\\\/11\\\/14\\\/corruption-abdelmadjid-sidi-said-condamne-a-10-ans-de-prison-ferme\\\/#primaryimage\"},\"image\":{\"@id\":\"https:\\\/\\\/lasentinelle.dz\\\/index.php\\\/2022\\\/11\\\/14\\\/corruption-abdelmadjid-sidi-said-condamne-a-10-ans-de-prison-ferme\\\/#primaryimage\"},\"thumbnailUrl\":\"https:\\\/\\\/lasentinelle.dz\\\/wp-content\\\/uploads\\\/2022\\\/05\\\/Sidi-Said.png\",\"datePublished\":\"2022-11-14T21:05:00+00:00\",\"breadcrumb\":{\"@id\":\"https:\\\/\\\/lasentinelle.dz\\\/index.php\\\/2022\\\/11\\\/14\\\/corruption-abdelmadjid-sidi-said-condamne-a-10-ans-de-prison-ferme\\\/#breadcrumb\"},\"inLanguage\":\"fr-FR\",\"potentialAction\":[{\"@type\":\"ReadAction\",\"target\":[\"https:\\\/\\\/lasentinelle.dz\\\/index.php\\\/2022\\\/11\\\/14\\\/corruption-abdelmadjid-sidi-said-condamne-a-10-ans-de-prison-ferme\\\/\"]}]},{\"@type\":\"ImageObject\",\"inLanguage\":\"fr-FR\",\"@id\":\"https:\\\/\\\/lasentinelle.dz\\\/index.php\\\/2022\\\/11\\\/14\\\/corruption-abdelmadjid-sidi-said-condamne-a-10-ans-de-prison-ferme\\\/#primaryimage\",\"url\":\"https:\\\/\\\/lasentinelle.dz\\\/wp-content\\\/uploads\\\/2022\\\/05\\\/Sidi-Said.png\",\"contentUrl\":\"https:\\\/\\\/lasentinelle.dz\\\/wp-content\\\/uploads\\\/2022\\\/05\\\/Sidi-Said.png\",\"width\":1357,\"height\":900},{\"@type\":\"BreadcrumbList\",\"@id\":\"https:\\\/\\\/lasentinelle.dz\\\/index.php\\\/2022\\\/11\\\/14\\\/corruption-abdelmadjid-sidi-said-condamne-a-10-ans-de-prison-ferme\\\/#breadcrumb\",\"itemListElement\":[{\"@type\":\"ListItem\",\"position\":1,\"name\":\"Accueil\",\"item\":\"https:\\\/\\\/lasentinelle.dz\\\/\"},{\"@type\":\"ListItem\",\"position\":2,\"name\":\"Corruption\u00a0: Abdelmadjid Sidi Said condamn\u00e9 \u00e0 10 ans de prison ferme\"}]},{\"@type\":\"WebSite\",\"@id\":\"https:\\\/\\\/lasentinelle.dz\\\/#website\",\"url\":\"https:\\\/\\\/lasentinelle.dz\\\/\",\"name\":\"La Sentinelle\",\"description\":\"Quotidien national d&#039;information\",\"publisher\":{\"@id\":\"https:\\\/\\\/lasentinelle.dz\\\/#organization\"},\"potentialAction\":[{\"@type\":\"SearchAction\",\"target\":{\"@type\":\"EntryPoint\",\"urlTemplate\":\"https:\\\/\\\/lasentinelle.dz\\\/?s={search_term_string}\"},\"query-input\":{\"@type\":\"PropertyValueSpecification\",\"valueRequired\":true,\"valueName\":\"search_term_string\"}}],\"inLanguage\":\"fr-FR\"},{\"@type\":\"Organization\",\"@id\":\"https:\\\/\\\/lasentinelle.dz\\\/#organization\",\"name\":\"Quotidien La Sentinelle\",\"url\":\"https:\\\/\\\/lasentinelle.dz\\\/\",\"logo\":{\"@type\":\"ImageObject\",\"inLanguage\":\"fr-FR\",\"@id\":\"https:\\\/\\\/lasentinelle.dz\\\/#\\\/schema\\\/logo\\\/image\\\/\",\"url\":\"https:\\\/\\\/lasentinelle.dz\\\/wp-content\\\/uploads\\\/2021\\\/09\\\/logo-sentinelleSLOGAN-1.png\",\"contentUrl\":\"https:\\\/\\\/lasentinelle.dz\\\/wp-content\\\/uploads\\\/2021\\\/09\\\/logo-sentinelleSLOGAN-1.png\",\"width\":615,\"height\":142,\"caption\":\"Quotidien La Sentinelle\"},\"image\":{\"@id\":\"https:\\\/\\\/lasentinelle.dz\\\/#\\\/schema\\\/logo\\\/image\\\/\"},\"sameAs\":[\"https:\\\/\\\/www.facebook.com\\\/La-Sentinelle-104059864394773\"]},{\"@type\":\"Person\",\"@id\":\"https:\\\/\\\/lasentinelle.dz\\\/#\\\/schema\\\/person\\\/d865044e22e70a75174ce8bcad3acfb3\",\"name\":\"La Sentinelle\",\"image\":{\"@type\":\"ImageObject\",\"inLanguage\":\"fr-FR\",\"@id\":\"https:\\\/\\\/secure.gravatar.com\\\/avatar\\\/57de8e5d4b15d43fb361a71fbb36338450fe67865b528a43dd10ef7c51a20392?s=96&d=mm&r=g\",\"url\":\"https:\\\/\\\/secure.gravatar.com\\\/avatar\\\/57de8e5d4b15d43fb361a71fbb36338450fe67865b528a43dd10ef7c51a20392?s=96&d=mm&r=g\",\"contentUrl\":\"https:\\\/\\\/secure.gravatar.com\\\/avatar\\\/57de8e5d4b15d43fb361a71fbb36338450fe67865b528a43dd10ef7c51a20392?s=96&d=mm&r=g\",\"caption\":\"La Sentinelle\"},\"sameAs\":[\"http:\\\/\\\/www.lasentinelle.dz\"],\"url\":\"https:\\\/\\\/lasentinelle.dz\\\/author\\\/redaction\\\/\"}]}<\/script>\n<!-- \/ Yoast SEO plugin. -->","yoast_head_json":{"title":"Corruption\u00a0: Abdelmadjid Sidi Said condamn\u00e9 \u00e0 10 ans de prison ferme - La Sentinelle","robots":{"index":"index","follow":"follow","max-snippet":"max-snippet:-1","max-image-preview":"max-image-preview:large","max-video-preview":"max-video-preview:-1"},"canonical":"https:\/\/lasentinelle.dz\/index.php\/2022\/11\/14\/corruption-abdelmadjid-sidi-said-condamne-a-10-ans-de-prison-ferme\/","og_locale":"fr_FR","og_type":"article","og_title":"Corruption\u00a0: Abdelmadjid Sidi Said condamn\u00e9 \u00e0 10 ans de prison ferme - La Sentinelle","og_description":"Le p\u00f4le p\u00e9nal \u00e9conomique et financier pr\u00e8s le tribunal de Sidi M&rsquo;hamed (Alger), a condamn\u00e9, hier, l&rsquo;ex-Secr\u00e9taire g\u00e9n\u00e9ral de l&rsquo;Union","og_url":"https:\/\/lasentinelle.dz\/index.php\/2022\/11\/14\/corruption-abdelmadjid-sidi-said-condamne-a-10-ans-de-prison-ferme\/","og_site_name":"La Sentinelle","article_publisher":"https:\/\/www.facebook.com\/La-Sentinelle-104059864394773","article_published_time":"2022-11-14T21:05:00+00:00","og_image":[{"width":1357,"height":900,"url":"https:\/\/lasentinelle.dz\/wp-content\/uploads\/2022\/05\/Sidi-Said.png","type":"image\/png"}],"author":"La Sentinelle","twitter_card":"summary_large_image","twitter_misc":{"\u00c9crit par":"La Sentinelle","Dur\u00e9e de lecture estim\u00e9e":"3 minutes"},"schema":{"@context":"https:\/\/schema.org","@graph":[{"@type":"Article","@id":"https:\/\/lasentinelle.dz\/index.php\/2022\/11\/14\/corruption-abdelmadjid-sidi-said-condamne-a-10-ans-de-prison-ferme\/#article","isPartOf":{"@id":"https:\/\/lasentinelle.dz\/index.php\/2022\/11\/14\/corruption-abdelmadjid-sidi-said-condamne-a-10-ans-de-prison-ferme\/"},"author":{"name":"La Sentinelle","@id":"https:\/\/lasentinelle.dz\/#\/schema\/person\/d865044e22e70a75174ce8bcad3acfb3"},"headline":"Corruption\u00a0: Abdelmadjid Sidi Said condamn\u00e9 \u00e0 10 ans de prison ferme","datePublished":"2022-11-14T21:05:00+00:00","mainEntityOfPage":{"@id":"https:\/\/lasentinelle.dz\/index.php\/2022\/11\/14\/corruption-abdelmadjid-sidi-said-condamne-a-10-ans-de-prison-ferme\/"},"wordCount":441,"commentCount":0,"publisher":{"@id":"https:\/\/lasentinelle.dz\/#organization"},"image":{"@id":"https:\/\/lasentinelle.dz\/index.php\/2022\/11\/14\/corruption-abdelmadjid-sidi-said-condamne-a-10-ans-de-prison-ferme\/#primaryimage"},"thumbnailUrl":"https:\/\/lasentinelle.dz\/wp-content\/uploads\/2022\/05\/Sidi-Said.png","articleSection":["Actualit\u00e9"],"inLanguage":"fr-FR","potentialAction":[{"@type":"CommentAction","name":"Comment","target":["https:\/\/lasentinelle.dz\/index.php\/2022\/11\/14\/corruption-abdelmadjid-sidi-said-condamne-a-10-ans-de-prison-ferme\/#respond"]}]},{"@type":"WebPage","@id":"https:\/\/lasentinelle.dz\/index.php\/2022\/11\/14\/corruption-abdelmadjid-sidi-said-condamne-a-10-ans-de-prison-ferme\/","url":"https:\/\/lasentinelle.dz\/index.php\/2022\/11\/14\/corruption-abdelmadjid-sidi-said-condamne-a-10-ans-de-prison-ferme\/","name":"Corruption\u00a0: Abdelmadjid Sidi Said condamn\u00e9 \u00e0 10 ans de prison ferme - La Sentinelle","isPartOf":{"@id":"https:\/\/lasentinelle.dz\/#website"},"primaryImageOfPage":{"@id":"https:\/\/lasentinelle.dz\/index.php\/2022\/11\/14\/corruption-abdelmadjid-sidi-said-condamne-a-10-ans-de-prison-ferme\/#primaryimage"},"image":{"@id":"https:\/\/lasentinelle.dz\/index.php\/2022\/11\/14\/corruption-abdelmadjid-sidi-said-condamne-a-10-ans-de-prison-ferme\/#primaryimage"},"thumbnailUrl":"https:\/\/lasentinelle.dz\/wp-content\/uploads\/2022\/05\/Sidi-Said.png","datePublished":"2022-11-14T21:05:00+00:00","breadcrumb":{"@id":"https:\/\/lasentinelle.dz\/index.php\/2022\/11\/14\/corruption-abdelmadjid-sidi-said-condamne-a-10-ans-de-prison-ferme\/#breadcrumb"},"inLanguage":"fr-FR","potentialAction":[{"@type":"ReadAction","target":["https:\/\/lasentinelle.dz\/index.php\/2022\/11\/14\/corruption-abdelmadjid-sidi-said-condamne-a-10-ans-de-prison-ferme\/"]}]},{"@type":"ImageObject","inLanguage":"fr-FR","@id":"https:\/\/lasentinelle.dz\/index.php\/2022\/11\/14\/corruption-abdelmadjid-sidi-said-condamne-a-10-ans-de-prison-ferme\/#primaryimage","url":"https:\/\/lasentinelle.dz\/wp-content\/uploads\/2022\/05\/Sidi-Said.png","contentUrl":"https:\/\/lasentinelle.dz\/wp-content\/uploads\/2022\/05\/Sidi-Said.png","width":1357,"height":900},{"@type":"BreadcrumbList","@id":"https:\/\/lasentinelle.dz\/index.php\/2022\/11\/14\/corruption-abdelmadjid-sidi-said-condamne-a-10-ans-de-prison-ferme\/#breadcrumb","itemListElement":[{"@type":"ListItem","position":1,"name":"Accueil","item":"https:\/\/lasentinelle.dz\/"},{"@type":"ListItem","position":2,"name":"Corruption\u00a0: Abdelmadjid Sidi Said condamn\u00e9 \u00e0 10 ans de prison ferme"}]},{"@type":"WebSite","@id":"https:\/\/lasentinelle.dz\/#website","url":"https:\/\/lasentinelle.dz\/","name":"La Sentinelle","description":"Quotidien national d&#039;information","publisher":{"@id":"https:\/\/lasentinelle.dz\/#organization"},"potentialAction":[{"@type":"SearchAction","target":{"@type":"EntryPoint","urlTemplate":"https:\/\/lasentinelle.dz\/?s={search_term_string}"},"query-input":{"@type":"PropertyValueSpecification","valueRequired":true,"valueName":"search_term_string"}}],"inLanguage":"fr-FR"},{"@type":"Organization","@id":"https:\/\/lasentinelle.dz\/#organization","name":"Quotidien La Sentinelle","url":"https:\/\/lasentinelle.dz\/","logo":{"@type":"ImageObject","inLanguage":"fr-FR","@id":"https:\/\/lasentinelle.dz\/#\/schema\/logo\/image\/","url":"https:\/\/lasentinelle.dz\/wp-content\/uploads\/2021\/09\/logo-sentinelleSLOGAN-1.png","contentUrl":"https:\/\/lasentinelle.dz\/wp-content\/uploads\/2021\/09\/logo-sentinelleSLOGAN-1.png","width":615,"height":142,"caption":"Quotidien La Sentinelle"},"image":{"@id":"https:\/\/lasentinelle.dz\/#\/schema\/logo\/image\/"},"sameAs":["https:\/\/www.facebook.com\/La-Sentinelle-104059864394773"]},{"@type":"Person","@id":"https:\/\/lasentinelle.dz\/#\/schema\/person\/d865044e22e70a75174ce8bcad3acfb3","name":"La Sentinelle","image":{"@type":"ImageObject","inLanguage":"fr-FR","@id":"https:\/\/secure.gravatar.com\/avatar\/57de8e5d4b15d43fb361a71fbb36338450fe67865b528a43dd10ef7c51a20392?s=96&d=mm&r=g","url":"https:\/\/secure.gravatar.com\/avatar\/57de8e5d4b15d43fb361a71fbb36338450fe67865b528a43dd10ef7c51a20392?s=96&d=mm&r=g","contentUrl":"https:\/\/secure.gravatar.com\/avatar\/57de8e5d4b15d43fb361a71fbb36338450fe67865b528a43dd10ef7c51a20392?s=96&d=mm&r=g","caption":"La Sentinelle"},"sameAs":["http:\/\/www.lasentinelle.dz"],"url":"https:\/\/lasentinelle.dz\/author\/redaction\/"}]}},"_links":{"self":[{"href":"https:\/\/lasentinelle.dz\/index.php\/wp-json\/wp\/v2\/posts\/30761","targetHints":{"allow":["GET"]}}],"collection":[{"href":"https:\/\/lasentinelle.dz\/index.php\/wp-json\/wp\/v2\/posts"}],"about":[{"href":"https:\/\/lasentinelle.dz\/index.php\/wp-json\/wp\/v2\/types\/post"}],"author":[{"embeddable":true,"href":"https:\/\/lasentinelle.dz\/index.php\/wp-json\/wp\/v2\/users\/3"}],"replies":[{"embeddable":true,"href":"https:\/\/lasentinelle.dz\/index.php\/wp-json\/wp\/v2\/comments?post=30761"}],"version-history":[{"count":1,"href":"https:\/\/lasentinelle.dz\/index.php\/wp-json\/wp\/v2\/posts\/30761\/revisions"}],"predecessor-version":[{"id":30769,"href":"https:\/\/lasentinelle.dz\/index.php\/wp-json\/wp\/v2\/posts\/30761\/revisions\/30769"}],"wp:featuredmedia":[{"embeddable":true,"href":"https:\/\/lasentinelle.dz\/index.php\/wp-json\/wp\/v2\/media\/21029"}],"wp:attachment":[{"href":"https:\/\/lasentinelle.dz\/index.php\/wp-json\/wp\/v2\/media?parent=30761"}],"wp:term":[{"taxonomy":"category","embeddable":true,"href":"https:\/\/lasentinelle.dz\/index.php\/wp-json\/wp\/v2\/categories?post=30761"},{"taxonomy":"post_tag","embeddable":true,"href":"https:\/\/lasentinelle.dz\/index.php\/wp-json\/wp\/v2\/tags?post=30761"}],"curies":[{"name":"wp","href":"https:\/\/api.w.org\/{rel}","templated":true}]}}