{"id":30762,"date":"2022-11-14T22:05:00","date_gmt":"2022-11-14T21:05:00","guid":{"rendered":"https:\/\/lasentinelle.dz\/?p=30762"},"modified":"2022-11-14T20:54:37","modified_gmt":"2022-11-14T19:54:37","slug":"visite-du-chef-de-letat-major-de-lanp-en-visite-a-la-4e-region-militaire-les-realisations-du-sommet-arabe-saluee","status":"publish","type":"post","link":"https:\/\/lasentinelle.dz\/index.php\/2022\/11\/14\/visite-du-chef-de-letat-major-de-lanp-en-visite-a-la-4e-region-militaire-les-realisations-du-sommet-arabe-saluee\/","title":{"rendered":"Visite du Chef de l\u2019\u00c9tat-major de l\u2019ANP \u00e0 la 4e R\u00e9gion militaire\u00a0: Les r\u00e9alisations du Sommet arabe salu\u00e9es"},"content":{"rendered":"\n<p>Le Chef de l\u2019\u00c9tat-major de l\u2019Arm\u00e9e nationale populaire, le G\u00e9n\u00e9ral d\u2019Arm\u00e9e Sa\u00efd Chanegriha a salu\u00e9 les r\u00e9alisations du Sommet arabe qui refl\u00e8tent la vision qui a permis \u00e0 l\u2019Alg\u00e9rie de \u00ab&nbsp;revenir avec force sur la sc\u00e8ne internationale&nbsp;\u00bb. Il a \u00e9galement r\u00e9affirm\u00e9 l\u2019engagement de l\u2019ANP \u00ab&nbsp;conforter et pr\u00e9server ces acquis nationaux&nbsp;\u00bb.<\/p>\n\n\n\n<p>Lors d\u2019une allocution d\u2019orientation qu\u2019il a prononc\u00e9 au cours d\u2019une visite de travail en en 4e R\u00e9gion militaire \u00e0 Ouargla, le Chef de l\u2019\u00c9tat-major de l\u2019ANP a \u00e9voqu\u00e9 les multiples r\u00e9alisations que l\u2019Alg\u00e9rie ne cesse d\u2019enregistrer sur tous les plans, \u00e0 l\u2019instar de l\u2019organisation r\u00e9ussie du 31e Sommet ordinaire de la Ligue des Etats Arabes, a indiqu\u00e9 hier un communiqu\u00e9 du minist\u00e8re de la D\u00e9fense nationale. Le G\u00e9n\u00e9ral d\u2019Arm\u00e9e Sa\u00efd Chanegriha a ainsi soulign\u00e9 qu\u2019il s\u2019agit de r\u00e9alisations qui suscitent \u00ab&nbsp;la fiert\u00e9 et motivent les Alg\u00e9riens, imbus de patriotisme et de fid\u00e9lit\u00e9, \u00e0 aller de l\u2019avant vers davantage de r\u00e9alisations&nbsp;\u00bb. \u00abJe tiens, en cette honorable occasion, \u00e0 \u00e9voquer avec vous les r\u00e9alisations substantielles que l\u2019Alg\u00e9rie ne cesse d\u2019enregistrer sur tous les plans et dans tous les domaines, \u00e0 l\u2019instar de l\u2019organisation r\u00e9ussie du 31e Sommet ordinaire de la Ligue des Etats Arabes, dont les r\u00e9sultats t\u00e9moignent de la vision clairvoyante de Monsieur le Pr\u00e9sident de la R\u00e9publique, Chef Supr\u00eame des Forces Arm\u00e9es, Ministre de la D\u00e9fense Nationale&nbsp;\u00bb, a-t-il indiqu\u00e9. Et d\u2019ajouter que \u00ab&nbsp;cette vision qui a permis \u00e0 notre pays de revenir avec force sur la sc\u00e8ne internationale et de s\u2019imposer en tant que partenaire fiable, digne de respect et d\u2019estime aupr\u00e8s de tous les Etats et les organisations r\u00e9gionales et internationales&nbsp;\u00bb. \u00ab&nbsp;De telles r\u00e9alisations, dont nous enregistrons avec satisfaction les \u00e9chos favorables tant sur les plans r\u00e9gional qu\u2019international, suscitent la fiert\u00e9 et motivent les Alg\u00e9riens, imbus de patriotisme et de fid\u00e9lit\u00e9, \u00e0 aller de l\u2019avant vers davantage de r\u00e9alisations, notamment, sur les plans diplomatique, \u00e9conomique, social et militaire\u00bb, a affirm\u00e9 dans le m\u00eame sens le chef de l\u2019\u00c9tat-major de l\u2019ANP . C\u2019est dans le m\u00eame contexte que Sa\u00efd Chanegriha a r\u00e9affirm\u00e9 l\u2019engagement de l\u2019ANP \u00e0 \u0153uvrer \u00ab&nbsp;avec d\u00e9vouement et loyaut\u00e9, \u00e0 conforter et pr\u00e9server ces acquis nationaux, r\u00e9alis\u00e9s gr\u00e2ce aux efforts de tous mais aussi gr\u00e2ce \u00e0 la force et la solidit\u00e9 du lien entre le peuple et ses institutions constitutionnelles&nbsp;\u00bb. \u00abDans ce contexte, je tiens \u00e9galement \u00e0 rappeler que nous continuons, au sein de l\u2019Arm\u00e9e Nationale Populaire, \u00e0 \u0153uvrer avec d\u00e9vouement et loyaut\u00e9, \u00e0 r\u00e9conforter et pr\u00e9server ces acquis nationaux r\u00e9alis\u00e9s gr\u00e2ce aux efforts de tous mais aussi gr\u00e2ce \u00e0 la force et la solidit\u00e9 du lien entre le peuple et ses institutions constitutionnelles. Ce lien que nous consid\u00e9rons comme \u00e9tant un acquis de grande valeur, nous motivera davantage \u00e0 servir les int\u00e9r\u00eats supr\u00eames de la patrie et \u00e0 poursuivre notre processus de d\u00e9veloppement prometteur\u00bb, a-t-il indiqu\u00e9.<\/p>\n\n\n\n<p>Il est utile de noter que cette visite s\u2019inscrit dans le cadre du suivi de l\u2019ex\u00e9cution du programme de pr\u00e9paration au combat \u00e0 travers l\u2019ensemble des unit\u00e9s de l\u2019ANP. Une visite au cours de laquelle il pr\u00e9sid\u00e9 une r\u00e9union d\u2019orientation avec les personnels de cette R\u00e9gion militaire et a supervis\u00e9 un exercice tactique avec munitions r\u00e9elles au niveau du Secteur Op\u00e9rationnel Nord-Est In Amenas.<\/p>\n\n\n\n<p><strong>Hocine Fadheli<\/strong><\/p>\n","protected":false},"excerpt":{"rendered":"<p>Le Chef de l\u2019\u00c9tat-major de l\u2019Arm\u00e9e nationale populaire, le G\u00e9n\u00e9ral d\u2019Arm\u00e9e Sa\u00efd Chanegriha a salu\u00e9 les r\u00e9alisations du Sommet arabe<\/p>\n","protected":false},"author":3,"featured_media":30768,"comment_status":"open","ping_status":"closed","sticky":false,"template":"","format":"standard","meta":{"colormag_page_container_layout":"default_layout","colormag_page_sidebar_layout":"default_layout","om_disable_all_campaigns":false,"_monsterinsights_skip_tracking":false,"_monsterinsights_sitenote_active":false,"_monsterinsights_sitenote_note":"","_monsterinsights_sitenote_category":0,"footnotes":"","_wpscppro_dont_share_socialmedia":false,"_wpscppro_custom_social_share_image":0,"_facebook_share_type":"","_twitter_share_type":"","_linkedin_share_type":"","_pinterest_share_type":"","_linkedin_share_type_page":"","_instagram_share_type":"","_medium_share_type":"","_threads_share_type":"","_google_business_share_type":"","_selected_social_profile":[],"_wpsp_enable_custom_social_template":false,"_wpsp_social_scheduling":{"enabled":false,"datetime":null,"platforms":[],"status":"template_only","dateOption":"today","timeOption":"now","customDays":"","customHours":"","customDate":"","customTime":"","schedulingType":"absolute"},"_wpsp_active_default_template":true},"categories":[27],"tags":[],"class_list":["post-30762","post","type-post","status-publish","format-standard","has-post-thumbnail","hentry","category-actualite"],"aioseo_notices":[],"yoast_head":"<!-- This site is optimized with the Yoast SEO plugin v27.5 - https:\/\/yoast.com\/product\/yoast-seo-wordpress\/ -->\n<title>Visite du Chef de l\u2019\u00c9tat-major de l\u2019ANP \u00e0 la 4e R\u00e9gion militaire\u00a0: Les r\u00e9alisations du Sommet arabe salu\u00e9es - La Sentinelle<\/title>\n<meta name=\"robots\" content=\"index, follow, max-snippet:-1, max-image-preview:large, max-video-preview:-1\" \/>\n<link rel=\"canonical\" href=\"https:\/\/lasentinelle.dz\/index.php\/2022\/11\/14\/visite-du-chef-de-letat-major-de-lanp-en-visite-a-la-4e-region-militaire-les-realisations-du-sommet-arabe-saluee\/\" \/>\n<meta property=\"og:locale\" content=\"fr_FR\" \/>\n<meta property=\"og:type\" content=\"article\" \/>\n<meta property=\"og:title\" content=\"Visite du Chef de l\u2019\u00c9tat-major de l\u2019ANP \u00e0 la 4e R\u00e9gion militaire\u00a0: Les r\u00e9alisations du Sommet arabe salu\u00e9es - La Sentinelle\" \/>\n<meta property=\"og:description\" content=\"Le Chef de l\u2019\u00c9tat-major de l\u2019Arm\u00e9e nationale populaire, le G\u00e9n\u00e9ral d\u2019Arm\u00e9e Sa\u00efd Chanegriha a salu\u00e9 les r\u00e9alisations du Sommet arabe\" \/>\n<meta property=\"og:url\" content=\"https:\/\/lasentinelle.dz\/index.php\/2022\/11\/14\/visite-du-chef-de-letat-major-de-lanp-en-visite-a-la-4e-region-militaire-les-realisations-du-sommet-arabe-saluee\/\" \/>\n<meta property=\"og:site_name\" content=\"La Sentinelle\" \/>\n<meta property=\"article:publisher\" content=\"https:\/\/www.facebook.com\/La-Sentinelle-104059864394773\" \/>\n<meta property=\"article:published_time\" content=\"2022-11-14T21:05:00+00:00\" \/>\n<meta property=\"og:image\" content=\"https:\/\/lasentinelle.dz\/wp-content\/uploads\/2022\/11\/chanegriha.png\" \/>\n\t<meta property=\"og:image:width\" content=\"1350\" \/>\n\t<meta property=\"og:image:height\" content=\"900\" \/>\n\t<meta property=\"og:image:type\" content=\"image\/png\" \/>\n<meta name=\"author\" content=\"La Sentinelle\" \/>\n<meta name=\"twitter:card\" content=\"summary_large_image\" \/>\n<meta name=\"twitter:label1\" content=\"\u00c9crit par\" \/>\n\t<meta name=\"twitter:data1\" content=\"La Sentinelle\" \/>\n\t<meta name=\"twitter:label2\" content=\"Dur\u00e9e de lecture estim\u00e9e\" \/>\n\t<meta name=\"twitter:data2\" content=\"3 minutes\" \/>\n<script type=\"application\/ld+json\" class=\"yoast-schema-graph\">{\"@context\":\"https:\\\/\\\/schema.org\",\"@graph\":[{\"@type\":\"Article\",\"@id\":\"https:\\\/\\\/lasentinelle.dz\\\/index.php\\\/2022\\\/11\\\/14\\\/visite-du-chef-de-letat-major-de-lanp-en-visite-a-la-4e-region-militaire-les-realisations-du-sommet-arabe-saluee\\\/#article\",\"isPartOf\":{\"@id\":\"https:\\\/\\\/lasentinelle.dz\\\/index.php\\\/2022\\\/11\\\/14\\\/visite-du-chef-de-letat-major-de-lanp-en-visite-a-la-4e-region-militaire-les-realisations-du-sommet-arabe-saluee\\\/\"},\"author\":{\"name\":\"La Sentinelle\",\"@id\":\"https:\\\/\\\/lasentinelle.dz\\\/#\\\/schema\\\/person\\\/d865044e22e70a75174ce8bcad3acfb3\"},\"headline\":\"Visite du Chef de l\u2019\u00c9tat-major de l\u2019ANP \u00e0 la 4e R\u00e9gion militaire\u00a0: Les r\u00e9alisations du Sommet arabe salu\u00e9es\",\"datePublished\":\"2022-11-14T21:05:00+00:00\",\"mainEntityOfPage\":{\"@id\":\"https:\\\/\\\/lasentinelle.dz\\\/index.php\\\/2022\\\/11\\\/14\\\/visite-du-chef-de-letat-major-de-lanp-en-visite-a-la-4e-region-militaire-les-realisations-du-sommet-arabe-saluee\\\/\"},\"wordCount\":654,\"commentCount\":0,\"publisher\":{\"@id\":\"https:\\\/\\\/lasentinelle.dz\\\/#organization\"},\"image\":{\"@id\":\"https:\\\/\\\/lasentinelle.dz\\\/index.php\\\/2022\\\/11\\\/14\\\/visite-du-chef-de-letat-major-de-lanp-en-visite-a-la-4e-region-militaire-les-realisations-du-sommet-arabe-saluee\\\/#primaryimage\"},\"thumbnailUrl\":\"https:\\\/\\\/lasentinelle.dz\\\/wp-content\\\/uploads\\\/2022\\\/11\\\/chanegriha.png\",\"articleSection\":[\"Actualit\u00e9\"],\"inLanguage\":\"fr-FR\",\"potentialAction\":[{\"@type\":\"CommentAction\",\"name\":\"Comment\",\"target\":[\"https:\\\/\\\/lasentinelle.dz\\\/index.php\\\/2022\\\/11\\\/14\\\/visite-du-chef-de-letat-major-de-lanp-en-visite-a-la-4e-region-militaire-les-realisations-du-sommet-arabe-saluee\\\/#respond\"]}]},{\"@type\":\"WebPage\",\"@id\":\"https:\\\/\\\/lasentinelle.dz\\\/index.php\\\/2022\\\/11\\\/14\\\/visite-du-chef-de-letat-major-de-lanp-en-visite-a-la-4e-region-militaire-les-realisations-du-sommet-arabe-saluee\\\/\",\"url\":\"https:\\\/\\\/lasentinelle.dz\\\/index.php\\\/2022\\\/11\\\/14\\\/visite-du-chef-de-letat-major-de-lanp-en-visite-a-la-4e-region-militaire-les-realisations-du-sommet-arabe-saluee\\\/\",\"name\":\"Visite du Chef de l\u2019\u00c9tat-major de l\u2019ANP \u00e0 la 4e R\u00e9gion militaire\u00a0: Les r\u00e9alisations du Sommet arabe salu\u00e9es - La Sentinelle\",\"isPartOf\":{\"@id\":\"https:\\\/\\\/lasentinelle.dz\\\/#website\"},\"primaryImageOfPage\":{\"@id\":\"https:\\\/\\\/lasentinelle.dz\\\/index.php\\\/2022\\\/11\\\/14\\\/visite-du-chef-de-letat-major-de-lanp-en-visite-a-la-4e-region-militaire-les-realisations-du-sommet-arabe-saluee\\\/#primaryimage\"},\"image\":{\"@id\":\"https:\\\/\\\/lasentinelle.dz\\\/index.php\\\/2022\\\/11\\\/14\\\/visite-du-chef-de-letat-major-de-lanp-en-visite-a-la-4e-region-militaire-les-realisations-du-sommet-arabe-saluee\\\/#primaryimage\"},\"thumbnailUrl\":\"https:\\\/\\\/lasentinelle.dz\\\/wp-content\\\/uploads\\\/2022\\\/11\\\/chanegriha.png\",\"datePublished\":\"2022-11-14T21:05:00+00:00\",\"breadcrumb\":{\"@id\":\"https:\\\/\\\/lasentinelle.dz\\\/index.php\\\/2022\\\/11\\\/14\\\/visite-du-chef-de-letat-major-de-lanp-en-visite-a-la-4e-region-militaire-les-realisations-du-sommet-arabe-saluee\\\/#breadcrumb\"},\"inLanguage\":\"fr-FR\",\"potentialAction\":[{\"@type\":\"ReadAction\",\"target\":[\"https:\\\/\\\/lasentinelle.dz\\\/index.php\\\/2022\\\/11\\\/14\\\/visite-du-chef-de-letat-major-de-lanp-en-visite-a-la-4e-region-militaire-les-realisations-du-sommet-arabe-saluee\\\/\"]}]},{\"@type\":\"ImageObject\",\"inLanguage\":\"fr-FR\",\"@id\":\"https:\\\/\\\/lasentinelle.dz\\\/index.php\\\/2022\\\/11\\\/14\\\/visite-du-chef-de-letat-major-de-lanp-en-visite-a-la-4e-region-militaire-les-realisations-du-sommet-arabe-saluee\\\/#primaryimage\",\"url\":\"https:\\\/\\\/lasentinelle.dz\\\/wp-content\\\/uploads\\\/2022\\\/11\\\/chanegriha.png\",\"contentUrl\":\"https:\\\/\\\/lasentinelle.dz\\\/wp-content\\\/uploads\\\/2022\\\/11\\\/chanegriha.png\",\"width\":1350,\"height\":900},{\"@type\":\"BreadcrumbList\",\"@id\":\"https:\\\/\\\/lasentinelle.dz\\\/index.php\\\/2022\\\/11\\\/14\\\/visite-du-chef-de-letat-major-de-lanp-en-visite-a-la-4e-region-militaire-les-realisations-du-sommet-arabe-saluee\\\/#breadcrumb\",\"itemListElement\":[{\"@type\":\"ListItem\",\"position\":1,\"name\":\"Accueil\",\"item\":\"https:\\\/\\\/lasentinelle.dz\\\/\"},{\"@type\":\"ListItem\",\"position\":2,\"name\":\"Visite du Chef de l\u2019\u00c9tat-major de l\u2019ANP \u00e0 la 4e R\u00e9gion militaire\u00a0: Les r\u00e9alisations du Sommet arabe salu\u00e9es\"}]},{\"@type\":\"WebSite\",\"@id\":\"https:\\\/\\\/lasentinelle.dz\\\/#website\",\"url\":\"https:\\\/\\\/lasentinelle.dz\\\/\",\"name\":\"La Sentinelle\",\"description\":\"Quotidien national d&#039;information\",\"publisher\":{\"@id\":\"https:\\\/\\\/lasentinelle.dz\\\/#organization\"},\"potentialAction\":[{\"@type\":\"SearchAction\",\"target\":{\"@type\":\"EntryPoint\",\"urlTemplate\":\"https:\\\/\\\/lasentinelle.dz\\\/?s={search_term_string}\"},\"query-input\":{\"@type\":\"PropertyValueSpecification\",\"valueRequired\":true,\"valueName\":\"search_term_string\"}}],\"inLanguage\":\"fr-FR\"},{\"@type\":\"Organization\",\"@id\":\"https:\\\/\\\/lasentinelle.dz\\\/#organization\",\"name\":\"Quotidien La Sentinelle\",\"url\":\"https:\\\/\\\/lasentinelle.dz\\\/\",\"logo\":{\"@type\":\"ImageObject\",\"inLanguage\":\"fr-FR\",\"@id\":\"https:\\\/\\\/lasentinelle.dz\\\/#\\\/schema\\\/logo\\\/image\\\/\",\"url\":\"https:\\\/\\\/lasentinelle.dz\\\/wp-content\\\/uploads\\\/2021\\\/09\\\/logo-sentinelleSLOGAN-1.png\",\"contentUrl\":\"https:\\\/\\\/lasentinelle.dz\\\/wp-content\\\/uploads\\\/2021\\\/09\\\/logo-sentinelleSLOGAN-1.png\",\"width\":615,\"height\":142,\"caption\":\"Quotidien La Sentinelle\"},\"image\":{\"@id\":\"https:\\\/\\\/lasentinelle.dz\\\/#\\\/schema\\\/logo\\\/image\\\/\"},\"sameAs\":[\"https:\\\/\\\/www.facebook.com\\\/La-Sentinelle-104059864394773\"]},{\"@type\":\"Person\",\"@id\":\"https:\\\/\\\/lasentinelle.dz\\\/#\\\/schema\\\/person\\\/d865044e22e70a75174ce8bcad3acfb3\",\"name\":\"La Sentinelle\",\"image\":{\"@type\":\"ImageObject\",\"inLanguage\":\"fr-FR\",\"@id\":\"https:\\\/\\\/secure.gravatar.com\\\/avatar\\\/57de8e5d4b15d43fb361a71fbb36338450fe67865b528a43dd10ef7c51a20392?s=96&d=mm&r=g\",\"url\":\"https:\\\/\\\/secure.gravatar.com\\\/avatar\\\/57de8e5d4b15d43fb361a71fbb36338450fe67865b528a43dd10ef7c51a20392?s=96&d=mm&r=g\",\"contentUrl\":\"https:\\\/\\\/secure.gravatar.com\\\/avatar\\\/57de8e5d4b15d43fb361a71fbb36338450fe67865b528a43dd10ef7c51a20392?s=96&d=mm&r=g\",\"caption\":\"La Sentinelle\"},\"sameAs\":[\"http:\\\/\\\/www.lasentinelle.dz\"],\"url\":\"https:\\\/\\\/lasentinelle.dz\\\/author\\\/redaction\\\/\"}]}<\/script>\n<!-- \/ Yoast SEO plugin. -->","yoast_head_json":{"title":"Visite du Chef de l\u2019\u00c9tat-major de l\u2019ANP \u00e0 la 4e R\u00e9gion militaire\u00a0: Les r\u00e9alisations du Sommet arabe salu\u00e9es - La Sentinelle","robots":{"index":"index","follow":"follow","max-snippet":"max-snippet:-1","max-image-preview":"max-image-preview:large","max-video-preview":"max-video-preview:-1"},"canonical":"https:\/\/lasentinelle.dz\/index.php\/2022\/11\/14\/visite-du-chef-de-letat-major-de-lanp-en-visite-a-la-4e-region-militaire-les-realisations-du-sommet-arabe-saluee\/","og_locale":"fr_FR","og_type":"article","og_title":"Visite du Chef de l\u2019\u00c9tat-major de l\u2019ANP \u00e0 la 4e R\u00e9gion militaire\u00a0: Les r\u00e9alisations du Sommet arabe salu\u00e9es - La Sentinelle","og_description":"Le Chef de l\u2019\u00c9tat-major de l\u2019Arm\u00e9e nationale populaire, le G\u00e9n\u00e9ral d\u2019Arm\u00e9e Sa\u00efd Chanegriha a salu\u00e9 les r\u00e9alisations du Sommet arabe","og_url":"https:\/\/lasentinelle.dz\/index.php\/2022\/11\/14\/visite-du-chef-de-letat-major-de-lanp-en-visite-a-la-4e-region-militaire-les-realisations-du-sommet-arabe-saluee\/","og_site_name":"La Sentinelle","article_publisher":"https:\/\/www.facebook.com\/La-Sentinelle-104059864394773","article_published_time":"2022-11-14T21:05:00+00:00","og_image":[{"width":1350,"height":900,"url":"https:\/\/lasentinelle.dz\/wp-content\/uploads\/2022\/11\/chanegriha.png","type":"image\/png"}],"author":"La Sentinelle","twitter_card":"summary_large_image","twitter_misc":{"\u00c9crit par":"La Sentinelle","Dur\u00e9e de lecture estim\u00e9e":"3 minutes"},"schema":{"@context":"https:\/\/schema.org","@graph":[{"@type":"Article","@id":"https:\/\/lasentinelle.dz\/index.php\/2022\/11\/14\/visite-du-chef-de-letat-major-de-lanp-en-visite-a-la-4e-region-militaire-les-realisations-du-sommet-arabe-saluee\/#article","isPartOf":{"@id":"https:\/\/lasentinelle.dz\/index.php\/2022\/11\/14\/visite-du-chef-de-letat-major-de-lanp-en-visite-a-la-4e-region-militaire-les-realisations-du-sommet-arabe-saluee\/"},"author":{"name":"La Sentinelle","@id":"https:\/\/lasentinelle.dz\/#\/schema\/person\/d865044e22e70a75174ce8bcad3acfb3"},"headline":"Visite du Chef de l\u2019\u00c9tat-major de l\u2019ANP \u00e0 la 4e R\u00e9gion militaire\u00a0: Les r\u00e9alisations du Sommet arabe salu\u00e9es","datePublished":"2022-11-14T21:05:00+00:00","mainEntityOfPage":{"@id":"https:\/\/lasentinelle.dz\/index.php\/2022\/11\/14\/visite-du-chef-de-letat-major-de-lanp-en-visite-a-la-4e-region-militaire-les-realisations-du-sommet-arabe-saluee\/"},"wordCount":654,"commentCount":0,"publisher":{"@id":"https:\/\/lasentinelle.dz\/#organization"},"image":{"@id":"https:\/\/lasentinelle.dz\/index.php\/2022\/11\/14\/visite-du-chef-de-letat-major-de-lanp-en-visite-a-la-4e-region-militaire-les-realisations-du-sommet-arabe-saluee\/#primaryimage"},"thumbnailUrl":"https:\/\/lasentinelle.dz\/wp-content\/uploads\/2022\/11\/chanegriha.png","articleSection":["Actualit\u00e9"],"inLanguage":"fr-FR","potentialAction":[{"@type":"CommentAction","name":"Comment","target":["https:\/\/lasentinelle.dz\/index.php\/2022\/11\/14\/visite-du-chef-de-letat-major-de-lanp-en-visite-a-la-4e-region-militaire-les-realisations-du-sommet-arabe-saluee\/#respond"]}]},{"@type":"WebPage","@id":"https:\/\/lasentinelle.dz\/index.php\/2022\/11\/14\/visite-du-chef-de-letat-major-de-lanp-en-visite-a-la-4e-region-militaire-les-realisations-du-sommet-arabe-saluee\/","url":"https:\/\/lasentinelle.dz\/index.php\/2022\/11\/14\/visite-du-chef-de-letat-major-de-lanp-en-visite-a-la-4e-region-militaire-les-realisations-du-sommet-arabe-saluee\/","name":"Visite du Chef de l\u2019\u00c9tat-major de l\u2019ANP \u00e0 la 4e R\u00e9gion militaire\u00a0: Les r\u00e9alisations du Sommet arabe salu\u00e9es - La Sentinelle","isPartOf":{"@id":"https:\/\/lasentinelle.dz\/#website"},"primaryImageOfPage":{"@id":"https:\/\/lasentinelle.dz\/index.php\/2022\/11\/14\/visite-du-chef-de-letat-major-de-lanp-en-visite-a-la-4e-region-militaire-les-realisations-du-sommet-arabe-saluee\/#primaryimage"},"image":{"@id":"https:\/\/lasentinelle.dz\/index.php\/2022\/11\/14\/visite-du-chef-de-letat-major-de-lanp-en-visite-a-la-4e-region-militaire-les-realisations-du-sommet-arabe-saluee\/#primaryimage"},"thumbnailUrl":"https:\/\/lasentinelle.dz\/wp-content\/uploads\/2022\/11\/chanegriha.png","datePublished":"2022-11-14T21:05:00+00:00","breadcrumb":{"@id":"https:\/\/lasentinelle.dz\/index.php\/2022\/11\/14\/visite-du-chef-de-letat-major-de-lanp-en-visite-a-la-4e-region-militaire-les-realisations-du-sommet-arabe-saluee\/#breadcrumb"},"inLanguage":"fr-FR","potentialAction":[{"@type":"ReadAction","target":["https:\/\/lasentinelle.dz\/index.php\/2022\/11\/14\/visite-du-chef-de-letat-major-de-lanp-en-visite-a-la-4e-region-militaire-les-realisations-du-sommet-arabe-saluee\/"]}]},{"@type":"ImageObject","inLanguage":"fr-FR","@id":"https:\/\/lasentinelle.dz\/index.php\/2022\/11\/14\/visite-du-chef-de-letat-major-de-lanp-en-visite-a-la-4e-region-militaire-les-realisations-du-sommet-arabe-saluee\/#primaryimage","url":"https:\/\/lasentinelle.dz\/wp-content\/uploads\/2022\/11\/chanegriha.png","contentUrl":"https:\/\/lasentinelle.dz\/wp-content\/uploads\/2022\/11\/chanegriha.png","width":1350,"height":900},{"@type":"BreadcrumbList","@id":"https:\/\/lasentinelle.dz\/index.php\/2022\/11\/14\/visite-du-chef-de-letat-major-de-lanp-en-visite-a-la-4e-region-militaire-les-realisations-du-sommet-arabe-saluee\/#breadcrumb","itemListElement":[{"@type":"ListItem","position":1,"name":"Accueil","item":"https:\/\/lasentinelle.dz\/"},{"@type":"ListItem","position":2,"name":"Visite du Chef de l\u2019\u00c9tat-major de l\u2019ANP \u00e0 la 4e R\u00e9gion militaire\u00a0: Les r\u00e9alisations du Sommet arabe salu\u00e9es"}]},{"@type":"WebSite","@id":"https:\/\/lasentinelle.dz\/#website","url":"https:\/\/lasentinelle.dz\/","name":"La Sentinelle","description":"Quotidien national d&#039;information","publisher":{"@id":"https:\/\/lasentinelle.dz\/#organization"},"potentialAction":[{"@type":"SearchAction","target":{"@type":"EntryPoint","urlTemplate":"https:\/\/lasentinelle.dz\/?s={search_term_string}"},"query-input":{"@type":"PropertyValueSpecification","valueRequired":true,"valueName":"search_term_string"}}],"inLanguage":"fr-FR"},{"@type":"Organization","@id":"https:\/\/lasentinelle.dz\/#organization","name":"Quotidien La Sentinelle","url":"https:\/\/lasentinelle.dz\/","logo":{"@type":"ImageObject","inLanguage":"fr-FR","@id":"https:\/\/lasentinelle.dz\/#\/schema\/logo\/image\/","url":"https:\/\/lasentinelle.dz\/wp-content\/uploads\/2021\/09\/logo-sentinelleSLOGAN-1.png","contentUrl":"https:\/\/lasentinelle.dz\/wp-content\/uploads\/2021\/09\/logo-sentinelleSLOGAN-1.png","width":615,"height":142,"caption":"Quotidien La Sentinelle"},"image":{"@id":"https:\/\/lasentinelle.dz\/#\/schema\/logo\/image\/"},"sameAs":["https:\/\/www.facebook.com\/La-Sentinelle-104059864394773"]},{"@type":"Person","@id":"https:\/\/lasentinelle.dz\/#\/schema\/person\/d865044e22e70a75174ce8bcad3acfb3","name":"La Sentinelle","image":{"@type":"ImageObject","inLanguage":"fr-FR","@id":"https:\/\/secure.gravatar.com\/avatar\/57de8e5d4b15d43fb361a71fbb36338450fe67865b528a43dd10ef7c51a20392?s=96&d=mm&r=g","url":"https:\/\/secure.gravatar.com\/avatar\/57de8e5d4b15d43fb361a71fbb36338450fe67865b528a43dd10ef7c51a20392?s=96&d=mm&r=g","contentUrl":"https:\/\/secure.gravatar.com\/avatar\/57de8e5d4b15d43fb361a71fbb36338450fe67865b528a43dd10ef7c51a20392?s=96&d=mm&r=g","caption":"La Sentinelle"},"sameAs":["http:\/\/www.lasentinelle.dz"],"url":"https:\/\/lasentinelle.dz\/author\/redaction\/"}]}},"_links":{"self":[{"href":"https:\/\/lasentinelle.dz\/index.php\/wp-json\/wp\/v2\/posts\/30762","targetHints":{"allow":["GET"]}}],"collection":[{"href":"https:\/\/lasentinelle.dz\/index.php\/wp-json\/wp\/v2\/posts"}],"about":[{"href":"https:\/\/lasentinelle.dz\/index.php\/wp-json\/wp\/v2\/types\/post"}],"author":[{"embeddable":true,"href":"https:\/\/lasentinelle.dz\/index.php\/wp-json\/wp\/v2\/users\/3"}],"replies":[{"embeddable":true,"href":"https:\/\/lasentinelle.dz\/index.php\/wp-json\/wp\/v2\/comments?post=30762"}],"version-history":[{"count":2,"href":"https:\/\/lasentinelle.dz\/index.php\/wp-json\/wp\/v2\/posts\/30762\/revisions"}],"predecessor-version":[{"id":30780,"href":"https:\/\/lasentinelle.dz\/index.php\/wp-json\/wp\/v2\/posts\/30762\/revisions\/30780"}],"wp:featuredmedia":[{"embeddable":true,"href":"https:\/\/lasentinelle.dz\/index.php\/wp-json\/wp\/v2\/media\/30768"}],"wp:attachment":[{"href":"https:\/\/lasentinelle.dz\/index.php\/wp-json\/wp\/v2\/media?parent=30762"}],"wp:term":[{"taxonomy":"category","embeddable":true,"href":"https:\/\/lasentinelle.dz\/index.php\/wp-json\/wp\/v2\/categories?post=30762"},{"taxonomy":"post_tag","embeddable":true,"href":"https:\/\/lasentinelle.dz\/index.php\/wp-json\/wp\/v2\/tags?post=30762"}],"curies":[{"name":"wp","href":"https:\/\/api.w.org\/{rel}","templated":true}]}}