{"id":30771,"date":"2022-11-14T22:05:00","date_gmt":"2022-11-14T21:05:00","guid":{"rendered":"https:\/\/lasentinelle.dz\/?p=30771"},"modified":"2022-11-14T20:39:33","modified_gmt":"2022-11-14T19:39:33","slug":"pr-abdelmajid-zaalani-president-du-cndh-la-participation-de-tous-est-necessaire-pour-promouvoir-et-proteger-les-droits-de-lhomme","status":"publish","type":"post","link":"https:\/\/lasentinelle.dz\/index.php\/2022\/11\/14\/pr-abdelmajid-zaalani-president-du-cndh-la-participation-de-tous-est-necessaire-pour-promouvoir-et-proteger-les-droits-de-lhomme\/","title":{"rendered":"Pr. Abdelmajid Zaalani, pr\u00e9sident du CNDH\u00a0: \u00ab\u00a0La participation de tous est n\u00e9cessaire pour promouvoir et prot\u00e9ger les droits de l&rsquo;Homme\u00a0\u00bb"},"content":{"rendered":"\n<p>Le pr\u00e9sident du Conseil national des droits de l&rsquo;homme, le Pr. Abdelmajid Zaalani, a affirm\u00e9 hier lors de son intervention au Forum de la Radio nationale que l\u2019examen du 4<sup>e<\/sup> rapport sur la situation des droits de l\u2019Homme en Alg\u00e9rie dans le cadre de l&rsquo;Examen p\u00e9riodique universel (EPU), pr\u00e9sent\u00e9 \u00e0 Gen\u00e8ve a \u00e9t\u00e9 un succ\u00e8s. Il a expliqu\u00e9 dans ce sens que \u00ab&nbsp;l&rsquo;\u00e9crasante majorit\u00e9 des pays intervenants, lors des travaux de la quatri\u00e8me session de l&rsquo;examen p\u00e9riodique universel, ont salu\u00e9 les r\u00e9alisations de l&rsquo;Alg\u00e9rie dans le domaine de la protection des droits de l&rsquo;Homme et les ateliers de r\u00e9forme qui sont ouverts pour promouvoir ces droits&nbsp;\u00bb.<\/p>\n\n\n\n<p>Il a \u00e9galement not\u00e9 que \u00ab&nbsp;100 pays sur 123 ont salu\u00e9 la coop\u00e9ration de l&rsquo;Alg\u00e9rie avec les m\u00e9canismes internationaux des droits de l&rsquo;Homme&nbsp;\u00bb. Il ainsi mis en avant le fait que les autorit\u00e9s alg\u00e9riennes ont invit\u00e9 les rapporteurs sp\u00e9ciaux du Conseil des droits de l&rsquo;Homme et du Haut-Commissariat aux droits de l&rsquo;Homme \u00e0 se rendre en Alg\u00e9rie.<\/p>\n\n\n\n<p>Dans un contexte connexe, Zaalani a r\u00e9v\u00e9l\u00e9 que \u00ab\u00a0le ministre de la Justice etGarde des Sceaux, Abderrachid Tabbi, et lors de sa participation \u00e0 la t\u00eate de la d\u00e9l\u00e9gation alg\u00e9rienne aux travaux de la session d&rsquo;\u00e9valuation par les pairs au Conseil des droits de l&rsquo;homme \u00e0 Gen\u00e8ve, a r\u00e9affirm\u00e9 les engagements fermesdes pouvoirs publics \u00e0 \u0153uvrer pour la promotion et la protection des droits de l&rsquo;Homme en Alg\u00e9rie et partout dans le monde, y compris au profit des peuples sous domination coloniale.<\/p>\n\n\n\n<p>D&rsquo;autre part, le pr\u00e9sident du Conseil national des droits de l&rsquo;Homme a soulign\u00e9 la n\u00e9cessit\u00e9 de la participation de tous pour promouvoir et prot\u00e9ger les droits de l&rsquo;Homme, et que l&rsquo;Alg\u00e9rie plaidera pour les droits de l&rsquo;Homme et les causes justes au niveau international. Rappelons que l\u2019Alg\u00e9rie a \u00e9t\u00e9 \u00e9lue, au mois d\u2019octobre dernier, membre du Conseil des droits de l\u2019Homme de l\u2019ONU pour la p\u00e9riode 2023-2025.<\/p>\n\n\n\n<p><strong>Chokri Hafed<\/strong><\/p>\n","protected":false},"excerpt":{"rendered":"<p>Le pr\u00e9sident du Conseil national des droits de l&rsquo;homme, le Pr. Abdelmajid Zaalani, a affirm\u00e9 hier lors de son intervention<\/p>\n","protected":false},"author":3,"featured_media":30776,"comment_status":"open","ping_status":"closed","sticky":false,"template":"","format":"standard","meta":{"colormag_page_container_layout":"default_layout","colormag_page_sidebar_layout":"default_layout","om_disable_all_campaigns":false,"_monsterinsights_skip_tracking":false,"_monsterinsights_sitenote_active":false,"_monsterinsights_sitenote_note":"","_monsterinsights_sitenote_category":0,"footnotes":"","_wpscppro_dont_share_socialmedia":false,"_wpscppro_custom_social_share_image":0,"_facebook_share_type":"","_twitter_share_type":"","_linkedin_share_type":"","_pinterest_share_type":"","_linkedin_share_type_page":"","_instagram_share_type":"","_medium_share_type":"","_threads_share_type":"","_google_business_share_type":"","_selected_social_profile":[],"_wpsp_enable_custom_social_template":false,"_wpsp_social_scheduling":{"enabled":false,"datetime":null,"platforms":[],"status":"template_only","dateOption":"today","timeOption":"now","customDays":"","customHours":"","customDate":"","customTime":"","schedulingType":"absolute"},"_wpsp_active_default_template":true},"categories":[27],"tags":[],"class_list":["post-30771","post","type-post","status-publish","format-standard","has-post-thumbnail","hentry","category-actualite"],"aioseo_notices":[],"yoast_head":"<!-- This site is optimized with the Yoast SEO plugin v27.5 - https:\/\/yoast.com\/product\/yoast-seo-wordpress\/ -->\n<title>Pr. Abdelmajid Zaalani, pr\u00e9sident du CNDH\u00a0: \u00ab\u00a0La participation de tous est n\u00e9cessaire pour promouvoir et prot\u00e9ger les droits de l&rsquo;Homme\u00a0\u00bb - La Sentinelle<\/title>\n<meta name=\"robots\" content=\"index, follow, max-snippet:-1, max-image-preview:large, max-video-preview:-1\" \/>\n<link rel=\"canonical\" href=\"https:\/\/lasentinelle.dz\/index.php\/2022\/11\/14\/pr-abdelmajid-zaalani-president-du-cndh-la-participation-de-tous-est-necessaire-pour-promouvoir-et-proteger-les-droits-de-lhomme\/\" \/>\n<meta property=\"og:locale\" content=\"fr_FR\" \/>\n<meta property=\"og:type\" content=\"article\" \/>\n<meta property=\"og:title\" content=\"Pr. Abdelmajid Zaalani, pr\u00e9sident du CNDH\u00a0: \u00ab\u00a0La participation de tous est n\u00e9cessaire pour promouvoir et prot\u00e9ger les droits de l&rsquo;Homme\u00a0\u00bb - La Sentinelle\" \/>\n<meta property=\"og:description\" content=\"Le pr\u00e9sident du Conseil national des droits de l&rsquo;homme, le Pr. Abdelmajid Zaalani, a affirm\u00e9 hier lors de son intervention\" \/>\n<meta property=\"og:url\" content=\"https:\/\/lasentinelle.dz\/index.php\/2022\/11\/14\/pr-abdelmajid-zaalani-president-du-cndh-la-participation-de-tous-est-necessaire-pour-promouvoir-et-proteger-les-droits-de-lhomme\/\" \/>\n<meta property=\"og:site_name\" content=\"La Sentinelle\" \/>\n<meta property=\"article:publisher\" content=\"https:\/\/www.facebook.com\/La-Sentinelle-104059864394773\" \/>\n<meta property=\"article:published_time\" content=\"2022-11-14T21:05:00+00:00\" \/>\n<meta property=\"og:image\" content=\"https:\/\/lasentinelle.dz\/wp-content\/uploads\/2022\/11\/Sans-titre-10.png\" \/>\n\t<meta property=\"og:image:width\" content=\"1427\" \/>\n\t<meta property=\"og:image:height\" content=\"900\" \/>\n\t<meta property=\"og:image:type\" content=\"image\/png\" \/>\n<meta name=\"author\" content=\"La Sentinelle\" \/>\n<meta name=\"twitter:card\" content=\"summary_large_image\" \/>\n<meta name=\"twitter:label1\" content=\"\u00c9crit par\" \/>\n\t<meta name=\"twitter:data1\" content=\"La Sentinelle\" \/>\n\t<meta name=\"twitter:label2\" content=\"Dur\u00e9e de lecture estim\u00e9e\" \/>\n\t<meta name=\"twitter:data2\" content=\"2 minutes\" \/>\n<script type=\"application\/ld+json\" class=\"yoast-schema-graph\">{\"@context\":\"https:\\\/\\\/schema.org\",\"@graph\":[{\"@type\":\"Article\",\"@id\":\"https:\\\/\\\/lasentinelle.dz\\\/index.php\\\/2022\\\/11\\\/14\\\/pr-abdelmajid-zaalani-president-du-cndh-la-participation-de-tous-est-necessaire-pour-promouvoir-et-proteger-les-droits-de-lhomme\\\/#article\",\"isPartOf\":{\"@id\":\"https:\\\/\\\/lasentinelle.dz\\\/index.php\\\/2022\\\/11\\\/14\\\/pr-abdelmajid-zaalani-president-du-cndh-la-participation-de-tous-est-necessaire-pour-promouvoir-et-proteger-les-droits-de-lhomme\\\/\"},\"author\":{\"name\":\"La Sentinelle\",\"@id\":\"https:\\\/\\\/lasentinelle.dz\\\/#\\\/schema\\\/person\\\/d865044e22e70a75174ce8bcad3acfb3\"},\"headline\":\"Pr. Abdelmajid Zaalani, pr\u00e9sident du CNDH\u00a0: \u00ab\u00a0La participation de tous est n\u00e9cessaire pour promouvoir et prot\u00e9ger les droits de l&rsquo;Homme\u00a0\u00bb\",\"datePublished\":\"2022-11-14T21:05:00+00:00\",\"mainEntityOfPage\":{\"@id\":\"https:\\\/\\\/lasentinelle.dz\\\/index.php\\\/2022\\\/11\\\/14\\\/pr-abdelmajid-zaalani-president-du-cndh-la-participation-de-tous-est-necessaire-pour-promouvoir-et-proteger-les-droits-de-lhomme\\\/\"},\"wordCount\":393,\"commentCount\":0,\"publisher\":{\"@id\":\"https:\\\/\\\/lasentinelle.dz\\\/#organization\"},\"image\":{\"@id\":\"https:\\\/\\\/lasentinelle.dz\\\/index.php\\\/2022\\\/11\\\/14\\\/pr-abdelmajid-zaalani-president-du-cndh-la-participation-de-tous-est-necessaire-pour-promouvoir-et-proteger-les-droits-de-lhomme\\\/#primaryimage\"},\"thumbnailUrl\":\"https:\\\/\\\/lasentinelle.dz\\\/wp-content\\\/uploads\\\/2022\\\/11\\\/Sans-titre-10.png\",\"articleSection\":[\"Actualit\u00e9\"],\"inLanguage\":\"fr-FR\",\"potentialAction\":[{\"@type\":\"CommentAction\",\"name\":\"Comment\",\"target\":[\"https:\\\/\\\/lasentinelle.dz\\\/index.php\\\/2022\\\/11\\\/14\\\/pr-abdelmajid-zaalani-president-du-cndh-la-participation-de-tous-est-necessaire-pour-promouvoir-et-proteger-les-droits-de-lhomme\\\/#respond\"]}]},{\"@type\":\"WebPage\",\"@id\":\"https:\\\/\\\/lasentinelle.dz\\\/index.php\\\/2022\\\/11\\\/14\\\/pr-abdelmajid-zaalani-president-du-cndh-la-participation-de-tous-est-necessaire-pour-promouvoir-et-proteger-les-droits-de-lhomme\\\/\",\"url\":\"https:\\\/\\\/lasentinelle.dz\\\/index.php\\\/2022\\\/11\\\/14\\\/pr-abdelmajid-zaalani-president-du-cndh-la-participation-de-tous-est-necessaire-pour-promouvoir-et-proteger-les-droits-de-lhomme\\\/\",\"name\":\"Pr. Abdelmajid Zaalani, pr\u00e9sident du CNDH\u00a0: \u00ab\u00a0La participation de tous est n\u00e9cessaire pour promouvoir et prot\u00e9ger les droits de l&rsquo;Homme\u00a0\u00bb - La Sentinelle\",\"isPartOf\":{\"@id\":\"https:\\\/\\\/lasentinelle.dz\\\/#website\"},\"primaryImageOfPage\":{\"@id\":\"https:\\\/\\\/lasentinelle.dz\\\/index.php\\\/2022\\\/11\\\/14\\\/pr-abdelmajid-zaalani-president-du-cndh-la-participation-de-tous-est-necessaire-pour-promouvoir-et-proteger-les-droits-de-lhomme\\\/#primaryimage\"},\"image\":{\"@id\":\"https:\\\/\\\/lasentinelle.dz\\\/index.php\\\/2022\\\/11\\\/14\\\/pr-abdelmajid-zaalani-president-du-cndh-la-participation-de-tous-est-necessaire-pour-promouvoir-et-proteger-les-droits-de-lhomme\\\/#primaryimage\"},\"thumbnailUrl\":\"https:\\\/\\\/lasentinelle.dz\\\/wp-content\\\/uploads\\\/2022\\\/11\\\/Sans-titre-10.png\",\"datePublished\":\"2022-11-14T21:05:00+00:00\",\"breadcrumb\":{\"@id\":\"https:\\\/\\\/lasentinelle.dz\\\/index.php\\\/2022\\\/11\\\/14\\\/pr-abdelmajid-zaalani-president-du-cndh-la-participation-de-tous-est-necessaire-pour-promouvoir-et-proteger-les-droits-de-lhomme\\\/#breadcrumb\"},\"inLanguage\":\"fr-FR\",\"potentialAction\":[{\"@type\":\"ReadAction\",\"target\":[\"https:\\\/\\\/lasentinelle.dz\\\/index.php\\\/2022\\\/11\\\/14\\\/pr-abdelmajid-zaalani-president-du-cndh-la-participation-de-tous-est-necessaire-pour-promouvoir-et-proteger-les-droits-de-lhomme\\\/\"]}]},{\"@type\":\"ImageObject\",\"inLanguage\":\"fr-FR\",\"@id\":\"https:\\\/\\\/lasentinelle.dz\\\/index.php\\\/2022\\\/11\\\/14\\\/pr-abdelmajid-zaalani-president-du-cndh-la-participation-de-tous-est-necessaire-pour-promouvoir-et-proteger-les-droits-de-lhomme\\\/#primaryimage\",\"url\":\"https:\\\/\\\/lasentinelle.dz\\\/wp-content\\\/uploads\\\/2022\\\/11\\\/Sans-titre-10.png\",\"contentUrl\":\"https:\\\/\\\/lasentinelle.dz\\\/wp-content\\\/uploads\\\/2022\\\/11\\\/Sans-titre-10.png\",\"width\":1427,\"height\":900},{\"@type\":\"BreadcrumbList\",\"@id\":\"https:\\\/\\\/lasentinelle.dz\\\/index.php\\\/2022\\\/11\\\/14\\\/pr-abdelmajid-zaalani-president-du-cndh-la-participation-de-tous-est-necessaire-pour-promouvoir-et-proteger-les-droits-de-lhomme\\\/#breadcrumb\",\"itemListElement\":[{\"@type\":\"ListItem\",\"position\":1,\"name\":\"Accueil\",\"item\":\"https:\\\/\\\/lasentinelle.dz\\\/\"},{\"@type\":\"ListItem\",\"position\":2,\"name\":\"Pr. Abdelmajid Zaalani, pr\u00e9sident du CNDH\u00a0: \u00ab\u00a0La participation de tous est n\u00e9cessaire pour promouvoir et prot\u00e9ger les droits de l&rsquo;Homme\u00a0\u00bb\"}]},{\"@type\":\"WebSite\",\"@id\":\"https:\\\/\\\/lasentinelle.dz\\\/#website\",\"url\":\"https:\\\/\\\/lasentinelle.dz\\\/\",\"name\":\"La Sentinelle\",\"description\":\"Quotidien national d&#039;information\",\"publisher\":{\"@id\":\"https:\\\/\\\/lasentinelle.dz\\\/#organization\"},\"potentialAction\":[{\"@type\":\"SearchAction\",\"target\":{\"@type\":\"EntryPoint\",\"urlTemplate\":\"https:\\\/\\\/lasentinelle.dz\\\/?s={search_term_string}\"},\"query-input\":{\"@type\":\"PropertyValueSpecification\",\"valueRequired\":true,\"valueName\":\"search_term_string\"}}],\"inLanguage\":\"fr-FR\"},{\"@type\":\"Organization\",\"@id\":\"https:\\\/\\\/lasentinelle.dz\\\/#organization\",\"name\":\"Quotidien La Sentinelle\",\"url\":\"https:\\\/\\\/lasentinelle.dz\\\/\",\"logo\":{\"@type\":\"ImageObject\",\"inLanguage\":\"fr-FR\",\"@id\":\"https:\\\/\\\/lasentinelle.dz\\\/#\\\/schema\\\/logo\\\/image\\\/\",\"url\":\"https:\\\/\\\/lasentinelle.dz\\\/wp-content\\\/uploads\\\/2021\\\/09\\\/logo-sentinelleSLOGAN-1.png\",\"contentUrl\":\"https:\\\/\\\/lasentinelle.dz\\\/wp-content\\\/uploads\\\/2021\\\/09\\\/logo-sentinelleSLOGAN-1.png\",\"width\":615,\"height\":142,\"caption\":\"Quotidien La Sentinelle\"},\"image\":{\"@id\":\"https:\\\/\\\/lasentinelle.dz\\\/#\\\/schema\\\/logo\\\/image\\\/\"},\"sameAs\":[\"https:\\\/\\\/www.facebook.com\\\/La-Sentinelle-104059864394773\"]},{\"@type\":\"Person\",\"@id\":\"https:\\\/\\\/lasentinelle.dz\\\/#\\\/schema\\\/person\\\/d865044e22e70a75174ce8bcad3acfb3\",\"name\":\"La Sentinelle\",\"image\":{\"@type\":\"ImageObject\",\"inLanguage\":\"fr-FR\",\"@id\":\"https:\\\/\\\/secure.gravatar.com\\\/avatar\\\/57de8e5d4b15d43fb361a71fbb36338450fe67865b528a43dd10ef7c51a20392?s=96&d=mm&r=g\",\"url\":\"https:\\\/\\\/secure.gravatar.com\\\/avatar\\\/57de8e5d4b15d43fb361a71fbb36338450fe67865b528a43dd10ef7c51a20392?s=96&d=mm&r=g\",\"contentUrl\":\"https:\\\/\\\/secure.gravatar.com\\\/avatar\\\/57de8e5d4b15d43fb361a71fbb36338450fe67865b528a43dd10ef7c51a20392?s=96&d=mm&r=g\",\"caption\":\"La Sentinelle\"},\"sameAs\":[\"http:\\\/\\\/www.lasentinelle.dz\"],\"url\":\"https:\\\/\\\/lasentinelle.dz\\\/author\\\/redaction\\\/\"}]}<\/script>\n<!-- \/ Yoast SEO plugin. -->","yoast_head_json":{"title":"Pr. Abdelmajid Zaalani, pr\u00e9sident du CNDH\u00a0: \u00ab\u00a0La participation de tous est n\u00e9cessaire pour promouvoir et prot\u00e9ger les droits de l&rsquo;Homme\u00a0\u00bb - La Sentinelle","robots":{"index":"index","follow":"follow","max-snippet":"max-snippet:-1","max-image-preview":"max-image-preview:large","max-video-preview":"max-video-preview:-1"},"canonical":"https:\/\/lasentinelle.dz\/index.php\/2022\/11\/14\/pr-abdelmajid-zaalani-president-du-cndh-la-participation-de-tous-est-necessaire-pour-promouvoir-et-proteger-les-droits-de-lhomme\/","og_locale":"fr_FR","og_type":"article","og_title":"Pr. Abdelmajid Zaalani, pr\u00e9sident du CNDH\u00a0: \u00ab\u00a0La participation de tous est n\u00e9cessaire pour promouvoir et prot\u00e9ger les droits de l&rsquo;Homme\u00a0\u00bb - La Sentinelle","og_description":"Le pr\u00e9sident du Conseil national des droits de l&rsquo;homme, le Pr. Abdelmajid Zaalani, a affirm\u00e9 hier lors de son intervention","og_url":"https:\/\/lasentinelle.dz\/index.php\/2022\/11\/14\/pr-abdelmajid-zaalani-president-du-cndh-la-participation-de-tous-est-necessaire-pour-promouvoir-et-proteger-les-droits-de-lhomme\/","og_site_name":"La Sentinelle","article_publisher":"https:\/\/www.facebook.com\/La-Sentinelle-104059864394773","article_published_time":"2022-11-14T21:05:00+00:00","og_image":[{"width":1427,"height":900,"url":"https:\/\/lasentinelle.dz\/wp-content\/uploads\/2022\/11\/Sans-titre-10.png","type":"image\/png"}],"author":"La Sentinelle","twitter_card":"summary_large_image","twitter_misc":{"\u00c9crit par":"La Sentinelle","Dur\u00e9e de lecture estim\u00e9e":"2 minutes"},"schema":{"@context":"https:\/\/schema.org","@graph":[{"@type":"Article","@id":"https:\/\/lasentinelle.dz\/index.php\/2022\/11\/14\/pr-abdelmajid-zaalani-president-du-cndh-la-participation-de-tous-est-necessaire-pour-promouvoir-et-proteger-les-droits-de-lhomme\/#article","isPartOf":{"@id":"https:\/\/lasentinelle.dz\/index.php\/2022\/11\/14\/pr-abdelmajid-zaalani-president-du-cndh-la-participation-de-tous-est-necessaire-pour-promouvoir-et-proteger-les-droits-de-lhomme\/"},"author":{"name":"La Sentinelle","@id":"https:\/\/lasentinelle.dz\/#\/schema\/person\/d865044e22e70a75174ce8bcad3acfb3"},"headline":"Pr. Abdelmajid Zaalani, pr\u00e9sident du CNDH\u00a0: \u00ab\u00a0La participation de tous est n\u00e9cessaire pour promouvoir et prot\u00e9ger les droits de l&rsquo;Homme\u00a0\u00bb","datePublished":"2022-11-14T21:05:00+00:00","mainEntityOfPage":{"@id":"https:\/\/lasentinelle.dz\/index.php\/2022\/11\/14\/pr-abdelmajid-zaalani-president-du-cndh-la-participation-de-tous-est-necessaire-pour-promouvoir-et-proteger-les-droits-de-lhomme\/"},"wordCount":393,"commentCount":0,"publisher":{"@id":"https:\/\/lasentinelle.dz\/#organization"},"image":{"@id":"https:\/\/lasentinelle.dz\/index.php\/2022\/11\/14\/pr-abdelmajid-zaalani-president-du-cndh-la-participation-de-tous-est-necessaire-pour-promouvoir-et-proteger-les-droits-de-lhomme\/#primaryimage"},"thumbnailUrl":"https:\/\/lasentinelle.dz\/wp-content\/uploads\/2022\/11\/Sans-titre-10.png","articleSection":["Actualit\u00e9"],"inLanguage":"fr-FR","potentialAction":[{"@type":"CommentAction","name":"Comment","target":["https:\/\/lasentinelle.dz\/index.php\/2022\/11\/14\/pr-abdelmajid-zaalani-president-du-cndh-la-participation-de-tous-est-necessaire-pour-promouvoir-et-proteger-les-droits-de-lhomme\/#respond"]}]},{"@type":"WebPage","@id":"https:\/\/lasentinelle.dz\/index.php\/2022\/11\/14\/pr-abdelmajid-zaalani-president-du-cndh-la-participation-de-tous-est-necessaire-pour-promouvoir-et-proteger-les-droits-de-lhomme\/","url":"https:\/\/lasentinelle.dz\/index.php\/2022\/11\/14\/pr-abdelmajid-zaalani-president-du-cndh-la-participation-de-tous-est-necessaire-pour-promouvoir-et-proteger-les-droits-de-lhomme\/","name":"Pr. Abdelmajid Zaalani, pr\u00e9sident du CNDH\u00a0: \u00ab\u00a0La participation de tous est n\u00e9cessaire pour promouvoir et prot\u00e9ger les droits de l&rsquo;Homme\u00a0\u00bb - La Sentinelle","isPartOf":{"@id":"https:\/\/lasentinelle.dz\/#website"},"primaryImageOfPage":{"@id":"https:\/\/lasentinelle.dz\/index.php\/2022\/11\/14\/pr-abdelmajid-zaalani-president-du-cndh-la-participation-de-tous-est-necessaire-pour-promouvoir-et-proteger-les-droits-de-lhomme\/#primaryimage"},"image":{"@id":"https:\/\/lasentinelle.dz\/index.php\/2022\/11\/14\/pr-abdelmajid-zaalani-president-du-cndh-la-participation-de-tous-est-necessaire-pour-promouvoir-et-proteger-les-droits-de-lhomme\/#primaryimage"},"thumbnailUrl":"https:\/\/lasentinelle.dz\/wp-content\/uploads\/2022\/11\/Sans-titre-10.png","datePublished":"2022-11-14T21:05:00+00:00","breadcrumb":{"@id":"https:\/\/lasentinelle.dz\/index.php\/2022\/11\/14\/pr-abdelmajid-zaalani-president-du-cndh-la-participation-de-tous-est-necessaire-pour-promouvoir-et-proteger-les-droits-de-lhomme\/#breadcrumb"},"inLanguage":"fr-FR","potentialAction":[{"@type":"ReadAction","target":["https:\/\/lasentinelle.dz\/index.php\/2022\/11\/14\/pr-abdelmajid-zaalani-president-du-cndh-la-participation-de-tous-est-necessaire-pour-promouvoir-et-proteger-les-droits-de-lhomme\/"]}]},{"@type":"ImageObject","inLanguage":"fr-FR","@id":"https:\/\/lasentinelle.dz\/index.php\/2022\/11\/14\/pr-abdelmajid-zaalani-president-du-cndh-la-participation-de-tous-est-necessaire-pour-promouvoir-et-proteger-les-droits-de-lhomme\/#primaryimage","url":"https:\/\/lasentinelle.dz\/wp-content\/uploads\/2022\/11\/Sans-titre-10.png","contentUrl":"https:\/\/lasentinelle.dz\/wp-content\/uploads\/2022\/11\/Sans-titre-10.png","width":1427,"height":900},{"@type":"BreadcrumbList","@id":"https:\/\/lasentinelle.dz\/index.php\/2022\/11\/14\/pr-abdelmajid-zaalani-president-du-cndh-la-participation-de-tous-est-necessaire-pour-promouvoir-et-proteger-les-droits-de-lhomme\/#breadcrumb","itemListElement":[{"@type":"ListItem","position":1,"name":"Accueil","item":"https:\/\/lasentinelle.dz\/"},{"@type":"ListItem","position":2,"name":"Pr. Abdelmajid Zaalani, pr\u00e9sident du CNDH\u00a0: \u00ab\u00a0La participation de tous est n\u00e9cessaire pour promouvoir et prot\u00e9ger les droits de l&rsquo;Homme\u00a0\u00bb"}]},{"@type":"WebSite","@id":"https:\/\/lasentinelle.dz\/#website","url":"https:\/\/lasentinelle.dz\/","name":"La Sentinelle","description":"Quotidien national d&#039;information","publisher":{"@id":"https:\/\/lasentinelle.dz\/#organization"},"potentialAction":[{"@type":"SearchAction","target":{"@type":"EntryPoint","urlTemplate":"https:\/\/lasentinelle.dz\/?s={search_term_string}"},"query-input":{"@type":"PropertyValueSpecification","valueRequired":true,"valueName":"search_term_string"}}],"inLanguage":"fr-FR"},{"@type":"Organization","@id":"https:\/\/lasentinelle.dz\/#organization","name":"Quotidien La Sentinelle","url":"https:\/\/lasentinelle.dz\/","logo":{"@type":"ImageObject","inLanguage":"fr-FR","@id":"https:\/\/lasentinelle.dz\/#\/schema\/logo\/image\/","url":"https:\/\/lasentinelle.dz\/wp-content\/uploads\/2021\/09\/logo-sentinelleSLOGAN-1.png","contentUrl":"https:\/\/lasentinelle.dz\/wp-content\/uploads\/2021\/09\/logo-sentinelleSLOGAN-1.png","width":615,"height":142,"caption":"Quotidien La Sentinelle"},"image":{"@id":"https:\/\/lasentinelle.dz\/#\/schema\/logo\/image\/"},"sameAs":["https:\/\/www.facebook.com\/La-Sentinelle-104059864394773"]},{"@type":"Person","@id":"https:\/\/lasentinelle.dz\/#\/schema\/person\/d865044e22e70a75174ce8bcad3acfb3","name":"La Sentinelle","image":{"@type":"ImageObject","inLanguage":"fr-FR","@id":"https:\/\/secure.gravatar.com\/avatar\/57de8e5d4b15d43fb361a71fbb36338450fe67865b528a43dd10ef7c51a20392?s=96&d=mm&r=g","url":"https:\/\/secure.gravatar.com\/avatar\/57de8e5d4b15d43fb361a71fbb36338450fe67865b528a43dd10ef7c51a20392?s=96&d=mm&r=g","contentUrl":"https:\/\/secure.gravatar.com\/avatar\/57de8e5d4b15d43fb361a71fbb36338450fe67865b528a43dd10ef7c51a20392?s=96&d=mm&r=g","caption":"La Sentinelle"},"sameAs":["http:\/\/www.lasentinelle.dz"],"url":"https:\/\/lasentinelle.dz\/author\/redaction\/"}]}},"_links":{"self":[{"href":"https:\/\/lasentinelle.dz\/index.php\/wp-json\/wp\/v2\/posts\/30771","targetHints":{"allow":["GET"]}}],"collection":[{"href":"https:\/\/lasentinelle.dz\/index.php\/wp-json\/wp\/v2\/posts"}],"about":[{"href":"https:\/\/lasentinelle.dz\/index.php\/wp-json\/wp\/v2\/types\/post"}],"author":[{"embeddable":true,"href":"https:\/\/lasentinelle.dz\/index.php\/wp-json\/wp\/v2\/users\/3"}],"replies":[{"embeddable":true,"href":"https:\/\/lasentinelle.dz\/index.php\/wp-json\/wp\/v2\/comments?post=30771"}],"version-history":[{"count":1,"href":"https:\/\/lasentinelle.dz\/index.php\/wp-json\/wp\/v2\/posts\/30771\/revisions"}],"predecessor-version":[{"id":30777,"href":"https:\/\/lasentinelle.dz\/index.php\/wp-json\/wp\/v2\/posts\/30771\/revisions\/30777"}],"wp:featuredmedia":[{"embeddable":true,"href":"https:\/\/lasentinelle.dz\/index.php\/wp-json\/wp\/v2\/media\/30776"}],"wp:attachment":[{"href":"https:\/\/lasentinelle.dz\/index.php\/wp-json\/wp\/v2\/media?parent=30771"}],"wp:term":[{"taxonomy":"category","embeddable":true,"href":"https:\/\/lasentinelle.dz\/index.php\/wp-json\/wp\/v2\/categories?post=30771"},{"taxonomy":"post_tag","embeddable":true,"href":"https:\/\/lasentinelle.dz\/index.php\/wp-json\/wp\/v2\/tags?post=30771"}],"curies":[{"name":"wp","href":"https:\/\/api.w.org\/{rel}","templated":true}]}}