{"id":30775,"date":"2022-11-14T23:05:00","date_gmt":"2022-11-14T22:05:00","guid":{"rendered":"https:\/\/lasentinelle.dz\/?p=30775"},"modified":"2022-11-14T21:24:21","modified_gmt":"2022-11-14T20:24:21","slug":"entrepreneuriat-deux-textes-adoptes-par-lapn","status":"publish","type":"post","link":"https:\/\/lasentinelle.dz\/index.php\/2022\/11\/14\/entrepreneuriat-deux-textes-adoptes-par-lapn\/","title":{"rendered":"Entrepreneuriat\u00a0: Deux textes adopt\u00e9s par l\u2019APN"},"content":{"rendered":"\n<p>Les d\u00e9put\u00e9s de l&rsquo;Assembl\u00e9e populaire nationale (APN) ont adopt\u00e9, hier, deux textes destin\u00e9s \u00e0 promouvoir l\u2019entrepreneuriat et encourager le d\u00e9veloppement des PME. Il s\u2019agit en premier lieudu projet de loi compl\u00e9tant l&rsquo;ordonnance portant statut g\u00e9n\u00e9ral de la fonction publique et consacrant le droit \u00e0 un cong\u00e9 pour cr\u00e9ation d&rsquo;entreprise au profit des fonctionnaires.Apr\u00e8s le vote du projet de loi, le ministre du Travail a affirm\u00e9 que ce texte, favorablement accueilli par les d\u00e9put\u00e9s, constituait \u00ab\u00a0un jalon suppl\u00e9mentaire dans notre syst\u00e8me l\u00e9gislatif relatif au travail\u00a0\u00bb, qui contribuerait \u00e0 \u00ab\u00a0l&rsquo;ouverture de nouvelles perspectives dans le domaine de la cr\u00e9ation d&#8217;emplois\u00a0\u00bb.<\/p>\n\n\n\n<p>L\u2019APN a \u00e9galement adopt\u00e9 le projet de loi portant statut de l&rsquo;auto-entrepreneur.A l&rsquo;issue de l&rsquo;adoption de la loi, M. El Mahdi Oualid a soulign\u00e9 que cette loi constituait une \u00ab\u00a0\u00e9tape importante marquant la&nbsp; lib\u00e9ration de l&rsquo;initiative dans le domaine de l&rsquo;entrepreneuriat\u00a0\u00bb, ajoutant qu&rsquo;elle \u00ab\u00a0contribuera \u00e0 booster le d\u00e9veloppement en r\u00e9duisant l&rsquo;\u00e9conomie parall\u00e8le, outre son r\u00f4le crucial dans la gestion du cadre social des porteurs d&rsquo;initiatives\u00a0\u00bb.\u00a0\u00bbNous avons consentis des efforts colossaux pendant plus d&rsquo;un an pour mettre en place ce cadre juridique consensuel sur les nouveaux m\u00e9tiers non encadr\u00e9s\u00a0\u00bb, a-t-il d\u00e9clar\u00e9.Selon le rapport compl\u00e9mentaire de la commission, pr\u00e9sent\u00e9 au cours de la s\u00e9ance, 32 propositions d&rsquo;amendement ont \u00e9t\u00e9 pr\u00e9sent\u00e9es par les d\u00e9put\u00e9s et soumises \u00e0 la commission des affaires \u00e9conomiques, du d\u00e9veloppement, de l&rsquo;industrie et de planification.Un amendement a \u00e9t\u00e9 introduit \u00e0 l&rsquo;article 3 pour donner \u00e0 tout un chacun la possibilit\u00e9 de b\u00e9n\u00e9ficier de la carte d&rsquo;auto-entrepreneur, qu&rsquo;il soit alg\u00e9rien ou \u00e9tranger, conform\u00e9ment \u00e0 la l\u00e9gislation et \u00e0 la r\u00e9glementation en vigueur, outre l&rsquo;amendement de l&rsquo;article 15 avec l&rsquo;introduction du d\u00e9lai de 15 jours \u00e0 compter de la date de la d\u00e9cision de radiation, accord\u00e9 au concern\u00e9.Le pr\u00e9sent texte permettra d&rsquo;organiser les nouvelles activit\u00e9s \u00e9conomiques lib\u00e9rales et d&rsquo;inciter leurs promoteurs \u00e0 int\u00e9grer l&rsquo;\u00e9conomie formelle, ajoute le ministre.Le nouveau cadre juridique permettra aussi aux jeunes du secteur informel, d&rsquo;exercer leurs activit\u00e9s dans un cadre officiel et de b\u00e9n\u00e9ficier d&rsquo;une couverture sociale.Le projet de loi d\u00e9finit l&rsquo;auto-entrepreneur comme \u00e9tant \u00ab\u00a0toute personne physique qui pratique une activit\u00e9 individuelle lucrative inscrite dans la liste des activit\u00e9s \u00e9ligibles pour b\u00e9n\u00e9ficier du statut de l&rsquo;auto-entrepreneur et dont le chiffre d&rsquo;affaires annuel ne d\u00e9passe pas le seuil fix\u00e9 par la l\u00e9gislation en vigueur\u00a0\u00bb.<\/p>\n\n\n\n<p>R.N.<\/p>\n","protected":false},"excerpt":{"rendered":"<p>Les d\u00e9put\u00e9s de l&rsquo;Assembl\u00e9e populaire nationale (APN) ont adopt\u00e9, hier, deux textes destin\u00e9s \u00e0 promouvoir l\u2019entrepreneuriat et encourager le d\u00e9veloppement<\/p>\n","protected":false},"author":3,"featured_media":30787,"comment_status":"open","ping_status":"closed","sticky":false,"template":"","format":"standard","meta":{"colormag_page_container_layout":"default_layout","colormag_page_sidebar_layout":"default_layout","om_disable_all_campaigns":false,"_monsterinsights_skip_tracking":false,"_monsterinsights_sitenote_active":false,"_monsterinsights_sitenote_note":"","_monsterinsights_sitenote_category":0,"footnotes":"","_wpscppro_dont_share_socialmedia":false,"_wpscppro_custom_social_share_image":0,"_facebook_share_type":"","_twitter_share_type":"","_linkedin_share_type":"","_pinterest_share_type":"","_linkedin_share_type_page":"","_instagram_share_type":"","_medium_share_type":"","_threads_share_type":"","_google_business_share_type":"","_selected_social_profile":[],"_wpsp_enable_custom_social_template":false,"_wpsp_social_scheduling":{"enabled":false,"datetime":null,"platforms":[],"status":"template_only","dateOption":"today","timeOption":"now","customDays":"","customHours":"","customDate":"","customTime":"","schedulingType":"absolute"},"_wpsp_active_default_template":true},"categories":[27],"tags":[],"class_list":["post-30775","post","type-post","status-publish","format-standard","has-post-thumbnail","hentry","category-actualite"],"aioseo_notices":[],"yoast_head":"<!-- This site is optimized with the Yoast SEO plugin v27.4 - https:\/\/yoast.com\/product\/yoast-seo-wordpress\/ -->\n<title>Entrepreneuriat\u00a0: Deux textes adopt\u00e9s par l\u2019APN - La Sentinelle<\/title>\n<meta name=\"robots\" content=\"index, follow, max-snippet:-1, max-image-preview:large, max-video-preview:-1\" \/>\n<link rel=\"canonical\" href=\"https:\/\/lasentinelle.dz\/index.php\/2022\/11\/14\/entrepreneuriat-deux-textes-adoptes-par-lapn\/\" \/>\n<meta property=\"og:locale\" content=\"fr_FR\" \/>\n<meta property=\"og:type\" content=\"article\" \/>\n<meta property=\"og:title\" content=\"Entrepreneuriat\u00a0: Deux textes adopt\u00e9s par l\u2019APN - La Sentinelle\" \/>\n<meta property=\"og:description\" content=\"Les d\u00e9put\u00e9s de l&rsquo;Assembl\u00e9e populaire nationale (APN) ont adopt\u00e9, hier, deux textes destin\u00e9s \u00e0 promouvoir l\u2019entrepreneuriat et encourager le d\u00e9veloppement\" \/>\n<meta property=\"og:url\" content=\"https:\/\/lasentinelle.dz\/index.php\/2022\/11\/14\/entrepreneuriat-deux-textes-adoptes-par-lapn\/\" \/>\n<meta property=\"og:site_name\" content=\"La Sentinelle\" \/>\n<meta property=\"article:publisher\" content=\"https:\/\/www.facebook.com\/La-Sentinelle-104059864394773\" \/>\n<meta property=\"article:published_time\" content=\"2022-11-14T22:05:00+00:00\" \/>\n<meta property=\"og:image\" content=\"https:\/\/lasentinelle.dz\/wp-content\/uploads\/2022\/11\/image_2022-11-14_212341380.png\" \/>\n\t<meta property=\"og:image:width\" content=\"869\" \/>\n\t<meta property=\"og:image:height\" content=\"783\" \/>\n\t<meta property=\"og:image:type\" content=\"image\/png\" \/>\n<meta name=\"author\" content=\"La Sentinelle\" \/>\n<meta name=\"twitter:card\" content=\"summary_large_image\" \/>\n<meta name=\"twitter:label1\" content=\"\u00c9crit par\" \/>\n\t<meta name=\"twitter:data1\" content=\"La Sentinelle\" \/>\n\t<meta name=\"twitter:label2\" content=\"Dur\u00e9e de lecture estim\u00e9e\" \/>\n\t<meta name=\"twitter:data2\" content=\"2 minutes\" \/>\n<script type=\"application\/ld+json\" class=\"yoast-schema-graph\">{\"@context\":\"https:\\\/\\\/schema.org\",\"@graph\":[{\"@type\":\"Article\",\"@id\":\"https:\\\/\\\/lasentinelle.dz\\\/index.php\\\/2022\\\/11\\\/14\\\/entrepreneuriat-deux-textes-adoptes-par-lapn\\\/#article\",\"isPartOf\":{\"@id\":\"https:\\\/\\\/lasentinelle.dz\\\/index.php\\\/2022\\\/11\\\/14\\\/entrepreneuriat-deux-textes-adoptes-par-lapn\\\/\"},\"author\":{\"name\":\"La Sentinelle\",\"@id\":\"https:\\\/\\\/lasentinelle.dz\\\/#\\\/schema\\\/person\\\/d865044e22e70a75174ce8bcad3acfb3\"},\"headline\":\"Entrepreneuriat\u00a0: Deux textes adopt\u00e9s par l\u2019APN\",\"datePublished\":\"2022-11-14T22:05:00+00:00\",\"mainEntityOfPage\":{\"@id\":\"https:\\\/\\\/lasentinelle.dz\\\/index.php\\\/2022\\\/11\\\/14\\\/entrepreneuriat-deux-textes-adoptes-par-lapn\\\/\"},\"wordCount\":464,\"commentCount\":0,\"publisher\":{\"@id\":\"https:\\\/\\\/lasentinelle.dz\\\/#organization\"},\"image\":{\"@id\":\"https:\\\/\\\/lasentinelle.dz\\\/index.php\\\/2022\\\/11\\\/14\\\/entrepreneuriat-deux-textes-adoptes-par-lapn\\\/#primaryimage\"},\"thumbnailUrl\":\"https:\\\/\\\/lasentinelle.dz\\\/wp-content\\\/uploads\\\/2022\\\/11\\\/image_2022-11-14_212341380.png\",\"articleSection\":[\"Actualit\u00e9\"],\"inLanguage\":\"fr-FR\",\"potentialAction\":[{\"@type\":\"CommentAction\",\"name\":\"Comment\",\"target\":[\"https:\\\/\\\/lasentinelle.dz\\\/index.php\\\/2022\\\/11\\\/14\\\/entrepreneuriat-deux-textes-adoptes-par-lapn\\\/#respond\"]}]},{\"@type\":\"WebPage\",\"@id\":\"https:\\\/\\\/lasentinelle.dz\\\/index.php\\\/2022\\\/11\\\/14\\\/entrepreneuriat-deux-textes-adoptes-par-lapn\\\/\",\"url\":\"https:\\\/\\\/lasentinelle.dz\\\/index.php\\\/2022\\\/11\\\/14\\\/entrepreneuriat-deux-textes-adoptes-par-lapn\\\/\",\"name\":\"Entrepreneuriat\u00a0: Deux textes adopt\u00e9s par l\u2019APN - La Sentinelle\",\"isPartOf\":{\"@id\":\"https:\\\/\\\/lasentinelle.dz\\\/#website\"},\"primaryImageOfPage\":{\"@id\":\"https:\\\/\\\/lasentinelle.dz\\\/index.php\\\/2022\\\/11\\\/14\\\/entrepreneuriat-deux-textes-adoptes-par-lapn\\\/#primaryimage\"},\"image\":{\"@id\":\"https:\\\/\\\/lasentinelle.dz\\\/index.php\\\/2022\\\/11\\\/14\\\/entrepreneuriat-deux-textes-adoptes-par-lapn\\\/#primaryimage\"},\"thumbnailUrl\":\"https:\\\/\\\/lasentinelle.dz\\\/wp-content\\\/uploads\\\/2022\\\/11\\\/image_2022-11-14_212341380.png\",\"datePublished\":\"2022-11-14T22:05:00+00:00\",\"breadcrumb\":{\"@id\":\"https:\\\/\\\/lasentinelle.dz\\\/index.php\\\/2022\\\/11\\\/14\\\/entrepreneuriat-deux-textes-adoptes-par-lapn\\\/#breadcrumb\"},\"inLanguage\":\"fr-FR\",\"potentialAction\":[{\"@type\":\"ReadAction\",\"target\":[\"https:\\\/\\\/lasentinelle.dz\\\/index.php\\\/2022\\\/11\\\/14\\\/entrepreneuriat-deux-textes-adoptes-par-lapn\\\/\"]}]},{\"@type\":\"ImageObject\",\"inLanguage\":\"fr-FR\",\"@id\":\"https:\\\/\\\/lasentinelle.dz\\\/index.php\\\/2022\\\/11\\\/14\\\/entrepreneuriat-deux-textes-adoptes-par-lapn\\\/#primaryimage\",\"url\":\"https:\\\/\\\/lasentinelle.dz\\\/wp-content\\\/uploads\\\/2022\\\/11\\\/image_2022-11-14_212341380.png\",\"contentUrl\":\"https:\\\/\\\/lasentinelle.dz\\\/wp-content\\\/uploads\\\/2022\\\/11\\\/image_2022-11-14_212341380.png\",\"width\":869,\"height\":783},{\"@type\":\"BreadcrumbList\",\"@id\":\"https:\\\/\\\/lasentinelle.dz\\\/index.php\\\/2022\\\/11\\\/14\\\/entrepreneuriat-deux-textes-adoptes-par-lapn\\\/#breadcrumb\",\"itemListElement\":[{\"@type\":\"ListItem\",\"position\":1,\"name\":\"Accueil\",\"item\":\"https:\\\/\\\/lasentinelle.dz\\\/\"},{\"@type\":\"ListItem\",\"position\":2,\"name\":\"Entrepreneuriat\u00a0: Deux textes adopt\u00e9s par l\u2019APN\"}]},{\"@type\":\"WebSite\",\"@id\":\"https:\\\/\\\/lasentinelle.dz\\\/#website\",\"url\":\"https:\\\/\\\/lasentinelle.dz\\\/\",\"name\":\"La Sentinelle\",\"description\":\"Quotidien national d&#039;information\",\"publisher\":{\"@id\":\"https:\\\/\\\/lasentinelle.dz\\\/#organization\"},\"potentialAction\":[{\"@type\":\"SearchAction\",\"target\":{\"@type\":\"EntryPoint\",\"urlTemplate\":\"https:\\\/\\\/lasentinelle.dz\\\/?s={search_term_string}\"},\"query-input\":{\"@type\":\"PropertyValueSpecification\",\"valueRequired\":true,\"valueName\":\"search_term_string\"}}],\"inLanguage\":\"fr-FR\"},{\"@type\":\"Organization\",\"@id\":\"https:\\\/\\\/lasentinelle.dz\\\/#organization\",\"name\":\"Quotidien La Sentinelle\",\"url\":\"https:\\\/\\\/lasentinelle.dz\\\/\",\"logo\":{\"@type\":\"ImageObject\",\"inLanguage\":\"fr-FR\",\"@id\":\"https:\\\/\\\/lasentinelle.dz\\\/#\\\/schema\\\/logo\\\/image\\\/\",\"url\":\"https:\\\/\\\/lasentinelle.dz\\\/wp-content\\\/uploads\\\/2021\\\/09\\\/logo-sentinelleSLOGAN-1.png\",\"contentUrl\":\"https:\\\/\\\/lasentinelle.dz\\\/wp-content\\\/uploads\\\/2021\\\/09\\\/logo-sentinelleSLOGAN-1.png\",\"width\":615,\"height\":142,\"caption\":\"Quotidien La Sentinelle\"},\"image\":{\"@id\":\"https:\\\/\\\/lasentinelle.dz\\\/#\\\/schema\\\/logo\\\/image\\\/\"},\"sameAs\":[\"https:\\\/\\\/www.facebook.com\\\/La-Sentinelle-104059864394773\"]},{\"@type\":\"Person\",\"@id\":\"https:\\\/\\\/lasentinelle.dz\\\/#\\\/schema\\\/person\\\/d865044e22e70a75174ce8bcad3acfb3\",\"name\":\"La Sentinelle\",\"image\":{\"@type\":\"ImageObject\",\"inLanguage\":\"fr-FR\",\"@id\":\"https:\\\/\\\/secure.gravatar.com\\\/avatar\\\/57de8e5d4b15d43fb361a71fbb36338450fe67865b528a43dd10ef7c51a20392?s=96&d=mm&r=g\",\"url\":\"https:\\\/\\\/secure.gravatar.com\\\/avatar\\\/57de8e5d4b15d43fb361a71fbb36338450fe67865b528a43dd10ef7c51a20392?s=96&d=mm&r=g\",\"contentUrl\":\"https:\\\/\\\/secure.gravatar.com\\\/avatar\\\/57de8e5d4b15d43fb361a71fbb36338450fe67865b528a43dd10ef7c51a20392?s=96&d=mm&r=g\",\"caption\":\"La Sentinelle\"},\"sameAs\":[\"http:\\\/\\\/www.lasentinelle.dz\"],\"url\":\"https:\\\/\\\/lasentinelle.dz\\\/author\\\/redaction\\\/\"}]}<\/script>\n<!-- \/ Yoast SEO plugin. -->","yoast_head_json":{"title":"Entrepreneuriat\u00a0: Deux textes adopt\u00e9s par l\u2019APN - La Sentinelle","robots":{"index":"index","follow":"follow","max-snippet":"max-snippet:-1","max-image-preview":"max-image-preview:large","max-video-preview":"max-video-preview:-1"},"canonical":"https:\/\/lasentinelle.dz\/index.php\/2022\/11\/14\/entrepreneuriat-deux-textes-adoptes-par-lapn\/","og_locale":"fr_FR","og_type":"article","og_title":"Entrepreneuriat\u00a0: Deux textes adopt\u00e9s par l\u2019APN - La Sentinelle","og_description":"Les d\u00e9put\u00e9s de l&rsquo;Assembl\u00e9e populaire nationale (APN) ont adopt\u00e9, hier, deux textes destin\u00e9s \u00e0 promouvoir l\u2019entrepreneuriat et encourager le d\u00e9veloppement","og_url":"https:\/\/lasentinelle.dz\/index.php\/2022\/11\/14\/entrepreneuriat-deux-textes-adoptes-par-lapn\/","og_site_name":"La Sentinelle","article_publisher":"https:\/\/www.facebook.com\/La-Sentinelle-104059864394773","article_published_time":"2022-11-14T22:05:00+00:00","og_image":[{"width":869,"height":783,"url":"https:\/\/lasentinelle.dz\/wp-content\/uploads\/2022\/11\/image_2022-11-14_212341380.png","type":"image\/png"}],"author":"La Sentinelle","twitter_card":"summary_large_image","twitter_misc":{"\u00c9crit par":"La Sentinelle","Dur\u00e9e de lecture estim\u00e9e":"2 minutes"},"schema":{"@context":"https:\/\/schema.org","@graph":[{"@type":"Article","@id":"https:\/\/lasentinelle.dz\/index.php\/2022\/11\/14\/entrepreneuriat-deux-textes-adoptes-par-lapn\/#article","isPartOf":{"@id":"https:\/\/lasentinelle.dz\/index.php\/2022\/11\/14\/entrepreneuriat-deux-textes-adoptes-par-lapn\/"},"author":{"name":"La Sentinelle","@id":"https:\/\/lasentinelle.dz\/#\/schema\/person\/d865044e22e70a75174ce8bcad3acfb3"},"headline":"Entrepreneuriat\u00a0: Deux textes adopt\u00e9s par l\u2019APN","datePublished":"2022-11-14T22:05:00+00:00","mainEntityOfPage":{"@id":"https:\/\/lasentinelle.dz\/index.php\/2022\/11\/14\/entrepreneuriat-deux-textes-adoptes-par-lapn\/"},"wordCount":464,"commentCount":0,"publisher":{"@id":"https:\/\/lasentinelle.dz\/#organization"},"image":{"@id":"https:\/\/lasentinelle.dz\/index.php\/2022\/11\/14\/entrepreneuriat-deux-textes-adoptes-par-lapn\/#primaryimage"},"thumbnailUrl":"https:\/\/lasentinelle.dz\/wp-content\/uploads\/2022\/11\/image_2022-11-14_212341380.png","articleSection":["Actualit\u00e9"],"inLanguage":"fr-FR","potentialAction":[{"@type":"CommentAction","name":"Comment","target":["https:\/\/lasentinelle.dz\/index.php\/2022\/11\/14\/entrepreneuriat-deux-textes-adoptes-par-lapn\/#respond"]}]},{"@type":"WebPage","@id":"https:\/\/lasentinelle.dz\/index.php\/2022\/11\/14\/entrepreneuriat-deux-textes-adoptes-par-lapn\/","url":"https:\/\/lasentinelle.dz\/index.php\/2022\/11\/14\/entrepreneuriat-deux-textes-adoptes-par-lapn\/","name":"Entrepreneuriat\u00a0: Deux textes adopt\u00e9s par l\u2019APN - La Sentinelle","isPartOf":{"@id":"https:\/\/lasentinelle.dz\/#website"},"primaryImageOfPage":{"@id":"https:\/\/lasentinelle.dz\/index.php\/2022\/11\/14\/entrepreneuriat-deux-textes-adoptes-par-lapn\/#primaryimage"},"image":{"@id":"https:\/\/lasentinelle.dz\/index.php\/2022\/11\/14\/entrepreneuriat-deux-textes-adoptes-par-lapn\/#primaryimage"},"thumbnailUrl":"https:\/\/lasentinelle.dz\/wp-content\/uploads\/2022\/11\/image_2022-11-14_212341380.png","datePublished":"2022-11-14T22:05:00+00:00","breadcrumb":{"@id":"https:\/\/lasentinelle.dz\/index.php\/2022\/11\/14\/entrepreneuriat-deux-textes-adoptes-par-lapn\/#breadcrumb"},"inLanguage":"fr-FR","potentialAction":[{"@type":"ReadAction","target":["https:\/\/lasentinelle.dz\/index.php\/2022\/11\/14\/entrepreneuriat-deux-textes-adoptes-par-lapn\/"]}]},{"@type":"ImageObject","inLanguage":"fr-FR","@id":"https:\/\/lasentinelle.dz\/index.php\/2022\/11\/14\/entrepreneuriat-deux-textes-adoptes-par-lapn\/#primaryimage","url":"https:\/\/lasentinelle.dz\/wp-content\/uploads\/2022\/11\/image_2022-11-14_212341380.png","contentUrl":"https:\/\/lasentinelle.dz\/wp-content\/uploads\/2022\/11\/image_2022-11-14_212341380.png","width":869,"height":783},{"@type":"BreadcrumbList","@id":"https:\/\/lasentinelle.dz\/index.php\/2022\/11\/14\/entrepreneuriat-deux-textes-adoptes-par-lapn\/#breadcrumb","itemListElement":[{"@type":"ListItem","position":1,"name":"Accueil","item":"https:\/\/lasentinelle.dz\/"},{"@type":"ListItem","position":2,"name":"Entrepreneuriat\u00a0: Deux textes adopt\u00e9s par l\u2019APN"}]},{"@type":"WebSite","@id":"https:\/\/lasentinelle.dz\/#website","url":"https:\/\/lasentinelle.dz\/","name":"La Sentinelle","description":"Quotidien national d&#039;information","publisher":{"@id":"https:\/\/lasentinelle.dz\/#organization"},"potentialAction":[{"@type":"SearchAction","target":{"@type":"EntryPoint","urlTemplate":"https:\/\/lasentinelle.dz\/?s={search_term_string}"},"query-input":{"@type":"PropertyValueSpecification","valueRequired":true,"valueName":"search_term_string"}}],"inLanguage":"fr-FR"},{"@type":"Organization","@id":"https:\/\/lasentinelle.dz\/#organization","name":"Quotidien La Sentinelle","url":"https:\/\/lasentinelle.dz\/","logo":{"@type":"ImageObject","inLanguage":"fr-FR","@id":"https:\/\/lasentinelle.dz\/#\/schema\/logo\/image\/","url":"https:\/\/lasentinelle.dz\/wp-content\/uploads\/2021\/09\/logo-sentinelleSLOGAN-1.png","contentUrl":"https:\/\/lasentinelle.dz\/wp-content\/uploads\/2021\/09\/logo-sentinelleSLOGAN-1.png","width":615,"height":142,"caption":"Quotidien La Sentinelle"},"image":{"@id":"https:\/\/lasentinelle.dz\/#\/schema\/logo\/image\/"},"sameAs":["https:\/\/www.facebook.com\/La-Sentinelle-104059864394773"]},{"@type":"Person","@id":"https:\/\/lasentinelle.dz\/#\/schema\/person\/d865044e22e70a75174ce8bcad3acfb3","name":"La Sentinelle","image":{"@type":"ImageObject","inLanguage":"fr-FR","@id":"https:\/\/secure.gravatar.com\/avatar\/57de8e5d4b15d43fb361a71fbb36338450fe67865b528a43dd10ef7c51a20392?s=96&d=mm&r=g","url":"https:\/\/secure.gravatar.com\/avatar\/57de8e5d4b15d43fb361a71fbb36338450fe67865b528a43dd10ef7c51a20392?s=96&d=mm&r=g","contentUrl":"https:\/\/secure.gravatar.com\/avatar\/57de8e5d4b15d43fb361a71fbb36338450fe67865b528a43dd10ef7c51a20392?s=96&d=mm&r=g","caption":"La Sentinelle"},"sameAs":["http:\/\/www.lasentinelle.dz"],"url":"https:\/\/lasentinelle.dz\/author\/redaction\/"}]}},"_links":{"self":[{"href":"https:\/\/lasentinelle.dz\/index.php\/wp-json\/wp\/v2\/posts\/30775","targetHints":{"allow":["GET"]}}],"collection":[{"href":"https:\/\/lasentinelle.dz\/index.php\/wp-json\/wp\/v2\/posts"}],"about":[{"href":"https:\/\/lasentinelle.dz\/index.php\/wp-json\/wp\/v2\/types\/post"}],"author":[{"embeddable":true,"href":"https:\/\/lasentinelle.dz\/index.php\/wp-json\/wp\/v2\/users\/3"}],"replies":[{"embeddable":true,"href":"https:\/\/lasentinelle.dz\/index.php\/wp-json\/wp\/v2\/comments?post=30775"}],"version-history":[{"count":1,"href":"https:\/\/lasentinelle.dz\/index.php\/wp-json\/wp\/v2\/posts\/30775\/revisions"}],"predecessor-version":[{"id":30788,"href":"https:\/\/lasentinelle.dz\/index.php\/wp-json\/wp\/v2\/posts\/30775\/revisions\/30788"}],"wp:featuredmedia":[{"embeddable":true,"href":"https:\/\/lasentinelle.dz\/index.php\/wp-json\/wp\/v2\/media\/30787"}],"wp:attachment":[{"href":"https:\/\/lasentinelle.dz\/index.php\/wp-json\/wp\/v2\/media?parent=30775"}],"wp:term":[{"taxonomy":"category","embeddable":true,"href":"https:\/\/lasentinelle.dz\/index.php\/wp-json\/wp\/v2\/categories?post=30775"},{"taxonomy":"post_tag","embeddable":true,"href":"https:\/\/lasentinelle.dz\/index.php\/wp-json\/wp\/v2\/tags?post=30775"}],"curies":[{"name":"wp","href":"https:\/\/api.w.org\/{rel}","templated":true}]}}