{"id":30801,"date":"2022-11-15T22:00:00","date_gmt":"2022-11-15T21:00:00","guid":{"rendered":"https:\/\/lasentinelle.dz\/?p=30801"},"modified":"2022-11-15T16:25:55","modified_gmt":"2022-11-15T15:25:55","slug":"proclamation-de-letat-de-palestine-un-tournant-important-dans-lhistoire-de-la-cause-palestinienne","status":"publish","type":"post","link":"https:\/\/lasentinelle.dz\/index.php\/2022\/11\/15\/proclamation-de-letat-de-palestine-un-tournant-important-dans-lhistoire-de-la-cause-palestinienne\/","title":{"rendered":"Proclamation de l&rsquo;Etat de Palestine\u00a0: \u00ab\u00a0Un tournant important\u00a0\u00bb dans l&rsquo;histoire de la cause palestinienne"},"content":{"rendered":"\n<p>Le pr\u00e9sident de l&rsquo;Etat de Palestine, Mahmoud Abbas, a d\u00e9clar\u00e9 que la proclamation, il y a 34 ans \u00e0 Alger, de la cr\u00e9ation de l&rsquo;Etat de Palestine \u00ab\u00a0a constitu\u00e9 un tournant important dans l&rsquo;histoire de la cause palestinienne\u00a0\u00bb, appelant \u00e0 la reconnaissance des droits du peuple palestinien, dont le droit \u00e0 l\u2019\u00e9tablissement de son Etat ind\u00e9pendant avec El-Qods comme capitale.La proclamation le 15 novembre 1988 dans la capitale alg\u00e9rienne par le d\u00e9funt pr\u00e9sident Yasser Arafat devant le Conseil national palestinien \u00ab\u00a0a constitu\u00e9 un tournant important et d\u00e9cisif dans l&rsquo;histoire de notre cause, car elle a ouvert la voie au d\u00e9but d&rsquo;une nouvelle phase de lutte bas\u00e9e sur l&rsquo;acceptation de d\u00e9cisions de l\u00e9gitimit\u00e9 internationale\u00a0\u00bb, a d\u00e9clar\u00e9 lundi M. Abbas \u00e0 l&rsquo;occasion du 34e anniversaire de la proclamation de l&rsquo;Etat de Palestine.Le pr\u00e9sident palestinien a ajout\u00e9 que \u00ab\u00a0le peuple palestinien c\u00e9l\u00e8bre aujourd&rsquo;hui le 34e anniversaire de la +D\u00e9claration d&rsquo;ind\u00e9pendance+, adh\u00e9rant fermement \u00e0 ses principes nationaux malgr\u00e9 tous les crimes commis par l&rsquo;occupation\u00a0\u00bb sioniste.\u00a0\u00bbGr\u00e2ce \u00e0 ces sacrifices consentis pour prot\u00e9ger nos droits l\u00e9gitimes et pr\u00e9server la d\u00e9cision nationale ind\u00e9pendante, nous avons obtenu la reconnaissance de plus de 140 pays et l&rsquo;Etat de Palestine a rejoint des dizaines d&rsquo;organisations et d&rsquo;institutions internationales\u00a0\u00bb, a tenu \u00e0 rappeler M. Abbas.Il a, en outre, soulign\u00e9 que \u00ab\u00a0notre reconnaissance de la l\u00e9gitimit\u00e9 internationale et l&rsquo;adoption de ses r\u00e9solutions comme r\u00e9f\u00e9rence, pour parvenir \u00e0 une paix juste et globale exige de la communaut\u00e9 internationale, de faire pression sur l&rsquo;occupation pour la forcer \u00e0 accepter les r\u00e9solutions de l&rsquo;ONU et \u00e0 rejeter la politique des deux poids deux mesures\u00a0\u00bb.\u00a0\u00bbNous n&rsquo;accepterons pas la poursuite \u00e9ternelle de l&rsquo;occupation, et nous adopterons des positions s\u00e9rieuses et fermes pour prot\u00e9ger les droits de notre peuple\u00a0\u00bb, a conclu le Pr\u00e9sident Abbas.<\/p>\n\n\n\n<p>Le 15 novembre 1988, au Palais des Nations, \u00e0 Club des Pins \u00e0 Alger, le d\u00e9funt dirigeant Yasser Arafat a proclam\u00e9 dans son c\u00e9l\u00e8bre discours devant le Conseil national de l&rsquo;Organisation de lib\u00e9ration de la Palestine (OLP), la cr\u00e9ation de l&rsquo;Etat palestinien avec comme capitale El-Qods Al-Charif.\u00a0\u00bbLe Conseil national palestinien, au nom d\u2019Allah et au nom du peuple arabe palestinien, proclame l&rsquo;\u00e9tablissement de l&rsquo;Etat de Palestine sur notre terre palestinienne, avec pour capitale El-Qods\u00a0\u00bb, avait d\u00e9clar\u00e9 Yasser Arafat.Le document de la d\u00e9claration, connu sous le nom de la +D\u00e9claration d&rsquo;ind\u00e9pendance+, appelait \u00e0 poursuivre la lutte pour mettre fin \u00e0 l&rsquo;occupation sioniste et consolider la souverainet\u00e9 et l&rsquo;ind\u00e9pendance.La d\u00e9claration a \u00e9galement soulign\u00e9 que la Palestine \u00ab\u00a0est un Etat \u00e9pris de paix, attach\u00e9 aux principes de coexistence pacifique. Il coop\u00e9rera avec tous les Etats et les peuples du monde pour instaurer une paix durable et croit en la r\u00e9solution pacifique des probl\u00e8mes internationaux et r\u00e9gionaux\u00a0\u00bb.<\/p>\n\n\n\n<p>APS<\/p>\n","protected":false},"excerpt":{"rendered":"<p>Le pr\u00e9sident de l&rsquo;Etat de Palestine, Mahmoud Abbas, a d\u00e9clar\u00e9 que la proclamation, il y a 34 ans \u00e0 Alger,<\/p>\n","protected":false},"author":3,"featured_media":30812,"comment_status":"open","ping_status":"closed","sticky":false,"template":"","format":"standard","meta":{"colormag_page_container_layout":"default_layout","colormag_page_sidebar_layout":"default_layout","om_disable_all_campaigns":false,"_monsterinsights_skip_tracking":false,"_monsterinsights_sitenote_active":false,"_monsterinsights_sitenote_note":"","_monsterinsights_sitenote_category":0,"footnotes":"","_wpscppro_dont_share_socialmedia":false,"_wpscppro_custom_social_share_image":0,"_facebook_share_type":"","_twitter_share_type":"","_linkedin_share_type":"","_pinterest_share_type":"","_linkedin_share_type_page":"","_instagram_share_type":"","_medium_share_type":"","_threads_share_type":"","_google_business_share_type":"","_selected_social_profile":[],"_wpsp_enable_custom_social_template":false,"_wpsp_social_scheduling":{"enabled":false,"datetime":null,"platforms":[],"status":"template_only","dateOption":"today","timeOption":"now","customDays":"","customHours":"","customDate":"","customTime":"","schedulingType":"absolute"},"_wpsp_active_default_template":true},"categories":[37],"tags":[],"class_list":["post-30801","post","type-post","status-publish","format-standard","has-post-thumbnail","hentry","category-monde"],"aioseo_notices":[],"yoast_head":"<!-- This site is optimized with the Yoast SEO plugin v27.4 - https:\/\/yoast.com\/product\/yoast-seo-wordpress\/ -->\n<title>Proclamation de l&rsquo;Etat de Palestine\u00a0: \u00ab\u00a0Un tournant important\u00a0\u00bb dans l&rsquo;histoire de la cause palestinienne - La Sentinelle<\/title>\n<meta name=\"robots\" content=\"index, follow, max-snippet:-1, max-image-preview:large, max-video-preview:-1\" \/>\n<link rel=\"canonical\" href=\"https:\/\/lasentinelle.dz\/index.php\/2022\/11\/15\/proclamation-de-letat-de-palestine-un-tournant-important-dans-lhistoire-de-la-cause-palestinienne\/\" \/>\n<meta property=\"og:locale\" content=\"fr_FR\" \/>\n<meta property=\"og:type\" content=\"article\" \/>\n<meta property=\"og:title\" content=\"Proclamation de l&rsquo;Etat de Palestine\u00a0: \u00ab\u00a0Un tournant important\u00a0\u00bb dans l&rsquo;histoire de la cause palestinienne - La Sentinelle\" \/>\n<meta property=\"og:description\" content=\"Le pr\u00e9sident de l&rsquo;Etat de Palestine, Mahmoud Abbas, a d\u00e9clar\u00e9 que la proclamation, il y a 34 ans \u00e0 Alger,\" \/>\n<meta property=\"og:url\" content=\"https:\/\/lasentinelle.dz\/index.php\/2022\/11\/15\/proclamation-de-letat-de-palestine-un-tournant-important-dans-lhistoire-de-la-cause-palestinienne\/\" \/>\n<meta property=\"og:site_name\" content=\"La Sentinelle\" \/>\n<meta property=\"article:publisher\" content=\"https:\/\/www.facebook.com\/La-Sentinelle-104059864394773\" \/>\n<meta property=\"article:published_time\" content=\"2022-11-15T21:00:00+00:00\" \/>\n<meta property=\"og:image\" content=\"https:\/\/lasentinelle.dz\/wp-content\/uploads\/2022\/11\/image_2022-11-15_162532214.png\" \/>\n\t<meta property=\"og:image:width\" content=\"1200\" \/>\n\t<meta property=\"og:image:height\" content=\"800\" \/>\n\t<meta property=\"og:image:type\" content=\"image\/png\" \/>\n<meta name=\"author\" content=\"La Sentinelle\" \/>\n<meta name=\"twitter:card\" content=\"summary_large_image\" \/>\n<meta name=\"twitter:label1\" content=\"\u00c9crit par\" \/>\n\t<meta name=\"twitter:data1\" content=\"La Sentinelle\" \/>\n\t<meta name=\"twitter:label2\" content=\"Dur\u00e9e de lecture estim\u00e9e\" \/>\n\t<meta name=\"twitter:data2\" content=\"3 minutes\" \/>\n<script type=\"application\/ld+json\" class=\"yoast-schema-graph\">{\"@context\":\"https:\\\/\\\/schema.org\",\"@graph\":[{\"@type\":\"Article\",\"@id\":\"https:\\\/\\\/lasentinelle.dz\\\/index.php\\\/2022\\\/11\\\/15\\\/proclamation-de-letat-de-palestine-un-tournant-important-dans-lhistoire-de-la-cause-palestinienne\\\/#article\",\"isPartOf\":{\"@id\":\"https:\\\/\\\/lasentinelle.dz\\\/index.php\\\/2022\\\/11\\\/15\\\/proclamation-de-letat-de-palestine-un-tournant-important-dans-lhistoire-de-la-cause-palestinienne\\\/\"},\"author\":{\"name\":\"La Sentinelle\",\"@id\":\"https:\\\/\\\/lasentinelle.dz\\\/#\\\/schema\\\/person\\\/d865044e22e70a75174ce8bcad3acfb3\"},\"headline\":\"Proclamation de l&rsquo;Etat de Palestine\u00a0: \u00ab\u00a0Un tournant important\u00a0\u00bb dans l&rsquo;histoire de la cause palestinienne\",\"datePublished\":\"2022-11-15T21:00:00+00:00\",\"mainEntityOfPage\":{\"@id\":\"https:\\\/\\\/lasentinelle.dz\\\/index.php\\\/2022\\\/11\\\/15\\\/proclamation-de-letat-de-palestine-un-tournant-important-dans-lhistoire-de-la-cause-palestinienne\\\/\"},\"wordCount\":522,\"commentCount\":0,\"publisher\":{\"@id\":\"https:\\\/\\\/lasentinelle.dz\\\/#organization\"},\"image\":{\"@id\":\"https:\\\/\\\/lasentinelle.dz\\\/index.php\\\/2022\\\/11\\\/15\\\/proclamation-de-letat-de-palestine-un-tournant-important-dans-lhistoire-de-la-cause-palestinienne\\\/#primaryimage\"},\"thumbnailUrl\":\"https:\\\/\\\/lasentinelle.dz\\\/wp-content\\\/uploads\\\/2022\\\/11\\\/image_2022-11-15_162532214.png\",\"articleSection\":[\"Monde\"],\"inLanguage\":\"fr-FR\",\"potentialAction\":[{\"@type\":\"CommentAction\",\"name\":\"Comment\",\"target\":[\"https:\\\/\\\/lasentinelle.dz\\\/index.php\\\/2022\\\/11\\\/15\\\/proclamation-de-letat-de-palestine-un-tournant-important-dans-lhistoire-de-la-cause-palestinienne\\\/#respond\"]}]},{\"@type\":\"WebPage\",\"@id\":\"https:\\\/\\\/lasentinelle.dz\\\/index.php\\\/2022\\\/11\\\/15\\\/proclamation-de-letat-de-palestine-un-tournant-important-dans-lhistoire-de-la-cause-palestinienne\\\/\",\"url\":\"https:\\\/\\\/lasentinelle.dz\\\/index.php\\\/2022\\\/11\\\/15\\\/proclamation-de-letat-de-palestine-un-tournant-important-dans-lhistoire-de-la-cause-palestinienne\\\/\",\"name\":\"Proclamation de l&rsquo;Etat de Palestine\u00a0: \u00ab\u00a0Un tournant important\u00a0\u00bb dans l&rsquo;histoire de la cause palestinienne - La Sentinelle\",\"isPartOf\":{\"@id\":\"https:\\\/\\\/lasentinelle.dz\\\/#website\"},\"primaryImageOfPage\":{\"@id\":\"https:\\\/\\\/lasentinelle.dz\\\/index.php\\\/2022\\\/11\\\/15\\\/proclamation-de-letat-de-palestine-un-tournant-important-dans-lhistoire-de-la-cause-palestinienne\\\/#primaryimage\"},\"image\":{\"@id\":\"https:\\\/\\\/lasentinelle.dz\\\/index.php\\\/2022\\\/11\\\/15\\\/proclamation-de-letat-de-palestine-un-tournant-important-dans-lhistoire-de-la-cause-palestinienne\\\/#primaryimage\"},\"thumbnailUrl\":\"https:\\\/\\\/lasentinelle.dz\\\/wp-content\\\/uploads\\\/2022\\\/11\\\/image_2022-11-15_162532214.png\",\"datePublished\":\"2022-11-15T21:00:00+00:00\",\"breadcrumb\":{\"@id\":\"https:\\\/\\\/lasentinelle.dz\\\/index.php\\\/2022\\\/11\\\/15\\\/proclamation-de-letat-de-palestine-un-tournant-important-dans-lhistoire-de-la-cause-palestinienne\\\/#breadcrumb\"},\"inLanguage\":\"fr-FR\",\"potentialAction\":[{\"@type\":\"ReadAction\",\"target\":[\"https:\\\/\\\/lasentinelle.dz\\\/index.php\\\/2022\\\/11\\\/15\\\/proclamation-de-letat-de-palestine-un-tournant-important-dans-lhistoire-de-la-cause-palestinienne\\\/\"]}]},{\"@type\":\"ImageObject\",\"inLanguage\":\"fr-FR\",\"@id\":\"https:\\\/\\\/lasentinelle.dz\\\/index.php\\\/2022\\\/11\\\/15\\\/proclamation-de-letat-de-palestine-un-tournant-important-dans-lhistoire-de-la-cause-palestinienne\\\/#primaryimage\",\"url\":\"https:\\\/\\\/lasentinelle.dz\\\/wp-content\\\/uploads\\\/2022\\\/11\\\/image_2022-11-15_162532214.png\",\"contentUrl\":\"https:\\\/\\\/lasentinelle.dz\\\/wp-content\\\/uploads\\\/2022\\\/11\\\/image_2022-11-15_162532214.png\",\"width\":1200,\"height\":800},{\"@type\":\"BreadcrumbList\",\"@id\":\"https:\\\/\\\/lasentinelle.dz\\\/index.php\\\/2022\\\/11\\\/15\\\/proclamation-de-letat-de-palestine-un-tournant-important-dans-lhistoire-de-la-cause-palestinienne\\\/#breadcrumb\",\"itemListElement\":[{\"@type\":\"ListItem\",\"position\":1,\"name\":\"Accueil\",\"item\":\"https:\\\/\\\/lasentinelle.dz\\\/\"},{\"@type\":\"ListItem\",\"position\":2,\"name\":\"Proclamation de l&rsquo;Etat de Palestine\u00a0: \u00ab\u00a0Un tournant important\u00a0\u00bb dans l&rsquo;histoire de la cause palestinienne\"}]},{\"@type\":\"WebSite\",\"@id\":\"https:\\\/\\\/lasentinelle.dz\\\/#website\",\"url\":\"https:\\\/\\\/lasentinelle.dz\\\/\",\"name\":\"La Sentinelle\",\"description\":\"Quotidien national d&#039;information\",\"publisher\":{\"@id\":\"https:\\\/\\\/lasentinelle.dz\\\/#organization\"},\"potentialAction\":[{\"@type\":\"SearchAction\",\"target\":{\"@type\":\"EntryPoint\",\"urlTemplate\":\"https:\\\/\\\/lasentinelle.dz\\\/?s={search_term_string}\"},\"query-input\":{\"@type\":\"PropertyValueSpecification\",\"valueRequired\":true,\"valueName\":\"search_term_string\"}}],\"inLanguage\":\"fr-FR\"},{\"@type\":\"Organization\",\"@id\":\"https:\\\/\\\/lasentinelle.dz\\\/#organization\",\"name\":\"Quotidien La Sentinelle\",\"url\":\"https:\\\/\\\/lasentinelle.dz\\\/\",\"logo\":{\"@type\":\"ImageObject\",\"inLanguage\":\"fr-FR\",\"@id\":\"https:\\\/\\\/lasentinelle.dz\\\/#\\\/schema\\\/logo\\\/image\\\/\",\"url\":\"https:\\\/\\\/lasentinelle.dz\\\/wp-content\\\/uploads\\\/2021\\\/09\\\/logo-sentinelleSLOGAN-1.png\",\"contentUrl\":\"https:\\\/\\\/lasentinelle.dz\\\/wp-content\\\/uploads\\\/2021\\\/09\\\/logo-sentinelleSLOGAN-1.png\",\"width\":615,\"height\":142,\"caption\":\"Quotidien La Sentinelle\"},\"image\":{\"@id\":\"https:\\\/\\\/lasentinelle.dz\\\/#\\\/schema\\\/logo\\\/image\\\/\"},\"sameAs\":[\"https:\\\/\\\/www.facebook.com\\\/La-Sentinelle-104059864394773\"]},{\"@type\":\"Person\",\"@id\":\"https:\\\/\\\/lasentinelle.dz\\\/#\\\/schema\\\/person\\\/d865044e22e70a75174ce8bcad3acfb3\",\"name\":\"La Sentinelle\",\"image\":{\"@type\":\"ImageObject\",\"inLanguage\":\"fr-FR\",\"@id\":\"https:\\\/\\\/secure.gravatar.com\\\/avatar\\\/57de8e5d4b15d43fb361a71fbb36338450fe67865b528a43dd10ef7c51a20392?s=96&d=mm&r=g\",\"url\":\"https:\\\/\\\/secure.gravatar.com\\\/avatar\\\/57de8e5d4b15d43fb361a71fbb36338450fe67865b528a43dd10ef7c51a20392?s=96&d=mm&r=g\",\"contentUrl\":\"https:\\\/\\\/secure.gravatar.com\\\/avatar\\\/57de8e5d4b15d43fb361a71fbb36338450fe67865b528a43dd10ef7c51a20392?s=96&d=mm&r=g\",\"caption\":\"La Sentinelle\"},\"sameAs\":[\"http:\\\/\\\/www.lasentinelle.dz\"],\"url\":\"https:\\\/\\\/lasentinelle.dz\\\/author\\\/redaction\\\/\"}]}<\/script>\n<!-- \/ Yoast SEO plugin. -->","yoast_head_json":{"title":"Proclamation de l&rsquo;Etat de Palestine\u00a0: \u00ab\u00a0Un tournant important\u00a0\u00bb dans l&rsquo;histoire de la cause palestinienne - La Sentinelle","robots":{"index":"index","follow":"follow","max-snippet":"max-snippet:-1","max-image-preview":"max-image-preview:large","max-video-preview":"max-video-preview:-1"},"canonical":"https:\/\/lasentinelle.dz\/index.php\/2022\/11\/15\/proclamation-de-letat-de-palestine-un-tournant-important-dans-lhistoire-de-la-cause-palestinienne\/","og_locale":"fr_FR","og_type":"article","og_title":"Proclamation de l&rsquo;Etat de Palestine\u00a0: \u00ab\u00a0Un tournant important\u00a0\u00bb dans l&rsquo;histoire de la cause palestinienne - La Sentinelle","og_description":"Le pr\u00e9sident de l&rsquo;Etat de Palestine, Mahmoud Abbas, a d\u00e9clar\u00e9 que la proclamation, il y a 34 ans \u00e0 Alger,","og_url":"https:\/\/lasentinelle.dz\/index.php\/2022\/11\/15\/proclamation-de-letat-de-palestine-un-tournant-important-dans-lhistoire-de-la-cause-palestinienne\/","og_site_name":"La Sentinelle","article_publisher":"https:\/\/www.facebook.com\/La-Sentinelle-104059864394773","article_published_time":"2022-11-15T21:00:00+00:00","og_image":[{"width":1200,"height":800,"url":"https:\/\/lasentinelle.dz\/wp-content\/uploads\/2022\/11\/image_2022-11-15_162532214.png","type":"image\/png"}],"author":"La Sentinelle","twitter_card":"summary_large_image","twitter_misc":{"\u00c9crit par":"La Sentinelle","Dur\u00e9e de lecture estim\u00e9e":"3 minutes"},"schema":{"@context":"https:\/\/schema.org","@graph":[{"@type":"Article","@id":"https:\/\/lasentinelle.dz\/index.php\/2022\/11\/15\/proclamation-de-letat-de-palestine-un-tournant-important-dans-lhistoire-de-la-cause-palestinienne\/#article","isPartOf":{"@id":"https:\/\/lasentinelle.dz\/index.php\/2022\/11\/15\/proclamation-de-letat-de-palestine-un-tournant-important-dans-lhistoire-de-la-cause-palestinienne\/"},"author":{"name":"La Sentinelle","@id":"https:\/\/lasentinelle.dz\/#\/schema\/person\/d865044e22e70a75174ce8bcad3acfb3"},"headline":"Proclamation de l&rsquo;Etat de Palestine\u00a0: \u00ab\u00a0Un tournant important\u00a0\u00bb dans l&rsquo;histoire de la cause palestinienne","datePublished":"2022-11-15T21:00:00+00:00","mainEntityOfPage":{"@id":"https:\/\/lasentinelle.dz\/index.php\/2022\/11\/15\/proclamation-de-letat-de-palestine-un-tournant-important-dans-lhistoire-de-la-cause-palestinienne\/"},"wordCount":522,"commentCount":0,"publisher":{"@id":"https:\/\/lasentinelle.dz\/#organization"},"image":{"@id":"https:\/\/lasentinelle.dz\/index.php\/2022\/11\/15\/proclamation-de-letat-de-palestine-un-tournant-important-dans-lhistoire-de-la-cause-palestinienne\/#primaryimage"},"thumbnailUrl":"https:\/\/lasentinelle.dz\/wp-content\/uploads\/2022\/11\/image_2022-11-15_162532214.png","articleSection":["Monde"],"inLanguage":"fr-FR","potentialAction":[{"@type":"CommentAction","name":"Comment","target":["https:\/\/lasentinelle.dz\/index.php\/2022\/11\/15\/proclamation-de-letat-de-palestine-un-tournant-important-dans-lhistoire-de-la-cause-palestinienne\/#respond"]}]},{"@type":"WebPage","@id":"https:\/\/lasentinelle.dz\/index.php\/2022\/11\/15\/proclamation-de-letat-de-palestine-un-tournant-important-dans-lhistoire-de-la-cause-palestinienne\/","url":"https:\/\/lasentinelle.dz\/index.php\/2022\/11\/15\/proclamation-de-letat-de-palestine-un-tournant-important-dans-lhistoire-de-la-cause-palestinienne\/","name":"Proclamation de l&rsquo;Etat de Palestine\u00a0: \u00ab\u00a0Un tournant important\u00a0\u00bb dans l&rsquo;histoire de la cause palestinienne - La Sentinelle","isPartOf":{"@id":"https:\/\/lasentinelle.dz\/#website"},"primaryImageOfPage":{"@id":"https:\/\/lasentinelle.dz\/index.php\/2022\/11\/15\/proclamation-de-letat-de-palestine-un-tournant-important-dans-lhistoire-de-la-cause-palestinienne\/#primaryimage"},"image":{"@id":"https:\/\/lasentinelle.dz\/index.php\/2022\/11\/15\/proclamation-de-letat-de-palestine-un-tournant-important-dans-lhistoire-de-la-cause-palestinienne\/#primaryimage"},"thumbnailUrl":"https:\/\/lasentinelle.dz\/wp-content\/uploads\/2022\/11\/image_2022-11-15_162532214.png","datePublished":"2022-11-15T21:00:00+00:00","breadcrumb":{"@id":"https:\/\/lasentinelle.dz\/index.php\/2022\/11\/15\/proclamation-de-letat-de-palestine-un-tournant-important-dans-lhistoire-de-la-cause-palestinienne\/#breadcrumb"},"inLanguage":"fr-FR","potentialAction":[{"@type":"ReadAction","target":["https:\/\/lasentinelle.dz\/index.php\/2022\/11\/15\/proclamation-de-letat-de-palestine-un-tournant-important-dans-lhistoire-de-la-cause-palestinienne\/"]}]},{"@type":"ImageObject","inLanguage":"fr-FR","@id":"https:\/\/lasentinelle.dz\/index.php\/2022\/11\/15\/proclamation-de-letat-de-palestine-un-tournant-important-dans-lhistoire-de-la-cause-palestinienne\/#primaryimage","url":"https:\/\/lasentinelle.dz\/wp-content\/uploads\/2022\/11\/image_2022-11-15_162532214.png","contentUrl":"https:\/\/lasentinelle.dz\/wp-content\/uploads\/2022\/11\/image_2022-11-15_162532214.png","width":1200,"height":800},{"@type":"BreadcrumbList","@id":"https:\/\/lasentinelle.dz\/index.php\/2022\/11\/15\/proclamation-de-letat-de-palestine-un-tournant-important-dans-lhistoire-de-la-cause-palestinienne\/#breadcrumb","itemListElement":[{"@type":"ListItem","position":1,"name":"Accueil","item":"https:\/\/lasentinelle.dz\/"},{"@type":"ListItem","position":2,"name":"Proclamation de l&rsquo;Etat de Palestine\u00a0: \u00ab\u00a0Un tournant important\u00a0\u00bb dans l&rsquo;histoire de la cause palestinienne"}]},{"@type":"WebSite","@id":"https:\/\/lasentinelle.dz\/#website","url":"https:\/\/lasentinelle.dz\/","name":"La Sentinelle","description":"Quotidien national d&#039;information","publisher":{"@id":"https:\/\/lasentinelle.dz\/#organization"},"potentialAction":[{"@type":"SearchAction","target":{"@type":"EntryPoint","urlTemplate":"https:\/\/lasentinelle.dz\/?s={search_term_string}"},"query-input":{"@type":"PropertyValueSpecification","valueRequired":true,"valueName":"search_term_string"}}],"inLanguage":"fr-FR"},{"@type":"Organization","@id":"https:\/\/lasentinelle.dz\/#organization","name":"Quotidien La Sentinelle","url":"https:\/\/lasentinelle.dz\/","logo":{"@type":"ImageObject","inLanguage":"fr-FR","@id":"https:\/\/lasentinelle.dz\/#\/schema\/logo\/image\/","url":"https:\/\/lasentinelle.dz\/wp-content\/uploads\/2021\/09\/logo-sentinelleSLOGAN-1.png","contentUrl":"https:\/\/lasentinelle.dz\/wp-content\/uploads\/2021\/09\/logo-sentinelleSLOGAN-1.png","width":615,"height":142,"caption":"Quotidien La Sentinelle"},"image":{"@id":"https:\/\/lasentinelle.dz\/#\/schema\/logo\/image\/"},"sameAs":["https:\/\/www.facebook.com\/La-Sentinelle-104059864394773"]},{"@type":"Person","@id":"https:\/\/lasentinelle.dz\/#\/schema\/person\/d865044e22e70a75174ce8bcad3acfb3","name":"La Sentinelle","image":{"@type":"ImageObject","inLanguage":"fr-FR","@id":"https:\/\/secure.gravatar.com\/avatar\/57de8e5d4b15d43fb361a71fbb36338450fe67865b528a43dd10ef7c51a20392?s=96&d=mm&r=g","url":"https:\/\/secure.gravatar.com\/avatar\/57de8e5d4b15d43fb361a71fbb36338450fe67865b528a43dd10ef7c51a20392?s=96&d=mm&r=g","contentUrl":"https:\/\/secure.gravatar.com\/avatar\/57de8e5d4b15d43fb361a71fbb36338450fe67865b528a43dd10ef7c51a20392?s=96&d=mm&r=g","caption":"La Sentinelle"},"sameAs":["http:\/\/www.lasentinelle.dz"],"url":"https:\/\/lasentinelle.dz\/author\/redaction\/"}]}},"_links":{"self":[{"href":"https:\/\/lasentinelle.dz\/index.php\/wp-json\/wp\/v2\/posts\/30801","targetHints":{"allow":["GET"]}}],"collection":[{"href":"https:\/\/lasentinelle.dz\/index.php\/wp-json\/wp\/v2\/posts"}],"about":[{"href":"https:\/\/lasentinelle.dz\/index.php\/wp-json\/wp\/v2\/types\/post"}],"author":[{"embeddable":true,"href":"https:\/\/lasentinelle.dz\/index.php\/wp-json\/wp\/v2\/users\/3"}],"replies":[{"embeddable":true,"href":"https:\/\/lasentinelle.dz\/index.php\/wp-json\/wp\/v2\/comments?post=30801"}],"version-history":[{"count":1,"href":"https:\/\/lasentinelle.dz\/index.php\/wp-json\/wp\/v2\/posts\/30801\/revisions"}],"predecessor-version":[{"id":30813,"href":"https:\/\/lasentinelle.dz\/index.php\/wp-json\/wp\/v2\/posts\/30801\/revisions\/30813"}],"wp:featuredmedia":[{"embeddable":true,"href":"https:\/\/lasentinelle.dz\/index.php\/wp-json\/wp\/v2\/media\/30812"}],"wp:attachment":[{"href":"https:\/\/lasentinelle.dz\/index.php\/wp-json\/wp\/v2\/media?parent=30801"}],"wp:term":[{"taxonomy":"category","embeddable":true,"href":"https:\/\/lasentinelle.dz\/index.php\/wp-json\/wp\/v2\/categories?post=30801"},{"taxonomy":"post_tag","embeddable":true,"href":"https:\/\/lasentinelle.dz\/index.php\/wp-json\/wp\/v2\/tags?post=30801"}],"curies":[{"name":"wp","href":"https:\/\/api.w.org\/{rel}","templated":true}]}}