{"id":30889,"date":"2022-11-16T22:00:00","date_gmt":"2022-11-16T21:00:00","guid":{"rendered":"https:\/\/lasentinelle.dz\/?p=30889"},"modified":"2022-11-16T16:17:17","modified_gmt":"2022-11-16T15:17:17","slug":"pakistan-six-policiers-tues-dans-une-attaque-des-talibans-locaux","status":"publish","type":"post","link":"https:\/\/lasentinelle.dz\/index.php\/2022\/11\/16\/pakistan-six-policiers-tues-dans-une-attaque-des-talibans-locaux\/","title":{"rendered":"Pakistan\u00a0: Six policiers tu\u00e9s dans une attaque des talibans locaux"},"content":{"rendered":"\n<p>Six policiers ont \u00e9t\u00e9 tu\u00e9s hier dans une embuscade dans le nord-ouest du Pakistan, a-t-on appris de source administrative, l&rsquo;attaque ayant \u00e9t\u00e9 revendiqu\u00e9e par les talibans locaux. Des hommes arm\u00e9s ont attaqu\u00e9 en d\u00e9but de matin\u00e9e un v\u00e9hicule de la police patrouillant dans le village de Shahab Khel, \u00e0 une centaine de kilom\u00e8tres de la fronti\u00e8re avec l&rsquo;Afghanistan. \u00abLes six policiers (pr\u00e9sents \u00e0 bord) ont \u00e9t\u00e9 tu\u00e9s\u00bb sous le feu crois\u00e9 des assaillants, a indiqu\u00e9 \u00e0 la presse occidentale Tariqullah Khan, un responsable administratif de la province du Khyber Pakhtunkhwa.Les talibans pakistanais du Tehreek-e-Taliban Pakistan (TTP) ont revendiqu\u00e9 l&rsquo;attaque, dans un communiqu\u00e9 transmis \u00e0 la presse. Leurs combattants ont \u00abr\u00e9ussi \u00e0 regagner leur base sains et saufs\u00bb, apr\u00e8s avoir fait main basse sur les armes et munitions des policiers, a pr\u00e9cis\u00e9 le mouvement. Le TTP est un groupe distinct des talibans afghans, mais m\u00fb par la m\u00eame id\u00e9ologie et une longue histoire commune.Il a commis d&rsquo;innombrables attentats qui ont ensanglant\u00e9 le Pakistan entre sa cr\u00e9ation, en 2007, et 2014. Ensuite affaibli, il revient en force depuis plus d&rsquo;un an avec une multiplication des attaques contre les forces de s\u00e9curit\u00e9, galvanis\u00e9 par le retour au pouvoir des talibans en Afghanistan en ao\u00fbt 2021. Le Pakistan reproche \u00e0 ces derniers de laisser le TTP planifier \u00e0 partir du sol afghan ses attaques, ce que Kaboul n&rsquo;a cess\u00e9 de nier.Des n\u00e9gociations de paix ont commenc\u00e9 en mai \u00e0 Kaboul entre ce mouvement et des repr\u00e9sentants pakistanais, sous la m\u00e9diation de l&rsquo;\u00c9mirat islamique d&rsquo;Afghanistan. En juin, le TTP a d\u00e9cr\u00e9t\u00e9 un cessez-le-feu \u00abjusqu&rsquo;\u00e0 nouvel ordre\u00bb pour faciliter ces pourparlers. Des affrontements r\u00e9guliers ont depuis oppos\u00e9 les deux camps qui continuent pourtant d&rsquo;assurer que la tr\u00eave est maintenue.<\/p>\n\n\n\n<p><strong>Agences<\/strong><\/p>\n","protected":false},"excerpt":{"rendered":"<p>Six policiers ont \u00e9t\u00e9 tu\u00e9s hier dans une embuscade dans le nord-ouest du Pakistan, a-t-on appris de source administrative, l&rsquo;attaque<\/p>\n","protected":false},"author":3,"featured_media":30901,"comment_status":"open","ping_status":"closed","sticky":false,"template":"","format":"standard","meta":{"colormag_page_container_layout":"default_layout","colormag_page_sidebar_layout":"default_layout","om_disable_all_campaigns":false,"_monsterinsights_skip_tracking":false,"_monsterinsights_sitenote_active":false,"_monsterinsights_sitenote_note":"","_monsterinsights_sitenote_category":0,"footnotes":"","_wpscppro_dont_share_socialmedia":false,"_wpscppro_custom_social_share_image":0,"_facebook_share_type":"","_twitter_share_type":"","_linkedin_share_type":"","_pinterest_share_type":"","_linkedin_share_type_page":"","_instagram_share_type":"","_medium_share_type":"","_threads_share_type":"","_google_business_share_type":"","_selected_social_profile":[],"_wpsp_enable_custom_social_template":false,"_wpsp_social_scheduling":{"enabled":false,"datetime":null,"platforms":[],"status":"template_only","dateOption":"today","timeOption":"now","customDays":"","customHours":"","customDate":"","customTime":"","schedulingType":"absolute"},"_wpsp_active_default_template":true},"categories":[37],"tags":[],"class_list":["post-30889","post","type-post","status-publish","format-standard","has-post-thumbnail","hentry","category-monde"],"aioseo_notices":[],"yoast_head":"<!-- This site is optimized with the Yoast SEO plugin v27.5 - https:\/\/yoast.com\/product\/yoast-seo-wordpress\/ -->\n<title>Pakistan\u00a0: Six policiers tu\u00e9s dans une attaque des talibans locaux - La Sentinelle<\/title>\n<meta name=\"robots\" content=\"index, follow, max-snippet:-1, max-image-preview:large, max-video-preview:-1\" \/>\n<link rel=\"canonical\" href=\"https:\/\/lasentinelle.dz\/index.php\/2022\/11\/16\/pakistan-six-policiers-tues-dans-une-attaque-des-talibans-locaux\/\" \/>\n<meta property=\"og:locale\" content=\"fr_FR\" \/>\n<meta property=\"og:type\" content=\"article\" \/>\n<meta property=\"og:title\" content=\"Pakistan\u00a0: Six policiers tu\u00e9s dans une attaque des talibans locaux - La Sentinelle\" \/>\n<meta property=\"og:description\" content=\"Six policiers ont \u00e9t\u00e9 tu\u00e9s hier dans une embuscade dans le nord-ouest du Pakistan, a-t-on appris de source administrative, l&rsquo;attaque\" \/>\n<meta property=\"og:url\" content=\"https:\/\/lasentinelle.dz\/index.php\/2022\/11\/16\/pakistan-six-policiers-tues-dans-une-attaque-des-talibans-locaux\/\" \/>\n<meta property=\"og:site_name\" content=\"La Sentinelle\" \/>\n<meta property=\"article:publisher\" content=\"https:\/\/www.facebook.com\/La-Sentinelle-104059864394773\" \/>\n<meta property=\"article:published_time\" content=\"2022-11-16T21:00:00+00:00\" \/>\n<meta property=\"og:image\" content=\"https:\/\/lasentinelle.dz\/wp-content\/uploads\/2022\/11\/image_2022-11-16_161457252.png\" \/>\n\t<meta property=\"og:image:width\" content=\"704\" \/>\n\t<meta property=\"og:image:height\" content=\"396\" \/>\n\t<meta property=\"og:image:type\" content=\"image\/png\" \/>\n<meta name=\"author\" content=\"La Sentinelle\" \/>\n<meta name=\"twitter:card\" content=\"summary_large_image\" \/>\n<meta name=\"twitter:label1\" content=\"\u00c9crit par\" \/>\n\t<meta name=\"twitter:data1\" content=\"La Sentinelle\" \/>\n\t<meta name=\"twitter:label2\" content=\"Dur\u00e9e de lecture estim\u00e9e\" \/>\n\t<meta name=\"twitter:data2\" content=\"2 minutes\" \/>\n<script type=\"application\/ld+json\" class=\"yoast-schema-graph\">{\"@context\":\"https:\\\/\\\/schema.org\",\"@graph\":[{\"@type\":\"Article\",\"@id\":\"https:\\\/\\\/lasentinelle.dz\\\/index.php\\\/2022\\\/11\\\/16\\\/pakistan-six-policiers-tues-dans-une-attaque-des-talibans-locaux\\\/#article\",\"isPartOf\":{\"@id\":\"https:\\\/\\\/lasentinelle.dz\\\/index.php\\\/2022\\\/11\\\/16\\\/pakistan-six-policiers-tues-dans-une-attaque-des-talibans-locaux\\\/\"},\"author\":{\"name\":\"La Sentinelle\",\"@id\":\"https:\\\/\\\/lasentinelle.dz\\\/#\\\/schema\\\/person\\\/d865044e22e70a75174ce8bcad3acfb3\"},\"headline\":\"Pakistan\u00a0: Six policiers tu\u00e9s dans une attaque des talibans locaux\",\"datePublished\":\"2022-11-16T21:00:00+00:00\",\"mainEntityOfPage\":{\"@id\":\"https:\\\/\\\/lasentinelle.dz\\\/index.php\\\/2022\\\/11\\\/16\\\/pakistan-six-policiers-tues-dans-une-attaque-des-talibans-locaux\\\/\"},\"wordCount\":321,\"commentCount\":0,\"publisher\":{\"@id\":\"https:\\\/\\\/lasentinelle.dz\\\/#organization\"},\"image\":{\"@id\":\"https:\\\/\\\/lasentinelle.dz\\\/index.php\\\/2022\\\/11\\\/16\\\/pakistan-six-policiers-tues-dans-une-attaque-des-talibans-locaux\\\/#primaryimage\"},\"thumbnailUrl\":\"https:\\\/\\\/lasentinelle.dz\\\/wp-content\\\/uploads\\\/2022\\\/11\\\/image_2022-11-16_161457252.png\",\"articleSection\":[\"Monde\"],\"inLanguage\":\"fr-FR\",\"potentialAction\":[{\"@type\":\"CommentAction\",\"name\":\"Comment\",\"target\":[\"https:\\\/\\\/lasentinelle.dz\\\/index.php\\\/2022\\\/11\\\/16\\\/pakistan-six-policiers-tues-dans-une-attaque-des-talibans-locaux\\\/#respond\"]}]},{\"@type\":\"WebPage\",\"@id\":\"https:\\\/\\\/lasentinelle.dz\\\/index.php\\\/2022\\\/11\\\/16\\\/pakistan-six-policiers-tues-dans-une-attaque-des-talibans-locaux\\\/\",\"url\":\"https:\\\/\\\/lasentinelle.dz\\\/index.php\\\/2022\\\/11\\\/16\\\/pakistan-six-policiers-tues-dans-une-attaque-des-talibans-locaux\\\/\",\"name\":\"Pakistan\u00a0: Six policiers tu\u00e9s dans une attaque des talibans locaux - La Sentinelle\",\"isPartOf\":{\"@id\":\"https:\\\/\\\/lasentinelle.dz\\\/#website\"},\"primaryImageOfPage\":{\"@id\":\"https:\\\/\\\/lasentinelle.dz\\\/index.php\\\/2022\\\/11\\\/16\\\/pakistan-six-policiers-tues-dans-une-attaque-des-talibans-locaux\\\/#primaryimage\"},\"image\":{\"@id\":\"https:\\\/\\\/lasentinelle.dz\\\/index.php\\\/2022\\\/11\\\/16\\\/pakistan-six-policiers-tues-dans-une-attaque-des-talibans-locaux\\\/#primaryimage\"},\"thumbnailUrl\":\"https:\\\/\\\/lasentinelle.dz\\\/wp-content\\\/uploads\\\/2022\\\/11\\\/image_2022-11-16_161457252.png\",\"datePublished\":\"2022-11-16T21:00:00+00:00\",\"breadcrumb\":{\"@id\":\"https:\\\/\\\/lasentinelle.dz\\\/index.php\\\/2022\\\/11\\\/16\\\/pakistan-six-policiers-tues-dans-une-attaque-des-talibans-locaux\\\/#breadcrumb\"},\"inLanguage\":\"fr-FR\",\"potentialAction\":[{\"@type\":\"ReadAction\",\"target\":[\"https:\\\/\\\/lasentinelle.dz\\\/index.php\\\/2022\\\/11\\\/16\\\/pakistan-six-policiers-tues-dans-une-attaque-des-talibans-locaux\\\/\"]}]},{\"@type\":\"ImageObject\",\"inLanguage\":\"fr-FR\",\"@id\":\"https:\\\/\\\/lasentinelle.dz\\\/index.php\\\/2022\\\/11\\\/16\\\/pakistan-six-policiers-tues-dans-une-attaque-des-talibans-locaux\\\/#primaryimage\",\"url\":\"https:\\\/\\\/lasentinelle.dz\\\/wp-content\\\/uploads\\\/2022\\\/11\\\/image_2022-11-16_161457252.png\",\"contentUrl\":\"https:\\\/\\\/lasentinelle.dz\\\/wp-content\\\/uploads\\\/2022\\\/11\\\/image_2022-11-16_161457252.png\",\"width\":704,\"height\":396},{\"@type\":\"BreadcrumbList\",\"@id\":\"https:\\\/\\\/lasentinelle.dz\\\/index.php\\\/2022\\\/11\\\/16\\\/pakistan-six-policiers-tues-dans-une-attaque-des-talibans-locaux\\\/#breadcrumb\",\"itemListElement\":[{\"@type\":\"ListItem\",\"position\":1,\"name\":\"Accueil\",\"item\":\"https:\\\/\\\/lasentinelle.dz\\\/\"},{\"@type\":\"ListItem\",\"position\":2,\"name\":\"Pakistan\u00a0: Six policiers tu\u00e9s dans une attaque des talibans locaux\"}]},{\"@type\":\"WebSite\",\"@id\":\"https:\\\/\\\/lasentinelle.dz\\\/#website\",\"url\":\"https:\\\/\\\/lasentinelle.dz\\\/\",\"name\":\"La Sentinelle\",\"description\":\"Quotidien national d&#039;information\",\"publisher\":{\"@id\":\"https:\\\/\\\/lasentinelle.dz\\\/#organization\"},\"potentialAction\":[{\"@type\":\"SearchAction\",\"target\":{\"@type\":\"EntryPoint\",\"urlTemplate\":\"https:\\\/\\\/lasentinelle.dz\\\/?s={search_term_string}\"},\"query-input\":{\"@type\":\"PropertyValueSpecification\",\"valueRequired\":true,\"valueName\":\"search_term_string\"}}],\"inLanguage\":\"fr-FR\"},{\"@type\":\"Organization\",\"@id\":\"https:\\\/\\\/lasentinelle.dz\\\/#organization\",\"name\":\"Quotidien La Sentinelle\",\"url\":\"https:\\\/\\\/lasentinelle.dz\\\/\",\"logo\":{\"@type\":\"ImageObject\",\"inLanguage\":\"fr-FR\",\"@id\":\"https:\\\/\\\/lasentinelle.dz\\\/#\\\/schema\\\/logo\\\/image\\\/\",\"url\":\"https:\\\/\\\/lasentinelle.dz\\\/wp-content\\\/uploads\\\/2021\\\/09\\\/logo-sentinelleSLOGAN-1.png\",\"contentUrl\":\"https:\\\/\\\/lasentinelle.dz\\\/wp-content\\\/uploads\\\/2021\\\/09\\\/logo-sentinelleSLOGAN-1.png\",\"width\":615,\"height\":142,\"caption\":\"Quotidien La Sentinelle\"},\"image\":{\"@id\":\"https:\\\/\\\/lasentinelle.dz\\\/#\\\/schema\\\/logo\\\/image\\\/\"},\"sameAs\":[\"https:\\\/\\\/www.facebook.com\\\/La-Sentinelle-104059864394773\"]},{\"@type\":\"Person\",\"@id\":\"https:\\\/\\\/lasentinelle.dz\\\/#\\\/schema\\\/person\\\/d865044e22e70a75174ce8bcad3acfb3\",\"name\":\"La Sentinelle\",\"image\":{\"@type\":\"ImageObject\",\"inLanguage\":\"fr-FR\",\"@id\":\"https:\\\/\\\/secure.gravatar.com\\\/avatar\\\/57de8e5d4b15d43fb361a71fbb36338450fe67865b528a43dd10ef7c51a20392?s=96&d=mm&r=g\",\"url\":\"https:\\\/\\\/secure.gravatar.com\\\/avatar\\\/57de8e5d4b15d43fb361a71fbb36338450fe67865b528a43dd10ef7c51a20392?s=96&d=mm&r=g\",\"contentUrl\":\"https:\\\/\\\/secure.gravatar.com\\\/avatar\\\/57de8e5d4b15d43fb361a71fbb36338450fe67865b528a43dd10ef7c51a20392?s=96&d=mm&r=g\",\"caption\":\"La Sentinelle\"},\"sameAs\":[\"http:\\\/\\\/www.lasentinelle.dz\"],\"url\":\"https:\\\/\\\/lasentinelle.dz\\\/author\\\/redaction\\\/\"}]}<\/script>\n<!-- \/ Yoast SEO plugin. -->","yoast_head_json":{"title":"Pakistan\u00a0: Six policiers tu\u00e9s dans une attaque des talibans locaux - La Sentinelle","robots":{"index":"index","follow":"follow","max-snippet":"max-snippet:-1","max-image-preview":"max-image-preview:large","max-video-preview":"max-video-preview:-1"},"canonical":"https:\/\/lasentinelle.dz\/index.php\/2022\/11\/16\/pakistan-six-policiers-tues-dans-une-attaque-des-talibans-locaux\/","og_locale":"fr_FR","og_type":"article","og_title":"Pakistan\u00a0: Six policiers tu\u00e9s dans une attaque des talibans locaux - La Sentinelle","og_description":"Six policiers ont \u00e9t\u00e9 tu\u00e9s hier dans une embuscade dans le nord-ouest du Pakistan, a-t-on appris de source administrative, l&rsquo;attaque","og_url":"https:\/\/lasentinelle.dz\/index.php\/2022\/11\/16\/pakistan-six-policiers-tues-dans-une-attaque-des-talibans-locaux\/","og_site_name":"La Sentinelle","article_publisher":"https:\/\/www.facebook.com\/La-Sentinelle-104059864394773","article_published_time":"2022-11-16T21:00:00+00:00","og_image":[{"width":704,"height":396,"url":"https:\/\/lasentinelle.dz\/wp-content\/uploads\/2022\/11\/image_2022-11-16_161457252.png","type":"image\/png"}],"author":"La Sentinelle","twitter_card":"summary_large_image","twitter_misc":{"\u00c9crit par":"La Sentinelle","Dur\u00e9e de lecture estim\u00e9e":"2 minutes"},"schema":{"@context":"https:\/\/schema.org","@graph":[{"@type":"Article","@id":"https:\/\/lasentinelle.dz\/index.php\/2022\/11\/16\/pakistan-six-policiers-tues-dans-une-attaque-des-talibans-locaux\/#article","isPartOf":{"@id":"https:\/\/lasentinelle.dz\/index.php\/2022\/11\/16\/pakistan-six-policiers-tues-dans-une-attaque-des-talibans-locaux\/"},"author":{"name":"La Sentinelle","@id":"https:\/\/lasentinelle.dz\/#\/schema\/person\/d865044e22e70a75174ce8bcad3acfb3"},"headline":"Pakistan\u00a0: Six policiers tu\u00e9s dans une attaque des talibans locaux","datePublished":"2022-11-16T21:00:00+00:00","mainEntityOfPage":{"@id":"https:\/\/lasentinelle.dz\/index.php\/2022\/11\/16\/pakistan-six-policiers-tues-dans-une-attaque-des-talibans-locaux\/"},"wordCount":321,"commentCount":0,"publisher":{"@id":"https:\/\/lasentinelle.dz\/#organization"},"image":{"@id":"https:\/\/lasentinelle.dz\/index.php\/2022\/11\/16\/pakistan-six-policiers-tues-dans-une-attaque-des-talibans-locaux\/#primaryimage"},"thumbnailUrl":"https:\/\/lasentinelle.dz\/wp-content\/uploads\/2022\/11\/image_2022-11-16_161457252.png","articleSection":["Monde"],"inLanguage":"fr-FR","potentialAction":[{"@type":"CommentAction","name":"Comment","target":["https:\/\/lasentinelle.dz\/index.php\/2022\/11\/16\/pakistan-six-policiers-tues-dans-une-attaque-des-talibans-locaux\/#respond"]}]},{"@type":"WebPage","@id":"https:\/\/lasentinelle.dz\/index.php\/2022\/11\/16\/pakistan-six-policiers-tues-dans-une-attaque-des-talibans-locaux\/","url":"https:\/\/lasentinelle.dz\/index.php\/2022\/11\/16\/pakistan-six-policiers-tues-dans-une-attaque-des-talibans-locaux\/","name":"Pakistan\u00a0: Six policiers tu\u00e9s dans une attaque des talibans locaux - La Sentinelle","isPartOf":{"@id":"https:\/\/lasentinelle.dz\/#website"},"primaryImageOfPage":{"@id":"https:\/\/lasentinelle.dz\/index.php\/2022\/11\/16\/pakistan-six-policiers-tues-dans-une-attaque-des-talibans-locaux\/#primaryimage"},"image":{"@id":"https:\/\/lasentinelle.dz\/index.php\/2022\/11\/16\/pakistan-six-policiers-tues-dans-une-attaque-des-talibans-locaux\/#primaryimage"},"thumbnailUrl":"https:\/\/lasentinelle.dz\/wp-content\/uploads\/2022\/11\/image_2022-11-16_161457252.png","datePublished":"2022-11-16T21:00:00+00:00","breadcrumb":{"@id":"https:\/\/lasentinelle.dz\/index.php\/2022\/11\/16\/pakistan-six-policiers-tues-dans-une-attaque-des-talibans-locaux\/#breadcrumb"},"inLanguage":"fr-FR","potentialAction":[{"@type":"ReadAction","target":["https:\/\/lasentinelle.dz\/index.php\/2022\/11\/16\/pakistan-six-policiers-tues-dans-une-attaque-des-talibans-locaux\/"]}]},{"@type":"ImageObject","inLanguage":"fr-FR","@id":"https:\/\/lasentinelle.dz\/index.php\/2022\/11\/16\/pakistan-six-policiers-tues-dans-une-attaque-des-talibans-locaux\/#primaryimage","url":"https:\/\/lasentinelle.dz\/wp-content\/uploads\/2022\/11\/image_2022-11-16_161457252.png","contentUrl":"https:\/\/lasentinelle.dz\/wp-content\/uploads\/2022\/11\/image_2022-11-16_161457252.png","width":704,"height":396},{"@type":"BreadcrumbList","@id":"https:\/\/lasentinelle.dz\/index.php\/2022\/11\/16\/pakistan-six-policiers-tues-dans-une-attaque-des-talibans-locaux\/#breadcrumb","itemListElement":[{"@type":"ListItem","position":1,"name":"Accueil","item":"https:\/\/lasentinelle.dz\/"},{"@type":"ListItem","position":2,"name":"Pakistan\u00a0: Six policiers tu\u00e9s dans une attaque des talibans locaux"}]},{"@type":"WebSite","@id":"https:\/\/lasentinelle.dz\/#website","url":"https:\/\/lasentinelle.dz\/","name":"La Sentinelle","description":"Quotidien national d&#039;information","publisher":{"@id":"https:\/\/lasentinelle.dz\/#organization"},"potentialAction":[{"@type":"SearchAction","target":{"@type":"EntryPoint","urlTemplate":"https:\/\/lasentinelle.dz\/?s={search_term_string}"},"query-input":{"@type":"PropertyValueSpecification","valueRequired":true,"valueName":"search_term_string"}}],"inLanguage":"fr-FR"},{"@type":"Organization","@id":"https:\/\/lasentinelle.dz\/#organization","name":"Quotidien La Sentinelle","url":"https:\/\/lasentinelle.dz\/","logo":{"@type":"ImageObject","inLanguage":"fr-FR","@id":"https:\/\/lasentinelle.dz\/#\/schema\/logo\/image\/","url":"https:\/\/lasentinelle.dz\/wp-content\/uploads\/2021\/09\/logo-sentinelleSLOGAN-1.png","contentUrl":"https:\/\/lasentinelle.dz\/wp-content\/uploads\/2021\/09\/logo-sentinelleSLOGAN-1.png","width":615,"height":142,"caption":"Quotidien La Sentinelle"},"image":{"@id":"https:\/\/lasentinelle.dz\/#\/schema\/logo\/image\/"},"sameAs":["https:\/\/www.facebook.com\/La-Sentinelle-104059864394773"]},{"@type":"Person","@id":"https:\/\/lasentinelle.dz\/#\/schema\/person\/d865044e22e70a75174ce8bcad3acfb3","name":"La Sentinelle","image":{"@type":"ImageObject","inLanguage":"fr-FR","@id":"https:\/\/secure.gravatar.com\/avatar\/57de8e5d4b15d43fb361a71fbb36338450fe67865b528a43dd10ef7c51a20392?s=96&d=mm&r=g","url":"https:\/\/secure.gravatar.com\/avatar\/57de8e5d4b15d43fb361a71fbb36338450fe67865b528a43dd10ef7c51a20392?s=96&d=mm&r=g","contentUrl":"https:\/\/secure.gravatar.com\/avatar\/57de8e5d4b15d43fb361a71fbb36338450fe67865b528a43dd10ef7c51a20392?s=96&d=mm&r=g","caption":"La Sentinelle"},"sameAs":["http:\/\/www.lasentinelle.dz"],"url":"https:\/\/lasentinelle.dz\/author\/redaction\/"}]}},"_links":{"self":[{"href":"https:\/\/lasentinelle.dz\/index.php\/wp-json\/wp\/v2\/posts\/30889","targetHints":{"allow":["GET"]}}],"collection":[{"href":"https:\/\/lasentinelle.dz\/index.php\/wp-json\/wp\/v2\/posts"}],"about":[{"href":"https:\/\/lasentinelle.dz\/index.php\/wp-json\/wp\/v2\/types\/post"}],"author":[{"embeddable":true,"href":"https:\/\/lasentinelle.dz\/index.php\/wp-json\/wp\/v2\/users\/3"}],"replies":[{"embeddable":true,"href":"https:\/\/lasentinelle.dz\/index.php\/wp-json\/wp\/v2\/comments?post=30889"}],"version-history":[{"count":1,"href":"https:\/\/lasentinelle.dz\/index.php\/wp-json\/wp\/v2\/posts\/30889\/revisions"}],"predecessor-version":[{"id":30905,"href":"https:\/\/lasentinelle.dz\/index.php\/wp-json\/wp\/v2\/posts\/30889\/revisions\/30905"}],"wp:featuredmedia":[{"embeddable":true,"href":"https:\/\/lasentinelle.dz\/index.php\/wp-json\/wp\/v2\/media\/30901"}],"wp:attachment":[{"href":"https:\/\/lasentinelle.dz\/index.php\/wp-json\/wp\/v2\/media?parent=30889"}],"wp:term":[{"taxonomy":"category","embeddable":true,"href":"https:\/\/lasentinelle.dz\/index.php\/wp-json\/wp\/v2\/categories?post=30889"},{"taxonomy":"post_tag","embeddable":true,"href":"https:\/\/lasentinelle.dz\/index.php\/wp-json\/wp\/v2\/tags?post=30889"}],"curies":[{"name":"wp","href":"https:\/\/api.w.org\/{rel}","templated":true}]}}