{"id":30891,"date":"2022-11-16T22:00:00","date_gmt":"2022-11-16T21:00:00","guid":{"rendered":"https:\/\/lasentinelle.dz\/?p=30891"},"modified":"2022-11-16T16:18:12","modified_gmt":"2022-11-16T15:18:12","slug":"34e-anniversaire-de-la-proclamation-de-letat-de-palestine-lambassade-de-palestine-a-alger-salue-la-position-de-lalgerie","status":"publish","type":"post","link":"https:\/\/lasentinelle.dz\/index.php\/2022\/11\/16\/34e-anniversaire-de-la-proclamation-de-letat-de-palestine-lambassade-de-palestine-a-alger-salue-la-position-de-lalgerie\/","title":{"rendered":"34e anniversaire de la proclamation de l&rsquo;Etat de Palestine\u00a0: L\u2019ambassade de Palestine \u00e0 Alger salue la position de l\u2019Alg\u00e9rie\u00a0"},"content":{"rendered":"\n<p>L&rsquo;ambassade de Palestine \u00e0 Alger a c\u00e9l\u00e9br\u00e9 mardi le 34e anniversaire de la proclamation, depuis Alger le 15 novembre 1988, de l&rsquo;Etat de Palestine. Dans une allocution prononc\u00e9e \u00e0 cette occasion, l&rsquo;ambassadeur de l&rsquo;Etat de Palestine \u00e0 Alger, Fayez Mohamed Mahmoud Abu Aita, a salu\u00e9 la position de l&rsquo;Alg\u00e9rie, premier pays \u00e0 avoir reconnu l&rsquo;Etat de Palestine, rappelant les constantes nationales auxquelles la direction palestinienne demeure attach\u00e9e, \u00e0 savoir l&rsquo;\u00e9tablissement d&rsquo;un Etat de Palestine ind\u00e9pendant sur les fronti\u00e8res du 4 juin 1967 avec El-Qods comme capitale et le retour des r\u00e9fugi\u00e9s palestiniens conform\u00e9ment aux r\u00e9solutions pertinentes de la l\u00e9galit\u00e9 internationale.<\/p>\n\n\n\n<p>Le diplomate palestinien a soulign\u00e9 que la c\u00e9l\u00e9bration de cet anniversaire lui offrait l&rsquo;opportunit\u00e9 de mettre en avant l&rsquo;immense succ\u00e8s r\u00e9alis\u00e9 par l&rsquo;Alg\u00e9rie \u00e0 la Conf\u00e9rence d&rsquo;unification des rangs pour l&rsquo;unit\u00e9 nationale palestinienne, tenue \u00e0 Alger \u00e0 la mi-octobre, saluant les efforts du pr\u00e9sident de la R\u00e9publique, M. Abdelmadjid Tebboune, pour sa tenue en Alg\u00e9rie, lesquels efforts ont permis d&rsquo;unifier les factions palestiniennes.<\/p>\n\n\n\n<p>Concernant le Sommet arabe, tenu \u00e0 Alger les 1er et 2 novembre, l&rsquo;ambassadeur palestinien a soulign\u00e9 que l&rsquo;Alg\u00e9rie \u00ab a consenti de grands efforts pour en faire un sommet palestinien par excellence \u00bb, soulignant que \u00ab ses premi\u00e8res d\u00e9cisions ont d&rsquo;ailleurs \u00e9t\u00e9 la r\u00e9affirmation de la centralit\u00e9 de la cause palestinienne dans le monde arabo-musulman, la cr\u00e9ation de comit\u00e9s de soutien \u00e0 El-Qods et l&rsquo;appui \u00e0 la d\u00e9marche de la Palestine pour devenir un membre \u00e0 part enti\u00e8re des Nations Unies \u00bb. \u00ab Le Sommet arabe d&rsquo;Alger a \u00e9t\u00e9 un succ\u00e8s sur tous les plans \u00bb, a-t-il soutenu.<\/p>\n\n\n\n<p>Pour sa part, le repr\u00e9sentant du mouvement Fatah en Alg\u00e9rie, Youssef Abed a indiqu\u00e9 que la proclamation de l&rsquo;Etat de Palestine se voulait \u00ab un message de paix des Palestiniens adress\u00e9 au monde entier, pour affirmer leur volont\u00e9 de vivre en paix sur une partie de la terre sainte de Palestine, sur les fronti\u00e8res du 4 juin 1967 avec El-Qods comme capitale, dans le respect des principes de l&rsquo;ONU et de la D\u00e9claration universelle des droits de l&rsquo;homme et des principes du non-alignement \u00bb.<\/p>\n\n\n\n<p>A cette occasion, les intervenants ont \u00e9voqu\u00e9 le r\u00f4le du d\u00e9funt pr\u00e9sident Yasser Arafat, qui avait consacr\u00e9 sa vie enti\u00e8re au combat, \u00e0 la lutte et \u00e0 la d\u00e9fense de la juste cause palestinienne, contribuant \u00e0 la formation d&rsquo;une g\u00e9n\u00e9ration de cadres de la r\u00e9volution. Le 15 novembre 1988, au Palais des Nations, \u00e0 Club des Pins (Alger), le pr\u00e9sident Yasser Arafat avait proclam\u00e9, lors de la tenue du Conseil national de l&rsquo;Organisation de lib\u00e9ration de la Palestine (OLP), la cr\u00e9ation d\u2019un Etat palestinien ind\u00e9pendant avec El-Qods Al-Charif comme capitale. Au m\u00eame endroit, \u00e0 la symbolique historique profonde dans la m\u00e9moire palestinienne, les factions palestiniennes ont sign\u00e9 en octobre dernier, la \u00ab\u00a0D\u00e9claration d&rsquo;Alger\u00a0\u00bb ayant couronn\u00e9 les travaux de la Conf\u00e9rence de rassemblement pour l&rsquo;unit\u00e9 nationale palestinienne, constituant une base solide \u00e0 m\u00eame de r\u00e9aliser l&rsquo;unification des rangs palestiniens.<\/p>\n\n\n\n<p>APS<\/p>\n","protected":false},"excerpt":{"rendered":"<p>L&rsquo;ambassade de Palestine \u00e0 Alger a c\u00e9l\u00e9br\u00e9 mardi le 34e anniversaire de la proclamation, depuis Alger le 15 novembre 1988,<\/p>\n","protected":false},"author":3,"featured_media":30910,"comment_status":"open","ping_status":"closed","sticky":false,"template":"","format":"standard","meta":{"colormag_page_container_layout":"default_layout","colormag_page_sidebar_layout":"default_layout","om_disable_all_campaigns":false,"_monsterinsights_skip_tracking":false,"_monsterinsights_sitenote_active":false,"_monsterinsights_sitenote_note":"","_monsterinsights_sitenote_category":0,"footnotes":"","_wpscppro_dont_share_socialmedia":false,"_wpscppro_custom_social_share_image":0,"_facebook_share_type":"","_twitter_share_type":"","_linkedin_share_type":"","_pinterest_share_type":"","_linkedin_share_type_page":"","_instagram_share_type":"","_medium_share_type":"","_threads_share_type":"","_google_business_share_type":"","_selected_social_profile":[],"_wpsp_enable_custom_social_template":false,"_wpsp_social_scheduling":{"enabled":false,"datetime":null,"platforms":[],"status":"template_only","dateOption":"today","timeOption":"now","customDays":"","customHours":"","customDate":"","customTime":"","schedulingType":"absolute"},"_wpsp_active_default_template":true},"categories":[37],"tags":[],"class_list":["post-30891","post","type-post","status-publish","format-standard","has-post-thumbnail","hentry","category-monde"],"aioseo_notices":[],"yoast_head":"<!-- This site is optimized with the Yoast SEO plugin v27.5 - https:\/\/yoast.com\/product\/yoast-seo-wordpress\/ -->\n<title>34e anniversaire de la proclamation de l&rsquo;Etat de Palestine\u00a0: L\u2019ambassade de Palestine \u00e0 Alger salue la position de l\u2019Alg\u00e9rie\u00a0 - La Sentinelle<\/title>\n<meta name=\"robots\" content=\"index, follow, max-snippet:-1, max-image-preview:large, max-video-preview:-1\" \/>\n<link rel=\"canonical\" href=\"https:\/\/lasentinelle.dz\/index.php\/2022\/11\/16\/34e-anniversaire-de-la-proclamation-de-letat-de-palestine-lambassade-de-palestine-a-alger-salue-la-position-de-lalgerie\/\" \/>\n<meta property=\"og:locale\" content=\"fr_FR\" \/>\n<meta property=\"og:type\" content=\"article\" \/>\n<meta property=\"og:title\" content=\"34e anniversaire de la proclamation de l&rsquo;Etat de Palestine\u00a0: L\u2019ambassade de Palestine \u00e0 Alger salue la position de l\u2019Alg\u00e9rie\u00a0 - La Sentinelle\" \/>\n<meta property=\"og:description\" content=\"L&rsquo;ambassade de Palestine \u00e0 Alger a c\u00e9l\u00e9br\u00e9 mardi le 34e anniversaire de la proclamation, depuis Alger le 15 novembre 1988,\" \/>\n<meta property=\"og:url\" content=\"https:\/\/lasentinelle.dz\/index.php\/2022\/11\/16\/34e-anniversaire-de-la-proclamation-de-letat-de-palestine-lambassade-de-palestine-a-alger-salue-la-position-de-lalgerie\/\" \/>\n<meta property=\"og:site_name\" content=\"La Sentinelle\" \/>\n<meta property=\"article:publisher\" content=\"https:\/\/www.facebook.com\/La-Sentinelle-104059864394773\" \/>\n<meta property=\"article:published_time\" content=\"2022-11-16T21:00:00+00:00\" \/>\n<meta property=\"og:image\" content=\"https:\/\/lasentinelle.dz\/wp-content\/uploads\/2022\/11\/image_2022-11-16_161654423-1024x651.png\" \/>\n\t<meta property=\"og:image:width\" content=\"1024\" \/>\n\t<meta property=\"og:image:height\" content=\"651\" \/>\n\t<meta property=\"og:image:type\" content=\"image\/png\" \/>\n<meta name=\"author\" content=\"La Sentinelle\" \/>\n<meta name=\"twitter:card\" content=\"summary_large_image\" \/>\n<meta name=\"twitter:label1\" content=\"\u00c9crit par\" \/>\n\t<meta name=\"twitter:data1\" content=\"La Sentinelle\" \/>\n\t<meta name=\"twitter:label2\" content=\"Dur\u00e9e de lecture estim\u00e9e\" \/>\n\t<meta name=\"twitter:data2\" content=\"3 minutes\" \/>\n<script type=\"application\/ld+json\" class=\"yoast-schema-graph\">{\"@context\":\"https:\\\/\\\/schema.org\",\"@graph\":[{\"@type\":\"Article\",\"@id\":\"https:\\\/\\\/lasentinelle.dz\\\/index.php\\\/2022\\\/11\\\/16\\\/34e-anniversaire-de-la-proclamation-de-letat-de-palestine-lambassade-de-palestine-a-alger-salue-la-position-de-lalgerie\\\/#article\",\"isPartOf\":{\"@id\":\"https:\\\/\\\/lasentinelle.dz\\\/index.php\\\/2022\\\/11\\\/16\\\/34e-anniversaire-de-la-proclamation-de-letat-de-palestine-lambassade-de-palestine-a-alger-salue-la-position-de-lalgerie\\\/\"},\"author\":{\"name\":\"La Sentinelle\",\"@id\":\"https:\\\/\\\/lasentinelle.dz\\\/#\\\/schema\\\/person\\\/d865044e22e70a75174ce8bcad3acfb3\"},\"headline\":\"34e anniversaire de la proclamation de l&rsquo;Etat de Palestine\u00a0: L\u2019ambassade de Palestine \u00e0 Alger salue la position de l\u2019Alg\u00e9rie\u00a0\",\"datePublished\":\"2022-11-16T21:00:00+00:00\",\"mainEntityOfPage\":{\"@id\":\"https:\\\/\\\/lasentinelle.dz\\\/index.php\\\/2022\\\/11\\\/16\\\/34e-anniversaire-de-la-proclamation-de-letat-de-palestine-lambassade-de-palestine-a-alger-salue-la-position-de-lalgerie\\\/\"},\"wordCount\":552,\"commentCount\":0,\"publisher\":{\"@id\":\"https:\\\/\\\/lasentinelle.dz\\\/#organization\"},\"image\":{\"@id\":\"https:\\\/\\\/lasentinelle.dz\\\/index.php\\\/2022\\\/11\\\/16\\\/34e-anniversaire-de-la-proclamation-de-letat-de-palestine-lambassade-de-palestine-a-alger-salue-la-position-de-lalgerie\\\/#primaryimage\"},\"thumbnailUrl\":\"https:\\\/\\\/lasentinelle.dz\\\/wp-content\\\/uploads\\\/2022\\\/11\\\/image_2022-11-16_161654423.png\",\"articleSection\":[\"Monde\"],\"inLanguage\":\"fr-FR\",\"potentialAction\":[{\"@type\":\"CommentAction\",\"name\":\"Comment\",\"target\":[\"https:\\\/\\\/lasentinelle.dz\\\/index.php\\\/2022\\\/11\\\/16\\\/34e-anniversaire-de-la-proclamation-de-letat-de-palestine-lambassade-de-palestine-a-alger-salue-la-position-de-lalgerie\\\/#respond\"]}]},{\"@type\":\"WebPage\",\"@id\":\"https:\\\/\\\/lasentinelle.dz\\\/index.php\\\/2022\\\/11\\\/16\\\/34e-anniversaire-de-la-proclamation-de-letat-de-palestine-lambassade-de-palestine-a-alger-salue-la-position-de-lalgerie\\\/\",\"url\":\"https:\\\/\\\/lasentinelle.dz\\\/index.php\\\/2022\\\/11\\\/16\\\/34e-anniversaire-de-la-proclamation-de-letat-de-palestine-lambassade-de-palestine-a-alger-salue-la-position-de-lalgerie\\\/\",\"name\":\"34e anniversaire de la proclamation de l&rsquo;Etat de Palestine\u00a0: L\u2019ambassade de Palestine \u00e0 Alger salue la position de l\u2019Alg\u00e9rie\u00a0 - La Sentinelle\",\"isPartOf\":{\"@id\":\"https:\\\/\\\/lasentinelle.dz\\\/#website\"},\"primaryImageOfPage\":{\"@id\":\"https:\\\/\\\/lasentinelle.dz\\\/index.php\\\/2022\\\/11\\\/16\\\/34e-anniversaire-de-la-proclamation-de-letat-de-palestine-lambassade-de-palestine-a-alger-salue-la-position-de-lalgerie\\\/#primaryimage\"},\"image\":{\"@id\":\"https:\\\/\\\/lasentinelle.dz\\\/index.php\\\/2022\\\/11\\\/16\\\/34e-anniversaire-de-la-proclamation-de-letat-de-palestine-lambassade-de-palestine-a-alger-salue-la-position-de-lalgerie\\\/#primaryimage\"},\"thumbnailUrl\":\"https:\\\/\\\/lasentinelle.dz\\\/wp-content\\\/uploads\\\/2022\\\/11\\\/image_2022-11-16_161654423.png\",\"datePublished\":\"2022-11-16T21:00:00+00:00\",\"breadcrumb\":{\"@id\":\"https:\\\/\\\/lasentinelle.dz\\\/index.php\\\/2022\\\/11\\\/16\\\/34e-anniversaire-de-la-proclamation-de-letat-de-palestine-lambassade-de-palestine-a-alger-salue-la-position-de-lalgerie\\\/#breadcrumb\"},\"inLanguage\":\"fr-FR\",\"potentialAction\":[{\"@type\":\"ReadAction\",\"target\":[\"https:\\\/\\\/lasentinelle.dz\\\/index.php\\\/2022\\\/11\\\/16\\\/34e-anniversaire-de-la-proclamation-de-letat-de-palestine-lambassade-de-palestine-a-alger-salue-la-position-de-lalgerie\\\/\"]}]},{\"@type\":\"ImageObject\",\"inLanguage\":\"fr-FR\",\"@id\":\"https:\\\/\\\/lasentinelle.dz\\\/index.php\\\/2022\\\/11\\\/16\\\/34e-anniversaire-de-la-proclamation-de-letat-de-palestine-lambassade-de-palestine-a-alger-salue-la-position-de-lalgerie\\\/#primaryimage\",\"url\":\"https:\\\/\\\/lasentinelle.dz\\\/wp-content\\\/uploads\\\/2022\\\/11\\\/image_2022-11-16_161654423.png\",\"contentUrl\":\"https:\\\/\\\/lasentinelle.dz\\\/wp-content\\\/uploads\\\/2022\\\/11\\\/image_2022-11-16_161654423.png\",\"width\":2560,\"height\":1628},{\"@type\":\"BreadcrumbList\",\"@id\":\"https:\\\/\\\/lasentinelle.dz\\\/index.php\\\/2022\\\/11\\\/16\\\/34e-anniversaire-de-la-proclamation-de-letat-de-palestine-lambassade-de-palestine-a-alger-salue-la-position-de-lalgerie\\\/#breadcrumb\",\"itemListElement\":[{\"@type\":\"ListItem\",\"position\":1,\"name\":\"Accueil\",\"item\":\"https:\\\/\\\/lasentinelle.dz\\\/\"},{\"@type\":\"ListItem\",\"position\":2,\"name\":\"34e anniversaire de la proclamation de l&rsquo;Etat de Palestine\u00a0: L\u2019ambassade de Palestine \u00e0 Alger salue la position de l\u2019Alg\u00e9rie\u00a0\"}]},{\"@type\":\"WebSite\",\"@id\":\"https:\\\/\\\/lasentinelle.dz\\\/#website\",\"url\":\"https:\\\/\\\/lasentinelle.dz\\\/\",\"name\":\"La Sentinelle\",\"description\":\"Quotidien national d&#039;information\",\"publisher\":{\"@id\":\"https:\\\/\\\/lasentinelle.dz\\\/#organization\"},\"potentialAction\":[{\"@type\":\"SearchAction\",\"target\":{\"@type\":\"EntryPoint\",\"urlTemplate\":\"https:\\\/\\\/lasentinelle.dz\\\/?s={search_term_string}\"},\"query-input\":{\"@type\":\"PropertyValueSpecification\",\"valueRequired\":true,\"valueName\":\"search_term_string\"}}],\"inLanguage\":\"fr-FR\"},{\"@type\":\"Organization\",\"@id\":\"https:\\\/\\\/lasentinelle.dz\\\/#organization\",\"name\":\"Quotidien La Sentinelle\",\"url\":\"https:\\\/\\\/lasentinelle.dz\\\/\",\"logo\":{\"@type\":\"ImageObject\",\"inLanguage\":\"fr-FR\",\"@id\":\"https:\\\/\\\/lasentinelle.dz\\\/#\\\/schema\\\/logo\\\/image\\\/\",\"url\":\"https:\\\/\\\/lasentinelle.dz\\\/wp-content\\\/uploads\\\/2021\\\/09\\\/logo-sentinelleSLOGAN-1.png\",\"contentUrl\":\"https:\\\/\\\/lasentinelle.dz\\\/wp-content\\\/uploads\\\/2021\\\/09\\\/logo-sentinelleSLOGAN-1.png\",\"width\":615,\"height\":142,\"caption\":\"Quotidien La Sentinelle\"},\"image\":{\"@id\":\"https:\\\/\\\/lasentinelle.dz\\\/#\\\/schema\\\/logo\\\/image\\\/\"},\"sameAs\":[\"https:\\\/\\\/www.facebook.com\\\/La-Sentinelle-104059864394773\"]},{\"@type\":\"Person\",\"@id\":\"https:\\\/\\\/lasentinelle.dz\\\/#\\\/schema\\\/person\\\/d865044e22e70a75174ce8bcad3acfb3\",\"name\":\"La Sentinelle\",\"image\":{\"@type\":\"ImageObject\",\"inLanguage\":\"fr-FR\",\"@id\":\"https:\\\/\\\/secure.gravatar.com\\\/avatar\\\/57de8e5d4b15d43fb361a71fbb36338450fe67865b528a43dd10ef7c51a20392?s=96&d=mm&r=g\",\"url\":\"https:\\\/\\\/secure.gravatar.com\\\/avatar\\\/57de8e5d4b15d43fb361a71fbb36338450fe67865b528a43dd10ef7c51a20392?s=96&d=mm&r=g\",\"contentUrl\":\"https:\\\/\\\/secure.gravatar.com\\\/avatar\\\/57de8e5d4b15d43fb361a71fbb36338450fe67865b528a43dd10ef7c51a20392?s=96&d=mm&r=g\",\"caption\":\"La Sentinelle\"},\"sameAs\":[\"http:\\\/\\\/www.lasentinelle.dz\"],\"url\":\"https:\\\/\\\/lasentinelle.dz\\\/author\\\/redaction\\\/\"}]}<\/script>\n<!-- \/ Yoast SEO plugin. -->","yoast_head_json":{"title":"34e anniversaire de la proclamation de l&rsquo;Etat de Palestine\u00a0: L\u2019ambassade de Palestine \u00e0 Alger salue la position de l\u2019Alg\u00e9rie\u00a0 - La Sentinelle","robots":{"index":"index","follow":"follow","max-snippet":"max-snippet:-1","max-image-preview":"max-image-preview:large","max-video-preview":"max-video-preview:-1"},"canonical":"https:\/\/lasentinelle.dz\/index.php\/2022\/11\/16\/34e-anniversaire-de-la-proclamation-de-letat-de-palestine-lambassade-de-palestine-a-alger-salue-la-position-de-lalgerie\/","og_locale":"fr_FR","og_type":"article","og_title":"34e anniversaire de la proclamation de l&rsquo;Etat de Palestine\u00a0: L\u2019ambassade de Palestine \u00e0 Alger salue la position de l\u2019Alg\u00e9rie\u00a0 - La Sentinelle","og_description":"L&rsquo;ambassade de Palestine \u00e0 Alger a c\u00e9l\u00e9br\u00e9 mardi le 34e anniversaire de la proclamation, depuis Alger le 15 novembre 1988,","og_url":"https:\/\/lasentinelle.dz\/index.php\/2022\/11\/16\/34e-anniversaire-de-la-proclamation-de-letat-de-palestine-lambassade-de-palestine-a-alger-salue-la-position-de-lalgerie\/","og_site_name":"La Sentinelle","article_publisher":"https:\/\/www.facebook.com\/La-Sentinelle-104059864394773","article_published_time":"2022-11-16T21:00:00+00:00","og_image":[{"width":1024,"height":651,"url":"https:\/\/lasentinelle.dz\/wp-content\/uploads\/2022\/11\/image_2022-11-16_161654423-1024x651.png","type":"image\/png"}],"author":"La Sentinelle","twitter_card":"summary_large_image","twitter_misc":{"\u00c9crit par":"La Sentinelle","Dur\u00e9e de lecture estim\u00e9e":"3 minutes"},"schema":{"@context":"https:\/\/schema.org","@graph":[{"@type":"Article","@id":"https:\/\/lasentinelle.dz\/index.php\/2022\/11\/16\/34e-anniversaire-de-la-proclamation-de-letat-de-palestine-lambassade-de-palestine-a-alger-salue-la-position-de-lalgerie\/#article","isPartOf":{"@id":"https:\/\/lasentinelle.dz\/index.php\/2022\/11\/16\/34e-anniversaire-de-la-proclamation-de-letat-de-palestine-lambassade-de-palestine-a-alger-salue-la-position-de-lalgerie\/"},"author":{"name":"La Sentinelle","@id":"https:\/\/lasentinelle.dz\/#\/schema\/person\/d865044e22e70a75174ce8bcad3acfb3"},"headline":"34e anniversaire de la proclamation de l&rsquo;Etat de Palestine\u00a0: L\u2019ambassade de Palestine \u00e0 Alger salue la position de l\u2019Alg\u00e9rie\u00a0","datePublished":"2022-11-16T21:00:00+00:00","mainEntityOfPage":{"@id":"https:\/\/lasentinelle.dz\/index.php\/2022\/11\/16\/34e-anniversaire-de-la-proclamation-de-letat-de-palestine-lambassade-de-palestine-a-alger-salue-la-position-de-lalgerie\/"},"wordCount":552,"commentCount":0,"publisher":{"@id":"https:\/\/lasentinelle.dz\/#organization"},"image":{"@id":"https:\/\/lasentinelle.dz\/index.php\/2022\/11\/16\/34e-anniversaire-de-la-proclamation-de-letat-de-palestine-lambassade-de-palestine-a-alger-salue-la-position-de-lalgerie\/#primaryimage"},"thumbnailUrl":"https:\/\/lasentinelle.dz\/wp-content\/uploads\/2022\/11\/image_2022-11-16_161654423.png","articleSection":["Monde"],"inLanguage":"fr-FR","potentialAction":[{"@type":"CommentAction","name":"Comment","target":["https:\/\/lasentinelle.dz\/index.php\/2022\/11\/16\/34e-anniversaire-de-la-proclamation-de-letat-de-palestine-lambassade-de-palestine-a-alger-salue-la-position-de-lalgerie\/#respond"]}]},{"@type":"WebPage","@id":"https:\/\/lasentinelle.dz\/index.php\/2022\/11\/16\/34e-anniversaire-de-la-proclamation-de-letat-de-palestine-lambassade-de-palestine-a-alger-salue-la-position-de-lalgerie\/","url":"https:\/\/lasentinelle.dz\/index.php\/2022\/11\/16\/34e-anniversaire-de-la-proclamation-de-letat-de-palestine-lambassade-de-palestine-a-alger-salue-la-position-de-lalgerie\/","name":"34e anniversaire de la proclamation de l&rsquo;Etat de Palestine\u00a0: L\u2019ambassade de Palestine \u00e0 Alger salue la position de l\u2019Alg\u00e9rie\u00a0 - La Sentinelle","isPartOf":{"@id":"https:\/\/lasentinelle.dz\/#website"},"primaryImageOfPage":{"@id":"https:\/\/lasentinelle.dz\/index.php\/2022\/11\/16\/34e-anniversaire-de-la-proclamation-de-letat-de-palestine-lambassade-de-palestine-a-alger-salue-la-position-de-lalgerie\/#primaryimage"},"image":{"@id":"https:\/\/lasentinelle.dz\/index.php\/2022\/11\/16\/34e-anniversaire-de-la-proclamation-de-letat-de-palestine-lambassade-de-palestine-a-alger-salue-la-position-de-lalgerie\/#primaryimage"},"thumbnailUrl":"https:\/\/lasentinelle.dz\/wp-content\/uploads\/2022\/11\/image_2022-11-16_161654423.png","datePublished":"2022-11-16T21:00:00+00:00","breadcrumb":{"@id":"https:\/\/lasentinelle.dz\/index.php\/2022\/11\/16\/34e-anniversaire-de-la-proclamation-de-letat-de-palestine-lambassade-de-palestine-a-alger-salue-la-position-de-lalgerie\/#breadcrumb"},"inLanguage":"fr-FR","potentialAction":[{"@type":"ReadAction","target":["https:\/\/lasentinelle.dz\/index.php\/2022\/11\/16\/34e-anniversaire-de-la-proclamation-de-letat-de-palestine-lambassade-de-palestine-a-alger-salue-la-position-de-lalgerie\/"]}]},{"@type":"ImageObject","inLanguage":"fr-FR","@id":"https:\/\/lasentinelle.dz\/index.php\/2022\/11\/16\/34e-anniversaire-de-la-proclamation-de-letat-de-palestine-lambassade-de-palestine-a-alger-salue-la-position-de-lalgerie\/#primaryimage","url":"https:\/\/lasentinelle.dz\/wp-content\/uploads\/2022\/11\/image_2022-11-16_161654423.png","contentUrl":"https:\/\/lasentinelle.dz\/wp-content\/uploads\/2022\/11\/image_2022-11-16_161654423.png","width":2560,"height":1628},{"@type":"BreadcrumbList","@id":"https:\/\/lasentinelle.dz\/index.php\/2022\/11\/16\/34e-anniversaire-de-la-proclamation-de-letat-de-palestine-lambassade-de-palestine-a-alger-salue-la-position-de-lalgerie\/#breadcrumb","itemListElement":[{"@type":"ListItem","position":1,"name":"Accueil","item":"https:\/\/lasentinelle.dz\/"},{"@type":"ListItem","position":2,"name":"34e anniversaire de la proclamation de l&rsquo;Etat de Palestine\u00a0: L\u2019ambassade de Palestine \u00e0 Alger salue la position de l\u2019Alg\u00e9rie\u00a0"}]},{"@type":"WebSite","@id":"https:\/\/lasentinelle.dz\/#website","url":"https:\/\/lasentinelle.dz\/","name":"La Sentinelle","description":"Quotidien national d&#039;information","publisher":{"@id":"https:\/\/lasentinelle.dz\/#organization"},"potentialAction":[{"@type":"SearchAction","target":{"@type":"EntryPoint","urlTemplate":"https:\/\/lasentinelle.dz\/?s={search_term_string}"},"query-input":{"@type":"PropertyValueSpecification","valueRequired":true,"valueName":"search_term_string"}}],"inLanguage":"fr-FR"},{"@type":"Organization","@id":"https:\/\/lasentinelle.dz\/#organization","name":"Quotidien La Sentinelle","url":"https:\/\/lasentinelle.dz\/","logo":{"@type":"ImageObject","inLanguage":"fr-FR","@id":"https:\/\/lasentinelle.dz\/#\/schema\/logo\/image\/","url":"https:\/\/lasentinelle.dz\/wp-content\/uploads\/2021\/09\/logo-sentinelleSLOGAN-1.png","contentUrl":"https:\/\/lasentinelle.dz\/wp-content\/uploads\/2021\/09\/logo-sentinelleSLOGAN-1.png","width":615,"height":142,"caption":"Quotidien La Sentinelle"},"image":{"@id":"https:\/\/lasentinelle.dz\/#\/schema\/logo\/image\/"},"sameAs":["https:\/\/www.facebook.com\/La-Sentinelle-104059864394773"]},{"@type":"Person","@id":"https:\/\/lasentinelle.dz\/#\/schema\/person\/d865044e22e70a75174ce8bcad3acfb3","name":"La Sentinelle","image":{"@type":"ImageObject","inLanguage":"fr-FR","@id":"https:\/\/secure.gravatar.com\/avatar\/57de8e5d4b15d43fb361a71fbb36338450fe67865b528a43dd10ef7c51a20392?s=96&d=mm&r=g","url":"https:\/\/secure.gravatar.com\/avatar\/57de8e5d4b15d43fb361a71fbb36338450fe67865b528a43dd10ef7c51a20392?s=96&d=mm&r=g","contentUrl":"https:\/\/secure.gravatar.com\/avatar\/57de8e5d4b15d43fb361a71fbb36338450fe67865b528a43dd10ef7c51a20392?s=96&d=mm&r=g","caption":"La Sentinelle"},"sameAs":["http:\/\/www.lasentinelle.dz"],"url":"https:\/\/lasentinelle.dz\/author\/redaction\/"}]}},"_links":{"self":[{"href":"https:\/\/lasentinelle.dz\/index.php\/wp-json\/wp\/v2\/posts\/30891","targetHints":{"allow":["GET"]}}],"collection":[{"href":"https:\/\/lasentinelle.dz\/index.php\/wp-json\/wp\/v2\/posts"}],"about":[{"href":"https:\/\/lasentinelle.dz\/index.php\/wp-json\/wp\/v2\/types\/post"}],"author":[{"embeddable":true,"href":"https:\/\/lasentinelle.dz\/index.php\/wp-json\/wp\/v2\/users\/3"}],"replies":[{"embeddable":true,"href":"https:\/\/lasentinelle.dz\/index.php\/wp-json\/wp\/v2\/comments?post=30891"}],"version-history":[{"count":1,"href":"https:\/\/lasentinelle.dz\/index.php\/wp-json\/wp\/v2\/posts\/30891\/revisions"}],"predecessor-version":[{"id":30911,"href":"https:\/\/lasentinelle.dz\/index.php\/wp-json\/wp\/v2\/posts\/30891\/revisions\/30911"}],"wp:featuredmedia":[{"embeddable":true,"href":"https:\/\/lasentinelle.dz\/index.php\/wp-json\/wp\/v2\/media\/30910"}],"wp:attachment":[{"href":"https:\/\/lasentinelle.dz\/index.php\/wp-json\/wp\/v2\/media?parent=30891"}],"wp:term":[{"taxonomy":"category","embeddable":true,"href":"https:\/\/lasentinelle.dz\/index.php\/wp-json\/wp\/v2\/categories?post=30891"},{"taxonomy":"post_tag","embeddable":true,"href":"https:\/\/lasentinelle.dz\/index.php\/wp-json\/wp\/v2\/tags?post=30891"}],"curies":[{"name":"wp","href":"https:\/\/api.w.org\/{rel}","templated":true}]}}