{"id":30897,"date":"2022-11-16T22:08:00","date_gmt":"2022-11-16T21:08:00","guid":{"rendered":"https:\/\/lasentinelle.dz\/?p=30897"},"modified":"2022-11-16T20:02:44","modified_gmt":"2022-11-16T19:02:44","slug":"missile-tombe-en-pologne-les-experts-russes-demontent-les-accusations-de-varsovie","status":"publish","type":"post","link":"https:\/\/lasentinelle.dz\/index.php\/2022\/11\/16\/missile-tombe-en-pologne-les-experts-russes-demontent-les-accusations-de-varsovie\/","title":{"rendered":"Missile tomb\u00e9 en Pologne\u00a0: Les experts russes d\u00e9montent les accusations de Varsovie\u00a0"},"content":{"rendered":"\n<p>Des sp\u00e9cialistes militaires russes ont identifi\u00e9 les d\u00e9bris du missile tomb\u00e9 sur le sol polonais comme ceux d&rsquo;un S-300 ukrainien. En outre, citant des sources de l&rsquo;Otan, Reuters a relat\u00e9 que Joe Biden a inform\u00e9 ses partenaires de l&rsquo;Alliance et du G7 que l&rsquo;explosion en Pologne avait \u00e9t\u00e9 caus\u00e9e par un missile ukrainien.<\/p>\n\n\n\n<p>Les images prises par des Polonais des d\u00e9bris du missile tomb\u00e9 hier dans la localit\u00e9 de Przewodow montrent qu&rsquo;il s&rsquo;agit d&rsquo;un S-300 ukrainien, a d\u00e9clar\u00e9 ce 16 novembre le minist\u00e8re russe de la D\u00e9fense repris par l\u2019agence Sputnik. \u00ab Les images publi\u00e9es au soir du 15 novembre en Pologne des d\u00e9bris d\u00e9couverts dans la ville de Przewodow ont clairement \u00e9t\u00e9 identifi\u00e9es par les sp\u00e9cialistes militaires russes comme ceux d&rsquo;un missile S-300 des forces a\u00e9riennes ukrainiennes \u00bb, a fait savoir la D\u00e9fense russe. Ces informations interviennent au moment o\u00f9 l&rsquo;agence Reuters, citant des sources au sein de l&rsquo;Otan, a indiqu\u00e9 que Joe Biden a inform\u00e9 aussi ses partenaires de l&rsquo;Alliance et du G7 que l&rsquo;explosion en Pologne avait \u00e9t\u00e9 caus\u00e9e par un missile ukrainien.<\/p>\n\n\n\n<p>D\u00e8s le d\u00e9but des all\u00e9gations de la Pologne selon lesquelles le missile tomb\u00e9 sur son territoire \u00e9tait d&rsquo;origine russe, Moscou a ni\u00e9 fermement. Commentant l&rsquo;incident en Pologne, la porte-parole de la diplomatie russe Maria Zakharova a estim\u00e9 qu\u2019il s\u2019agissait d&rsquo; \u00ab une autre provocation rude de Kiev \u00bb. Le porte-parole du Kremlin Dmitri Peskov a d\u00e9clar\u00e9 que la Russie n&rsquo;avait rien \u00e0 voir avec l&rsquo;incident en Pologne. Il a en outre regrett\u00e9 une r\u00e9action disproportionn\u00e9e suite \u00e0 cet incident compar\u00e9e au \u00ab silence minutieusement assur\u00e9 jusqu&rsquo;\u00e0 pr\u00e9sent \u00bb vis-\u00e0-vis de la situation des Nord Stream. \u00ab Nous aurions pr\u00e9f\u00e9r\u00e9 une r\u00e9action aussi \u00e9motionnelle, voire d\u00e9bord\u00e9e d&rsquo;\u00e9motions, par exemple lorsqu&rsquo;il s&rsquo;agissait du sabotage sur les gazoducs Nord Stream \u00bb, a ajout\u00e9 le porte-parole du Pr\u00e9sident russe.<\/p>\n\n\n\n<p>Le reste du monde \u00e9vite \u00e9galement les conclusions exp\u00e9ditives. \u00ab Les donn\u00e9es pr\u00e9liminaires montrent que la Russie n&rsquo;a rien \u00e0 voir avec l&rsquo;incident de missile en Pologne \u00bb, a d\u00e9clar\u00e9 le pr\u00e9sident turc, s&rsquo;exprimant lors d&rsquo;une conf\u00e9rence de presse en marge du sommet du G20 \u00e0 Bali. Il a ainsi comment\u00e9 la r\u00e9cente chute d&rsquo;un missile en Pologne qui a fait deux morts. \u00ab Affirmer qu&rsquo;il s&rsquo;agit d&rsquo;un missile russe serait une provocation. Nous d\u00e9ployons tous les efforts pour amener l&rsquo;Ukraine et la Russie \u00e0 la table [des n\u00e9gociations]. Les provocations n&rsquo;aident pas \u00bb, a rench\u00e9ri Recep Tayyip Erdogan. Le chef de l&rsquo;\u00c9tat turc a dit respecter \u00ab les explications de la Russie \u00bb. Et d&rsquo;ajouter qu&rsquo;il pr\u00e9voyait de parler \u00e0 Vladimir Poutine apr\u00e8s son retour de Bali. \u00ab Il importe pour nous que la Russie ait dit : Nous n&rsquo;y sommes pour rien \u00bb. En outre, M.Scholz a d\u00e9clar\u00e9 \u00ab [\u2026] qu&rsquo;il faut enqu\u00eater en d\u00e9tail sur cet incident. \u00bb<\/p>\n\n\n\n<p><strong>KhiderL.<\/strong><\/p>\n","protected":false},"excerpt":{"rendered":"<p>Des sp\u00e9cialistes militaires russes ont identifi\u00e9 les d\u00e9bris du missile tomb\u00e9 sur le sol polonais comme ceux d&rsquo;un S-300 ukrainien.<\/p>\n","protected":false},"author":3,"featured_media":30900,"comment_status":"open","ping_status":"closed","sticky":false,"template":"","format":"standard","meta":{"colormag_page_container_layout":"default_layout","colormag_page_sidebar_layout":"default_layout","om_disable_all_campaigns":false,"_monsterinsights_skip_tracking":false,"_monsterinsights_sitenote_active":false,"_monsterinsights_sitenote_note":"","_monsterinsights_sitenote_category":0,"footnotes":"","_wpscppro_dont_share_socialmedia":false,"_wpscppro_custom_social_share_image":0,"_facebook_share_type":"","_twitter_share_type":"","_linkedin_share_type":"","_pinterest_share_type":"","_linkedin_share_type_page":"","_instagram_share_type":"","_medium_share_type":"","_threads_share_type":"","_google_business_share_type":"","_selected_social_profile":[],"_wpsp_enable_custom_social_template":false,"_wpsp_social_scheduling":{"enabled":false,"datetime":null,"platforms":[],"status":"template_only","dateOption":"today","timeOption":"now","customDays":"","customHours":"","customDate":"","customTime":"","schedulingType":"absolute"},"_wpsp_active_default_template":true},"categories":[52,37],"tags":[],"class_list":["post-30897","post","type-post","status-publish","format-standard","has-post-thumbnail","hentry","category-a-la-une","category-monde"],"aioseo_notices":[],"yoast_head":"<!-- This site is optimized with the Yoast SEO plugin v27.5 - https:\/\/yoast.com\/product\/yoast-seo-wordpress\/ -->\n<title>Missile tomb\u00e9 en Pologne\u00a0: Les experts russes d\u00e9montent les accusations de Varsovie\u00a0 - La Sentinelle<\/title>\n<meta name=\"robots\" content=\"index, follow, max-snippet:-1, max-image-preview:large, max-video-preview:-1\" \/>\n<link rel=\"canonical\" href=\"https:\/\/lasentinelle.dz\/index.php\/2022\/11\/16\/missile-tombe-en-pologne-les-experts-russes-demontent-les-accusations-de-varsovie\/\" \/>\n<meta property=\"og:locale\" content=\"fr_FR\" \/>\n<meta property=\"og:type\" content=\"article\" \/>\n<meta property=\"og:title\" content=\"Missile tomb\u00e9 en Pologne\u00a0: Les experts russes d\u00e9montent les accusations de Varsovie\u00a0 - La Sentinelle\" \/>\n<meta property=\"og:description\" content=\"Des sp\u00e9cialistes militaires russes ont identifi\u00e9 les d\u00e9bris du missile tomb\u00e9 sur le sol polonais comme ceux d&rsquo;un S-300 ukrainien.\" \/>\n<meta property=\"og:url\" content=\"https:\/\/lasentinelle.dz\/index.php\/2022\/11\/16\/missile-tombe-en-pologne-les-experts-russes-demontent-les-accusations-de-varsovie\/\" \/>\n<meta property=\"og:site_name\" content=\"La Sentinelle\" \/>\n<meta property=\"article:publisher\" content=\"https:\/\/www.facebook.com\/La-Sentinelle-104059864394773\" \/>\n<meta property=\"article:published_time\" content=\"2022-11-16T21:08:00+00:00\" \/>\n<meta property=\"og:image\" content=\"https:\/\/lasentinelle.dz\/wp-content\/uploads\/2022\/11\/missile-1.png\" \/>\n\t<meta property=\"og:image:width\" content=\"1200\" \/>\n\t<meta property=\"og:image:height\" content=\"900\" \/>\n\t<meta property=\"og:image:type\" content=\"image\/png\" \/>\n<meta name=\"author\" content=\"La Sentinelle\" \/>\n<meta name=\"twitter:card\" content=\"summary_large_image\" \/>\n<meta name=\"twitter:label1\" content=\"\u00c9crit par\" \/>\n\t<meta name=\"twitter:data1\" content=\"La Sentinelle\" \/>\n\t<meta name=\"twitter:label2\" content=\"Dur\u00e9e de lecture estim\u00e9e\" \/>\n\t<meta name=\"twitter:data2\" content=\"3 minutes\" \/>\n<script type=\"application\/ld+json\" class=\"yoast-schema-graph\">{\"@context\":\"https:\\\/\\\/schema.org\",\"@graph\":[{\"@type\":\"Article\",\"@id\":\"https:\\\/\\\/lasentinelle.dz\\\/index.php\\\/2022\\\/11\\\/16\\\/missile-tombe-en-pologne-les-experts-russes-demontent-les-accusations-de-varsovie\\\/#article\",\"isPartOf\":{\"@id\":\"https:\\\/\\\/lasentinelle.dz\\\/index.php\\\/2022\\\/11\\\/16\\\/missile-tombe-en-pologne-les-experts-russes-demontent-les-accusations-de-varsovie\\\/\"},\"author\":{\"name\":\"La Sentinelle\",\"@id\":\"https:\\\/\\\/lasentinelle.dz\\\/#\\\/schema\\\/person\\\/d865044e22e70a75174ce8bcad3acfb3\"},\"headline\":\"Missile tomb\u00e9 en Pologne\u00a0: Les experts russes d\u00e9montent les accusations de Varsovie\u00a0\",\"datePublished\":\"2022-11-16T21:08:00+00:00\",\"mainEntityOfPage\":{\"@id\":\"https:\\\/\\\/lasentinelle.dz\\\/index.php\\\/2022\\\/11\\\/16\\\/missile-tombe-en-pologne-les-experts-russes-demontent-les-accusations-de-varsovie\\\/\"},\"wordCount\":531,\"commentCount\":0,\"publisher\":{\"@id\":\"https:\\\/\\\/lasentinelle.dz\\\/#organization\"},\"image\":{\"@id\":\"https:\\\/\\\/lasentinelle.dz\\\/index.php\\\/2022\\\/11\\\/16\\\/missile-tombe-en-pologne-les-experts-russes-demontent-les-accusations-de-varsovie\\\/#primaryimage\"},\"thumbnailUrl\":\"https:\\\/\\\/lasentinelle.dz\\\/wp-content\\\/uploads\\\/2022\\\/11\\\/missile-1.png\",\"articleSection\":[\"\u00c0 la Une\",\"Monde\"],\"inLanguage\":\"fr-FR\",\"potentialAction\":[{\"@type\":\"CommentAction\",\"name\":\"Comment\",\"target\":[\"https:\\\/\\\/lasentinelle.dz\\\/index.php\\\/2022\\\/11\\\/16\\\/missile-tombe-en-pologne-les-experts-russes-demontent-les-accusations-de-varsovie\\\/#respond\"]}]},{\"@type\":\"WebPage\",\"@id\":\"https:\\\/\\\/lasentinelle.dz\\\/index.php\\\/2022\\\/11\\\/16\\\/missile-tombe-en-pologne-les-experts-russes-demontent-les-accusations-de-varsovie\\\/\",\"url\":\"https:\\\/\\\/lasentinelle.dz\\\/index.php\\\/2022\\\/11\\\/16\\\/missile-tombe-en-pologne-les-experts-russes-demontent-les-accusations-de-varsovie\\\/\",\"name\":\"Missile tomb\u00e9 en Pologne\u00a0: Les experts russes d\u00e9montent les accusations de Varsovie\u00a0 - La Sentinelle\",\"isPartOf\":{\"@id\":\"https:\\\/\\\/lasentinelle.dz\\\/#website\"},\"primaryImageOfPage\":{\"@id\":\"https:\\\/\\\/lasentinelle.dz\\\/index.php\\\/2022\\\/11\\\/16\\\/missile-tombe-en-pologne-les-experts-russes-demontent-les-accusations-de-varsovie\\\/#primaryimage\"},\"image\":{\"@id\":\"https:\\\/\\\/lasentinelle.dz\\\/index.php\\\/2022\\\/11\\\/16\\\/missile-tombe-en-pologne-les-experts-russes-demontent-les-accusations-de-varsovie\\\/#primaryimage\"},\"thumbnailUrl\":\"https:\\\/\\\/lasentinelle.dz\\\/wp-content\\\/uploads\\\/2022\\\/11\\\/missile-1.png\",\"datePublished\":\"2022-11-16T21:08:00+00:00\",\"breadcrumb\":{\"@id\":\"https:\\\/\\\/lasentinelle.dz\\\/index.php\\\/2022\\\/11\\\/16\\\/missile-tombe-en-pologne-les-experts-russes-demontent-les-accusations-de-varsovie\\\/#breadcrumb\"},\"inLanguage\":\"fr-FR\",\"potentialAction\":[{\"@type\":\"ReadAction\",\"target\":[\"https:\\\/\\\/lasentinelle.dz\\\/index.php\\\/2022\\\/11\\\/16\\\/missile-tombe-en-pologne-les-experts-russes-demontent-les-accusations-de-varsovie\\\/\"]}]},{\"@type\":\"ImageObject\",\"inLanguage\":\"fr-FR\",\"@id\":\"https:\\\/\\\/lasentinelle.dz\\\/index.php\\\/2022\\\/11\\\/16\\\/missile-tombe-en-pologne-les-experts-russes-demontent-les-accusations-de-varsovie\\\/#primaryimage\",\"url\":\"https:\\\/\\\/lasentinelle.dz\\\/wp-content\\\/uploads\\\/2022\\\/11\\\/missile-1.png\",\"contentUrl\":\"https:\\\/\\\/lasentinelle.dz\\\/wp-content\\\/uploads\\\/2022\\\/11\\\/missile-1.png\",\"width\":1200,\"height\":900},{\"@type\":\"BreadcrumbList\",\"@id\":\"https:\\\/\\\/lasentinelle.dz\\\/index.php\\\/2022\\\/11\\\/16\\\/missile-tombe-en-pologne-les-experts-russes-demontent-les-accusations-de-varsovie\\\/#breadcrumb\",\"itemListElement\":[{\"@type\":\"ListItem\",\"position\":1,\"name\":\"Accueil\",\"item\":\"https:\\\/\\\/lasentinelle.dz\\\/\"},{\"@type\":\"ListItem\",\"position\":2,\"name\":\"Missile tomb\u00e9 en Pologne\u00a0: Les experts russes d\u00e9montent les accusations de Varsovie\u00a0\"}]},{\"@type\":\"WebSite\",\"@id\":\"https:\\\/\\\/lasentinelle.dz\\\/#website\",\"url\":\"https:\\\/\\\/lasentinelle.dz\\\/\",\"name\":\"La Sentinelle\",\"description\":\"Quotidien national d&#039;information\",\"publisher\":{\"@id\":\"https:\\\/\\\/lasentinelle.dz\\\/#organization\"},\"potentialAction\":[{\"@type\":\"SearchAction\",\"target\":{\"@type\":\"EntryPoint\",\"urlTemplate\":\"https:\\\/\\\/lasentinelle.dz\\\/?s={search_term_string}\"},\"query-input\":{\"@type\":\"PropertyValueSpecification\",\"valueRequired\":true,\"valueName\":\"search_term_string\"}}],\"inLanguage\":\"fr-FR\"},{\"@type\":\"Organization\",\"@id\":\"https:\\\/\\\/lasentinelle.dz\\\/#organization\",\"name\":\"Quotidien La Sentinelle\",\"url\":\"https:\\\/\\\/lasentinelle.dz\\\/\",\"logo\":{\"@type\":\"ImageObject\",\"inLanguage\":\"fr-FR\",\"@id\":\"https:\\\/\\\/lasentinelle.dz\\\/#\\\/schema\\\/logo\\\/image\\\/\",\"url\":\"https:\\\/\\\/lasentinelle.dz\\\/wp-content\\\/uploads\\\/2021\\\/09\\\/logo-sentinelleSLOGAN-1.png\",\"contentUrl\":\"https:\\\/\\\/lasentinelle.dz\\\/wp-content\\\/uploads\\\/2021\\\/09\\\/logo-sentinelleSLOGAN-1.png\",\"width\":615,\"height\":142,\"caption\":\"Quotidien La Sentinelle\"},\"image\":{\"@id\":\"https:\\\/\\\/lasentinelle.dz\\\/#\\\/schema\\\/logo\\\/image\\\/\"},\"sameAs\":[\"https:\\\/\\\/www.facebook.com\\\/La-Sentinelle-104059864394773\"]},{\"@type\":\"Person\",\"@id\":\"https:\\\/\\\/lasentinelle.dz\\\/#\\\/schema\\\/person\\\/d865044e22e70a75174ce8bcad3acfb3\",\"name\":\"La Sentinelle\",\"image\":{\"@type\":\"ImageObject\",\"inLanguage\":\"fr-FR\",\"@id\":\"https:\\\/\\\/secure.gravatar.com\\\/avatar\\\/57de8e5d4b15d43fb361a71fbb36338450fe67865b528a43dd10ef7c51a20392?s=96&d=mm&r=g\",\"url\":\"https:\\\/\\\/secure.gravatar.com\\\/avatar\\\/57de8e5d4b15d43fb361a71fbb36338450fe67865b528a43dd10ef7c51a20392?s=96&d=mm&r=g\",\"contentUrl\":\"https:\\\/\\\/secure.gravatar.com\\\/avatar\\\/57de8e5d4b15d43fb361a71fbb36338450fe67865b528a43dd10ef7c51a20392?s=96&d=mm&r=g\",\"caption\":\"La Sentinelle\"},\"sameAs\":[\"http:\\\/\\\/www.lasentinelle.dz\"],\"url\":\"https:\\\/\\\/lasentinelle.dz\\\/author\\\/redaction\\\/\"}]}<\/script>\n<!-- \/ Yoast SEO plugin. -->","yoast_head_json":{"title":"Missile tomb\u00e9 en Pologne\u00a0: Les experts russes d\u00e9montent les accusations de Varsovie\u00a0 - La Sentinelle","robots":{"index":"index","follow":"follow","max-snippet":"max-snippet:-1","max-image-preview":"max-image-preview:large","max-video-preview":"max-video-preview:-1"},"canonical":"https:\/\/lasentinelle.dz\/index.php\/2022\/11\/16\/missile-tombe-en-pologne-les-experts-russes-demontent-les-accusations-de-varsovie\/","og_locale":"fr_FR","og_type":"article","og_title":"Missile tomb\u00e9 en Pologne\u00a0: Les experts russes d\u00e9montent les accusations de Varsovie\u00a0 - La Sentinelle","og_description":"Des sp\u00e9cialistes militaires russes ont identifi\u00e9 les d\u00e9bris du missile tomb\u00e9 sur le sol polonais comme ceux d&rsquo;un S-300 ukrainien.","og_url":"https:\/\/lasentinelle.dz\/index.php\/2022\/11\/16\/missile-tombe-en-pologne-les-experts-russes-demontent-les-accusations-de-varsovie\/","og_site_name":"La Sentinelle","article_publisher":"https:\/\/www.facebook.com\/La-Sentinelle-104059864394773","article_published_time":"2022-11-16T21:08:00+00:00","og_image":[{"width":1200,"height":900,"url":"https:\/\/lasentinelle.dz\/wp-content\/uploads\/2022\/11\/missile-1.png","type":"image\/png"}],"author":"La Sentinelle","twitter_card":"summary_large_image","twitter_misc":{"\u00c9crit par":"La Sentinelle","Dur\u00e9e de lecture estim\u00e9e":"3 minutes"},"schema":{"@context":"https:\/\/schema.org","@graph":[{"@type":"Article","@id":"https:\/\/lasentinelle.dz\/index.php\/2022\/11\/16\/missile-tombe-en-pologne-les-experts-russes-demontent-les-accusations-de-varsovie\/#article","isPartOf":{"@id":"https:\/\/lasentinelle.dz\/index.php\/2022\/11\/16\/missile-tombe-en-pologne-les-experts-russes-demontent-les-accusations-de-varsovie\/"},"author":{"name":"La Sentinelle","@id":"https:\/\/lasentinelle.dz\/#\/schema\/person\/d865044e22e70a75174ce8bcad3acfb3"},"headline":"Missile tomb\u00e9 en Pologne\u00a0: Les experts russes d\u00e9montent les accusations de Varsovie\u00a0","datePublished":"2022-11-16T21:08:00+00:00","mainEntityOfPage":{"@id":"https:\/\/lasentinelle.dz\/index.php\/2022\/11\/16\/missile-tombe-en-pologne-les-experts-russes-demontent-les-accusations-de-varsovie\/"},"wordCount":531,"commentCount":0,"publisher":{"@id":"https:\/\/lasentinelle.dz\/#organization"},"image":{"@id":"https:\/\/lasentinelle.dz\/index.php\/2022\/11\/16\/missile-tombe-en-pologne-les-experts-russes-demontent-les-accusations-de-varsovie\/#primaryimage"},"thumbnailUrl":"https:\/\/lasentinelle.dz\/wp-content\/uploads\/2022\/11\/missile-1.png","articleSection":["\u00c0 la Une","Monde"],"inLanguage":"fr-FR","potentialAction":[{"@type":"CommentAction","name":"Comment","target":["https:\/\/lasentinelle.dz\/index.php\/2022\/11\/16\/missile-tombe-en-pologne-les-experts-russes-demontent-les-accusations-de-varsovie\/#respond"]}]},{"@type":"WebPage","@id":"https:\/\/lasentinelle.dz\/index.php\/2022\/11\/16\/missile-tombe-en-pologne-les-experts-russes-demontent-les-accusations-de-varsovie\/","url":"https:\/\/lasentinelle.dz\/index.php\/2022\/11\/16\/missile-tombe-en-pologne-les-experts-russes-demontent-les-accusations-de-varsovie\/","name":"Missile tomb\u00e9 en Pologne\u00a0: Les experts russes d\u00e9montent les accusations de Varsovie\u00a0 - La Sentinelle","isPartOf":{"@id":"https:\/\/lasentinelle.dz\/#website"},"primaryImageOfPage":{"@id":"https:\/\/lasentinelle.dz\/index.php\/2022\/11\/16\/missile-tombe-en-pologne-les-experts-russes-demontent-les-accusations-de-varsovie\/#primaryimage"},"image":{"@id":"https:\/\/lasentinelle.dz\/index.php\/2022\/11\/16\/missile-tombe-en-pologne-les-experts-russes-demontent-les-accusations-de-varsovie\/#primaryimage"},"thumbnailUrl":"https:\/\/lasentinelle.dz\/wp-content\/uploads\/2022\/11\/missile-1.png","datePublished":"2022-11-16T21:08:00+00:00","breadcrumb":{"@id":"https:\/\/lasentinelle.dz\/index.php\/2022\/11\/16\/missile-tombe-en-pologne-les-experts-russes-demontent-les-accusations-de-varsovie\/#breadcrumb"},"inLanguage":"fr-FR","potentialAction":[{"@type":"ReadAction","target":["https:\/\/lasentinelle.dz\/index.php\/2022\/11\/16\/missile-tombe-en-pologne-les-experts-russes-demontent-les-accusations-de-varsovie\/"]}]},{"@type":"ImageObject","inLanguage":"fr-FR","@id":"https:\/\/lasentinelle.dz\/index.php\/2022\/11\/16\/missile-tombe-en-pologne-les-experts-russes-demontent-les-accusations-de-varsovie\/#primaryimage","url":"https:\/\/lasentinelle.dz\/wp-content\/uploads\/2022\/11\/missile-1.png","contentUrl":"https:\/\/lasentinelle.dz\/wp-content\/uploads\/2022\/11\/missile-1.png","width":1200,"height":900},{"@type":"BreadcrumbList","@id":"https:\/\/lasentinelle.dz\/index.php\/2022\/11\/16\/missile-tombe-en-pologne-les-experts-russes-demontent-les-accusations-de-varsovie\/#breadcrumb","itemListElement":[{"@type":"ListItem","position":1,"name":"Accueil","item":"https:\/\/lasentinelle.dz\/"},{"@type":"ListItem","position":2,"name":"Missile tomb\u00e9 en Pologne\u00a0: Les experts russes d\u00e9montent les accusations de Varsovie\u00a0"}]},{"@type":"WebSite","@id":"https:\/\/lasentinelle.dz\/#website","url":"https:\/\/lasentinelle.dz\/","name":"La Sentinelle","description":"Quotidien national d&#039;information","publisher":{"@id":"https:\/\/lasentinelle.dz\/#organization"},"potentialAction":[{"@type":"SearchAction","target":{"@type":"EntryPoint","urlTemplate":"https:\/\/lasentinelle.dz\/?s={search_term_string}"},"query-input":{"@type":"PropertyValueSpecification","valueRequired":true,"valueName":"search_term_string"}}],"inLanguage":"fr-FR"},{"@type":"Organization","@id":"https:\/\/lasentinelle.dz\/#organization","name":"Quotidien La Sentinelle","url":"https:\/\/lasentinelle.dz\/","logo":{"@type":"ImageObject","inLanguage":"fr-FR","@id":"https:\/\/lasentinelle.dz\/#\/schema\/logo\/image\/","url":"https:\/\/lasentinelle.dz\/wp-content\/uploads\/2021\/09\/logo-sentinelleSLOGAN-1.png","contentUrl":"https:\/\/lasentinelle.dz\/wp-content\/uploads\/2021\/09\/logo-sentinelleSLOGAN-1.png","width":615,"height":142,"caption":"Quotidien La Sentinelle"},"image":{"@id":"https:\/\/lasentinelle.dz\/#\/schema\/logo\/image\/"},"sameAs":["https:\/\/www.facebook.com\/La-Sentinelle-104059864394773"]},{"@type":"Person","@id":"https:\/\/lasentinelle.dz\/#\/schema\/person\/d865044e22e70a75174ce8bcad3acfb3","name":"La Sentinelle","image":{"@type":"ImageObject","inLanguage":"fr-FR","@id":"https:\/\/secure.gravatar.com\/avatar\/57de8e5d4b15d43fb361a71fbb36338450fe67865b528a43dd10ef7c51a20392?s=96&d=mm&r=g","url":"https:\/\/secure.gravatar.com\/avatar\/57de8e5d4b15d43fb361a71fbb36338450fe67865b528a43dd10ef7c51a20392?s=96&d=mm&r=g","contentUrl":"https:\/\/secure.gravatar.com\/avatar\/57de8e5d4b15d43fb361a71fbb36338450fe67865b528a43dd10ef7c51a20392?s=96&d=mm&r=g","caption":"La Sentinelle"},"sameAs":["http:\/\/www.lasentinelle.dz"],"url":"https:\/\/lasentinelle.dz\/author\/redaction\/"}]}},"_links":{"self":[{"href":"https:\/\/lasentinelle.dz\/index.php\/wp-json\/wp\/v2\/posts\/30897","targetHints":{"allow":["GET"]}}],"collection":[{"href":"https:\/\/lasentinelle.dz\/index.php\/wp-json\/wp\/v2\/posts"}],"about":[{"href":"https:\/\/lasentinelle.dz\/index.php\/wp-json\/wp\/v2\/types\/post"}],"author":[{"embeddable":true,"href":"https:\/\/lasentinelle.dz\/index.php\/wp-json\/wp\/v2\/users\/3"}],"replies":[{"embeddable":true,"href":"https:\/\/lasentinelle.dz\/index.php\/wp-json\/wp\/v2\/comments?post=30897"}],"version-history":[{"count":2,"href":"https:\/\/lasentinelle.dz\/index.php\/wp-json\/wp\/v2\/posts\/30897\/revisions"}],"predecessor-version":[{"id":30957,"href":"https:\/\/lasentinelle.dz\/index.php\/wp-json\/wp\/v2\/posts\/30897\/revisions\/30957"}],"wp:featuredmedia":[{"embeddable":true,"href":"https:\/\/lasentinelle.dz\/index.php\/wp-json\/wp\/v2\/media\/30900"}],"wp:attachment":[{"href":"https:\/\/lasentinelle.dz\/index.php\/wp-json\/wp\/v2\/media?parent=30897"}],"wp:term":[{"taxonomy":"category","embeddable":true,"href":"https:\/\/lasentinelle.dz\/index.php\/wp-json\/wp\/v2\/categories?post=30897"},{"taxonomy":"post_tag","embeddable":true,"href":"https:\/\/lasentinelle.dz\/index.php\/wp-json\/wp\/v2\/tags?post=30897"}],"curies":[{"name":"wp","href":"https:\/\/api.w.org\/{rel}","templated":true}]}}