{"id":30937,"date":"2022-11-16T22:05:00","date_gmt":"2022-11-16T21:05:00","guid":{"rendered":"https:\/\/lasentinelle.dz\/?p=30937"},"modified":"2022-11-16T19:04:52","modified_gmt":"2022-11-16T18:04:52","slug":"said-chanegriha-en-visite-de-travail-et-dinspection-en-5e-region-militaire-lanp-reaffirme-ses-engagements-dans-la-lutte-contre-le-terrorisme","status":"publish","type":"post","link":"https:\/\/lasentinelle.dz\/index.php\/2022\/11\/16\/said-chanegriha-en-visite-de-travail-et-dinspection-en-5e-region-militaire-lanp-reaffirme-ses-engagements-dans-la-lutte-contre-le-terrorisme\/","title":{"rendered":"Sa\u00efd Chanegriha en visite de travail et d\u2019inspection en 5e R\u00e9gion militaire\u00a0: L\u2019ANP r\u00e9affirme ses engagements dans la lutte contre le terrorisme"},"content":{"rendered":"\n<p>Le Chef de l\u2019\u00c9tat-Major de l\u2019Arm\u00e9e nationale populaire, le G\u00e9n\u00e9ral d\u2019Arm\u00e9e Sa\u00efd Chanegrihaa r\u00e9affirm\u00e9 hier l\u2019engagement de l\u2019ANP \u00e0 poursuivre les \u00ab&nbsp;efforts visant \u00e0 assainir d\u00e9finitivement notre pays du fl\u00e9au du terrorisme&nbsp;\u00bb. Lors d\u2019une visite d\u2019inspection qui l\u2019a men\u00e9 en 5e R\u00e9gion militaire \u00e0 Constantine, le Chef de l\u2019\u00c9tat-major de l\u2019ANP a affirm\u00e9 qu\u2019au \u00ab&nbsp;moment o\u00f9 le mois de Novembre continue de nous inspirer, nous avons grande foi que l\u2019esprit de ce mois sacr\u00e9 et ses nationaux et \u00e9ternels principes, qui ont fait triompher la Glorieuse R\u00e9volution de Lib\u00e9ration, sont les seules valeurs \u00e0 m\u00eame de mobiliser la jeunesse de l\u2019Alg\u00e9rie et de la motiver \u00e0 contribuer efficacement \u00e0 l\u2019\u00e9dification de son pays, \u00e0 la guider sur la voie de la grandeur et du renouveau, et \u00e0 r\u00e9unir les facteurs de son d\u00e9veloppement socio-\u00e9conomique&nbsp;\u00bb.Ce sont l\u00e0, a-t-il poursuivi, \u00ab\u00a0des objectifs d\u2019une grande noblesse, dont la r\u00e9alisation n\u00e9cessite l\u2019\u00e9tablissement d\u2019un environnement serein, de stabilit\u00e9, de s\u00e9curit\u00e9 et de qui\u00e9tude. Un objectif que l\u2019Arm\u00e9e nationale populaire \u0153uvre \u00e0 atteindre, aux c\u00f4t\u00e9s de tous les autres secteurs de s\u00e9curit\u00e9, \u00e0 travers la poursuite de la conjugaison des efforts visant \u00e0 assainir d\u00e9finitivement notre pays du fl\u00e9au du terrorisme, ce qui n\u00e9cessite de r\u00e9unir de tous les facteurs \u00e0 m\u00eame de concourir au renforcement de nos capacit\u00e9s dans tous les domaines\u00a0\u00bb.<\/p>\n\n\n\n<p>Dans l\u2019allocution d\u2019orientation, suivie via visioconf\u00e9rence par l\u2019ensemble des personnels de la R\u00e9gion, il a soulign\u00e9 que \u00ab\u00a0l\u2019esprit de Novembre et ses principes immuables sont les seules valeurs \u00e0 m\u00eame de mobiliser la jeunesse de l\u2019Alg\u00e9rie et la motiver \u00e0 contribuer efficacement \u00e0 l\u2019\u00e9dification de son pays\u00a0\u00bb.\u00a0\u00bbJe n\u2019ai pas le moindre doute que gr\u00e2ce aux hommes patriotiques comme vous, l\u2019Alg\u00e9rie demeurera grande et fi\u00e8re, avec tout ce qu\u2019elle symbolise comme valeurs, principes, particularit\u00e9s et appartenances culturelle et civilisationnelle, et malgr\u00e9 les manigances sournoises des comploteurs qui \u0153uvrent \u00e0 semer la discorde, celles-ci seront mises \u00e0 l\u2019\u00e9chec, gr\u00e2ce \u00e0 vous et vos concitoyens parmi les fid\u00e8les enfants de l\u2019Alg\u00e9rie\u00a0\u00bb, a-t-il encore ajout\u00e9.<\/p>\n\n\n\n<p>Cette visite s\u2019inscrit dans le cadre de ses visites de travail et d\u2019inspection aux diff\u00e9rentes R\u00e9gions militaires et grandes unit\u00e9s de l\u2019Arm\u00e9e nationale populaire.<\/p>\n\n\n\n<p><strong>Chokri Hafed<\/strong><\/p>\n","protected":false},"excerpt":{"rendered":"<p>Le Chef de l\u2019\u00c9tat-Major de l\u2019Arm\u00e9e nationale populaire, le G\u00e9n\u00e9ral d\u2019Arm\u00e9e Sa\u00efd Chanegrihaa r\u00e9affirm\u00e9 hier l\u2019engagement de l\u2019ANP \u00e0 poursuivre<\/p>\n","protected":false},"author":3,"featured_media":30940,"comment_status":"open","ping_status":"closed","sticky":false,"template":"","format":"standard","meta":{"colormag_page_container_layout":"default_layout","colormag_page_sidebar_layout":"default_layout","om_disable_all_campaigns":false,"_monsterinsights_skip_tracking":false,"_monsterinsights_sitenote_active":false,"_monsterinsights_sitenote_note":"","_monsterinsights_sitenote_category":0,"footnotes":"","_wpscppro_dont_share_socialmedia":false,"_wpscppro_custom_social_share_image":0,"_facebook_share_type":"","_twitter_share_type":"","_linkedin_share_type":"","_pinterest_share_type":"","_linkedin_share_type_page":"","_instagram_share_type":"","_medium_share_type":"","_threads_share_type":"","_google_business_share_type":"","_selected_social_profile":[],"_wpsp_enable_custom_social_template":false,"_wpsp_social_scheduling":{"enabled":false,"datetime":null,"platforms":[],"status":"template_only","dateOption":"today","timeOption":"now","customDays":"","customHours":"","customDate":"","customTime":"","schedulingType":"absolute"},"_wpsp_active_default_template":true},"categories":[27],"tags":[],"class_list":["post-30937","post","type-post","status-publish","format-standard","has-post-thumbnail","hentry","category-actualite"],"aioseo_notices":[],"yoast_head":"<!-- This site is optimized with the Yoast SEO plugin v27.5 - https:\/\/yoast.com\/product\/yoast-seo-wordpress\/ -->\n<title>Sa\u00efd Chanegriha en visite de travail et d\u2019inspection en 5e R\u00e9gion militaire\u00a0: L\u2019ANP r\u00e9affirme ses engagements dans la lutte contre le terrorisme - La Sentinelle<\/title>\n<meta name=\"robots\" content=\"index, follow, max-snippet:-1, max-image-preview:large, max-video-preview:-1\" \/>\n<link rel=\"canonical\" href=\"https:\/\/lasentinelle.dz\/index.php\/2022\/11\/16\/said-chanegriha-en-visite-de-travail-et-dinspection-en-5e-region-militaire-lanp-reaffirme-ses-engagements-dans-la-lutte-contre-le-terrorisme\/\" \/>\n<meta property=\"og:locale\" content=\"fr_FR\" \/>\n<meta property=\"og:type\" content=\"article\" \/>\n<meta property=\"og:title\" content=\"Sa\u00efd Chanegriha en visite de travail et d\u2019inspection en 5e R\u00e9gion militaire\u00a0: L\u2019ANP r\u00e9affirme ses engagements dans la lutte contre le terrorisme - La Sentinelle\" \/>\n<meta property=\"og:description\" content=\"Le Chef de l\u2019\u00c9tat-Major de l\u2019Arm\u00e9e nationale populaire, le G\u00e9n\u00e9ral d\u2019Arm\u00e9e Sa\u00efd Chanegrihaa r\u00e9affirm\u00e9 hier l\u2019engagement de l\u2019ANP \u00e0 poursuivre\" \/>\n<meta property=\"og:url\" content=\"https:\/\/lasentinelle.dz\/index.php\/2022\/11\/16\/said-chanegriha-en-visite-de-travail-et-dinspection-en-5e-region-militaire-lanp-reaffirme-ses-engagements-dans-la-lutte-contre-le-terrorisme\/\" \/>\n<meta property=\"og:site_name\" content=\"La Sentinelle\" \/>\n<meta property=\"article:publisher\" content=\"https:\/\/www.facebook.com\/La-Sentinelle-104059864394773\" \/>\n<meta property=\"article:published_time\" content=\"2022-11-16T21:05:00+00:00\" \/>\n<meta property=\"og:image\" content=\"https:\/\/lasentinelle.dz\/wp-content\/uploads\/2022\/11\/chan-1.png\" \/>\n\t<meta property=\"og:image:width\" content=\"1491\" \/>\n\t<meta property=\"og:image:height\" content=\"900\" \/>\n\t<meta property=\"og:image:type\" content=\"image\/png\" \/>\n<meta name=\"author\" content=\"La Sentinelle\" \/>\n<meta name=\"twitter:card\" content=\"summary_large_image\" \/>\n<meta name=\"twitter:label1\" content=\"\u00c9crit par\" \/>\n\t<meta name=\"twitter:data1\" content=\"La Sentinelle\" \/>\n\t<meta name=\"twitter:label2\" content=\"Dur\u00e9e de lecture estim\u00e9e\" \/>\n\t<meta name=\"twitter:data2\" content=\"2 minutes\" \/>\n<script type=\"application\/ld+json\" class=\"yoast-schema-graph\">{\"@context\":\"https:\\\/\\\/schema.org\",\"@graph\":[{\"@type\":\"Article\",\"@id\":\"https:\\\/\\\/lasentinelle.dz\\\/index.php\\\/2022\\\/11\\\/16\\\/said-chanegriha-en-visite-de-travail-et-dinspection-en-5e-region-militaire-lanp-reaffirme-ses-engagements-dans-la-lutte-contre-le-terrorisme\\\/#article\",\"isPartOf\":{\"@id\":\"https:\\\/\\\/lasentinelle.dz\\\/index.php\\\/2022\\\/11\\\/16\\\/said-chanegriha-en-visite-de-travail-et-dinspection-en-5e-region-militaire-lanp-reaffirme-ses-engagements-dans-la-lutte-contre-le-terrorisme\\\/\"},\"author\":{\"name\":\"La Sentinelle\",\"@id\":\"https:\\\/\\\/lasentinelle.dz\\\/#\\\/schema\\\/person\\\/d865044e22e70a75174ce8bcad3acfb3\"},\"headline\":\"Sa\u00efd Chanegriha en visite de travail et d\u2019inspection en 5e R\u00e9gion militaire\u00a0: L\u2019ANP r\u00e9affirme ses engagements dans la lutte contre le terrorisme\",\"datePublished\":\"2022-11-16T21:05:00+00:00\",\"mainEntityOfPage\":{\"@id\":\"https:\\\/\\\/lasentinelle.dz\\\/index.php\\\/2022\\\/11\\\/16\\\/said-chanegriha-en-visite-de-travail-et-dinspection-en-5e-region-militaire-lanp-reaffirme-ses-engagements-dans-la-lutte-contre-le-terrorisme\\\/\"},\"wordCount\":446,\"commentCount\":0,\"publisher\":{\"@id\":\"https:\\\/\\\/lasentinelle.dz\\\/#organization\"},\"image\":{\"@id\":\"https:\\\/\\\/lasentinelle.dz\\\/index.php\\\/2022\\\/11\\\/16\\\/said-chanegriha-en-visite-de-travail-et-dinspection-en-5e-region-militaire-lanp-reaffirme-ses-engagements-dans-la-lutte-contre-le-terrorisme\\\/#primaryimage\"},\"thumbnailUrl\":\"https:\\\/\\\/lasentinelle.dz\\\/wp-content\\\/uploads\\\/2022\\\/11\\\/chan-1.png\",\"articleSection\":[\"Actualit\u00e9\"],\"inLanguage\":\"fr-FR\",\"potentialAction\":[{\"@type\":\"CommentAction\",\"name\":\"Comment\",\"target\":[\"https:\\\/\\\/lasentinelle.dz\\\/index.php\\\/2022\\\/11\\\/16\\\/said-chanegriha-en-visite-de-travail-et-dinspection-en-5e-region-militaire-lanp-reaffirme-ses-engagements-dans-la-lutte-contre-le-terrorisme\\\/#respond\"]}]},{\"@type\":\"WebPage\",\"@id\":\"https:\\\/\\\/lasentinelle.dz\\\/index.php\\\/2022\\\/11\\\/16\\\/said-chanegriha-en-visite-de-travail-et-dinspection-en-5e-region-militaire-lanp-reaffirme-ses-engagements-dans-la-lutte-contre-le-terrorisme\\\/\",\"url\":\"https:\\\/\\\/lasentinelle.dz\\\/index.php\\\/2022\\\/11\\\/16\\\/said-chanegriha-en-visite-de-travail-et-dinspection-en-5e-region-militaire-lanp-reaffirme-ses-engagements-dans-la-lutte-contre-le-terrorisme\\\/\",\"name\":\"Sa\u00efd Chanegriha en visite de travail et d\u2019inspection en 5e R\u00e9gion militaire\u00a0: L\u2019ANP r\u00e9affirme ses engagements dans la lutte contre le terrorisme - La Sentinelle\",\"isPartOf\":{\"@id\":\"https:\\\/\\\/lasentinelle.dz\\\/#website\"},\"primaryImageOfPage\":{\"@id\":\"https:\\\/\\\/lasentinelle.dz\\\/index.php\\\/2022\\\/11\\\/16\\\/said-chanegriha-en-visite-de-travail-et-dinspection-en-5e-region-militaire-lanp-reaffirme-ses-engagements-dans-la-lutte-contre-le-terrorisme\\\/#primaryimage\"},\"image\":{\"@id\":\"https:\\\/\\\/lasentinelle.dz\\\/index.php\\\/2022\\\/11\\\/16\\\/said-chanegriha-en-visite-de-travail-et-dinspection-en-5e-region-militaire-lanp-reaffirme-ses-engagements-dans-la-lutte-contre-le-terrorisme\\\/#primaryimage\"},\"thumbnailUrl\":\"https:\\\/\\\/lasentinelle.dz\\\/wp-content\\\/uploads\\\/2022\\\/11\\\/chan-1.png\",\"datePublished\":\"2022-11-16T21:05:00+00:00\",\"breadcrumb\":{\"@id\":\"https:\\\/\\\/lasentinelle.dz\\\/index.php\\\/2022\\\/11\\\/16\\\/said-chanegriha-en-visite-de-travail-et-dinspection-en-5e-region-militaire-lanp-reaffirme-ses-engagements-dans-la-lutte-contre-le-terrorisme\\\/#breadcrumb\"},\"inLanguage\":\"fr-FR\",\"potentialAction\":[{\"@type\":\"ReadAction\",\"target\":[\"https:\\\/\\\/lasentinelle.dz\\\/index.php\\\/2022\\\/11\\\/16\\\/said-chanegriha-en-visite-de-travail-et-dinspection-en-5e-region-militaire-lanp-reaffirme-ses-engagements-dans-la-lutte-contre-le-terrorisme\\\/\"]}]},{\"@type\":\"ImageObject\",\"inLanguage\":\"fr-FR\",\"@id\":\"https:\\\/\\\/lasentinelle.dz\\\/index.php\\\/2022\\\/11\\\/16\\\/said-chanegriha-en-visite-de-travail-et-dinspection-en-5e-region-militaire-lanp-reaffirme-ses-engagements-dans-la-lutte-contre-le-terrorisme\\\/#primaryimage\",\"url\":\"https:\\\/\\\/lasentinelle.dz\\\/wp-content\\\/uploads\\\/2022\\\/11\\\/chan-1.png\",\"contentUrl\":\"https:\\\/\\\/lasentinelle.dz\\\/wp-content\\\/uploads\\\/2022\\\/11\\\/chan-1.png\",\"width\":1491,\"height\":900},{\"@type\":\"BreadcrumbList\",\"@id\":\"https:\\\/\\\/lasentinelle.dz\\\/index.php\\\/2022\\\/11\\\/16\\\/said-chanegriha-en-visite-de-travail-et-dinspection-en-5e-region-militaire-lanp-reaffirme-ses-engagements-dans-la-lutte-contre-le-terrorisme\\\/#breadcrumb\",\"itemListElement\":[{\"@type\":\"ListItem\",\"position\":1,\"name\":\"Accueil\",\"item\":\"https:\\\/\\\/lasentinelle.dz\\\/\"},{\"@type\":\"ListItem\",\"position\":2,\"name\":\"Sa\u00efd Chanegriha en visite de travail et d\u2019inspection en 5e R\u00e9gion militaire\u00a0: L\u2019ANP r\u00e9affirme ses engagements dans la lutte contre le terrorisme\"}]},{\"@type\":\"WebSite\",\"@id\":\"https:\\\/\\\/lasentinelle.dz\\\/#website\",\"url\":\"https:\\\/\\\/lasentinelle.dz\\\/\",\"name\":\"La Sentinelle\",\"description\":\"Quotidien national d&#039;information\",\"publisher\":{\"@id\":\"https:\\\/\\\/lasentinelle.dz\\\/#organization\"},\"potentialAction\":[{\"@type\":\"SearchAction\",\"target\":{\"@type\":\"EntryPoint\",\"urlTemplate\":\"https:\\\/\\\/lasentinelle.dz\\\/?s={search_term_string}\"},\"query-input\":{\"@type\":\"PropertyValueSpecification\",\"valueRequired\":true,\"valueName\":\"search_term_string\"}}],\"inLanguage\":\"fr-FR\"},{\"@type\":\"Organization\",\"@id\":\"https:\\\/\\\/lasentinelle.dz\\\/#organization\",\"name\":\"Quotidien La Sentinelle\",\"url\":\"https:\\\/\\\/lasentinelle.dz\\\/\",\"logo\":{\"@type\":\"ImageObject\",\"inLanguage\":\"fr-FR\",\"@id\":\"https:\\\/\\\/lasentinelle.dz\\\/#\\\/schema\\\/logo\\\/image\\\/\",\"url\":\"https:\\\/\\\/lasentinelle.dz\\\/wp-content\\\/uploads\\\/2021\\\/09\\\/logo-sentinelleSLOGAN-1.png\",\"contentUrl\":\"https:\\\/\\\/lasentinelle.dz\\\/wp-content\\\/uploads\\\/2021\\\/09\\\/logo-sentinelleSLOGAN-1.png\",\"width\":615,\"height\":142,\"caption\":\"Quotidien La Sentinelle\"},\"image\":{\"@id\":\"https:\\\/\\\/lasentinelle.dz\\\/#\\\/schema\\\/logo\\\/image\\\/\"},\"sameAs\":[\"https:\\\/\\\/www.facebook.com\\\/La-Sentinelle-104059864394773\"]},{\"@type\":\"Person\",\"@id\":\"https:\\\/\\\/lasentinelle.dz\\\/#\\\/schema\\\/person\\\/d865044e22e70a75174ce8bcad3acfb3\",\"name\":\"La Sentinelle\",\"image\":{\"@type\":\"ImageObject\",\"inLanguage\":\"fr-FR\",\"@id\":\"https:\\\/\\\/secure.gravatar.com\\\/avatar\\\/57de8e5d4b15d43fb361a71fbb36338450fe67865b528a43dd10ef7c51a20392?s=96&d=mm&r=g\",\"url\":\"https:\\\/\\\/secure.gravatar.com\\\/avatar\\\/57de8e5d4b15d43fb361a71fbb36338450fe67865b528a43dd10ef7c51a20392?s=96&d=mm&r=g\",\"contentUrl\":\"https:\\\/\\\/secure.gravatar.com\\\/avatar\\\/57de8e5d4b15d43fb361a71fbb36338450fe67865b528a43dd10ef7c51a20392?s=96&d=mm&r=g\",\"caption\":\"La Sentinelle\"},\"sameAs\":[\"http:\\\/\\\/www.lasentinelle.dz\"],\"url\":\"https:\\\/\\\/lasentinelle.dz\\\/author\\\/redaction\\\/\"}]}<\/script>\n<!-- \/ Yoast SEO plugin. -->","yoast_head_json":{"title":"Sa\u00efd Chanegriha en visite de travail et d\u2019inspection en 5e R\u00e9gion militaire\u00a0: L\u2019ANP r\u00e9affirme ses engagements dans la lutte contre le terrorisme - La Sentinelle","robots":{"index":"index","follow":"follow","max-snippet":"max-snippet:-1","max-image-preview":"max-image-preview:large","max-video-preview":"max-video-preview:-1"},"canonical":"https:\/\/lasentinelle.dz\/index.php\/2022\/11\/16\/said-chanegriha-en-visite-de-travail-et-dinspection-en-5e-region-militaire-lanp-reaffirme-ses-engagements-dans-la-lutte-contre-le-terrorisme\/","og_locale":"fr_FR","og_type":"article","og_title":"Sa\u00efd Chanegriha en visite de travail et d\u2019inspection en 5e R\u00e9gion militaire\u00a0: L\u2019ANP r\u00e9affirme ses engagements dans la lutte contre le terrorisme - La Sentinelle","og_description":"Le Chef de l\u2019\u00c9tat-Major de l\u2019Arm\u00e9e nationale populaire, le G\u00e9n\u00e9ral d\u2019Arm\u00e9e Sa\u00efd Chanegrihaa r\u00e9affirm\u00e9 hier l\u2019engagement de l\u2019ANP \u00e0 poursuivre","og_url":"https:\/\/lasentinelle.dz\/index.php\/2022\/11\/16\/said-chanegriha-en-visite-de-travail-et-dinspection-en-5e-region-militaire-lanp-reaffirme-ses-engagements-dans-la-lutte-contre-le-terrorisme\/","og_site_name":"La Sentinelle","article_publisher":"https:\/\/www.facebook.com\/La-Sentinelle-104059864394773","article_published_time":"2022-11-16T21:05:00+00:00","og_image":[{"width":1491,"height":900,"url":"https:\/\/lasentinelle.dz\/wp-content\/uploads\/2022\/11\/chan-1.png","type":"image\/png"}],"author":"La Sentinelle","twitter_card":"summary_large_image","twitter_misc":{"\u00c9crit par":"La Sentinelle","Dur\u00e9e de lecture estim\u00e9e":"2 minutes"},"schema":{"@context":"https:\/\/schema.org","@graph":[{"@type":"Article","@id":"https:\/\/lasentinelle.dz\/index.php\/2022\/11\/16\/said-chanegriha-en-visite-de-travail-et-dinspection-en-5e-region-militaire-lanp-reaffirme-ses-engagements-dans-la-lutte-contre-le-terrorisme\/#article","isPartOf":{"@id":"https:\/\/lasentinelle.dz\/index.php\/2022\/11\/16\/said-chanegriha-en-visite-de-travail-et-dinspection-en-5e-region-militaire-lanp-reaffirme-ses-engagements-dans-la-lutte-contre-le-terrorisme\/"},"author":{"name":"La Sentinelle","@id":"https:\/\/lasentinelle.dz\/#\/schema\/person\/d865044e22e70a75174ce8bcad3acfb3"},"headline":"Sa\u00efd Chanegriha en visite de travail et d\u2019inspection en 5e R\u00e9gion militaire\u00a0: L\u2019ANP r\u00e9affirme ses engagements dans la lutte contre le terrorisme","datePublished":"2022-11-16T21:05:00+00:00","mainEntityOfPage":{"@id":"https:\/\/lasentinelle.dz\/index.php\/2022\/11\/16\/said-chanegriha-en-visite-de-travail-et-dinspection-en-5e-region-militaire-lanp-reaffirme-ses-engagements-dans-la-lutte-contre-le-terrorisme\/"},"wordCount":446,"commentCount":0,"publisher":{"@id":"https:\/\/lasentinelle.dz\/#organization"},"image":{"@id":"https:\/\/lasentinelle.dz\/index.php\/2022\/11\/16\/said-chanegriha-en-visite-de-travail-et-dinspection-en-5e-region-militaire-lanp-reaffirme-ses-engagements-dans-la-lutte-contre-le-terrorisme\/#primaryimage"},"thumbnailUrl":"https:\/\/lasentinelle.dz\/wp-content\/uploads\/2022\/11\/chan-1.png","articleSection":["Actualit\u00e9"],"inLanguage":"fr-FR","potentialAction":[{"@type":"CommentAction","name":"Comment","target":["https:\/\/lasentinelle.dz\/index.php\/2022\/11\/16\/said-chanegriha-en-visite-de-travail-et-dinspection-en-5e-region-militaire-lanp-reaffirme-ses-engagements-dans-la-lutte-contre-le-terrorisme\/#respond"]}]},{"@type":"WebPage","@id":"https:\/\/lasentinelle.dz\/index.php\/2022\/11\/16\/said-chanegriha-en-visite-de-travail-et-dinspection-en-5e-region-militaire-lanp-reaffirme-ses-engagements-dans-la-lutte-contre-le-terrorisme\/","url":"https:\/\/lasentinelle.dz\/index.php\/2022\/11\/16\/said-chanegriha-en-visite-de-travail-et-dinspection-en-5e-region-militaire-lanp-reaffirme-ses-engagements-dans-la-lutte-contre-le-terrorisme\/","name":"Sa\u00efd Chanegriha en visite de travail et d\u2019inspection en 5e R\u00e9gion militaire\u00a0: L\u2019ANP r\u00e9affirme ses engagements dans la lutte contre le terrorisme - La Sentinelle","isPartOf":{"@id":"https:\/\/lasentinelle.dz\/#website"},"primaryImageOfPage":{"@id":"https:\/\/lasentinelle.dz\/index.php\/2022\/11\/16\/said-chanegriha-en-visite-de-travail-et-dinspection-en-5e-region-militaire-lanp-reaffirme-ses-engagements-dans-la-lutte-contre-le-terrorisme\/#primaryimage"},"image":{"@id":"https:\/\/lasentinelle.dz\/index.php\/2022\/11\/16\/said-chanegriha-en-visite-de-travail-et-dinspection-en-5e-region-militaire-lanp-reaffirme-ses-engagements-dans-la-lutte-contre-le-terrorisme\/#primaryimage"},"thumbnailUrl":"https:\/\/lasentinelle.dz\/wp-content\/uploads\/2022\/11\/chan-1.png","datePublished":"2022-11-16T21:05:00+00:00","breadcrumb":{"@id":"https:\/\/lasentinelle.dz\/index.php\/2022\/11\/16\/said-chanegriha-en-visite-de-travail-et-dinspection-en-5e-region-militaire-lanp-reaffirme-ses-engagements-dans-la-lutte-contre-le-terrorisme\/#breadcrumb"},"inLanguage":"fr-FR","potentialAction":[{"@type":"ReadAction","target":["https:\/\/lasentinelle.dz\/index.php\/2022\/11\/16\/said-chanegriha-en-visite-de-travail-et-dinspection-en-5e-region-militaire-lanp-reaffirme-ses-engagements-dans-la-lutte-contre-le-terrorisme\/"]}]},{"@type":"ImageObject","inLanguage":"fr-FR","@id":"https:\/\/lasentinelle.dz\/index.php\/2022\/11\/16\/said-chanegriha-en-visite-de-travail-et-dinspection-en-5e-region-militaire-lanp-reaffirme-ses-engagements-dans-la-lutte-contre-le-terrorisme\/#primaryimage","url":"https:\/\/lasentinelle.dz\/wp-content\/uploads\/2022\/11\/chan-1.png","contentUrl":"https:\/\/lasentinelle.dz\/wp-content\/uploads\/2022\/11\/chan-1.png","width":1491,"height":900},{"@type":"BreadcrumbList","@id":"https:\/\/lasentinelle.dz\/index.php\/2022\/11\/16\/said-chanegriha-en-visite-de-travail-et-dinspection-en-5e-region-militaire-lanp-reaffirme-ses-engagements-dans-la-lutte-contre-le-terrorisme\/#breadcrumb","itemListElement":[{"@type":"ListItem","position":1,"name":"Accueil","item":"https:\/\/lasentinelle.dz\/"},{"@type":"ListItem","position":2,"name":"Sa\u00efd Chanegriha en visite de travail et d\u2019inspection en 5e R\u00e9gion militaire\u00a0: L\u2019ANP r\u00e9affirme ses engagements dans la lutte contre le terrorisme"}]},{"@type":"WebSite","@id":"https:\/\/lasentinelle.dz\/#website","url":"https:\/\/lasentinelle.dz\/","name":"La Sentinelle","description":"Quotidien national d&#039;information","publisher":{"@id":"https:\/\/lasentinelle.dz\/#organization"},"potentialAction":[{"@type":"SearchAction","target":{"@type":"EntryPoint","urlTemplate":"https:\/\/lasentinelle.dz\/?s={search_term_string}"},"query-input":{"@type":"PropertyValueSpecification","valueRequired":true,"valueName":"search_term_string"}}],"inLanguage":"fr-FR"},{"@type":"Organization","@id":"https:\/\/lasentinelle.dz\/#organization","name":"Quotidien La Sentinelle","url":"https:\/\/lasentinelle.dz\/","logo":{"@type":"ImageObject","inLanguage":"fr-FR","@id":"https:\/\/lasentinelle.dz\/#\/schema\/logo\/image\/","url":"https:\/\/lasentinelle.dz\/wp-content\/uploads\/2021\/09\/logo-sentinelleSLOGAN-1.png","contentUrl":"https:\/\/lasentinelle.dz\/wp-content\/uploads\/2021\/09\/logo-sentinelleSLOGAN-1.png","width":615,"height":142,"caption":"Quotidien La Sentinelle"},"image":{"@id":"https:\/\/lasentinelle.dz\/#\/schema\/logo\/image\/"},"sameAs":["https:\/\/www.facebook.com\/La-Sentinelle-104059864394773"]},{"@type":"Person","@id":"https:\/\/lasentinelle.dz\/#\/schema\/person\/d865044e22e70a75174ce8bcad3acfb3","name":"La Sentinelle","image":{"@type":"ImageObject","inLanguage":"fr-FR","@id":"https:\/\/secure.gravatar.com\/avatar\/57de8e5d4b15d43fb361a71fbb36338450fe67865b528a43dd10ef7c51a20392?s=96&d=mm&r=g","url":"https:\/\/secure.gravatar.com\/avatar\/57de8e5d4b15d43fb361a71fbb36338450fe67865b528a43dd10ef7c51a20392?s=96&d=mm&r=g","contentUrl":"https:\/\/secure.gravatar.com\/avatar\/57de8e5d4b15d43fb361a71fbb36338450fe67865b528a43dd10ef7c51a20392?s=96&d=mm&r=g","caption":"La Sentinelle"},"sameAs":["http:\/\/www.lasentinelle.dz"],"url":"https:\/\/lasentinelle.dz\/author\/redaction\/"}]}},"_links":{"self":[{"href":"https:\/\/lasentinelle.dz\/index.php\/wp-json\/wp\/v2\/posts\/30937","targetHints":{"allow":["GET"]}}],"collection":[{"href":"https:\/\/lasentinelle.dz\/index.php\/wp-json\/wp\/v2\/posts"}],"about":[{"href":"https:\/\/lasentinelle.dz\/index.php\/wp-json\/wp\/v2\/types\/post"}],"author":[{"embeddable":true,"href":"https:\/\/lasentinelle.dz\/index.php\/wp-json\/wp\/v2\/users\/3"}],"replies":[{"embeddable":true,"href":"https:\/\/lasentinelle.dz\/index.php\/wp-json\/wp\/v2\/comments?post=30937"}],"version-history":[{"count":1,"href":"https:\/\/lasentinelle.dz\/index.php\/wp-json\/wp\/v2\/posts\/30937\/revisions"}],"predecessor-version":[{"id":30943,"href":"https:\/\/lasentinelle.dz\/index.php\/wp-json\/wp\/v2\/posts\/30937\/revisions\/30943"}],"wp:featuredmedia":[{"embeddable":true,"href":"https:\/\/lasentinelle.dz\/index.php\/wp-json\/wp\/v2\/media\/30940"}],"wp:attachment":[{"href":"https:\/\/lasentinelle.dz\/index.php\/wp-json\/wp\/v2\/media?parent=30937"}],"wp:term":[{"taxonomy":"category","embeddable":true,"href":"https:\/\/lasentinelle.dz\/index.php\/wp-json\/wp\/v2\/categories?post=30937"},{"taxonomy":"post_tag","embeddable":true,"href":"https:\/\/lasentinelle.dz\/index.php\/wp-json\/wp\/v2\/tags?post=30937"}],"curies":[{"name":"wp","href":"https:\/\/api.w.org\/{rel}","templated":true}]}}