{"id":30946,"date":"2022-11-16T22:05:00","date_gmt":"2022-11-16T21:05:00","guid":{"rendered":"https:\/\/lasentinelle.dz\/?p=30946"},"modified":"2022-11-16T19:38:29","modified_gmt":"2022-11-16T18:38:29","slug":"tribunal-de-dar-el-beida-poursuite-du-proces-des-accuses-dans-laffaire-du-meurtre-de-djamel-bensmain","status":"publish","type":"post","link":"https:\/\/lasentinelle.dz\/index.php\/2022\/11\/16\/tribunal-de-dar-el-beida-poursuite-du-proces-des-accuses-dans-laffaire-du-meurtre-de-djamel-bensmain\/","title":{"rendered":"Tribunal de Dar El-Be\u00efda\u00a0: Poursuite du proc\u00e8s des accus\u00e9s dans l&rsquo;affaire du meurtre de Djamel Bensma\u00efn"},"content":{"rendered":"\n<p>Le proc\u00e8s des accus\u00e9s dans l&rsquo;affaire du jeune Djamel Bensma\u00efn, assassin\u00e9 en ao\u00fbt 2021 \u00e0 Larba\u00e2 Nath Irathen (Tizi Ouzou), s\u2019est poursuivi hier pour son 2e jour, au Tribunal criminel de Dar El-Be\u00efda (Alger).Le juge a poursuivi les auditions par ordre des accus\u00e9s poursuivis pour les d\u00e9lits de r\u00e9ception de fonds de l&rsquo;\u00e9tranger dans le cadre d&rsquo;un groupe ou d&rsquo;une organisation en vue de commettre des actes attentant \u00e0 la s\u00e9curit\u00e9 de l&rsquo;Etat, \u00e0 l&rsquo;unit\u00e9 et \u00e0 l&rsquo;int\u00e9grit\u00e9 nationales, en ex\u00e9cution d&rsquo;un plan ourdi \u00e0 l&rsquo;int\u00e9rieur du pays et \u00e0 l&rsquo;\u00e9tranger, de production et diffusion d&rsquo;enregistrements, d&rsquo;incitation \u00e0 un attroupement arm\u00e9, d&rsquo;incitation \u00e0 l&rsquo;usage de la force contre des membres de la force publique dans l&rsquo;exercice de leurs fonctions, d&rsquo;incitation au sabotage des biens d&rsquo;autrui, et de cr\u00e9ation et d&rsquo;administration d&rsquo;un site internet d\u00e9di\u00e9 \u00e0 l&rsquo;apologie de programmes, d&rsquo;id\u00e9es, d&rsquo;informations, de dessins ou d&rsquo;images incitant \u00e0 la discrimination et \u00e0 la haine dans la soci\u00e9t\u00e9.Les questions pos\u00e9es aux accus\u00e9s ont port\u00e9 sur les circonstances de l&rsquo;assassinat du jeune Djamel Bensma\u00efn, concernant notamment l&rsquo;introduction par effraction dans un poste de police et dans un v\u00e9hicule de police, le fait d&rsquo;avoir film\u00e9 la victime et scander des slogans de haine, l&rsquo;appel \u00e0 l&rsquo;utilisation de la violence, le lien des accus\u00e9s avec le mouvement terroriste \u00ab\u00a0Mak\u00a0\u00bb et le lynchage de la victime.Les accus\u00e9s ont \u00e9t\u00e9 \u00e9galement confront\u00e9s quant aux vid\u00e9os et photos prises qui les incriminent et aux d\u00e9clarations recueillies lors de leur interrogatoire par la police judiciaire.Le proc\u00e8s se poursuivra tout au long de la journ\u00e9e de mercredi par l&rsquo;examen des chefs d&rsquo;inculpation retenus contre les 102 accus\u00e9s, dont 4 femmes, qui font face \u00e0 de lourdes accusations li\u00e9es \u00e0 l&rsquo;assassinat du jeune Bensma\u00efn, lors des incendies qu&rsquo;avait connus la wilaya de Tizi Ouzou, durant l&rsquo;\u00e9t\u00e9 de l&rsquo;ann\u00e9e 2021.<\/p>\n\n\n\n<p><strong>APS<\/strong><\/p>\n","protected":false},"excerpt":{"rendered":"<p>Le proc\u00e8s des accus\u00e9s dans l&rsquo;affaire du jeune Djamel Bensma\u00efn, assassin\u00e9 en ao\u00fbt 2021 \u00e0 Larba\u00e2 Nath Irathen (Tizi Ouzou),<\/p>\n","protected":false},"author":3,"featured_media":30872,"comment_status":"open","ping_status":"closed","sticky":false,"template":"","format":"standard","meta":{"colormag_page_container_layout":"default_layout","colormag_page_sidebar_layout":"default_layout","om_disable_all_campaigns":false,"_monsterinsights_skip_tracking":false,"_monsterinsights_sitenote_active":false,"_monsterinsights_sitenote_note":"","_monsterinsights_sitenote_category":0,"footnotes":"","_wpscppro_dont_share_socialmedia":false,"_wpscppro_custom_social_share_image":0,"_facebook_share_type":"","_twitter_share_type":"","_linkedin_share_type":"","_pinterest_share_type":"","_linkedin_share_type_page":"","_instagram_share_type":"","_medium_share_type":"","_threads_share_type":"","_google_business_share_type":"","_selected_social_profile":[],"_wpsp_enable_custom_social_template":false,"_wpsp_social_scheduling":{"enabled":false,"datetime":null,"platforms":[],"status":"template_only","dateOption":"today","timeOption":"now","customDays":"","customHours":"","customDate":"","customTime":"","schedulingType":"absolute"},"_wpsp_active_default_template":true},"categories":[27],"tags":[],"class_list":["post-30946","post","type-post","status-publish","format-standard","has-post-thumbnail","hentry","category-actualite"],"aioseo_notices":[],"yoast_head":"<!-- This site is optimized with the Yoast SEO plugin v27.5 - https:\/\/yoast.com\/product\/yoast-seo-wordpress\/ -->\n<title>Tribunal de Dar El-Be\u00efda\u00a0: Poursuite du proc\u00e8s des accus\u00e9s dans l&rsquo;affaire du meurtre de Djamel Bensma\u00efn - La Sentinelle<\/title>\n<meta name=\"robots\" content=\"index, follow, max-snippet:-1, max-image-preview:large, max-video-preview:-1\" \/>\n<link rel=\"canonical\" href=\"https:\/\/lasentinelle.dz\/index.php\/2022\/11\/16\/tribunal-de-dar-el-beida-poursuite-du-proces-des-accuses-dans-laffaire-du-meurtre-de-djamel-bensmain\/\" \/>\n<meta property=\"og:locale\" content=\"fr_FR\" \/>\n<meta property=\"og:type\" content=\"article\" \/>\n<meta property=\"og:title\" content=\"Tribunal de Dar El-Be\u00efda\u00a0: Poursuite du proc\u00e8s des accus\u00e9s dans l&rsquo;affaire du meurtre de Djamel Bensma\u00efn - La Sentinelle\" \/>\n<meta property=\"og:description\" content=\"Le proc\u00e8s des accus\u00e9s dans l&rsquo;affaire du jeune Djamel Bensma\u00efn, assassin\u00e9 en ao\u00fbt 2021 \u00e0 Larba\u00e2 Nath Irathen (Tizi Ouzou),\" \/>\n<meta property=\"og:url\" content=\"https:\/\/lasentinelle.dz\/index.php\/2022\/11\/16\/tribunal-de-dar-el-beida-poursuite-du-proces-des-accuses-dans-laffaire-du-meurtre-de-djamel-bensmain\/\" \/>\n<meta property=\"og:site_name\" content=\"La Sentinelle\" \/>\n<meta property=\"article:publisher\" content=\"https:\/\/www.facebook.com\/La-Sentinelle-104059864394773\" \/>\n<meta property=\"article:published_time\" content=\"2022-11-16T21:05:00+00:00\" \/>\n<meta property=\"og:image\" content=\"https:\/\/lasentinelle.dz\/wp-content\/uploads\/2022\/11\/image_2022-11-15_212910386.png\" \/>\n\t<meta property=\"og:image:width\" content=\"580\" \/>\n\t<meta property=\"og:image:height\" content=\"350\" \/>\n\t<meta property=\"og:image:type\" content=\"image\/png\" \/>\n<meta name=\"author\" content=\"La Sentinelle\" \/>\n<meta name=\"twitter:card\" content=\"summary_large_image\" \/>\n<meta name=\"twitter:label1\" content=\"\u00c9crit par\" \/>\n\t<meta name=\"twitter:data1\" content=\"La Sentinelle\" \/>\n\t<meta name=\"twitter:label2\" content=\"Dur\u00e9e de lecture estim\u00e9e\" \/>\n\t<meta name=\"twitter:data2\" content=\"2 minutes\" \/>\n<script type=\"application\/ld+json\" class=\"yoast-schema-graph\">{\"@context\":\"https:\\\/\\\/schema.org\",\"@graph\":[{\"@type\":\"Article\",\"@id\":\"https:\\\/\\\/lasentinelle.dz\\\/index.php\\\/2022\\\/11\\\/16\\\/tribunal-de-dar-el-beida-poursuite-du-proces-des-accuses-dans-laffaire-du-meurtre-de-djamel-bensmain\\\/#article\",\"isPartOf\":{\"@id\":\"https:\\\/\\\/lasentinelle.dz\\\/index.php\\\/2022\\\/11\\\/16\\\/tribunal-de-dar-el-beida-poursuite-du-proces-des-accuses-dans-laffaire-du-meurtre-de-djamel-bensmain\\\/\"},\"author\":{\"name\":\"La Sentinelle\",\"@id\":\"https:\\\/\\\/lasentinelle.dz\\\/#\\\/schema\\\/person\\\/d865044e22e70a75174ce8bcad3acfb3\"},\"headline\":\"Tribunal de Dar El-Be\u00efda\u00a0: Poursuite du proc\u00e8s des accus\u00e9s dans l&rsquo;affaire du meurtre de Djamel Bensma\u00efn\",\"datePublished\":\"2022-11-16T21:05:00+00:00\",\"mainEntityOfPage\":{\"@id\":\"https:\\\/\\\/lasentinelle.dz\\\/index.php\\\/2022\\\/11\\\/16\\\/tribunal-de-dar-el-beida-poursuite-du-proces-des-accuses-dans-laffaire-du-meurtre-de-djamel-bensmain\\\/\"},\"wordCount\":372,\"commentCount\":0,\"publisher\":{\"@id\":\"https:\\\/\\\/lasentinelle.dz\\\/#organization\"},\"image\":{\"@id\":\"https:\\\/\\\/lasentinelle.dz\\\/index.php\\\/2022\\\/11\\\/16\\\/tribunal-de-dar-el-beida-poursuite-du-proces-des-accuses-dans-laffaire-du-meurtre-de-djamel-bensmain\\\/#primaryimage\"},\"thumbnailUrl\":\"https:\\\/\\\/lasentinelle.dz\\\/wp-content\\\/uploads\\\/2022\\\/11\\\/image_2022-11-15_212910386.png\",\"articleSection\":[\"Actualit\u00e9\"],\"inLanguage\":\"fr-FR\",\"potentialAction\":[{\"@type\":\"CommentAction\",\"name\":\"Comment\",\"target\":[\"https:\\\/\\\/lasentinelle.dz\\\/index.php\\\/2022\\\/11\\\/16\\\/tribunal-de-dar-el-beida-poursuite-du-proces-des-accuses-dans-laffaire-du-meurtre-de-djamel-bensmain\\\/#respond\"]}]},{\"@type\":\"WebPage\",\"@id\":\"https:\\\/\\\/lasentinelle.dz\\\/index.php\\\/2022\\\/11\\\/16\\\/tribunal-de-dar-el-beida-poursuite-du-proces-des-accuses-dans-laffaire-du-meurtre-de-djamel-bensmain\\\/\",\"url\":\"https:\\\/\\\/lasentinelle.dz\\\/index.php\\\/2022\\\/11\\\/16\\\/tribunal-de-dar-el-beida-poursuite-du-proces-des-accuses-dans-laffaire-du-meurtre-de-djamel-bensmain\\\/\",\"name\":\"Tribunal de Dar El-Be\u00efda\u00a0: Poursuite du proc\u00e8s des accus\u00e9s dans l&rsquo;affaire du meurtre de Djamel Bensma\u00efn - La Sentinelle\",\"isPartOf\":{\"@id\":\"https:\\\/\\\/lasentinelle.dz\\\/#website\"},\"primaryImageOfPage\":{\"@id\":\"https:\\\/\\\/lasentinelle.dz\\\/index.php\\\/2022\\\/11\\\/16\\\/tribunal-de-dar-el-beida-poursuite-du-proces-des-accuses-dans-laffaire-du-meurtre-de-djamel-bensmain\\\/#primaryimage\"},\"image\":{\"@id\":\"https:\\\/\\\/lasentinelle.dz\\\/index.php\\\/2022\\\/11\\\/16\\\/tribunal-de-dar-el-beida-poursuite-du-proces-des-accuses-dans-laffaire-du-meurtre-de-djamel-bensmain\\\/#primaryimage\"},\"thumbnailUrl\":\"https:\\\/\\\/lasentinelle.dz\\\/wp-content\\\/uploads\\\/2022\\\/11\\\/image_2022-11-15_212910386.png\",\"datePublished\":\"2022-11-16T21:05:00+00:00\",\"breadcrumb\":{\"@id\":\"https:\\\/\\\/lasentinelle.dz\\\/index.php\\\/2022\\\/11\\\/16\\\/tribunal-de-dar-el-beida-poursuite-du-proces-des-accuses-dans-laffaire-du-meurtre-de-djamel-bensmain\\\/#breadcrumb\"},\"inLanguage\":\"fr-FR\",\"potentialAction\":[{\"@type\":\"ReadAction\",\"target\":[\"https:\\\/\\\/lasentinelle.dz\\\/index.php\\\/2022\\\/11\\\/16\\\/tribunal-de-dar-el-beida-poursuite-du-proces-des-accuses-dans-laffaire-du-meurtre-de-djamel-bensmain\\\/\"]}]},{\"@type\":\"ImageObject\",\"inLanguage\":\"fr-FR\",\"@id\":\"https:\\\/\\\/lasentinelle.dz\\\/index.php\\\/2022\\\/11\\\/16\\\/tribunal-de-dar-el-beida-poursuite-du-proces-des-accuses-dans-laffaire-du-meurtre-de-djamel-bensmain\\\/#primaryimage\",\"url\":\"https:\\\/\\\/lasentinelle.dz\\\/wp-content\\\/uploads\\\/2022\\\/11\\\/image_2022-11-15_212910386.png\",\"contentUrl\":\"https:\\\/\\\/lasentinelle.dz\\\/wp-content\\\/uploads\\\/2022\\\/11\\\/image_2022-11-15_212910386.png\",\"width\":580,\"height\":350},{\"@type\":\"BreadcrumbList\",\"@id\":\"https:\\\/\\\/lasentinelle.dz\\\/index.php\\\/2022\\\/11\\\/16\\\/tribunal-de-dar-el-beida-poursuite-du-proces-des-accuses-dans-laffaire-du-meurtre-de-djamel-bensmain\\\/#breadcrumb\",\"itemListElement\":[{\"@type\":\"ListItem\",\"position\":1,\"name\":\"Accueil\",\"item\":\"https:\\\/\\\/lasentinelle.dz\\\/\"},{\"@type\":\"ListItem\",\"position\":2,\"name\":\"Tribunal de Dar El-Be\u00efda\u00a0: Poursuite du proc\u00e8s des accus\u00e9s dans l&rsquo;affaire du meurtre de Djamel Bensma\u00efn\"}]},{\"@type\":\"WebSite\",\"@id\":\"https:\\\/\\\/lasentinelle.dz\\\/#website\",\"url\":\"https:\\\/\\\/lasentinelle.dz\\\/\",\"name\":\"La Sentinelle\",\"description\":\"Quotidien national d&#039;information\",\"publisher\":{\"@id\":\"https:\\\/\\\/lasentinelle.dz\\\/#organization\"},\"potentialAction\":[{\"@type\":\"SearchAction\",\"target\":{\"@type\":\"EntryPoint\",\"urlTemplate\":\"https:\\\/\\\/lasentinelle.dz\\\/?s={search_term_string}\"},\"query-input\":{\"@type\":\"PropertyValueSpecification\",\"valueRequired\":true,\"valueName\":\"search_term_string\"}}],\"inLanguage\":\"fr-FR\"},{\"@type\":\"Organization\",\"@id\":\"https:\\\/\\\/lasentinelle.dz\\\/#organization\",\"name\":\"Quotidien La Sentinelle\",\"url\":\"https:\\\/\\\/lasentinelle.dz\\\/\",\"logo\":{\"@type\":\"ImageObject\",\"inLanguage\":\"fr-FR\",\"@id\":\"https:\\\/\\\/lasentinelle.dz\\\/#\\\/schema\\\/logo\\\/image\\\/\",\"url\":\"https:\\\/\\\/lasentinelle.dz\\\/wp-content\\\/uploads\\\/2021\\\/09\\\/logo-sentinelleSLOGAN-1.png\",\"contentUrl\":\"https:\\\/\\\/lasentinelle.dz\\\/wp-content\\\/uploads\\\/2021\\\/09\\\/logo-sentinelleSLOGAN-1.png\",\"width\":615,\"height\":142,\"caption\":\"Quotidien La Sentinelle\"},\"image\":{\"@id\":\"https:\\\/\\\/lasentinelle.dz\\\/#\\\/schema\\\/logo\\\/image\\\/\"},\"sameAs\":[\"https:\\\/\\\/www.facebook.com\\\/La-Sentinelle-104059864394773\"]},{\"@type\":\"Person\",\"@id\":\"https:\\\/\\\/lasentinelle.dz\\\/#\\\/schema\\\/person\\\/d865044e22e70a75174ce8bcad3acfb3\",\"name\":\"La Sentinelle\",\"image\":{\"@type\":\"ImageObject\",\"inLanguage\":\"fr-FR\",\"@id\":\"https:\\\/\\\/secure.gravatar.com\\\/avatar\\\/57de8e5d4b15d43fb361a71fbb36338450fe67865b528a43dd10ef7c51a20392?s=96&d=mm&r=g\",\"url\":\"https:\\\/\\\/secure.gravatar.com\\\/avatar\\\/57de8e5d4b15d43fb361a71fbb36338450fe67865b528a43dd10ef7c51a20392?s=96&d=mm&r=g\",\"contentUrl\":\"https:\\\/\\\/secure.gravatar.com\\\/avatar\\\/57de8e5d4b15d43fb361a71fbb36338450fe67865b528a43dd10ef7c51a20392?s=96&d=mm&r=g\",\"caption\":\"La Sentinelle\"},\"sameAs\":[\"http:\\\/\\\/www.lasentinelle.dz\"],\"url\":\"https:\\\/\\\/lasentinelle.dz\\\/author\\\/redaction\\\/\"}]}<\/script>\n<!-- \/ Yoast SEO plugin. -->","yoast_head_json":{"title":"Tribunal de Dar El-Be\u00efda\u00a0: Poursuite du proc\u00e8s des accus\u00e9s dans l&rsquo;affaire du meurtre de Djamel Bensma\u00efn - La Sentinelle","robots":{"index":"index","follow":"follow","max-snippet":"max-snippet:-1","max-image-preview":"max-image-preview:large","max-video-preview":"max-video-preview:-1"},"canonical":"https:\/\/lasentinelle.dz\/index.php\/2022\/11\/16\/tribunal-de-dar-el-beida-poursuite-du-proces-des-accuses-dans-laffaire-du-meurtre-de-djamel-bensmain\/","og_locale":"fr_FR","og_type":"article","og_title":"Tribunal de Dar El-Be\u00efda\u00a0: Poursuite du proc\u00e8s des accus\u00e9s dans l&rsquo;affaire du meurtre de Djamel Bensma\u00efn - La Sentinelle","og_description":"Le proc\u00e8s des accus\u00e9s dans l&rsquo;affaire du jeune Djamel Bensma\u00efn, assassin\u00e9 en ao\u00fbt 2021 \u00e0 Larba\u00e2 Nath Irathen (Tizi Ouzou),","og_url":"https:\/\/lasentinelle.dz\/index.php\/2022\/11\/16\/tribunal-de-dar-el-beida-poursuite-du-proces-des-accuses-dans-laffaire-du-meurtre-de-djamel-bensmain\/","og_site_name":"La Sentinelle","article_publisher":"https:\/\/www.facebook.com\/La-Sentinelle-104059864394773","article_published_time":"2022-11-16T21:05:00+00:00","og_image":[{"width":580,"height":350,"url":"https:\/\/lasentinelle.dz\/wp-content\/uploads\/2022\/11\/image_2022-11-15_212910386.png","type":"image\/png"}],"author":"La Sentinelle","twitter_card":"summary_large_image","twitter_misc":{"\u00c9crit par":"La Sentinelle","Dur\u00e9e de lecture estim\u00e9e":"2 minutes"},"schema":{"@context":"https:\/\/schema.org","@graph":[{"@type":"Article","@id":"https:\/\/lasentinelle.dz\/index.php\/2022\/11\/16\/tribunal-de-dar-el-beida-poursuite-du-proces-des-accuses-dans-laffaire-du-meurtre-de-djamel-bensmain\/#article","isPartOf":{"@id":"https:\/\/lasentinelle.dz\/index.php\/2022\/11\/16\/tribunal-de-dar-el-beida-poursuite-du-proces-des-accuses-dans-laffaire-du-meurtre-de-djamel-bensmain\/"},"author":{"name":"La Sentinelle","@id":"https:\/\/lasentinelle.dz\/#\/schema\/person\/d865044e22e70a75174ce8bcad3acfb3"},"headline":"Tribunal de Dar El-Be\u00efda\u00a0: Poursuite du proc\u00e8s des accus\u00e9s dans l&rsquo;affaire du meurtre de Djamel Bensma\u00efn","datePublished":"2022-11-16T21:05:00+00:00","mainEntityOfPage":{"@id":"https:\/\/lasentinelle.dz\/index.php\/2022\/11\/16\/tribunal-de-dar-el-beida-poursuite-du-proces-des-accuses-dans-laffaire-du-meurtre-de-djamel-bensmain\/"},"wordCount":372,"commentCount":0,"publisher":{"@id":"https:\/\/lasentinelle.dz\/#organization"},"image":{"@id":"https:\/\/lasentinelle.dz\/index.php\/2022\/11\/16\/tribunal-de-dar-el-beida-poursuite-du-proces-des-accuses-dans-laffaire-du-meurtre-de-djamel-bensmain\/#primaryimage"},"thumbnailUrl":"https:\/\/lasentinelle.dz\/wp-content\/uploads\/2022\/11\/image_2022-11-15_212910386.png","articleSection":["Actualit\u00e9"],"inLanguage":"fr-FR","potentialAction":[{"@type":"CommentAction","name":"Comment","target":["https:\/\/lasentinelle.dz\/index.php\/2022\/11\/16\/tribunal-de-dar-el-beida-poursuite-du-proces-des-accuses-dans-laffaire-du-meurtre-de-djamel-bensmain\/#respond"]}]},{"@type":"WebPage","@id":"https:\/\/lasentinelle.dz\/index.php\/2022\/11\/16\/tribunal-de-dar-el-beida-poursuite-du-proces-des-accuses-dans-laffaire-du-meurtre-de-djamel-bensmain\/","url":"https:\/\/lasentinelle.dz\/index.php\/2022\/11\/16\/tribunal-de-dar-el-beida-poursuite-du-proces-des-accuses-dans-laffaire-du-meurtre-de-djamel-bensmain\/","name":"Tribunal de Dar El-Be\u00efda\u00a0: Poursuite du proc\u00e8s des accus\u00e9s dans l&rsquo;affaire du meurtre de Djamel Bensma\u00efn - La Sentinelle","isPartOf":{"@id":"https:\/\/lasentinelle.dz\/#website"},"primaryImageOfPage":{"@id":"https:\/\/lasentinelle.dz\/index.php\/2022\/11\/16\/tribunal-de-dar-el-beida-poursuite-du-proces-des-accuses-dans-laffaire-du-meurtre-de-djamel-bensmain\/#primaryimage"},"image":{"@id":"https:\/\/lasentinelle.dz\/index.php\/2022\/11\/16\/tribunal-de-dar-el-beida-poursuite-du-proces-des-accuses-dans-laffaire-du-meurtre-de-djamel-bensmain\/#primaryimage"},"thumbnailUrl":"https:\/\/lasentinelle.dz\/wp-content\/uploads\/2022\/11\/image_2022-11-15_212910386.png","datePublished":"2022-11-16T21:05:00+00:00","breadcrumb":{"@id":"https:\/\/lasentinelle.dz\/index.php\/2022\/11\/16\/tribunal-de-dar-el-beida-poursuite-du-proces-des-accuses-dans-laffaire-du-meurtre-de-djamel-bensmain\/#breadcrumb"},"inLanguage":"fr-FR","potentialAction":[{"@type":"ReadAction","target":["https:\/\/lasentinelle.dz\/index.php\/2022\/11\/16\/tribunal-de-dar-el-beida-poursuite-du-proces-des-accuses-dans-laffaire-du-meurtre-de-djamel-bensmain\/"]}]},{"@type":"ImageObject","inLanguage":"fr-FR","@id":"https:\/\/lasentinelle.dz\/index.php\/2022\/11\/16\/tribunal-de-dar-el-beida-poursuite-du-proces-des-accuses-dans-laffaire-du-meurtre-de-djamel-bensmain\/#primaryimage","url":"https:\/\/lasentinelle.dz\/wp-content\/uploads\/2022\/11\/image_2022-11-15_212910386.png","contentUrl":"https:\/\/lasentinelle.dz\/wp-content\/uploads\/2022\/11\/image_2022-11-15_212910386.png","width":580,"height":350},{"@type":"BreadcrumbList","@id":"https:\/\/lasentinelle.dz\/index.php\/2022\/11\/16\/tribunal-de-dar-el-beida-poursuite-du-proces-des-accuses-dans-laffaire-du-meurtre-de-djamel-bensmain\/#breadcrumb","itemListElement":[{"@type":"ListItem","position":1,"name":"Accueil","item":"https:\/\/lasentinelle.dz\/"},{"@type":"ListItem","position":2,"name":"Tribunal de Dar El-Be\u00efda\u00a0: Poursuite du proc\u00e8s des accus\u00e9s dans l&rsquo;affaire du meurtre de Djamel Bensma\u00efn"}]},{"@type":"WebSite","@id":"https:\/\/lasentinelle.dz\/#website","url":"https:\/\/lasentinelle.dz\/","name":"La Sentinelle","description":"Quotidien national d&#039;information","publisher":{"@id":"https:\/\/lasentinelle.dz\/#organization"},"potentialAction":[{"@type":"SearchAction","target":{"@type":"EntryPoint","urlTemplate":"https:\/\/lasentinelle.dz\/?s={search_term_string}"},"query-input":{"@type":"PropertyValueSpecification","valueRequired":true,"valueName":"search_term_string"}}],"inLanguage":"fr-FR"},{"@type":"Organization","@id":"https:\/\/lasentinelle.dz\/#organization","name":"Quotidien La Sentinelle","url":"https:\/\/lasentinelle.dz\/","logo":{"@type":"ImageObject","inLanguage":"fr-FR","@id":"https:\/\/lasentinelle.dz\/#\/schema\/logo\/image\/","url":"https:\/\/lasentinelle.dz\/wp-content\/uploads\/2021\/09\/logo-sentinelleSLOGAN-1.png","contentUrl":"https:\/\/lasentinelle.dz\/wp-content\/uploads\/2021\/09\/logo-sentinelleSLOGAN-1.png","width":615,"height":142,"caption":"Quotidien La Sentinelle"},"image":{"@id":"https:\/\/lasentinelle.dz\/#\/schema\/logo\/image\/"},"sameAs":["https:\/\/www.facebook.com\/La-Sentinelle-104059864394773"]},{"@type":"Person","@id":"https:\/\/lasentinelle.dz\/#\/schema\/person\/d865044e22e70a75174ce8bcad3acfb3","name":"La Sentinelle","image":{"@type":"ImageObject","inLanguage":"fr-FR","@id":"https:\/\/secure.gravatar.com\/avatar\/57de8e5d4b15d43fb361a71fbb36338450fe67865b528a43dd10ef7c51a20392?s=96&d=mm&r=g","url":"https:\/\/secure.gravatar.com\/avatar\/57de8e5d4b15d43fb361a71fbb36338450fe67865b528a43dd10ef7c51a20392?s=96&d=mm&r=g","contentUrl":"https:\/\/secure.gravatar.com\/avatar\/57de8e5d4b15d43fb361a71fbb36338450fe67865b528a43dd10ef7c51a20392?s=96&d=mm&r=g","caption":"La Sentinelle"},"sameAs":["http:\/\/www.lasentinelle.dz"],"url":"https:\/\/lasentinelle.dz\/author\/redaction\/"}]}},"_links":{"self":[{"href":"https:\/\/lasentinelle.dz\/index.php\/wp-json\/wp\/v2\/posts\/30946","targetHints":{"allow":["GET"]}}],"collection":[{"href":"https:\/\/lasentinelle.dz\/index.php\/wp-json\/wp\/v2\/posts"}],"about":[{"href":"https:\/\/lasentinelle.dz\/index.php\/wp-json\/wp\/v2\/types\/post"}],"author":[{"embeddable":true,"href":"https:\/\/lasentinelle.dz\/index.php\/wp-json\/wp\/v2\/users\/3"}],"replies":[{"embeddable":true,"href":"https:\/\/lasentinelle.dz\/index.php\/wp-json\/wp\/v2\/comments?post=30946"}],"version-history":[{"count":1,"href":"https:\/\/lasentinelle.dz\/index.php\/wp-json\/wp\/v2\/posts\/30946\/revisions"}],"predecessor-version":[{"id":30949,"href":"https:\/\/lasentinelle.dz\/index.php\/wp-json\/wp\/v2\/posts\/30946\/revisions\/30949"}],"wp:featuredmedia":[{"embeddable":true,"href":"https:\/\/lasentinelle.dz\/index.php\/wp-json\/wp\/v2\/media\/30872"}],"wp:attachment":[{"href":"https:\/\/lasentinelle.dz\/index.php\/wp-json\/wp\/v2\/media?parent=30946"}],"wp:term":[{"taxonomy":"category","embeddable":true,"href":"https:\/\/lasentinelle.dz\/index.php\/wp-json\/wp\/v2\/categories?post=30946"},{"taxonomy":"post_tag","embeddable":true,"href":"https:\/\/lasentinelle.dz\/index.php\/wp-json\/wp\/v2\/tags?post=30946"}],"curies":[{"name":"wp","href":"https:\/\/api.w.org\/{rel}","templated":true}]}}