{"id":30989,"date":"2022-11-19T22:05:00","date_gmt":"2022-11-19T21:05:00","guid":{"rendered":"https:\/\/lasentinelle.dz\/?p=30989"},"modified":"2022-11-19T20:10:38","modified_gmt":"2022-11-19T19:10:38","slug":"culture-du-colza-des-difficultes-qui-persistent","status":"publish","type":"post","link":"https:\/\/lasentinelle.dz\/index.php\/2022\/11\/19\/culture-du-colza-des-difficultes-qui-persistent\/","title":{"rendered":"Culture du colza\u00a0: Des difficult\u00e9s qui persistent"},"content":{"rendered":"\n<p>Le pr\u00e9sident de la chambre r\u00e9gionale d&rsquo;agriculture \u00e0 Annaba a r\u00e9v\u00e9l\u00e9&nbsp; que plus de 30 agriculteurs n&rsquo;ont pas encore per\u00e7u, \u00e0 ce jour,&nbsp; leurs cotisations financi\u00e8res du complexe \u00ab\u00a0Cevital\u00a0\u00bb, apr\u00e8s l&rsquo;acquisition de 6 000 quintaux de colza, destin\u00e9s \u00e0 la transformation.&nbsp; Le responsable a fait savoir que 36 agriculteurs ont vendu 6000 quintaux de leur r\u00e9colte de \u00ab\u00a0Colza\u00a0\u00bb au complexe \u00ab\u00a0Cevital\u00a0\u00bb sur la base d\u2019un accord sign\u00e9 entre les deux parties. Or, depuis le mois de juillet dernier, p\u00e9riode de livraison de la quantit\u00e9 de Colza, les agriculteurs attendent \u00e0 ce que la direction de Cevital proc\u00e8de au versement financier, qui tarde \u00e0 venir. Au bout de plusieurs revendications,&nbsp; selon le m\u00eame responsable,&nbsp; \u00ab\u00a0Cevital\u00a0\u00bb a exig\u00e9 de joindre la carte d&rsquo;identification fiscale au dossier. Or, le porte-parole des agriculteurs a confirm\u00e9 que cette condition n&rsquo;existe pas dans les termes du contrat conclu. Il a indiqu\u00e9&nbsp; que&nbsp; \u00ab&nbsp;Cevital&nbsp;\u00bb a, apr\u00e8s les analyses effectu\u00e9es sur la r\u00e9colte,&nbsp; renvoy\u00e9 environ 1000 quintaux, en raison de la mauvaise qualit\u00e9 de la marchandise. Le m\u00eame responsable a,&nbsp; par ailleurs, indiqu\u00e9 que le probl\u00e8me a \u00e9t\u00e9 expos\u00e9 aux instances concern\u00e9es.&nbsp; Toutes les correspondances adress\u00e9es par les&nbsp; agriculteurs au minist\u00e8re de l&rsquo;Agriculture et du D\u00e9veloppement rural, au pr\u00e9sident de la Chambre nationale d\u2019agriculture et&nbsp; \u00e0 l&rsquo;Union des&nbsp; fellahs et au M\u00e9diateur de la R\u00e9publique n\u2019ont toujours&nbsp; pas eu de r\u00e9ponse. Situation qui pourrait avoir un impact irr\u00e9versible sur la culture du Colza, a soulign\u00e9 le m\u00eame interlocuteur. Ce dernier, et au vu de la situation pr\u00e9valant actuellement, \u00e0 savoir le non paiement des dettes des professionnels de cette culture strat\u00e9gique,&nbsp; a indiqu\u00e9 les superficies d\u00e9di\u00e9es \u00e0 la culture du colza seront fortement r\u00e9duites au cours de cette ann\u00e9e, en raison de la crainte des agriculteurs de voir le m\u00eame sc\u00e9nario se r\u00e9p\u00e9ter. En plus des pertes subies par certains agriculteurs, dont leurs cultures de colza ont \u00e9t\u00e9 endommag\u00e9es en raison des conditions climatiques. Aux termes de la correspondance adress\u00e9e au minist\u00e8re de tutelle, selon le m\u00eame responsable, il a \u00e9t\u00e9 fait \u00e9tat de la situation inqui\u00e9tante des agriculteurs du fait qu\u2019ils n\u2019ont pas encore per\u00e7u leurs dus, depuis la livraison de la r\u00e9colte au mois de juin. Surtout que ces fellahs ont eu confiance dans le programme de l\u2019Etat et ont accept\u00e9 de se lancer dans cette culture, pour laquelle,&nbsp; chaque agriculteur s&rsquo;est inscrit \u00e0 la chambre d&rsquo;agriculture, apr\u00e8s avoir sign\u00e9 une demande d&rsquo;adh\u00e9sion d\u00fbment enregistr\u00e9e par la Direction des services Agricoles (DSA) pour cultiver une superficie r\u00e9serv\u00e9e au colza. Le pr\u00e9sident de la chambre locale de l\u2019agriculture a, dans le m\u00eame sens, soulign\u00e9 que la majorit\u00e9 des agriculteurs ont produit et livr\u00e9 des graines de colza au mois de juin, ajoutant que certains agriculteurs ont sign\u00e9 un accord r\u00e9dig\u00e9 par le partenaire \u00e9conomique lui-m\u00eame.\u00ab&nbsp;Ils ont remis tous les documents n\u00e9cessaires et requis dans l&rsquo;accord&nbsp;\u00bb, a-t-il dit. Aujourd\u2019hui, le partenaire non seulement&nbsp; retarde le&nbsp; paiement mais menace aussi d&rsquo;\u00e9mettre des r\u00e9serves sur les conditions de stockage de la production. Une situation dont ils ne sont en aucun cas responsables, puisque&nbsp; \u00ab&nbsp;la livraison a \u00e9t\u00e9 faite de mani\u00e8re saine, commercialisable et agr\u00e9\u00e9e par les services techniques de la&nbsp; Coop\u00e9rative des c\u00e9r\u00e9ales et des l\u00e9gumes secs,&nbsp; avec&nbsp; un stockage individuel pour chaque agriculteur&nbsp;\u00bb, a expliqu\u00e9 le m\u00eame interlocuteur.<\/p>\n\n\n\n<p><strong>Sofia Chahine<\/strong><\/p>\n","protected":false},"excerpt":{"rendered":"<p>Le pr\u00e9sident de la chambre r\u00e9gionale d&rsquo;agriculture \u00e0 Annaba a r\u00e9v\u00e9l\u00e9&nbsp; que plus de 30 agriculteurs n&rsquo;ont pas encore per\u00e7u,<\/p>\n","protected":false},"author":3,"featured_media":20794,"comment_status":"open","ping_status":"closed","sticky":false,"template":"","format":"standard","meta":{"colormag_page_container_layout":"default_layout","colormag_page_sidebar_layout":"default_layout","om_disable_all_campaigns":false,"_monsterinsights_skip_tracking":false,"_monsterinsights_sitenote_active":false,"_monsterinsights_sitenote_note":"","_monsterinsights_sitenote_category":0,"footnotes":"","_wpscppro_dont_share_socialmedia":false,"_wpscppro_custom_social_share_image":0,"_facebook_share_type":"","_twitter_share_type":"","_linkedin_share_type":"","_pinterest_share_type":"","_linkedin_share_type_page":"","_instagram_share_type":"","_medium_share_type":"","_threads_share_type":"","_google_business_share_type":"","_selected_social_profile":[],"_wpsp_enable_custom_social_template":false,"_wpsp_social_scheduling":{"enabled":false,"datetime":null,"platforms":[],"status":"template_only","dateOption":"today","timeOption":"now","customDays":"","customHours":"","customDate":"","customTime":"","schedulingType":"absolute"},"_wpsp_active_default_template":true},"categories":[52,29],"tags":[],"class_list":["post-30989","post","type-post","status-publish","format-standard","has-post-thumbnail","hentry","category-a-la-une","category-economie"],"aioseo_notices":[],"yoast_head":"<!-- This site is optimized with the Yoast SEO plugin v27.5 - https:\/\/yoast.com\/product\/yoast-seo-wordpress\/ -->\n<title>Culture du colza\u00a0: Des difficult\u00e9s qui persistent - La Sentinelle<\/title>\n<meta name=\"robots\" content=\"index, follow, max-snippet:-1, max-image-preview:large, max-video-preview:-1\" \/>\n<link rel=\"canonical\" href=\"https:\/\/lasentinelle.dz\/index.php\/2022\/11\/19\/culture-du-colza-des-difficultes-qui-persistent\/\" \/>\n<meta property=\"og:locale\" content=\"fr_FR\" \/>\n<meta property=\"og:type\" content=\"article\" \/>\n<meta property=\"og:title\" content=\"Culture du colza\u00a0: Des difficult\u00e9s qui persistent - La Sentinelle\" \/>\n<meta property=\"og:description\" content=\"Le pr\u00e9sident de la chambre r\u00e9gionale d&rsquo;agriculture \u00e0 Annaba a r\u00e9v\u00e9l\u00e9&nbsp; que plus de 30 agriculteurs n&rsquo;ont pas encore per\u00e7u,\" \/>\n<meta property=\"og:url\" content=\"https:\/\/lasentinelle.dz\/index.php\/2022\/11\/19\/culture-du-colza-des-difficultes-qui-persistent\/\" \/>\n<meta property=\"og:site_name\" content=\"La Sentinelle\" \/>\n<meta property=\"article:publisher\" content=\"https:\/\/www.facebook.com\/La-Sentinelle-104059864394773\" \/>\n<meta property=\"article:published_time\" content=\"2022-11-19T21:05:00+00:00\" \/>\n<meta property=\"og:image\" content=\"https:\/\/lasentinelle.dz\/wp-content\/uploads\/2022\/05\/colza-1.png\" \/>\n\t<meta property=\"og:image:width\" content=\"1308\" \/>\n\t<meta property=\"og:image:height\" content=\"900\" \/>\n\t<meta property=\"og:image:type\" content=\"image\/png\" \/>\n<meta name=\"author\" content=\"La Sentinelle\" \/>\n<meta name=\"twitter:card\" content=\"summary_large_image\" \/>\n<meta name=\"twitter:label1\" content=\"\u00c9crit par\" \/>\n\t<meta name=\"twitter:data1\" content=\"La Sentinelle\" \/>\n\t<meta name=\"twitter:label2\" content=\"Dur\u00e9e de lecture estim\u00e9e\" \/>\n\t<meta name=\"twitter:data2\" content=\"3 minutes\" \/>\n<script type=\"application\/ld+json\" class=\"yoast-schema-graph\">{\"@context\":\"https:\\\/\\\/schema.org\",\"@graph\":[{\"@type\":\"Article\",\"@id\":\"https:\\\/\\\/lasentinelle.dz\\\/index.php\\\/2022\\\/11\\\/19\\\/culture-du-colza-des-difficultes-qui-persistent\\\/#article\",\"isPartOf\":{\"@id\":\"https:\\\/\\\/lasentinelle.dz\\\/index.php\\\/2022\\\/11\\\/19\\\/culture-du-colza-des-difficultes-qui-persistent\\\/\"},\"author\":{\"name\":\"La Sentinelle\",\"@id\":\"https:\\\/\\\/lasentinelle.dz\\\/#\\\/schema\\\/person\\\/d865044e22e70a75174ce8bcad3acfb3\"},\"headline\":\"Culture du colza\u00a0: Des difficult\u00e9s qui persistent\",\"datePublished\":\"2022-11-19T21:05:00+00:00\",\"mainEntityOfPage\":{\"@id\":\"https:\\\/\\\/lasentinelle.dz\\\/index.php\\\/2022\\\/11\\\/19\\\/culture-du-colza-des-difficultes-qui-persistent\\\/\"},\"wordCount\":646,\"commentCount\":0,\"publisher\":{\"@id\":\"https:\\\/\\\/lasentinelle.dz\\\/#organization\"},\"image\":{\"@id\":\"https:\\\/\\\/lasentinelle.dz\\\/index.php\\\/2022\\\/11\\\/19\\\/culture-du-colza-des-difficultes-qui-persistent\\\/#primaryimage\"},\"thumbnailUrl\":\"https:\\\/\\\/lasentinelle.dz\\\/wp-content\\\/uploads\\\/2022\\\/05\\\/colza-1.png\",\"articleSection\":[\"\u00c0 la Une\",\"\u00c9conomie\"],\"inLanguage\":\"fr-FR\",\"potentialAction\":[{\"@type\":\"CommentAction\",\"name\":\"Comment\",\"target\":[\"https:\\\/\\\/lasentinelle.dz\\\/index.php\\\/2022\\\/11\\\/19\\\/culture-du-colza-des-difficultes-qui-persistent\\\/#respond\"]}]},{\"@type\":\"WebPage\",\"@id\":\"https:\\\/\\\/lasentinelle.dz\\\/index.php\\\/2022\\\/11\\\/19\\\/culture-du-colza-des-difficultes-qui-persistent\\\/\",\"url\":\"https:\\\/\\\/lasentinelle.dz\\\/index.php\\\/2022\\\/11\\\/19\\\/culture-du-colza-des-difficultes-qui-persistent\\\/\",\"name\":\"Culture du colza\u00a0: Des difficult\u00e9s qui persistent - La Sentinelle\",\"isPartOf\":{\"@id\":\"https:\\\/\\\/lasentinelle.dz\\\/#website\"},\"primaryImageOfPage\":{\"@id\":\"https:\\\/\\\/lasentinelle.dz\\\/index.php\\\/2022\\\/11\\\/19\\\/culture-du-colza-des-difficultes-qui-persistent\\\/#primaryimage\"},\"image\":{\"@id\":\"https:\\\/\\\/lasentinelle.dz\\\/index.php\\\/2022\\\/11\\\/19\\\/culture-du-colza-des-difficultes-qui-persistent\\\/#primaryimage\"},\"thumbnailUrl\":\"https:\\\/\\\/lasentinelle.dz\\\/wp-content\\\/uploads\\\/2022\\\/05\\\/colza-1.png\",\"datePublished\":\"2022-11-19T21:05:00+00:00\",\"breadcrumb\":{\"@id\":\"https:\\\/\\\/lasentinelle.dz\\\/index.php\\\/2022\\\/11\\\/19\\\/culture-du-colza-des-difficultes-qui-persistent\\\/#breadcrumb\"},\"inLanguage\":\"fr-FR\",\"potentialAction\":[{\"@type\":\"ReadAction\",\"target\":[\"https:\\\/\\\/lasentinelle.dz\\\/index.php\\\/2022\\\/11\\\/19\\\/culture-du-colza-des-difficultes-qui-persistent\\\/\"]}]},{\"@type\":\"ImageObject\",\"inLanguage\":\"fr-FR\",\"@id\":\"https:\\\/\\\/lasentinelle.dz\\\/index.php\\\/2022\\\/11\\\/19\\\/culture-du-colza-des-difficultes-qui-persistent\\\/#primaryimage\",\"url\":\"https:\\\/\\\/lasentinelle.dz\\\/wp-content\\\/uploads\\\/2022\\\/05\\\/colza-1.png\",\"contentUrl\":\"https:\\\/\\\/lasentinelle.dz\\\/wp-content\\\/uploads\\\/2022\\\/05\\\/colza-1.png\",\"width\":1308,\"height\":900},{\"@type\":\"BreadcrumbList\",\"@id\":\"https:\\\/\\\/lasentinelle.dz\\\/index.php\\\/2022\\\/11\\\/19\\\/culture-du-colza-des-difficultes-qui-persistent\\\/#breadcrumb\",\"itemListElement\":[{\"@type\":\"ListItem\",\"position\":1,\"name\":\"Accueil\",\"item\":\"https:\\\/\\\/lasentinelle.dz\\\/\"},{\"@type\":\"ListItem\",\"position\":2,\"name\":\"Culture du colza\u00a0: Des difficult\u00e9s qui persistent\"}]},{\"@type\":\"WebSite\",\"@id\":\"https:\\\/\\\/lasentinelle.dz\\\/#website\",\"url\":\"https:\\\/\\\/lasentinelle.dz\\\/\",\"name\":\"La Sentinelle\",\"description\":\"Quotidien national d&#039;information\",\"publisher\":{\"@id\":\"https:\\\/\\\/lasentinelle.dz\\\/#organization\"},\"potentialAction\":[{\"@type\":\"SearchAction\",\"target\":{\"@type\":\"EntryPoint\",\"urlTemplate\":\"https:\\\/\\\/lasentinelle.dz\\\/?s={search_term_string}\"},\"query-input\":{\"@type\":\"PropertyValueSpecification\",\"valueRequired\":true,\"valueName\":\"search_term_string\"}}],\"inLanguage\":\"fr-FR\"},{\"@type\":\"Organization\",\"@id\":\"https:\\\/\\\/lasentinelle.dz\\\/#organization\",\"name\":\"Quotidien La Sentinelle\",\"url\":\"https:\\\/\\\/lasentinelle.dz\\\/\",\"logo\":{\"@type\":\"ImageObject\",\"inLanguage\":\"fr-FR\",\"@id\":\"https:\\\/\\\/lasentinelle.dz\\\/#\\\/schema\\\/logo\\\/image\\\/\",\"url\":\"https:\\\/\\\/lasentinelle.dz\\\/wp-content\\\/uploads\\\/2021\\\/09\\\/logo-sentinelleSLOGAN-1.png\",\"contentUrl\":\"https:\\\/\\\/lasentinelle.dz\\\/wp-content\\\/uploads\\\/2021\\\/09\\\/logo-sentinelleSLOGAN-1.png\",\"width\":615,\"height\":142,\"caption\":\"Quotidien La Sentinelle\"},\"image\":{\"@id\":\"https:\\\/\\\/lasentinelle.dz\\\/#\\\/schema\\\/logo\\\/image\\\/\"},\"sameAs\":[\"https:\\\/\\\/www.facebook.com\\\/La-Sentinelle-104059864394773\"]},{\"@type\":\"Person\",\"@id\":\"https:\\\/\\\/lasentinelle.dz\\\/#\\\/schema\\\/person\\\/d865044e22e70a75174ce8bcad3acfb3\",\"name\":\"La Sentinelle\",\"image\":{\"@type\":\"ImageObject\",\"inLanguage\":\"fr-FR\",\"@id\":\"https:\\\/\\\/secure.gravatar.com\\\/avatar\\\/57de8e5d4b15d43fb361a71fbb36338450fe67865b528a43dd10ef7c51a20392?s=96&d=mm&r=g\",\"url\":\"https:\\\/\\\/secure.gravatar.com\\\/avatar\\\/57de8e5d4b15d43fb361a71fbb36338450fe67865b528a43dd10ef7c51a20392?s=96&d=mm&r=g\",\"contentUrl\":\"https:\\\/\\\/secure.gravatar.com\\\/avatar\\\/57de8e5d4b15d43fb361a71fbb36338450fe67865b528a43dd10ef7c51a20392?s=96&d=mm&r=g\",\"caption\":\"La Sentinelle\"},\"sameAs\":[\"http:\\\/\\\/www.lasentinelle.dz\"],\"url\":\"https:\\\/\\\/lasentinelle.dz\\\/author\\\/redaction\\\/\"}]}<\/script>\n<!-- \/ Yoast SEO plugin. -->","yoast_head_json":{"title":"Culture du colza\u00a0: Des difficult\u00e9s qui persistent - La Sentinelle","robots":{"index":"index","follow":"follow","max-snippet":"max-snippet:-1","max-image-preview":"max-image-preview:large","max-video-preview":"max-video-preview:-1"},"canonical":"https:\/\/lasentinelle.dz\/index.php\/2022\/11\/19\/culture-du-colza-des-difficultes-qui-persistent\/","og_locale":"fr_FR","og_type":"article","og_title":"Culture du colza\u00a0: Des difficult\u00e9s qui persistent - La Sentinelle","og_description":"Le pr\u00e9sident de la chambre r\u00e9gionale d&rsquo;agriculture \u00e0 Annaba a r\u00e9v\u00e9l\u00e9&nbsp; que plus de 30 agriculteurs n&rsquo;ont pas encore per\u00e7u,","og_url":"https:\/\/lasentinelle.dz\/index.php\/2022\/11\/19\/culture-du-colza-des-difficultes-qui-persistent\/","og_site_name":"La Sentinelle","article_publisher":"https:\/\/www.facebook.com\/La-Sentinelle-104059864394773","article_published_time":"2022-11-19T21:05:00+00:00","og_image":[{"width":1308,"height":900,"url":"https:\/\/lasentinelle.dz\/wp-content\/uploads\/2022\/05\/colza-1.png","type":"image\/png"}],"author":"La Sentinelle","twitter_card":"summary_large_image","twitter_misc":{"\u00c9crit par":"La Sentinelle","Dur\u00e9e de lecture estim\u00e9e":"3 minutes"},"schema":{"@context":"https:\/\/schema.org","@graph":[{"@type":"Article","@id":"https:\/\/lasentinelle.dz\/index.php\/2022\/11\/19\/culture-du-colza-des-difficultes-qui-persistent\/#article","isPartOf":{"@id":"https:\/\/lasentinelle.dz\/index.php\/2022\/11\/19\/culture-du-colza-des-difficultes-qui-persistent\/"},"author":{"name":"La Sentinelle","@id":"https:\/\/lasentinelle.dz\/#\/schema\/person\/d865044e22e70a75174ce8bcad3acfb3"},"headline":"Culture du colza\u00a0: Des difficult\u00e9s qui persistent","datePublished":"2022-11-19T21:05:00+00:00","mainEntityOfPage":{"@id":"https:\/\/lasentinelle.dz\/index.php\/2022\/11\/19\/culture-du-colza-des-difficultes-qui-persistent\/"},"wordCount":646,"commentCount":0,"publisher":{"@id":"https:\/\/lasentinelle.dz\/#organization"},"image":{"@id":"https:\/\/lasentinelle.dz\/index.php\/2022\/11\/19\/culture-du-colza-des-difficultes-qui-persistent\/#primaryimage"},"thumbnailUrl":"https:\/\/lasentinelle.dz\/wp-content\/uploads\/2022\/05\/colza-1.png","articleSection":["\u00c0 la Une","\u00c9conomie"],"inLanguage":"fr-FR","potentialAction":[{"@type":"CommentAction","name":"Comment","target":["https:\/\/lasentinelle.dz\/index.php\/2022\/11\/19\/culture-du-colza-des-difficultes-qui-persistent\/#respond"]}]},{"@type":"WebPage","@id":"https:\/\/lasentinelle.dz\/index.php\/2022\/11\/19\/culture-du-colza-des-difficultes-qui-persistent\/","url":"https:\/\/lasentinelle.dz\/index.php\/2022\/11\/19\/culture-du-colza-des-difficultes-qui-persistent\/","name":"Culture du colza\u00a0: Des difficult\u00e9s qui persistent - La Sentinelle","isPartOf":{"@id":"https:\/\/lasentinelle.dz\/#website"},"primaryImageOfPage":{"@id":"https:\/\/lasentinelle.dz\/index.php\/2022\/11\/19\/culture-du-colza-des-difficultes-qui-persistent\/#primaryimage"},"image":{"@id":"https:\/\/lasentinelle.dz\/index.php\/2022\/11\/19\/culture-du-colza-des-difficultes-qui-persistent\/#primaryimage"},"thumbnailUrl":"https:\/\/lasentinelle.dz\/wp-content\/uploads\/2022\/05\/colza-1.png","datePublished":"2022-11-19T21:05:00+00:00","breadcrumb":{"@id":"https:\/\/lasentinelle.dz\/index.php\/2022\/11\/19\/culture-du-colza-des-difficultes-qui-persistent\/#breadcrumb"},"inLanguage":"fr-FR","potentialAction":[{"@type":"ReadAction","target":["https:\/\/lasentinelle.dz\/index.php\/2022\/11\/19\/culture-du-colza-des-difficultes-qui-persistent\/"]}]},{"@type":"ImageObject","inLanguage":"fr-FR","@id":"https:\/\/lasentinelle.dz\/index.php\/2022\/11\/19\/culture-du-colza-des-difficultes-qui-persistent\/#primaryimage","url":"https:\/\/lasentinelle.dz\/wp-content\/uploads\/2022\/05\/colza-1.png","contentUrl":"https:\/\/lasentinelle.dz\/wp-content\/uploads\/2022\/05\/colza-1.png","width":1308,"height":900},{"@type":"BreadcrumbList","@id":"https:\/\/lasentinelle.dz\/index.php\/2022\/11\/19\/culture-du-colza-des-difficultes-qui-persistent\/#breadcrumb","itemListElement":[{"@type":"ListItem","position":1,"name":"Accueil","item":"https:\/\/lasentinelle.dz\/"},{"@type":"ListItem","position":2,"name":"Culture du colza\u00a0: Des difficult\u00e9s qui persistent"}]},{"@type":"WebSite","@id":"https:\/\/lasentinelle.dz\/#website","url":"https:\/\/lasentinelle.dz\/","name":"La Sentinelle","description":"Quotidien national d&#039;information","publisher":{"@id":"https:\/\/lasentinelle.dz\/#organization"},"potentialAction":[{"@type":"SearchAction","target":{"@type":"EntryPoint","urlTemplate":"https:\/\/lasentinelle.dz\/?s={search_term_string}"},"query-input":{"@type":"PropertyValueSpecification","valueRequired":true,"valueName":"search_term_string"}}],"inLanguage":"fr-FR"},{"@type":"Organization","@id":"https:\/\/lasentinelle.dz\/#organization","name":"Quotidien La Sentinelle","url":"https:\/\/lasentinelle.dz\/","logo":{"@type":"ImageObject","inLanguage":"fr-FR","@id":"https:\/\/lasentinelle.dz\/#\/schema\/logo\/image\/","url":"https:\/\/lasentinelle.dz\/wp-content\/uploads\/2021\/09\/logo-sentinelleSLOGAN-1.png","contentUrl":"https:\/\/lasentinelle.dz\/wp-content\/uploads\/2021\/09\/logo-sentinelleSLOGAN-1.png","width":615,"height":142,"caption":"Quotidien La Sentinelle"},"image":{"@id":"https:\/\/lasentinelle.dz\/#\/schema\/logo\/image\/"},"sameAs":["https:\/\/www.facebook.com\/La-Sentinelle-104059864394773"]},{"@type":"Person","@id":"https:\/\/lasentinelle.dz\/#\/schema\/person\/d865044e22e70a75174ce8bcad3acfb3","name":"La Sentinelle","image":{"@type":"ImageObject","inLanguage":"fr-FR","@id":"https:\/\/secure.gravatar.com\/avatar\/57de8e5d4b15d43fb361a71fbb36338450fe67865b528a43dd10ef7c51a20392?s=96&d=mm&r=g","url":"https:\/\/secure.gravatar.com\/avatar\/57de8e5d4b15d43fb361a71fbb36338450fe67865b528a43dd10ef7c51a20392?s=96&d=mm&r=g","contentUrl":"https:\/\/secure.gravatar.com\/avatar\/57de8e5d4b15d43fb361a71fbb36338450fe67865b528a43dd10ef7c51a20392?s=96&d=mm&r=g","caption":"La Sentinelle"},"sameAs":["http:\/\/www.lasentinelle.dz"],"url":"https:\/\/lasentinelle.dz\/author\/redaction\/"}]}},"_links":{"self":[{"href":"https:\/\/lasentinelle.dz\/index.php\/wp-json\/wp\/v2\/posts\/30989","targetHints":{"allow":["GET"]}}],"collection":[{"href":"https:\/\/lasentinelle.dz\/index.php\/wp-json\/wp\/v2\/posts"}],"about":[{"href":"https:\/\/lasentinelle.dz\/index.php\/wp-json\/wp\/v2\/types\/post"}],"author":[{"embeddable":true,"href":"https:\/\/lasentinelle.dz\/index.php\/wp-json\/wp\/v2\/users\/3"}],"replies":[{"embeddable":true,"href":"https:\/\/lasentinelle.dz\/index.php\/wp-json\/wp\/v2\/comments?post=30989"}],"version-history":[{"count":2,"href":"https:\/\/lasentinelle.dz\/index.php\/wp-json\/wp\/v2\/posts\/30989\/revisions"}],"predecessor-version":[{"id":31049,"href":"https:\/\/lasentinelle.dz\/index.php\/wp-json\/wp\/v2\/posts\/30989\/revisions\/31049"}],"wp:featuredmedia":[{"embeddable":true,"href":"https:\/\/lasentinelle.dz\/index.php\/wp-json\/wp\/v2\/media\/20794"}],"wp:attachment":[{"href":"https:\/\/lasentinelle.dz\/index.php\/wp-json\/wp\/v2\/media?parent=30989"}],"wp:term":[{"taxonomy":"category","embeddable":true,"href":"https:\/\/lasentinelle.dz\/index.php\/wp-json\/wp\/v2\/categories?post=30989"},{"taxonomy":"post_tag","embeddable":true,"href":"https:\/\/lasentinelle.dz\/index.php\/wp-json\/wp\/v2\/tags?post=30989"}],"curies":[{"name":"wp","href":"https:\/\/api.w.org\/{rel}","templated":true}]}}