{"id":31017,"date":"2022-11-19T22:10:00","date_gmt":"2022-11-19T21:10:00","guid":{"rendered":"https:\/\/lasentinelle.dz\/?p=31017"},"modified":"2022-11-19T20:10:01","modified_gmt":"2022-11-19T19:10:01","slug":"proces-de-lassassinat-de-djamel-bensmail-la-peine-capitale-requise-pour-les-principaux-accuses","status":"publish","type":"post","link":"https:\/\/lasentinelle.dz\/index.php\/2022\/11\/19\/proces-de-lassassinat-de-djamel-bensmail-la-peine-capitale-requise-pour-les-principaux-accuses\/","title":{"rendered":"Proc\u00e8s de l\u2019assassinat de Djamel Bensma\u00efl\u00a0: La peine capitale requise pour les principaux accus\u00e9s"},"content":{"rendered":"\n<p>Le parquet du Tribunal de Dar El-Beida a requis hier la peine capitale contre 76 accus\u00e9s dans le proc\u00e8s de l\u2019affaire du meurtre du jeune artiste Djamel Bensma\u00efl en ao\u00fbt 2021 \u00e0 Larba\u00e2 Nath Irathen (Tizi Ouzou). Le proc\u00e8s s\u2019est ouvert mardi et a \u00e9t\u00e9 marqu\u00e9 par l\u2019audition de 102 accus\u00e9s, de plusieurs t\u00e9moins ainsi que des parties civiles. Ainsi au bout de quatre jours d\u2019auditions et de r\u00e9v\u00e9lations gla\u00e7antes, le procureur de la R\u00e9publique a requis les sanctions les plus exemplaires. Il a ainsi requis la peine capitale \u00e0 l\u2019encontre de 76 accus\u00e9s, tandis qu\u2019il a demand\u00e9 une peine de dix ans d\u2019emprisonnement et une amende de 500.000 DA pour chacun des 25 autres accus\u00e9s impliqu\u00e9s dans les faits li\u00e9s au meurtre de Djamel Bensmail et de la profanation du corps de la victime.<\/p>\n\n\n\n<p>Notons qu\u2019avant le r\u00e9quisitoire, le proc\u00e8s s\u2019\u00e9tait poursuivi hier avec la projection de vid\u00e9os diffus\u00e9es par les accus\u00e9s sur les r\u00e9seaux sociaux, montrant des d\u00e9tails du crime et la vague de panique et de terreur provoqu\u00e9e au sein de la population.Les extraits de ces vid\u00e9os, projet\u00e9s lors du quatri\u00e8me jour de ce proc\u00e8s, ont montr\u00e9 les d\u00e9tails de ce crime odieux, depuis l&rsquo;interception de la victime dans la ville de Larba\u00e2 Nath Irathen et son agression par les accus\u00e9s.Les vid\u00e9os montrent aussi le lynchage de Djamel Bensma\u00efl, brul\u00e9 vif et d\u00e9pouill\u00e9 de ses objets personnels, notamment son t\u00e9l\u00e9phone portable.Elles r\u00e9v\u00e8lent \u00e9galement les agressions contre le v\u00e9hicule des services de police, la destruction de certains biens et la d\u00e9sob\u00e9issance des accus\u00e9s aux appels au calme lanc\u00e9s par les forces de la S\u00fbret\u00e9 nationale, ainsi que la prise d&rsquo;assaut du si\u00e8ge de la s\u00fbret\u00e9 de Da\u00efra de Larba\u00e2 Nath Irathen.Les vid\u00e9os auxquelles se sont r\u00e9f\u00e9r\u00e9s les services de la police judiciaire dans leurs investigations li\u00e9es \u00e0 ce crime, font ressortir les discours de haine et de racisme ainsi que les slogans subversifs de l&rsquo;organisation terroriste \u2018MAK\u2019 scand\u00e9s par les accus\u00e9s pendant et apr\u00e8s le crime qui a eu lieu en parall\u00e8le avec les incendies ayant ravag\u00e9 la wilaya de Tizi Ouzou ainsi que plusieurs wilayas de l&rsquo;est du pays pendant l&rsquo;\u00e9t\u00e9 2021. Les extraits projet\u00e9s ont mis en \u00e9vidence le climat d&rsquo;anarchie et de terreur sem\u00e9 par les accus\u00e9s sur le lieu de l&rsquo;incident (ville de Larba\u00e2 Nath Irathen).<\/p>\n\n\n\n<p>Le proc\u00e8s concerne 102 accus\u00e9s dont 4 femmes poursuivis pour plusieurs chefs d&rsquo;inculpation dont commission d&rsquo;actes terroristes et subversifs attentatoires \u00e0 la s\u00e9curit\u00e9 de l&rsquo;Etat et \u00e0 l&rsquo;unit\u00e9 nationale, participation \u00e0 un homicide volontaire avec pr\u00e9m\u00e9ditation et guet-apens, incitation \u00e0 la violence contre les membres de la force publique, incitation \u00e0 la discrimination et diffusion du discours de haine et autres accusations.<\/p>\n\n\n\n<p><strong>Chokri Hafed<\/strong><\/p>\n","protected":false},"excerpt":{"rendered":"<p>Le parquet du Tribunal de Dar El-Beida a requis hier la peine capitale contre 76 accus\u00e9s dans le proc\u00e8s de<\/p>\n","protected":false},"author":3,"featured_media":30872,"comment_status":"open","ping_status":"closed","sticky":false,"template":"","format":"standard","meta":{"colormag_page_container_layout":"default_layout","colormag_page_sidebar_layout":"default_layout","om_disable_all_campaigns":false,"_monsterinsights_skip_tracking":false,"_monsterinsights_sitenote_active":false,"_monsterinsights_sitenote_note":"","_monsterinsights_sitenote_category":0,"footnotes":"","_wpscppro_dont_share_socialmedia":false,"_wpscppro_custom_social_share_image":0,"_facebook_share_type":"","_twitter_share_type":"","_linkedin_share_type":"","_pinterest_share_type":"","_linkedin_share_type_page":"","_instagram_share_type":"","_medium_share_type":"","_threads_share_type":"","_google_business_share_type":"","_selected_social_profile":[],"_wpsp_enable_custom_social_template":false,"_wpsp_social_scheduling":{"enabled":false,"datetime":null,"platforms":[],"status":"template_only","dateOption":"today","timeOption":"now","customDays":"","customHours":"","customDate":"","customTime":"","schedulingType":"absolute"},"_wpsp_active_default_template":true},"categories":[52,27],"tags":[],"class_list":["post-31017","post","type-post","status-publish","format-standard","has-post-thumbnail","hentry","category-a-la-une","category-actualite"],"aioseo_notices":[],"yoast_head":"<!-- This site is optimized with the Yoast SEO plugin v27.4 - https:\/\/yoast.com\/product\/yoast-seo-wordpress\/ -->\n<title>Proc\u00e8s de l\u2019assassinat de Djamel Bensma\u00efl\u00a0: La peine capitale requise pour les principaux accus\u00e9s - La Sentinelle<\/title>\n<meta name=\"robots\" content=\"index, follow, max-snippet:-1, max-image-preview:large, max-video-preview:-1\" \/>\n<link rel=\"canonical\" href=\"https:\/\/lasentinelle.dz\/index.php\/2022\/11\/19\/proces-de-lassassinat-de-djamel-bensmail-la-peine-capitale-requise-pour-les-principaux-accuses\/\" \/>\n<meta property=\"og:locale\" content=\"fr_FR\" \/>\n<meta property=\"og:type\" content=\"article\" \/>\n<meta property=\"og:title\" content=\"Proc\u00e8s de l\u2019assassinat de Djamel Bensma\u00efl\u00a0: La peine capitale requise pour les principaux accus\u00e9s - La Sentinelle\" \/>\n<meta property=\"og:description\" content=\"Le parquet du Tribunal de Dar El-Beida a requis hier la peine capitale contre 76 accus\u00e9s dans le proc\u00e8s de\" \/>\n<meta property=\"og:url\" content=\"https:\/\/lasentinelle.dz\/index.php\/2022\/11\/19\/proces-de-lassassinat-de-djamel-bensmail-la-peine-capitale-requise-pour-les-principaux-accuses\/\" \/>\n<meta property=\"og:site_name\" content=\"La Sentinelle\" \/>\n<meta property=\"article:publisher\" content=\"https:\/\/www.facebook.com\/La-Sentinelle-104059864394773\" \/>\n<meta property=\"article:published_time\" content=\"2022-11-19T21:10:00+00:00\" \/>\n<meta property=\"og:image\" content=\"https:\/\/lasentinelle.dz\/wp-content\/uploads\/2022\/11\/image_2022-11-15_212910386.png\" \/>\n\t<meta property=\"og:image:width\" content=\"580\" \/>\n\t<meta property=\"og:image:height\" content=\"350\" \/>\n\t<meta property=\"og:image:type\" content=\"image\/png\" \/>\n<meta name=\"author\" content=\"La Sentinelle\" \/>\n<meta name=\"twitter:card\" content=\"summary_large_image\" \/>\n<meta name=\"twitter:label1\" content=\"\u00c9crit par\" \/>\n\t<meta name=\"twitter:data1\" content=\"La Sentinelle\" \/>\n\t<meta name=\"twitter:label2\" content=\"Dur\u00e9e de lecture estim\u00e9e\" \/>\n\t<meta name=\"twitter:data2\" content=\"3 minutes\" \/>\n<script type=\"application\/ld+json\" class=\"yoast-schema-graph\">{\"@context\":\"https:\\\/\\\/schema.org\",\"@graph\":[{\"@type\":\"Article\",\"@id\":\"https:\\\/\\\/lasentinelle.dz\\\/index.php\\\/2022\\\/11\\\/19\\\/proces-de-lassassinat-de-djamel-bensmail-la-peine-capitale-requise-pour-les-principaux-accuses\\\/#article\",\"isPartOf\":{\"@id\":\"https:\\\/\\\/lasentinelle.dz\\\/index.php\\\/2022\\\/11\\\/19\\\/proces-de-lassassinat-de-djamel-bensmail-la-peine-capitale-requise-pour-les-principaux-accuses\\\/\"},\"author\":{\"name\":\"La Sentinelle\",\"@id\":\"https:\\\/\\\/lasentinelle.dz\\\/#\\\/schema\\\/person\\\/d865044e22e70a75174ce8bcad3acfb3\"},\"headline\":\"Proc\u00e8s de l\u2019assassinat de Djamel Bensma\u00efl\u00a0: La peine capitale requise pour les principaux accus\u00e9s\",\"datePublished\":\"2022-11-19T21:10:00+00:00\",\"mainEntityOfPage\":{\"@id\":\"https:\\\/\\\/lasentinelle.dz\\\/index.php\\\/2022\\\/11\\\/19\\\/proces-de-lassassinat-de-djamel-bensmail-la-peine-capitale-requise-pour-les-principaux-accuses\\\/\"},\"wordCount\":532,\"commentCount\":0,\"publisher\":{\"@id\":\"https:\\\/\\\/lasentinelle.dz\\\/#organization\"},\"image\":{\"@id\":\"https:\\\/\\\/lasentinelle.dz\\\/index.php\\\/2022\\\/11\\\/19\\\/proces-de-lassassinat-de-djamel-bensmail-la-peine-capitale-requise-pour-les-principaux-accuses\\\/#primaryimage\"},\"thumbnailUrl\":\"https:\\\/\\\/lasentinelle.dz\\\/wp-content\\\/uploads\\\/2022\\\/11\\\/image_2022-11-15_212910386.png\",\"articleSection\":[\"\u00c0 la Une\",\"Actualit\u00e9\"],\"inLanguage\":\"fr-FR\",\"potentialAction\":[{\"@type\":\"CommentAction\",\"name\":\"Comment\",\"target\":[\"https:\\\/\\\/lasentinelle.dz\\\/index.php\\\/2022\\\/11\\\/19\\\/proces-de-lassassinat-de-djamel-bensmail-la-peine-capitale-requise-pour-les-principaux-accuses\\\/#respond\"]}]},{\"@type\":\"WebPage\",\"@id\":\"https:\\\/\\\/lasentinelle.dz\\\/index.php\\\/2022\\\/11\\\/19\\\/proces-de-lassassinat-de-djamel-bensmail-la-peine-capitale-requise-pour-les-principaux-accuses\\\/\",\"url\":\"https:\\\/\\\/lasentinelle.dz\\\/index.php\\\/2022\\\/11\\\/19\\\/proces-de-lassassinat-de-djamel-bensmail-la-peine-capitale-requise-pour-les-principaux-accuses\\\/\",\"name\":\"Proc\u00e8s de l\u2019assassinat de Djamel Bensma\u00efl\u00a0: La peine capitale requise pour les principaux accus\u00e9s - La Sentinelle\",\"isPartOf\":{\"@id\":\"https:\\\/\\\/lasentinelle.dz\\\/#website\"},\"primaryImageOfPage\":{\"@id\":\"https:\\\/\\\/lasentinelle.dz\\\/index.php\\\/2022\\\/11\\\/19\\\/proces-de-lassassinat-de-djamel-bensmail-la-peine-capitale-requise-pour-les-principaux-accuses\\\/#primaryimage\"},\"image\":{\"@id\":\"https:\\\/\\\/lasentinelle.dz\\\/index.php\\\/2022\\\/11\\\/19\\\/proces-de-lassassinat-de-djamel-bensmail-la-peine-capitale-requise-pour-les-principaux-accuses\\\/#primaryimage\"},\"thumbnailUrl\":\"https:\\\/\\\/lasentinelle.dz\\\/wp-content\\\/uploads\\\/2022\\\/11\\\/image_2022-11-15_212910386.png\",\"datePublished\":\"2022-11-19T21:10:00+00:00\",\"breadcrumb\":{\"@id\":\"https:\\\/\\\/lasentinelle.dz\\\/index.php\\\/2022\\\/11\\\/19\\\/proces-de-lassassinat-de-djamel-bensmail-la-peine-capitale-requise-pour-les-principaux-accuses\\\/#breadcrumb\"},\"inLanguage\":\"fr-FR\",\"potentialAction\":[{\"@type\":\"ReadAction\",\"target\":[\"https:\\\/\\\/lasentinelle.dz\\\/index.php\\\/2022\\\/11\\\/19\\\/proces-de-lassassinat-de-djamel-bensmail-la-peine-capitale-requise-pour-les-principaux-accuses\\\/\"]}]},{\"@type\":\"ImageObject\",\"inLanguage\":\"fr-FR\",\"@id\":\"https:\\\/\\\/lasentinelle.dz\\\/index.php\\\/2022\\\/11\\\/19\\\/proces-de-lassassinat-de-djamel-bensmail-la-peine-capitale-requise-pour-les-principaux-accuses\\\/#primaryimage\",\"url\":\"https:\\\/\\\/lasentinelle.dz\\\/wp-content\\\/uploads\\\/2022\\\/11\\\/image_2022-11-15_212910386.png\",\"contentUrl\":\"https:\\\/\\\/lasentinelle.dz\\\/wp-content\\\/uploads\\\/2022\\\/11\\\/image_2022-11-15_212910386.png\",\"width\":580,\"height\":350},{\"@type\":\"BreadcrumbList\",\"@id\":\"https:\\\/\\\/lasentinelle.dz\\\/index.php\\\/2022\\\/11\\\/19\\\/proces-de-lassassinat-de-djamel-bensmail-la-peine-capitale-requise-pour-les-principaux-accuses\\\/#breadcrumb\",\"itemListElement\":[{\"@type\":\"ListItem\",\"position\":1,\"name\":\"Accueil\",\"item\":\"https:\\\/\\\/lasentinelle.dz\\\/\"},{\"@type\":\"ListItem\",\"position\":2,\"name\":\"Proc\u00e8s de l\u2019assassinat de Djamel Bensma\u00efl\u00a0: La peine capitale requise pour les principaux accus\u00e9s\"}]},{\"@type\":\"WebSite\",\"@id\":\"https:\\\/\\\/lasentinelle.dz\\\/#website\",\"url\":\"https:\\\/\\\/lasentinelle.dz\\\/\",\"name\":\"La Sentinelle\",\"description\":\"Quotidien national d&#039;information\",\"publisher\":{\"@id\":\"https:\\\/\\\/lasentinelle.dz\\\/#organization\"},\"potentialAction\":[{\"@type\":\"SearchAction\",\"target\":{\"@type\":\"EntryPoint\",\"urlTemplate\":\"https:\\\/\\\/lasentinelle.dz\\\/?s={search_term_string}\"},\"query-input\":{\"@type\":\"PropertyValueSpecification\",\"valueRequired\":true,\"valueName\":\"search_term_string\"}}],\"inLanguage\":\"fr-FR\"},{\"@type\":\"Organization\",\"@id\":\"https:\\\/\\\/lasentinelle.dz\\\/#organization\",\"name\":\"Quotidien La Sentinelle\",\"url\":\"https:\\\/\\\/lasentinelle.dz\\\/\",\"logo\":{\"@type\":\"ImageObject\",\"inLanguage\":\"fr-FR\",\"@id\":\"https:\\\/\\\/lasentinelle.dz\\\/#\\\/schema\\\/logo\\\/image\\\/\",\"url\":\"https:\\\/\\\/lasentinelle.dz\\\/wp-content\\\/uploads\\\/2021\\\/09\\\/logo-sentinelleSLOGAN-1.png\",\"contentUrl\":\"https:\\\/\\\/lasentinelle.dz\\\/wp-content\\\/uploads\\\/2021\\\/09\\\/logo-sentinelleSLOGAN-1.png\",\"width\":615,\"height\":142,\"caption\":\"Quotidien La Sentinelle\"},\"image\":{\"@id\":\"https:\\\/\\\/lasentinelle.dz\\\/#\\\/schema\\\/logo\\\/image\\\/\"},\"sameAs\":[\"https:\\\/\\\/www.facebook.com\\\/La-Sentinelle-104059864394773\"]},{\"@type\":\"Person\",\"@id\":\"https:\\\/\\\/lasentinelle.dz\\\/#\\\/schema\\\/person\\\/d865044e22e70a75174ce8bcad3acfb3\",\"name\":\"La Sentinelle\",\"image\":{\"@type\":\"ImageObject\",\"inLanguage\":\"fr-FR\",\"@id\":\"https:\\\/\\\/secure.gravatar.com\\\/avatar\\\/57de8e5d4b15d43fb361a71fbb36338450fe67865b528a43dd10ef7c51a20392?s=96&d=mm&r=g\",\"url\":\"https:\\\/\\\/secure.gravatar.com\\\/avatar\\\/57de8e5d4b15d43fb361a71fbb36338450fe67865b528a43dd10ef7c51a20392?s=96&d=mm&r=g\",\"contentUrl\":\"https:\\\/\\\/secure.gravatar.com\\\/avatar\\\/57de8e5d4b15d43fb361a71fbb36338450fe67865b528a43dd10ef7c51a20392?s=96&d=mm&r=g\",\"caption\":\"La Sentinelle\"},\"sameAs\":[\"http:\\\/\\\/www.lasentinelle.dz\"],\"url\":\"https:\\\/\\\/lasentinelle.dz\\\/author\\\/redaction\\\/\"}]}<\/script>\n<!-- \/ Yoast SEO plugin. -->","yoast_head_json":{"title":"Proc\u00e8s de l\u2019assassinat de Djamel Bensma\u00efl\u00a0: La peine capitale requise pour les principaux accus\u00e9s - La Sentinelle","robots":{"index":"index","follow":"follow","max-snippet":"max-snippet:-1","max-image-preview":"max-image-preview:large","max-video-preview":"max-video-preview:-1"},"canonical":"https:\/\/lasentinelle.dz\/index.php\/2022\/11\/19\/proces-de-lassassinat-de-djamel-bensmail-la-peine-capitale-requise-pour-les-principaux-accuses\/","og_locale":"fr_FR","og_type":"article","og_title":"Proc\u00e8s de l\u2019assassinat de Djamel Bensma\u00efl\u00a0: La peine capitale requise pour les principaux accus\u00e9s - La Sentinelle","og_description":"Le parquet du Tribunal de Dar El-Beida a requis hier la peine capitale contre 76 accus\u00e9s dans le proc\u00e8s de","og_url":"https:\/\/lasentinelle.dz\/index.php\/2022\/11\/19\/proces-de-lassassinat-de-djamel-bensmail-la-peine-capitale-requise-pour-les-principaux-accuses\/","og_site_name":"La Sentinelle","article_publisher":"https:\/\/www.facebook.com\/La-Sentinelle-104059864394773","article_published_time":"2022-11-19T21:10:00+00:00","og_image":[{"width":580,"height":350,"url":"https:\/\/lasentinelle.dz\/wp-content\/uploads\/2022\/11\/image_2022-11-15_212910386.png","type":"image\/png"}],"author":"La Sentinelle","twitter_card":"summary_large_image","twitter_misc":{"\u00c9crit par":"La Sentinelle","Dur\u00e9e de lecture estim\u00e9e":"3 minutes"},"schema":{"@context":"https:\/\/schema.org","@graph":[{"@type":"Article","@id":"https:\/\/lasentinelle.dz\/index.php\/2022\/11\/19\/proces-de-lassassinat-de-djamel-bensmail-la-peine-capitale-requise-pour-les-principaux-accuses\/#article","isPartOf":{"@id":"https:\/\/lasentinelle.dz\/index.php\/2022\/11\/19\/proces-de-lassassinat-de-djamel-bensmail-la-peine-capitale-requise-pour-les-principaux-accuses\/"},"author":{"name":"La Sentinelle","@id":"https:\/\/lasentinelle.dz\/#\/schema\/person\/d865044e22e70a75174ce8bcad3acfb3"},"headline":"Proc\u00e8s de l\u2019assassinat de Djamel Bensma\u00efl\u00a0: La peine capitale requise pour les principaux accus\u00e9s","datePublished":"2022-11-19T21:10:00+00:00","mainEntityOfPage":{"@id":"https:\/\/lasentinelle.dz\/index.php\/2022\/11\/19\/proces-de-lassassinat-de-djamel-bensmail-la-peine-capitale-requise-pour-les-principaux-accuses\/"},"wordCount":532,"commentCount":0,"publisher":{"@id":"https:\/\/lasentinelle.dz\/#organization"},"image":{"@id":"https:\/\/lasentinelle.dz\/index.php\/2022\/11\/19\/proces-de-lassassinat-de-djamel-bensmail-la-peine-capitale-requise-pour-les-principaux-accuses\/#primaryimage"},"thumbnailUrl":"https:\/\/lasentinelle.dz\/wp-content\/uploads\/2022\/11\/image_2022-11-15_212910386.png","articleSection":["\u00c0 la Une","Actualit\u00e9"],"inLanguage":"fr-FR","potentialAction":[{"@type":"CommentAction","name":"Comment","target":["https:\/\/lasentinelle.dz\/index.php\/2022\/11\/19\/proces-de-lassassinat-de-djamel-bensmail-la-peine-capitale-requise-pour-les-principaux-accuses\/#respond"]}]},{"@type":"WebPage","@id":"https:\/\/lasentinelle.dz\/index.php\/2022\/11\/19\/proces-de-lassassinat-de-djamel-bensmail-la-peine-capitale-requise-pour-les-principaux-accuses\/","url":"https:\/\/lasentinelle.dz\/index.php\/2022\/11\/19\/proces-de-lassassinat-de-djamel-bensmail-la-peine-capitale-requise-pour-les-principaux-accuses\/","name":"Proc\u00e8s de l\u2019assassinat de Djamel Bensma\u00efl\u00a0: La peine capitale requise pour les principaux accus\u00e9s - La Sentinelle","isPartOf":{"@id":"https:\/\/lasentinelle.dz\/#website"},"primaryImageOfPage":{"@id":"https:\/\/lasentinelle.dz\/index.php\/2022\/11\/19\/proces-de-lassassinat-de-djamel-bensmail-la-peine-capitale-requise-pour-les-principaux-accuses\/#primaryimage"},"image":{"@id":"https:\/\/lasentinelle.dz\/index.php\/2022\/11\/19\/proces-de-lassassinat-de-djamel-bensmail-la-peine-capitale-requise-pour-les-principaux-accuses\/#primaryimage"},"thumbnailUrl":"https:\/\/lasentinelle.dz\/wp-content\/uploads\/2022\/11\/image_2022-11-15_212910386.png","datePublished":"2022-11-19T21:10:00+00:00","breadcrumb":{"@id":"https:\/\/lasentinelle.dz\/index.php\/2022\/11\/19\/proces-de-lassassinat-de-djamel-bensmail-la-peine-capitale-requise-pour-les-principaux-accuses\/#breadcrumb"},"inLanguage":"fr-FR","potentialAction":[{"@type":"ReadAction","target":["https:\/\/lasentinelle.dz\/index.php\/2022\/11\/19\/proces-de-lassassinat-de-djamel-bensmail-la-peine-capitale-requise-pour-les-principaux-accuses\/"]}]},{"@type":"ImageObject","inLanguage":"fr-FR","@id":"https:\/\/lasentinelle.dz\/index.php\/2022\/11\/19\/proces-de-lassassinat-de-djamel-bensmail-la-peine-capitale-requise-pour-les-principaux-accuses\/#primaryimage","url":"https:\/\/lasentinelle.dz\/wp-content\/uploads\/2022\/11\/image_2022-11-15_212910386.png","contentUrl":"https:\/\/lasentinelle.dz\/wp-content\/uploads\/2022\/11\/image_2022-11-15_212910386.png","width":580,"height":350},{"@type":"BreadcrumbList","@id":"https:\/\/lasentinelle.dz\/index.php\/2022\/11\/19\/proces-de-lassassinat-de-djamel-bensmail-la-peine-capitale-requise-pour-les-principaux-accuses\/#breadcrumb","itemListElement":[{"@type":"ListItem","position":1,"name":"Accueil","item":"https:\/\/lasentinelle.dz\/"},{"@type":"ListItem","position":2,"name":"Proc\u00e8s de l\u2019assassinat de Djamel Bensma\u00efl\u00a0: La peine capitale requise pour les principaux accus\u00e9s"}]},{"@type":"WebSite","@id":"https:\/\/lasentinelle.dz\/#website","url":"https:\/\/lasentinelle.dz\/","name":"La Sentinelle","description":"Quotidien national d&#039;information","publisher":{"@id":"https:\/\/lasentinelle.dz\/#organization"},"potentialAction":[{"@type":"SearchAction","target":{"@type":"EntryPoint","urlTemplate":"https:\/\/lasentinelle.dz\/?s={search_term_string}"},"query-input":{"@type":"PropertyValueSpecification","valueRequired":true,"valueName":"search_term_string"}}],"inLanguage":"fr-FR"},{"@type":"Organization","@id":"https:\/\/lasentinelle.dz\/#organization","name":"Quotidien La Sentinelle","url":"https:\/\/lasentinelle.dz\/","logo":{"@type":"ImageObject","inLanguage":"fr-FR","@id":"https:\/\/lasentinelle.dz\/#\/schema\/logo\/image\/","url":"https:\/\/lasentinelle.dz\/wp-content\/uploads\/2021\/09\/logo-sentinelleSLOGAN-1.png","contentUrl":"https:\/\/lasentinelle.dz\/wp-content\/uploads\/2021\/09\/logo-sentinelleSLOGAN-1.png","width":615,"height":142,"caption":"Quotidien La Sentinelle"},"image":{"@id":"https:\/\/lasentinelle.dz\/#\/schema\/logo\/image\/"},"sameAs":["https:\/\/www.facebook.com\/La-Sentinelle-104059864394773"]},{"@type":"Person","@id":"https:\/\/lasentinelle.dz\/#\/schema\/person\/d865044e22e70a75174ce8bcad3acfb3","name":"La Sentinelle","image":{"@type":"ImageObject","inLanguage":"fr-FR","@id":"https:\/\/secure.gravatar.com\/avatar\/57de8e5d4b15d43fb361a71fbb36338450fe67865b528a43dd10ef7c51a20392?s=96&d=mm&r=g","url":"https:\/\/secure.gravatar.com\/avatar\/57de8e5d4b15d43fb361a71fbb36338450fe67865b528a43dd10ef7c51a20392?s=96&d=mm&r=g","contentUrl":"https:\/\/secure.gravatar.com\/avatar\/57de8e5d4b15d43fb361a71fbb36338450fe67865b528a43dd10ef7c51a20392?s=96&d=mm&r=g","caption":"La Sentinelle"},"sameAs":["http:\/\/www.lasentinelle.dz"],"url":"https:\/\/lasentinelle.dz\/author\/redaction\/"}]}},"_links":{"self":[{"href":"https:\/\/lasentinelle.dz\/index.php\/wp-json\/wp\/v2\/posts\/31017","targetHints":{"allow":["GET"]}}],"collection":[{"href":"https:\/\/lasentinelle.dz\/index.php\/wp-json\/wp\/v2\/posts"}],"about":[{"href":"https:\/\/lasentinelle.dz\/index.php\/wp-json\/wp\/v2\/types\/post"}],"author":[{"embeddable":true,"href":"https:\/\/lasentinelle.dz\/index.php\/wp-json\/wp\/v2\/users\/3"}],"replies":[{"embeddable":true,"href":"https:\/\/lasentinelle.dz\/index.php\/wp-json\/wp\/v2\/comments?post=31017"}],"version-history":[{"count":2,"href":"https:\/\/lasentinelle.dz\/index.php\/wp-json\/wp\/v2\/posts\/31017\/revisions"}],"predecessor-version":[{"id":31045,"href":"https:\/\/lasentinelle.dz\/index.php\/wp-json\/wp\/v2\/posts\/31017\/revisions\/31045"}],"wp:featuredmedia":[{"embeddable":true,"href":"https:\/\/lasentinelle.dz\/index.php\/wp-json\/wp\/v2\/media\/30872"}],"wp:attachment":[{"href":"https:\/\/lasentinelle.dz\/index.php\/wp-json\/wp\/v2\/media?parent=31017"}],"wp:term":[{"taxonomy":"category","embeddable":true,"href":"https:\/\/lasentinelle.dz\/index.php\/wp-json\/wp\/v2\/categories?post=31017"},{"taxonomy":"post_tag","embeddable":true,"href":"https:\/\/lasentinelle.dz\/index.php\/wp-json\/wp\/v2\/tags?post=31017"}],"curies":[{"name":"wp","href":"https:\/\/api.w.org\/{rel}","templated":true}]}}