{"id":31066,"date":"2022-11-20T22:00:00","date_gmt":"2022-11-20T21:00:00","guid":{"rendered":"https:\/\/lasentinelle.dz\/?p=31066"},"modified":"2022-11-20T16:14:06","modified_gmt":"2022-11-20T15:14:06","slug":"royaume-uni-ue-les-pro-brexit-au-creux-de-la-vague","status":"publish","type":"post","link":"https:\/\/lasentinelle.dz\/index.php\/2022\/11\/20\/royaume-uni-ue-les-pro-brexit-au-creux-de-la-vague\/","title":{"rendered":"Royaume-Uni-UE\u00a0: Les pro-Brexit au creux de la vague"},"content":{"rendered":"\n<p>Le ministre de la Sant\u00e9 britannique Steve Barclay a d\u00e9menti hier des informations de presse selon lesquelles Londres chercherait \u00e0 resserrer ses liens avec Bruxelles, trois ans apr\u00e8s avoir quitt\u00e9 l&rsquo;Union europ\u00e9enne. Selon le Sunday Times, \u00abdes membres du gouvernement pr\u00e9voient de mettre la Grande-Bretagne sur la voie d&rsquo;une relation similaire \u00e0 celle de la Suisse avec l&rsquo;Union europ\u00e9enne\u00bb. Une initiative qui serait \u00abdestin\u00e9e \u00e0 renforcer les liens \u00e9conomiques\u00bb avec l&rsquo;Union europ\u00e9enne, selon le journal. \u00abJe ne reconnais pas du tout cette histoire\u00bb, a r\u00e9agi sur la t\u00e9l\u00e9vision Sky News le ministre de la Sant\u00e9 Steve Barclay, qui a \u00e9t\u00e9 ministre charg\u00e9 du Brexit entre 2018 et 2020. \u00abNous avons un premier ministre (Rishi Sunak, ndlr) qui a soutenu le Brexit. Tout comme moi\u00bb, a-t-il d\u00e9clar\u00e9. \u00abIl est vraiment important que nous utilisions la libert\u00e9 que nous offre le Brexit. (&#8230;) Je veux maximiser les opportunit\u00e9s qu&rsquo;offre le Brexit\u00bb.<\/p>\n\n\n\n<p>Selon le Sunday Times, cette mesure, qui, souligne le journal, serait tr\u00e8s impopulaire aupr\u00e8s des d\u00e9put\u00e9s conservateurs favorables \u00e0 un Brexit dur, pourrait se mettre en place dans la prochaine d\u00e9cennie dans le but de r\u00e9duire les barri\u00e8res commerciales actuelles. \u00abC&rsquo;est \u00e9videmment quelque chose que l&rsquo;UE ne nous offrirait jamais d&#8217;embl\u00e9e parce qu&rsquo;elle dirait que vous essayez d&rsquo;avoir le beurre et l&rsquo;argent du beurre, mais la raison pour laquelle je pense que nous l&rsquo;obtiendrons est que c&rsquo;est dans l&rsquo;int\u00e9r\u00eat \u00e9conomique des deux parties\u00bb, aurait expliqu\u00e9 une source au Sunday Times.<\/p>\n\n\n\n<p>Jeudi, Rishi Sunak a affirm\u00e9 que le Royaume-Uni devait \u00abprendre le temps\u00bb de n\u00e9gocier de bons accords commerciaux avec ses partenaires dans le sillage du Brexit, tranchant avec la volont\u00e9 de ses pr\u00e9d\u00e9cesseurs de conclure rapidement de tels accords. Depuis sa sortie de l&rsquo;Union europ\u00e9enne, le Royaume-Uni a d\u00fb r\u00e9signer des accords commerciaux et en a notamment conclu avec l&rsquo;UE et d&rsquo;autres pays europ\u00e9ens, mais aussi avec la Nouvelle Z\u00e9lande, tandis que des discussions sont en cours avec l&rsquo;Inde, le Canada ou les \u00c9tats-Unis.<\/p>\n\n\n\n<p>Mais les conservateurs au pouvoir se sont r\u00e9cemment attir\u00e9 des critiques sur celui sign\u00e9 l&rsquo;an dernier avec l&rsquo;Australie, accus\u00e9 de doper les importations australiennes de viande de b\u0153uf et d&rsquo;agneau au d\u00e9triment des producteurs britanniques. Selon un sondage publi\u00e9 par l&rsquo;institut YouGov jeudi, le soutien pour le Brexit est \u00e0 son plus bas niveau, avec seulement 32% des Britanniques disant qu&rsquo;il \u00e9tait juste de voter pour quitter l&rsquo;UE et 56% disant que c&rsquo;\u00e9tait une erreur.<\/p>\n\n\n\n<p>Agences<\/p>\n","protected":false},"excerpt":{"rendered":"<p>Le ministre de la Sant\u00e9 britannique Steve Barclay a d\u00e9menti hier des informations de presse selon lesquelles Londres chercherait \u00e0<\/p>\n","protected":false},"author":3,"featured_media":31075,"comment_status":"open","ping_status":"closed","sticky":false,"template":"","format":"standard","meta":{"colormag_page_container_layout":"default_layout","colormag_page_sidebar_layout":"default_layout","om_disable_all_campaigns":false,"_monsterinsights_skip_tracking":false,"_monsterinsights_sitenote_active":false,"_monsterinsights_sitenote_note":"","_monsterinsights_sitenote_category":0,"footnotes":"","_wpscppro_dont_share_socialmedia":false,"_wpscppro_custom_social_share_image":0,"_facebook_share_type":"","_twitter_share_type":"","_linkedin_share_type":"","_pinterest_share_type":"","_linkedin_share_type_page":"","_instagram_share_type":"","_medium_share_type":"","_threads_share_type":"","_google_business_share_type":"","_selected_social_profile":[],"_wpsp_enable_custom_social_template":false,"_wpsp_social_scheduling":{"enabled":false,"datetime":null,"platforms":[],"status":"template_only","dateOption":"today","timeOption":"now","customDays":"","customHours":"","customDate":"","customTime":"","schedulingType":"absolute"},"_wpsp_active_default_template":true},"categories":[37],"tags":[],"class_list":["post-31066","post","type-post","status-publish","format-standard","has-post-thumbnail","hentry","category-monde"],"aioseo_notices":[],"yoast_head":"<!-- This site is optimized with the Yoast SEO plugin v27.5 - https:\/\/yoast.com\/product\/yoast-seo-wordpress\/ -->\n<title>Royaume-Uni-UE\u00a0: Les pro-Brexit au creux de la vague - La Sentinelle<\/title>\n<meta name=\"robots\" content=\"index, follow, max-snippet:-1, max-image-preview:large, max-video-preview:-1\" \/>\n<link rel=\"canonical\" href=\"https:\/\/lasentinelle.dz\/index.php\/2022\/11\/20\/royaume-uni-ue-les-pro-brexit-au-creux-de-la-vague\/\" \/>\n<meta property=\"og:locale\" content=\"fr_FR\" \/>\n<meta property=\"og:type\" content=\"article\" \/>\n<meta property=\"og:title\" content=\"Royaume-Uni-UE\u00a0: Les pro-Brexit au creux de la vague - La Sentinelle\" \/>\n<meta property=\"og:description\" content=\"Le ministre de la Sant\u00e9 britannique Steve Barclay a d\u00e9menti hier des informations de presse selon lesquelles Londres chercherait \u00e0\" \/>\n<meta property=\"og:url\" content=\"https:\/\/lasentinelle.dz\/index.php\/2022\/11\/20\/royaume-uni-ue-les-pro-brexit-au-creux-de-la-vague\/\" \/>\n<meta property=\"og:site_name\" content=\"La Sentinelle\" \/>\n<meta property=\"article:publisher\" content=\"https:\/\/www.facebook.com\/La-Sentinelle-104059864394773\" \/>\n<meta property=\"article:published_time\" content=\"2022-11-20T21:00:00+00:00\" \/>\n<meta property=\"og:image\" content=\"https:\/\/lasentinelle.dz\/wp-content\/uploads\/2022\/11\/image_2022-11-20_161344456.png\" \/>\n\t<meta property=\"og:image:width\" content=\"640\" \/>\n\t<meta property=\"og:image:height\" content=\"358\" \/>\n\t<meta property=\"og:image:type\" content=\"image\/png\" \/>\n<meta name=\"author\" content=\"La Sentinelle\" \/>\n<meta name=\"twitter:card\" content=\"summary_large_image\" \/>\n<meta name=\"twitter:label1\" content=\"\u00c9crit par\" \/>\n\t<meta name=\"twitter:data1\" content=\"La Sentinelle\" \/>\n\t<meta name=\"twitter:label2\" content=\"Dur\u00e9e de lecture estim\u00e9e\" \/>\n\t<meta name=\"twitter:data2\" content=\"3 minutes\" \/>\n<script type=\"application\/ld+json\" class=\"yoast-schema-graph\">{\"@context\":\"https:\\\/\\\/schema.org\",\"@graph\":[{\"@type\":\"Article\",\"@id\":\"https:\\\/\\\/lasentinelle.dz\\\/index.php\\\/2022\\\/11\\\/20\\\/royaume-uni-ue-les-pro-brexit-au-creux-de-la-vague\\\/#article\",\"isPartOf\":{\"@id\":\"https:\\\/\\\/lasentinelle.dz\\\/index.php\\\/2022\\\/11\\\/20\\\/royaume-uni-ue-les-pro-brexit-au-creux-de-la-vague\\\/\"},\"author\":{\"name\":\"La Sentinelle\",\"@id\":\"https:\\\/\\\/lasentinelle.dz\\\/#\\\/schema\\\/person\\\/d865044e22e70a75174ce8bcad3acfb3\"},\"headline\":\"Royaume-Uni-UE\u00a0: Les pro-Brexit au creux de la vague\",\"datePublished\":\"2022-11-20T21:00:00+00:00\",\"mainEntityOfPage\":{\"@id\":\"https:\\\/\\\/lasentinelle.dz\\\/index.php\\\/2022\\\/11\\\/20\\\/royaume-uni-ue-les-pro-brexit-au-creux-de-la-vague\\\/\"},\"wordCount\":454,\"commentCount\":0,\"publisher\":{\"@id\":\"https:\\\/\\\/lasentinelle.dz\\\/#organization\"},\"image\":{\"@id\":\"https:\\\/\\\/lasentinelle.dz\\\/index.php\\\/2022\\\/11\\\/20\\\/royaume-uni-ue-les-pro-brexit-au-creux-de-la-vague\\\/#primaryimage\"},\"thumbnailUrl\":\"https:\\\/\\\/lasentinelle.dz\\\/wp-content\\\/uploads\\\/2022\\\/11\\\/image_2022-11-20_161344456.png\",\"articleSection\":[\"Monde\"],\"inLanguage\":\"fr-FR\",\"potentialAction\":[{\"@type\":\"CommentAction\",\"name\":\"Comment\",\"target\":[\"https:\\\/\\\/lasentinelle.dz\\\/index.php\\\/2022\\\/11\\\/20\\\/royaume-uni-ue-les-pro-brexit-au-creux-de-la-vague\\\/#respond\"]}]},{\"@type\":\"WebPage\",\"@id\":\"https:\\\/\\\/lasentinelle.dz\\\/index.php\\\/2022\\\/11\\\/20\\\/royaume-uni-ue-les-pro-brexit-au-creux-de-la-vague\\\/\",\"url\":\"https:\\\/\\\/lasentinelle.dz\\\/index.php\\\/2022\\\/11\\\/20\\\/royaume-uni-ue-les-pro-brexit-au-creux-de-la-vague\\\/\",\"name\":\"Royaume-Uni-UE\u00a0: Les pro-Brexit au creux de la vague - La Sentinelle\",\"isPartOf\":{\"@id\":\"https:\\\/\\\/lasentinelle.dz\\\/#website\"},\"primaryImageOfPage\":{\"@id\":\"https:\\\/\\\/lasentinelle.dz\\\/index.php\\\/2022\\\/11\\\/20\\\/royaume-uni-ue-les-pro-brexit-au-creux-de-la-vague\\\/#primaryimage\"},\"image\":{\"@id\":\"https:\\\/\\\/lasentinelle.dz\\\/index.php\\\/2022\\\/11\\\/20\\\/royaume-uni-ue-les-pro-brexit-au-creux-de-la-vague\\\/#primaryimage\"},\"thumbnailUrl\":\"https:\\\/\\\/lasentinelle.dz\\\/wp-content\\\/uploads\\\/2022\\\/11\\\/image_2022-11-20_161344456.png\",\"datePublished\":\"2022-11-20T21:00:00+00:00\",\"breadcrumb\":{\"@id\":\"https:\\\/\\\/lasentinelle.dz\\\/index.php\\\/2022\\\/11\\\/20\\\/royaume-uni-ue-les-pro-brexit-au-creux-de-la-vague\\\/#breadcrumb\"},\"inLanguage\":\"fr-FR\",\"potentialAction\":[{\"@type\":\"ReadAction\",\"target\":[\"https:\\\/\\\/lasentinelle.dz\\\/index.php\\\/2022\\\/11\\\/20\\\/royaume-uni-ue-les-pro-brexit-au-creux-de-la-vague\\\/\"]}]},{\"@type\":\"ImageObject\",\"inLanguage\":\"fr-FR\",\"@id\":\"https:\\\/\\\/lasentinelle.dz\\\/index.php\\\/2022\\\/11\\\/20\\\/royaume-uni-ue-les-pro-brexit-au-creux-de-la-vague\\\/#primaryimage\",\"url\":\"https:\\\/\\\/lasentinelle.dz\\\/wp-content\\\/uploads\\\/2022\\\/11\\\/image_2022-11-20_161344456.png\",\"contentUrl\":\"https:\\\/\\\/lasentinelle.dz\\\/wp-content\\\/uploads\\\/2022\\\/11\\\/image_2022-11-20_161344456.png\",\"width\":640,\"height\":358},{\"@type\":\"BreadcrumbList\",\"@id\":\"https:\\\/\\\/lasentinelle.dz\\\/index.php\\\/2022\\\/11\\\/20\\\/royaume-uni-ue-les-pro-brexit-au-creux-de-la-vague\\\/#breadcrumb\",\"itemListElement\":[{\"@type\":\"ListItem\",\"position\":1,\"name\":\"Accueil\",\"item\":\"https:\\\/\\\/lasentinelle.dz\\\/\"},{\"@type\":\"ListItem\",\"position\":2,\"name\":\"Royaume-Uni-UE\u00a0: Les pro-Brexit au creux de la vague\"}]},{\"@type\":\"WebSite\",\"@id\":\"https:\\\/\\\/lasentinelle.dz\\\/#website\",\"url\":\"https:\\\/\\\/lasentinelle.dz\\\/\",\"name\":\"La Sentinelle\",\"description\":\"Quotidien national d&#039;information\",\"publisher\":{\"@id\":\"https:\\\/\\\/lasentinelle.dz\\\/#organization\"},\"potentialAction\":[{\"@type\":\"SearchAction\",\"target\":{\"@type\":\"EntryPoint\",\"urlTemplate\":\"https:\\\/\\\/lasentinelle.dz\\\/?s={search_term_string}\"},\"query-input\":{\"@type\":\"PropertyValueSpecification\",\"valueRequired\":true,\"valueName\":\"search_term_string\"}}],\"inLanguage\":\"fr-FR\"},{\"@type\":\"Organization\",\"@id\":\"https:\\\/\\\/lasentinelle.dz\\\/#organization\",\"name\":\"Quotidien La Sentinelle\",\"url\":\"https:\\\/\\\/lasentinelle.dz\\\/\",\"logo\":{\"@type\":\"ImageObject\",\"inLanguage\":\"fr-FR\",\"@id\":\"https:\\\/\\\/lasentinelle.dz\\\/#\\\/schema\\\/logo\\\/image\\\/\",\"url\":\"https:\\\/\\\/lasentinelle.dz\\\/wp-content\\\/uploads\\\/2021\\\/09\\\/logo-sentinelleSLOGAN-1.png\",\"contentUrl\":\"https:\\\/\\\/lasentinelle.dz\\\/wp-content\\\/uploads\\\/2021\\\/09\\\/logo-sentinelleSLOGAN-1.png\",\"width\":615,\"height\":142,\"caption\":\"Quotidien La Sentinelle\"},\"image\":{\"@id\":\"https:\\\/\\\/lasentinelle.dz\\\/#\\\/schema\\\/logo\\\/image\\\/\"},\"sameAs\":[\"https:\\\/\\\/www.facebook.com\\\/La-Sentinelle-104059864394773\"]},{\"@type\":\"Person\",\"@id\":\"https:\\\/\\\/lasentinelle.dz\\\/#\\\/schema\\\/person\\\/d865044e22e70a75174ce8bcad3acfb3\",\"name\":\"La Sentinelle\",\"image\":{\"@type\":\"ImageObject\",\"inLanguage\":\"fr-FR\",\"@id\":\"https:\\\/\\\/secure.gravatar.com\\\/avatar\\\/57de8e5d4b15d43fb361a71fbb36338450fe67865b528a43dd10ef7c51a20392?s=96&d=mm&r=g\",\"url\":\"https:\\\/\\\/secure.gravatar.com\\\/avatar\\\/57de8e5d4b15d43fb361a71fbb36338450fe67865b528a43dd10ef7c51a20392?s=96&d=mm&r=g\",\"contentUrl\":\"https:\\\/\\\/secure.gravatar.com\\\/avatar\\\/57de8e5d4b15d43fb361a71fbb36338450fe67865b528a43dd10ef7c51a20392?s=96&d=mm&r=g\",\"caption\":\"La Sentinelle\"},\"sameAs\":[\"http:\\\/\\\/www.lasentinelle.dz\"],\"url\":\"https:\\\/\\\/lasentinelle.dz\\\/author\\\/redaction\\\/\"}]}<\/script>\n<!-- \/ Yoast SEO plugin. -->","yoast_head_json":{"title":"Royaume-Uni-UE\u00a0: Les pro-Brexit au creux de la vague - La Sentinelle","robots":{"index":"index","follow":"follow","max-snippet":"max-snippet:-1","max-image-preview":"max-image-preview:large","max-video-preview":"max-video-preview:-1"},"canonical":"https:\/\/lasentinelle.dz\/index.php\/2022\/11\/20\/royaume-uni-ue-les-pro-brexit-au-creux-de-la-vague\/","og_locale":"fr_FR","og_type":"article","og_title":"Royaume-Uni-UE\u00a0: Les pro-Brexit au creux de la vague - La Sentinelle","og_description":"Le ministre de la Sant\u00e9 britannique Steve Barclay a d\u00e9menti hier des informations de presse selon lesquelles Londres chercherait \u00e0","og_url":"https:\/\/lasentinelle.dz\/index.php\/2022\/11\/20\/royaume-uni-ue-les-pro-brexit-au-creux-de-la-vague\/","og_site_name":"La Sentinelle","article_publisher":"https:\/\/www.facebook.com\/La-Sentinelle-104059864394773","article_published_time":"2022-11-20T21:00:00+00:00","og_image":[{"width":640,"height":358,"url":"https:\/\/lasentinelle.dz\/wp-content\/uploads\/2022\/11\/image_2022-11-20_161344456.png","type":"image\/png"}],"author":"La Sentinelle","twitter_card":"summary_large_image","twitter_misc":{"\u00c9crit par":"La Sentinelle","Dur\u00e9e de lecture estim\u00e9e":"3 minutes"},"schema":{"@context":"https:\/\/schema.org","@graph":[{"@type":"Article","@id":"https:\/\/lasentinelle.dz\/index.php\/2022\/11\/20\/royaume-uni-ue-les-pro-brexit-au-creux-de-la-vague\/#article","isPartOf":{"@id":"https:\/\/lasentinelle.dz\/index.php\/2022\/11\/20\/royaume-uni-ue-les-pro-brexit-au-creux-de-la-vague\/"},"author":{"name":"La Sentinelle","@id":"https:\/\/lasentinelle.dz\/#\/schema\/person\/d865044e22e70a75174ce8bcad3acfb3"},"headline":"Royaume-Uni-UE\u00a0: Les pro-Brexit au creux de la vague","datePublished":"2022-11-20T21:00:00+00:00","mainEntityOfPage":{"@id":"https:\/\/lasentinelle.dz\/index.php\/2022\/11\/20\/royaume-uni-ue-les-pro-brexit-au-creux-de-la-vague\/"},"wordCount":454,"commentCount":0,"publisher":{"@id":"https:\/\/lasentinelle.dz\/#organization"},"image":{"@id":"https:\/\/lasentinelle.dz\/index.php\/2022\/11\/20\/royaume-uni-ue-les-pro-brexit-au-creux-de-la-vague\/#primaryimage"},"thumbnailUrl":"https:\/\/lasentinelle.dz\/wp-content\/uploads\/2022\/11\/image_2022-11-20_161344456.png","articleSection":["Monde"],"inLanguage":"fr-FR","potentialAction":[{"@type":"CommentAction","name":"Comment","target":["https:\/\/lasentinelle.dz\/index.php\/2022\/11\/20\/royaume-uni-ue-les-pro-brexit-au-creux-de-la-vague\/#respond"]}]},{"@type":"WebPage","@id":"https:\/\/lasentinelle.dz\/index.php\/2022\/11\/20\/royaume-uni-ue-les-pro-brexit-au-creux-de-la-vague\/","url":"https:\/\/lasentinelle.dz\/index.php\/2022\/11\/20\/royaume-uni-ue-les-pro-brexit-au-creux-de-la-vague\/","name":"Royaume-Uni-UE\u00a0: Les pro-Brexit au creux de la vague - La Sentinelle","isPartOf":{"@id":"https:\/\/lasentinelle.dz\/#website"},"primaryImageOfPage":{"@id":"https:\/\/lasentinelle.dz\/index.php\/2022\/11\/20\/royaume-uni-ue-les-pro-brexit-au-creux-de-la-vague\/#primaryimage"},"image":{"@id":"https:\/\/lasentinelle.dz\/index.php\/2022\/11\/20\/royaume-uni-ue-les-pro-brexit-au-creux-de-la-vague\/#primaryimage"},"thumbnailUrl":"https:\/\/lasentinelle.dz\/wp-content\/uploads\/2022\/11\/image_2022-11-20_161344456.png","datePublished":"2022-11-20T21:00:00+00:00","breadcrumb":{"@id":"https:\/\/lasentinelle.dz\/index.php\/2022\/11\/20\/royaume-uni-ue-les-pro-brexit-au-creux-de-la-vague\/#breadcrumb"},"inLanguage":"fr-FR","potentialAction":[{"@type":"ReadAction","target":["https:\/\/lasentinelle.dz\/index.php\/2022\/11\/20\/royaume-uni-ue-les-pro-brexit-au-creux-de-la-vague\/"]}]},{"@type":"ImageObject","inLanguage":"fr-FR","@id":"https:\/\/lasentinelle.dz\/index.php\/2022\/11\/20\/royaume-uni-ue-les-pro-brexit-au-creux-de-la-vague\/#primaryimage","url":"https:\/\/lasentinelle.dz\/wp-content\/uploads\/2022\/11\/image_2022-11-20_161344456.png","contentUrl":"https:\/\/lasentinelle.dz\/wp-content\/uploads\/2022\/11\/image_2022-11-20_161344456.png","width":640,"height":358},{"@type":"BreadcrumbList","@id":"https:\/\/lasentinelle.dz\/index.php\/2022\/11\/20\/royaume-uni-ue-les-pro-brexit-au-creux-de-la-vague\/#breadcrumb","itemListElement":[{"@type":"ListItem","position":1,"name":"Accueil","item":"https:\/\/lasentinelle.dz\/"},{"@type":"ListItem","position":2,"name":"Royaume-Uni-UE\u00a0: Les pro-Brexit au creux de la vague"}]},{"@type":"WebSite","@id":"https:\/\/lasentinelle.dz\/#website","url":"https:\/\/lasentinelle.dz\/","name":"La Sentinelle","description":"Quotidien national d&#039;information","publisher":{"@id":"https:\/\/lasentinelle.dz\/#organization"},"potentialAction":[{"@type":"SearchAction","target":{"@type":"EntryPoint","urlTemplate":"https:\/\/lasentinelle.dz\/?s={search_term_string}"},"query-input":{"@type":"PropertyValueSpecification","valueRequired":true,"valueName":"search_term_string"}}],"inLanguage":"fr-FR"},{"@type":"Organization","@id":"https:\/\/lasentinelle.dz\/#organization","name":"Quotidien La Sentinelle","url":"https:\/\/lasentinelle.dz\/","logo":{"@type":"ImageObject","inLanguage":"fr-FR","@id":"https:\/\/lasentinelle.dz\/#\/schema\/logo\/image\/","url":"https:\/\/lasentinelle.dz\/wp-content\/uploads\/2021\/09\/logo-sentinelleSLOGAN-1.png","contentUrl":"https:\/\/lasentinelle.dz\/wp-content\/uploads\/2021\/09\/logo-sentinelleSLOGAN-1.png","width":615,"height":142,"caption":"Quotidien La Sentinelle"},"image":{"@id":"https:\/\/lasentinelle.dz\/#\/schema\/logo\/image\/"},"sameAs":["https:\/\/www.facebook.com\/La-Sentinelle-104059864394773"]},{"@type":"Person","@id":"https:\/\/lasentinelle.dz\/#\/schema\/person\/d865044e22e70a75174ce8bcad3acfb3","name":"La Sentinelle","image":{"@type":"ImageObject","inLanguage":"fr-FR","@id":"https:\/\/secure.gravatar.com\/avatar\/57de8e5d4b15d43fb361a71fbb36338450fe67865b528a43dd10ef7c51a20392?s=96&d=mm&r=g","url":"https:\/\/secure.gravatar.com\/avatar\/57de8e5d4b15d43fb361a71fbb36338450fe67865b528a43dd10ef7c51a20392?s=96&d=mm&r=g","contentUrl":"https:\/\/secure.gravatar.com\/avatar\/57de8e5d4b15d43fb361a71fbb36338450fe67865b528a43dd10ef7c51a20392?s=96&d=mm&r=g","caption":"La Sentinelle"},"sameAs":["http:\/\/www.lasentinelle.dz"],"url":"https:\/\/lasentinelle.dz\/author\/redaction\/"}]}},"_links":{"self":[{"href":"https:\/\/lasentinelle.dz\/index.php\/wp-json\/wp\/v2\/posts\/31066","targetHints":{"allow":["GET"]}}],"collection":[{"href":"https:\/\/lasentinelle.dz\/index.php\/wp-json\/wp\/v2\/posts"}],"about":[{"href":"https:\/\/lasentinelle.dz\/index.php\/wp-json\/wp\/v2\/types\/post"}],"author":[{"embeddable":true,"href":"https:\/\/lasentinelle.dz\/index.php\/wp-json\/wp\/v2\/users\/3"}],"replies":[{"embeddable":true,"href":"https:\/\/lasentinelle.dz\/index.php\/wp-json\/wp\/v2\/comments?post=31066"}],"version-history":[{"count":1,"href":"https:\/\/lasentinelle.dz\/index.php\/wp-json\/wp\/v2\/posts\/31066\/revisions"}],"predecessor-version":[{"id":31081,"href":"https:\/\/lasentinelle.dz\/index.php\/wp-json\/wp\/v2\/posts\/31066\/revisions\/31081"}],"wp:featuredmedia":[{"embeddable":true,"href":"https:\/\/lasentinelle.dz\/index.php\/wp-json\/wp\/v2\/media\/31075"}],"wp:attachment":[{"href":"https:\/\/lasentinelle.dz\/index.php\/wp-json\/wp\/v2\/media?parent=31066"}],"wp:term":[{"taxonomy":"category","embeddable":true,"href":"https:\/\/lasentinelle.dz\/index.php\/wp-json\/wp\/v2\/categories?post=31066"},{"taxonomy":"post_tag","embeddable":true,"href":"https:\/\/lasentinelle.dz\/index.php\/wp-json\/wp\/v2\/tags?post=31066"}],"curies":[{"name":"wp","href":"https:\/\/api.w.org\/{rel}","templated":true}]}}