{"id":31107,"date":"2022-11-20T22:15:00","date_gmt":"2022-11-20T21:15:00","guid":{"rendered":"https:\/\/lasentinelle.dz\/?p=31107"},"modified":"2022-11-20T20:14:59","modified_gmt":"2022-11-20T19:14:59","slug":"debit-internet-vers-la-realisation-de-plusieurs-cables-sous-marins","status":"publish","type":"post","link":"https:\/\/lasentinelle.dz\/index.php\/2022\/11\/20\/debit-internet-vers-la-realisation-de-plusieurs-cables-sous-marins\/","title":{"rendered":"D\u00e9bit internet\u00a0: Vers la r\u00e9alisation de plusieurs c\u00e2bles sous-marins"},"content":{"rendered":"\n<p>L\u2019Alg\u00e9rie entend renforcer son parc de c\u00e2bles sous-marins, par la r\u00e9alisation de nouvelles structures et la multiplication des connexions avec les structures existantes. Il s\u2019agit de d\u2019am\u00e9liorer la bande passante et r\u00e9pondre aux besoins croissants en mati\u00e8re d\u2019acc\u00e8s \u00e0 internet.<\/p>\n\n\n\n<p>L\u2019acc\u00e9l\u00e9ration de la num\u00e9risation des services publics et la digitalisation de l\u2019\u00e9conomie induira forc\u00e9ment, au cours des prochaines ann\u00e9es, une augmentation continue de la demande et de la consommation en bande passante. Cela n\u00e9cessite la consolidation des infrastructures existante aussi bien nationale qu\u2019\u00e0 l\u2019international pour r\u00e9pondre aux besoins actuels et futurs. C\u2019est dans ce contexte que le ministre de la Poste et des T\u00e9l\u00e9communications, Karim Bibi Triki a indiqu\u00e9 hier que \u00ab parmi les axes importants du plan de travail du gouvernement et du plan de travail du secteur des postes et t\u00e9l\u00e9communications figure le renforcement des capacit\u00e9s de ce r\u00e9seau international de t\u00e9l\u00e9communications afin d&rsquo;atteindre deux objectifs fondamentaux , \u00e0 savoir s\u00e9curiser ce r\u00e9seau en diversifiant les chemins et les c\u00e2bles sous-marins qui nous relient au reste du monde et \u00e9lever ses capacit\u00e9s en termes de bande passante internationale afin de r\u00e9pondre aux besoins croissants des citoyens, qu&rsquo;ils soient particuliers ou \u00e9conomiques et les \u00e9tablissements administratifs&nbsp;\u00bb.<\/p>\n\n\n\n<p>Invit\u00e9 \u00e0 s\u2019exprimer sur les ondes de la Radio alg\u00e9rienne, le ministre a \u00e9galement pr\u00e9cis\u00e9 que \u00ab&nbsp;le pr\u00e9sident de la R\u00e9publique, Abdelmadjid Tebboune, a donn\u00e9 des directives sur la n\u00e9cessit\u00e9 d&rsquo;ajouter d&rsquo;autres c\u00e2bles marins pour se connecter \u00e0 Internet, en plus de d\u00e9velopper les c\u00e2bles actuellement utilis\u00e9s&nbsp;\u00bb.En plus de ces op\u00e9rations, &nbsp;l\u2019invit\u00e9 de la radio a r\u00e9v\u00e9l\u00e9 qu&rsquo;\u00ab&nbsp;il existe d&rsquo;autres projets de raccordement de nouveaux c\u00e2bles sous-marins, qui entreront en service fin 2024 et d\u00e9but 2025, et ceci dans le but de renforcer le parc des c\u00e2bles appartenant \u00e0 l&rsquo;Alg\u00e9rie et pour faire face \u00e0 toute urgence qui pourrait survenir au niveau de l&rsquo;un des c\u00e2bles.&nbsp;\u00bb<\/p>\n\n\n\n<p>Karim Bibi Triki a \u00e9galement \u00e9voqu\u00e9 le processus d&rsquo;augmentation des capacit\u00e9s du r\u00e9seau Internet en Alg\u00e9rie avec pour objectif de connecter les deux tiers des foyers alg\u00e9riens, soit 6 millions de familles, \u00e0 l&rsquo;Internet fixe d&rsquo;ici fin 2024.\u00a0\u00bbLa capacit\u00e9 \u00e9quip\u00e9e du r\u00e9seau Internet international en Alg\u00e9rie a \u00e9t\u00e9 port\u00e9e \u00e0 7,8 t\u00e9rabits\/sec, apr\u00e8s avoir \u00e9t\u00e9 estim\u00e9e \u00e0 2,8 t\u00e9rabits\/sec en 2021 et 1,5 t\u00e9rabits\/sec au d\u00e9but de 2020&Prime;, a d\u00e9clar\u00e9 Triki.Il a ajout\u00e9 que \u00ab Cette hausse permettra de mettre en place les conditions appropri\u00e9es pour mettre en \u0153uvre le programme de travail du secteur dans sa partie li\u00e9e au d\u00e9ploiement de la technologie de la fibre optique et connecter les deux tiers des foyers, soit 6 millions de foyers, \u00e0 l&rsquo;Internet fixe d&rsquo;ici la finde 2024, ainsi que suivre, de mani\u00e8re proactive, la demande croissante d&rsquo;Internet et fournir des vitesses de streaming plus \u00e9lev\u00e9es conform\u00e9ment aux offres soumises&nbsp;\u00bb.<\/p>\n\n\n\n<p><strong>Chokri Hafed<\/strong><\/p>\n","protected":false},"excerpt":{"rendered":"<p>L\u2019Alg\u00e9rie entend renforcer son parc de c\u00e2bles sous-marins, par la r\u00e9alisation de nouvelles structures et la multiplication des connexions avec<\/p>\n","protected":false},"author":3,"featured_media":31108,"comment_status":"open","ping_status":"closed","sticky":false,"template":"","format":"standard","meta":{"colormag_page_container_layout":"default_layout","colormag_page_sidebar_layout":"default_layout","om_disable_all_campaigns":false,"_monsterinsights_skip_tracking":false,"_monsterinsights_sitenote_active":false,"_monsterinsights_sitenote_note":"","_monsterinsights_sitenote_category":0,"footnotes":"","_wpscppro_dont_share_socialmedia":false,"_wpscppro_custom_social_share_image":0,"_facebook_share_type":"","_twitter_share_type":"","_linkedin_share_type":"","_pinterest_share_type":"","_linkedin_share_type_page":"","_instagram_share_type":"","_medium_share_type":"","_threads_share_type":"","_google_business_share_type":"","_selected_social_profile":[],"_wpsp_enable_custom_social_template":false,"_wpsp_social_scheduling":{"enabled":false,"datetime":null,"platforms":[],"status":"template_only","dateOption":"today","timeOption":"now","customDays":"","customHours":"","customDate":"","customTime":"","schedulingType":"absolute"},"_wpsp_active_default_template":true},"categories":[52,27],"tags":[],"class_list":["post-31107","post","type-post","status-publish","format-standard","has-post-thumbnail","hentry","category-a-la-une","category-actualite"],"aioseo_notices":[],"yoast_head":"<!-- This site is optimized with the Yoast SEO plugin v27.5 - https:\/\/yoast.com\/product\/yoast-seo-wordpress\/ -->\n<title>D\u00e9bit internet\u00a0: Vers la r\u00e9alisation de plusieurs c\u00e2bles sous-marins - La Sentinelle<\/title>\n<meta name=\"robots\" content=\"index, follow, max-snippet:-1, max-image-preview:large, max-video-preview:-1\" \/>\n<link rel=\"canonical\" href=\"https:\/\/lasentinelle.dz\/index.php\/2022\/11\/20\/debit-internet-vers-la-realisation-de-plusieurs-cables-sous-marins\/\" \/>\n<meta property=\"og:locale\" content=\"fr_FR\" \/>\n<meta property=\"og:type\" content=\"article\" \/>\n<meta property=\"og:title\" content=\"D\u00e9bit internet\u00a0: Vers la r\u00e9alisation de plusieurs c\u00e2bles sous-marins - La Sentinelle\" \/>\n<meta property=\"og:description\" content=\"L\u2019Alg\u00e9rie entend renforcer son parc de c\u00e2bles sous-marins, par la r\u00e9alisation de nouvelles structures et la multiplication des connexions avec\" \/>\n<meta property=\"og:url\" content=\"https:\/\/lasentinelle.dz\/index.php\/2022\/11\/20\/debit-internet-vers-la-realisation-de-plusieurs-cables-sous-marins\/\" \/>\n<meta property=\"og:site_name\" content=\"La Sentinelle\" \/>\n<meta property=\"article:publisher\" content=\"https:\/\/www.facebook.com\/La-Sentinelle-104059864394773\" \/>\n<meta property=\"article:published_time\" content=\"2022-11-20T21:15:00+00:00\" \/>\n<meta property=\"og:image\" content=\"https:\/\/lasentinelle.dz\/wp-content\/uploads\/2022\/11\/cable.png\" \/>\n\t<meta property=\"og:image:width\" content=\"1623\" \/>\n\t<meta property=\"og:image:height\" content=\"900\" \/>\n\t<meta property=\"og:image:type\" content=\"image\/png\" \/>\n<meta name=\"author\" content=\"La Sentinelle\" \/>\n<meta name=\"twitter:card\" content=\"summary_large_image\" \/>\n<meta name=\"twitter:label1\" content=\"\u00c9crit par\" \/>\n\t<meta name=\"twitter:data1\" content=\"La Sentinelle\" \/>\n\t<meta name=\"twitter:label2\" content=\"Dur\u00e9e de lecture estim\u00e9e\" \/>\n\t<meta name=\"twitter:data2\" content=\"3 minutes\" \/>\n<script type=\"application\/ld+json\" class=\"yoast-schema-graph\">{\"@context\":\"https:\\\/\\\/schema.org\",\"@graph\":[{\"@type\":\"Article\",\"@id\":\"https:\\\/\\\/lasentinelle.dz\\\/index.php\\\/2022\\\/11\\\/20\\\/debit-internet-vers-la-realisation-de-plusieurs-cables-sous-marins\\\/#article\",\"isPartOf\":{\"@id\":\"https:\\\/\\\/lasentinelle.dz\\\/index.php\\\/2022\\\/11\\\/20\\\/debit-internet-vers-la-realisation-de-plusieurs-cables-sous-marins\\\/\"},\"author\":{\"name\":\"La Sentinelle\",\"@id\":\"https:\\\/\\\/lasentinelle.dz\\\/#\\\/schema\\\/person\\\/d865044e22e70a75174ce8bcad3acfb3\"},\"headline\":\"D\u00e9bit internet\u00a0: Vers la r\u00e9alisation de plusieurs c\u00e2bles sous-marins\",\"datePublished\":\"2022-11-20T21:15:00+00:00\",\"mainEntityOfPage\":{\"@id\":\"https:\\\/\\\/lasentinelle.dz\\\/index.php\\\/2022\\\/11\\\/20\\\/debit-internet-vers-la-realisation-de-plusieurs-cables-sous-marins\\\/\"},\"wordCount\":544,\"commentCount\":0,\"publisher\":{\"@id\":\"https:\\\/\\\/lasentinelle.dz\\\/#organization\"},\"image\":{\"@id\":\"https:\\\/\\\/lasentinelle.dz\\\/index.php\\\/2022\\\/11\\\/20\\\/debit-internet-vers-la-realisation-de-plusieurs-cables-sous-marins\\\/#primaryimage\"},\"thumbnailUrl\":\"https:\\\/\\\/lasentinelle.dz\\\/wp-content\\\/uploads\\\/2022\\\/11\\\/cable.png\",\"articleSection\":[\"\u00c0 la Une\",\"Actualit\u00e9\"],\"inLanguage\":\"fr-FR\",\"potentialAction\":[{\"@type\":\"CommentAction\",\"name\":\"Comment\",\"target\":[\"https:\\\/\\\/lasentinelle.dz\\\/index.php\\\/2022\\\/11\\\/20\\\/debit-internet-vers-la-realisation-de-plusieurs-cables-sous-marins\\\/#respond\"]}]},{\"@type\":\"WebPage\",\"@id\":\"https:\\\/\\\/lasentinelle.dz\\\/index.php\\\/2022\\\/11\\\/20\\\/debit-internet-vers-la-realisation-de-plusieurs-cables-sous-marins\\\/\",\"url\":\"https:\\\/\\\/lasentinelle.dz\\\/index.php\\\/2022\\\/11\\\/20\\\/debit-internet-vers-la-realisation-de-plusieurs-cables-sous-marins\\\/\",\"name\":\"D\u00e9bit internet\u00a0: Vers la r\u00e9alisation de plusieurs c\u00e2bles sous-marins - La Sentinelle\",\"isPartOf\":{\"@id\":\"https:\\\/\\\/lasentinelle.dz\\\/#website\"},\"primaryImageOfPage\":{\"@id\":\"https:\\\/\\\/lasentinelle.dz\\\/index.php\\\/2022\\\/11\\\/20\\\/debit-internet-vers-la-realisation-de-plusieurs-cables-sous-marins\\\/#primaryimage\"},\"image\":{\"@id\":\"https:\\\/\\\/lasentinelle.dz\\\/index.php\\\/2022\\\/11\\\/20\\\/debit-internet-vers-la-realisation-de-plusieurs-cables-sous-marins\\\/#primaryimage\"},\"thumbnailUrl\":\"https:\\\/\\\/lasentinelle.dz\\\/wp-content\\\/uploads\\\/2022\\\/11\\\/cable.png\",\"datePublished\":\"2022-11-20T21:15:00+00:00\",\"breadcrumb\":{\"@id\":\"https:\\\/\\\/lasentinelle.dz\\\/index.php\\\/2022\\\/11\\\/20\\\/debit-internet-vers-la-realisation-de-plusieurs-cables-sous-marins\\\/#breadcrumb\"},\"inLanguage\":\"fr-FR\",\"potentialAction\":[{\"@type\":\"ReadAction\",\"target\":[\"https:\\\/\\\/lasentinelle.dz\\\/index.php\\\/2022\\\/11\\\/20\\\/debit-internet-vers-la-realisation-de-plusieurs-cables-sous-marins\\\/\"]}]},{\"@type\":\"ImageObject\",\"inLanguage\":\"fr-FR\",\"@id\":\"https:\\\/\\\/lasentinelle.dz\\\/index.php\\\/2022\\\/11\\\/20\\\/debit-internet-vers-la-realisation-de-plusieurs-cables-sous-marins\\\/#primaryimage\",\"url\":\"https:\\\/\\\/lasentinelle.dz\\\/wp-content\\\/uploads\\\/2022\\\/11\\\/cable.png\",\"contentUrl\":\"https:\\\/\\\/lasentinelle.dz\\\/wp-content\\\/uploads\\\/2022\\\/11\\\/cable.png\",\"width\":1623,\"height\":900},{\"@type\":\"BreadcrumbList\",\"@id\":\"https:\\\/\\\/lasentinelle.dz\\\/index.php\\\/2022\\\/11\\\/20\\\/debit-internet-vers-la-realisation-de-plusieurs-cables-sous-marins\\\/#breadcrumb\",\"itemListElement\":[{\"@type\":\"ListItem\",\"position\":1,\"name\":\"Accueil\",\"item\":\"https:\\\/\\\/lasentinelle.dz\\\/\"},{\"@type\":\"ListItem\",\"position\":2,\"name\":\"D\u00e9bit internet\u00a0: Vers la r\u00e9alisation de plusieurs c\u00e2bles sous-marins\"}]},{\"@type\":\"WebSite\",\"@id\":\"https:\\\/\\\/lasentinelle.dz\\\/#website\",\"url\":\"https:\\\/\\\/lasentinelle.dz\\\/\",\"name\":\"La Sentinelle\",\"description\":\"Quotidien national d&#039;information\",\"publisher\":{\"@id\":\"https:\\\/\\\/lasentinelle.dz\\\/#organization\"},\"potentialAction\":[{\"@type\":\"SearchAction\",\"target\":{\"@type\":\"EntryPoint\",\"urlTemplate\":\"https:\\\/\\\/lasentinelle.dz\\\/?s={search_term_string}\"},\"query-input\":{\"@type\":\"PropertyValueSpecification\",\"valueRequired\":true,\"valueName\":\"search_term_string\"}}],\"inLanguage\":\"fr-FR\"},{\"@type\":\"Organization\",\"@id\":\"https:\\\/\\\/lasentinelle.dz\\\/#organization\",\"name\":\"Quotidien La Sentinelle\",\"url\":\"https:\\\/\\\/lasentinelle.dz\\\/\",\"logo\":{\"@type\":\"ImageObject\",\"inLanguage\":\"fr-FR\",\"@id\":\"https:\\\/\\\/lasentinelle.dz\\\/#\\\/schema\\\/logo\\\/image\\\/\",\"url\":\"https:\\\/\\\/lasentinelle.dz\\\/wp-content\\\/uploads\\\/2021\\\/09\\\/logo-sentinelleSLOGAN-1.png\",\"contentUrl\":\"https:\\\/\\\/lasentinelle.dz\\\/wp-content\\\/uploads\\\/2021\\\/09\\\/logo-sentinelleSLOGAN-1.png\",\"width\":615,\"height\":142,\"caption\":\"Quotidien La Sentinelle\"},\"image\":{\"@id\":\"https:\\\/\\\/lasentinelle.dz\\\/#\\\/schema\\\/logo\\\/image\\\/\"},\"sameAs\":[\"https:\\\/\\\/www.facebook.com\\\/La-Sentinelle-104059864394773\"]},{\"@type\":\"Person\",\"@id\":\"https:\\\/\\\/lasentinelle.dz\\\/#\\\/schema\\\/person\\\/d865044e22e70a75174ce8bcad3acfb3\",\"name\":\"La Sentinelle\",\"image\":{\"@type\":\"ImageObject\",\"inLanguage\":\"fr-FR\",\"@id\":\"https:\\\/\\\/secure.gravatar.com\\\/avatar\\\/57de8e5d4b15d43fb361a71fbb36338450fe67865b528a43dd10ef7c51a20392?s=96&d=mm&r=g\",\"url\":\"https:\\\/\\\/secure.gravatar.com\\\/avatar\\\/57de8e5d4b15d43fb361a71fbb36338450fe67865b528a43dd10ef7c51a20392?s=96&d=mm&r=g\",\"contentUrl\":\"https:\\\/\\\/secure.gravatar.com\\\/avatar\\\/57de8e5d4b15d43fb361a71fbb36338450fe67865b528a43dd10ef7c51a20392?s=96&d=mm&r=g\",\"caption\":\"La Sentinelle\"},\"sameAs\":[\"http:\\\/\\\/www.lasentinelle.dz\"],\"url\":\"https:\\\/\\\/lasentinelle.dz\\\/author\\\/redaction\\\/\"}]}<\/script>\n<!-- \/ Yoast SEO plugin. -->","yoast_head_json":{"title":"D\u00e9bit internet\u00a0: Vers la r\u00e9alisation de plusieurs c\u00e2bles sous-marins - La Sentinelle","robots":{"index":"index","follow":"follow","max-snippet":"max-snippet:-1","max-image-preview":"max-image-preview:large","max-video-preview":"max-video-preview:-1"},"canonical":"https:\/\/lasentinelle.dz\/index.php\/2022\/11\/20\/debit-internet-vers-la-realisation-de-plusieurs-cables-sous-marins\/","og_locale":"fr_FR","og_type":"article","og_title":"D\u00e9bit internet\u00a0: Vers la r\u00e9alisation de plusieurs c\u00e2bles sous-marins - La Sentinelle","og_description":"L\u2019Alg\u00e9rie entend renforcer son parc de c\u00e2bles sous-marins, par la r\u00e9alisation de nouvelles structures et la multiplication des connexions avec","og_url":"https:\/\/lasentinelle.dz\/index.php\/2022\/11\/20\/debit-internet-vers-la-realisation-de-plusieurs-cables-sous-marins\/","og_site_name":"La Sentinelle","article_publisher":"https:\/\/www.facebook.com\/La-Sentinelle-104059864394773","article_published_time":"2022-11-20T21:15:00+00:00","og_image":[{"width":1623,"height":900,"url":"https:\/\/lasentinelle.dz\/wp-content\/uploads\/2022\/11\/cable.png","type":"image\/png"}],"author":"La Sentinelle","twitter_card":"summary_large_image","twitter_misc":{"\u00c9crit par":"La Sentinelle","Dur\u00e9e de lecture estim\u00e9e":"3 minutes"},"schema":{"@context":"https:\/\/schema.org","@graph":[{"@type":"Article","@id":"https:\/\/lasentinelle.dz\/index.php\/2022\/11\/20\/debit-internet-vers-la-realisation-de-plusieurs-cables-sous-marins\/#article","isPartOf":{"@id":"https:\/\/lasentinelle.dz\/index.php\/2022\/11\/20\/debit-internet-vers-la-realisation-de-plusieurs-cables-sous-marins\/"},"author":{"name":"La Sentinelle","@id":"https:\/\/lasentinelle.dz\/#\/schema\/person\/d865044e22e70a75174ce8bcad3acfb3"},"headline":"D\u00e9bit internet\u00a0: Vers la r\u00e9alisation de plusieurs c\u00e2bles sous-marins","datePublished":"2022-11-20T21:15:00+00:00","mainEntityOfPage":{"@id":"https:\/\/lasentinelle.dz\/index.php\/2022\/11\/20\/debit-internet-vers-la-realisation-de-plusieurs-cables-sous-marins\/"},"wordCount":544,"commentCount":0,"publisher":{"@id":"https:\/\/lasentinelle.dz\/#organization"},"image":{"@id":"https:\/\/lasentinelle.dz\/index.php\/2022\/11\/20\/debit-internet-vers-la-realisation-de-plusieurs-cables-sous-marins\/#primaryimage"},"thumbnailUrl":"https:\/\/lasentinelle.dz\/wp-content\/uploads\/2022\/11\/cable.png","articleSection":["\u00c0 la Une","Actualit\u00e9"],"inLanguage":"fr-FR","potentialAction":[{"@type":"CommentAction","name":"Comment","target":["https:\/\/lasentinelle.dz\/index.php\/2022\/11\/20\/debit-internet-vers-la-realisation-de-plusieurs-cables-sous-marins\/#respond"]}]},{"@type":"WebPage","@id":"https:\/\/lasentinelle.dz\/index.php\/2022\/11\/20\/debit-internet-vers-la-realisation-de-plusieurs-cables-sous-marins\/","url":"https:\/\/lasentinelle.dz\/index.php\/2022\/11\/20\/debit-internet-vers-la-realisation-de-plusieurs-cables-sous-marins\/","name":"D\u00e9bit internet\u00a0: Vers la r\u00e9alisation de plusieurs c\u00e2bles sous-marins - La Sentinelle","isPartOf":{"@id":"https:\/\/lasentinelle.dz\/#website"},"primaryImageOfPage":{"@id":"https:\/\/lasentinelle.dz\/index.php\/2022\/11\/20\/debit-internet-vers-la-realisation-de-plusieurs-cables-sous-marins\/#primaryimage"},"image":{"@id":"https:\/\/lasentinelle.dz\/index.php\/2022\/11\/20\/debit-internet-vers-la-realisation-de-plusieurs-cables-sous-marins\/#primaryimage"},"thumbnailUrl":"https:\/\/lasentinelle.dz\/wp-content\/uploads\/2022\/11\/cable.png","datePublished":"2022-11-20T21:15:00+00:00","breadcrumb":{"@id":"https:\/\/lasentinelle.dz\/index.php\/2022\/11\/20\/debit-internet-vers-la-realisation-de-plusieurs-cables-sous-marins\/#breadcrumb"},"inLanguage":"fr-FR","potentialAction":[{"@type":"ReadAction","target":["https:\/\/lasentinelle.dz\/index.php\/2022\/11\/20\/debit-internet-vers-la-realisation-de-plusieurs-cables-sous-marins\/"]}]},{"@type":"ImageObject","inLanguage":"fr-FR","@id":"https:\/\/lasentinelle.dz\/index.php\/2022\/11\/20\/debit-internet-vers-la-realisation-de-plusieurs-cables-sous-marins\/#primaryimage","url":"https:\/\/lasentinelle.dz\/wp-content\/uploads\/2022\/11\/cable.png","contentUrl":"https:\/\/lasentinelle.dz\/wp-content\/uploads\/2022\/11\/cable.png","width":1623,"height":900},{"@type":"BreadcrumbList","@id":"https:\/\/lasentinelle.dz\/index.php\/2022\/11\/20\/debit-internet-vers-la-realisation-de-plusieurs-cables-sous-marins\/#breadcrumb","itemListElement":[{"@type":"ListItem","position":1,"name":"Accueil","item":"https:\/\/lasentinelle.dz\/"},{"@type":"ListItem","position":2,"name":"D\u00e9bit internet\u00a0: Vers la r\u00e9alisation de plusieurs c\u00e2bles sous-marins"}]},{"@type":"WebSite","@id":"https:\/\/lasentinelle.dz\/#website","url":"https:\/\/lasentinelle.dz\/","name":"La Sentinelle","description":"Quotidien national d&#039;information","publisher":{"@id":"https:\/\/lasentinelle.dz\/#organization"},"potentialAction":[{"@type":"SearchAction","target":{"@type":"EntryPoint","urlTemplate":"https:\/\/lasentinelle.dz\/?s={search_term_string}"},"query-input":{"@type":"PropertyValueSpecification","valueRequired":true,"valueName":"search_term_string"}}],"inLanguage":"fr-FR"},{"@type":"Organization","@id":"https:\/\/lasentinelle.dz\/#organization","name":"Quotidien La Sentinelle","url":"https:\/\/lasentinelle.dz\/","logo":{"@type":"ImageObject","inLanguage":"fr-FR","@id":"https:\/\/lasentinelle.dz\/#\/schema\/logo\/image\/","url":"https:\/\/lasentinelle.dz\/wp-content\/uploads\/2021\/09\/logo-sentinelleSLOGAN-1.png","contentUrl":"https:\/\/lasentinelle.dz\/wp-content\/uploads\/2021\/09\/logo-sentinelleSLOGAN-1.png","width":615,"height":142,"caption":"Quotidien La Sentinelle"},"image":{"@id":"https:\/\/lasentinelle.dz\/#\/schema\/logo\/image\/"},"sameAs":["https:\/\/www.facebook.com\/La-Sentinelle-104059864394773"]},{"@type":"Person","@id":"https:\/\/lasentinelle.dz\/#\/schema\/person\/d865044e22e70a75174ce8bcad3acfb3","name":"La Sentinelle","image":{"@type":"ImageObject","inLanguage":"fr-FR","@id":"https:\/\/secure.gravatar.com\/avatar\/57de8e5d4b15d43fb361a71fbb36338450fe67865b528a43dd10ef7c51a20392?s=96&d=mm&r=g","url":"https:\/\/secure.gravatar.com\/avatar\/57de8e5d4b15d43fb361a71fbb36338450fe67865b528a43dd10ef7c51a20392?s=96&d=mm&r=g","contentUrl":"https:\/\/secure.gravatar.com\/avatar\/57de8e5d4b15d43fb361a71fbb36338450fe67865b528a43dd10ef7c51a20392?s=96&d=mm&r=g","caption":"La Sentinelle"},"sameAs":["http:\/\/www.lasentinelle.dz"],"url":"https:\/\/lasentinelle.dz\/author\/redaction\/"}]}},"_links":{"self":[{"href":"https:\/\/lasentinelle.dz\/index.php\/wp-json\/wp\/v2\/posts\/31107","targetHints":{"allow":["GET"]}}],"collection":[{"href":"https:\/\/lasentinelle.dz\/index.php\/wp-json\/wp\/v2\/posts"}],"about":[{"href":"https:\/\/lasentinelle.dz\/index.php\/wp-json\/wp\/v2\/types\/post"}],"author":[{"embeddable":true,"href":"https:\/\/lasentinelle.dz\/index.php\/wp-json\/wp\/v2\/users\/3"}],"replies":[{"embeddable":true,"href":"https:\/\/lasentinelle.dz\/index.php\/wp-json\/wp\/v2\/comments?post=31107"}],"version-history":[{"count":2,"href":"https:\/\/lasentinelle.dz\/index.php\/wp-json\/wp\/v2\/posts\/31107\/revisions"}],"predecessor-version":[{"id":31120,"href":"https:\/\/lasentinelle.dz\/index.php\/wp-json\/wp\/v2\/posts\/31107\/revisions\/31120"}],"wp:featuredmedia":[{"embeddable":true,"href":"https:\/\/lasentinelle.dz\/index.php\/wp-json\/wp\/v2\/media\/31108"}],"wp:attachment":[{"href":"https:\/\/lasentinelle.dz\/index.php\/wp-json\/wp\/v2\/media?parent=31107"}],"wp:term":[{"taxonomy":"category","embeddable":true,"href":"https:\/\/lasentinelle.dz\/index.php\/wp-json\/wp\/v2\/categories?post=31107"},{"taxonomy":"post_tag","embeddable":true,"href":"https:\/\/lasentinelle.dz\/index.php\/wp-json\/wp\/v2\/tags?post=31107"}],"curies":[{"name":"wp","href":"https:\/\/api.w.org\/{rel}","templated":true}]}}