{"id":3116,"date":"2021-08-02T00:01:00","date_gmt":"2021-08-01T23:01:00","guid":{"rendered":"https:\/\/lasentinelle.dz\/?p=3116"},"modified":"2021-08-01T17:47:16","modified_gmt":"2021-08-01T16:47:16","slug":"annaba-colere-des-operateurs-economiques","status":"publish","type":"post","link":"https:\/\/lasentinelle.dz\/index.php\/2021\/08\/02\/annaba-colere-des-operateurs-economiques\/","title":{"rendered":"Annaba   : Col\u00e8re des op\u00e9rateurs \u00e9conomiques"},"content":{"rendered":"\n<p>Les interminables pannes du syst\u00e8me d\u2019alimentation en \u00e9nergie \u00e9lectrique et le d\u00e9lestage a provoqu\u00e9 l\u2019ire des acteurs \u00e9conomiques de la zone industrielle de Berrahal, dans la wilaya d\u2019Annaba.<\/p>\n\n\n\n<p>Ce sont d\u2019importantes qu\u2019occasionnent, \u00e0 chaque fois, les chutes de tension \u00e9lectrique, pour les unit\u00e9s de production. Se sont pas moins d\u2019une dizaine d\u2019unit\u00e9s de productionqui subissent, depuis plus d\u2019une semaine, les d\u00e9sagr\u00e9ments provoqu\u00e9s&nbsp; par les coupures de l\u2019alimentation en \u00e9nergie \u00e9lectrique.<\/p>\n\n\n\n<p>Les interminables chutes de tension \u00e9lectriques inexpliqu\u00e9es, durent depuis pr\u00e8s d\u2019une semaine, au niveau de la zone industrielle de Berrahal, et ont occasionn\u00e9 d\u2019\u00e9normes pertes \u00e0 plus d\u2019une dizaine d\u2019unit\u00e9s de production, relevant du secteur priv\u00e9, apprend-on aupr\u00e8s d\u2019un bon nombre d\u2019acteurs \u00e9conomiques. Selon ces derniers,&nbsp; les pertes sont estim\u00e9es \u00e0 plusieurs millions de dinars, situation faisant peser le risque de fermeture et&nbsp; la mise en ch\u00f4mage forc\u00e9 de centaines de travailleurs. Outre l\u2019arr\u00eat de plusieurs unit\u00e9s de production en activit\u00e9, c\u2019est les dommages provoqu\u00e9s par la baisse de tension ou le d\u00e9lestage, aux \u00e9quipements, dont plusieurs pi\u00e8ces ont cram\u00e9, en raison des nombreuses coupures intempestives d\u2019alimentation \u00e9lectrique, dont \u2018\u2019la derni\u00e8re est survenue samedi, et, a persist\u00e9 toute la journ\u00e9e\u2019\u2019, nous dit-on. Des machines \u00e0 l&rsquo;arr\u00eat, des entreprises et des employ\u00e9s dans le noir. Il est vrai qu\u2019\u00e0 Annaba, les responsables de la Sonelgaz optent souvent en cette p\u00e9riode de grandes chaleurs, pour un&nbsp; plan de d\u00e9lestage&nbsp; ou de&nbsp; r\u00e9serve strat\u00e9gique&nbsp; d\u2019\u00e9lectricit\u00e9 pour faire face \u00e0 l\u2019augmentation de la consommation \u00e9lectrique.<\/p>\n\n\n\n<p>Outre les dommages caus\u00e9s aux installations et qui sont \u00e9normes, ces coupures n\u2019ont pas touch\u00e9 les diff\u00e9rentes cit\u00e9s d\u2019habitations du p\u00f4le urbain Kalitoussa, limitrophe \u00e0 la zone industrielle de Berrahal.&nbsp;&nbsp; Situation similaire pour le chef-lieu de la commune d\u2019Annaba o\u00f9 les pannes sont courant. \u2018\u2019Passer des heures dans le noir, et sans climatisation, notamment par cette vague de chaleur, est un crime\u2019\u2019, ont d\u00e9plor\u00e9 plusieurs habitants de la cit\u00e9 Zaafrania et le Pont-Blanc entre autres, sites o\u00f9, le d\u00e9lestage est devenu quotidien. Pour en savoir plus sur les raisons de ce sempiternel d\u00e9sagr\u00e9ment, nous avons tent\u00e9 de prendre attache avec les services concern\u00e9s, nos tentatives ont \u00e9chou\u00e9, en raison nous dit-on du fait que \u2018\u2019 tout le monde soit mobilis\u00e9 \u00e0 la r\u00e9habilitation du syst\u00e8me \u00e9lectrique au niveau de l\u2019unit\u00e9 de production de l\u2019oxyg\u00e8ne du complexe Sider\u2019\u2019.<\/p>\n\n\n\n<p><strong>Sofia Chahine<\/strong><\/p>\n","protected":false},"excerpt":{"rendered":"<p>Les interminables pannes du syst\u00e8me d\u2019alimentation en \u00e9nergie \u00e9lectrique et le d\u00e9lestage a provoqu\u00e9 l\u2019ire des acteurs \u00e9conomiques de la<\/p>\n","protected":false},"author":3,"featured_media":3124,"comment_status":"open","ping_status":"closed","sticky":false,"template":"","format":"standard","meta":{"colormag_page_container_layout":"default_layout","colormag_page_sidebar_layout":"default_layout","om_disable_all_campaigns":false,"_monsterinsights_skip_tracking":false,"_monsterinsights_sitenote_active":false,"_monsterinsights_sitenote_note":"","_monsterinsights_sitenote_category":0,"footnotes":"","_wpscppro_dont_share_socialmedia":false,"_wpscppro_custom_social_share_image":0,"_facebook_share_type":"","_twitter_share_type":"","_linkedin_share_type":"","_pinterest_share_type":"","_linkedin_share_type_page":"","_instagram_share_type":"","_medium_share_type":"","_threads_share_type":"","_google_business_share_type":"","_selected_social_profile":[],"_wpsp_enable_custom_social_template":false,"_wpsp_social_scheduling":{"enabled":false,"datetime":null,"platforms":[],"status":"template_only","dateOption":"today","timeOption":"now","customDays":"","customHours":"","customDate":"","customTime":"","schedulingType":"absolute"},"_wpsp_active_default_template":true},"categories":[31],"tags":[],"class_list":["post-3116","post","type-post","status-publish","format-standard","has-post-thumbnail","hentry","category-regions"],"aioseo_notices":[],"yoast_head":"<!-- This site is optimized with the Yoast SEO plugin v27.5 - https:\/\/yoast.com\/product\/yoast-seo-wordpress\/ -->\n<title>Annaba  : Col\u00e8re des op\u00e9rateurs \u00e9conomiques - La Sentinelle<\/title>\n<meta name=\"robots\" content=\"index, follow, max-snippet:-1, max-image-preview:large, max-video-preview:-1\" \/>\n<link rel=\"canonical\" href=\"https:\/\/lasentinelle.dz\/index.php\/2021\/08\/02\/annaba-colere-des-operateurs-economiques\/\" \/>\n<meta property=\"og:locale\" content=\"fr_FR\" \/>\n<meta property=\"og:type\" content=\"article\" \/>\n<meta property=\"og:title\" content=\"Annaba  : Col\u00e8re des op\u00e9rateurs \u00e9conomiques - La Sentinelle\" \/>\n<meta property=\"og:description\" content=\"Les interminables pannes du syst\u00e8me d\u2019alimentation en \u00e9nergie \u00e9lectrique et le d\u00e9lestage a provoqu\u00e9 l\u2019ire des acteurs \u00e9conomiques de la\" \/>\n<meta property=\"og:url\" content=\"https:\/\/lasentinelle.dz\/index.php\/2021\/08\/02\/annaba-colere-des-operateurs-economiques\/\" \/>\n<meta property=\"og:site_name\" content=\"La Sentinelle\" \/>\n<meta property=\"article:publisher\" content=\"https:\/\/www.facebook.com\/La-Sentinelle-104059864394773\" \/>\n<meta property=\"article:published_time\" content=\"2021-08-01T23:01:00+00:00\" \/>\n<meta property=\"og:image\" content=\"https:\/\/lasentinelle.dz\/wp-content\/uploads\/2021\/08\/berrahal.png\" \/>\n\t<meta property=\"og:image:width\" content=\"1388\" \/>\n\t<meta property=\"og:image:height\" content=\"900\" \/>\n\t<meta property=\"og:image:type\" content=\"image\/png\" \/>\n<meta name=\"author\" content=\"La Sentinelle\" \/>\n<meta name=\"twitter:card\" content=\"summary_large_image\" \/>\n<meta name=\"twitter:label1\" content=\"\u00c9crit par\" \/>\n\t<meta name=\"twitter:data1\" content=\"La Sentinelle\" \/>\n\t<meta name=\"twitter:label2\" content=\"Dur\u00e9e de lecture estim\u00e9e\" \/>\n\t<meta name=\"twitter:data2\" content=\"2 minutes\" \/>\n<script type=\"application\/ld+json\" class=\"yoast-schema-graph\">{\"@context\":\"https:\\\/\\\/schema.org\",\"@graph\":[{\"@type\":\"Article\",\"@id\":\"https:\\\/\\\/lasentinelle.dz\\\/index.php\\\/2021\\\/08\\\/02\\\/annaba-colere-des-operateurs-economiques\\\/#article\",\"isPartOf\":{\"@id\":\"https:\\\/\\\/lasentinelle.dz\\\/index.php\\\/2021\\\/08\\\/02\\\/annaba-colere-des-operateurs-economiques\\\/\"},\"author\":{\"name\":\"La Sentinelle\",\"@id\":\"https:\\\/\\\/lasentinelle.dz\\\/#\\\/schema\\\/person\\\/d865044e22e70a75174ce8bcad3acfb3\"},\"headline\":\"Annaba : Col\u00e8re des op\u00e9rateurs \u00e9conomiques\",\"datePublished\":\"2021-08-01T23:01:00+00:00\",\"mainEntityOfPage\":{\"@id\":\"https:\\\/\\\/lasentinelle.dz\\\/index.php\\\/2021\\\/08\\\/02\\\/annaba-colere-des-operateurs-economiques\\\/\"},\"wordCount\":452,\"commentCount\":0,\"publisher\":{\"@id\":\"https:\\\/\\\/lasentinelle.dz\\\/#organization\"},\"image\":{\"@id\":\"https:\\\/\\\/lasentinelle.dz\\\/index.php\\\/2021\\\/08\\\/02\\\/annaba-colere-des-operateurs-economiques\\\/#primaryimage\"},\"thumbnailUrl\":\"https:\\\/\\\/lasentinelle.dz\\\/wp-content\\\/uploads\\\/2021\\\/08\\\/berrahal.png\",\"articleSection\":[\"R\u00e9gions\"],\"inLanguage\":\"fr-FR\",\"potentialAction\":[{\"@type\":\"CommentAction\",\"name\":\"Comment\",\"target\":[\"https:\\\/\\\/lasentinelle.dz\\\/index.php\\\/2021\\\/08\\\/02\\\/annaba-colere-des-operateurs-economiques\\\/#respond\"]}]},{\"@type\":\"WebPage\",\"@id\":\"https:\\\/\\\/lasentinelle.dz\\\/index.php\\\/2021\\\/08\\\/02\\\/annaba-colere-des-operateurs-economiques\\\/\",\"url\":\"https:\\\/\\\/lasentinelle.dz\\\/index.php\\\/2021\\\/08\\\/02\\\/annaba-colere-des-operateurs-economiques\\\/\",\"name\":\"Annaba : Col\u00e8re des op\u00e9rateurs \u00e9conomiques - La Sentinelle\",\"isPartOf\":{\"@id\":\"https:\\\/\\\/lasentinelle.dz\\\/#website\"},\"primaryImageOfPage\":{\"@id\":\"https:\\\/\\\/lasentinelle.dz\\\/index.php\\\/2021\\\/08\\\/02\\\/annaba-colere-des-operateurs-economiques\\\/#primaryimage\"},\"image\":{\"@id\":\"https:\\\/\\\/lasentinelle.dz\\\/index.php\\\/2021\\\/08\\\/02\\\/annaba-colere-des-operateurs-economiques\\\/#primaryimage\"},\"thumbnailUrl\":\"https:\\\/\\\/lasentinelle.dz\\\/wp-content\\\/uploads\\\/2021\\\/08\\\/berrahal.png\",\"datePublished\":\"2021-08-01T23:01:00+00:00\",\"breadcrumb\":{\"@id\":\"https:\\\/\\\/lasentinelle.dz\\\/index.php\\\/2021\\\/08\\\/02\\\/annaba-colere-des-operateurs-economiques\\\/#breadcrumb\"},\"inLanguage\":\"fr-FR\",\"potentialAction\":[{\"@type\":\"ReadAction\",\"target\":[\"https:\\\/\\\/lasentinelle.dz\\\/index.php\\\/2021\\\/08\\\/02\\\/annaba-colere-des-operateurs-economiques\\\/\"]}]},{\"@type\":\"ImageObject\",\"inLanguage\":\"fr-FR\",\"@id\":\"https:\\\/\\\/lasentinelle.dz\\\/index.php\\\/2021\\\/08\\\/02\\\/annaba-colere-des-operateurs-economiques\\\/#primaryimage\",\"url\":\"https:\\\/\\\/lasentinelle.dz\\\/wp-content\\\/uploads\\\/2021\\\/08\\\/berrahal.png\",\"contentUrl\":\"https:\\\/\\\/lasentinelle.dz\\\/wp-content\\\/uploads\\\/2021\\\/08\\\/berrahal.png\",\"width\":1388,\"height\":900},{\"@type\":\"BreadcrumbList\",\"@id\":\"https:\\\/\\\/lasentinelle.dz\\\/index.php\\\/2021\\\/08\\\/02\\\/annaba-colere-des-operateurs-economiques\\\/#breadcrumb\",\"itemListElement\":[{\"@type\":\"ListItem\",\"position\":1,\"name\":\"Accueil\",\"item\":\"https:\\\/\\\/lasentinelle.dz\\\/\"},{\"@type\":\"ListItem\",\"position\":2,\"name\":\"Annaba : Col\u00e8re des op\u00e9rateurs \u00e9conomiques\"}]},{\"@type\":\"WebSite\",\"@id\":\"https:\\\/\\\/lasentinelle.dz\\\/#website\",\"url\":\"https:\\\/\\\/lasentinelle.dz\\\/\",\"name\":\"La Sentinelle\",\"description\":\"Quotidien national d&#039;information\",\"publisher\":{\"@id\":\"https:\\\/\\\/lasentinelle.dz\\\/#organization\"},\"potentialAction\":[{\"@type\":\"SearchAction\",\"target\":{\"@type\":\"EntryPoint\",\"urlTemplate\":\"https:\\\/\\\/lasentinelle.dz\\\/?s={search_term_string}\"},\"query-input\":{\"@type\":\"PropertyValueSpecification\",\"valueRequired\":true,\"valueName\":\"search_term_string\"}}],\"inLanguage\":\"fr-FR\"},{\"@type\":\"Organization\",\"@id\":\"https:\\\/\\\/lasentinelle.dz\\\/#organization\",\"name\":\"Quotidien La Sentinelle\",\"url\":\"https:\\\/\\\/lasentinelle.dz\\\/\",\"logo\":{\"@type\":\"ImageObject\",\"inLanguage\":\"fr-FR\",\"@id\":\"https:\\\/\\\/lasentinelle.dz\\\/#\\\/schema\\\/logo\\\/image\\\/\",\"url\":\"https:\\\/\\\/lasentinelle.dz\\\/wp-content\\\/uploads\\\/2021\\\/09\\\/logo-sentinelleSLOGAN-1.png\",\"contentUrl\":\"https:\\\/\\\/lasentinelle.dz\\\/wp-content\\\/uploads\\\/2021\\\/09\\\/logo-sentinelleSLOGAN-1.png\",\"width\":615,\"height\":142,\"caption\":\"Quotidien La Sentinelle\"},\"image\":{\"@id\":\"https:\\\/\\\/lasentinelle.dz\\\/#\\\/schema\\\/logo\\\/image\\\/\"},\"sameAs\":[\"https:\\\/\\\/www.facebook.com\\\/La-Sentinelle-104059864394773\"]},{\"@type\":\"Person\",\"@id\":\"https:\\\/\\\/lasentinelle.dz\\\/#\\\/schema\\\/person\\\/d865044e22e70a75174ce8bcad3acfb3\",\"name\":\"La Sentinelle\",\"image\":{\"@type\":\"ImageObject\",\"inLanguage\":\"fr-FR\",\"@id\":\"https:\\\/\\\/secure.gravatar.com\\\/avatar\\\/57de8e5d4b15d43fb361a71fbb36338450fe67865b528a43dd10ef7c51a20392?s=96&d=mm&r=g\",\"url\":\"https:\\\/\\\/secure.gravatar.com\\\/avatar\\\/57de8e5d4b15d43fb361a71fbb36338450fe67865b528a43dd10ef7c51a20392?s=96&d=mm&r=g\",\"contentUrl\":\"https:\\\/\\\/secure.gravatar.com\\\/avatar\\\/57de8e5d4b15d43fb361a71fbb36338450fe67865b528a43dd10ef7c51a20392?s=96&d=mm&r=g\",\"caption\":\"La Sentinelle\"},\"sameAs\":[\"http:\\\/\\\/www.lasentinelle.dz\"],\"url\":\"https:\\\/\\\/lasentinelle.dz\\\/author\\\/redaction\\\/\"}]}<\/script>\n<!-- \/ Yoast SEO plugin. -->","yoast_head_json":{"title":"Annaba  : Col\u00e8re des op\u00e9rateurs \u00e9conomiques - La Sentinelle","robots":{"index":"index","follow":"follow","max-snippet":"max-snippet:-1","max-image-preview":"max-image-preview:large","max-video-preview":"max-video-preview:-1"},"canonical":"https:\/\/lasentinelle.dz\/index.php\/2021\/08\/02\/annaba-colere-des-operateurs-economiques\/","og_locale":"fr_FR","og_type":"article","og_title":"Annaba  : Col\u00e8re des op\u00e9rateurs \u00e9conomiques - La Sentinelle","og_description":"Les interminables pannes du syst\u00e8me d\u2019alimentation en \u00e9nergie \u00e9lectrique et le d\u00e9lestage a provoqu\u00e9 l\u2019ire des acteurs \u00e9conomiques de la","og_url":"https:\/\/lasentinelle.dz\/index.php\/2021\/08\/02\/annaba-colere-des-operateurs-economiques\/","og_site_name":"La Sentinelle","article_publisher":"https:\/\/www.facebook.com\/La-Sentinelle-104059864394773","article_published_time":"2021-08-01T23:01:00+00:00","og_image":[{"width":1388,"height":900,"url":"https:\/\/lasentinelle.dz\/wp-content\/uploads\/2021\/08\/berrahal.png","type":"image\/png"}],"author":"La Sentinelle","twitter_card":"summary_large_image","twitter_misc":{"\u00c9crit par":"La Sentinelle","Dur\u00e9e de lecture estim\u00e9e":"2 minutes"},"schema":{"@context":"https:\/\/schema.org","@graph":[{"@type":"Article","@id":"https:\/\/lasentinelle.dz\/index.php\/2021\/08\/02\/annaba-colere-des-operateurs-economiques\/#article","isPartOf":{"@id":"https:\/\/lasentinelle.dz\/index.php\/2021\/08\/02\/annaba-colere-des-operateurs-economiques\/"},"author":{"name":"La Sentinelle","@id":"https:\/\/lasentinelle.dz\/#\/schema\/person\/d865044e22e70a75174ce8bcad3acfb3"},"headline":"Annaba : Col\u00e8re des op\u00e9rateurs \u00e9conomiques","datePublished":"2021-08-01T23:01:00+00:00","mainEntityOfPage":{"@id":"https:\/\/lasentinelle.dz\/index.php\/2021\/08\/02\/annaba-colere-des-operateurs-economiques\/"},"wordCount":452,"commentCount":0,"publisher":{"@id":"https:\/\/lasentinelle.dz\/#organization"},"image":{"@id":"https:\/\/lasentinelle.dz\/index.php\/2021\/08\/02\/annaba-colere-des-operateurs-economiques\/#primaryimage"},"thumbnailUrl":"https:\/\/lasentinelle.dz\/wp-content\/uploads\/2021\/08\/berrahal.png","articleSection":["R\u00e9gions"],"inLanguage":"fr-FR","potentialAction":[{"@type":"CommentAction","name":"Comment","target":["https:\/\/lasentinelle.dz\/index.php\/2021\/08\/02\/annaba-colere-des-operateurs-economiques\/#respond"]}]},{"@type":"WebPage","@id":"https:\/\/lasentinelle.dz\/index.php\/2021\/08\/02\/annaba-colere-des-operateurs-economiques\/","url":"https:\/\/lasentinelle.dz\/index.php\/2021\/08\/02\/annaba-colere-des-operateurs-economiques\/","name":"Annaba : Col\u00e8re des op\u00e9rateurs \u00e9conomiques - La Sentinelle","isPartOf":{"@id":"https:\/\/lasentinelle.dz\/#website"},"primaryImageOfPage":{"@id":"https:\/\/lasentinelle.dz\/index.php\/2021\/08\/02\/annaba-colere-des-operateurs-economiques\/#primaryimage"},"image":{"@id":"https:\/\/lasentinelle.dz\/index.php\/2021\/08\/02\/annaba-colere-des-operateurs-economiques\/#primaryimage"},"thumbnailUrl":"https:\/\/lasentinelle.dz\/wp-content\/uploads\/2021\/08\/berrahal.png","datePublished":"2021-08-01T23:01:00+00:00","breadcrumb":{"@id":"https:\/\/lasentinelle.dz\/index.php\/2021\/08\/02\/annaba-colere-des-operateurs-economiques\/#breadcrumb"},"inLanguage":"fr-FR","potentialAction":[{"@type":"ReadAction","target":["https:\/\/lasentinelle.dz\/index.php\/2021\/08\/02\/annaba-colere-des-operateurs-economiques\/"]}]},{"@type":"ImageObject","inLanguage":"fr-FR","@id":"https:\/\/lasentinelle.dz\/index.php\/2021\/08\/02\/annaba-colere-des-operateurs-economiques\/#primaryimage","url":"https:\/\/lasentinelle.dz\/wp-content\/uploads\/2021\/08\/berrahal.png","contentUrl":"https:\/\/lasentinelle.dz\/wp-content\/uploads\/2021\/08\/berrahal.png","width":1388,"height":900},{"@type":"BreadcrumbList","@id":"https:\/\/lasentinelle.dz\/index.php\/2021\/08\/02\/annaba-colere-des-operateurs-economiques\/#breadcrumb","itemListElement":[{"@type":"ListItem","position":1,"name":"Accueil","item":"https:\/\/lasentinelle.dz\/"},{"@type":"ListItem","position":2,"name":"Annaba : Col\u00e8re des op\u00e9rateurs \u00e9conomiques"}]},{"@type":"WebSite","@id":"https:\/\/lasentinelle.dz\/#website","url":"https:\/\/lasentinelle.dz\/","name":"La Sentinelle","description":"Quotidien national d&#039;information","publisher":{"@id":"https:\/\/lasentinelle.dz\/#organization"},"potentialAction":[{"@type":"SearchAction","target":{"@type":"EntryPoint","urlTemplate":"https:\/\/lasentinelle.dz\/?s={search_term_string}"},"query-input":{"@type":"PropertyValueSpecification","valueRequired":true,"valueName":"search_term_string"}}],"inLanguage":"fr-FR"},{"@type":"Organization","@id":"https:\/\/lasentinelle.dz\/#organization","name":"Quotidien La Sentinelle","url":"https:\/\/lasentinelle.dz\/","logo":{"@type":"ImageObject","inLanguage":"fr-FR","@id":"https:\/\/lasentinelle.dz\/#\/schema\/logo\/image\/","url":"https:\/\/lasentinelle.dz\/wp-content\/uploads\/2021\/09\/logo-sentinelleSLOGAN-1.png","contentUrl":"https:\/\/lasentinelle.dz\/wp-content\/uploads\/2021\/09\/logo-sentinelleSLOGAN-1.png","width":615,"height":142,"caption":"Quotidien La Sentinelle"},"image":{"@id":"https:\/\/lasentinelle.dz\/#\/schema\/logo\/image\/"},"sameAs":["https:\/\/www.facebook.com\/La-Sentinelle-104059864394773"]},{"@type":"Person","@id":"https:\/\/lasentinelle.dz\/#\/schema\/person\/d865044e22e70a75174ce8bcad3acfb3","name":"La Sentinelle","image":{"@type":"ImageObject","inLanguage":"fr-FR","@id":"https:\/\/secure.gravatar.com\/avatar\/57de8e5d4b15d43fb361a71fbb36338450fe67865b528a43dd10ef7c51a20392?s=96&d=mm&r=g","url":"https:\/\/secure.gravatar.com\/avatar\/57de8e5d4b15d43fb361a71fbb36338450fe67865b528a43dd10ef7c51a20392?s=96&d=mm&r=g","contentUrl":"https:\/\/secure.gravatar.com\/avatar\/57de8e5d4b15d43fb361a71fbb36338450fe67865b528a43dd10ef7c51a20392?s=96&d=mm&r=g","caption":"La Sentinelle"},"sameAs":["http:\/\/www.lasentinelle.dz"],"url":"https:\/\/lasentinelle.dz\/author\/redaction\/"}]}},"_links":{"self":[{"href":"https:\/\/lasentinelle.dz\/index.php\/wp-json\/wp\/v2\/posts\/3116","targetHints":{"allow":["GET"]}}],"collection":[{"href":"https:\/\/lasentinelle.dz\/index.php\/wp-json\/wp\/v2\/posts"}],"about":[{"href":"https:\/\/lasentinelle.dz\/index.php\/wp-json\/wp\/v2\/types\/post"}],"author":[{"embeddable":true,"href":"https:\/\/lasentinelle.dz\/index.php\/wp-json\/wp\/v2\/users\/3"}],"replies":[{"embeddable":true,"href":"https:\/\/lasentinelle.dz\/index.php\/wp-json\/wp\/v2\/comments?post=3116"}],"version-history":[{"count":1,"href":"https:\/\/lasentinelle.dz\/index.php\/wp-json\/wp\/v2\/posts\/3116\/revisions"}],"predecessor-version":[{"id":3127,"href":"https:\/\/lasentinelle.dz\/index.php\/wp-json\/wp\/v2\/posts\/3116\/revisions\/3127"}],"wp:featuredmedia":[{"embeddable":true,"href":"https:\/\/lasentinelle.dz\/index.php\/wp-json\/wp\/v2\/media\/3124"}],"wp:attachment":[{"href":"https:\/\/lasentinelle.dz\/index.php\/wp-json\/wp\/v2\/media?parent=3116"}],"wp:term":[{"taxonomy":"category","embeddable":true,"href":"https:\/\/lasentinelle.dz\/index.php\/wp-json\/wp\/v2\/categories?post=3116"},{"taxonomy":"post_tag","embeddable":true,"href":"https:\/\/lasentinelle.dz\/index.php\/wp-json\/wp\/v2\/tags?post=3116"}],"curies":[{"name":"wp","href":"https:\/\/api.w.org\/{rel}","templated":true}]}}