{"id":31175,"date":"2022-11-21T22:00:00","date_gmt":"2022-11-21T21:00:00","guid":{"rendered":"https:\/\/lasentinelle.dz\/?p=31175"},"modified":"2022-11-21T17:35:23","modified_gmt":"2022-11-21T16:35:23","slug":"annaba-ou-est-passe-le-projet-du-technoparc-de-chaiba","status":"publish","type":"post","link":"https:\/\/lasentinelle.dz\/index.php\/2022\/11\/21\/annaba-ou-est-passe-le-projet-du-technoparc-de-chaiba\/","title":{"rendered":"Annaba\u00a0: O\u00f9 est pass\u00e9 le projet du Technoparc de Chaiba ?"},"content":{"rendered":"\n<p>Le projet de parc technologique ne semble susciter aucuneattentiondes responsables de la wilaya d\u2019Annaba.<\/p>\n\n\n\n<p>Gel\u00e9 pour des raisons \u00e9conomiques et financi\u00e8res, le Technoparc de Cha\u00efba, dans la commune de Sidi Amar, attend toujours la gr\u00e2ce des d\u00e9cideurs pour \u00eatre relanc\u00e9. Pourtant aussi important soit-il, ce projet de parc technologique ne semblesusciteraucuneattentiondes responsables de la wilaya d\u2019Annaba. Gr\u00e2ce \u00e0 son universit\u00e9 et \u00e0 la b\u00e2tisse du parc technologique d\u00e9j\u00e0 existant, au niveau des anciens locaux de l\u2019ENSID, le projet a le potentiel n\u00e9cessaire pour devenir un p\u00f4le de modernit\u00e9 et d\u2019innovation technologique. Or, \u00e0 ce jour, aucune proposition n\u2019a \u00e9t\u00e9 formul\u00e9e pour sa relance. Relevant de quatre projets de Technoparc \u00e0 l\u2019\u00e9chelle nationale,dans les wilayas d\u2019Alger, Oran, Ouargla et Annaba, trois ont \u00e9t\u00e9 d\u00e9gel\u00e9s, exception faite pour celui d\u2019Annaba.Le d\u00e9gel de ses quatre parcs a \u00e9t\u00e9 annonc\u00e9 il y\u2019a plus d\u2019un an, gr\u00e2ce \u00e0 un investissement d\u00e9passant les 15 milliards de DA, d\u00e9gag\u00e9 parl\u2019Agence nationale de promotion et de d\u00e9veloppement des parcs technologiques (ANPT).Or \u00e0 ce jour, rien n\u2019a filtr\u00e9 sur la question, du moins en ce qui concerne le Technoparc d\u2019Annaba. Bien que le probl\u00e8me du foncier ne se pose pas pour le parc de la wilaya d&rsquo;Annaba, aucune \u00e9ch\u00e9ance n\u2019a\u00e9t\u00e9 fix\u00e9e pourla r\u00e9alisation du parc technologique d\u2019Annaba.Il faut souligner que la concr\u00e9tisation du technoparcva contribuer\u00e0 la promotion des TIC et le lancement des startups dans la wilaya d\u2019Annaba. Celle-ci qui, convient-il de le noter, compte un grand nombre de Start-ups et entreprises innovantes, n\u00e9cessitant un espace pour mieux \u00e9voluer.La r\u00e9alisation du Technoparc d\u2019Annaba va att\u00e9nuer les contraintes de location auxquelles font face les jeunesporteurs de projets et les entrepreneurs, surtoutque la wilaya d\u2019Annaba estleader dans la promotion des Start-ups. Certes, le parc technologique de Chaiba a \u00e9t\u00e9 relanc\u00e9 gr\u00e2ce \u00e0 un investissement de l\u2019Agence nationale des parcs technologiques \u00e0 hauteur de 4 milliards de DA, un cr\u00e9dit obtenu du Fonds national d\u2019investissement(FNI), mais il n\u2019a toujours pas vu le jour. Et pourtant ce projet est presque semi-fini, puisqu\u2019il est retenu comme soulign\u00e9 sis-dessus dans le si\u00e8ge de l\u2019ENSID. Un espace immense qui ne demande qu\u2019un am\u00e9nagement et une modernisation des lieux. La mise en service de ce parc est appel\u00e9e \u00e0cr\u00e9er 500 postes d\u2019emplois directs et indirects. L\u2019emplacement du technoparc sur le site de Chaiba (Sidi Amar), favorise la m\u00e9tropolisation des industries environnantes, localis\u00e9 \u00e0 proximit\u00e9 de trois zones industrielles et une universit\u00e9 technique. Rappelons que le projet du Technoparc d\u2019Annaba devait \u00eatre lanc\u00e9 en 2011 et donner naissance \u00e0 des grappes industrielles en vue de l\u2019acc\u00e9l\u00e9ration du d\u00e9veloppement du secteur dans la r\u00e9gion Est du pays. Un projet qui a suscit\u00e9 l\u2019engouementdes jeunes porteurs de projets, qui en imaginaient d\u00e9j\u00e0les contours. Car, c\u2019est une institution qui devait rassembler les talents dans tous les domaines, les mettre en relation et ainsi cr\u00e9er des startups qui se d\u00e9velopperont et ainsi prendront leur envol. Mais \u00e0 priori, cela n\u2019aura paslieu, du moins jusqu\u2019\u00e0 nouvel ordre. Pendant ce temps,les espoirs des jeunes entrepreneurs se sont \u00e9vanouis, puisque le projet est toujours en instance etapparemment, rien ni personne n\u2019est en mesure de le relancer.<\/p>\n\n\n\n<p><strong>Sofia Chahine<\/strong><\/p>\n","protected":false},"excerpt":{"rendered":"<p>Le projet de parc technologique ne semble susciter aucuneattentiondes responsables de la wilaya d\u2019Annaba. Gel\u00e9 pour des raisons \u00e9conomiques et<\/p>\n","protected":false},"author":3,"featured_media":31186,"comment_status":"open","ping_status":"closed","sticky":false,"template":"","format":"standard","meta":{"colormag_page_container_layout":"default_layout","colormag_page_sidebar_layout":"default_layout","om_disable_all_campaigns":false,"_monsterinsights_skip_tracking":false,"_monsterinsights_sitenote_active":false,"_monsterinsights_sitenote_note":"","_monsterinsights_sitenote_category":0,"footnotes":"","_wpscppro_dont_share_socialmedia":false,"_wpscppro_custom_social_share_image":0,"_facebook_share_type":"","_twitter_share_type":"","_linkedin_share_type":"","_pinterest_share_type":"","_linkedin_share_type_page":"","_instagram_share_type":"","_medium_share_type":"","_threads_share_type":"","_google_business_share_type":"","_selected_social_profile":[],"_wpsp_enable_custom_social_template":false,"_wpsp_social_scheduling":{"enabled":false,"datetime":null,"platforms":[],"status":"template_only","dateOption":"today","timeOption":"now","customDays":"","customHours":"","customDate":"","customTime":"","schedulingType":"absolute"},"_wpsp_active_default_template":true},"categories":[31],"tags":[],"class_list":["post-31175","post","type-post","status-publish","format-standard","has-post-thumbnail","hentry","category-regions"],"aioseo_notices":[],"yoast_head":"<!-- This site is optimized with the Yoast SEO plugin v27.5 - https:\/\/yoast.com\/product\/yoast-seo-wordpress\/ -->\n<title>Annaba\u00a0: O\u00f9 est pass\u00e9 le projet du Technoparc de Chaiba ? - La Sentinelle<\/title>\n<meta name=\"robots\" content=\"index, follow, max-snippet:-1, max-image-preview:large, max-video-preview:-1\" \/>\n<link rel=\"canonical\" href=\"https:\/\/lasentinelle.dz\/index.php\/2022\/11\/21\/annaba-ou-est-passe-le-projet-du-technoparc-de-chaiba\/\" \/>\n<meta property=\"og:locale\" content=\"fr_FR\" \/>\n<meta property=\"og:type\" content=\"article\" \/>\n<meta property=\"og:title\" content=\"Annaba\u00a0: O\u00f9 est pass\u00e9 le projet du Technoparc de Chaiba ? - La Sentinelle\" \/>\n<meta property=\"og:description\" content=\"Le projet de parc technologique ne semble susciter aucuneattentiondes responsables de la wilaya d\u2019Annaba. Gel\u00e9 pour des raisons \u00e9conomiques et\" \/>\n<meta property=\"og:url\" content=\"https:\/\/lasentinelle.dz\/index.php\/2022\/11\/21\/annaba-ou-est-passe-le-projet-du-technoparc-de-chaiba\/\" \/>\n<meta property=\"og:site_name\" content=\"La Sentinelle\" \/>\n<meta property=\"article:publisher\" content=\"https:\/\/www.facebook.com\/La-Sentinelle-104059864394773\" \/>\n<meta property=\"article:published_time\" content=\"2022-11-21T21:00:00+00:00\" \/>\n<meta property=\"og:image\" content=\"https:\/\/lasentinelle.dz\/wp-content\/uploads\/2022\/11\/ANPT.png\" \/>\n\t<meta property=\"og:image:width\" content=\"1491\" \/>\n\t<meta property=\"og:image:height\" content=\"900\" \/>\n\t<meta property=\"og:image:type\" content=\"image\/png\" \/>\n<meta name=\"author\" content=\"La Sentinelle\" \/>\n<meta name=\"twitter:card\" content=\"summary_large_image\" \/>\n<meta name=\"twitter:label1\" content=\"\u00c9crit par\" \/>\n\t<meta name=\"twitter:data1\" content=\"La Sentinelle\" \/>\n\t<meta name=\"twitter:label2\" content=\"Dur\u00e9e de lecture estim\u00e9e\" \/>\n\t<meta name=\"twitter:data2\" content=\"3 minutes\" \/>\n<script type=\"application\/ld+json\" class=\"yoast-schema-graph\">{\"@context\":\"https:\\\/\\\/schema.org\",\"@graph\":[{\"@type\":\"Article\",\"@id\":\"https:\\\/\\\/lasentinelle.dz\\\/index.php\\\/2022\\\/11\\\/21\\\/annaba-ou-est-passe-le-projet-du-technoparc-de-chaiba\\\/#article\",\"isPartOf\":{\"@id\":\"https:\\\/\\\/lasentinelle.dz\\\/index.php\\\/2022\\\/11\\\/21\\\/annaba-ou-est-passe-le-projet-du-technoparc-de-chaiba\\\/\"},\"author\":{\"name\":\"La Sentinelle\",\"@id\":\"https:\\\/\\\/lasentinelle.dz\\\/#\\\/schema\\\/person\\\/d865044e22e70a75174ce8bcad3acfb3\"},\"headline\":\"Annaba\u00a0: O\u00f9 est pass\u00e9 le projet du Technoparc de Chaiba ?\",\"datePublished\":\"2022-11-21T21:00:00+00:00\",\"mainEntityOfPage\":{\"@id\":\"https:\\\/\\\/lasentinelle.dz\\\/index.php\\\/2022\\\/11\\\/21\\\/annaba-ou-est-passe-le-projet-du-technoparc-de-chaiba\\\/\"},\"wordCount\":589,\"commentCount\":0,\"publisher\":{\"@id\":\"https:\\\/\\\/lasentinelle.dz\\\/#organization\"},\"image\":{\"@id\":\"https:\\\/\\\/lasentinelle.dz\\\/index.php\\\/2022\\\/11\\\/21\\\/annaba-ou-est-passe-le-projet-du-technoparc-de-chaiba\\\/#primaryimage\"},\"thumbnailUrl\":\"https:\\\/\\\/lasentinelle.dz\\\/wp-content\\\/uploads\\\/2022\\\/11\\\/ANPT.png\",\"articleSection\":[\"R\u00e9gions\"],\"inLanguage\":\"fr-FR\",\"potentialAction\":[{\"@type\":\"CommentAction\",\"name\":\"Comment\",\"target\":[\"https:\\\/\\\/lasentinelle.dz\\\/index.php\\\/2022\\\/11\\\/21\\\/annaba-ou-est-passe-le-projet-du-technoparc-de-chaiba\\\/#respond\"]}]},{\"@type\":\"WebPage\",\"@id\":\"https:\\\/\\\/lasentinelle.dz\\\/index.php\\\/2022\\\/11\\\/21\\\/annaba-ou-est-passe-le-projet-du-technoparc-de-chaiba\\\/\",\"url\":\"https:\\\/\\\/lasentinelle.dz\\\/index.php\\\/2022\\\/11\\\/21\\\/annaba-ou-est-passe-le-projet-du-technoparc-de-chaiba\\\/\",\"name\":\"Annaba\u00a0: O\u00f9 est pass\u00e9 le projet du Technoparc de Chaiba ? - La Sentinelle\",\"isPartOf\":{\"@id\":\"https:\\\/\\\/lasentinelle.dz\\\/#website\"},\"primaryImageOfPage\":{\"@id\":\"https:\\\/\\\/lasentinelle.dz\\\/index.php\\\/2022\\\/11\\\/21\\\/annaba-ou-est-passe-le-projet-du-technoparc-de-chaiba\\\/#primaryimage\"},\"image\":{\"@id\":\"https:\\\/\\\/lasentinelle.dz\\\/index.php\\\/2022\\\/11\\\/21\\\/annaba-ou-est-passe-le-projet-du-technoparc-de-chaiba\\\/#primaryimage\"},\"thumbnailUrl\":\"https:\\\/\\\/lasentinelle.dz\\\/wp-content\\\/uploads\\\/2022\\\/11\\\/ANPT.png\",\"datePublished\":\"2022-11-21T21:00:00+00:00\",\"breadcrumb\":{\"@id\":\"https:\\\/\\\/lasentinelle.dz\\\/index.php\\\/2022\\\/11\\\/21\\\/annaba-ou-est-passe-le-projet-du-technoparc-de-chaiba\\\/#breadcrumb\"},\"inLanguage\":\"fr-FR\",\"potentialAction\":[{\"@type\":\"ReadAction\",\"target\":[\"https:\\\/\\\/lasentinelle.dz\\\/index.php\\\/2022\\\/11\\\/21\\\/annaba-ou-est-passe-le-projet-du-technoparc-de-chaiba\\\/\"]}]},{\"@type\":\"ImageObject\",\"inLanguage\":\"fr-FR\",\"@id\":\"https:\\\/\\\/lasentinelle.dz\\\/index.php\\\/2022\\\/11\\\/21\\\/annaba-ou-est-passe-le-projet-du-technoparc-de-chaiba\\\/#primaryimage\",\"url\":\"https:\\\/\\\/lasentinelle.dz\\\/wp-content\\\/uploads\\\/2022\\\/11\\\/ANPT.png\",\"contentUrl\":\"https:\\\/\\\/lasentinelle.dz\\\/wp-content\\\/uploads\\\/2022\\\/11\\\/ANPT.png\",\"width\":1491,\"height\":900},{\"@type\":\"BreadcrumbList\",\"@id\":\"https:\\\/\\\/lasentinelle.dz\\\/index.php\\\/2022\\\/11\\\/21\\\/annaba-ou-est-passe-le-projet-du-technoparc-de-chaiba\\\/#breadcrumb\",\"itemListElement\":[{\"@type\":\"ListItem\",\"position\":1,\"name\":\"Accueil\",\"item\":\"https:\\\/\\\/lasentinelle.dz\\\/\"},{\"@type\":\"ListItem\",\"position\":2,\"name\":\"Annaba\u00a0: O\u00f9 est pass\u00e9 le projet du Technoparc de Chaiba ?\"}]},{\"@type\":\"WebSite\",\"@id\":\"https:\\\/\\\/lasentinelle.dz\\\/#website\",\"url\":\"https:\\\/\\\/lasentinelle.dz\\\/\",\"name\":\"La Sentinelle\",\"description\":\"Quotidien national d&#039;information\",\"publisher\":{\"@id\":\"https:\\\/\\\/lasentinelle.dz\\\/#organization\"},\"potentialAction\":[{\"@type\":\"SearchAction\",\"target\":{\"@type\":\"EntryPoint\",\"urlTemplate\":\"https:\\\/\\\/lasentinelle.dz\\\/?s={search_term_string}\"},\"query-input\":{\"@type\":\"PropertyValueSpecification\",\"valueRequired\":true,\"valueName\":\"search_term_string\"}}],\"inLanguage\":\"fr-FR\"},{\"@type\":\"Organization\",\"@id\":\"https:\\\/\\\/lasentinelle.dz\\\/#organization\",\"name\":\"Quotidien La Sentinelle\",\"url\":\"https:\\\/\\\/lasentinelle.dz\\\/\",\"logo\":{\"@type\":\"ImageObject\",\"inLanguage\":\"fr-FR\",\"@id\":\"https:\\\/\\\/lasentinelle.dz\\\/#\\\/schema\\\/logo\\\/image\\\/\",\"url\":\"https:\\\/\\\/lasentinelle.dz\\\/wp-content\\\/uploads\\\/2021\\\/09\\\/logo-sentinelleSLOGAN-1.png\",\"contentUrl\":\"https:\\\/\\\/lasentinelle.dz\\\/wp-content\\\/uploads\\\/2021\\\/09\\\/logo-sentinelleSLOGAN-1.png\",\"width\":615,\"height\":142,\"caption\":\"Quotidien La Sentinelle\"},\"image\":{\"@id\":\"https:\\\/\\\/lasentinelle.dz\\\/#\\\/schema\\\/logo\\\/image\\\/\"},\"sameAs\":[\"https:\\\/\\\/www.facebook.com\\\/La-Sentinelle-104059864394773\"]},{\"@type\":\"Person\",\"@id\":\"https:\\\/\\\/lasentinelle.dz\\\/#\\\/schema\\\/person\\\/d865044e22e70a75174ce8bcad3acfb3\",\"name\":\"La Sentinelle\",\"image\":{\"@type\":\"ImageObject\",\"inLanguage\":\"fr-FR\",\"@id\":\"https:\\\/\\\/secure.gravatar.com\\\/avatar\\\/57de8e5d4b15d43fb361a71fbb36338450fe67865b528a43dd10ef7c51a20392?s=96&d=mm&r=g\",\"url\":\"https:\\\/\\\/secure.gravatar.com\\\/avatar\\\/57de8e5d4b15d43fb361a71fbb36338450fe67865b528a43dd10ef7c51a20392?s=96&d=mm&r=g\",\"contentUrl\":\"https:\\\/\\\/secure.gravatar.com\\\/avatar\\\/57de8e5d4b15d43fb361a71fbb36338450fe67865b528a43dd10ef7c51a20392?s=96&d=mm&r=g\",\"caption\":\"La Sentinelle\"},\"sameAs\":[\"http:\\\/\\\/www.lasentinelle.dz\"],\"url\":\"https:\\\/\\\/lasentinelle.dz\\\/author\\\/redaction\\\/\"}]}<\/script>\n<!-- \/ Yoast SEO plugin. -->","yoast_head_json":{"title":"Annaba\u00a0: O\u00f9 est pass\u00e9 le projet du Technoparc de Chaiba ? - La Sentinelle","robots":{"index":"index","follow":"follow","max-snippet":"max-snippet:-1","max-image-preview":"max-image-preview:large","max-video-preview":"max-video-preview:-1"},"canonical":"https:\/\/lasentinelle.dz\/index.php\/2022\/11\/21\/annaba-ou-est-passe-le-projet-du-technoparc-de-chaiba\/","og_locale":"fr_FR","og_type":"article","og_title":"Annaba\u00a0: O\u00f9 est pass\u00e9 le projet du Technoparc de Chaiba ? - La Sentinelle","og_description":"Le projet de parc technologique ne semble susciter aucuneattentiondes responsables de la wilaya d\u2019Annaba. Gel\u00e9 pour des raisons \u00e9conomiques et","og_url":"https:\/\/lasentinelle.dz\/index.php\/2022\/11\/21\/annaba-ou-est-passe-le-projet-du-technoparc-de-chaiba\/","og_site_name":"La Sentinelle","article_publisher":"https:\/\/www.facebook.com\/La-Sentinelle-104059864394773","article_published_time":"2022-11-21T21:00:00+00:00","og_image":[{"width":1491,"height":900,"url":"https:\/\/lasentinelle.dz\/wp-content\/uploads\/2022\/11\/ANPT.png","type":"image\/png"}],"author":"La Sentinelle","twitter_card":"summary_large_image","twitter_misc":{"\u00c9crit par":"La Sentinelle","Dur\u00e9e de lecture estim\u00e9e":"3 minutes"},"schema":{"@context":"https:\/\/schema.org","@graph":[{"@type":"Article","@id":"https:\/\/lasentinelle.dz\/index.php\/2022\/11\/21\/annaba-ou-est-passe-le-projet-du-technoparc-de-chaiba\/#article","isPartOf":{"@id":"https:\/\/lasentinelle.dz\/index.php\/2022\/11\/21\/annaba-ou-est-passe-le-projet-du-technoparc-de-chaiba\/"},"author":{"name":"La Sentinelle","@id":"https:\/\/lasentinelle.dz\/#\/schema\/person\/d865044e22e70a75174ce8bcad3acfb3"},"headline":"Annaba\u00a0: O\u00f9 est pass\u00e9 le projet du Technoparc de Chaiba ?","datePublished":"2022-11-21T21:00:00+00:00","mainEntityOfPage":{"@id":"https:\/\/lasentinelle.dz\/index.php\/2022\/11\/21\/annaba-ou-est-passe-le-projet-du-technoparc-de-chaiba\/"},"wordCount":589,"commentCount":0,"publisher":{"@id":"https:\/\/lasentinelle.dz\/#organization"},"image":{"@id":"https:\/\/lasentinelle.dz\/index.php\/2022\/11\/21\/annaba-ou-est-passe-le-projet-du-technoparc-de-chaiba\/#primaryimage"},"thumbnailUrl":"https:\/\/lasentinelle.dz\/wp-content\/uploads\/2022\/11\/ANPT.png","articleSection":["R\u00e9gions"],"inLanguage":"fr-FR","potentialAction":[{"@type":"CommentAction","name":"Comment","target":["https:\/\/lasentinelle.dz\/index.php\/2022\/11\/21\/annaba-ou-est-passe-le-projet-du-technoparc-de-chaiba\/#respond"]}]},{"@type":"WebPage","@id":"https:\/\/lasentinelle.dz\/index.php\/2022\/11\/21\/annaba-ou-est-passe-le-projet-du-technoparc-de-chaiba\/","url":"https:\/\/lasentinelle.dz\/index.php\/2022\/11\/21\/annaba-ou-est-passe-le-projet-du-technoparc-de-chaiba\/","name":"Annaba\u00a0: O\u00f9 est pass\u00e9 le projet du Technoparc de Chaiba ? - La Sentinelle","isPartOf":{"@id":"https:\/\/lasentinelle.dz\/#website"},"primaryImageOfPage":{"@id":"https:\/\/lasentinelle.dz\/index.php\/2022\/11\/21\/annaba-ou-est-passe-le-projet-du-technoparc-de-chaiba\/#primaryimage"},"image":{"@id":"https:\/\/lasentinelle.dz\/index.php\/2022\/11\/21\/annaba-ou-est-passe-le-projet-du-technoparc-de-chaiba\/#primaryimage"},"thumbnailUrl":"https:\/\/lasentinelle.dz\/wp-content\/uploads\/2022\/11\/ANPT.png","datePublished":"2022-11-21T21:00:00+00:00","breadcrumb":{"@id":"https:\/\/lasentinelle.dz\/index.php\/2022\/11\/21\/annaba-ou-est-passe-le-projet-du-technoparc-de-chaiba\/#breadcrumb"},"inLanguage":"fr-FR","potentialAction":[{"@type":"ReadAction","target":["https:\/\/lasentinelle.dz\/index.php\/2022\/11\/21\/annaba-ou-est-passe-le-projet-du-technoparc-de-chaiba\/"]}]},{"@type":"ImageObject","inLanguage":"fr-FR","@id":"https:\/\/lasentinelle.dz\/index.php\/2022\/11\/21\/annaba-ou-est-passe-le-projet-du-technoparc-de-chaiba\/#primaryimage","url":"https:\/\/lasentinelle.dz\/wp-content\/uploads\/2022\/11\/ANPT.png","contentUrl":"https:\/\/lasentinelle.dz\/wp-content\/uploads\/2022\/11\/ANPT.png","width":1491,"height":900},{"@type":"BreadcrumbList","@id":"https:\/\/lasentinelle.dz\/index.php\/2022\/11\/21\/annaba-ou-est-passe-le-projet-du-technoparc-de-chaiba\/#breadcrumb","itemListElement":[{"@type":"ListItem","position":1,"name":"Accueil","item":"https:\/\/lasentinelle.dz\/"},{"@type":"ListItem","position":2,"name":"Annaba\u00a0: O\u00f9 est pass\u00e9 le projet du Technoparc de Chaiba ?"}]},{"@type":"WebSite","@id":"https:\/\/lasentinelle.dz\/#website","url":"https:\/\/lasentinelle.dz\/","name":"La Sentinelle","description":"Quotidien national d&#039;information","publisher":{"@id":"https:\/\/lasentinelle.dz\/#organization"},"potentialAction":[{"@type":"SearchAction","target":{"@type":"EntryPoint","urlTemplate":"https:\/\/lasentinelle.dz\/?s={search_term_string}"},"query-input":{"@type":"PropertyValueSpecification","valueRequired":true,"valueName":"search_term_string"}}],"inLanguage":"fr-FR"},{"@type":"Organization","@id":"https:\/\/lasentinelle.dz\/#organization","name":"Quotidien La Sentinelle","url":"https:\/\/lasentinelle.dz\/","logo":{"@type":"ImageObject","inLanguage":"fr-FR","@id":"https:\/\/lasentinelle.dz\/#\/schema\/logo\/image\/","url":"https:\/\/lasentinelle.dz\/wp-content\/uploads\/2021\/09\/logo-sentinelleSLOGAN-1.png","contentUrl":"https:\/\/lasentinelle.dz\/wp-content\/uploads\/2021\/09\/logo-sentinelleSLOGAN-1.png","width":615,"height":142,"caption":"Quotidien La Sentinelle"},"image":{"@id":"https:\/\/lasentinelle.dz\/#\/schema\/logo\/image\/"},"sameAs":["https:\/\/www.facebook.com\/La-Sentinelle-104059864394773"]},{"@type":"Person","@id":"https:\/\/lasentinelle.dz\/#\/schema\/person\/d865044e22e70a75174ce8bcad3acfb3","name":"La Sentinelle","image":{"@type":"ImageObject","inLanguage":"fr-FR","@id":"https:\/\/secure.gravatar.com\/avatar\/57de8e5d4b15d43fb361a71fbb36338450fe67865b528a43dd10ef7c51a20392?s=96&d=mm&r=g","url":"https:\/\/secure.gravatar.com\/avatar\/57de8e5d4b15d43fb361a71fbb36338450fe67865b528a43dd10ef7c51a20392?s=96&d=mm&r=g","contentUrl":"https:\/\/secure.gravatar.com\/avatar\/57de8e5d4b15d43fb361a71fbb36338450fe67865b528a43dd10ef7c51a20392?s=96&d=mm&r=g","caption":"La Sentinelle"},"sameAs":["http:\/\/www.lasentinelle.dz"],"url":"https:\/\/lasentinelle.dz\/author\/redaction\/"}]}},"_links":{"self":[{"href":"https:\/\/lasentinelle.dz\/index.php\/wp-json\/wp\/v2\/posts\/31175","targetHints":{"allow":["GET"]}}],"collection":[{"href":"https:\/\/lasentinelle.dz\/index.php\/wp-json\/wp\/v2\/posts"}],"about":[{"href":"https:\/\/lasentinelle.dz\/index.php\/wp-json\/wp\/v2\/types\/post"}],"author":[{"embeddable":true,"href":"https:\/\/lasentinelle.dz\/index.php\/wp-json\/wp\/v2\/users\/3"}],"replies":[{"embeddable":true,"href":"https:\/\/lasentinelle.dz\/index.php\/wp-json\/wp\/v2\/comments?post=31175"}],"version-history":[{"count":1,"href":"https:\/\/lasentinelle.dz\/index.php\/wp-json\/wp\/v2\/posts\/31175\/revisions"}],"predecessor-version":[{"id":31189,"href":"https:\/\/lasentinelle.dz\/index.php\/wp-json\/wp\/v2\/posts\/31175\/revisions\/31189"}],"wp:featuredmedia":[{"embeddable":true,"href":"https:\/\/lasentinelle.dz\/index.php\/wp-json\/wp\/v2\/media\/31186"}],"wp:attachment":[{"href":"https:\/\/lasentinelle.dz\/index.php\/wp-json\/wp\/v2\/media?parent=31175"}],"wp:term":[{"taxonomy":"category","embeddable":true,"href":"https:\/\/lasentinelle.dz\/index.php\/wp-json\/wp\/v2\/categories?post=31175"},{"taxonomy":"post_tag","embeddable":true,"href":"https:\/\/lasentinelle.dz\/index.php\/wp-json\/wp\/v2\/tags?post=31175"}],"curies":[{"name":"wp","href":"https:\/\/api.w.org\/{rel}","templated":true}]}}