{"id":31176,"date":"2022-11-21T22:00:00","date_gmt":"2022-11-21T21:00:00","guid":{"rendered":"https:\/\/lasentinelle.dz\/?p=31176"},"modified":"2022-11-21T17:35:19","modified_gmt":"2022-11-21T16:35:19","slug":"zi-et-zac-dannaba-lere-du-changement-a-sonne","status":"publish","type":"post","link":"https:\/\/lasentinelle.dz\/index.php\/2022\/11\/21\/zi-et-zac-dannaba-lere-du-changement-a-sonne\/","title":{"rendered":"ZI et ZAC d\u2019Annaba\u00a0: L\u2019\u00e8re du changement a sonn\u00e9"},"content":{"rendered":"\n<p>Les zones industrielles et les zones d&rsquo;activit\u00e9s commerciales sont les moteurs du d\u00e9veloppement \u00e9conomique local et national.Une conviction qui ne fait pas de divergence pourles autorit\u00e9s locales de la wilaya d\u2019Annaba. Dans cette optique, ces espaces d&rsquo;activit\u00e9s industrielles et commerciales, doivent faire l\u2019objet d\u2019une attention particuli\u00e8re pour r\u00e9pondre aux exigences \u00e9conomiques, financi\u00e8res et sociales. On entend par l\u00e0, apporter le plus \u00e0 l\u2019\u00e9conomie locale, \u00e0 travers une production pouvant permettre la r\u00e9duction de la facture \u00e0 l\u2019importation. Au-del\u00e0, il faut que les zones industrielles et les zones d\u2019activit\u00e9 commerciales soient cr\u00e9atrices de richesse et de poste d\u2019emplois. En effet, apr\u00e8s l\u2019assainissement du foncier industriel dans la wilaya d\u2019Annaba, et la mise en place de la cellule d\u2019\u00e9coute et d\u2019accompagnement des investisseurs et des porteurs de projets, le nombre des investissements a augment\u00e9 \u00e0 Annaba. La lev\u00e9e des contraintes a donn\u00e9 lieu \u00e0 une nouvelle g\u00e9n\u00e9ration d\u2019investisseurs. Ces derniers impliqu\u00e9s dans un panel de projets d\u2019investissements ont procur\u00e9 une dynamique \u00e9conomique dans la wilaya d\u2019Annaba. Une dynamique qui ne peut toutefois \u00eatre livr\u00e9e \u00e0 elle-m\u00eame.Pour les autorit\u00e9s locales de la wilaya l\u2019\u00e8re des anciennes pratiques est r\u00e9volue. Aujourd\u2019hui, chaque projet d\u2019investissement doit faire ses preuves sur le terrain en contribuant \u00e0 un d\u00e9veloppement \u00e9conomique, financier et social r\u00e9el. Pour bannir les projets fictifs et lutter contre la mafia du foncier industriel, les autorit\u00e9s de la wilaya ont plac\u00e9 les investissements et les investisseurs au c\u0153ur des priorit\u00e9s. En effet, depuis quelques jours toutes les zones industrielles et les zones d\u2019activit\u00e9s commerciales de la wilaya d\u2019Annaba font l\u2019objet de visites inopin\u00e9es.Des inspections au cours desquelles tous les investissements et projets sont pass\u00e9s au peigne-fin.\u00c0 l\u2019issue de ces visites, le wali d\u2019Annaba, a tenu une r\u00e9union, avec les acteurs concern\u00e9s, d\u00e9di\u00e9e \u00e0 la situation et le devenir ces zones industrielles et les ZAC dans la wilaya d\u2019Annaba.Des pr\u00e9sentations ont \u00e9t\u00e9 faites par les diff\u00e9rents responsables, dontles directeurs de l&rsquo;Industrie, de l&rsquo;Urbanisme, de l&rsquo;Architecture et de la Construction, de l&rsquo;Agence fonci\u00e8re et de la Gestion des Zones Industrielles entre autres, des rapports d\u00e9taill\u00e9s sur la situation qui caract\u00e9rise les diff\u00e9rentes ZI et ZAC. Le chef de l\u2019ex\u00e9cutif local a exig\u00e9 une enqu\u00eate en profondeur devant permettre d\u2019assainir le secteur et de tirer un constat clair afin de relancer la dynamique industrielle.Le premier responsable de la wilayaa indiqu\u00e9 qu&rsquo;en application des instructions et directives des hautes autorit\u00e9s du pays, une approche globale doit \u00eatre adopt\u00e9e pour un d\u00e9veloppement dynamique cr\u00e9ateur de richesses et d\u2019emplois et que toutes les assiettes fonci\u00e8res non encore exploit\u00e9es seront r\u00e9cup\u00e9r\u00e9es et attribu\u00e9es aux v\u00e9ritables op\u00e9rateurs \u00e9conomiques. Le chef de l&rsquo;ex\u00e9cutif local a, dans ce sillage, soulign\u00e9 que \u00ab&nbsp;l\u2019\u00e8re du changement a sonn\u00e9&nbsp;\u00bb et que\u00ab&nbsp;le changementest la responsabilit\u00e9 de tout un chacun&nbsp;\u00bb.<\/p>\n\n\n\n<p><strong>S. Chahine<\/strong><\/p>\n","protected":false},"excerpt":{"rendered":"<p>Les zones industrielles et les zones d&rsquo;activit\u00e9s commerciales sont les moteurs du d\u00e9veloppement \u00e9conomique local et national.Une conviction qui ne<\/p>\n","protected":false},"author":3,"featured_media":31187,"comment_status":"open","ping_status":"closed","sticky":false,"template":"","format":"standard","meta":{"colormag_page_container_layout":"default_layout","colormag_page_sidebar_layout":"default_layout","om_disable_all_campaigns":false,"_monsterinsights_skip_tracking":false,"_monsterinsights_sitenote_active":false,"_monsterinsights_sitenote_note":"","_monsterinsights_sitenote_category":0,"footnotes":"","_wpscppro_dont_share_socialmedia":false,"_wpscppro_custom_social_share_image":0,"_facebook_share_type":"","_twitter_share_type":"","_linkedin_share_type":"","_pinterest_share_type":"","_linkedin_share_type_page":"","_instagram_share_type":"","_medium_share_type":"","_threads_share_type":"","_google_business_share_type":"","_selected_social_profile":[],"_wpsp_enable_custom_social_template":false,"_wpsp_social_scheduling":{"enabled":false,"datetime":null,"platforms":[],"status":"template_only","dateOption":"today","timeOption":"now","customDays":"","customHours":"","customDate":"","customTime":"","schedulingType":"absolute"},"_wpsp_active_default_template":true},"categories":[31],"tags":[],"class_list":["post-31176","post","type-post","status-publish","format-standard","has-post-thumbnail","hentry","category-regions"],"aioseo_notices":[],"yoast_head":"<!-- This site is optimized with the Yoast SEO plugin v27.5 - https:\/\/yoast.com\/product\/yoast-seo-wordpress\/ -->\n<title>ZI et ZAC d\u2019Annaba\u00a0: L\u2019\u00e8re du changement a sonn\u00e9 - La Sentinelle<\/title>\n<meta name=\"robots\" content=\"index, follow, max-snippet:-1, max-image-preview:large, max-video-preview:-1\" \/>\n<link rel=\"canonical\" href=\"https:\/\/lasentinelle.dz\/index.php\/2022\/11\/21\/zi-et-zac-dannaba-lere-du-changement-a-sonne\/\" \/>\n<meta property=\"og:locale\" content=\"fr_FR\" \/>\n<meta property=\"og:type\" content=\"article\" \/>\n<meta property=\"og:title\" content=\"ZI et ZAC d\u2019Annaba\u00a0: L\u2019\u00e8re du changement a sonn\u00e9 - La Sentinelle\" \/>\n<meta property=\"og:description\" content=\"Les zones industrielles et les zones d&rsquo;activit\u00e9s commerciales sont les moteurs du d\u00e9veloppement \u00e9conomique local et national.Une conviction qui ne\" \/>\n<meta property=\"og:url\" content=\"https:\/\/lasentinelle.dz\/index.php\/2022\/11\/21\/zi-et-zac-dannaba-lere-du-changement-a-sonne\/\" \/>\n<meta property=\"og:site_name\" content=\"La Sentinelle\" \/>\n<meta property=\"article:publisher\" content=\"https:\/\/www.facebook.com\/La-Sentinelle-104059864394773\" \/>\n<meta property=\"article:published_time\" content=\"2022-11-21T21:00:00+00:00\" \/>\n<meta property=\"og:image\" content=\"https:\/\/lasentinelle.dz\/wp-content\/uploads\/2022\/11\/image_2022-11-21_173509559.png\" \/>\n\t<meta property=\"og:image:width\" content=\"600\" \/>\n\t<meta property=\"og:image:height\" content=\"339\" \/>\n\t<meta property=\"og:image:type\" content=\"image\/png\" \/>\n<meta name=\"author\" content=\"La Sentinelle\" \/>\n<meta name=\"twitter:card\" content=\"summary_large_image\" \/>\n<meta name=\"twitter:label1\" content=\"\u00c9crit par\" \/>\n\t<meta name=\"twitter:data1\" content=\"La Sentinelle\" \/>\n\t<meta name=\"twitter:label2\" content=\"Dur\u00e9e de lecture estim\u00e9e\" \/>\n\t<meta name=\"twitter:data2\" content=\"3 minutes\" \/>\n<script type=\"application\/ld+json\" class=\"yoast-schema-graph\">{\"@context\":\"https:\\\/\\\/schema.org\",\"@graph\":[{\"@type\":\"Article\",\"@id\":\"https:\\\/\\\/lasentinelle.dz\\\/index.php\\\/2022\\\/11\\\/21\\\/zi-et-zac-dannaba-lere-du-changement-a-sonne\\\/#article\",\"isPartOf\":{\"@id\":\"https:\\\/\\\/lasentinelle.dz\\\/index.php\\\/2022\\\/11\\\/21\\\/zi-et-zac-dannaba-lere-du-changement-a-sonne\\\/\"},\"author\":{\"name\":\"La Sentinelle\",\"@id\":\"https:\\\/\\\/lasentinelle.dz\\\/#\\\/schema\\\/person\\\/d865044e22e70a75174ce8bcad3acfb3\"},\"headline\":\"ZI et ZAC d\u2019Annaba\u00a0: L\u2019\u00e8re du changement a sonn\u00e9\",\"datePublished\":\"2022-11-21T21:00:00+00:00\",\"mainEntityOfPage\":{\"@id\":\"https:\\\/\\\/lasentinelle.dz\\\/index.php\\\/2022\\\/11\\\/21\\\/zi-et-zac-dannaba-lere-du-changement-a-sonne\\\/\"},\"wordCount\":553,\"commentCount\":0,\"publisher\":{\"@id\":\"https:\\\/\\\/lasentinelle.dz\\\/#organization\"},\"image\":{\"@id\":\"https:\\\/\\\/lasentinelle.dz\\\/index.php\\\/2022\\\/11\\\/21\\\/zi-et-zac-dannaba-lere-du-changement-a-sonne\\\/#primaryimage\"},\"thumbnailUrl\":\"https:\\\/\\\/lasentinelle.dz\\\/wp-content\\\/uploads\\\/2022\\\/11\\\/image_2022-11-21_173509559.png\",\"articleSection\":[\"R\u00e9gions\"],\"inLanguage\":\"fr-FR\",\"potentialAction\":[{\"@type\":\"CommentAction\",\"name\":\"Comment\",\"target\":[\"https:\\\/\\\/lasentinelle.dz\\\/index.php\\\/2022\\\/11\\\/21\\\/zi-et-zac-dannaba-lere-du-changement-a-sonne\\\/#respond\"]}]},{\"@type\":\"WebPage\",\"@id\":\"https:\\\/\\\/lasentinelle.dz\\\/index.php\\\/2022\\\/11\\\/21\\\/zi-et-zac-dannaba-lere-du-changement-a-sonne\\\/\",\"url\":\"https:\\\/\\\/lasentinelle.dz\\\/index.php\\\/2022\\\/11\\\/21\\\/zi-et-zac-dannaba-lere-du-changement-a-sonne\\\/\",\"name\":\"ZI et ZAC d\u2019Annaba\u00a0: L\u2019\u00e8re du changement a sonn\u00e9 - La Sentinelle\",\"isPartOf\":{\"@id\":\"https:\\\/\\\/lasentinelle.dz\\\/#website\"},\"primaryImageOfPage\":{\"@id\":\"https:\\\/\\\/lasentinelle.dz\\\/index.php\\\/2022\\\/11\\\/21\\\/zi-et-zac-dannaba-lere-du-changement-a-sonne\\\/#primaryimage\"},\"image\":{\"@id\":\"https:\\\/\\\/lasentinelle.dz\\\/index.php\\\/2022\\\/11\\\/21\\\/zi-et-zac-dannaba-lere-du-changement-a-sonne\\\/#primaryimage\"},\"thumbnailUrl\":\"https:\\\/\\\/lasentinelle.dz\\\/wp-content\\\/uploads\\\/2022\\\/11\\\/image_2022-11-21_173509559.png\",\"datePublished\":\"2022-11-21T21:00:00+00:00\",\"breadcrumb\":{\"@id\":\"https:\\\/\\\/lasentinelle.dz\\\/index.php\\\/2022\\\/11\\\/21\\\/zi-et-zac-dannaba-lere-du-changement-a-sonne\\\/#breadcrumb\"},\"inLanguage\":\"fr-FR\",\"potentialAction\":[{\"@type\":\"ReadAction\",\"target\":[\"https:\\\/\\\/lasentinelle.dz\\\/index.php\\\/2022\\\/11\\\/21\\\/zi-et-zac-dannaba-lere-du-changement-a-sonne\\\/\"]}]},{\"@type\":\"ImageObject\",\"inLanguage\":\"fr-FR\",\"@id\":\"https:\\\/\\\/lasentinelle.dz\\\/index.php\\\/2022\\\/11\\\/21\\\/zi-et-zac-dannaba-lere-du-changement-a-sonne\\\/#primaryimage\",\"url\":\"https:\\\/\\\/lasentinelle.dz\\\/wp-content\\\/uploads\\\/2022\\\/11\\\/image_2022-11-21_173509559.png\",\"contentUrl\":\"https:\\\/\\\/lasentinelle.dz\\\/wp-content\\\/uploads\\\/2022\\\/11\\\/image_2022-11-21_173509559.png\",\"width\":600,\"height\":339},{\"@type\":\"BreadcrumbList\",\"@id\":\"https:\\\/\\\/lasentinelle.dz\\\/index.php\\\/2022\\\/11\\\/21\\\/zi-et-zac-dannaba-lere-du-changement-a-sonne\\\/#breadcrumb\",\"itemListElement\":[{\"@type\":\"ListItem\",\"position\":1,\"name\":\"Accueil\",\"item\":\"https:\\\/\\\/lasentinelle.dz\\\/\"},{\"@type\":\"ListItem\",\"position\":2,\"name\":\"ZI et ZAC d\u2019Annaba\u00a0: L\u2019\u00e8re du changement a sonn\u00e9\"}]},{\"@type\":\"WebSite\",\"@id\":\"https:\\\/\\\/lasentinelle.dz\\\/#website\",\"url\":\"https:\\\/\\\/lasentinelle.dz\\\/\",\"name\":\"La Sentinelle\",\"description\":\"Quotidien national d&#039;information\",\"publisher\":{\"@id\":\"https:\\\/\\\/lasentinelle.dz\\\/#organization\"},\"potentialAction\":[{\"@type\":\"SearchAction\",\"target\":{\"@type\":\"EntryPoint\",\"urlTemplate\":\"https:\\\/\\\/lasentinelle.dz\\\/?s={search_term_string}\"},\"query-input\":{\"@type\":\"PropertyValueSpecification\",\"valueRequired\":true,\"valueName\":\"search_term_string\"}}],\"inLanguage\":\"fr-FR\"},{\"@type\":\"Organization\",\"@id\":\"https:\\\/\\\/lasentinelle.dz\\\/#organization\",\"name\":\"Quotidien La Sentinelle\",\"url\":\"https:\\\/\\\/lasentinelle.dz\\\/\",\"logo\":{\"@type\":\"ImageObject\",\"inLanguage\":\"fr-FR\",\"@id\":\"https:\\\/\\\/lasentinelle.dz\\\/#\\\/schema\\\/logo\\\/image\\\/\",\"url\":\"https:\\\/\\\/lasentinelle.dz\\\/wp-content\\\/uploads\\\/2021\\\/09\\\/logo-sentinelleSLOGAN-1.png\",\"contentUrl\":\"https:\\\/\\\/lasentinelle.dz\\\/wp-content\\\/uploads\\\/2021\\\/09\\\/logo-sentinelleSLOGAN-1.png\",\"width\":615,\"height\":142,\"caption\":\"Quotidien La Sentinelle\"},\"image\":{\"@id\":\"https:\\\/\\\/lasentinelle.dz\\\/#\\\/schema\\\/logo\\\/image\\\/\"},\"sameAs\":[\"https:\\\/\\\/www.facebook.com\\\/La-Sentinelle-104059864394773\"]},{\"@type\":\"Person\",\"@id\":\"https:\\\/\\\/lasentinelle.dz\\\/#\\\/schema\\\/person\\\/d865044e22e70a75174ce8bcad3acfb3\",\"name\":\"La Sentinelle\",\"image\":{\"@type\":\"ImageObject\",\"inLanguage\":\"fr-FR\",\"@id\":\"https:\\\/\\\/secure.gravatar.com\\\/avatar\\\/57de8e5d4b15d43fb361a71fbb36338450fe67865b528a43dd10ef7c51a20392?s=96&d=mm&r=g\",\"url\":\"https:\\\/\\\/secure.gravatar.com\\\/avatar\\\/57de8e5d4b15d43fb361a71fbb36338450fe67865b528a43dd10ef7c51a20392?s=96&d=mm&r=g\",\"contentUrl\":\"https:\\\/\\\/secure.gravatar.com\\\/avatar\\\/57de8e5d4b15d43fb361a71fbb36338450fe67865b528a43dd10ef7c51a20392?s=96&d=mm&r=g\",\"caption\":\"La Sentinelle\"},\"sameAs\":[\"http:\\\/\\\/www.lasentinelle.dz\"],\"url\":\"https:\\\/\\\/lasentinelle.dz\\\/author\\\/redaction\\\/\"}]}<\/script>\n<!-- \/ Yoast SEO plugin. -->","yoast_head_json":{"title":"ZI et ZAC d\u2019Annaba\u00a0: L\u2019\u00e8re du changement a sonn\u00e9 - La Sentinelle","robots":{"index":"index","follow":"follow","max-snippet":"max-snippet:-1","max-image-preview":"max-image-preview:large","max-video-preview":"max-video-preview:-1"},"canonical":"https:\/\/lasentinelle.dz\/index.php\/2022\/11\/21\/zi-et-zac-dannaba-lere-du-changement-a-sonne\/","og_locale":"fr_FR","og_type":"article","og_title":"ZI et ZAC d\u2019Annaba\u00a0: L\u2019\u00e8re du changement a sonn\u00e9 - La Sentinelle","og_description":"Les zones industrielles et les zones d&rsquo;activit\u00e9s commerciales sont les moteurs du d\u00e9veloppement \u00e9conomique local et national.Une conviction qui ne","og_url":"https:\/\/lasentinelle.dz\/index.php\/2022\/11\/21\/zi-et-zac-dannaba-lere-du-changement-a-sonne\/","og_site_name":"La Sentinelle","article_publisher":"https:\/\/www.facebook.com\/La-Sentinelle-104059864394773","article_published_time":"2022-11-21T21:00:00+00:00","og_image":[{"width":600,"height":339,"url":"https:\/\/lasentinelle.dz\/wp-content\/uploads\/2022\/11\/image_2022-11-21_173509559.png","type":"image\/png"}],"author":"La Sentinelle","twitter_card":"summary_large_image","twitter_misc":{"\u00c9crit par":"La Sentinelle","Dur\u00e9e de lecture estim\u00e9e":"3 minutes"},"schema":{"@context":"https:\/\/schema.org","@graph":[{"@type":"Article","@id":"https:\/\/lasentinelle.dz\/index.php\/2022\/11\/21\/zi-et-zac-dannaba-lere-du-changement-a-sonne\/#article","isPartOf":{"@id":"https:\/\/lasentinelle.dz\/index.php\/2022\/11\/21\/zi-et-zac-dannaba-lere-du-changement-a-sonne\/"},"author":{"name":"La Sentinelle","@id":"https:\/\/lasentinelle.dz\/#\/schema\/person\/d865044e22e70a75174ce8bcad3acfb3"},"headline":"ZI et ZAC d\u2019Annaba\u00a0: L\u2019\u00e8re du changement a sonn\u00e9","datePublished":"2022-11-21T21:00:00+00:00","mainEntityOfPage":{"@id":"https:\/\/lasentinelle.dz\/index.php\/2022\/11\/21\/zi-et-zac-dannaba-lere-du-changement-a-sonne\/"},"wordCount":553,"commentCount":0,"publisher":{"@id":"https:\/\/lasentinelle.dz\/#organization"},"image":{"@id":"https:\/\/lasentinelle.dz\/index.php\/2022\/11\/21\/zi-et-zac-dannaba-lere-du-changement-a-sonne\/#primaryimage"},"thumbnailUrl":"https:\/\/lasentinelle.dz\/wp-content\/uploads\/2022\/11\/image_2022-11-21_173509559.png","articleSection":["R\u00e9gions"],"inLanguage":"fr-FR","potentialAction":[{"@type":"CommentAction","name":"Comment","target":["https:\/\/lasentinelle.dz\/index.php\/2022\/11\/21\/zi-et-zac-dannaba-lere-du-changement-a-sonne\/#respond"]}]},{"@type":"WebPage","@id":"https:\/\/lasentinelle.dz\/index.php\/2022\/11\/21\/zi-et-zac-dannaba-lere-du-changement-a-sonne\/","url":"https:\/\/lasentinelle.dz\/index.php\/2022\/11\/21\/zi-et-zac-dannaba-lere-du-changement-a-sonne\/","name":"ZI et ZAC d\u2019Annaba\u00a0: L\u2019\u00e8re du changement a sonn\u00e9 - La Sentinelle","isPartOf":{"@id":"https:\/\/lasentinelle.dz\/#website"},"primaryImageOfPage":{"@id":"https:\/\/lasentinelle.dz\/index.php\/2022\/11\/21\/zi-et-zac-dannaba-lere-du-changement-a-sonne\/#primaryimage"},"image":{"@id":"https:\/\/lasentinelle.dz\/index.php\/2022\/11\/21\/zi-et-zac-dannaba-lere-du-changement-a-sonne\/#primaryimage"},"thumbnailUrl":"https:\/\/lasentinelle.dz\/wp-content\/uploads\/2022\/11\/image_2022-11-21_173509559.png","datePublished":"2022-11-21T21:00:00+00:00","breadcrumb":{"@id":"https:\/\/lasentinelle.dz\/index.php\/2022\/11\/21\/zi-et-zac-dannaba-lere-du-changement-a-sonne\/#breadcrumb"},"inLanguage":"fr-FR","potentialAction":[{"@type":"ReadAction","target":["https:\/\/lasentinelle.dz\/index.php\/2022\/11\/21\/zi-et-zac-dannaba-lere-du-changement-a-sonne\/"]}]},{"@type":"ImageObject","inLanguage":"fr-FR","@id":"https:\/\/lasentinelle.dz\/index.php\/2022\/11\/21\/zi-et-zac-dannaba-lere-du-changement-a-sonne\/#primaryimage","url":"https:\/\/lasentinelle.dz\/wp-content\/uploads\/2022\/11\/image_2022-11-21_173509559.png","contentUrl":"https:\/\/lasentinelle.dz\/wp-content\/uploads\/2022\/11\/image_2022-11-21_173509559.png","width":600,"height":339},{"@type":"BreadcrumbList","@id":"https:\/\/lasentinelle.dz\/index.php\/2022\/11\/21\/zi-et-zac-dannaba-lere-du-changement-a-sonne\/#breadcrumb","itemListElement":[{"@type":"ListItem","position":1,"name":"Accueil","item":"https:\/\/lasentinelle.dz\/"},{"@type":"ListItem","position":2,"name":"ZI et ZAC d\u2019Annaba\u00a0: L\u2019\u00e8re du changement a sonn\u00e9"}]},{"@type":"WebSite","@id":"https:\/\/lasentinelle.dz\/#website","url":"https:\/\/lasentinelle.dz\/","name":"La Sentinelle","description":"Quotidien national d&#039;information","publisher":{"@id":"https:\/\/lasentinelle.dz\/#organization"},"potentialAction":[{"@type":"SearchAction","target":{"@type":"EntryPoint","urlTemplate":"https:\/\/lasentinelle.dz\/?s={search_term_string}"},"query-input":{"@type":"PropertyValueSpecification","valueRequired":true,"valueName":"search_term_string"}}],"inLanguage":"fr-FR"},{"@type":"Organization","@id":"https:\/\/lasentinelle.dz\/#organization","name":"Quotidien La Sentinelle","url":"https:\/\/lasentinelle.dz\/","logo":{"@type":"ImageObject","inLanguage":"fr-FR","@id":"https:\/\/lasentinelle.dz\/#\/schema\/logo\/image\/","url":"https:\/\/lasentinelle.dz\/wp-content\/uploads\/2021\/09\/logo-sentinelleSLOGAN-1.png","contentUrl":"https:\/\/lasentinelle.dz\/wp-content\/uploads\/2021\/09\/logo-sentinelleSLOGAN-1.png","width":615,"height":142,"caption":"Quotidien La Sentinelle"},"image":{"@id":"https:\/\/lasentinelle.dz\/#\/schema\/logo\/image\/"},"sameAs":["https:\/\/www.facebook.com\/La-Sentinelle-104059864394773"]},{"@type":"Person","@id":"https:\/\/lasentinelle.dz\/#\/schema\/person\/d865044e22e70a75174ce8bcad3acfb3","name":"La Sentinelle","image":{"@type":"ImageObject","inLanguage":"fr-FR","@id":"https:\/\/secure.gravatar.com\/avatar\/57de8e5d4b15d43fb361a71fbb36338450fe67865b528a43dd10ef7c51a20392?s=96&d=mm&r=g","url":"https:\/\/secure.gravatar.com\/avatar\/57de8e5d4b15d43fb361a71fbb36338450fe67865b528a43dd10ef7c51a20392?s=96&d=mm&r=g","contentUrl":"https:\/\/secure.gravatar.com\/avatar\/57de8e5d4b15d43fb361a71fbb36338450fe67865b528a43dd10ef7c51a20392?s=96&d=mm&r=g","caption":"La Sentinelle"},"sameAs":["http:\/\/www.lasentinelle.dz"],"url":"https:\/\/lasentinelle.dz\/author\/redaction\/"}]}},"_links":{"self":[{"href":"https:\/\/lasentinelle.dz\/index.php\/wp-json\/wp\/v2\/posts\/31176","targetHints":{"allow":["GET"]}}],"collection":[{"href":"https:\/\/lasentinelle.dz\/index.php\/wp-json\/wp\/v2\/posts"}],"about":[{"href":"https:\/\/lasentinelle.dz\/index.php\/wp-json\/wp\/v2\/types\/post"}],"author":[{"embeddable":true,"href":"https:\/\/lasentinelle.dz\/index.php\/wp-json\/wp\/v2\/users\/3"}],"replies":[{"embeddable":true,"href":"https:\/\/lasentinelle.dz\/index.php\/wp-json\/wp\/v2\/comments?post=31176"}],"version-history":[{"count":1,"href":"https:\/\/lasentinelle.dz\/index.php\/wp-json\/wp\/v2\/posts\/31176\/revisions"}],"predecessor-version":[{"id":31188,"href":"https:\/\/lasentinelle.dz\/index.php\/wp-json\/wp\/v2\/posts\/31176\/revisions\/31188"}],"wp:featuredmedia":[{"embeddable":true,"href":"https:\/\/lasentinelle.dz\/index.php\/wp-json\/wp\/v2\/media\/31187"}],"wp:attachment":[{"href":"https:\/\/lasentinelle.dz\/index.php\/wp-json\/wp\/v2\/media?parent=31176"}],"wp:term":[{"taxonomy":"category","embeddable":true,"href":"https:\/\/lasentinelle.dz\/index.php\/wp-json\/wp\/v2\/categories?post=31176"},{"taxonomy":"post_tag","embeddable":true,"href":"https:\/\/lasentinelle.dz\/index.php\/wp-json\/wp\/v2\/tags?post=31176"}],"curies":[{"name":"wp","href":"https:\/\/api.w.org\/{rel}","templated":true}]}}