{"id":31213,"date":"2022-11-21T22:05:00","date_gmt":"2022-11-21T21:05:00","guid":{"rendered":"https:\/\/lasentinelle.dz\/?p=31213"},"modified":"2022-11-21T20:46:54","modified_gmt":"2022-11-21T19:46:54","slug":"lutte-contre-la-speculation-148-speculateurs-devant-la-justice","status":"publish","type":"post","link":"https:\/\/lasentinelle.dz\/index.php\/2022\/11\/21\/lutte-contre-la-speculation-148-speculateurs-devant-la-justice\/","title":{"rendered":"Lutte contre la sp\u00e9culation\u00a0: \u00a0148 sp\u00e9culateurs devant la Justice"},"content":{"rendered":"\n<p>Le Directeur g\u00e9n\u00e9ral du contr\u00f4le et de la r\u00e9pression des fraudes au minist\u00e8re du Commerce et de la Promotion des exportations, Mohamed Louhaidia, a indiqu\u00e9 hierque dans le cadre des op\u00e9rations lutte contre la sp\u00e9culation illicite, plus de 85.000 interventions aont \u00e9t\u00e9 op\u00e9r\u00e9es, au cours des dix premiers mois de l\u2019ann\u00e9e en cours, lesquelles ont permis de faire le constat de 171 d\u00e9lits, et de d\u00e9f\u00e9rer pas moins de 148 contrevenants devant la Justice. Invit\u00e9 hier au Forum de la Radio alg\u00e9rienne, le m\u00eame responsable a d\u2019ailleurs tenu \u00e0 mettre en avant la contribution de ces op\u00e9rations coup de poing dans la stabilisation du march\u00e9 national. \u00ab&nbsp;L&rsquo;abondance de produits de base \u00e0 laquelle nous assistons au niveau du march\u00e9 est due au travail de coordination et de sensibilisation du gouvernement, qui a port\u00e9 ses fruits dans la p\u00e9riode r\u00e9cente apr\u00e8s l&rsquo;augmentation de la demande sur certaines denr\u00e9es alimentaires&nbsp;\u00bb, a assur\u00e9 Mohamed Louhaidia. Et de souligner le travail des agents de contr\u00f4le en coordination avec les services de s\u00e9curit\u00e9. Un travail qui a abouti \u00e0 la saisie de plus de 373.000 litres d\u2019huile de table, de pr\u00e8s de 900 tonnes de bananes et de 3.600 tonnes de produits alimentaires de base comme la semoule, la farine, le sucre, le lait et les p\u00e2tes alimentaires.<\/p>\n\n\n\n<p>Le responsable a \u00e9galement indiqu\u00e9 que \u00ab&nbsp;le bilan de contr\u00f4le du minist\u00e8re du Commerce et de la Promotion des exportations au cours des dix premiers mois de 2022 a enregistr\u00e9 plus de 1,73 millions interventions, qui ont abouti au constat de 171.000infractions et \u00e0 la d\u00e9livrance de plus de 146 000 PV.&nbsp;\u00bbA l&rsquo;approche du mois sacr\u00e9 du Ramadan, Louhaidia a r\u00e9v\u00e9l\u00e9 que \u00ab&nbsp;le travail de contr\u00f4le sur le terrain se poursuivra \u00e0 travers la pr\u00e9paration d&rsquo;un programme sp\u00e9cial avant et apr\u00e8s la rupture du je\u00fbne pour assurer la s\u00e9curit\u00e9 et la disponibilit\u00e9 des produits et pour prot\u00e9ger le consommateur de toutes les formes de fraude.&nbsp;\u00bb<\/p>\n\n\n\n<p>De son c\u00f4t\u00e9, Directeur de l&rsquo;organisation des march\u00e9s et des activit\u00e9s commerciales au minist\u00e8re du&nbsp;Commerce et de la Promotion des exportations, Ahmed Mokrani, lui aussi invit\u00e9 au Forum, a indiqu\u00e9 que \u00ab&nbsp;de nombreuses mesures ont \u00e9t\u00e9 prises en num\u00e9risant le processus de contr\u00f4le du march\u00e9 gr\u00e2ce \u00e0 la cr\u00e9ation en cours de nombreuses plateformes num\u00e9riques d\u00e9di\u00e9es divers produits&nbsp;\u00bb.<\/p>\n\n\n\n<p>Il a \u00e9galement ajout\u00e9 que \u00ab&nbsp;la carte de distribution a \u00e9t\u00e9 radicalement repens\u00e9e, en coordination avec le secteur de l\u2019agriculture.&nbsp;\u00bb<\/p>\n\n\n\n<p><strong>Chokri Hafed<\/strong><\/p>\n","protected":false},"excerpt":{"rendered":"<p>Le Directeur g\u00e9n\u00e9ral du contr\u00f4le et de la r\u00e9pression des fraudes au minist\u00e8re du Commerce et de la Promotion des<\/p>\n","protected":false},"author":3,"featured_media":28818,"comment_status":"open","ping_status":"closed","sticky":false,"template":"","format":"standard","meta":{"colormag_page_container_layout":"default_layout","colormag_page_sidebar_layout":"default_layout","om_disable_all_campaigns":false,"_monsterinsights_skip_tracking":false,"_monsterinsights_sitenote_active":false,"_monsterinsights_sitenote_note":"","_monsterinsights_sitenote_category":0,"footnotes":"","_wpscppro_dont_share_socialmedia":false,"_wpscppro_custom_social_share_image":0,"_facebook_share_type":"","_twitter_share_type":"","_linkedin_share_type":"","_pinterest_share_type":"","_linkedin_share_type_page":"","_instagram_share_type":"","_medium_share_type":"","_threads_share_type":"","_google_business_share_type":"","_selected_social_profile":[],"_wpsp_enable_custom_social_template":false,"_wpsp_social_scheduling":{"enabled":false,"datetime":null,"platforms":[],"status":"template_only","dateOption":"today","timeOption":"now","customDays":"","customHours":"","customDate":"","customTime":"","schedulingType":"absolute"},"_wpsp_active_default_template":true},"categories":[29],"tags":[],"class_list":["post-31213","post","type-post","status-publish","format-standard","has-post-thumbnail","hentry","category-economie"],"aioseo_notices":[],"yoast_head":"<!-- This site is optimized with the Yoast SEO plugin v27.5 - https:\/\/yoast.com\/product\/yoast-seo-wordpress\/ -->\n<title>Lutte contre la sp\u00e9culation\u00a0: \u00a0148 sp\u00e9culateurs devant la Justice - La Sentinelle<\/title>\n<meta name=\"robots\" content=\"index, follow, max-snippet:-1, max-image-preview:large, max-video-preview:-1\" \/>\n<link rel=\"canonical\" href=\"https:\/\/lasentinelle.dz\/index.php\/2022\/11\/21\/lutte-contre-la-speculation-148-speculateurs-devant-la-justice\/\" \/>\n<meta property=\"og:locale\" content=\"fr_FR\" \/>\n<meta property=\"og:type\" content=\"article\" \/>\n<meta property=\"og:title\" content=\"Lutte contre la sp\u00e9culation\u00a0: \u00a0148 sp\u00e9culateurs devant la Justice - La Sentinelle\" \/>\n<meta property=\"og:description\" content=\"Le Directeur g\u00e9n\u00e9ral du contr\u00f4le et de la r\u00e9pression des fraudes au minist\u00e8re du Commerce et de la Promotion des\" \/>\n<meta property=\"og:url\" content=\"https:\/\/lasentinelle.dz\/index.php\/2022\/11\/21\/lutte-contre-la-speculation-148-speculateurs-devant-la-justice\/\" \/>\n<meta property=\"og:site_name\" content=\"La Sentinelle\" \/>\n<meta property=\"article:publisher\" content=\"https:\/\/www.facebook.com\/La-Sentinelle-104059864394773\" \/>\n<meta property=\"article:published_time\" content=\"2022-11-21T21:05:00+00:00\" \/>\n<meta property=\"og:image\" content=\"https:\/\/lasentinelle.dz\/wp-content\/uploads\/2022\/10\/speculation.png\" \/>\n\t<meta property=\"og:image:width\" content=\"1491\" \/>\n\t<meta property=\"og:image:height\" content=\"900\" \/>\n\t<meta property=\"og:image:type\" content=\"image\/png\" \/>\n<meta name=\"author\" content=\"La Sentinelle\" \/>\n<meta name=\"twitter:card\" content=\"summary_large_image\" \/>\n<meta name=\"twitter:label1\" content=\"\u00c9crit par\" \/>\n\t<meta name=\"twitter:data1\" content=\"La Sentinelle\" \/>\n\t<meta name=\"twitter:label2\" content=\"Dur\u00e9e de lecture estim\u00e9e\" \/>\n\t<meta name=\"twitter:data2\" content=\"3 minutes\" \/>\n<script type=\"application\/ld+json\" class=\"yoast-schema-graph\">{\"@context\":\"https:\\\/\\\/schema.org\",\"@graph\":[{\"@type\":\"Article\",\"@id\":\"https:\\\/\\\/lasentinelle.dz\\\/index.php\\\/2022\\\/11\\\/21\\\/lutte-contre-la-speculation-148-speculateurs-devant-la-justice\\\/#article\",\"isPartOf\":{\"@id\":\"https:\\\/\\\/lasentinelle.dz\\\/index.php\\\/2022\\\/11\\\/21\\\/lutte-contre-la-speculation-148-speculateurs-devant-la-justice\\\/\"},\"author\":{\"name\":\"La Sentinelle\",\"@id\":\"https:\\\/\\\/lasentinelle.dz\\\/#\\\/schema\\\/person\\\/d865044e22e70a75174ce8bcad3acfb3\"},\"headline\":\"Lutte contre la sp\u00e9culation\u00a0: \u00a0148 sp\u00e9culateurs devant la Justice\",\"datePublished\":\"2022-11-21T21:05:00+00:00\",\"mainEntityOfPage\":{\"@id\":\"https:\\\/\\\/lasentinelle.dz\\\/index.php\\\/2022\\\/11\\\/21\\\/lutte-contre-la-speculation-148-speculateurs-devant-la-justice\\\/\"},\"wordCount\":462,\"commentCount\":0,\"publisher\":{\"@id\":\"https:\\\/\\\/lasentinelle.dz\\\/#organization\"},\"image\":{\"@id\":\"https:\\\/\\\/lasentinelle.dz\\\/index.php\\\/2022\\\/11\\\/21\\\/lutte-contre-la-speculation-148-speculateurs-devant-la-justice\\\/#primaryimage\"},\"thumbnailUrl\":\"https:\\\/\\\/lasentinelle.dz\\\/wp-content\\\/uploads\\\/2022\\\/10\\\/speculation.png\",\"articleSection\":[\"\u00c9conomie\"],\"inLanguage\":\"fr-FR\",\"potentialAction\":[{\"@type\":\"CommentAction\",\"name\":\"Comment\",\"target\":[\"https:\\\/\\\/lasentinelle.dz\\\/index.php\\\/2022\\\/11\\\/21\\\/lutte-contre-la-speculation-148-speculateurs-devant-la-justice\\\/#respond\"]}]},{\"@type\":\"WebPage\",\"@id\":\"https:\\\/\\\/lasentinelle.dz\\\/index.php\\\/2022\\\/11\\\/21\\\/lutte-contre-la-speculation-148-speculateurs-devant-la-justice\\\/\",\"url\":\"https:\\\/\\\/lasentinelle.dz\\\/index.php\\\/2022\\\/11\\\/21\\\/lutte-contre-la-speculation-148-speculateurs-devant-la-justice\\\/\",\"name\":\"Lutte contre la sp\u00e9culation\u00a0: \u00a0148 sp\u00e9culateurs devant la Justice - La Sentinelle\",\"isPartOf\":{\"@id\":\"https:\\\/\\\/lasentinelle.dz\\\/#website\"},\"primaryImageOfPage\":{\"@id\":\"https:\\\/\\\/lasentinelle.dz\\\/index.php\\\/2022\\\/11\\\/21\\\/lutte-contre-la-speculation-148-speculateurs-devant-la-justice\\\/#primaryimage\"},\"image\":{\"@id\":\"https:\\\/\\\/lasentinelle.dz\\\/index.php\\\/2022\\\/11\\\/21\\\/lutte-contre-la-speculation-148-speculateurs-devant-la-justice\\\/#primaryimage\"},\"thumbnailUrl\":\"https:\\\/\\\/lasentinelle.dz\\\/wp-content\\\/uploads\\\/2022\\\/10\\\/speculation.png\",\"datePublished\":\"2022-11-21T21:05:00+00:00\",\"breadcrumb\":{\"@id\":\"https:\\\/\\\/lasentinelle.dz\\\/index.php\\\/2022\\\/11\\\/21\\\/lutte-contre-la-speculation-148-speculateurs-devant-la-justice\\\/#breadcrumb\"},\"inLanguage\":\"fr-FR\",\"potentialAction\":[{\"@type\":\"ReadAction\",\"target\":[\"https:\\\/\\\/lasentinelle.dz\\\/index.php\\\/2022\\\/11\\\/21\\\/lutte-contre-la-speculation-148-speculateurs-devant-la-justice\\\/\"]}]},{\"@type\":\"ImageObject\",\"inLanguage\":\"fr-FR\",\"@id\":\"https:\\\/\\\/lasentinelle.dz\\\/index.php\\\/2022\\\/11\\\/21\\\/lutte-contre-la-speculation-148-speculateurs-devant-la-justice\\\/#primaryimage\",\"url\":\"https:\\\/\\\/lasentinelle.dz\\\/wp-content\\\/uploads\\\/2022\\\/10\\\/speculation.png\",\"contentUrl\":\"https:\\\/\\\/lasentinelle.dz\\\/wp-content\\\/uploads\\\/2022\\\/10\\\/speculation.png\",\"width\":1491,\"height\":900},{\"@type\":\"BreadcrumbList\",\"@id\":\"https:\\\/\\\/lasentinelle.dz\\\/index.php\\\/2022\\\/11\\\/21\\\/lutte-contre-la-speculation-148-speculateurs-devant-la-justice\\\/#breadcrumb\",\"itemListElement\":[{\"@type\":\"ListItem\",\"position\":1,\"name\":\"Accueil\",\"item\":\"https:\\\/\\\/lasentinelle.dz\\\/\"},{\"@type\":\"ListItem\",\"position\":2,\"name\":\"Lutte contre la sp\u00e9culation\u00a0: \u00a0148 sp\u00e9culateurs devant la Justice\"}]},{\"@type\":\"WebSite\",\"@id\":\"https:\\\/\\\/lasentinelle.dz\\\/#website\",\"url\":\"https:\\\/\\\/lasentinelle.dz\\\/\",\"name\":\"La Sentinelle\",\"description\":\"Quotidien national d&#039;information\",\"publisher\":{\"@id\":\"https:\\\/\\\/lasentinelle.dz\\\/#organization\"},\"potentialAction\":[{\"@type\":\"SearchAction\",\"target\":{\"@type\":\"EntryPoint\",\"urlTemplate\":\"https:\\\/\\\/lasentinelle.dz\\\/?s={search_term_string}\"},\"query-input\":{\"@type\":\"PropertyValueSpecification\",\"valueRequired\":true,\"valueName\":\"search_term_string\"}}],\"inLanguage\":\"fr-FR\"},{\"@type\":\"Organization\",\"@id\":\"https:\\\/\\\/lasentinelle.dz\\\/#organization\",\"name\":\"Quotidien La Sentinelle\",\"url\":\"https:\\\/\\\/lasentinelle.dz\\\/\",\"logo\":{\"@type\":\"ImageObject\",\"inLanguage\":\"fr-FR\",\"@id\":\"https:\\\/\\\/lasentinelle.dz\\\/#\\\/schema\\\/logo\\\/image\\\/\",\"url\":\"https:\\\/\\\/lasentinelle.dz\\\/wp-content\\\/uploads\\\/2021\\\/09\\\/logo-sentinelleSLOGAN-1.png\",\"contentUrl\":\"https:\\\/\\\/lasentinelle.dz\\\/wp-content\\\/uploads\\\/2021\\\/09\\\/logo-sentinelleSLOGAN-1.png\",\"width\":615,\"height\":142,\"caption\":\"Quotidien La Sentinelle\"},\"image\":{\"@id\":\"https:\\\/\\\/lasentinelle.dz\\\/#\\\/schema\\\/logo\\\/image\\\/\"},\"sameAs\":[\"https:\\\/\\\/www.facebook.com\\\/La-Sentinelle-104059864394773\"]},{\"@type\":\"Person\",\"@id\":\"https:\\\/\\\/lasentinelle.dz\\\/#\\\/schema\\\/person\\\/d865044e22e70a75174ce8bcad3acfb3\",\"name\":\"La Sentinelle\",\"image\":{\"@type\":\"ImageObject\",\"inLanguage\":\"fr-FR\",\"@id\":\"https:\\\/\\\/secure.gravatar.com\\\/avatar\\\/57de8e5d4b15d43fb361a71fbb36338450fe67865b528a43dd10ef7c51a20392?s=96&d=mm&r=g\",\"url\":\"https:\\\/\\\/secure.gravatar.com\\\/avatar\\\/57de8e5d4b15d43fb361a71fbb36338450fe67865b528a43dd10ef7c51a20392?s=96&d=mm&r=g\",\"contentUrl\":\"https:\\\/\\\/secure.gravatar.com\\\/avatar\\\/57de8e5d4b15d43fb361a71fbb36338450fe67865b528a43dd10ef7c51a20392?s=96&d=mm&r=g\",\"caption\":\"La Sentinelle\"},\"sameAs\":[\"http:\\\/\\\/www.lasentinelle.dz\"],\"url\":\"https:\\\/\\\/lasentinelle.dz\\\/author\\\/redaction\\\/\"}]}<\/script>\n<!-- \/ Yoast SEO plugin. -->","yoast_head_json":{"title":"Lutte contre la sp\u00e9culation\u00a0: \u00a0148 sp\u00e9culateurs devant la Justice - La Sentinelle","robots":{"index":"index","follow":"follow","max-snippet":"max-snippet:-1","max-image-preview":"max-image-preview:large","max-video-preview":"max-video-preview:-1"},"canonical":"https:\/\/lasentinelle.dz\/index.php\/2022\/11\/21\/lutte-contre-la-speculation-148-speculateurs-devant-la-justice\/","og_locale":"fr_FR","og_type":"article","og_title":"Lutte contre la sp\u00e9culation\u00a0: \u00a0148 sp\u00e9culateurs devant la Justice - La Sentinelle","og_description":"Le Directeur g\u00e9n\u00e9ral du contr\u00f4le et de la r\u00e9pression des fraudes au minist\u00e8re du Commerce et de la Promotion des","og_url":"https:\/\/lasentinelle.dz\/index.php\/2022\/11\/21\/lutte-contre-la-speculation-148-speculateurs-devant-la-justice\/","og_site_name":"La Sentinelle","article_publisher":"https:\/\/www.facebook.com\/La-Sentinelle-104059864394773","article_published_time":"2022-11-21T21:05:00+00:00","og_image":[{"width":1491,"height":900,"url":"https:\/\/lasentinelle.dz\/wp-content\/uploads\/2022\/10\/speculation.png","type":"image\/png"}],"author":"La Sentinelle","twitter_card":"summary_large_image","twitter_misc":{"\u00c9crit par":"La Sentinelle","Dur\u00e9e de lecture estim\u00e9e":"3 minutes"},"schema":{"@context":"https:\/\/schema.org","@graph":[{"@type":"Article","@id":"https:\/\/lasentinelle.dz\/index.php\/2022\/11\/21\/lutte-contre-la-speculation-148-speculateurs-devant-la-justice\/#article","isPartOf":{"@id":"https:\/\/lasentinelle.dz\/index.php\/2022\/11\/21\/lutte-contre-la-speculation-148-speculateurs-devant-la-justice\/"},"author":{"name":"La Sentinelle","@id":"https:\/\/lasentinelle.dz\/#\/schema\/person\/d865044e22e70a75174ce8bcad3acfb3"},"headline":"Lutte contre la sp\u00e9culation\u00a0: \u00a0148 sp\u00e9culateurs devant la Justice","datePublished":"2022-11-21T21:05:00+00:00","mainEntityOfPage":{"@id":"https:\/\/lasentinelle.dz\/index.php\/2022\/11\/21\/lutte-contre-la-speculation-148-speculateurs-devant-la-justice\/"},"wordCount":462,"commentCount":0,"publisher":{"@id":"https:\/\/lasentinelle.dz\/#organization"},"image":{"@id":"https:\/\/lasentinelle.dz\/index.php\/2022\/11\/21\/lutte-contre-la-speculation-148-speculateurs-devant-la-justice\/#primaryimage"},"thumbnailUrl":"https:\/\/lasentinelle.dz\/wp-content\/uploads\/2022\/10\/speculation.png","articleSection":["\u00c9conomie"],"inLanguage":"fr-FR","potentialAction":[{"@type":"CommentAction","name":"Comment","target":["https:\/\/lasentinelle.dz\/index.php\/2022\/11\/21\/lutte-contre-la-speculation-148-speculateurs-devant-la-justice\/#respond"]}]},{"@type":"WebPage","@id":"https:\/\/lasentinelle.dz\/index.php\/2022\/11\/21\/lutte-contre-la-speculation-148-speculateurs-devant-la-justice\/","url":"https:\/\/lasentinelle.dz\/index.php\/2022\/11\/21\/lutte-contre-la-speculation-148-speculateurs-devant-la-justice\/","name":"Lutte contre la sp\u00e9culation\u00a0: \u00a0148 sp\u00e9culateurs devant la Justice - La Sentinelle","isPartOf":{"@id":"https:\/\/lasentinelle.dz\/#website"},"primaryImageOfPage":{"@id":"https:\/\/lasentinelle.dz\/index.php\/2022\/11\/21\/lutte-contre-la-speculation-148-speculateurs-devant-la-justice\/#primaryimage"},"image":{"@id":"https:\/\/lasentinelle.dz\/index.php\/2022\/11\/21\/lutte-contre-la-speculation-148-speculateurs-devant-la-justice\/#primaryimage"},"thumbnailUrl":"https:\/\/lasentinelle.dz\/wp-content\/uploads\/2022\/10\/speculation.png","datePublished":"2022-11-21T21:05:00+00:00","breadcrumb":{"@id":"https:\/\/lasentinelle.dz\/index.php\/2022\/11\/21\/lutte-contre-la-speculation-148-speculateurs-devant-la-justice\/#breadcrumb"},"inLanguage":"fr-FR","potentialAction":[{"@type":"ReadAction","target":["https:\/\/lasentinelle.dz\/index.php\/2022\/11\/21\/lutte-contre-la-speculation-148-speculateurs-devant-la-justice\/"]}]},{"@type":"ImageObject","inLanguage":"fr-FR","@id":"https:\/\/lasentinelle.dz\/index.php\/2022\/11\/21\/lutte-contre-la-speculation-148-speculateurs-devant-la-justice\/#primaryimage","url":"https:\/\/lasentinelle.dz\/wp-content\/uploads\/2022\/10\/speculation.png","contentUrl":"https:\/\/lasentinelle.dz\/wp-content\/uploads\/2022\/10\/speculation.png","width":1491,"height":900},{"@type":"BreadcrumbList","@id":"https:\/\/lasentinelle.dz\/index.php\/2022\/11\/21\/lutte-contre-la-speculation-148-speculateurs-devant-la-justice\/#breadcrumb","itemListElement":[{"@type":"ListItem","position":1,"name":"Accueil","item":"https:\/\/lasentinelle.dz\/"},{"@type":"ListItem","position":2,"name":"Lutte contre la sp\u00e9culation\u00a0: \u00a0148 sp\u00e9culateurs devant la Justice"}]},{"@type":"WebSite","@id":"https:\/\/lasentinelle.dz\/#website","url":"https:\/\/lasentinelle.dz\/","name":"La Sentinelle","description":"Quotidien national d&#039;information","publisher":{"@id":"https:\/\/lasentinelle.dz\/#organization"},"potentialAction":[{"@type":"SearchAction","target":{"@type":"EntryPoint","urlTemplate":"https:\/\/lasentinelle.dz\/?s={search_term_string}"},"query-input":{"@type":"PropertyValueSpecification","valueRequired":true,"valueName":"search_term_string"}}],"inLanguage":"fr-FR"},{"@type":"Organization","@id":"https:\/\/lasentinelle.dz\/#organization","name":"Quotidien La Sentinelle","url":"https:\/\/lasentinelle.dz\/","logo":{"@type":"ImageObject","inLanguage":"fr-FR","@id":"https:\/\/lasentinelle.dz\/#\/schema\/logo\/image\/","url":"https:\/\/lasentinelle.dz\/wp-content\/uploads\/2021\/09\/logo-sentinelleSLOGAN-1.png","contentUrl":"https:\/\/lasentinelle.dz\/wp-content\/uploads\/2021\/09\/logo-sentinelleSLOGAN-1.png","width":615,"height":142,"caption":"Quotidien La Sentinelle"},"image":{"@id":"https:\/\/lasentinelle.dz\/#\/schema\/logo\/image\/"},"sameAs":["https:\/\/www.facebook.com\/La-Sentinelle-104059864394773"]},{"@type":"Person","@id":"https:\/\/lasentinelle.dz\/#\/schema\/person\/d865044e22e70a75174ce8bcad3acfb3","name":"La Sentinelle","image":{"@type":"ImageObject","inLanguage":"fr-FR","@id":"https:\/\/secure.gravatar.com\/avatar\/57de8e5d4b15d43fb361a71fbb36338450fe67865b528a43dd10ef7c51a20392?s=96&d=mm&r=g","url":"https:\/\/secure.gravatar.com\/avatar\/57de8e5d4b15d43fb361a71fbb36338450fe67865b528a43dd10ef7c51a20392?s=96&d=mm&r=g","contentUrl":"https:\/\/secure.gravatar.com\/avatar\/57de8e5d4b15d43fb361a71fbb36338450fe67865b528a43dd10ef7c51a20392?s=96&d=mm&r=g","caption":"La Sentinelle"},"sameAs":["http:\/\/www.lasentinelle.dz"],"url":"https:\/\/lasentinelle.dz\/author\/redaction\/"}]}},"_links":{"self":[{"href":"https:\/\/lasentinelle.dz\/index.php\/wp-json\/wp\/v2\/posts\/31213","targetHints":{"allow":["GET"]}}],"collection":[{"href":"https:\/\/lasentinelle.dz\/index.php\/wp-json\/wp\/v2\/posts"}],"about":[{"href":"https:\/\/lasentinelle.dz\/index.php\/wp-json\/wp\/v2\/types\/post"}],"author":[{"embeddable":true,"href":"https:\/\/lasentinelle.dz\/index.php\/wp-json\/wp\/v2\/users\/3"}],"replies":[{"embeddable":true,"href":"https:\/\/lasentinelle.dz\/index.php\/wp-json\/wp\/v2\/comments?post=31213"}],"version-history":[{"count":1,"href":"https:\/\/lasentinelle.dz\/index.php\/wp-json\/wp\/v2\/posts\/31213\/revisions"}],"predecessor-version":[{"id":31227,"href":"https:\/\/lasentinelle.dz\/index.php\/wp-json\/wp\/v2\/posts\/31213\/revisions\/31227"}],"wp:featuredmedia":[{"embeddable":true,"href":"https:\/\/lasentinelle.dz\/index.php\/wp-json\/wp\/v2\/media\/28818"}],"wp:attachment":[{"href":"https:\/\/lasentinelle.dz\/index.php\/wp-json\/wp\/v2\/media?parent=31213"}],"wp:term":[{"taxonomy":"category","embeddable":true,"href":"https:\/\/lasentinelle.dz\/index.php\/wp-json\/wp\/v2\/categories?post=31213"},{"taxonomy":"post_tag","embeddable":true,"href":"https:\/\/lasentinelle.dz\/index.php\/wp-json\/wp\/v2\/tags?post=31213"}],"curies":[{"name":"wp","href":"https:\/\/api.w.org\/{rel}","templated":true}]}}