{"id":31230,"date":"2022-11-21T22:55:00","date_gmt":"2022-11-21T21:55:00","guid":{"rendered":"https:\/\/lasentinelle.dz\/?p=31230"},"modified":"2022-11-21T20:48:41","modified_gmt":"2022-11-21T19:48:41","slug":"industries-electriques-des-importations-en-baisse-de-12-milliard-de-dollars","status":"publish","type":"post","link":"https:\/\/lasentinelle.dz\/index.php\/2022\/11\/21\/industries-electriques-des-importations-en-baisse-de-12-milliard-de-dollars\/","title":{"rendered":"Industries \u00e9lectriques\u00a0: Des importations en baisse de 1,2 milliard de dollars"},"content":{"rendered":"\n<p>Le premier colloque national sur \u00ab\u00a0l&rsquo;efficacit\u00e9 \u00e9nerg\u00e9tique dans l&rsquo;\u00e9clairage public\u00a0\u00bba \u00e9t\u00e9 organis\u00e9 par l&rsquo;universit\u00e9 \u00ab\u00a0Abdelhamid Benbadis\u00a0\u00bb de Mostaganem. L\u2019occasion de se pencher sur la question de l\u2019efficacit\u00e9 \u00e9nerg\u00e9tique dans l\u2019\u00e9clairage public qui co\u00fbte la bagatelle de 100 millions de dollars par an, par l\u2019am\u00e9lioration de la gestion des r\u00e9seaux et l\u2019int\u00e9gration des \u00e9nergies renouvelables en sources autonomes, mais aussi de l\u2019apport de l\u2019industrie \u00e9lectrique locale dans le d\u00e9veloppement des r\u00e9seaux d\u2019\u00e9clairage publique. Un colloque qui a d\u2019ailleurs \u00e9t\u00e9 mis \u00e0 profit par le ministre de l\u2019Industrie Ahmed Zeghdar pour faire le point sur le d\u00e9veloppement de la fili\u00e8re. Il a ainsi soulign\u00e9 que les directives donn\u00e9es par le pr\u00e9sident de la R\u00e9publique, M. Abdelmadjid Tebboune, portaient sur les projets d&rsquo;\u00e9clairage public et le d\u00e9veloppement des industries \u00e9lectriques, \u00e0 travers l&rsquo;\u00e9laboration d&rsquo;une strat\u00e9gie nouvelle et globale permettant l&rsquo;organisation de cette fili\u00e8re bas\u00e9e sur une feuille de route claire et des d\u00e9lais pr\u00e9cis. Cette d\u00e9marche a port\u00e9 ses fruits apr\u00e8s que les acteurs ont mobilis\u00e9 toutes les capacit\u00e9s productives pour remplacer les biens import\u00e9s par la production nationale.<\/p>\n\n\n\n<p>Selon Ahmed Zeghdar, le minist\u00e8re de l&rsquo;Industrie \u0153uvre \u00e0 moderniser la fabrication des lampes utilis\u00e9es dans l&rsquo;\u00e9clairage public et \u00e0 passer aux lampes LED, qui est la derni\u00e8re technologie utilis\u00e9e non seulement dans ce domaine (\u00e9clairage public), mais aussi dans les appareils \u00e0 large utilisation et aux multiples caract\u00e9ristiques qui influent sur la consommation d&rsquo;\u00e9nergie.<\/p>\n\n\n\n<p>Le ministre a aussi indiqu\u00e9 que l&rsquo;industrie locale activant dans la fili\u00e8re de l&rsquo;\u00e9lectricit\u00e9, a r\u00e9ussi \u00e0 r\u00e9duire les importations d&rsquo;une valeur de 1,2 milliard USD au cours de l&rsquo;ann\u00e9e \u00e9coul\u00e9e. Le ministre a pr\u00e9cis\u00e9 que \u00ab\u00a0la valeur des importations d&rsquo;\u00e9quipements et d&rsquo;intrants \u00e9lectriques s&rsquo;est \u00e9lev\u00e9e, ces derni\u00e8res ann\u00e9es, \u00e0 3,5 milliards USD. La soci\u00e9t\u00e9 Sonelgaz importe au moins 30.000 produits finis\u00a0\u00bb.<\/p>\n\n\n\n<p><strong>R.E.<\/strong><\/p>\n","protected":false},"excerpt":{"rendered":"<p>Le premier colloque national sur \u00ab\u00a0l&rsquo;efficacit\u00e9 \u00e9nerg\u00e9tique dans l&rsquo;\u00e9clairage public\u00a0\u00bba \u00e9t\u00e9 organis\u00e9 par l&rsquo;universit\u00e9 \u00ab\u00a0Abdelhamid Benbadis\u00a0\u00bb de Mostaganem. L\u2019occasion de<\/p>\n","protected":false},"author":3,"featured_media":31231,"comment_status":"open","ping_status":"closed","sticky":false,"template":"","format":"standard","meta":{"colormag_page_container_layout":"default_layout","colormag_page_sidebar_layout":"default_layout","om_disable_all_campaigns":false,"_monsterinsights_skip_tracking":false,"_monsterinsights_sitenote_active":false,"_monsterinsights_sitenote_note":"","_monsterinsights_sitenote_category":0,"footnotes":"","_wpscppro_dont_share_socialmedia":false,"_wpscppro_custom_social_share_image":0,"_facebook_share_type":"","_twitter_share_type":"","_linkedin_share_type":"","_pinterest_share_type":"","_linkedin_share_type_page":"","_instagram_share_type":"","_medium_share_type":"","_threads_share_type":"","_google_business_share_type":"","_selected_social_profile":[],"_wpsp_enable_custom_social_template":false,"_wpsp_social_scheduling":{"enabled":false,"datetime":null,"platforms":[],"status":"template_only","dateOption":"today","timeOption":"now","customDays":"","customHours":"","customDate":"","customTime":"","schedulingType":"absolute"},"_wpsp_active_default_template":true},"categories":[29],"tags":[],"class_list":["post-31230","post","type-post","status-publish","format-standard","has-post-thumbnail","hentry","category-economie"],"aioseo_notices":[],"yoast_head":"<!-- This site is optimized with the Yoast SEO plugin v27.5 - https:\/\/yoast.com\/product\/yoast-seo-wordpress\/ -->\n<title>Industries \u00e9lectriques\u00a0: Des importations en baisse de 1,2 milliard de dollars - La Sentinelle<\/title>\n<meta name=\"robots\" content=\"index, follow, max-snippet:-1, max-image-preview:large, max-video-preview:-1\" \/>\n<link rel=\"canonical\" href=\"https:\/\/lasentinelle.dz\/index.php\/2022\/11\/21\/industries-electriques-des-importations-en-baisse-de-12-milliard-de-dollars\/\" \/>\n<meta property=\"og:locale\" content=\"fr_FR\" \/>\n<meta property=\"og:type\" content=\"article\" \/>\n<meta property=\"og:title\" content=\"Industries \u00e9lectriques\u00a0: Des importations en baisse de 1,2 milliard de dollars - La Sentinelle\" \/>\n<meta property=\"og:description\" content=\"Le premier colloque national sur \u00ab\u00a0l&rsquo;efficacit\u00e9 \u00e9nerg\u00e9tique dans l&rsquo;\u00e9clairage public\u00a0\u00bba \u00e9t\u00e9 organis\u00e9 par l&rsquo;universit\u00e9 \u00ab\u00a0Abdelhamid Benbadis\u00a0\u00bb de Mostaganem. L\u2019occasion de\" \/>\n<meta property=\"og:url\" content=\"https:\/\/lasentinelle.dz\/index.php\/2022\/11\/21\/industries-electriques-des-importations-en-baisse-de-12-milliard-de-dollars\/\" \/>\n<meta property=\"og:site_name\" content=\"La Sentinelle\" \/>\n<meta property=\"article:publisher\" content=\"https:\/\/www.facebook.com\/La-Sentinelle-104059864394773\" \/>\n<meta property=\"article:published_time\" content=\"2022-11-21T21:55:00+00:00\" \/>\n<meta property=\"og:image\" content=\"https:\/\/lasentinelle.dz\/wp-content\/uploads\/2022\/11\/image_2022-11-21_204832469.png\" \/>\n\t<meta property=\"og:image:width\" content=\"600\" \/>\n\t<meta property=\"og:image:height\" content=\"400\" \/>\n\t<meta property=\"og:image:type\" content=\"image\/png\" \/>\n<meta name=\"author\" content=\"La Sentinelle\" \/>\n<meta name=\"twitter:card\" content=\"summary_large_image\" \/>\n<meta name=\"twitter:label1\" content=\"\u00c9crit par\" \/>\n\t<meta name=\"twitter:data1\" content=\"La Sentinelle\" \/>\n\t<meta name=\"twitter:label2\" content=\"Dur\u00e9e de lecture estim\u00e9e\" \/>\n\t<meta name=\"twitter:data2\" content=\"2 minutes\" \/>\n<script type=\"application\/ld+json\" class=\"yoast-schema-graph\">{\"@context\":\"https:\\\/\\\/schema.org\",\"@graph\":[{\"@type\":\"Article\",\"@id\":\"https:\\\/\\\/lasentinelle.dz\\\/index.php\\\/2022\\\/11\\\/21\\\/industries-electriques-des-importations-en-baisse-de-12-milliard-de-dollars\\\/#article\",\"isPartOf\":{\"@id\":\"https:\\\/\\\/lasentinelle.dz\\\/index.php\\\/2022\\\/11\\\/21\\\/industries-electriques-des-importations-en-baisse-de-12-milliard-de-dollars\\\/\"},\"author\":{\"name\":\"La Sentinelle\",\"@id\":\"https:\\\/\\\/lasentinelle.dz\\\/#\\\/schema\\\/person\\\/d865044e22e70a75174ce8bcad3acfb3\"},\"headline\":\"Industries \u00e9lectriques\u00a0: Des importations en baisse de 1,2 milliard de dollars\",\"datePublished\":\"2022-11-21T21:55:00+00:00\",\"mainEntityOfPage\":{\"@id\":\"https:\\\/\\\/lasentinelle.dz\\\/index.php\\\/2022\\\/11\\\/21\\\/industries-electriques-des-importations-en-baisse-de-12-milliard-de-dollars\\\/\"},\"wordCount\":360,\"commentCount\":0,\"publisher\":{\"@id\":\"https:\\\/\\\/lasentinelle.dz\\\/#organization\"},\"image\":{\"@id\":\"https:\\\/\\\/lasentinelle.dz\\\/index.php\\\/2022\\\/11\\\/21\\\/industries-electriques-des-importations-en-baisse-de-12-milliard-de-dollars\\\/#primaryimage\"},\"thumbnailUrl\":\"https:\\\/\\\/lasentinelle.dz\\\/wp-content\\\/uploads\\\/2022\\\/11\\\/image_2022-11-21_204832469.png\",\"articleSection\":[\"\u00c9conomie\"],\"inLanguage\":\"fr-FR\",\"potentialAction\":[{\"@type\":\"CommentAction\",\"name\":\"Comment\",\"target\":[\"https:\\\/\\\/lasentinelle.dz\\\/index.php\\\/2022\\\/11\\\/21\\\/industries-electriques-des-importations-en-baisse-de-12-milliard-de-dollars\\\/#respond\"]}]},{\"@type\":\"WebPage\",\"@id\":\"https:\\\/\\\/lasentinelle.dz\\\/index.php\\\/2022\\\/11\\\/21\\\/industries-electriques-des-importations-en-baisse-de-12-milliard-de-dollars\\\/\",\"url\":\"https:\\\/\\\/lasentinelle.dz\\\/index.php\\\/2022\\\/11\\\/21\\\/industries-electriques-des-importations-en-baisse-de-12-milliard-de-dollars\\\/\",\"name\":\"Industries \u00e9lectriques\u00a0: Des importations en baisse de 1,2 milliard de dollars - La Sentinelle\",\"isPartOf\":{\"@id\":\"https:\\\/\\\/lasentinelle.dz\\\/#website\"},\"primaryImageOfPage\":{\"@id\":\"https:\\\/\\\/lasentinelle.dz\\\/index.php\\\/2022\\\/11\\\/21\\\/industries-electriques-des-importations-en-baisse-de-12-milliard-de-dollars\\\/#primaryimage\"},\"image\":{\"@id\":\"https:\\\/\\\/lasentinelle.dz\\\/index.php\\\/2022\\\/11\\\/21\\\/industries-electriques-des-importations-en-baisse-de-12-milliard-de-dollars\\\/#primaryimage\"},\"thumbnailUrl\":\"https:\\\/\\\/lasentinelle.dz\\\/wp-content\\\/uploads\\\/2022\\\/11\\\/image_2022-11-21_204832469.png\",\"datePublished\":\"2022-11-21T21:55:00+00:00\",\"breadcrumb\":{\"@id\":\"https:\\\/\\\/lasentinelle.dz\\\/index.php\\\/2022\\\/11\\\/21\\\/industries-electriques-des-importations-en-baisse-de-12-milliard-de-dollars\\\/#breadcrumb\"},\"inLanguage\":\"fr-FR\",\"potentialAction\":[{\"@type\":\"ReadAction\",\"target\":[\"https:\\\/\\\/lasentinelle.dz\\\/index.php\\\/2022\\\/11\\\/21\\\/industries-electriques-des-importations-en-baisse-de-12-milliard-de-dollars\\\/\"]}]},{\"@type\":\"ImageObject\",\"inLanguage\":\"fr-FR\",\"@id\":\"https:\\\/\\\/lasentinelle.dz\\\/index.php\\\/2022\\\/11\\\/21\\\/industries-electriques-des-importations-en-baisse-de-12-milliard-de-dollars\\\/#primaryimage\",\"url\":\"https:\\\/\\\/lasentinelle.dz\\\/wp-content\\\/uploads\\\/2022\\\/11\\\/image_2022-11-21_204832469.png\",\"contentUrl\":\"https:\\\/\\\/lasentinelle.dz\\\/wp-content\\\/uploads\\\/2022\\\/11\\\/image_2022-11-21_204832469.png\",\"width\":600,\"height\":400},{\"@type\":\"BreadcrumbList\",\"@id\":\"https:\\\/\\\/lasentinelle.dz\\\/index.php\\\/2022\\\/11\\\/21\\\/industries-electriques-des-importations-en-baisse-de-12-milliard-de-dollars\\\/#breadcrumb\",\"itemListElement\":[{\"@type\":\"ListItem\",\"position\":1,\"name\":\"Accueil\",\"item\":\"https:\\\/\\\/lasentinelle.dz\\\/\"},{\"@type\":\"ListItem\",\"position\":2,\"name\":\"Industries \u00e9lectriques\u00a0: Des importations en baisse de 1,2 milliard de dollars\"}]},{\"@type\":\"WebSite\",\"@id\":\"https:\\\/\\\/lasentinelle.dz\\\/#website\",\"url\":\"https:\\\/\\\/lasentinelle.dz\\\/\",\"name\":\"La Sentinelle\",\"description\":\"Quotidien national d&#039;information\",\"publisher\":{\"@id\":\"https:\\\/\\\/lasentinelle.dz\\\/#organization\"},\"potentialAction\":[{\"@type\":\"SearchAction\",\"target\":{\"@type\":\"EntryPoint\",\"urlTemplate\":\"https:\\\/\\\/lasentinelle.dz\\\/?s={search_term_string}\"},\"query-input\":{\"@type\":\"PropertyValueSpecification\",\"valueRequired\":true,\"valueName\":\"search_term_string\"}}],\"inLanguage\":\"fr-FR\"},{\"@type\":\"Organization\",\"@id\":\"https:\\\/\\\/lasentinelle.dz\\\/#organization\",\"name\":\"Quotidien La Sentinelle\",\"url\":\"https:\\\/\\\/lasentinelle.dz\\\/\",\"logo\":{\"@type\":\"ImageObject\",\"inLanguage\":\"fr-FR\",\"@id\":\"https:\\\/\\\/lasentinelle.dz\\\/#\\\/schema\\\/logo\\\/image\\\/\",\"url\":\"https:\\\/\\\/lasentinelle.dz\\\/wp-content\\\/uploads\\\/2021\\\/09\\\/logo-sentinelleSLOGAN-1.png\",\"contentUrl\":\"https:\\\/\\\/lasentinelle.dz\\\/wp-content\\\/uploads\\\/2021\\\/09\\\/logo-sentinelleSLOGAN-1.png\",\"width\":615,\"height\":142,\"caption\":\"Quotidien La Sentinelle\"},\"image\":{\"@id\":\"https:\\\/\\\/lasentinelle.dz\\\/#\\\/schema\\\/logo\\\/image\\\/\"},\"sameAs\":[\"https:\\\/\\\/www.facebook.com\\\/La-Sentinelle-104059864394773\"]},{\"@type\":\"Person\",\"@id\":\"https:\\\/\\\/lasentinelle.dz\\\/#\\\/schema\\\/person\\\/d865044e22e70a75174ce8bcad3acfb3\",\"name\":\"La Sentinelle\",\"image\":{\"@type\":\"ImageObject\",\"inLanguage\":\"fr-FR\",\"@id\":\"https:\\\/\\\/secure.gravatar.com\\\/avatar\\\/57de8e5d4b15d43fb361a71fbb36338450fe67865b528a43dd10ef7c51a20392?s=96&d=mm&r=g\",\"url\":\"https:\\\/\\\/secure.gravatar.com\\\/avatar\\\/57de8e5d4b15d43fb361a71fbb36338450fe67865b528a43dd10ef7c51a20392?s=96&d=mm&r=g\",\"contentUrl\":\"https:\\\/\\\/secure.gravatar.com\\\/avatar\\\/57de8e5d4b15d43fb361a71fbb36338450fe67865b528a43dd10ef7c51a20392?s=96&d=mm&r=g\",\"caption\":\"La Sentinelle\"},\"sameAs\":[\"http:\\\/\\\/www.lasentinelle.dz\"],\"url\":\"https:\\\/\\\/lasentinelle.dz\\\/author\\\/redaction\\\/\"}]}<\/script>\n<!-- \/ Yoast SEO plugin. -->","yoast_head_json":{"title":"Industries \u00e9lectriques\u00a0: Des importations en baisse de 1,2 milliard de dollars - La Sentinelle","robots":{"index":"index","follow":"follow","max-snippet":"max-snippet:-1","max-image-preview":"max-image-preview:large","max-video-preview":"max-video-preview:-1"},"canonical":"https:\/\/lasentinelle.dz\/index.php\/2022\/11\/21\/industries-electriques-des-importations-en-baisse-de-12-milliard-de-dollars\/","og_locale":"fr_FR","og_type":"article","og_title":"Industries \u00e9lectriques\u00a0: Des importations en baisse de 1,2 milliard de dollars - La Sentinelle","og_description":"Le premier colloque national sur \u00ab\u00a0l&rsquo;efficacit\u00e9 \u00e9nerg\u00e9tique dans l&rsquo;\u00e9clairage public\u00a0\u00bba \u00e9t\u00e9 organis\u00e9 par l&rsquo;universit\u00e9 \u00ab\u00a0Abdelhamid Benbadis\u00a0\u00bb de Mostaganem. L\u2019occasion de","og_url":"https:\/\/lasentinelle.dz\/index.php\/2022\/11\/21\/industries-electriques-des-importations-en-baisse-de-12-milliard-de-dollars\/","og_site_name":"La Sentinelle","article_publisher":"https:\/\/www.facebook.com\/La-Sentinelle-104059864394773","article_published_time":"2022-11-21T21:55:00+00:00","og_image":[{"width":600,"height":400,"url":"https:\/\/lasentinelle.dz\/wp-content\/uploads\/2022\/11\/image_2022-11-21_204832469.png","type":"image\/png"}],"author":"La Sentinelle","twitter_card":"summary_large_image","twitter_misc":{"\u00c9crit par":"La Sentinelle","Dur\u00e9e de lecture estim\u00e9e":"2 minutes"},"schema":{"@context":"https:\/\/schema.org","@graph":[{"@type":"Article","@id":"https:\/\/lasentinelle.dz\/index.php\/2022\/11\/21\/industries-electriques-des-importations-en-baisse-de-12-milliard-de-dollars\/#article","isPartOf":{"@id":"https:\/\/lasentinelle.dz\/index.php\/2022\/11\/21\/industries-electriques-des-importations-en-baisse-de-12-milliard-de-dollars\/"},"author":{"name":"La Sentinelle","@id":"https:\/\/lasentinelle.dz\/#\/schema\/person\/d865044e22e70a75174ce8bcad3acfb3"},"headline":"Industries \u00e9lectriques\u00a0: Des importations en baisse de 1,2 milliard de dollars","datePublished":"2022-11-21T21:55:00+00:00","mainEntityOfPage":{"@id":"https:\/\/lasentinelle.dz\/index.php\/2022\/11\/21\/industries-electriques-des-importations-en-baisse-de-12-milliard-de-dollars\/"},"wordCount":360,"commentCount":0,"publisher":{"@id":"https:\/\/lasentinelle.dz\/#organization"},"image":{"@id":"https:\/\/lasentinelle.dz\/index.php\/2022\/11\/21\/industries-electriques-des-importations-en-baisse-de-12-milliard-de-dollars\/#primaryimage"},"thumbnailUrl":"https:\/\/lasentinelle.dz\/wp-content\/uploads\/2022\/11\/image_2022-11-21_204832469.png","articleSection":["\u00c9conomie"],"inLanguage":"fr-FR","potentialAction":[{"@type":"CommentAction","name":"Comment","target":["https:\/\/lasentinelle.dz\/index.php\/2022\/11\/21\/industries-electriques-des-importations-en-baisse-de-12-milliard-de-dollars\/#respond"]}]},{"@type":"WebPage","@id":"https:\/\/lasentinelle.dz\/index.php\/2022\/11\/21\/industries-electriques-des-importations-en-baisse-de-12-milliard-de-dollars\/","url":"https:\/\/lasentinelle.dz\/index.php\/2022\/11\/21\/industries-electriques-des-importations-en-baisse-de-12-milliard-de-dollars\/","name":"Industries \u00e9lectriques\u00a0: Des importations en baisse de 1,2 milliard de dollars - La Sentinelle","isPartOf":{"@id":"https:\/\/lasentinelle.dz\/#website"},"primaryImageOfPage":{"@id":"https:\/\/lasentinelle.dz\/index.php\/2022\/11\/21\/industries-electriques-des-importations-en-baisse-de-12-milliard-de-dollars\/#primaryimage"},"image":{"@id":"https:\/\/lasentinelle.dz\/index.php\/2022\/11\/21\/industries-electriques-des-importations-en-baisse-de-12-milliard-de-dollars\/#primaryimage"},"thumbnailUrl":"https:\/\/lasentinelle.dz\/wp-content\/uploads\/2022\/11\/image_2022-11-21_204832469.png","datePublished":"2022-11-21T21:55:00+00:00","breadcrumb":{"@id":"https:\/\/lasentinelle.dz\/index.php\/2022\/11\/21\/industries-electriques-des-importations-en-baisse-de-12-milliard-de-dollars\/#breadcrumb"},"inLanguage":"fr-FR","potentialAction":[{"@type":"ReadAction","target":["https:\/\/lasentinelle.dz\/index.php\/2022\/11\/21\/industries-electriques-des-importations-en-baisse-de-12-milliard-de-dollars\/"]}]},{"@type":"ImageObject","inLanguage":"fr-FR","@id":"https:\/\/lasentinelle.dz\/index.php\/2022\/11\/21\/industries-electriques-des-importations-en-baisse-de-12-milliard-de-dollars\/#primaryimage","url":"https:\/\/lasentinelle.dz\/wp-content\/uploads\/2022\/11\/image_2022-11-21_204832469.png","contentUrl":"https:\/\/lasentinelle.dz\/wp-content\/uploads\/2022\/11\/image_2022-11-21_204832469.png","width":600,"height":400},{"@type":"BreadcrumbList","@id":"https:\/\/lasentinelle.dz\/index.php\/2022\/11\/21\/industries-electriques-des-importations-en-baisse-de-12-milliard-de-dollars\/#breadcrumb","itemListElement":[{"@type":"ListItem","position":1,"name":"Accueil","item":"https:\/\/lasentinelle.dz\/"},{"@type":"ListItem","position":2,"name":"Industries \u00e9lectriques\u00a0: Des importations en baisse de 1,2 milliard de dollars"}]},{"@type":"WebSite","@id":"https:\/\/lasentinelle.dz\/#website","url":"https:\/\/lasentinelle.dz\/","name":"La Sentinelle","description":"Quotidien national d&#039;information","publisher":{"@id":"https:\/\/lasentinelle.dz\/#organization"},"potentialAction":[{"@type":"SearchAction","target":{"@type":"EntryPoint","urlTemplate":"https:\/\/lasentinelle.dz\/?s={search_term_string}"},"query-input":{"@type":"PropertyValueSpecification","valueRequired":true,"valueName":"search_term_string"}}],"inLanguage":"fr-FR"},{"@type":"Organization","@id":"https:\/\/lasentinelle.dz\/#organization","name":"Quotidien La Sentinelle","url":"https:\/\/lasentinelle.dz\/","logo":{"@type":"ImageObject","inLanguage":"fr-FR","@id":"https:\/\/lasentinelle.dz\/#\/schema\/logo\/image\/","url":"https:\/\/lasentinelle.dz\/wp-content\/uploads\/2021\/09\/logo-sentinelleSLOGAN-1.png","contentUrl":"https:\/\/lasentinelle.dz\/wp-content\/uploads\/2021\/09\/logo-sentinelleSLOGAN-1.png","width":615,"height":142,"caption":"Quotidien La Sentinelle"},"image":{"@id":"https:\/\/lasentinelle.dz\/#\/schema\/logo\/image\/"},"sameAs":["https:\/\/www.facebook.com\/La-Sentinelle-104059864394773"]},{"@type":"Person","@id":"https:\/\/lasentinelle.dz\/#\/schema\/person\/d865044e22e70a75174ce8bcad3acfb3","name":"La Sentinelle","image":{"@type":"ImageObject","inLanguage":"fr-FR","@id":"https:\/\/secure.gravatar.com\/avatar\/57de8e5d4b15d43fb361a71fbb36338450fe67865b528a43dd10ef7c51a20392?s=96&d=mm&r=g","url":"https:\/\/secure.gravatar.com\/avatar\/57de8e5d4b15d43fb361a71fbb36338450fe67865b528a43dd10ef7c51a20392?s=96&d=mm&r=g","contentUrl":"https:\/\/secure.gravatar.com\/avatar\/57de8e5d4b15d43fb361a71fbb36338450fe67865b528a43dd10ef7c51a20392?s=96&d=mm&r=g","caption":"La Sentinelle"},"sameAs":["http:\/\/www.lasentinelle.dz"],"url":"https:\/\/lasentinelle.dz\/author\/redaction\/"}]}},"_links":{"self":[{"href":"https:\/\/lasentinelle.dz\/index.php\/wp-json\/wp\/v2\/posts\/31230","targetHints":{"allow":["GET"]}}],"collection":[{"href":"https:\/\/lasentinelle.dz\/index.php\/wp-json\/wp\/v2\/posts"}],"about":[{"href":"https:\/\/lasentinelle.dz\/index.php\/wp-json\/wp\/v2\/types\/post"}],"author":[{"embeddable":true,"href":"https:\/\/lasentinelle.dz\/index.php\/wp-json\/wp\/v2\/users\/3"}],"replies":[{"embeddable":true,"href":"https:\/\/lasentinelle.dz\/index.php\/wp-json\/wp\/v2\/comments?post=31230"}],"version-history":[{"count":1,"href":"https:\/\/lasentinelle.dz\/index.php\/wp-json\/wp\/v2\/posts\/31230\/revisions"}],"predecessor-version":[{"id":31232,"href":"https:\/\/lasentinelle.dz\/index.php\/wp-json\/wp\/v2\/posts\/31230\/revisions\/31232"}],"wp:featuredmedia":[{"embeddable":true,"href":"https:\/\/lasentinelle.dz\/index.php\/wp-json\/wp\/v2\/media\/31231"}],"wp:attachment":[{"href":"https:\/\/lasentinelle.dz\/index.php\/wp-json\/wp\/v2\/media?parent=31230"}],"wp:term":[{"taxonomy":"category","embeddable":true,"href":"https:\/\/lasentinelle.dz\/index.php\/wp-json\/wp\/v2\/categories?post=31230"},{"taxonomy":"post_tag","embeddable":true,"href":"https:\/\/lasentinelle.dz\/index.php\/wp-json\/wp\/v2\/tags?post=31230"}],"curies":[{"name":"wp","href":"https:\/\/api.w.org\/{rel}","templated":true}]}}