{"id":31259,"date":"2022-11-22T22:00:00","date_gmt":"2022-11-22T21:00:00","guid":{"rendered":"https:\/\/lasentinelle.dz\/?p=31259"},"modified":"2022-11-22T17:42:47","modified_gmt":"2022-11-22T16:42:47","slug":"palestine-occupee-nouvelle-assaut-des-forces-doccupation-en-cisjordanie","status":"publish","type":"post","link":"https:\/\/lasentinelle.dz\/index.php\/2022\/11\/22\/palestine-occupee-nouvelle-assaut-des-forces-doccupation-en-cisjordanie\/","title":{"rendered":"Palestine occup\u00e9e\u00a0: Nouvelle assaut des forces d\u2019occupation en Cisjordanie"},"content":{"rendered":"\n<p>Les forces d&rsquo;occupation sionistes ont arr\u00eat\u00e9 hier, au moins 22 Palestiniens de diff\u00e9rentes r\u00e9gions de la Cisjordanie occup\u00e9e, selon l\u2019agence de presse palestinienne Wafa qui cite des sources locales.A J\u00e9nine au nord de la Cisjordanie occup\u00e9e, l\u2019arm\u00e9e d\u2019occupation a pris d\u2019assaut plusieurs quartiers dans la ville et ont arr\u00eat\u00e9 quatre Palestiniens dont des ex-prisonniers. Toujours au nord de la Cisjordanie mais dans le gouvernorat de Tulkarem, les forces d\u2019occupation ont captur\u00e9 deux jeunes Palestiniens suite \u00e0 la fouille de leurs maisons, selon des sources de securit\u00e9. L&rsquo;occupation isra\u00e9lienne a pris d&rsquo;assaut, \u00e0 l&rsquo;aube d&rsquo;aujourd&rsquo;hui, la ville de Betlah\u00e9em, et ont rafl\u00e9 deux palestiniens et trois autres \u00e0 H\u00e9bron.<\/p>\n\n\n\n<p>Six Palestiniens ont \u00e9t\u00e9 arr\u00eat\u00e9 dans la ville sainte d\u2019El Qods et cinq de diff\u00e9rentes r\u00e9gions de Ramallah. Il convient de mentionner que plus de 400 Palestiniens dont des enfants et des femmes ont \u00e9t\u00e9 captur\u00e9s par les forces d\u2019occupation isra\u00e9liennes au cours du mois de septembre.<\/p>\n\n\n\n<p>Notons par ailleurs, que des affrontements ont \u00e9clat\u00e9 entre les forces isra\u00e9liennes et les jeunes palestiniens dans la localit\u00e9 de Beit Ummar au nord de la ville d\u2019H\u00e9bro, ce qui a caus\u00e9 des dizaines de cas d\u2019asphyxie.<\/p>\n\n\n\n<p>Le minist\u00e8re palestinien des affaires \u00e9trang\u00e8res a d\u00e9nonc\u00e9hier la politique ill\u00e9gale poids deux mesures encourage la colonisation dans les territoires palestiniens occup\u00e9s. Dans un communiqu\u00e9 de presse, le minist\u00e8re a affirm\u00e9 que cette politique prot\u00e8ge les violations et les crimes de l\u2019occupation et ses criminels. Le minist\u00e8re a fait assumer \u00e0 l\u2019occupation l\u2019enti\u00e8re responsabilit\u00e9 des r\u00e9percussions de ces violations et crimes isra\u00e9liens qui tue toute perspective de paix. En outre, les affaires \u00e9trang\u00e8res ont condamn\u00e9 les violations et les crimes de l\u2019occupation et des organisations extr\u00e9mistes des colons contre le peuple palestinien, ses terres, ses maisons et des lieux saints.<\/p>\n\n\n\n<p>R.I.<\/p>\n","protected":false},"excerpt":{"rendered":"<p>Les forces d&rsquo;occupation sionistes ont arr\u00eat\u00e9 hier, au moins 22 Palestiniens de diff\u00e9rentes r\u00e9gions de la Cisjordanie occup\u00e9e, selon l\u2019agence<\/p>\n","protected":false},"author":3,"featured_media":31277,"comment_status":"open","ping_status":"closed","sticky":false,"template":"","format":"standard","meta":{"colormag_page_container_layout":"default_layout","colormag_page_sidebar_layout":"default_layout","om_disable_all_campaigns":false,"_monsterinsights_skip_tracking":false,"_monsterinsights_sitenote_active":false,"_monsterinsights_sitenote_note":"","_monsterinsights_sitenote_category":0,"footnotes":"","_wpscppro_dont_share_socialmedia":false,"_wpscppro_custom_social_share_image":0,"_facebook_share_type":"","_twitter_share_type":"","_linkedin_share_type":"","_pinterest_share_type":"","_linkedin_share_type_page":"","_instagram_share_type":"","_medium_share_type":"","_threads_share_type":"","_google_business_share_type":"","_selected_social_profile":[],"_wpsp_enable_custom_social_template":false,"_wpsp_social_scheduling":{"enabled":false,"datetime":null,"platforms":[],"status":"template_only","dateOption":"today","timeOption":"now","customDays":"","customHours":"","customDate":"","customTime":"","schedulingType":"absolute"},"_wpsp_active_default_template":true},"categories":[37],"tags":[],"class_list":["post-31259","post","type-post","status-publish","format-standard","has-post-thumbnail","hentry","category-monde"],"aioseo_notices":[],"yoast_head":"<!-- This site is optimized with the Yoast SEO plugin v27.5 - https:\/\/yoast.com\/product\/yoast-seo-wordpress\/ -->\n<title>Palestine occup\u00e9e\u00a0: Nouvelle assaut des forces d\u2019occupation en Cisjordanie - La Sentinelle<\/title>\n<meta name=\"robots\" content=\"index, follow, max-snippet:-1, max-image-preview:large, max-video-preview:-1\" \/>\n<link rel=\"canonical\" href=\"https:\/\/lasentinelle.dz\/index.php\/2022\/11\/22\/palestine-occupee-nouvelle-assaut-des-forces-doccupation-en-cisjordanie\/\" \/>\n<meta property=\"og:locale\" content=\"fr_FR\" \/>\n<meta property=\"og:type\" content=\"article\" \/>\n<meta property=\"og:title\" content=\"Palestine occup\u00e9e\u00a0: Nouvelle assaut des forces d\u2019occupation en Cisjordanie - La Sentinelle\" \/>\n<meta property=\"og:description\" content=\"Les forces d&rsquo;occupation sionistes ont arr\u00eat\u00e9 hier, au moins 22 Palestiniens de diff\u00e9rentes r\u00e9gions de la Cisjordanie occup\u00e9e, selon l\u2019agence\" \/>\n<meta property=\"og:url\" content=\"https:\/\/lasentinelle.dz\/index.php\/2022\/11\/22\/palestine-occupee-nouvelle-assaut-des-forces-doccupation-en-cisjordanie\/\" \/>\n<meta property=\"og:site_name\" content=\"La Sentinelle\" \/>\n<meta property=\"article:publisher\" content=\"https:\/\/www.facebook.com\/La-Sentinelle-104059864394773\" \/>\n<meta property=\"article:published_time\" content=\"2022-11-22T21:00:00+00:00\" \/>\n<meta property=\"og:image\" content=\"https:\/\/lasentinelle.dz\/wp-content\/uploads\/2022\/11\/image_2022-11-22_174234171.png\" \/>\n\t<meta property=\"og:image:width\" content=\"640\" \/>\n\t<meta property=\"og:image:height\" content=\"358\" \/>\n\t<meta property=\"og:image:type\" content=\"image\/png\" \/>\n<meta name=\"author\" content=\"La Sentinelle\" \/>\n<meta name=\"twitter:card\" content=\"summary_large_image\" \/>\n<meta name=\"twitter:label1\" content=\"\u00c9crit par\" \/>\n\t<meta name=\"twitter:data1\" content=\"La Sentinelle\" \/>\n\t<meta name=\"twitter:label2\" content=\"Dur\u00e9e de lecture estim\u00e9e\" \/>\n\t<meta name=\"twitter:data2\" content=\"2 minutes\" \/>\n<script type=\"application\/ld+json\" class=\"yoast-schema-graph\">{\"@context\":\"https:\\\/\\\/schema.org\",\"@graph\":[{\"@type\":\"Article\",\"@id\":\"https:\\\/\\\/lasentinelle.dz\\\/index.php\\\/2022\\\/11\\\/22\\\/palestine-occupee-nouvelle-assaut-des-forces-doccupation-en-cisjordanie\\\/#article\",\"isPartOf\":{\"@id\":\"https:\\\/\\\/lasentinelle.dz\\\/index.php\\\/2022\\\/11\\\/22\\\/palestine-occupee-nouvelle-assaut-des-forces-doccupation-en-cisjordanie\\\/\"},\"author\":{\"name\":\"La Sentinelle\",\"@id\":\"https:\\\/\\\/lasentinelle.dz\\\/#\\\/schema\\\/person\\\/d865044e22e70a75174ce8bcad3acfb3\"},\"headline\":\"Palestine occup\u00e9e\u00a0: Nouvelle assaut des forces d\u2019occupation en Cisjordanie\",\"datePublished\":\"2022-11-22T21:00:00+00:00\",\"mainEntityOfPage\":{\"@id\":\"https:\\\/\\\/lasentinelle.dz\\\/index.php\\\/2022\\\/11\\\/22\\\/palestine-occupee-nouvelle-assaut-des-forces-doccupation-en-cisjordanie\\\/\"},\"wordCount\":351,\"commentCount\":0,\"publisher\":{\"@id\":\"https:\\\/\\\/lasentinelle.dz\\\/#organization\"},\"image\":{\"@id\":\"https:\\\/\\\/lasentinelle.dz\\\/index.php\\\/2022\\\/11\\\/22\\\/palestine-occupee-nouvelle-assaut-des-forces-doccupation-en-cisjordanie\\\/#primaryimage\"},\"thumbnailUrl\":\"https:\\\/\\\/lasentinelle.dz\\\/wp-content\\\/uploads\\\/2022\\\/11\\\/image_2022-11-22_174234171.png\",\"articleSection\":[\"Monde\"],\"inLanguage\":\"fr-FR\",\"potentialAction\":[{\"@type\":\"CommentAction\",\"name\":\"Comment\",\"target\":[\"https:\\\/\\\/lasentinelle.dz\\\/index.php\\\/2022\\\/11\\\/22\\\/palestine-occupee-nouvelle-assaut-des-forces-doccupation-en-cisjordanie\\\/#respond\"]}]},{\"@type\":\"WebPage\",\"@id\":\"https:\\\/\\\/lasentinelle.dz\\\/index.php\\\/2022\\\/11\\\/22\\\/palestine-occupee-nouvelle-assaut-des-forces-doccupation-en-cisjordanie\\\/\",\"url\":\"https:\\\/\\\/lasentinelle.dz\\\/index.php\\\/2022\\\/11\\\/22\\\/palestine-occupee-nouvelle-assaut-des-forces-doccupation-en-cisjordanie\\\/\",\"name\":\"Palestine occup\u00e9e\u00a0: Nouvelle assaut des forces d\u2019occupation en Cisjordanie - La Sentinelle\",\"isPartOf\":{\"@id\":\"https:\\\/\\\/lasentinelle.dz\\\/#website\"},\"primaryImageOfPage\":{\"@id\":\"https:\\\/\\\/lasentinelle.dz\\\/index.php\\\/2022\\\/11\\\/22\\\/palestine-occupee-nouvelle-assaut-des-forces-doccupation-en-cisjordanie\\\/#primaryimage\"},\"image\":{\"@id\":\"https:\\\/\\\/lasentinelle.dz\\\/index.php\\\/2022\\\/11\\\/22\\\/palestine-occupee-nouvelle-assaut-des-forces-doccupation-en-cisjordanie\\\/#primaryimage\"},\"thumbnailUrl\":\"https:\\\/\\\/lasentinelle.dz\\\/wp-content\\\/uploads\\\/2022\\\/11\\\/image_2022-11-22_174234171.png\",\"datePublished\":\"2022-11-22T21:00:00+00:00\",\"breadcrumb\":{\"@id\":\"https:\\\/\\\/lasentinelle.dz\\\/index.php\\\/2022\\\/11\\\/22\\\/palestine-occupee-nouvelle-assaut-des-forces-doccupation-en-cisjordanie\\\/#breadcrumb\"},\"inLanguage\":\"fr-FR\",\"potentialAction\":[{\"@type\":\"ReadAction\",\"target\":[\"https:\\\/\\\/lasentinelle.dz\\\/index.php\\\/2022\\\/11\\\/22\\\/palestine-occupee-nouvelle-assaut-des-forces-doccupation-en-cisjordanie\\\/\"]}]},{\"@type\":\"ImageObject\",\"inLanguage\":\"fr-FR\",\"@id\":\"https:\\\/\\\/lasentinelle.dz\\\/index.php\\\/2022\\\/11\\\/22\\\/palestine-occupee-nouvelle-assaut-des-forces-doccupation-en-cisjordanie\\\/#primaryimage\",\"url\":\"https:\\\/\\\/lasentinelle.dz\\\/wp-content\\\/uploads\\\/2022\\\/11\\\/image_2022-11-22_174234171.png\",\"contentUrl\":\"https:\\\/\\\/lasentinelle.dz\\\/wp-content\\\/uploads\\\/2022\\\/11\\\/image_2022-11-22_174234171.png\",\"width\":640,\"height\":358},{\"@type\":\"BreadcrumbList\",\"@id\":\"https:\\\/\\\/lasentinelle.dz\\\/index.php\\\/2022\\\/11\\\/22\\\/palestine-occupee-nouvelle-assaut-des-forces-doccupation-en-cisjordanie\\\/#breadcrumb\",\"itemListElement\":[{\"@type\":\"ListItem\",\"position\":1,\"name\":\"Accueil\",\"item\":\"https:\\\/\\\/lasentinelle.dz\\\/\"},{\"@type\":\"ListItem\",\"position\":2,\"name\":\"Palestine occup\u00e9e\u00a0: Nouvelle assaut des forces d\u2019occupation en Cisjordanie\"}]},{\"@type\":\"WebSite\",\"@id\":\"https:\\\/\\\/lasentinelle.dz\\\/#website\",\"url\":\"https:\\\/\\\/lasentinelle.dz\\\/\",\"name\":\"La Sentinelle\",\"description\":\"Quotidien national d&#039;information\",\"publisher\":{\"@id\":\"https:\\\/\\\/lasentinelle.dz\\\/#organization\"},\"potentialAction\":[{\"@type\":\"SearchAction\",\"target\":{\"@type\":\"EntryPoint\",\"urlTemplate\":\"https:\\\/\\\/lasentinelle.dz\\\/?s={search_term_string}\"},\"query-input\":{\"@type\":\"PropertyValueSpecification\",\"valueRequired\":true,\"valueName\":\"search_term_string\"}}],\"inLanguage\":\"fr-FR\"},{\"@type\":\"Organization\",\"@id\":\"https:\\\/\\\/lasentinelle.dz\\\/#organization\",\"name\":\"Quotidien La Sentinelle\",\"url\":\"https:\\\/\\\/lasentinelle.dz\\\/\",\"logo\":{\"@type\":\"ImageObject\",\"inLanguage\":\"fr-FR\",\"@id\":\"https:\\\/\\\/lasentinelle.dz\\\/#\\\/schema\\\/logo\\\/image\\\/\",\"url\":\"https:\\\/\\\/lasentinelle.dz\\\/wp-content\\\/uploads\\\/2021\\\/09\\\/logo-sentinelleSLOGAN-1.png\",\"contentUrl\":\"https:\\\/\\\/lasentinelle.dz\\\/wp-content\\\/uploads\\\/2021\\\/09\\\/logo-sentinelleSLOGAN-1.png\",\"width\":615,\"height\":142,\"caption\":\"Quotidien La Sentinelle\"},\"image\":{\"@id\":\"https:\\\/\\\/lasentinelle.dz\\\/#\\\/schema\\\/logo\\\/image\\\/\"},\"sameAs\":[\"https:\\\/\\\/www.facebook.com\\\/La-Sentinelle-104059864394773\"]},{\"@type\":\"Person\",\"@id\":\"https:\\\/\\\/lasentinelle.dz\\\/#\\\/schema\\\/person\\\/d865044e22e70a75174ce8bcad3acfb3\",\"name\":\"La Sentinelle\",\"image\":{\"@type\":\"ImageObject\",\"inLanguage\":\"fr-FR\",\"@id\":\"https:\\\/\\\/secure.gravatar.com\\\/avatar\\\/57de8e5d4b15d43fb361a71fbb36338450fe67865b528a43dd10ef7c51a20392?s=96&d=mm&r=g\",\"url\":\"https:\\\/\\\/secure.gravatar.com\\\/avatar\\\/57de8e5d4b15d43fb361a71fbb36338450fe67865b528a43dd10ef7c51a20392?s=96&d=mm&r=g\",\"contentUrl\":\"https:\\\/\\\/secure.gravatar.com\\\/avatar\\\/57de8e5d4b15d43fb361a71fbb36338450fe67865b528a43dd10ef7c51a20392?s=96&d=mm&r=g\",\"caption\":\"La Sentinelle\"},\"sameAs\":[\"http:\\\/\\\/www.lasentinelle.dz\"],\"url\":\"https:\\\/\\\/lasentinelle.dz\\\/author\\\/redaction\\\/\"}]}<\/script>\n<!-- \/ Yoast SEO plugin. -->","yoast_head_json":{"title":"Palestine occup\u00e9e\u00a0: Nouvelle assaut des forces d\u2019occupation en Cisjordanie - La Sentinelle","robots":{"index":"index","follow":"follow","max-snippet":"max-snippet:-1","max-image-preview":"max-image-preview:large","max-video-preview":"max-video-preview:-1"},"canonical":"https:\/\/lasentinelle.dz\/index.php\/2022\/11\/22\/palestine-occupee-nouvelle-assaut-des-forces-doccupation-en-cisjordanie\/","og_locale":"fr_FR","og_type":"article","og_title":"Palestine occup\u00e9e\u00a0: Nouvelle assaut des forces d\u2019occupation en Cisjordanie - La Sentinelle","og_description":"Les forces d&rsquo;occupation sionistes ont arr\u00eat\u00e9 hier, au moins 22 Palestiniens de diff\u00e9rentes r\u00e9gions de la Cisjordanie occup\u00e9e, selon l\u2019agence","og_url":"https:\/\/lasentinelle.dz\/index.php\/2022\/11\/22\/palestine-occupee-nouvelle-assaut-des-forces-doccupation-en-cisjordanie\/","og_site_name":"La Sentinelle","article_publisher":"https:\/\/www.facebook.com\/La-Sentinelle-104059864394773","article_published_time":"2022-11-22T21:00:00+00:00","og_image":[{"width":640,"height":358,"url":"https:\/\/lasentinelle.dz\/wp-content\/uploads\/2022\/11\/image_2022-11-22_174234171.png","type":"image\/png"}],"author":"La Sentinelle","twitter_card":"summary_large_image","twitter_misc":{"\u00c9crit par":"La Sentinelle","Dur\u00e9e de lecture estim\u00e9e":"2 minutes"},"schema":{"@context":"https:\/\/schema.org","@graph":[{"@type":"Article","@id":"https:\/\/lasentinelle.dz\/index.php\/2022\/11\/22\/palestine-occupee-nouvelle-assaut-des-forces-doccupation-en-cisjordanie\/#article","isPartOf":{"@id":"https:\/\/lasentinelle.dz\/index.php\/2022\/11\/22\/palestine-occupee-nouvelle-assaut-des-forces-doccupation-en-cisjordanie\/"},"author":{"name":"La Sentinelle","@id":"https:\/\/lasentinelle.dz\/#\/schema\/person\/d865044e22e70a75174ce8bcad3acfb3"},"headline":"Palestine occup\u00e9e\u00a0: Nouvelle assaut des forces d\u2019occupation en Cisjordanie","datePublished":"2022-11-22T21:00:00+00:00","mainEntityOfPage":{"@id":"https:\/\/lasentinelle.dz\/index.php\/2022\/11\/22\/palestine-occupee-nouvelle-assaut-des-forces-doccupation-en-cisjordanie\/"},"wordCount":351,"commentCount":0,"publisher":{"@id":"https:\/\/lasentinelle.dz\/#organization"},"image":{"@id":"https:\/\/lasentinelle.dz\/index.php\/2022\/11\/22\/palestine-occupee-nouvelle-assaut-des-forces-doccupation-en-cisjordanie\/#primaryimage"},"thumbnailUrl":"https:\/\/lasentinelle.dz\/wp-content\/uploads\/2022\/11\/image_2022-11-22_174234171.png","articleSection":["Monde"],"inLanguage":"fr-FR","potentialAction":[{"@type":"CommentAction","name":"Comment","target":["https:\/\/lasentinelle.dz\/index.php\/2022\/11\/22\/palestine-occupee-nouvelle-assaut-des-forces-doccupation-en-cisjordanie\/#respond"]}]},{"@type":"WebPage","@id":"https:\/\/lasentinelle.dz\/index.php\/2022\/11\/22\/palestine-occupee-nouvelle-assaut-des-forces-doccupation-en-cisjordanie\/","url":"https:\/\/lasentinelle.dz\/index.php\/2022\/11\/22\/palestine-occupee-nouvelle-assaut-des-forces-doccupation-en-cisjordanie\/","name":"Palestine occup\u00e9e\u00a0: Nouvelle assaut des forces d\u2019occupation en Cisjordanie - La Sentinelle","isPartOf":{"@id":"https:\/\/lasentinelle.dz\/#website"},"primaryImageOfPage":{"@id":"https:\/\/lasentinelle.dz\/index.php\/2022\/11\/22\/palestine-occupee-nouvelle-assaut-des-forces-doccupation-en-cisjordanie\/#primaryimage"},"image":{"@id":"https:\/\/lasentinelle.dz\/index.php\/2022\/11\/22\/palestine-occupee-nouvelle-assaut-des-forces-doccupation-en-cisjordanie\/#primaryimage"},"thumbnailUrl":"https:\/\/lasentinelle.dz\/wp-content\/uploads\/2022\/11\/image_2022-11-22_174234171.png","datePublished":"2022-11-22T21:00:00+00:00","breadcrumb":{"@id":"https:\/\/lasentinelle.dz\/index.php\/2022\/11\/22\/palestine-occupee-nouvelle-assaut-des-forces-doccupation-en-cisjordanie\/#breadcrumb"},"inLanguage":"fr-FR","potentialAction":[{"@type":"ReadAction","target":["https:\/\/lasentinelle.dz\/index.php\/2022\/11\/22\/palestine-occupee-nouvelle-assaut-des-forces-doccupation-en-cisjordanie\/"]}]},{"@type":"ImageObject","inLanguage":"fr-FR","@id":"https:\/\/lasentinelle.dz\/index.php\/2022\/11\/22\/palestine-occupee-nouvelle-assaut-des-forces-doccupation-en-cisjordanie\/#primaryimage","url":"https:\/\/lasentinelle.dz\/wp-content\/uploads\/2022\/11\/image_2022-11-22_174234171.png","contentUrl":"https:\/\/lasentinelle.dz\/wp-content\/uploads\/2022\/11\/image_2022-11-22_174234171.png","width":640,"height":358},{"@type":"BreadcrumbList","@id":"https:\/\/lasentinelle.dz\/index.php\/2022\/11\/22\/palestine-occupee-nouvelle-assaut-des-forces-doccupation-en-cisjordanie\/#breadcrumb","itemListElement":[{"@type":"ListItem","position":1,"name":"Accueil","item":"https:\/\/lasentinelle.dz\/"},{"@type":"ListItem","position":2,"name":"Palestine occup\u00e9e\u00a0: Nouvelle assaut des forces d\u2019occupation en Cisjordanie"}]},{"@type":"WebSite","@id":"https:\/\/lasentinelle.dz\/#website","url":"https:\/\/lasentinelle.dz\/","name":"La Sentinelle","description":"Quotidien national d&#039;information","publisher":{"@id":"https:\/\/lasentinelle.dz\/#organization"},"potentialAction":[{"@type":"SearchAction","target":{"@type":"EntryPoint","urlTemplate":"https:\/\/lasentinelle.dz\/?s={search_term_string}"},"query-input":{"@type":"PropertyValueSpecification","valueRequired":true,"valueName":"search_term_string"}}],"inLanguage":"fr-FR"},{"@type":"Organization","@id":"https:\/\/lasentinelle.dz\/#organization","name":"Quotidien La Sentinelle","url":"https:\/\/lasentinelle.dz\/","logo":{"@type":"ImageObject","inLanguage":"fr-FR","@id":"https:\/\/lasentinelle.dz\/#\/schema\/logo\/image\/","url":"https:\/\/lasentinelle.dz\/wp-content\/uploads\/2021\/09\/logo-sentinelleSLOGAN-1.png","contentUrl":"https:\/\/lasentinelle.dz\/wp-content\/uploads\/2021\/09\/logo-sentinelleSLOGAN-1.png","width":615,"height":142,"caption":"Quotidien La Sentinelle"},"image":{"@id":"https:\/\/lasentinelle.dz\/#\/schema\/logo\/image\/"},"sameAs":["https:\/\/www.facebook.com\/La-Sentinelle-104059864394773"]},{"@type":"Person","@id":"https:\/\/lasentinelle.dz\/#\/schema\/person\/d865044e22e70a75174ce8bcad3acfb3","name":"La Sentinelle","image":{"@type":"ImageObject","inLanguage":"fr-FR","@id":"https:\/\/secure.gravatar.com\/avatar\/57de8e5d4b15d43fb361a71fbb36338450fe67865b528a43dd10ef7c51a20392?s=96&d=mm&r=g","url":"https:\/\/secure.gravatar.com\/avatar\/57de8e5d4b15d43fb361a71fbb36338450fe67865b528a43dd10ef7c51a20392?s=96&d=mm&r=g","contentUrl":"https:\/\/secure.gravatar.com\/avatar\/57de8e5d4b15d43fb361a71fbb36338450fe67865b528a43dd10ef7c51a20392?s=96&d=mm&r=g","caption":"La Sentinelle"},"sameAs":["http:\/\/www.lasentinelle.dz"],"url":"https:\/\/lasentinelle.dz\/author\/redaction\/"}]}},"_links":{"self":[{"href":"https:\/\/lasentinelle.dz\/index.php\/wp-json\/wp\/v2\/posts\/31259","targetHints":{"allow":["GET"]}}],"collection":[{"href":"https:\/\/lasentinelle.dz\/index.php\/wp-json\/wp\/v2\/posts"}],"about":[{"href":"https:\/\/lasentinelle.dz\/index.php\/wp-json\/wp\/v2\/types\/post"}],"author":[{"embeddable":true,"href":"https:\/\/lasentinelle.dz\/index.php\/wp-json\/wp\/v2\/users\/3"}],"replies":[{"embeddable":true,"href":"https:\/\/lasentinelle.dz\/index.php\/wp-json\/wp\/v2\/comments?post=31259"}],"version-history":[{"count":1,"href":"https:\/\/lasentinelle.dz\/index.php\/wp-json\/wp\/v2\/posts\/31259\/revisions"}],"predecessor-version":[{"id":31278,"href":"https:\/\/lasentinelle.dz\/index.php\/wp-json\/wp\/v2\/posts\/31259\/revisions\/31278"}],"wp:featuredmedia":[{"embeddable":true,"href":"https:\/\/lasentinelle.dz\/index.php\/wp-json\/wp\/v2\/media\/31277"}],"wp:attachment":[{"href":"https:\/\/lasentinelle.dz\/index.php\/wp-json\/wp\/v2\/media?parent=31259"}],"wp:term":[{"taxonomy":"category","embeddable":true,"href":"https:\/\/lasentinelle.dz\/index.php\/wp-json\/wp\/v2\/categories?post=31259"},{"taxonomy":"post_tag","embeddable":true,"href":"https:\/\/lasentinelle.dz\/index.php\/wp-json\/wp\/v2\/tags?post=31259"}],"curies":[{"name":"wp","href":"https:\/\/api.w.org\/{rel}","templated":true}]}}