{"id":31271,"date":"2022-11-22T22:00:00","date_gmt":"2022-11-22T21:00:00","guid":{"rendered":"https:\/\/lasentinelle.dz\/?p=31271"},"modified":"2022-11-22T17:41:40","modified_gmt":"2022-11-22T16:41:40","slug":"mali-bamako-interdit-les-activites-des-ong-financees-par-la-france","status":"publish","type":"post","link":"https:\/\/lasentinelle.dz\/index.php\/2022\/11\/22\/mali-bamako-interdit-les-activites-des-ong-financees-par-la-france\/","title":{"rendered":"Mali\u00a0: Bamako interdit les activit\u00e9s des ONG financ\u00e9es par la France"},"content":{"rendered":"\n<p>La d\u00e9gradation des relations se poursuit entre Bamako et Paris. En r\u00e9action \u00e0 la suspension par la France de l&rsquo;aide au d\u00e9veloppement \u00e0 destination du Mali, le gouvernement de transition de ce pays a annonc\u00e9 lundi l&rsquo;interdiction des activit\u00e9s de toutes les organisations non gouvernementales financ\u00e9es ou soutenues par la France. Les organisations op\u00e9rant dans le domaine humanitaire sont \u00e9galement concern\u00e9es. Dans son communiqu\u00e9, le gouvernement malien explique avoir pris note de la mesure prise par Paris \u00abaux motifs fallacieux de la coop\u00e9ration militaire Mali-Russie\u00bb, ainsi que de l&rsquo;\u00aboctroi direct aux ONG fran\u00e7aises des fonds mis \u00e0 disposition dans le cadre de l&rsquo;action humanitaire de la France au Mali\u00bb. Attribuant ces \u00aball\u00e9gations fantaisistes\u00bb \u00e0 la \u00abjunte fran\u00e7aise\u00bb (en r\u00e9f\u00e9rence au terme employ\u00e9 pour qualifier les autorit\u00e9s de transition maliennes), Bamako d\u00e9nonce une tentative de la France \u00abde d\u00e9stabilisation et d&rsquo;isolement du Mali\u00bb. Le texte, sign\u00e9 de la main du Premier ministre par int\u00e9rim et porte-parole du gouvernement, le colonel Abdoulaye Ma\u00efga, explique que la d\u00e9cision fran\u00e7aise de suspendre son aide contribue en fait \u00e0 restaurer la \u00abdignit\u00e9 bafou\u00e9e\u00bb des Maliens. Paris se voit ainsi reprocher une \u00abaide d\u00e9shumanisante [&#8230;] et utilis\u00e9e comme moyen de chantage des gouvernants\u00bb ainsi qu&rsquo;un \u00absoutien actif aux groupes terroristes\u00bb \u2013 argument que le gouvernement fran\u00e7ais a toujours d\u00e9menti. Le 17 novembre, le quai d&rsquo;Orsay avait annonc\u00e9 suspendre l&rsquo;aide fran\u00e7aise au d\u00e9veloppement \u00e0 destination du Mali. Selon Bamako, cette d\u00e9cision aurait en r\u00e9alit\u00e9 \u00e9t\u00e9 notifi\u00e9e par voie diplomatique d\u00e8s le mois de f\u00e9vrier.&nbsp; \u00abFace \u00e0 l&rsquo;attitude de la junte malienne, alli\u00e9e aux mercenaires russes de Wagner, nous avons suspendu notre aide publique au d\u00e9veloppement avec le Mali\u00bb, expliquait ainsi une source cit\u00e9e par l&rsquo;AFP. Les autorit\u00e9s maliennes ont toujours d\u00e9menti avoir fait appel \u00e0 la soci\u00e9t\u00e9 priv\u00e9e russe et parlent d&rsquo;instructeurs de l&rsquo;arm\u00e9e russe d\u00e9ploy\u00e9s au nom d&rsquo;une collaboration entre les deux pays. La France a, pour sa part, indiqu\u00e9 \u00abregretter\u00bb la d\u00e9cision qui, selon elle,&nbsp; \u00abintervient malheureusement au d\u00e9triment de la population malienne\u00bb\u00a0\u00bb. Dans son annonce, le minist\u00e8re fran\u00e7ais des Affaires \u00e9trang\u00e8res ajoute maintenir son \u00abaide humanitaire\u00bb et quelques soutiens \u00e0 \u00abdes organisations de la soci\u00e9t\u00e9 civile maliennes\u00bb, sans citer de noms particuliers. Mais la d\u00e9cision de Paris n&rsquo;a pas \u00e9t\u00e9 favorablement accueillie par les principaux int\u00e9ress\u00e9s. Ainsi, dans un courrier adress\u00e9 le 15 novembre \u00e0 Emmanuel Macron, consult\u00e9 par l&rsquo;AFP, un collectif d&rsquo;ONG (dont CCFD Terre-solidaire, Handicap international, M\u00e9decins du monde et Oxfam) faisaient part de leur inqui\u00e9tude. \u00abEn tant que r\u00e9cipiendaires d&rsquo;une importante partie de ces financements, notamment depuis la suspension de l&rsquo;aide bilat\u00e9rale directe entre les institutions publiques fran\u00e7aises et maliennes, les organisations de solidarit\u00e9 internationale que nous repr\u00e9sentons sont tr\u00e8s inqui\u00e8tes des cons\u00e9quences d&rsquo;une telle d\u00e9cision pour la population, les organisations de la soci\u00e9t\u00e9 civile malienne, ainsi que leur propre organisation\u00bb, \u00e9crivaient ces ONG. Selon elles, 7,5 millions de Maliens ont besoin d&rsquo;assistance, \u00absoit plus de 35% de la population\u00bb. \u00abLa suppression de ces financements entra\u00eenera l&rsquo;arr\u00eat d&rsquo;activit\u00e9s essentielles, voire vitales [&#8230;] au profit de populations en situation de grande fragilit\u00e9 ou de pauvret\u00e9\u00bb, avertissaient-elles.&nbsp;<\/p>\n\n\n\n<p>selon les besoins des populations\u00bb. Un appel qui n&rsquo;a pour l&rsquo;heure pas \u00e9t\u00e9 entendu&#8230;<\/p>\n\n\n\n<p>R.I.<\/p>\n","protected":false},"excerpt":{"rendered":"<p>La d\u00e9gradation des relations se poursuit entre Bamako et Paris. En r\u00e9action \u00e0 la suspension par la France de l&rsquo;aide<\/p>\n","protected":false},"author":3,"featured_media":31275,"comment_status":"open","ping_status":"closed","sticky":false,"template":"","format":"standard","meta":{"colormag_page_container_layout":"default_layout","colormag_page_sidebar_layout":"default_layout","om_disable_all_campaigns":false,"_monsterinsights_skip_tracking":false,"_monsterinsights_sitenote_active":false,"_monsterinsights_sitenote_note":"","_monsterinsights_sitenote_category":0,"footnotes":"","_wpscppro_dont_share_socialmedia":false,"_wpscppro_custom_social_share_image":0,"_facebook_share_type":"","_twitter_share_type":"","_linkedin_share_type":"","_pinterest_share_type":"","_linkedin_share_type_page":"","_instagram_share_type":"","_medium_share_type":"","_threads_share_type":"","_google_business_share_type":"","_selected_social_profile":[],"_wpsp_enable_custom_social_template":false,"_wpsp_social_scheduling":{"enabled":false,"datetime":null,"platforms":[],"status":"template_only","dateOption":"today","timeOption":"now","customDays":"","customHours":"","customDate":"","customTime":"","schedulingType":"absolute"},"_wpsp_active_default_template":true},"categories":[37],"tags":[],"class_list":["post-31271","post","type-post","status-publish","format-standard","has-post-thumbnail","hentry","category-monde"],"aioseo_notices":[],"yoast_head":"<!-- This site is optimized with the Yoast SEO plugin v27.4 - https:\/\/yoast.com\/product\/yoast-seo-wordpress\/ -->\n<title>Mali\u00a0: Bamako interdit les activit\u00e9s des ONG financ\u00e9es par la France - La Sentinelle<\/title>\n<meta name=\"robots\" content=\"index, follow, max-snippet:-1, max-image-preview:large, max-video-preview:-1\" \/>\n<link rel=\"canonical\" href=\"https:\/\/lasentinelle.dz\/index.php\/2022\/11\/22\/mali-bamako-interdit-les-activites-des-ong-financees-par-la-france\/\" \/>\n<meta property=\"og:locale\" content=\"fr_FR\" \/>\n<meta property=\"og:type\" content=\"article\" \/>\n<meta property=\"og:title\" content=\"Mali\u00a0: Bamako interdit les activit\u00e9s des ONG financ\u00e9es par la France - La Sentinelle\" \/>\n<meta property=\"og:description\" content=\"La d\u00e9gradation des relations se poursuit entre Bamako et Paris. En r\u00e9action \u00e0 la suspension par la France de l&rsquo;aide\" \/>\n<meta property=\"og:url\" content=\"https:\/\/lasentinelle.dz\/index.php\/2022\/11\/22\/mali-bamako-interdit-les-activites-des-ong-financees-par-la-france\/\" \/>\n<meta property=\"og:site_name\" content=\"La Sentinelle\" \/>\n<meta property=\"article:publisher\" content=\"https:\/\/www.facebook.com\/La-Sentinelle-104059864394773\" \/>\n<meta property=\"article:published_time\" content=\"2022-11-22T21:00:00+00:00\" \/>\n<meta property=\"og:image\" content=\"https:\/\/lasentinelle.dz\/wp-content\/uploads\/2022\/11\/image_2022-11-22_174125804.png\" \/>\n\t<meta property=\"og:image:width\" content=\"700\" \/>\n\t<meta property=\"og:image:height\" content=\"400\" \/>\n\t<meta property=\"og:image:type\" content=\"image\/png\" \/>\n<meta name=\"author\" content=\"La Sentinelle\" \/>\n<meta name=\"twitter:card\" content=\"summary_large_image\" \/>\n<meta name=\"twitter:label1\" content=\"\u00c9crit par\" \/>\n\t<meta name=\"twitter:data1\" content=\"La Sentinelle\" \/>\n\t<meta name=\"twitter:label2\" content=\"Dur\u00e9e de lecture estim\u00e9e\" \/>\n\t<meta name=\"twitter:data2\" content=\"3 minutes\" \/>\n<script type=\"application\/ld+json\" class=\"yoast-schema-graph\">{\"@context\":\"https:\\\/\\\/schema.org\",\"@graph\":[{\"@type\":\"Article\",\"@id\":\"https:\\\/\\\/lasentinelle.dz\\\/index.php\\\/2022\\\/11\\\/22\\\/mali-bamako-interdit-les-activites-des-ong-financees-par-la-france\\\/#article\",\"isPartOf\":{\"@id\":\"https:\\\/\\\/lasentinelle.dz\\\/index.php\\\/2022\\\/11\\\/22\\\/mali-bamako-interdit-les-activites-des-ong-financees-par-la-france\\\/\"},\"author\":{\"name\":\"La Sentinelle\",\"@id\":\"https:\\\/\\\/lasentinelle.dz\\\/#\\\/schema\\\/person\\\/d865044e22e70a75174ce8bcad3acfb3\"},\"headline\":\"Mali\u00a0: Bamako interdit les activit\u00e9s des ONG financ\u00e9es par la France\",\"datePublished\":\"2022-11-22T21:00:00+00:00\",\"mainEntityOfPage\":{\"@id\":\"https:\\\/\\\/lasentinelle.dz\\\/index.php\\\/2022\\\/11\\\/22\\\/mali-bamako-interdit-les-activites-des-ong-financees-par-la-france\\\/\"},\"wordCount\":608,\"commentCount\":0,\"publisher\":{\"@id\":\"https:\\\/\\\/lasentinelle.dz\\\/#organization\"},\"image\":{\"@id\":\"https:\\\/\\\/lasentinelle.dz\\\/index.php\\\/2022\\\/11\\\/22\\\/mali-bamako-interdit-les-activites-des-ong-financees-par-la-france\\\/#primaryimage\"},\"thumbnailUrl\":\"https:\\\/\\\/lasentinelle.dz\\\/wp-content\\\/uploads\\\/2022\\\/11\\\/image_2022-11-22_174125804.png\",\"articleSection\":[\"Monde\"],\"inLanguage\":\"fr-FR\",\"potentialAction\":[{\"@type\":\"CommentAction\",\"name\":\"Comment\",\"target\":[\"https:\\\/\\\/lasentinelle.dz\\\/index.php\\\/2022\\\/11\\\/22\\\/mali-bamako-interdit-les-activites-des-ong-financees-par-la-france\\\/#respond\"]}]},{\"@type\":\"WebPage\",\"@id\":\"https:\\\/\\\/lasentinelle.dz\\\/index.php\\\/2022\\\/11\\\/22\\\/mali-bamako-interdit-les-activites-des-ong-financees-par-la-france\\\/\",\"url\":\"https:\\\/\\\/lasentinelle.dz\\\/index.php\\\/2022\\\/11\\\/22\\\/mali-bamako-interdit-les-activites-des-ong-financees-par-la-france\\\/\",\"name\":\"Mali\u00a0: Bamako interdit les activit\u00e9s des ONG financ\u00e9es par la France - La Sentinelle\",\"isPartOf\":{\"@id\":\"https:\\\/\\\/lasentinelle.dz\\\/#website\"},\"primaryImageOfPage\":{\"@id\":\"https:\\\/\\\/lasentinelle.dz\\\/index.php\\\/2022\\\/11\\\/22\\\/mali-bamako-interdit-les-activites-des-ong-financees-par-la-france\\\/#primaryimage\"},\"image\":{\"@id\":\"https:\\\/\\\/lasentinelle.dz\\\/index.php\\\/2022\\\/11\\\/22\\\/mali-bamako-interdit-les-activites-des-ong-financees-par-la-france\\\/#primaryimage\"},\"thumbnailUrl\":\"https:\\\/\\\/lasentinelle.dz\\\/wp-content\\\/uploads\\\/2022\\\/11\\\/image_2022-11-22_174125804.png\",\"datePublished\":\"2022-11-22T21:00:00+00:00\",\"breadcrumb\":{\"@id\":\"https:\\\/\\\/lasentinelle.dz\\\/index.php\\\/2022\\\/11\\\/22\\\/mali-bamako-interdit-les-activites-des-ong-financees-par-la-france\\\/#breadcrumb\"},\"inLanguage\":\"fr-FR\",\"potentialAction\":[{\"@type\":\"ReadAction\",\"target\":[\"https:\\\/\\\/lasentinelle.dz\\\/index.php\\\/2022\\\/11\\\/22\\\/mali-bamako-interdit-les-activites-des-ong-financees-par-la-france\\\/\"]}]},{\"@type\":\"ImageObject\",\"inLanguage\":\"fr-FR\",\"@id\":\"https:\\\/\\\/lasentinelle.dz\\\/index.php\\\/2022\\\/11\\\/22\\\/mali-bamako-interdit-les-activites-des-ong-financees-par-la-france\\\/#primaryimage\",\"url\":\"https:\\\/\\\/lasentinelle.dz\\\/wp-content\\\/uploads\\\/2022\\\/11\\\/image_2022-11-22_174125804.png\",\"contentUrl\":\"https:\\\/\\\/lasentinelle.dz\\\/wp-content\\\/uploads\\\/2022\\\/11\\\/image_2022-11-22_174125804.png\",\"width\":700,\"height\":400},{\"@type\":\"BreadcrumbList\",\"@id\":\"https:\\\/\\\/lasentinelle.dz\\\/index.php\\\/2022\\\/11\\\/22\\\/mali-bamako-interdit-les-activites-des-ong-financees-par-la-france\\\/#breadcrumb\",\"itemListElement\":[{\"@type\":\"ListItem\",\"position\":1,\"name\":\"Accueil\",\"item\":\"https:\\\/\\\/lasentinelle.dz\\\/\"},{\"@type\":\"ListItem\",\"position\":2,\"name\":\"Mali\u00a0: Bamako interdit les activit\u00e9s des ONG financ\u00e9es par la France\"}]},{\"@type\":\"WebSite\",\"@id\":\"https:\\\/\\\/lasentinelle.dz\\\/#website\",\"url\":\"https:\\\/\\\/lasentinelle.dz\\\/\",\"name\":\"La Sentinelle\",\"description\":\"Quotidien national d&#039;information\",\"publisher\":{\"@id\":\"https:\\\/\\\/lasentinelle.dz\\\/#organization\"},\"potentialAction\":[{\"@type\":\"SearchAction\",\"target\":{\"@type\":\"EntryPoint\",\"urlTemplate\":\"https:\\\/\\\/lasentinelle.dz\\\/?s={search_term_string}\"},\"query-input\":{\"@type\":\"PropertyValueSpecification\",\"valueRequired\":true,\"valueName\":\"search_term_string\"}}],\"inLanguage\":\"fr-FR\"},{\"@type\":\"Organization\",\"@id\":\"https:\\\/\\\/lasentinelle.dz\\\/#organization\",\"name\":\"Quotidien La Sentinelle\",\"url\":\"https:\\\/\\\/lasentinelle.dz\\\/\",\"logo\":{\"@type\":\"ImageObject\",\"inLanguage\":\"fr-FR\",\"@id\":\"https:\\\/\\\/lasentinelle.dz\\\/#\\\/schema\\\/logo\\\/image\\\/\",\"url\":\"https:\\\/\\\/lasentinelle.dz\\\/wp-content\\\/uploads\\\/2021\\\/09\\\/logo-sentinelleSLOGAN-1.png\",\"contentUrl\":\"https:\\\/\\\/lasentinelle.dz\\\/wp-content\\\/uploads\\\/2021\\\/09\\\/logo-sentinelleSLOGAN-1.png\",\"width\":615,\"height\":142,\"caption\":\"Quotidien La Sentinelle\"},\"image\":{\"@id\":\"https:\\\/\\\/lasentinelle.dz\\\/#\\\/schema\\\/logo\\\/image\\\/\"},\"sameAs\":[\"https:\\\/\\\/www.facebook.com\\\/La-Sentinelle-104059864394773\"]},{\"@type\":\"Person\",\"@id\":\"https:\\\/\\\/lasentinelle.dz\\\/#\\\/schema\\\/person\\\/d865044e22e70a75174ce8bcad3acfb3\",\"name\":\"La Sentinelle\",\"image\":{\"@type\":\"ImageObject\",\"inLanguage\":\"fr-FR\",\"@id\":\"https:\\\/\\\/secure.gravatar.com\\\/avatar\\\/57de8e5d4b15d43fb361a71fbb36338450fe67865b528a43dd10ef7c51a20392?s=96&d=mm&r=g\",\"url\":\"https:\\\/\\\/secure.gravatar.com\\\/avatar\\\/57de8e5d4b15d43fb361a71fbb36338450fe67865b528a43dd10ef7c51a20392?s=96&d=mm&r=g\",\"contentUrl\":\"https:\\\/\\\/secure.gravatar.com\\\/avatar\\\/57de8e5d4b15d43fb361a71fbb36338450fe67865b528a43dd10ef7c51a20392?s=96&d=mm&r=g\",\"caption\":\"La Sentinelle\"},\"sameAs\":[\"http:\\\/\\\/www.lasentinelle.dz\"],\"url\":\"https:\\\/\\\/lasentinelle.dz\\\/author\\\/redaction\\\/\"}]}<\/script>\n<!-- \/ Yoast SEO plugin. -->","yoast_head_json":{"title":"Mali\u00a0: Bamako interdit les activit\u00e9s des ONG financ\u00e9es par la France - La Sentinelle","robots":{"index":"index","follow":"follow","max-snippet":"max-snippet:-1","max-image-preview":"max-image-preview:large","max-video-preview":"max-video-preview:-1"},"canonical":"https:\/\/lasentinelle.dz\/index.php\/2022\/11\/22\/mali-bamako-interdit-les-activites-des-ong-financees-par-la-france\/","og_locale":"fr_FR","og_type":"article","og_title":"Mali\u00a0: Bamako interdit les activit\u00e9s des ONG financ\u00e9es par la France - La Sentinelle","og_description":"La d\u00e9gradation des relations se poursuit entre Bamako et Paris. En r\u00e9action \u00e0 la suspension par la France de l&rsquo;aide","og_url":"https:\/\/lasentinelle.dz\/index.php\/2022\/11\/22\/mali-bamako-interdit-les-activites-des-ong-financees-par-la-france\/","og_site_name":"La Sentinelle","article_publisher":"https:\/\/www.facebook.com\/La-Sentinelle-104059864394773","article_published_time":"2022-11-22T21:00:00+00:00","og_image":[{"width":700,"height":400,"url":"https:\/\/lasentinelle.dz\/wp-content\/uploads\/2022\/11\/image_2022-11-22_174125804.png","type":"image\/png"}],"author":"La Sentinelle","twitter_card":"summary_large_image","twitter_misc":{"\u00c9crit par":"La Sentinelle","Dur\u00e9e de lecture estim\u00e9e":"3 minutes"},"schema":{"@context":"https:\/\/schema.org","@graph":[{"@type":"Article","@id":"https:\/\/lasentinelle.dz\/index.php\/2022\/11\/22\/mali-bamako-interdit-les-activites-des-ong-financees-par-la-france\/#article","isPartOf":{"@id":"https:\/\/lasentinelle.dz\/index.php\/2022\/11\/22\/mali-bamako-interdit-les-activites-des-ong-financees-par-la-france\/"},"author":{"name":"La Sentinelle","@id":"https:\/\/lasentinelle.dz\/#\/schema\/person\/d865044e22e70a75174ce8bcad3acfb3"},"headline":"Mali\u00a0: Bamako interdit les activit\u00e9s des ONG financ\u00e9es par la France","datePublished":"2022-11-22T21:00:00+00:00","mainEntityOfPage":{"@id":"https:\/\/lasentinelle.dz\/index.php\/2022\/11\/22\/mali-bamako-interdit-les-activites-des-ong-financees-par-la-france\/"},"wordCount":608,"commentCount":0,"publisher":{"@id":"https:\/\/lasentinelle.dz\/#organization"},"image":{"@id":"https:\/\/lasentinelle.dz\/index.php\/2022\/11\/22\/mali-bamako-interdit-les-activites-des-ong-financees-par-la-france\/#primaryimage"},"thumbnailUrl":"https:\/\/lasentinelle.dz\/wp-content\/uploads\/2022\/11\/image_2022-11-22_174125804.png","articleSection":["Monde"],"inLanguage":"fr-FR","potentialAction":[{"@type":"CommentAction","name":"Comment","target":["https:\/\/lasentinelle.dz\/index.php\/2022\/11\/22\/mali-bamako-interdit-les-activites-des-ong-financees-par-la-france\/#respond"]}]},{"@type":"WebPage","@id":"https:\/\/lasentinelle.dz\/index.php\/2022\/11\/22\/mali-bamako-interdit-les-activites-des-ong-financees-par-la-france\/","url":"https:\/\/lasentinelle.dz\/index.php\/2022\/11\/22\/mali-bamako-interdit-les-activites-des-ong-financees-par-la-france\/","name":"Mali\u00a0: Bamako interdit les activit\u00e9s des ONG financ\u00e9es par la France - La Sentinelle","isPartOf":{"@id":"https:\/\/lasentinelle.dz\/#website"},"primaryImageOfPage":{"@id":"https:\/\/lasentinelle.dz\/index.php\/2022\/11\/22\/mali-bamako-interdit-les-activites-des-ong-financees-par-la-france\/#primaryimage"},"image":{"@id":"https:\/\/lasentinelle.dz\/index.php\/2022\/11\/22\/mali-bamako-interdit-les-activites-des-ong-financees-par-la-france\/#primaryimage"},"thumbnailUrl":"https:\/\/lasentinelle.dz\/wp-content\/uploads\/2022\/11\/image_2022-11-22_174125804.png","datePublished":"2022-11-22T21:00:00+00:00","breadcrumb":{"@id":"https:\/\/lasentinelle.dz\/index.php\/2022\/11\/22\/mali-bamako-interdit-les-activites-des-ong-financees-par-la-france\/#breadcrumb"},"inLanguage":"fr-FR","potentialAction":[{"@type":"ReadAction","target":["https:\/\/lasentinelle.dz\/index.php\/2022\/11\/22\/mali-bamako-interdit-les-activites-des-ong-financees-par-la-france\/"]}]},{"@type":"ImageObject","inLanguage":"fr-FR","@id":"https:\/\/lasentinelle.dz\/index.php\/2022\/11\/22\/mali-bamako-interdit-les-activites-des-ong-financees-par-la-france\/#primaryimage","url":"https:\/\/lasentinelle.dz\/wp-content\/uploads\/2022\/11\/image_2022-11-22_174125804.png","contentUrl":"https:\/\/lasentinelle.dz\/wp-content\/uploads\/2022\/11\/image_2022-11-22_174125804.png","width":700,"height":400},{"@type":"BreadcrumbList","@id":"https:\/\/lasentinelle.dz\/index.php\/2022\/11\/22\/mali-bamako-interdit-les-activites-des-ong-financees-par-la-france\/#breadcrumb","itemListElement":[{"@type":"ListItem","position":1,"name":"Accueil","item":"https:\/\/lasentinelle.dz\/"},{"@type":"ListItem","position":2,"name":"Mali\u00a0: Bamako interdit les activit\u00e9s des ONG financ\u00e9es par la France"}]},{"@type":"WebSite","@id":"https:\/\/lasentinelle.dz\/#website","url":"https:\/\/lasentinelle.dz\/","name":"La Sentinelle","description":"Quotidien national d&#039;information","publisher":{"@id":"https:\/\/lasentinelle.dz\/#organization"},"potentialAction":[{"@type":"SearchAction","target":{"@type":"EntryPoint","urlTemplate":"https:\/\/lasentinelle.dz\/?s={search_term_string}"},"query-input":{"@type":"PropertyValueSpecification","valueRequired":true,"valueName":"search_term_string"}}],"inLanguage":"fr-FR"},{"@type":"Organization","@id":"https:\/\/lasentinelle.dz\/#organization","name":"Quotidien La Sentinelle","url":"https:\/\/lasentinelle.dz\/","logo":{"@type":"ImageObject","inLanguage":"fr-FR","@id":"https:\/\/lasentinelle.dz\/#\/schema\/logo\/image\/","url":"https:\/\/lasentinelle.dz\/wp-content\/uploads\/2021\/09\/logo-sentinelleSLOGAN-1.png","contentUrl":"https:\/\/lasentinelle.dz\/wp-content\/uploads\/2021\/09\/logo-sentinelleSLOGAN-1.png","width":615,"height":142,"caption":"Quotidien La Sentinelle"},"image":{"@id":"https:\/\/lasentinelle.dz\/#\/schema\/logo\/image\/"},"sameAs":["https:\/\/www.facebook.com\/La-Sentinelle-104059864394773"]},{"@type":"Person","@id":"https:\/\/lasentinelle.dz\/#\/schema\/person\/d865044e22e70a75174ce8bcad3acfb3","name":"La Sentinelle","image":{"@type":"ImageObject","inLanguage":"fr-FR","@id":"https:\/\/secure.gravatar.com\/avatar\/57de8e5d4b15d43fb361a71fbb36338450fe67865b528a43dd10ef7c51a20392?s=96&d=mm&r=g","url":"https:\/\/secure.gravatar.com\/avatar\/57de8e5d4b15d43fb361a71fbb36338450fe67865b528a43dd10ef7c51a20392?s=96&d=mm&r=g","contentUrl":"https:\/\/secure.gravatar.com\/avatar\/57de8e5d4b15d43fb361a71fbb36338450fe67865b528a43dd10ef7c51a20392?s=96&d=mm&r=g","caption":"La Sentinelle"},"sameAs":["http:\/\/www.lasentinelle.dz"],"url":"https:\/\/lasentinelle.dz\/author\/redaction\/"}]}},"_links":{"self":[{"href":"https:\/\/lasentinelle.dz\/index.php\/wp-json\/wp\/v2\/posts\/31271","targetHints":{"allow":["GET"]}}],"collection":[{"href":"https:\/\/lasentinelle.dz\/index.php\/wp-json\/wp\/v2\/posts"}],"about":[{"href":"https:\/\/lasentinelle.dz\/index.php\/wp-json\/wp\/v2\/types\/post"}],"author":[{"embeddable":true,"href":"https:\/\/lasentinelle.dz\/index.php\/wp-json\/wp\/v2\/users\/3"}],"replies":[{"embeddable":true,"href":"https:\/\/lasentinelle.dz\/index.php\/wp-json\/wp\/v2\/comments?post=31271"}],"version-history":[{"count":1,"href":"https:\/\/lasentinelle.dz\/index.php\/wp-json\/wp\/v2\/posts\/31271\/revisions"}],"predecessor-version":[{"id":31276,"href":"https:\/\/lasentinelle.dz\/index.php\/wp-json\/wp\/v2\/posts\/31271\/revisions\/31276"}],"wp:featuredmedia":[{"embeddable":true,"href":"https:\/\/lasentinelle.dz\/index.php\/wp-json\/wp\/v2\/media\/31275"}],"wp:attachment":[{"href":"https:\/\/lasentinelle.dz\/index.php\/wp-json\/wp\/v2\/media?parent=31271"}],"wp:term":[{"taxonomy":"category","embeddable":true,"href":"https:\/\/lasentinelle.dz\/index.php\/wp-json\/wp\/v2\/categories?post=31271"},{"taxonomy":"post_tag","embeddable":true,"href":"https:\/\/lasentinelle.dz\/index.php\/wp-json\/wp\/v2\/tags?post=31271"}],"curies":[{"name":"wp","href":"https:\/\/api.w.org\/{rel}","templated":true}]}}