{"id":31323,"date":"2022-11-22T22:05:00","date_gmt":"2022-11-22T21:05:00","guid":{"rendered":"https:\/\/lasentinelle.dz\/?p=31323"},"modified":"2022-11-22T20:15:47","modified_gmt":"2022-11-22T19:15:47","slug":"sommet-extraordinaire-de-lua-lamamra-prend-part-a-la-reunion-du-conseil-executif-preparatoire","status":"publish","type":"post","link":"https:\/\/lasentinelle.dz\/index.php\/2022\/11\/22\/sommet-extraordinaire-de-lua-lamamra-prend-part-a-la-reunion-du-conseil-executif-preparatoire\/","title":{"rendered":"Sommet extraordinaire de l&rsquo;UA\u00a0: Lamamra prend part \u00e0 la r\u00e9union du Conseil ex\u00e9cutif pr\u00e9paratoire"},"content":{"rendered":"\n<p>Le ministre des Affaires \u00e9trang\u00e8res et de la Communaut\u00e9 nationale \u00e0 l&rsquo;\u00e9tranger, Ramtane Lamamra, prendra part aujourd\u2019hui \u00e0 Niamey, \u00e0 la r\u00e9union du Conseil ex\u00e9cutif de l\u2019Union africaine (UA) pr\u00e9paratoire au Sommet extraordinaire sur l&rsquo;industrialisation et la diversification \u00e9conomique en Afrique, ainsi que sur la Zone de libre-\u00e9change continentale africaine (ZLECAf), a indiqu\u00e9, mardi, un communiqu\u00e9 du minist\u00e8re.A cette occasion, les ministres des Etats membres de l&rsquo;UA examineront les rapports th\u00e9matiques et les projets de d\u00e9cisions qui seront soumis pour adoption au Sommet extraordinaire des chefs d\u2019Etat et de gouvernement de l&rsquo;UA que la capitale du Niger accueillera le 25 novembre, a pr\u00e9cis\u00e9 le communiqu\u00e9.\u00a0\u00bbL\u2019objectif \u00e9tant de renouveler l\u2019engagement collectif des dirigeants africains en faveur de la transformation structurelle, de la diversification \u00e9conomique et de l\u2019acc\u00e9l\u00e9ration du processus d\u2019op\u00e9rationnalisation de la ZLECAf, dans le cadre d\u2019une approche int\u00e9gr\u00e9e tendant \u00e0 promouvoir la r\u00e9alisation des objectifs de l&rsquo;Agenda 2063&Prime;, a-t-on expliqu\u00e9.\u00a0\u00bbIntervenant dans un contexte international marqu\u00e9 par des crises et des tensions g\u00e9opolitiques croissantes, cette \u00e9ch\u00e9ance continentale rev\u00eat une importance particuli\u00e8re pour l\u2019Alg\u00e9rie dont l\u2019engagement panafricaniste est constant\u00a0\u00bb, a soulign\u00e9 la m\u00eame source.A cet \u00e9gard, M. Lamamra saisira l\u2019occasion de la r\u00e9union du Conseil ex\u00e9cutif de l\u2019UA pour \u00ab\u00a0mettre en exergue les progr\u00e8s r\u00e9alis\u00e9s par l\u2019Alg\u00e9rie sur la voie du d\u00e9veloppement de son \u00e9conomie et de la diversification de ses exportations hors hydrocarbures, tout en plaidant pour le renforcement de l\u2019action africaine commune afin de mettre l\u2019Afrique \u00e0 l\u2019abri des tensions internationales r\u00e9currentes et de la pr\u00e9munir du climat de polarisation qui en r\u00e9sulte\u00a0\u00bb, a ajout\u00e9 le texte.Le chef de la diplomatie alg\u00e9rienne pr\u00e9voit \u00e9galement de s\u2019entretenir avec nombre de ses homologues africains \u00ab\u00a0dans le cadre de la tradition de consultation et de coordination\u00a0\u00bb sur les questions d\u2019actualit\u00e9 aux niveaux international et continental, a conclu la m\u00eame source.<\/p>\n\n\n\n<p>APS<\/p>\n","protected":false},"excerpt":{"rendered":"<p>Le ministre des Affaires \u00e9trang\u00e8res et de la Communaut\u00e9 nationale \u00e0 l&rsquo;\u00e9tranger, Ramtane Lamamra, prendra part aujourd\u2019hui \u00e0 Niamey, \u00e0<\/p>\n","protected":false},"author":3,"featured_media":29977,"comment_status":"open","ping_status":"closed","sticky":false,"template":"","format":"standard","meta":{"colormag_page_container_layout":"default_layout","colormag_page_sidebar_layout":"default_layout","om_disable_all_campaigns":false,"_monsterinsights_skip_tracking":false,"_monsterinsights_sitenote_active":false,"_monsterinsights_sitenote_note":"","_monsterinsights_sitenote_category":0,"footnotes":"","_wpscppro_dont_share_socialmedia":false,"_wpscppro_custom_social_share_image":0,"_facebook_share_type":"","_twitter_share_type":"","_linkedin_share_type":"","_pinterest_share_type":"","_linkedin_share_type_page":"","_instagram_share_type":"","_medium_share_type":"","_threads_share_type":"","_google_business_share_type":"","_selected_social_profile":[],"_wpsp_enable_custom_social_template":false,"_wpsp_social_scheduling":{"enabled":false,"datetime":null,"platforms":[],"status":"template_only","dateOption":"today","timeOption":"now","customDays":"","customHours":"","customDate":"","customTime":"","schedulingType":"absolute"},"_wpsp_active_default_template":true},"categories":[27],"tags":[],"class_list":["post-31323","post","type-post","status-publish","format-standard","has-post-thumbnail","hentry","category-actualite"],"aioseo_notices":[],"yoast_head":"<!-- This site is optimized with the Yoast SEO plugin v27.5 - https:\/\/yoast.com\/product\/yoast-seo-wordpress\/ -->\n<title>Sommet extraordinaire de l&rsquo;UA\u00a0: Lamamra prend part \u00e0 la r\u00e9union du Conseil ex\u00e9cutif pr\u00e9paratoire - La Sentinelle<\/title>\n<meta name=\"robots\" content=\"index, follow, max-snippet:-1, max-image-preview:large, max-video-preview:-1\" \/>\n<link rel=\"canonical\" href=\"https:\/\/lasentinelle.dz\/index.php\/2022\/11\/22\/sommet-extraordinaire-de-lua-lamamra-prend-part-a-la-reunion-du-conseil-executif-preparatoire\/\" \/>\n<meta property=\"og:locale\" content=\"fr_FR\" \/>\n<meta property=\"og:type\" content=\"article\" \/>\n<meta property=\"og:title\" content=\"Sommet extraordinaire de l&rsquo;UA\u00a0: Lamamra prend part \u00e0 la r\u00e9union du Conseil ex\u00e9cutif pr\u00e9paratoire - La Sentinelle\" \/>\n<meta property=\"og:description\" content=\"Le ministre des Affaires \u00e9trang\u00e8res et de la Communaut\u00e9 nationale \u00e0 l&rsquo;\u00e9tranger, Ramtane Lamamra, prendra part aujourd\u2019hui \u00e0 Niamey, \u00e0\" \/>\n<meta property=\"og:url\" content=\"https:\/\/lasentinelle.dz\/index.php\/2022\/11\/22\/sommet-extraordinaire-de-lua-lamamra-prend-part-a-la-reunion-du-conseil-executif-preparatoire\/\" \/>\n<meta property=\"og:site_name\" content=\"La Sentinelle\" \/>\n<meta property=\"article:publisher\" content=\"https:\/\/www.facebook.com\/La-Sentinelle-104059864394773\" \/>\n<meta property=\"article:published_time\" content=\"2022-11-22T21:05:00+00:00\" \/>\n<meta property=\"og:image\" content=\"https:\/\/lasentinelle.dz\/wp-content\/uploads\/2022\/11\/Lamamra.png\" \/>\n\t<meta property=\"og:image:width\" content=\"1350\" \/>\n\t<meta property=\"og:image:height\" content=\"900\" \/>\n\t<meta property=\"og:image:type\" content=\"image\/png\" \/>\n<meta name=\"author\" content=\"La Sentinelle\" \/>\n<meta name=\"twitter:card\" content=\"summary_large_image\" \/>\n<meta name=\"twitter:label1\" content=\"\u00c9crit par\" \/>\n\t<meta name=\"twitter:data1\" content=\"La Sentinelle\" \/>\n\t<meta name=\"twitter:label2\" content=\"Dur\u00e9e de lecture estim\u00e9e\" \/>\n\t<meta name=\"twitter:data2\" content=\"2 minutes\" \/>\n<script type=\"application\/ld+json\" class=\"yoast-schema-graph\">{\"@context\":\"https:\\\/\\\/schema.org\",\"@graph\":[{\"@type\":\"Article\",\"@id\":\"https:\\\/\\\/lasentinelle.dz\\\/index.php\\\/2022\\\/11\\\/22\\\/sommet-extraordinaire-de-lua-lamamra-prend-part-a-la-reunion-du-conseil-executif-preparatoire\\\/#article\",\"isPartOf\":{\"@id\":\"https:\\\/\\\/lasentinelle.dz\\\/index.php\\\/2022\\\/11\\\/22\\\/sommet-extraordinaire-de-lua-lamamra-prend-part-a-la-reunion-du-conseil-executif-preparatoire\\\/\"},\"author\":{\"name\":\"La Sentinelle\",\"@id\":\"https:\\\/\\\/lasentinelle.dz\\\/#\\\/schema\\\/person\\\/d865044e22e70a75174ce8bcad3acfb3\"},\"headline\":\"Sommet extraordinaire de l&rsquo;UA\u00a0: Lamamra prend part \u00e0 la r\u00e9union du Conseil ex\u00e9cutif pr\u00e9paratoire\",\"datePublished\":\"2022-11-22T21:05:00+00:00\",\"mainEntityOfPage\":{\"@id\":\"https:\\\/\\\/lasentinelle.dz\\\/index.php\\\/2022\\\/11\\\/22\\\/sommet-extraordinaire-de-lua-lamamra-prend-part-a-la-reunion-du-conseil-executif-preparatoire\\\/\"},\"wordCount\":371,\"commentCount\":0,\"publisher\":{\"@id\":\"https:\\\/\\\/lasentinelle.dz\\\/#organization\"},\"image\":{\"@id\":\"https:\\\/\\\/lasentinelle.dz\\\/index.php\\\/2022\\\/11\\\/22\\\/sommet-extraordinaire-de-lua-lamamra-prend-part-a-la-reunion-du-conseil-executif-preparatoire\\\/#primaryimage\"},\"thumbnailUrl\":\"https:\\\/\\\/lasentinelle.dz\\\/wp-content\\\/uploads\\\/2022\\\/11\\\/Lamamra.png\",\"articleSection\":[\"Actualit\u00e9\"],\"inLanguage\":\"fr-FR\",\"potentialAction\":[{\"@type\":\"CommentAction\",\"name\":\"Comment\",\"target\":[\"https:\\\/\\\/lasentinelle.dz\\\/index.php\\\/2022\\\/11\\\/22\\\/sommet-extraordinaire-de-lua-lamamra-prend-part-a-la-reunion-du-conseil-executif-preparatoire\\\/#respond\"]}]},{\"@type\":\"WebPage\",\"@id\":\"https:\\\/\\\/lasentinelle.dz\\\/index.php\\\/2022\\\/11\\\/22\\\/sommet-extraordinaire-de-lua-lamamra-prend-part-a-la-reunion-du-conseil-executif-preparatoire\\\/\",\"url\":\"https:\\\/\\\/lasentinelle.dz\\\/index.php\\\/2022\\\/11\\\/22\\\/sommet-extraordinaire-de-lua-lamamra-prend-part-a-la-reunion-du-conseil-executif-preparatoire\\\/\",\"name\":\"Sommet extraordinaire de l&rsquo;UA\u00a0: Lamamra prend part \u00e0 la r\u00e9union du Conseil ex\u00e9cutif pr\u00e9paratoire - La Sentinelle\",\"isPartOf\":{\"@id\":\"https:\\\/\\\/lasentinelle.dz\\\/#website\"},\"primaryImageOfPage\":{\"@id\":\"https:\\\/\\\/lasentinelle.dz\\\/index.php\\\/2022\\\/11\\\/22\\\/sommet-extraordinaire-de-lua-lamamra-prend-part-a-la-reunion-du-conseil-executif-preparatoire\\\/#primaryimage\"},\"image\":{\"@id\":\"https:\\\/\\\/lasentinelle.dz\\\/index.php\\\/2022\\\/11\\\/22\\\/sommet-extraordinaire-de-lua-lamamra-prend-part-a-la-reunion-du-conseil-executif-preparatoire\\\/#primaryimage\"},\"thumbnailUrl\":\"https:\\\/\\\/lasentinelle.dz\\\/wp-content\\\/uploads\\\/2022\\\/11\\\/Lamamra.png\",\"datePublished\":\"2022-11-22T21:05:00+00:00\",\"breadcrumb\":{\"@id\":\"https:\\\/\\\/lasentinelle.dz\\\/index.php\\\/2022\\\/11\\\/22\\\/sommet-extraordinaire-de-lua-lamamra-prend-part-a-la-reunion-du-conseil-executif-preparatoire\\\/#breadcrumb\"},\"inLanguage\":\"fr-FR\",\"potentialAction\":[{\"@type\":\"ReadAction\",\"target\":[\"https:\\\/\\\/lasentinelle.dz\\\/index.php\\\/2022\\\/11\\\/22\\\/sommet-extraordinaire-de-lua-lamamra-prend-part-a-la-reunion-du-conseil-executif-preparatoire\\\/\"]}]},{\"@type\":\"ImageObject\",\"inLanguage\":\"fr-FR\",\"@id\":\"https:\\\/\\\/lasentinelle.dz\\\/index.php\\\/2022\\\/11\\\/22\\\/sommet-extraordinaire-de-lua-lamamra-prend-part-a-la-reunion-du-conseil-executif-preparatoire\\\/#primaryimage\",\"url\":\"https:\\\/\\\/lasentinelle.dz\\\/wp-content\\\/uploads\\\/2022\\\/11\\\/Lamamra.png\",\"contentUrl\":\"https:\\\/\\\/lasentinelle.dz\\\/wp-content\\\/uploads\\\/2022\\\/11\\\/Lamamra.png\",\"width\":1350,\"height\":900},{\"@type\":\"BreadcrumbList\",\"@id\":\"https:\\\/\\\/lasentinelle.dz\\\/index.php\\\/2022\\\/11\\\/22\\\/sommet-extraordinaire-de-lua-lamamra-prend-part-a-la-reunion-du-conseil-executif-preparatoire\\\/#breadcrumb\",\"itemListElement\":[{\"@type\":\"ListItem\",\"position\":1,\"name\":\"Accueil\",\"item\":\"https:\\\/\\\/lasentinelle.dz\\\/\"},{\"@type\":\"ListItem\",\"position\":2,\"name\":\"Sommet extraordinaire de l&rsquo;UA\u00a0: Lamamra prend part \u00e0 la r\u00e9union du Conseil ex\u00e9cutif pr\u00e9paratoire\"}]},{\"@type\":\"WebSite\",\"@id\":\"https:\\\/\\\/lasentinelle.dz\\\/#website\",\"url\":\"https:\\\/\\\/lasentinelle.dz\\\/\",\"name\":\"La Sentinelle\",\"description\":\"Quotidien national d&#039;information\",\"publisher\":{\"@id\":\"https:\\\/\\\/lasentinelle.dz\\\/#organization\"},\"potentialAction\":[{\"@type\":\"SearchAction\",\"target\":{\"@type\":\"EntryPoint\",\"urlTemplate\":\"https:\\\/\\\/lasentinelle.dz\\\/?s={search_term_string}\"},\"query-input\":{\"@type\":\"PropertyValueSpecification\",\"valueRequired\":true,\"valueName\":\"search_term_string\"}}],\"inLanguage\":\"fr-FR\"},{\"@type\":\"Organization\",\"@id\":\"https:\\\/\\\/lasentinelle.dz\\\/#organization\",\"name\":\"Quotidien La Sentinelle\",\"url\":\"https:\\\/\\\/lasentinelle.dz\\\/\",\"logo\":{\"@type\":\"ImageObject\",\"inLanguage\":\"fr-FR\",\"@id\":\"https:\\\/\\\/lasentinelle.dz\\\/#\\\/schema\\\/logo\\\/image\\\/\",\"url\":\"https:\\\/\\\/lasentinelle.dz\\\/wp-content\\\/uploads\\\/2021\\\/09\\\/logo-sentinelleSLOGAN-1.png\",\"contentUrl\":\"https:\\\/\\\/lasentinelle.dz\\\/wp-content\\\/uploads\\\/2021\\\/09\\\/logo-sentinelleSLOGAN-1.png\",\"width\":615,\"height\":142,\"caption\":\"Quotidien La Sentinelle\"},\"image\":{\"@id\":\"https:\\\/\\\/lasentinelle.dz\\\/#\\\/schema\\\/logo\\\/image\\\/\"},\"sameAs\":[\"https:\\\/\\\/www.facebook.com\\\/La-Sentinelle-104059864394773\"]},{\"@type\":\"Person\",\"@id\":\"https:\\\/\\\/lasentinelle.dz\\\/#\\\/schema\\\/person\\\/d865044e22e70a75174ce8bcad3acfb3\",\"name\":\"La Sentinelle\",\"image\":{\"@type\":\"ImageObject\",\"inLanguage\":\"fr-FR\",\"@id\":\"https:\\\/\\\/secure.gravatar.com\\\/avatar\\\/57de8e5d4b15d43fb361a71fbb36338450fe67865b528a43dd10ef7c51a20392?s=96&d=mm&r=g\",\"url\":\"https:\\\/\\\/secure.gravatar.com\\\/avatar\\\/57de8e5d4b15d43fb361a71fbb36338450fe67865b528a43dd10ef7c51a20392?s=96&d=mm&r=g\",\"contentUrl\":\"https:\\\/\\\/secure.gravatar.com\\\/avatar\\\/57de8e5d4b15d43fb361a71fbb36338450fe67865b528a43dd10ef7c51a20392?s=96&d=mm&r=g\",\"caption\":\"La Sentinelle\"},\"sameAs\":[\"http:\\\/\\\/www.lasentinelle.dz\"],\"url\":\"https:\\\/\\\/lasentinelle.dz\\\/author\\\/redaction\\\/\"}]}<\/script>\n<!-- \/ Yoast SEO plugin. -->","yoast_head_json":{"title":"Sommet extraordinaire de l&rsquo;UA\u00a0: Lamamra prend part \u00e0 la r\u00e9union du Conseil ex\u00e9cutif pr\u00e9paratoire - La Sentinelle","robots":{"index":"index","follow":"follow","max-snippet":"max-snippet:-1","max-image-preview":"max-image-preview:large","max-video-preview":"max-video-preview:-1"},"canonical":"https:\/\/lasentinelle.dz\/index.php\/2022\/11\/22\/sommet-extraordinaire-de-lua-lamamra-prend-part-a-la-reunion-du-conseil-executif-preparatoire\/","og_locale":"fr_FR","og_type":"article","og_title":"Sommet extraordinaire de l&rsquo;UA\u00a0: Lamamra prend part \u00e0 la r\u00e9union du Conseil ex\u00e9cutif pr\u00e9paratoire - La Sentinelle","og_description":"Le ministre des Affaires \u00e9trang\u00e8res et de la Communaut\u00e9 nationale \u00e0 l&rsquo;\u00e9tranger, Ramtane Lamamra, prendra part aujourd\u2019hui \u00e0 Niamey, \u00e0","og_url":"https:\/\/lasentinelle.dz\/index.php\/2022\/11\/22\/sommet-extraordinaire-de-lua-lamamra-prend-part-a-la-reunion-du-conseil-executif-preparatoire\/","og_site_name":"La Sentinelle","article_publisher":"https:\/\/www.facebook.com\/La-Sentinelle-104059864394773","article_published_time":"2022-11-22T21:05:00+00:00","og_image":[{"width":1350,"height":900,"url":"https:\/\/lasentinelle.dz\/wp-content\/uploads\/2022\/11\/Lamamra.png","type":"image\/png"}],"author":"La Sentinelle","twitter_card":"summary_large_image","twitter_misc":{"\u00c9crit par":"La Sentinelle","Dur\u00e9e de lecture estim\u00e9e":"2 minutes"},"schema":{"@context":"https:\/\/schema.org","@graph":[{"@type":"Article","@id":"https:\/\/lasentinelle.dz\/index.php\/2022\/11\/22\/sommet-extraordinaire-de-lua-lamamra-prend-part-a-la-reunion-du-conseil-executif-preparatoire\/#article","isPartOf":{"@id":"https:\/\/lasentinelle.dz\/index.php\/2022\/11\/22\/sommet-extraordinaire-de-lua-lamamra-prend-part-a-la-reunion-du-conseil-executif-preparatoire\/"},"author":{"name":"La Sentinelle","@id":"https:\/\/lasentinelle.dz\/#\/schema\/person\/d865044e22e70a75174ce8bcad3acfb3"},"headline":"Sommet extraordinaire de l&rsquo;UA\u00a0: Lamamra prend part \u00e0 la r\u00e9union du Conseil ex\u00e9cutif pr\u00e9paratoire","datePublished":"2022-11-22T21:05:00+00:00","mainEntityOfPage":{"@id":"https:\/\/lasentinelle.dz\/index.php\/2022\/11\/22\/sommet-extraordinaire-de-lua-lamamra-prend-part-a-la-reunion-du-conseil-executif-preparatoire\/"},"wordCount":371,"commentCount":0,"publisher":{"@id":"https:\/\/lasentinelle.dz\/#organization"},"image":{"@id":"https:\/\/lasentinelle.dz\/index.php\/2022\/11\/22\/sommet-extraordinaire-de-lua-lamamra-prend-part-a-la-reunion-du-conseil-executif-preparatoire\/#primaryimage"},"thumbnailUrl":"https:\/\/lasentinelle.dz\/wp-content\/uploads\/2022\/11\/Lamamra.png","articleSection":["Actualit\u00e9"],"inLanguage":"fr-FR","potentialAction":[{"@type":"CommentAction","name":"Comment","target":["https:\/\/lasentinelle.dz\/index.php\/2022\/11\/22\/sommet-extraordinaire-de-lua-lamamra-prend-part-a-la-reunion-du-conseil-executif-preparatoire\/#respond"]}]},{"@type":"WebPage","@id":"https:\/\/lasentinelle.dz\/index.php\/2022\/11\/22\/sommet-extraordinaire-de-lua-lamamra-prend-part-a-la-reunion-du-conseil-executif-preparatoire\/","url":"https:\/\/lasentinelle.dz\/index.php\/2022\/11\/22\/sommet-extraordinaire-de-lua-lamamra-prend-part-a-la-reunion-du-conseil-executif-preparatoire\/","name":"Sommet extraordinaire de l&rsquo;UA\u00a0: Lamamra prend part \u00e0 la r\u00e9union du Conseil ex\u00e9cutif pr\u00e9paratoire - La Sentinelle","isPartOf":{"@id":"https:\/\/lasentinelle.dz\/#website"},"primaryImageOfPage":{"@id":"https:\/\/lasentinelle.dz\/index.php\/2022\/11\/22\/sommet-extraordinaire-de-lua-lamamra-prend-part-a-la-reunion-du-conseil-executif-preparatoire\/#primaryimage"},"image":{"@id":"https:\/\/lasentinelle.dz\/index.php\/2022\/11\/22\/sommet-extraordinaire-de-lua-lamamra-prend-part-a-la-reunion-du-conseil-executif-preparatoire\/#primaryimage"},"thumbnailUrl":"https:\/\/lasentinelle.dz\/wp-content\/uploads\/2022\/11\/Lamamra.png","datePublished":"2022-11-22T21:05:00+00:00","breadcrumb":{"@id":"https:\/\/lasentinelle.dz\/index.php\/2022\/11\/22\/sommet-extraordinaire-de-lua-lamamra-prend-part-a-la-reunion-du-conseil-executif-preparatoire\/#breadcrumb"},"inLanguage":"fr-FR","potentialAction":[{"@type":"ReadAction","target":["https:\/\/lasentinelle.dz\/index.php\/2022\/11\/22\/sommet-extraordinaire-de-lua-lamamra-prend-part-a-la-reunion-du-conseil-executif-preparatoire\/"]}]},{"@type":"ImageObject","inLanguage":"fr-FR","@id":"https:\/\/lasentinelle.dz\/index.php\/2022\/11\/22\/sommet-extraordinaire-de-lua-lamamra-prend-part-a-la-reunion-du-conseil-executif-preparatoire\/#primaryimage","url":"https:\/\/lasentinelle.dz\/wp-content\/uploads\/2022\/11\/Lamamra.png","contentUrl":"https:\/\/lasentinelle.dz\/wp-content\/uploads\/2022\/11\/Lamamra.png","width":1350,"height":900},{"@type":"BreadcrumbList","@id":"https:\/\/lasentinelle.dz\/index.php\/2022\/11\/22\/sommet-extraordinaire-de-lua-lamamra-prend-part-a-la-reunion-du-conseil-executif-preparatoire\/#breadcrumb","itemListElement":[{"@type":"ListItem","position":1,"name":"Accueil","item":"https:\/\/lasentinelle.dz\/"},{"@type":"ListItem","position":2,"name":"Sommet extraordinaire de l&rsquo;UA\u00a0: Lamamra prend part \u00e0 la r\u00e9union du Conseil ex\u00e9cutif pr\u00e9paratoire"}]},{"@type":"WebSite","@id":"https:\/\/lasentinelle.dz\/#website","url":"https:\/\/lasentinelle.dz\/","name":"La Sentinelle","description":"Quotidien national d&#039;information","publisher":{"@id":"https:\/\/lasentinelle.dz\/#organization"},"potentialAction":[{"@type":"SearchAction","target":{"@type":"EntryPoint","urlTemplate":"https:\/\/lasentinelle.dz\/?s={search_term_string}"},"query-input":{"@type":"PropertyValueSpecification","valueRequired":true,"valueName":"search_term_string"}}],"inLanguage":"fr-FR"},{"@type":"Organization","@id":"https:\/\/lasentinelle.dz\/#organization","name":"Quotidien La Sentinelle","url":"https:\/\/lasentinelle.dz\/","logo":{"@type":"ImageObject","inLanguage":"fr-FR","@id":"https:\/\/lasentinelle.dz\/#\/schema\/logo\/image\/","url":"https:\/\/lasentinelle.dz\/wp-content\/uploads\/2021\/09\/logo-sentinelleSLOGAN-1.png","contentUrl":"https:\/\/lasentinelle.dz\/wp-content\/uploads\/2021\/09\/logo-sentinelleSLOGAN-1.png","width":615,"height":142,"caption":"Quotidien La Sentinelle"},"image":{"@id":"https:\/\/lasentinelle.dz\/#\/schema\/logo\/image\/"},"sameAs":["https:\/\/www.facebook.com\/La-Sentinelle-104059864394773"]},{"@type":"Person","@id":"https:\/\/lasentinelle.dz\/#\/schema\/person\/d865044e22e70a75174ce8bcad3acfb3","name":"La Sentinelle","image":{"@type":"ImageObject","inLanguage":"fr-FR","@id":"https:\/\/secure.gravatar.com\/avatar\/57de8e5d4b15d43fb361a71fbb36338450fe67865b528a43dd10ef7c51a20392?s=96&d=mm&r=g","url":"https:\/\/secure.gravatar.com\/avatar\/57de8e5d4b15d43fb361a71fbb36338450fe67865b528a43dd10ef7c51a20392?s=96&d=mm&r=g","contentUrl":"https:\/\/secure.gravatar.com\/avatar\/57de8e5d4b15d43fb361a71fbb36338450fe67865b528a43dd10ef7c51a20392?s=96&d=mm&r=g","caption":"La Sentinelle"},"sameAs":["http:\/\/www.lasentinelle.dz"],"url":"https:\/\/lasentinelle.dz\/author\/redaction\/"}]}},"_links":{"self":[{"href":"https:\/\/lasentinelle.dz\/index.php\/wp-json\/wp\/v2\/posts\/31323","targetHints":{"allow":["GET"]}}],"collection":[{"href":"https:\/\/lasentinelle.dz\/index.php\/wp-json\/wp\/v2\/posts"}],"about":[{"href":"https:\/\/lasentinelle.dz\/index.php\/wp-json\/wp\/v2\/types\/post"}],"author":[{"embeddable":true,"href":"https:\/\/lasentinelle.dz\/index.php\/wp-json\/wp\/v2\/users\/3"}],"replies":[{"embeddable":true,"href":"https:\/\/lasentinelle.dz\/index.php\/wp-json\/wp\/v2\/comments?post=31323"}],"version-history":[{"count":1,"href":"https:\/\/lasentinelle.dz\/index.php\/wp-json\/wp\/v2\/posts\/31323\/revisions"}],"predecessor-version":[{"id":31327,"href":"https:\/\/lasentinelle.dz\/index.php\/wp-json\/wp\/v2\/posts\/31323\/revisions\/31327"}],"wp:featuredmedia":[{"embeddable":true,"href":"https:\/\/lasentinelle.dz\/index.php\/wp-json\/wp\/v2\/media\/29977"}],"wp:attachment":[{"href":"https:\/\/lasentinelle.dz\/index.php\/wp-json\/wp\/v2\/media?parent=31323"}],"wp:term":[{"taxonomy":"category","embeddable":true,"href":"https:\/\/lasentinelle.dz\/index.php\/wp-json\/wp\/v2\/categories?post=31323"},{"taxonomy":"post_tag","embeddable":true,"href":"https:\/\/lasentinelle.dz\/index.php\/wp-json\/wp\/v2\/tags?post=31323"}],"curies":[{"name":"wp","href":"https:\/\/api.w.org\/{rel}","templated":true}]}}