{"id":31354,"date":"2022-11-23T22:00:00","date_gmt":"2022-11-23T21:00:00","guid":{"rendered":"https:\/\/lasentinelle.dz\/?p=31354"},"modified":"2022-11-23T15:45:11","modified_gmt":"2022-11-23T14:45:11","slug":"proche-orient-liran-accuse-lentite-sioniste-apres-lassassinat-dun-colonel-des-gardiens-en-syrie","status":"publish","type":"post","link":"https:\/\/lasentinelle.dz\/index.php\/2022\/11\/23\/proche-orient-liran-accuse-lentite-sioniste-apres-lassassinat-dun-colonel-des-gardiens-en-syrie\/","title":{"rendered":"Proche-Orient\u00a0: L&rsquo;Iran accuse l\u2019entit\u00e9 \u00a0sioniste apr\u00e8s l&rsquo;assassinat d&rsquo;un colonel des Gardiens en Syrie"},"content":{"rendered":"\n<p>Un colonel des Gardiens de la R\u00e9volution, l&rsquo;arm\u00e9e id\u00e9ologique de l&rsquo;Iran, a \u00e9t\u00e9 tu\u00e9 lundi en Syrie, pr\u00e8s de Damas, par une bombe artisanale imput\u00e9e \u00e0 Isra\u00ebl, qui se livre depuis des ann\u00e9es \u00e0 une guerre&nbsp;&nbsp; de l&rsquo;ombre contre T\u00e9h\u00e9ran pour contrer son influence dans la r\u00e9gion. L&rsquo;Iran, qui appelle r\u00e9guli\u00e8rement \u00e0 l&rsquo;\u00e9radication d&rsquo;Isra\u00ebl, accuse son ennemi jur\u00e9 de mener des actions de sabotage contre ses sites nucl\u00e9aires et d&rsquo;assassiner des personnalit\u00e9s-cl\u00e9s, notamment des scientifiques. \u00ab\u00a0Le colonel Davoud Jafari, un des conseillers iraniens en Syrie et membre&nbsp;&nbsp; de la force a\u00e9rospatiale des Gardiens, a \u00e9t\u00e9 tu\u00e9 (lundi matin) par les associ\u00e9s du r\u00e9gime sioniste (Isra\u00ebl) avec une bombe artisanale en bordure de route pr\u00e8s&nbsp;&nbsp; de Damas\u00a0\u00bb, a annonc\u00e9 hier l&rsquo;agence de presse iranienne Tasnim, citant un communiqu\u00e9 des Gardiens.La mort de l&rsquo;officier n&rsquo;a pas \u00e9t\u00e9 confirm\u00e9e par les autorit\u00e9s syriennes. Selon l&rsquo;Observatoire syrien des droits de l&rsquo;homme (OSDH), l&rsquo;officier sup\u00e9rieur a \u00e9t\u00e9 tu\u00e9 avec son garde du corps syrien par l&rsquo;explosion d&rsquo;une bombe au passage de leur v\u00e9hicule.&nbsp; L&rsquo;attentat s&rsquo;est produit pr\u00e8s de Sayyida Zeinab, un quartier du sud de Damas qui abrite un sanctuaire v\u00e9n\u00e9r\u00e9 par les musulmans chiites et accueille&nbsp;&nbsp; une forte pr\u00e9sence iranienne. C&rsquo;est le plus haut grad\u00e9 des Gardiens tu\u00e9 en Syrie depuis le 23 ao\u00fbt, lorsque T\u00e9h\u00e9ran avait annonc\u00e9 la \u00ab\u00a0mort en martyr\u00a0\u00bb du g\u00e9n\u00e9ral Abolfazl Alijani, membre des forces terrestres des Gardiens alors en mission en Syrie. Alijani \u00e9tait d\u00e9crit comme un \u00ab\u00a0d\u00e9fenseur du sanctuaire\u00a0\u00bb, un terme utilis\u00e9 pour d\u00e9signer ceux qui travaillent pour le compte de l&rsquo;Iran en Syrie ou en Irak. Le d\u00e9partement a\u00e9rospatial des Gardiens de la R\u00e9volution est sp\u00e9cialis\u00e9 dans la fabrication des drones, des missiles, des engins balistiques et des satellites. Le 24 octobre, l&rsquo;aviation isra\u00e9lienne avait d\u00e9truit une usine de fabrication de drones iraniens situ\u00e9e en territoire syrien lors d&rsquo;un&nbsp;&nbsp; bombardement. L&rsquo;Iran, qui aide le r\u00e9gime syrien de Bachar al-Assad, son alli\u00e9, dans la guerre ravageant la Syrie depuis 2011, assure ne pas avoir de troupes dans ce pays mais dit que des \u00ab\u00a0conseillers\u00a0\u00bb militaires issus des Gardiens op\u00e8rent aux c\u00f4t\u00e9s de l&rsquo;Etat syrien \u00e0 l&rsquo;invitation de Damas. \u00ab\u00a0Sans aucun doute, le r\u00e9gime criminel sioniste recevra la r\u00e9ponse ad\u00e9quate&nbsp;&nbsp; pour ce crime\u00a0\u00bb, a ajout\u00e9 le texte publi\u00e9 mercredi. Ces derni\u00e8res ann\u00e9es, Isra\u00ebl a men\u00e9 des frappes a\u00e9riennes en Syrie, visant&nbsp;&nbsp; des positions du r\u00e9gime ainsi que des forces alli\u00e9es soutenues par l&rsquo;Iran et&nbsp;&nbsp; des combattants du mouvement chiite libanais pro-iranien Hezbollah. Le 9 novembre, un raid a vis\u00e9 un convoi d&rsquo;armes et de carburant de milices&nbsp;&nbsp; pro-iraniennes en Syrie, pr\u00e8s de la fronti\u00e8re avec l&rsquo;Irak, faisant au moins 14&nbsp;&nbsp; morts, selon une ONG syrienne. Isra\u00ebl, pays voisin de la Syrie, commente rarement les frappes au cas par cas, mais a reconnu en avoir men\u00e9 des centaines depuis 2011.<\/p>\n\n\n\n<p>K.L. et agences<\/p>\n","protected":false},"excerpt":{"rendered":"<p>Un colonel des Gardiens de la R\u00e9volution, l&rsquo;arm\u00e9e id\u00e9ologique de l&rsquo;Iran, a \u00e9t\u00e9 tu\u00e9 lundi en Syrie, pr\u00e8s de Damas,<\/p>\n","protected":false},"author":3,"featured_media":31364,"comment_status":"open","ping_status":"closed","sticky":false,"template":"","format":"standard","meta":{"colormag_page_container_layout":"default_layout","colormag_page_sidebar_layout":"default_layout","om_disable_all_campaigns":false,"_monsterinsights_skip_tracking":false,"_monsterinsights_sitenote_active":false,"_monsterinsights_sitenote_note":"","_monsterinsights_sitenote_category":0,"footnotes":"","_wpscppro_dont_share_socialmedia":false,"_wpscppro_custom_social_share_image":0,"_facebook_share_type":"","_twitter_share_type":"","_linkedin_share_type":"","_pinterest_share_type":"","_linkedin_share_type_page":"","_instagram_share_type":"","_medium_share_type":"","_threads_share_type":"","_google_business_share_type":"","_selected_social_profile":[],"_wpsp_enable_custom_social_template":false,"_wpsp_social_scheduling":{"enabled":false,"datetime":null,"platforms":[],"status":"template_only","dateOption":"today","timeOption":"now","customDays":"","customHours":"","customDate":"","customTime":"","schedulingType":"absolute"},"_wpsp_active_default_template":true},"categories":[37],"tags":[],"class_list":["post-31354","post","type-post","status-publish","format-standard","has-post-thumbnail","hentry","category-monde"],"aioseo_notices":[],"yoast_head":"<!-- This site is optimized with the Yoast SEO plugin v27.5 - https:\/\/yoast.com\/product\/yoast-seo-wordpress\/ -->\n<title>Proche-Orient\u00a0: L&rsquo;Iran accuse l\u2019entit\u00e9 \u00a0sioniste apr\u00e8s l&rsquo;assassinat d&rsquo;un colonel des Gardiens en Syrie - La Sentinelle<\/title>\n<meta name=\"robots\" content=\"index, follow, max-snippet:-1, max-image-preview:large, max-video-preview:-1\" \/>\n<link rel=\"canonical\" href=\"https:\/\/lasentinelle.dz\/index.php\/2022\/11\/23\/proche-orient-liran-accuse-lentite-sioniste-apres-lassassinat-dun-colonel-des-gardiens-en-syrie\/\" \/>\n<meta property=\"og:locale\" content=\"fr_FR\" \/>\n<meta property=\"og:type\" content=\"article\" \/>\n<meta property=\"og:title\" content=\"Proche-Orient\u00a0: L&rsquo;Iran accuse l\u2019entit\u00e9 \u00a0sioniste apr\u00e8s l&rsquo;assassinat d&rsquo;un colonel des Gardiens en Syrie - La Sentinelle\" \/>\n<meta property=\"og:description\" content=\"Un colonel des Gardiens de la R\u00e9volution, l&rsquo;arm\u00e9e id\u00e9ologique de l&rsquo;Iran, a \u00e9t\u00e9 tu\u00e9 lundi en Syrie, pr\u00e8s de Damas,\" \/>\n<meta property=\"og:url\" content=\"https:\/\/lasentinelle.dz\/index.php\/2022\/11\/23\/proche-orient-liran-accuse-lentite-sioniste-apres-lassassinat-dun-colonel-des-gardiens-en-syrie\/\" \/>\n<meta property=\"og:site_name\" content=\"La Sentinelle\" \/>\n<meta property=\"article:publisher\" content=\"https:\/\/www.facebook.com\/La-Sentinelle-104059864394773\" \/>\n<meta property=\"article:published_time\" content=\"2022-11-23T21:00:00+00:00\" \/>\n<meta property=\"og:image\" content=\"https:\/\/lasentinelle.dz\/wp-content\/uploads\/2022\/11\/image_2022-11-23_154457712.png\" \/>\n\t<meta property=\"og:image:width\" content=\"800\" \/>\n\t<meta property=\"og:image:height\" content=\"550\" \/>\n\t<meta property=\"og:image:type\" content=\"image\/png\" \/>\n<meta name=\"author\" content=\"La Sentinelle\" \/>\n<meta name=\"twitter:card\" content=\"summary_large_image\" \/>\n<meta name=\"twitter:label1\" content=\"\u00c9crit par\" \/>\n\t<meta name=\"twitter:data1\" content=\"La Sentinelle\" \/>\n\t<meta name=\"twitter:label2\" content=\"Dur\u00e9e de lecture estim\u00e9e\" \/>\n\t<meta name=\"twitter:data2\" content=\"3 minutes\" \/>\n<script type=\"application\/ld+json\" class=\"yoast-schema-graph\">{\"@context\":\"https:\\\/\\\/schema.org\",\"@graph\":[{\"@type\":\"Article\",\"@id\":\"https:\\\/\\\/lasentinelle.dz\\\/index.php\\\/2022\\\/11\\\/23\\\/proche-orient-liran-accuse-lentite-sioniste-apres-lassassinat-dun-colonel-des-gardiens-en-syrie\\\/#article\",\"isPartOf\":{\"@id\":\"https:\\\/\\\/lasentinelle.dz\\\/index.php\\\/2022\\\/11\\\/23\\\/proche-orient-liran-accuse-lentite-sioniste-apres-lassassinat-dun-colonel-des-gardiens-en-syrie\\\/\"},\"author\":{\"name\":\"La Sentinelle\",\"@id\":\"https:\\\/\\\/lasentinelle.dz\\\/#\\\/schema\\\/person\\\/d865044e22e70a75174ce8bcad3acfb3\"},\"headline\":\"Proche-Orient\u00a0: L&rsquo;Iran accuse l\u2019entit\u00e9 \u00a0sioniste apr\u00e8s l&rsquo;assassinat d&rsquo;un colonel des Gardiens en Syrie\",\"datePublished\":\"2022-11-23T21:00:00+00:00\",\"mainEntityOfPage\":{\"@id\":\"https:\\\/\\\/lasentinelle.dz\\\/index.php\\\/2022\\\/11\\\/23\\\/proche-orient-liran-accuse-lentite-sioniste-apres-lassassinat-dun-colonel-des-gardiens-en-syrie\\\/\"},\"wordCount\":584,\"commentCount\":0,\"publisher\":{\"@id\":\"https:\\\/\\\/lasentinelle.dz\\\/#organization\"},\"image\":{\"@id\":\"https:\\\/\\\/lasentinelle.dz\\\/index.php\\\/2022\\\/11\\\/23\\\/proche-orient-liran-accuse-lentite-sioniste-apres-lassassinat-dun-colonel-des-gardiens-en-syrie\\\/#primaryimage\"},\"thumbnailUrl\":\"https:\\\/\\\/lasentinelle.dz\\\/wp-content\\\/uploads\\\/2022\\\/11\\\/image_2022-11-23_154457712.png\",\"articleSection\":[\"Monde\"],\"inLanguage\":\"fr-FR\",\"potentialAction\":[{\"@type\":\"CommentAction\",\"name\":\"Comment\",\"target\":[\"https:\\\/\\\/lasentinelle.dz\\\/index.php\\\/2022\\\/11\\\/23\\\/proche-orient-liran-accuse-lentite-sioniste-apres-lassassinat-dun-colonel-des-gardiens-en-syrie\\\/#respond\"]}]},{\"@type\":\"WebPage\",\"@id\":\"https:\\\/\\\/lasentinelle.dz\\\/index.php\\\/2022\\\/11\\\/23\\\/proche-orient-liran-accuse-lentite-sioniste-apres-lassassinat-dun-colonel-des-gardiens-en-syrie\\\/\",\"url\":\"https:\\\/\\\/lasentinelle.dz\\\/index.php\\\/2022\\\/11\\\/23\\\/proche-orient-liran-accuse-lentite-sioniste-apres-lassassinat-dun-colonel-des-gardiens-en-syrie\\\/\",\"name\":\"Proche-Orient\u00a0: L&rsquo;Iran accuse l\u2019entit\u00e9 \u00a0sioniste apr\u00e8s l&rsquo;assassinat d&rsquo;un colonel des Gardiens en Syrie - La Sentinelle\",\"isPartOf\":{\"@id\":\"https:\\\/\\\/lasentinelle.dz\\\/#website\"},\"primaryImageOfPage\":{\"@id\":\"https:\\\/\\\/lasentinelle.dz\\\/index.php\\\/2022\\\/11\\\/23\\\/proche-orient-liran-accuse-lentite-sioniste-apres-lassassinat-dun-colonel-des-gardiens-en-syrie\\\/#primaryimage\"},\"image\":{\"@id\":\"https:\\\/\\\/lasentinelle.dz\\\/index.php\\\/2022\\\/11\\\/23\\\/proche-orient-liran-accuse-lentite-sioniste-apres-lassassinat-dun-colonel-des-gardiens-en-syrie\\\/#primaryimage\"},\"thumbnailUrl\":\"https:\\\/\\\/lasentinelle.dz\\\/wp-content\\\/uploads\\\/2022\\\/11\\\/image_2022-11-23_154457712.png\",\"datePublished\":\"2022-11-23T21:00:00+00:00\",\"breadcrumb\":{\"@id\":\"https:\\\/\\\/lasentinelle.dz\\\/index.php\\\/2022\\\/11\\\/23\\\/proche-orient-liran-accuse-lentite-sioniste-apres-lassassinat-dun-colonel-des-gardiens-en-syrie\\\/#breadcrumb\"},\"inLanguage\":\"fr-FR\",\"potentialAction\":[{\"@type\":\"ReadAction\",\"target\":[\"https:\\\/\\\/lasentinelle.dz\\\/index.php\\\/2022\\\/11\\\/23\\\/proche-orient-liran-accuse-lentite-sioniste-apres-lassassinat-dun-colonel-des-gardiens-en-syrie\\\/\"]}]},{\"@type\":\"ImageObject\",\"inLanguage\":\"fr-FR\",\"@id\":\"https:\\\/\\\/lasentinelle.dz\\\/index.php\\\/2022\\\/11\\\/23\\\/proche-orient-liran-accuse-lentite-sioniste-apres-lassassinat-dun-colonel-des-gardiens-en-syrie\\\/#primaryimage\",\"url\":\"https:\\\/\\\/lasentinelle.dz\\\/wp-content\\\/uploads\\\/2022\\\/11\\\/image_2022-11-23_154457712.png\",\"contentUrl\":\"https:\\\/\\\/lasentinelle.dz\\\/wp-content\\\/uploads\\\/2022\\\/11\\\/image_2022-11-23_154457712.png\",\"width\":800,\"height\":550},{\"@type\":\"BreadcrumbList\",\"@id\":\"https:\\\/\\\/lasentinelle.dz\\\/index.php\\\/2022\\\/11\\\/23\\\/proche-orient-liran-accuse-lentite-sioniste-apres-lassassinat-dun-colonel-des-gardiens-en-syrie\\\/#breadcrumb\",\"itemListElement\":[{\"@type\":\"ListItem\",\"position\":1,\"name\":\"Accueil\",\"item\":\"https:\\\/\\\/lasentinelle.dz\\\/\"},{\"@type\":\"ListItem\",\"position\":2,\"name\":\"Proche-Orient\u00a0: L&rsquo;Iran accuse l\u2019entit\u00e9 \u00a0sioniste apr\u00e8s l&rsquo;assassinat d&rsquo;un colonel des Gardiens en Syrie\"}]},{\"@type\":\"WebSite\",\"@id\":\"https:\\\/\\\/lasentinelle.dz\\\/#website\",\"url\":\"https:\\\/\\\/lasentinelle.dz\\\/\",\"name\":\"La Sentinelle\",\"description\":\"Quotidien national d&#039;information\",\"publisher\":{\"@id\":\"https:\\\/\\\/lasentinelle.dz\\\/#organization\"},\"potentialAction\":[{\"@type\":\"SearchAction\",\"target\":{\"@type\":\"EntryPoint\",\"urlTemplate\":\"https:\\\/\\\/lasentinelle.dz\\\/?s={search_term_string}\"},\"query-input\":{\"@type\":\"PropertyValueSpecification\",\"valueRequired\":true,\"valueName\":\"search_term_string\"}}],\"inLanguage\":\"fr-FR\"},{\"@type\":\"Organization\",\"@id\":\"https:\\\/\\\/lasentinelle.dz\\\/#organization\",\"name\":\"Quotidien La Sentinelle\",\"url\":\"https:\\\/\\\/lasentinelle.dz\\\/\",\"logo\":{\"@type\":\"ImageObject\",\"inLanguage\":\"fr-FR\",\"@id\":\"https:\\\/\\\/lasentinelle.dz\\\/#\\\/schema\\\/logo\\\/image\\\/\",\"url\":\"https:\\\/\\\/lasentinelle.dz\\\/wp-content\\\/uploads\\\/2021\\\/09\\\/logo-sentinelleSLOGAN-1.png\",\"contentUrl\":\"https:\\\/\\\/lasentinelle.dz\\\/wp-content\\\/uploads\\\/2021\\\/09\\\/logo-sentinelleSLOGAN-1.png\",\"width\":615,\"height\":142,\"caption\":\"Quotidien La Sentinelle\"},\"image\":{\"@id\":\"https:\\\/\\\/lasentinelle.dz\\\/#\\\/schema\\\/logo\\\/image\\\/\"},\"sameAs\":[\"https:\\\/\\\/www.facebook.com\\\/La-Sentinelle-104059864394773\"]},{\"@type\":\"Person\",\"@id\":\"https:\\\/\\\/lasentinelle.dz\\\/#\\\/schema\\\/person\\\/d865044e22e70a75174ce8bcad3acfb3\",\"name\":\"La Sentinelle\",\"image\":{\"@type\":\"ImageObject\",\"inLanguage\":\"fr-FR\",\"@id\":\"https:\\\/\\\/secure.gravatar.com\\\/avatar\\\/57de8e5d4b15d43fb361a71fbb36338450fe67865b528a43dd10ef7c51a20392?s=96&d=mm&r=g\",\"url\":\"https:\\\/\\\/secure.gravatar.com\\\/avatar\\\/57de8e5d4b15d43fb361a71fbb36338450fe67865b528a43dd10ef7c51a20392?s=96&d=mm&r=g\",\"contentUrl\":\"https:\\\/\\\/secure.gravatar.com\\\/avatar\\\/57de8e5d4b15d43fb361a71fbb36338450fe67865b528a43dd10ef7c51a20392?s=96&d=mm&r=g\",\"caption\":\"La Sentinelle\"},\"sameAs\":[\"http:\\\/\\\/www.lasentinelle.dz\"],\"url\":\"https:\\\/\\\/lasentinelle.dz\\\/author\\\/redaction\\\/\"}]}<\/script>\n<!-- \/ Yoast SEO plugin. -->","yoast_head_json":{"title":"Proche-Orient\u00a0: L&rsquo;Iran accuse l\u2019entit\u00e9 \u00a0sioniste apr\u00e8s l&rsquo;assassinat d&rsquo;un colonel des Gardiens en Syrie - La Sentinelle","robots":{"index":"index","follow":"follow","max-snippet":"max-snippet:-1","max-image-preview":"max-image-preview:large","max-video-preview":"max-video-preview:-1"},"canonical":"https:\/\/lasentinelle.dz\/index.php\/2022\/11\/23\/proche-orient-liran-accuse-lentite-sioniste-apres-lassassinat-dun-colonel-des-gardiens-en-syrie\/","og_locale":"fr_FR","og_type":"article","og_title":"Proche-Orient\u00a0: L&rsquo;Iran accuse l\u2019entit\u00e9 \u00a0sioniste apr\u00e8s l&rsquo;assassinat d&rsquo;un colonel des Gardiens en Syrie - La Sentinelle","og_description":"Un colonel des Gardiens de la R\u00e9volution, l&rsquo;arm\u00e9e id\u00e9ologique de l&rsquo;Iran, a \u00e9t\u00e9 tu\u00e9 lundi en Syrie, pr\u00e8s de Damas,","og_url":"https:\/\/lasentinelle.dz\/index.php\/2022\/11\/23\/proche-orient-liran-accuse-lentite-sioniste-apres-lassassinat-dun-colonel-des-gardiens-en-syrie\/","og_site_name":"La Sentinelle","article_publisher":"https:\/\/www.facebook.com\/La-Sentinelle-104059864394773","article_published_time":"2022-11-23T21:00:00+00:00","og_image":[{"width":800,"height":550,"url":"https:\/\/lasentinelle.dz\/wp-content\/uploads\/2022\/11\/image_2022-11-23_154457712.png","type":"image\/png"}],"author":"La Sentinelle","twitter_card":"summary_large_image","twitter_misc":{"\u00c9crit par":"La Sentinelle","Dur\u00e9e de lecture estim\u00e9e":"3 minutes"},"schema":{"@context":"https:\/\/schema.org","@graph":[{"@type":"Article","@id":"https:\/\/lasentinelle.dz\/index.php\/2022\/11\/23\/proche-orient-liran-accuse-lentite-sioniste-apres-lassassinat-dun-colonel-des-gardiens-en-syrie\/#article","isPartOf":{"@id":"https:\/\/lasentinelle.dz\/index.php\/2022\/11\/23\/proche-orient-liran-accuse-lentite-sioniste-apres-lassassinat-dun-colonel-des-gardiens-en-syrie\/"},"author":{"name":"La Sentinelle","@id":"https:\/\/lasentinelle.dz\/#\/schema\/person\/d865044e22e70a75174ce8bcad3acfb3"},"headline":"Proche-Orient\u00a0: L&rsquo;Iran accuse l\u2019entit\u00e9 \u00a0sioniste apr\u00e8s l&rsquo;assassinat d&rsquo;un colonel des Gardiens en Syrie","datePublished":"2022-11-23T21:00:00+00:00","mainEntityOfPage":{"@id":"https:\/\/lasentinelle.dz\/index.php\/2022\/11\/23\/proche-orient-liran-accuse-lentite-sioniste-apres-lassassinat-dun-colonel-des-gardiens-en-syrie\/"},"wordCount":584,"commentCount":0,"publisher":{"@id":"https:\/\/lasentinelle.dz\/#organization"},"image":{"@id":"https:\/\/lasentinelle.dz\/index.php\/2022\/11\/23\/proche-orient-liran-accuse-lentite-sioniste-apres-lassassinat-dun-colonel-des-gardiens-en-syrie\/#primaryimage"},"thumbnailUrl":"https:\/\/lasentinelle.dz\/wp-content\/uploads\/2022\/11\/image_2022-11-23_154457712.png","articleSection":["Monde"],"inLanguage":"fr-FR","potentialAction":[{"@type":"CommentAction","name":"Comment","target":["https:\/\/lasentinelle.dz\/index.php\/2022\/11\/23\/proche-orient-liran-accuse-lentite-sioniste-apres-lassassinat-dun-colonel-des-gardiens-en-syrie\/#respond"]}]},{"@type":"WebPage","@id":"https:\/\/lasentinelle.dz\/index.php\/2022\/11\/23\/proche-orient-liran-accuse-lentite-sioniste-apres-lassassinat-dun-colonel-des-gardiens-en-syrie\/","url":"https:\/\/lasentinelle.dz\/index.php\/2022\/11\/23\/proche-orient-liran-accuse-lentite-sioniste-apres-lassassinat-dun-colonel-des-gardiens-en-syrie\/","name":"Proche-Orient\u00a0: L&rsquo;Iran accuse l\u2019entit\u00e9 \u00a0sioniste apr\u00e8s l&rsquo;assassinat d&rsquo;un colonel des Gardiens en Syrie - La Sentinelle","isPartOf":{"@id":"https:\/\/lasentinelle.dz\/#website"},"primaryImageOfPage":{"@id":"https:\/\/lasentinelle.dz\/index.php\/2022\/11\/23\/proche-orient-liran-accuse-lentite-sioniste-apres-lassassinat-dun-colonel-des-gardiens-en-syrie\/#primaryimage"},"image":{"@id":"https:\/\/lasentinelle.dz\/index.php\/2022\/11\/23\/proche-orient-liran-accuse-lentite-sioniste-apres-lassassinat-dun-colonel-des-gardiens-en-syrie\/#primaryimage"},"thumbnailUrl":"https:\/\/lasentinelle.dz\/wp-content\/uploads\/2022\/11\/image_2022-11-23_154457712.png","datePublished":"2022-11-23T21:00:00+00:00","breadcrumb":{"@id":"https:\/\/lasentinelle.dz\/index.php\/2022\/11\/23\/proche-orient-liran-accuse-lentite-sioniste-apres-lassassinat-dun-colonel-des-gardiens-en-syrie\/#breadcrumb"},"inLanguage":"fr-FR","potentialAction":[{"@type":"ReadAction","target":["https:\/\/lasentinelle.dz\/index.php\/2022\/11\/23\/proche-orient-liran-accuse-lentite-sioniste-apres-lassassinat-dun-colonel-des-gardiens-en-syrie\/"]}]},{"@type":"ImageObject","inLanguage":"fr-FR","@id":"https:\/\/lasentinelle.dz\/index.php\/2022\/11\/23\/proche-orient-liran-accuse-lentite-sioniste-apres-lassassinat-dun-colonel-des-gardiens-en-syrie\/#primaryimage","url":"https:\/\/lasentinelle.dz\/wp-content\/uploads\/2022\/11\/image_2022-11-23_154457712.png","contentUrl":"https:\/\/lasentinelle.dz\/wp-content\/uploads\/2022\/11\/image_2022-11-23_154457712.png","width":800,"height":550},{"@type":"BreadcrumbList","@id":"https:\/\/lasentinelle.dz\/index.php\/2022\/11\/23\/proche-orient-liran-accuse-lentite-sioniste-apres-lassassinat-dun-colonel-des-gardiens-en-syrie\/#breadcrumb","itemListElement":[{"@type":"ListItem","position":1,"name":"Accueil","item":"https:\/\/lasentinelle.dz\/"},{"@type":"ListItem","position":2,"name":"Proche-Orient\u00a0: L&rsquo;Iran accuse l\u2019entit\u00e9 \u00a0sioniste apr\u00e8s l&rsquo;assassinat d&rsquo;un colonel des Gardiens en Syrie"}]},{"@type":"WebSite","@id":"https:\/\/lasentinelle.dz\/#website","url":"https:\/\/lasentinelle.dz\/","name":"La Sentinelle","description":"Quotidien national d&#039;information","publisher":{"@id":"https:\/\/lasentinelle.dz\/#organization"},"potentialAction":[{"@type":"SearchAction","target":{"@type":"EntryPoint","urlTemplate":"https:\/\/lasentinelle.dz\/?s={search_term_string}"},"query-input":{"@type":"PropertyValueSpecification","valueRequired":true,"valueName":"search_term_string"}}],"inLanguage":"fr-FR"},{"@type":"Organization","@id":"https:\/\/lasentinelle.dz\/#organization","name":"Quotidien La Sentinelle","url":"https:\/\/lasentinelle.dz\/","logo":{"@type":"ImageObject","inLanguage":"fr-FR","@id":"https:\/\/lasentinelle.dz\/#\/schema\/logo\/image\/","url":"https:\/\/lasentinelle.dz\/wp-content\/uploads\/2021\/09\/logo-sentinelleSLOGAN-1.png","contentUrl":"https:\/\/lasentinelle.dz\/wp-content\/uploads\/2021\/09\/logo-sentinelleSLOGAN-1.png","width":615,"height":142,"caption":"Quotidien La Sentinelle"},"image":{"@id":"https:\/\/lasentinelle.dz\/#\/schema\/logo\/image\/"},"sameAs":["https:\/\/www.facebook.com\/La-Sentinelle-104059864394773"]},{"@type":"Person","@id":"https:\/\/lasentinelle.dz\/#\/schema\/person\/d865044e22e70a75174ce8bcad3acfb3","name":"La Sentinelle","image":{"@type":"ImageObject","inLanguage":"fr-FR","@id":"https:\/\/secure.gravatar.com\/avatar\/57de8e5d4b15d43fb361a71fbb36338450fe67865b528a43dd10ef7c51a20392?s=96&d=mm&r=g","url":"https:\/\/secure.gravatar.com\/avatar\/57de8e5d4b15d43fb361a71fbb36338450fe67865b528a43dd10ef7c51a20392?s=96&d=mm&r=g","contentUrl":"https:\/\/secure.gravatar.com\/avatar\/57de8e5d4b15d43fb361a71fbb36338450fe67865b528a43dd10ef7c51a20392?s=96&d=mm&r=g","caption":"La Sentinelle"},"sameAs":["http:\/\/www.lasentinelle.dz"],"url":"https:\/\/lasentinelle.dz\/author\/redaction\/"}]}},"_links":{"self":[{"href":"https:\/\/lasentinelle.dz\/index.php\/wp-json\/wp\/v2\/posts\/31354","targetHints":{"allow":["GET"]}}],"collection":[{"href":"https:\/\/lasentinelle.dz\/index.php\/wp-json\/wp\/v2\/posts"}],"about":[{"href":"https:\/\/lasentinelle.dz\/index.php\/wp-json\/wp\/v2\/types\/post"}],"author":[{"embeddable":true,"href":"https:\/\/lasentinelle.dz\/index.php\/wp-json\/wp\/v2\/users\/3"}],"replies":[{"embeddable":true,"href":"https:\/\/lasentinelle.dz\/index.php\/wp-json\/wp\/v2\/comments?post=31354"}],"version-history":[{"count":1,"href":"https:\/\/lasentinelle.dz\/index.php\/wp-json\/wp\/v2\/posts\/31354\/revisions"}],"predecessor-version":[{"id":31365,"href":"https:\/\/lasentinelle.dz\/index.php\/wp-json\/wp\/v2\/posts\/31354\/revisions\/31365"}],"wp:featuredmedia":[{"embeddable":true,"href":"https:\/\/lasentinelle.dz\/index.php\/wp-json\/wp\/v2\/media\/31364"}],"wp:attachment":[{"href":"https:\/\/lasentinelle.dz\/index.php\/wp-json\/wp\/v2\/media?parent=31354"}],"wp:term":[{"taxonomy":"category","embeddable":true,"href":"https:\/\/lasentinelle.dz\/index.php\/wp-json\/wp\/v2\/categories?post=31354"},{"taxonomy":"post_tag","embeddable":true,"href":"https:\/\/lasentinelle.dz\/index.php\/wp-json\/wp\/v2\/tags?post=31354"}],"curies":[{"name":"wp","href":"https:\/\/api.w.org\/{rel}","templated":true}]}}