{"id":31366,"date":"2022-11-23T22:00:00","date_gmt":"2022-11-23T21:00:00","guid":{"rendered":"https:\/\/lasentinelle.dz\/?p=31366"},"modified":"2022-11-23T15:47:49","modified_gmt":"2022-11-23T14:47:49","slug":"soudan-du-sud-amnesty-appelle-lua-a-agir-pour-un-tribunal-sur-les-crimes-de-la-guerre-civile","status":"publish","type":"post","link":"https:\/\/lasentinelle.dz\/index.php\/2022\/11\/23\/soudan-du-sud-amnesty-appelle-lua-a-agir-pour-un-tribunal-sur-les-crimes-de-la-guerre-civile\/","title":{"rendered":"Soudan du Sud\u00a0: Amnesty appelle l&rsquo;UA \u00e0 agir pour un tribunal sur les crimes de la guerre civile"},"content":{"rendered":"\n<p>Amnesty International a appel\u00e9 hier l&rsquo;Union africaine \u00e0 prendre des mesures \u00ab\u00a0attendues depuis longtemps\u00a0\u00bb sur la mise en place d&rsquo;un tribunal pour juger les atrocit\u00e9s commises pendant la&nbsp;&nbsp; sanglante guerre civile au Soudan du Sud entre 2013 et 2018. La cr\u00e9ation d&rsquo;un \u00ab\u00a0tribunal hybride\u00a0\u00bb, sous l&rsquo;\u00e9gide de l&rsquo;Union africaine mais incluant \u00e9galement des magistrats sud-soudanais, pour poursuivre les auteurs de&nbsp;&nbsp; crimes et d&rsquo;abus des droits humains durant ce conflit est pr\u00e9vue dans un accord&nbsp;&nbsp; de paix de 2015, confirm\u00e9e en 2018. Mais elle n&rsquo;a jamais \u00e9t\u00e9 concr\u00e9tis\u00e9e. Le gouvernement et les forces rebelles ont notamment \u00e9t\u00e9 accus\u00e9s de viols&nbsp;&nbsp; collectifs, de massacres ethniques et d&rsquo;enr\u00f4lement d&rsquo;enfants soldats durant&nbsp;&nbsp; cette guerre qui a d\u00e9vast\u00e9 la plus jeune pays du monde, faisant pr\u00e8s de 400.000 morts et des millions de d\u00e9plac\u00e9s. \u00ab\u00a0La formation de ce tribunal n&rsquo;aurait pas d\u00fb \u00eatre retard\u00e9e depuis aussi longtemps. L&rsquo;UA doit prendre des mesures audacieuses attendues depuis longtemps\u00a0\u00bb, affirme Muleya Mwananyanda, directeur d&rsquo;Amnesty pour l&rsquo;Afrique&nbsp; orientale et australe, dans un communiqu\u00e9 avec le Groupe de travail sud-soudanais sur la justice transitionnelle, une coalition d&rsquo;organisations de la soci\u00e9t\u00e9 civile et de groupes religieux.&nbsp; \u00ab\u00a0L&rsquo;\u00e9chec de la cr\u00e9ation du tribunal hybride refl\u00e8te un manque de volont\u00e9&nbsp;&nbsp; politique au sein du gouvernement du Soudan du Sud de tenir pour responsables les principaux auteurs de crimes graves, qui sont susceptibles d&rsquo;inclure de&nbsp;&nbsp; hauts responsables politiques et militaires\u00a0\u00bb, ajoute-t-il. Deux ans apr\u00e8s son ind\u00e9pendance du Soudan en 2011, le Soudan du Sud a plong\u00e9 dans la guerre apr\u00e8s que le pr\u00e9sident Salva Kiir a accus\u00e9 son vice-pr\u00e9sident Riek Machar de fomenter un coup d&rsquo;\u00c9tat. Le conflit qui a suivi a \u00e9t\u00e9 marqu\u00e9 par des violences ethniques \u00e0 grande \u00e9chelle entre les communaut\u00e9s Nuer de Riek Machar et Dinka de Salva Kiir.Des enqu\u00eateurs de l&rsquo;ONU ont averti que des actes de nettoyage ethnique avaient pu avoir lieu dans le pays, o\u00f9 le viol et la famine ont \u00e9t\u00e9 utilis\u00e9s comme armes de guerre et o\u00f9 des civils ont \u00e9t\u00e9 assassin\u00e9s en masse. Un accord de paix sign\u00e9 en 2018 a pr\u00e9vu la cr\u00e9ation d&rsquo;un gouvernement&nbsp;&nbsp; d&rsquo;union nationale, form\u00e9 en f\u00e9vrier 2020 avec Kiir au poste de pr\u00e9sident et Machar comme vice-pr\u00e9sident. Le gouvernement est accus\u00e9 de bloquer la cr\u00e9ation d&rsquo;un tribunal pour juger&nbsp;&nbsp; d&rsquo;\u00e9ventuels crimes de guerre et de faire obstruction aux efforts pour faire juger leurs responsables. \u00ab\u00a0Etant donn\u00e9 la r\u00e9ticence du gouvernement du Soudan du Sud \u00e0 traduire en justice les auteurs et l&rsquo;absence de m\u00e9canismes de protection des victimes et des t\u00e9moins, (&#8230;) le tribunal doit \u00eatre situ\u00e9 dans un autre \u00c9tat africain, mais son statut devrait pr\u00e9voir la possibilit\u00e9 de tenir des audiences au Soudan du Sud\u00a0\u00bb, estime James Ninrew, pr\u00e9sident du groupe de travail sur la justice transitionnelle. Le Conseil de paix et de s\u00e9curit\u00e9 de l&rsquo;UA, organe en charge des conflits et questions de s\u00e9curit\u00e9 au sein de l&rsquo;organisation, tient une r\u00e9union sur le&nbsp;&nbsp; Soudan du Sud le 30 novembre.<\/p>\n\n\n\n<p><strong>R.I.<\/strong><\/p>\n","protected":false},"excerpt":{"rendered":"<p>Amnesty International a appel\u00e9 hier l&rsquo;Union africaine \u00e0 prendre des mesures \u00ab\u00a0attendues depuis longtemps\u00a0\u00bb sur la mise en place d&rsquo;un<\/p>\n","protected":false},"author":2,"featured_media":31367,"comment_status":"open","ping_status":"closed","sticky":false,"template":"","format":"standard","meta":{"colormag_page_container_layout":"default_layout","colormag_page_sidebar_layout":"default_layout","om_disable_all_campaigns":false,"_monsterinsights_skip_tracking":false,"_monsterinsights_sitenote_active":false,"_monsterinsights_sitenote_note":"","_monsterinsights_sitenote_category":0,"footnotes":"","_wpscppro_dont_share_socialmedia":false,"_wpscppro_custom_social_share_image":0,"_facebook_share_type":"","_twitter_share_type":"","_linkedin_share_type":"","_pinterest_share_type":"","_linkedin_share_type_page":"","_instagram_share_type":"","_medium_share_type":"","_threads_share_type":"","_google_business_share_type":"","_selected_social_profile":[],"_wpsp_enable_custom_social_template":false,"_wpsp_social_scheduling":{"enabled":false,"datetime":null,"platforms":[],"status":"template_only","dateOption":"today","timeOption":"now","customDays":"","customHours":"","customDate":"","customTime":"","schedulingType":"absolute"},"_wpsp_active_default_template":true},"categories":[37],"tags":[],"class_list":["post-31366","post","type-post","status-publish","format-standard","has-post-thumbnail","hentry","category-monde"],"aioseo_notices":[],"yoast_head":"<!-- This site is optimized with the Yoast SEO plugin v27.5 - https:\/\/yoast.com\/product\/yoast-seo-wordpress\/ -->\n<title>Soudan du Sud\u00a0: Amnesty appelle l&rsquo;UA \u00e0 agir pour un tribunal sur les crimes de la guerre civile - La Sentinelle<\/title>\n<meta name=\"robots\" content=\"index, follow, max-snippet:-1, max-image-preview:large, max-video-preview:-1\" \/>\n<link rel=\"canonical\" href=\"https:\/\/lasentinelle.dz\/index.php\/2022\/11\/23\/soudan-du-sud-amnesty-appelle-lua-a-agir-pour-un-tribunal-sur-les-crimes-de-la-guerre-civile\/\" \/>\n<meta property=\"og:locale\" content=\"fr_FR\" \/>\n<meta property=\"og:type\" content=\"article\" \/>\n<meta property=\"og:title\" content=\"Soudan du Sud\u00a0: Amnesty appelle l&rsquo;UA \u00e0 agir pour un tribunal sur les crimes de la guerre civile - La Sentinelle\" \/>\n<meta property=\"og:description\" content=\"Amnesty International a appel\u00e9 hier l&rsquo;Union africaine \u00e0 prendre des mesures \u00ab\u00a0attendues depuis longtemps\u00a0\u00bb sur la mise en place d&rsquo;un\" \/>\n<meta property=\"og:url\" content=\"https:\/\/lasentinelle.dz\/index.php\/2022\/11\/23\/soudan-du-sud-amnesty-appelle-lua-a-agir-pour-un-tribunal-sur-les-crimes-de-la-guerre-civile\/\" \/>\n<meta property=\"og:site_name\" content=\"La Sentinelle\" \/>\n<meta property=\"article:publisher\" content=\"https:\/\/www.facebook.com\/La-Sentinelle-104059864394773\" \/>\n<meta property=\"article:published_time\" content=\"2022-11-23T21:00:00+00:00\" \/>\n<meta property=\"og:image\" content=\"https:\/\/lasentinelle.dz\/wp-content\/uploads\/2022\/11\/image_2022-11-23_154622423-1024x683.png\" \/>\n\t<meta property=\"og:image:width\" content=\"1024\" \/>\n\t<meta property=\"og:image:height\" content=\"683\" \/>\n\t<meta property=\"og:image:type\" content=\"image\/png\" \/>\n<meta name=\"author\" content=\"Azzedine Belferag\" \/>\n<meta name=\"twitter:card\" content=\"summary_large_image\" \/>\n<meta name=\"twitter:label1\" content=\"\u00c9crit par\" \/>\n\t<meta name=\"twitter:data1\" content=\"Azzedine Belferag\" \/>\n\t<meta name=\"twitter:label2\" content=\"Dur\u00e9e de lecture estim\u00e9e\" \/>\n\t<meta name=\"twitter:data2\" content=\"3 minutes\" \/>\n<script type=\"application\/ld+json\" class=\"yoast-schema-graph\">{\"@context\":\"https:\\\/\\\/schema.org\",\"@graph\":[{\"@type\":\"Article\",\"@id\":\"https:\\\/\\\/lasentinelle.dz\\\/index.php\\\/2022\\\/11\\\/23\\\/soudan-du-sud-amnesty-appelle-lua-a-agir-pour-un-tribunal-sur-les-crimes-de-la-guerre-civile\\\/#article\",\"isPartOf\":{\"@id\":\"https:\\\/\\\/lasentinelle.dz\\\/index.php\\\/2022\\\/11\\\/23\\\/soudan-du-sud-amnesty-appelle-lua-a-agir-pour-un-tribunal-sur-les-crimes-de-la-guerre-civile\\\/\"},\"author\":{\"name\":\"Azzedine Belferag\",\"@id\":\"https:\\\/\\\/lasentinelle.dz\\\/#\\\/schema\\\/person\\\/e22c868643946ece5f328ac9d185b29f\"},\"headline\":\"Soudan du Sud\u00a0: Amnesty appelle l&rsquo;UA \u00e0 agir pour un tribunal sur les crimes de la guerre civile\",\"datePublished\":\"2022-11-23T21:00:00+00:00\",\"mainEntityOfPage\":{\"@id\":\"https:\\\/\\\/lasentinelle.dz\\\/index.php\\\/2022\\\/11\\\/23\\\/soudan-du-sud-amnesty-appelle-lua-a-agir-pour-un-tribunal-sur-les-crimes-de-la-guerre-civile\\\/\"},\"wordCount\":578,\"commentCount\":0,\"publisher\":{\"@id\":\"https:\\\/\\\/lasentinelle.dz\\\/#organization\"},\"image\":{\"@id\":\"https:\\\/\\\/lasentinelle.dz\\\/index.php\\\/2022\\\/11\\\/23\\\/soudan-du-sud-amnesty-appelle-lua-a-agir-pour-un-tribunal-sur-les-crimes-de-la-guerre-civile\\\/#primaryimage\"},\"thumbnailUrl\":\"https:\\\/\\\/lasentinelle.dz\\\/wp-content\\\/uploads\\\/2022\\\/11\\\/image_2022-11-23_154622423.png\",\"articleSection\":[\"Monde\"],\"inLanguage\":\"fr-FR\",\"potentialAction\":[{\"@type\":\"CommentAction\",\"name\":\"Comment\",\"target\":[\"https:\\\/\\\/lasentinelle.dz\\\/index.php\\\/2022\\\/11\\\/23\\\/soudan-du-sud-amnesty-appelle-lua-a-agir-pour-un-tribunal-sur-les-crimes-de-la-guerre-civile\\\/#respond\"]}]},{\"@type\":\"WebPage\",\"@id\":\"https:\\\/\\\/lasentinelle.dz\\\/index.php\\\/2022\\\/11\\\/23\\\/soudan-du-sud-amnesty-appelle-lua-a-agir-pour-un-tribunal-sur-les-crimes-de-la-guerre-civile\\\/\",\"url\":\"https:\\\/\\\/lasentinelle.dz\\\/index.php\\\/2022\\\/11\\\/23\\\/soudan-du-sud-amnesty-appelle-lua-a-agir-pour-un-tribunal-sur-les-crimes-de-la-guerre-civile\\\/\",\"name\":\"Soudan du Sud\u00a0: Amnesty appelle l&rsquo;UA \u00e0 agir pour un tribunal sur les crimes de la guerre civile - La Sentinelle\",\"isPartOf\":{\"@id\":\"https:\\\/\\\/lasentinelle.dz\\\/#website\"},\"primaryImageOfPage\":{\"@id\":\"https:\\\/\\\/lasentinelle.dz\\\/index.php\\\/2022\\\/11\\\/23\\\/soudan-du-sud-amnesty-appelle-lua-a-agir-pour-un-tribunal-sur-les-crimes-de-la-guerre-civile\\\/#primaryimage\"},\"image\":{\"@id\":\"https:\\\/\\\/lasentinelle.dz\\\/index.php\\\/2022\\\/11\\\/23\\\/soudan-du-sud-amnesty-appelle-lua-a-agir-pour-un-tribunal-sur-les-crimes-de-la-guerre-civile\\\/#primaryimage\"},\"thumbnailUrl\":\"https:\\\/\\\/lasentinelle.dz\\\/wp-content\\\/uploads\\\/2022\\\/11\\\/image_2022-11-23_154622423.png\",\"datePublished\":\"2022-11-23T21:00:00+00:00\",\"breadcrumb\":{\"@id\":\"https:\\\/\\\/lasentinelle.dz\\\/index.php\\\/2022\\\/11\\\/23\\\/soudan-du-sud-amnesty-appelle-lua-a-agir-pour-un-tribunal-sur-les-crimes-de-la-guerre-civile\\\/#breadcrumb\"},\"inLanguage\":\"fr-FR\",\"potentialAction\":[{\"@type\":\"ReadAction\",\"target\":[\"https:\\\/\\\/lasentinelle.dz\\\/index.php\\\/2022\\\/11\\\/23\\\/soudan-du-sud-amnesty-appelle-lua-a-agir-pour-un-tribunal-sur-les-crimes-de-la-guerre-civile\\\/\"]}]},{\"@type\":\"ImageObject\",\"inLanguage\":\"fr-FR\",\"@id\":\"https:\\\/\\\/lasentinelle.dz\\\/index.php\\\/2022\\\/11\\\/23\\\/soudan-du-sud-amnesty-appelle-lua-a-agir-pour-un-tribunal-sur-les-crimes-de-la-guerre-civile\\\/#primaryimage\",\"url\":\"https:\\\/\\\/lasentinelle.dz\\\/wp-content\\\/uploads\\\/2022\\\/11\\\/image_2022-11-23_154622423.png\",\"contentUrl\":\"https:\\\/\\\/lasentinelle.dz\\\/wp-content\\\/uploads\\\/2022\\\/11\\\/image_2022-11-23_154622423.png\",\"width\":3000,\"height\":2000},{\"@type\":\"BreadcrumbList\",\"@id\":\"https:\\\/\\\/lasentinelle.dz\\\/index.php\\\/2022\\\/11\\\/23\\\/soudan-du-sud-amnesty-appelle-lua-a-agir-pour-un-tribunal-sur-les-crimes-de-la-guerre-civile\\\/#breadcrumb\",\"itemListElement\":[{\"@type\":\"ListItem\",\"position\":1,\"name\":\"Accueil\",\"item\":\"https:\\\/\\\/lasentinelle.dz\\\/\"},{\"@type\":\"ListItem\",\"position\":2,\"name\":\"Soudan du Sud\u00a0: Amnesty appelle l&rsquo;UA \u00e0 agir pour un tribunal sur les crimes de la guerre civile\"}]},{\"@type\":\"WebSite\",\"@id\":\"https:\\\/\\\/lasentinelle.dz\\\/#website\",\"url\":\"https:\\\/\\\/lasentinelle.dz\\\/\",\"name\":\"La Sentinelle\",\"description\":\"Quotidien national d&#039;information\",\"publisher\":{\"@id\":\"https:\\\/\\\/lasentinelle.dz\\\/#organization\"},\"potentialAction\":[{\"@type\":\"SearchAction\",\"target\":{\"@type\":\"EntryPoint\",\"urlTemplate\":\"https:\\\/\\\/lasentinelle.dz\\\/?s={search_term_string}\"},\"query-input\":{\"@type\":\"PropertyValueSpecification\",\"valueRequired\":true,\"valueName\":\"search_term_string\"}}],\"inLanguage\":\"fr-FR\"},{\"@type\":\"Organization\",\"@id\":\"https:\\\/\\\/lasentinelle.dz\\\/#organization\",\"name\":\"Quotidien La Sentinelle\",\"url\":\"https:\\\/\\\/lasentinelle.dz\\\/\",\"logo\":{\"@type\":\"ImageObject\",\"inLanguage\":\"fr-FR\",\"@id\":\"https:\\\/\\\/lasentinelle.dz\\\/#\\\/schema\\\/logo\\\/image\\\/\",\"url\":\"https:\\\/\\\/lasentinelle.dz\\\/wp-content\\\/uploads\\\/2021\\\/09\\\/logo-sentinelleSLOGAN-1.png\",\"contentUrl\":\"https:\\\/\\\/lasentinelle.dz\\\/wp-content\\\/uploads\\\/2021\\\/09\\\/logo-sentinelleSLOGAN-1.png\",\"width\":615,\"height\":142,\"caption\":\"Quotidien La Sentinelle\"},\"image\":{\"@id\":\"https:\\\/\\\/lasentinelle.dz\\\/#\\\/schema\\\/logo\\\/image\\\/\"},\"sameAs\":[\"https:\\\/\\\/www.facebook.com\\\/La-Sentinelle-104059864394773\"]},{\"@type\":\"Person\",\"@id\":\"https:\\\/\\\/lasentinelle.dz\\\/#\\\/schema\\\/person\\\/e22c868643946ece5f328ac9d185b29f\",\"name\":\"Azzedine Belferag\",\"image\":{\"@type\":\"ImageObject\",\"inLanguage\":\"fr-FR\",\"@id\":\"https:\\\/\\\/secure.gravatar.com\\\/avatar\\\/767ecc3bfcf23cd6d0dae1705f124feb13a88fded1daa56498e4fb3aa3fc36a1?s=96&d=mm&r=g\",\"url\":\"https:\\\/\\\/secure.gravatar.com\\\/avatar\\\/767ecc3bfcf23cd6d0dae1705f124feb13a88fded1daa56498e4fb3aa3fc36a1?s=96&d=mm&r=g\",\"contentUrl\":\"https:\\\/\\\/secure.gravatar.com\\\/avatar\\\/767ecc3bfcf23cd6d0dae1705f124feb13a88fded1daa56498e4fb3aa3fc36a1?s=96&d=mm&r=g\",\"caption\":\"Azzedine Belferag\"},\"sameAs\":[\"http:\\\/\\\/www.lasentinelle.dz\"],\"url\":\"https:\\\/\\\/lasentinelle.dz\\\/author\\\/belferag\\\/\"}]}<\/script>\n<!-- \/ Yoast SEO plugin. -->","yoast_head_json":{"title":"Soudan du Sud\u00a0: Amnesty appelle l&rsquo;UA \u00e0 agir pour un tribunal sur les crimes de la guerre civile - La Sentinelle","robots":{"index":"index","follow":"follow","max-snippet":"max-snippet:-1","max-image-preview":"max-image-preview:large","max-video-preview":"max-video-preview:-1"},"canonical":"https:\/\/lasentinelle.dz\/index.php\/2022\/11\/23\/soudan-du-sud-amnesty-appelle-lua-a-agir-pour-un-tribunal-sur-les-crimes-de-la-guerre-civile\/","og_locale":"fr_FR","og_type":"article","og_title":"Soudan du Sud\u00a0: Amnesty appelle l&rsquo;UA \u00e0 agir pour un tribunal sur les crimes de la guerre civile - La Sentinelle","og_description":"Amnesty International a appel\u00e9 hier l&rsquo;Union africaine \u00e0 prendre des mesures \u00ab\u00a0attendues depuis longtemps\u00a0\u00bb sur la mise en place d&rsquo;un","og_url":"https:\/\/lasentinelle.dz\/index.php\/2022\/11\/23\/soudan-du-sud-amnesty-appelle-lua-a-agir-pour-un-tribunal-sur-les-crimes-de-la-guerre-civile\/","og_site_name":"La Sentinelle","article_publisher":"https:\/\/www.facebook.com\/La-Sentinelle-104059864394773","article_published_time":"2022-11-23T21:00:00+00:00","og_image":[{"width":1024,"height":683,"url":"https:\/\/lasentinelle.dz\/wp-content\/uploads\/2022\/11\/image_2022-11-23_154622423-1024x683.png","type":"image\/png"}],"author":"Azzedine Belferag","twitter_card":"summary_large_image","twitter_misc":{"\u00c9crit par":"Azzedine Belferag","Dur\u00e9e de lecture estim\u00e9e":"3 minutes"},"schema":{"@context":"https:\/\/schema.org","@graph":[{"@type":"Article","@id":"https:\/\/lasentinelle.dz\/index.php\/2022\/11\/23\/soudan-du-sud-amnesty-appelle-lua-a-agir-pour-un-tribunal-sur-les-crimes-de-la-guerre-civile\/#article","isPartOf":{"@id":"https:\/\/lasentinelle.dz\/index.php\/2022\/11\/23\/soudan-du-sud-amnesty-appelle-lua-a-agir-pour-un-tribunal-sur-les-crimes-de-la-guerre-civile\/"},"author":{"name":"Azzedine Belferag","@id":"https:\/\/lasentinelle.dz\/#\/schema\/person\/e22c868643946ece5f328ac9d185b29f"},"headline":"Soudan du Sud\u00a0: Amnesty appelle l&rsquo;UA \u00e0 agir pour un tribunal sur les crimes de la guerre civile","datePublished":"2022-11-23T21:00:00+00:00","mainEntityOfPage":{"@id":"https:\/\/lasentinelle.dz\/index.php\/2022\/11\/23\/soudan-du-sud-amnesty-appelle-lua-a-agir-pour-un-tribunal-sur-les-crimes-de-la-guerre-civile\/"},"wordCount":578,"commentCount":0,"publisher":{"@id":"https:\/\/lasentinelle.dz\/#organization"},"image":{"@id":"https:\/\/lasentinelle.dz\/index.php\/2022\/11\/23\/soudan-du-sud-amnesty-appelle-lua-a-agir-pour-un-tribunal-sur-les-crimes-de-la-guerre-civile\/#primaryimage"},"thumbnailUrl":"https:\/\/lasentinelle.dz\/wp-content\/uploads\/2022\/11\/image_2022-11-23_154622423.png","articleSection":["Monde"],"inLanguage":"fr-FR","potentialAction":[{"@type":"CommentAction","name":"Comment","target":["https:\/\/lasentinelle.dz\/index.php\/2022\/11\/23\/soudan-du-sud-amnesty-appelle-lua-a-agir-pour-un-tribunal-sur-les-crimes-de-la-guerre-civile\/#respond"]}]},{"@type":"WebPage","@id":"https:\/\/lasentinelle.dz\/index.php\/2022\/11\/23\/soudan-du-sud-amnesty-appelle-lua-a-agir-pour-un-tribunal-sur-les-crimes-de-la-guerre-civile\/","url":"https:\/\/lasentinelle.dz\/index.php\/2022\/11\/23\/soudan-du-sud-amnesty-appelle-lua-a-agir-pour-un-tribunal-sur-les-crimes-de-la-guerre-civile\/","name":"Soudan du Sud\u00a0: Amnesty appelle l&rsquo;UA \u00e0 agir pour un tribunal sur les crimes de la guerre civile - La Sentinelle","isPartOf":{"@id":"https:\/\/lasentinelle.dz\/#website"},"primaryImageOfPage":{"@id":"https:\/\/lasentinelle.dz\/index.php\/2022\/11\/23\/soudan-du-sud-amnesty-appelle-lua-a-agir-pour-un-tribunal-sur-les-crimes-de-la-guerre-civile\/#primaryimage"},"image":{"@id":"https:\/\/lasentinelle.dz\/index.php\/2022\/11\/23\/soudan-du-sud-amnesty-appelle-lua-a-agir-pour-un-tribunal-sur-les-crimes-de-la-guerre-civile\/#primaryimage"},"thumbnailUrl":"https:\/\/lasentinelle.dz\/wp-content\/uploads\/2022\/11\/image_2022-11-23_154622423.png","datePublished":"2022-11-23T21:00:00+00:00","breadcrumb":{"@id":"https:\/\/lasentinelle.dz\/index.php\/2022\/11\/23\/soudan-du-sud-amnesty-appelle-lua-a-agir-pour-un-tribunal-sur-les-crimes-de-la-guerre-civile\/#breadcrumb"},"inLanguage":"fr-FR","potentialAction":[{"@type":"ReadAction","target":["https:\/\/lasentinelle.dz\/index.php\/2022\/11\/23\/soudan-du-sud-amnesty-appelle-lua-a-agir-pour-un-tribunal-sur-les-crimes-de-la-guerre-civile\/"]}]},{"@type":"ImageObject","inLanguage":"fr-FR","@id":"https:\/\/lasentinelle.dz\/index.php\/2022\/11\/23\/soudan-du-sud-amnesty-appelle-lua-a-agir-pour-un-tribunal-sur-les-crimes-de-la-guerre-civile\/#primaryimage","url":"https:\/\/lasentinelle.dz\/wp-content\/uploads\/2022\/11\/image_2022-11-23_154622423.png","contentUrl":"https:\/\/lasentinelle.dz\/wp-content\/uploads\/2022\/11\/image_2022-11-23_154622423.png","width":3000,"height":2000},{"@type":"BreadcrumbList","@id":"https:\/\/lasentinelle.dz\/index.php\/2022\/11\/23\/soudan-du-sud-amnesty-appelle-lua-a-agir-pour-un-tribunal-sur-les-crimes-de-la-guerre-civile\/#breadcrumb","itemListElement":[{"@type":"ListItem","position":1,"name":"Accueil","item":"https:\/\/lasentinelle.dz\/"},{"@type":"ListItem","position":2,"name":"Soudan du Sud\u00a0: Amnesty appelle l&rsquo;UA \u00e0 agir pour un tribunal sur les crimes de la guerre civile"}]},{"@type":"WebSite","@id":"https:\/\/lasentinelle.dz\/#website","url":"https:\/\/lasentinelle.dz\/","name":"La Sentinelle","description":"Quotidien national d&#039;information","publisher":{"@id":"https:\/\/lasentinelle.dz\/#organization"},"potentialAction":[{"@type":"SearchAction","target":{"@type":"EntryPoint","urlTemplate":"https:\/\/lasentinelle.dz\/?s={search_term_string}"},"query-input":{"@type":"PropertyValueSpecification","valueRequired":true,"valueName":"search_term_string"}}],"inLanguage":"fr-FR"},{"@type":"Organization","@id":"https:\/\/lasentinelle.dz\/#organization","name":"Quotidien La Sentinelle","url":"https:\/\/lasentinelle.dz\/","logo":{"@type":"ImageObject","inLanguage":"fr-FR","@id":"https:\/\/lasentinelle.dz\/#\/schema\/logo\/image\/","url":"https:\/\/lasentinelle.dz\/wp-content\/uploads\/2021\/09\/logo-sentinelleSLOGAN-1.png","contentUrl":"https:\/\/lasentinelle.dz\/wp-content\/uploads\/2021\/09\/logo-sentinelleSLOGAN-1.png","width":615,"height":142,"caption":"Quotidien La Sentinelle"},"image":{"@id":"https:\/\/lasentinelle.dz\/#\/schema\/logo\/image\/"},"sameAs":["https:\/\/www.facebook.com\/La-Sentinelle-104059864394773"]},{"@type":"Person","@id":"https:\/\/lasentinelle.dz\/#\/schema\/person\/e22c868643946ece5f328ac9d185b29f","name":"Azzedine Belferag","image":{"@type":"ImageObject","inLanguage":"fr-FR","@id":"https:\/\/secure.gravatar.com\/avatar\/767ecc3bfcf23cd6d0dae1705f124feb13a88fded1daa56498e4fb3aa3fc36a1?s=96&d=mm&r=g","url":"https:\/\/secure.gravatar.com\/avatar\/767ecc3bfcf23cd6d0dae1705f124feb13a88fded1daa56498e4fb3aa3fc36a1?s=96&d=mm&r=g","contentUrl":"https:\/\/secure.gravatar.com\/avatar\/767ecc3bfcf23cd6d0dae1705f124feb13a88fded1daa56498e4fb3aa3fc36a1?s=96&d=mm&r=g","caption":"Azzedine Belferag"},"sameAs":["http:\/\/www.lasentinelle.dz"],"url":"https:\/\/lasentinelle.dz\/author\/belferag\/"}]}},"_links":{"self":[{"href":"https:\/\/lasentinelle.dz\/index.php\/wp-json\/wp\/v2\/posts\/31366","targetHints":{"allow":["GET"]}}],"collection":[{"href":"https:\/\/lasentinelle.dz\/index.php\/wp-json\/wp\/v2\/posts"}],"about":[{"href":"https:\/\/lasentinelle.dz\/index.php\/wp-json\/wp\/v2\/types\/post"}],"author":[{"embeddable":true,"href":"https:\/\/lasentinelle.dz\/index.php\/wp-json\/wp\/v2\/users\/2"}],"replies":[{"embeddable":true,"href":"https:\/\/lasentinelle.dz\/index.php\/wp-json\/wp\/v2\/comments?post=31366"}],"version-history":[{"count":1,"href":"https:\/\/lasentinelle.dz\/index.php\/wp-json\/wp\/v2\/posts\/31366\/revisions"}],"predecessor-version":[{"id":31370,"href":"https:\/\/lasentinelle.dz\/index.php\/wp-json\/wp\/v2\/posts\/31366\/revisions\/31370"}],"wp:featuredmedia":[{"embeddable":true,"href":"https:\/\/lasentinelle.dz\/index.php\/wp-json\/wp\/v2\/media\/31367"}],"wp:attachment":[{"href":"https:\/\/lasentinelle.dz\/index.php\/wp-json\/wp\/v2\/media?parent=31366"}],"wp:term":[{"taxonomy":"category","embeddable":true,"href":"https:\/\/lasentinelle.dz\/index.php\/wp-json\/wp\/v2\/categories?post=31366"},{"taxonomy":"post_tag","embeddable":true,"href":"https:\/\/lasentinelle.dz\/index.php\/wp-json\/wp\/v2\/tags?post=31366"}],"curies":[{"name":"wp","href":"https:\/\/api.w.org\/{rel}","templated":true}]}}