{"id":3138,"date":"2021-08-02T00:01:00","date_gmt":"2021-08-01T23:01:00","guid":{"rendered":"https:\/\/lasentinelle.dz\/?p=3138"},"modified":"2021-08-01T18:04:26","modified_gmt":"2021-08-01T17:04:26","slug":"les-incendies-font-rage-dans-le-sud-de-leurope-et-en-turquie","status":"publish","type":"post","link":"https:\/\/lasentinelle.dz\/index.php\/2021\/08\/02\/les-incendies-font-rage-dans-le-sud-de-leurope-et-en-turquie\/","title":{"rendered":"Les incendies font rage dans le sud de l&rsquo;Europe et en Turquie"},"content":{"rendered":"\n<p>Des dizaines de villages et h\u00f4tels ont \u00e9t\u00e9 \u00e9vacu\u00e9s hier dans le sud touristique de la Turquie, face \u00e0 la progression des incendies qui s\u00e9vissent depuis cinq jours et ont d\u00e9j\u00e0 fait six morts, pendant que plusieurs r\u00e9gions de Gr\u00e8ce, d&rsquo;Italie et d&rsquo;Espagne \u00e9taient elles aussi ravag\u00e9es par le feu.<\/p>\n\n\n\n<p>Ces pays du pourtour m\u00e9diterran\u00e9en, tr\u00e8s d\u00e9pendants des recettes touristiques dont ils ont \u00e9t\u00e9 priv\u00e9s \u00e0 cause de la pand\u00e9mie, sont confront\u00e9s cet \u00e9t\u00e9 \u00e0 des temp\u00e9ratures caniculaires et \u00e0 des feux de for\u00eats plus nombreux que d&rsquo;habitude.La Turquie subit actuellement les pires incendies depuis au moins une d\u00e9cennie, avec pr\u00e8s de 95.000 hectares br\u00fbl\u00e9s depuis janvier, contre une moyenne de 13.516 \u00e0 ce stade de l&rsquo;ann\u00e9e entre 2008 et 2020.<\/p>\n\n\n\n<p>Dans la station baln\u00e9aire turque hupp\u00e9e de Bodrum, un quartier a \u00e9t\u00e9 \u00e9vacu\u00e9, alors que les flammes \u00e9taient attis\u00e9es par des vents forts provenant du district voisin de Milas, a rapport\u00e9 la cha\u00eene de t\u00e9l\u00e9vision CNN Turquie.Faute de pouvoir prendre la route, 540 personnes ont \u00e9t\u00e9 \u00e9vacu\u00e9es par bateau, selon la cha\u00eene.Dans la ville touristique d&rsquo;Antalya, d&rsquo;autres \u00e9vacuations ont \u00e9galement eu lieu, selon la cha\u00eene NTV.Le minist\u00e8re turc de la D\u00e9fense a publi\u00e9 des images prises par satellite montrant l&rsquo;importance des d\u00e9g\u00e2ts sur les for\u00eats, noires de suie et avec des fum\u00e9es toujours visibles.<\/p>\n\n\n\n<p>Selon des donn\u00e9es publi\u00e9es par l&rsquo;Union europ\u00e9enne, la Turquie a \u00e9t\u00e9 ravag\u00e9e par 133 incendies en 2021 jusqu&rsquo;ici, compar\u00e9 \u00e0 une moyenne de 43 entre 2008 et 2020. En Gr\u00e8ce, les pompiers luttaient aussi contre le feu hier, dans le nord-ouest de la p\u00e9ninsule du P\u00e9loponn\u00e8se, pr\u00e8s de la ville de Patras.Huit personnes ont \u00e9t\u00e9 hospitalis\u00e9es avec des probl\u00e8mes respiratoires et des br\u00fblures, dans des h\u00f4pitaux de la r\u00e9gion qui restent sur le qui-vive, selon la protection civile.Cinq villages ont \u00e9t\u00e9 \u00e9vacu\u00e9s en raison de cet important feu qui s&rsquo;est d\u00e9clar\u00e9 samedi par des temp\u00e9ratures caniculaires. \u00ab\u00a0La catastrophe est immense\u00a0\u00bb, a confi\u00e9 Dimitris Kalogeropoulos, le maire d&rsquo;Aigialeias, l&rsquo;un des villages proches de l&rsquo;incendie.Dans les villages de Ziria, Kamares, Achaias, Labiri, pr\u00e8s de trente maisons, des hangars agricoles et des \u00e9tables ont br\u00fbl\u00e9, des champs entiers d&rsquo;oliviers ont \u00e9t\u00e9 d\u00e9truits, selon le journal local Patrastimes.La station baln\u00e9aire de Loggos a \u00e9t\u00e9 \u00e9galement \u00e9vacu\u00e9e. Une centaine d&rsquo;habitants et de touristes ont \u00e9t\u00e9 transport\u00e9s samedi soir par la police portuaire vers le port d&rsquo;Aigio, \u00e0 quelques kilom\u00e8tres du village. Pr\u00e8s de 13.500 hectares ont br\u00fbl\u00e9 en Gr\u00e8ce depuis le d\u00e9but de l&rsquo;ann\u00e9e, contre une moyenne de 7.500 \u00e0 ce stade de l&rsquo;ann\u00e9e entre 2008 et 2020.Apr\u00e8s des incendies d\u00e9vastateurs en Sardaigne le week-dernier, l&rsquo;Italie a enregistr\u00e9 en cette fin de semaine plus de 800 d\u00e9parts de feu, essentiellement dans le sud du pays, ont indiqu\u00e9 les pompiers sur Twitter.\u00a0\u00bbAu cours des derni\u00e8res 24 heures, les pompiers ont effectu\u00e9 plus de 800 interventions: 250 en Sicile, 130 dans les Pouilles et en Calabre, 90 dans le Latium (la r\u00e9gion de Rome) et 70 en Campanie\u00a0\u00bb, pr\u00e9cise le tweet.En Espagne, touch\u00e9e \u00e0 la mi-juillet par un incendie dans un parc naturel sur la c\u00f4te catalane, pr\u00e8s de la fronti\u00e8re franco-espagnole, les pompiers luttaient ce week-end contre un feu pr\u00e8s du r\u00e9servoir de San Juan, \u00e0 environ 70 kilom\u00e8tres \u00e0 l&rsquo;est de Madrid.<\/p>\n\n\n\n<p>R.I. avec AFP<\/p>\n","protected":false},"excerpt":{"rendered":"<p>Des dizaines de villages et h\u00f4tels ont \u00e9t\u00e9 \u00e9vacu\u00e9s hier dans le sud touristique de la Turquie, face \u00e0 la<\/p>\n","protected":false},"author":3,"featured_media":3140,"comment_status":"open","ping_status":"closed","sticky":false,"template":"","format":"standard","meta":{"colormag_page_container_layout":"default_layout","colormag_page_sidebar_layout":"default_layout","om_disable_all_campaigns":false,"_monsterinsights_skip_tracking":false,"_monsterinsights_sitenote_active":false,"_monsterinsights_sitenote_note":"","_monsterinsights_sitenote_category":0,"footnotes":"","_wpscppro_dont_share_socialmedia":false,"_wpscppro_custom_social_share_image":0,"_facebook_share_type":"","_twitter_share_type":"","_linkedin_share_type":"","_pinterest_share_type":"","_linkedin_share_type_page":"","_instagram_share_type":"","_medium_share_type":"","_threads_share_type":"","_google_business_share_type":"","_selected_social_profile":[],"_wpsp_enable_custom_social_template":false,"_wpsp_social_scheduling":{"enabled":false,"datetime":null,"platforms":[],"status":"template_only","dateOption":"today","timeOption":"now","customDays":"","customHours":"","customDate":"","customTime":"","schedulingType":"absolute"},"_wpsp_active_default_template":true},"categories":[37],"tags":[],"class_list":["post-3138","post","type-post","status-publish","format-standard","has-post-thumbnail","hentry","category-monde"],"aioseo_notices":[],"yoast_head":"<!-- This site is optimized with the Yoast SEO plugin v27.5 - https:\/\/yoast.com\/product\/yoast-seo-wordpress\/ -->\n<title>Les incendies font rage dans le sud de l&#039;Europe et en Turquie - La Sentinelle<\/title>\n<meta name=\"robots\" content=\"index, follow, max-snippet:-1, max-image-preview:large, max-video-preview:-1\" \/>\n<link rel=\"canonical\" href=\"https:\/\/lasentinelle.dz\/index.php\/2021\/08\/02\/les-incendies-font-rage-dans-le-sud-de-leurope-et-en-turquie\/\" \/>\n<meta property=\"og:locale\" content=\"fr_FR\" \/>\n<meta property=\"og:type\" content=\"article\" \/>\n<meta property=\"og:title\" content=\"Les incendies font rage dans le sud de l&#039;Europe et en Turquie - La Sentinelle\" \/>\n<meta property=\"og:description\" content=\"Des dizaines de villages et h\u00f4tels ont \u00e9t\u00e9 \u00e9vacu\u00e9s hier dans le sud touristique de la Turquie, face \u00e0 la\" \/>\n<meta property=\"og:url\" content=\"https:\/\/lasentinelle.dz\/index.php\/2021\/08\/02\/les-incendies-font-rage-dans-le-sud-de-leurope-et-en-turquie\/\" \/>\n<meta property=\"og:site_name\" content=\"La Sentinelle\" \/>\n<meta property=\"article:publisher\" content=\"https:\/\/www.facebook.com\/La-Sentinelle-104059864394773\" \/>\n<meta property=\"article:published_time\" content=\"2021-08-01T23:01:00+00:00\" \/>\n<meta property=\"og:image\" content=\"https:\/\/lasentinelle.dz\/wp-content\/uploads\/2021\/08\/turque-1024x768.png\" \/>\n\t<meta property=\"og:image:width\" content=\"1024\" \/>\n\t<meta property=\"og:image:height\" content=\"768\" \/>\n\t<meta property=\"og:image:type\" content=\"image\/png\" \/>\n<meta name=\"author\" content=\"La Sentinelle\" \/>\n<meta name=\"twitter:card\" content=\"summary_large_image\" \/>\n<meta name=\"twitter:label1\" content=\"\u00c9crit par\" \/>\n\t<meta name=\"twitter:data1\" content=\"La Sentinelle\" \/>\n\t<meta name=\"twitter:label2\" content=\"Dur\u00e9e de lecture estim\u00e9e\" \/>\n\t<meta name=\"twitter:data2\" content=\"3 minutes\" \/>\n<script type=\"application\/ld+json\" class=\"yoast-schema-graph\">{\"@context\":\"https:\\\/\\\/schema.org\",\"@graph\":[{\"@type\":\"Article\",\"@id\":\"https:\\\/\\\/lasentinelle.dz\\\/index.php\\\/2021\\\/08\\\/02\\\/les-incendies-font-rage-dans-le-sud-de-leurope-et-en-turquie\\\/#article\",\"isPartOf\":{\"@id\":\"https:\\\/\\\/lasentinelle.dz\\\/index.php\\\/2021\\\/08\\\/02\\\/les-incendies-font-rage-dans-le-sud-de-leurope-et-en-turquie\\\/\"},\"author\":{\"name\":\"La Sentinelle\",\"@id\":\"https:\\\/\\\/lasentinelle.dz\\\/#\\\/schema\\\/person\\\/d865044e22e70a75174ce8bcad3acfb3\"},\"headline\":\"Les incendies font rage dans le sud de l&rsquo;Europe et en Turquie\",\"datePublished\":\"2021-08-01T23:01:00+00:00\",\"mainEntityOfPage\":{\"@id\":\"https:\\\/\\\/lasentinelle.dz\\\/index.php\\\/2021\\\/08\\\/02\\\/les-incendies-font-rage-dans-le-sud-de-leurope-et-en-turquie\\\/\"},\"wordCount\":626,\"commentCount\":0,\"publisher\":{\"@id\":\"https:\\\/\\\/lasentinelle.dz\\\/#organization\"},\"image\":{\"@id\":\"https:\\\/\\\/lasentinelle.dz\\\/index.php\\\/2021\\\/08\\\/02\\\/les-incendies-font-rage-dans-le-sud-de-leurope-et-en-turquie\\\/#primaryimage\"},\"thumbnailUrl\":\"https:\\\/\\\/lasentinelle.dz\\\/wp-content\\\/uploads\\\/2021\\\/08\\\/turque.png\",\"articleSection\":[\"Monde\"],\"inLanguage\":\"fr-FR\",\"potentialAction\":[{\"@type\":\"CommentAction\",\"name\":\"Comment\",\"target\":[\"https:\\\/\\\/lasentinelle.dz\\\/index.php\\\/2021\\\/08\\\/02\\\/les-incendies-font-rage-dans-le-sud-de-leurope-et-en-turquie\\\/#respond\"]}]},{\"@type\":\"WebPage\",\"@id\":\"https:\\\/\\\/lasentinelle.dz\\\/index.php\\\/2021\\\/08\\\/02\\\/les-incendies-font-rage-dans-le-sud-de-leurope-et-en-turquie\\\/\",\"url\":\"https:\\\/\\\/lasentinelle.dz\\\/index.php\\\/2021\\\/08\\\/02\\\/les-incendies-font-rage-dans-le-sud-de-leurope-et-en-turquie\\\/\",\"name\":\"Les incendies font rage dans le sud de l'Europe et en Turquie - La Sentinelle\",\"isPartOf\":{\"@id\":\"https:\\\/\\\/lasentinelle.dz\\\/#website\"},\"primaryImageOfPage\":{\"@id\":\"https:\\\/\\\/lasentinelle.dz\\\/index.php\\\/2021\\\/08\\\/02\\\/les-incendies-font-rage-dans-le-sud-de-leurope-et-en-turquie\\\/#primaryimage\"},\"image\":{\"@id\":\"https:\\\/\\\/lasentinelle.dz\\\/index.php\\\/2021\\\/08\\\/02\\\/les-incendies-font-rage-dans-le-sud-de-leurope-et-en-turquie\\\/#primaryimage\"},\"thumbnailUrl\":\"https:\\\/\\\/lasentinelle.dz\\\/wp-content\\\/uploads\\\/2021\\\/08\\\/turque.png\",\"datePublished\":\"2021-08-01T23:01:00+00:00\",\"breadcrumb\":{\"@id\":\"https:\\\/\\\/lasentinelle.dz\\\/index.php\\\/2021\\\/08\\\/02\\\/les-incendies-font-rage-dans-le-sud-de-leurope-et-en-turquie\\\/#breadcrumb\"},\"inLanguage\":\"fr-FR\",\"potentialAction\":[{\"@type\":\"ReadAction\",\"target\":[\"https:\\\/\\\/lasentinelle.dz\\\/index.php\\\/2021\\\/08\\\/02\\\/les-incendies-font-rage-dans-le-sud-de-leurope-et-en-turquie\\\/\"]}]},{\"@type\":\"ImageObject\",\"inLanguage\":\"fr-FR\",\"@id\":\"https:\\\/\\\/lasentinelle.dz\\\/index.php\\\/2021\\\/08\\\/02\\\/les-incendies-font-rage-dans-le-sud-de-leurope-et-en-turquie\\\/#primaryimage\",\"url\":\"https:\\\/\\\/lasentinelle.dz\\\/wp-content\\\/uploads\\\/2021\\\/08\\\/turque.png\",\"contentUrl\":\"https:\\\/\\\/lasentinelle.dz\\\/wp-content\\\/uploads\\\/2021\\\/08\\\/turque.png\",\"width\":1200,\"height\":900},{\"@type\":\"BreadcrumbList\",\"@id\":\"https:\\\/\\\/lasentinelle.dz\\\/index.php\\\/2021\\\/08\\\/02\\\/les-incendies-font-rage-dans-le-sud-de-leurope-et-en-turquie\\\/#breadcrumb\",\"itemListElement\":[{\"@type\":\"ListItem\",\"position\":1,\"name\":\"Accueil\",\"item\":\"https:\\\/\\\/lasentinelle.dz\\\/\"},{\"@type\":\"ListItem\",\"position\":2,\"name\":\"Les incendies font rage dans le sud de l&rsquo;Europe et en Turquie\"}]},{\"@type\":\"WebSite\",\"@id\":\"https:\\\/\\\/lasentinelle.dz\\\/#website\",\"url\":\"https:\\\/\\\/lasentinelle.dz\\\/\",\"name\":\"La Sentinelle\",\"description\":\"Quotidien national d&#039;information\",\"publisher\":{\"@id\":\"https:\\\/\\\/lasentinelle.dz\\\/#organization\"},\"potentialAction\":[{\"@type\":\"SearchAction\",\"target\":{\"@type\":\"EntryPoint\",\"urlTemplate\":\"https:\\\/\\\/lasentinelle.dz\\\/?s={search_term_string}\"},\"query-input\":{\"@type\":\"PropertyValueSpecification\",\"valueRequired\":true,\"valueName\":\"search_term_string\"}}],\"inLanguage\":\"fr-FR\"},{\"@type\":\"Organization\",\"@id\":\"https:\\\/\\\/lasentinelle.dz\\\/#organization\",\"name\":\"Quotidien La Sentinelle\",\"url\":\"https:\\\/\\\/lasentinelle.dz\\\/\",\"logo\":{\"@type\":\"ImageObject\",\"inLanguage\":\"fr-FR\",\"@id\":\"https:\\\/\\\/lasentinelle.dz\\\/#\\\/schema\\\/logo\\\/image\\\/\",\"url\":\"https:\\\/\\\/lasentinelle.dz\\\/wp-content\\\/uploads\\\/2021\\\/09\\\/logo-sentinelleSLOGAN-1.png\",\"contentUrl\":\"https:\\\/\\\/lasentinelle.dz\\\/wp-content\\\/uploads\\\/2021\\\/09\\\/logo-sentinelleSLOGAN-1.png\",\"width\":615,\"height\":142,\"caption\":\"Quotidien La Sentinelle\"},\"image\":{\"@id\":\"https:\\\/\\\/lasentinelle.dz\\\/#\\\/schema\\\/logo\\\/image\\\/\"},\"sameAs\":[\"https:\\\/\\\/www.facebook.com\\\/La-Sentinelle-104059864394773\"]},{\"@type\":\"Person\",\"@id\":\"https:\\\/\\\/lasentinelle.dz\\\/#\\\/schema\\\/person\\\/d865044e22e70a75174ce8bcad3acfb3\",\"name\":\"La Sentinelle\",\"image\":{\"@type\":\"ImageObject\",\"inLanguage\":\"fr-FR\",\"@id\":\"https:\\\/\\\/secure.gravatar.com\\\/avatar\\\/57de8e5d4b15d43fb361a71fbb36338450fe67865b528a43dd10ef7c51a20392?s=96&d=mm&r=g\",\"url\":\"https:\\\/\\\/secure.gravatar.com\\\/avatar\\\/57de8e5d4b15d43fb361a71fbb36338450fe67865b528a43dd10ef7c51a20392?s=96&d=mm&r=g\",\"contentUrl\":\"https:\\\/\\\/secure.gravatar.com\\\/avatar\\\/57de8e5d4b15d43fb361a71fbb36338450fe67865b528a43dd10ef7c51a20392?s=96&d=mm&r=g\",\"caption\":\"La Sentinelle\"},\"sameAs\":[\"http:\\\/\\\/www.lasentinelle.dz\"],\"url\":\"https:\\\/\\\/lasentinelle.dz\\\/author\\\/redaction\\\/\"}]}<\/script>\n<!-- \/ Yoast SEO plugin. -->","yoast_head_json":{"title":"Les incendies font rage dans le sud de l'Europe et en Turquie - La Sentinelle","robots":{"index":"index","follow":"follow","max-snippet":"max-snippet:-1","max-image-preview":"max-image-preview:large","max-video-preview":"max-video-preview:-1"},"canonical":"https:\/\/lasentinelle.dz\/index.php\/2021\/08\/02\/les-incendies-font-rage-dans-le-sud-de-leurope-et-en-turquie\/","og_locale":"fr_FR","og_type":"article","og_title":"Les incendies font rage dans le sud de l'Europe et en Turquie - La Sentinelle","og_description":"Des dizaines de villages et h\u00f4tels ont \u00e9t\u00e9 \u00e9vacu\u00e9s hier dans le sud touristique de la Turquie, face \u00e0 la","og_url":"https:\/\/lasentinelle.dz\/index.php\/2021\/08\/02\/les-incendies-font-rage-dans-le-sud-de-leurope-et-en-turquie\/","og_site_name":"La Sentinelle","article_publisher":"https:\/\/www.facebook.com\/La-Sentinelle-104059864394773","article_published_time":"2021-08-01T23:01:00+00:00","og_image":[{"width":1024,"height":768,"url":"https:\/\/lasentinelle.dz\/wp-content\/uploads\/2021\/08\/turque-1024x768.png","type":"image\/png"}],"author":"La Sentinelle","twitter_card":"summary_large_image","twitter_misc":{"\u00c9crit par":"La Sentinelle","Dur\u00e9e de lecture estim\u00e9e":"3 minutes"},"schema":{"@context":"https:\/\/schema.org","@graph":[{"@type":"Article","@id":"https:\/\/lasentinelle.dz\/index.php\/2021\/08\/02\/les-incendies-font-rage-dans-le-sud-de-leurope-et-en-turquie\/#article","isPartOf":{"@id":"https:\/\/lasentinelle.dz\/index.php\/2021\/08\/02\/les-incendies-font-rage-dans-le-sud-de-leurope-et-en-turquie\/"},"author":{"name":"La Sentinelle","@id":"https:\/\/lasentinelle.dz\/#\/schema\/person\/d865044e22e70a75174ce8bcad3acfb3"},"headline":"Les incendies font rage dans le sud de l&rsquo;Europe et en Turquie","datePublished":"2021-08-01T23:01:00+00:00","mainEntityOfPage":{"@id":"https:\/\/lasentinelle.dz\/index.php\/2021\/08\/02\/les-incendies-font-rage-dans-le-sud-de-leurope-et-en-turquie\/"},"wordCount":626,"commentCount":0,"publisher":{"@id":"https:\/\/lasentinelle.dz\/#organization"},"image":{"@id":"https:\/\/lasentinelle.dz\/index.php\/2021\/08\/02\/les-incendies-font-rage-dans-le-sud-de-leurope-et-en-turquie\/#primaryimage"},"thumbnailUrl":"https:\/\/lasentinelle.dz\/wp-content\/uploads\/2021\/08\/turque.png","articleSection":["Monde"],"inLanguage":"fr-FR","potentialAction":[{"@type":"CommentAction","name":"Comment","target":["https:\/\/lasentinelle.dz\/index.php\/2021\/08\/02\/les-incendies-font-rage-dans-le-sud-de-leurope-et-en-turquie\/#respond"]}]},{"@type":"WebPage","@id":"https:\/\/lasentinelle.dz\/index.php\/2021\/08\/02\/les-incendies-font-rage-dans-le-sud-de-leurope-et-en-turquie\/","url":"https:\/\/lasentinelle.dz\/index.php\/2021\/08\/02\/les-incendies-font-rage-dans-le-sud-de-leurope-et-en-turquie\/","name":"Les incendies font rage dans le sud de l'Europe et en Turquie - La Sentinelle","isPartOf":{"@id":"https:\/\/lasentinelle.dz\/#website"},"primaryImageOfPage":{"@id":"https:\/\/lasentinelle.dz\/index.php\/2021\/08\/02\/les-incendies-font-rage-dans-le-sud-de-leurope-et-en-turquie\/#primaryimage"},"image":{"@id":"https:\/\/lasentinelle.dz\/index.php\/2021\/08\/02\/les-incendies-font-rage-dans-le-sud-de-leurope-et-en-turquie\/#primaryimage"},"thumbnailUrl":"https:\/\/lasentinelle.dz\/wp-content\/uploads\/2021\/08\/turque.png","datePublished":"2021-08-01T23:01:00+00:00","breadcrumb":{"@id":"https:\/\/lasentinelle.dz\/index.php\/2021\/08\/02\/les-incendies-font-rage-dans-le-sud-de-leurope-et-en-turquie\/#breadcrumb"},"inLanguage":"fr-FR","potentialAction":[{"@type":"ReadAction","target":["https:\/\/lasentinelle.dz\/index.php\/2021\/08\/02\/les-incendies-font-rage-dans-le-sud-de-leurope-et-en-turquie\/"]}]},{"@type":"ImageObject","inLanguage":"fr-FR","@id":"https:\/\/lasentinelle.dz\/index.php\/2021\/08\/02\/les-incendies-font-rage-dans-le-sud-de-leurope-et-en-turquie\/#primaryimage","url":"https:\/\/lasentinelle.dz\/wp-content\/uploads\/2021\/08\/turque.png","contentUrl":"https:\/\/lasentinelle.dz\/wp-content\/uploads\/2021\/08\/turque.png","width":1200,"height":900},{"@type":"BreadcrumbList","@id":"https:\/\/lasentinelle.dz\/index.php\/2021\/08\/02\/les-incendies-font-rage-dans-le-sud-de-leurope-et-en-turquie\/#breadcrumb","itemListElement":[{"@type":"ListItem","position":1,"name":"Accueil","item":"https:\/\/lasentinelle.dz\/"},{"@type":"ListItem","position":2,"name":"Les incendies font rage dans le sud de l&rsquo;Europe et en Turquie"}]},{"@type":"WebSite","@id":"https:\/\/lasentinelle.dz\/#website","url":"https:\/\/lasentinelle.dz\/","name":"La Sentinelle","description":"Quotidien national d&#039;information","publisher":{"@id":"https:\/\/lasentinelle.dz\/#organization"},"potentialAction":[{"@type":"SearchAction","target":{"@type":"EntryPoint","urlTemplate":"https:\/\/lasentinelle.dz\/?s={search_term_string}"},"query-input":{"@type":"PropertyValueSpecification","valueRequired":true,"valueName":"search_term_string"}}],"inLanguage":"fr-FR"},{"@type":"Organization","@id":"https:\/\/lasentinelle.dz\/#organization","name":"Quotidien La Sentinelle","url":"https:\/\/lasentinelle.dz\/","logo":{"@type":"ImageObject","inLanguage":"fr-FR","@id":"https:\/\/lasentinelle.dz\/#\/schema\/logo\/image\/","url":"https:\/\/lasentinelle.dz\/wp-content\/uploads\/2021\/09\/logo-sentinelleSLOGAN-1.png","contentUrl":"https:\/\/lasentinelle.dz\/wp-content\/uploads\/2021\/09\/logo-sentinelleSLOGAN-1.png","width":615,"height":142,"caption":"Quotidien La Sentinelle"},"image":{"@id":"https:\/\/lasentinelle.dz\/#\/schema\/logo\/image\/"},"sameAs":["https:\/\/www.facebook.com\/La-Sentinelle-104059864394773"]},{"@type":"Person","@id":"https:\/\/lasentinelle.dz\/#\/schema\/person\/d865044e22e70a75174ce8bcad3acfb3","name":"La Sentinelle","image":{"@type":"ImageObject","inLanguage":"fr-FR","@id":"https:\/\/secure.gravatar.com\/avatar\/57de8e5d4b15d43fb361a71fbb36338450fe67865b528a43dd10ef7c51a20392?s=96&d=mm&r=g","url":"https:\/\/secure.gravatar.com\/avatar\/57de8e5d4b15d43fb361a71fbb36338450fe67865b528a43dd10ef7c51a20392?s=96&d=mm&r=g","contentUrl":"https:\/\/secure.gravatar.com\/avatar\/57de8e5d4b15d43fb361a71fbb36338450fe67865b528a43dd10ef7c51a20392?s=96&d=mm&r=g","caption":"La Sentinelle"},"sameAs":["http:\/\/www.lasentinelle.dz"],"url":"https:\/\/lasentinelle.dz\/author\/redaction\/"}]}},"_links":{"self":[{"href":"https:\/\/lasentinelle.dz\/index.php\/wp-json\/wp\/v2\/posts\/3138","targetHints":{"allow":["GET"]}}],"collection":[{"href":"https:\/\/lasentinelle.dz\/index.php\/wp-json\/wp\/v2\/posts"}],"about":[{"href":"https:\/\/lasentinelle.dz\/index.php\/wp-json\/wp\/v2\/types\/post"}],"author":[{"embeddable":true,"href":"https:\/\/lasentinelle.dz\/index.php\/wp-json\/wp\/v2\/users\/3"}],"replies":[{"embeddable":true,"href":"https:\/\/lasentinelle.dz\/index.php\/wp-json\/wp\/v2\/comments?post=3138"}],"version-history":[{"count":1,"href":"https:\/\/lasentinelle.dz\/index.php\/wp-json\/wp\/v2\/posts\/3138\/revisions"}],"predecessor-version":[{"id":3144,"href":"https:\/\/lasentinelle.dz\/index.php\/wp-json\/wp\/v2\/posts\/3138\/revisions\/3144"}],"wp:featuredmedia":[{"embeddable":true,"href":"https:\/\/lasentinelle.dz\/index.php\/wp-json\/wp\/v2\/media\/3140"}],"wp:attachment":[{"href":"https:\/\/lasentinelle.dz\/index.php\/wp-json\/wp\/v2\/media?parent=3138"}],"wp:term":[{"taxonomy":"category","embeddable":true,"href":"https:\/\/lasentinelle.dz\/index.php\/wp-json\/wp\/v2\/categories?post=3138"},{"taxonomy":"post_tag","embeddable":true,"href":"https:\/\/lasentinelle.dz\/index.php\/wp-json\/wp\/v2\/tags?post=3138"}],"curies":[{"name":"wp","href":"https:\/\/api.w.org\/{rel}","templated":true}]}}