{"id":31409,"date":"2022-11-23T22:15:00","date_gmt":"2022-11-23T21:15:00","guid":{"rendered":"https:\/\/lasentinelle.dz\/?p=31409"},"modified":"2022-11-23T19:55:13","modified_gmt":"2022-11-23T18:55:13","slug":"reglement-de-la-crise-libyenne-lunion-africaine-simplique","status":"publish","type":"post","link":"https:\/\/lasentinelle.dz\/index.php\/2022\/11\/23\/reglement-de-la-crise-libyenne-lunion-africaine-simplique\/","title":{"rendered":"R\u00e8glement de la crise libyenne\u00a0: L&rsquo;Union africaine s\u2019implique"},"content":{"rendered":"\n<p>Le pr\u00e9sident de la Commission de l&rsquo;Union africaine, Moussa Faki, a d\u00e9clar\u00e9 que l\u2019organisation panafricaine est sur le point de tenir une r\u00e9union pr\u00e9liminaire pour pr\u00e9parer une conf\u00e9rence de r\u00e9conciliation entre tous les Libyens et sur leurs terres.<\/p>\n\n\n\n<p>Selon l&rsquo;agence de presse libyenne qui rapporte l\u2019information,relay\u00e9e par la Radio alg\u00e9rienne, Moussa Faki a soulign\u00e9 \u00ab la n\u00e9cessit\u00e9 de trouver une formule qui permette aux Libyens de se r\u00e9concilier puis d&rsquo;aller aux \u00e9lections pour choisir qui va diriger les affaires du pays \u00bb. Le pr\u00e9sident de la Commission de l&rsquo;Union africaine a \u00e9galement soulign\u00e9 qu\u2019\u00ab il y a un nouvel \u00e9lan pour un processus politique en Libye qui comprend plusieurs \u00e9tapes\u00bb.<\/p>\n\n\n\n<p>Abdullah Batili, le Repr\u00e9sentant sp\u00e9cial du Secr\u00e9taire g\u00e9n\u00e9ral pour la Libye et chef de la Mission d&rsquo;appui des Nations Unies en Libye (UNSMIL), a r\u00e9cemment averti lors d&rsquo;un point de presse au Conseil de s\u00e9curit\u00e9 de l&rsquo;ONU sur les risques qu\u2019il y avait \u00e0 prolonger la p\u00e9riode de transition en Libye et de reporter ind\u00e9finiment les \u00e9lections. Pour lui, cela ne ferait qu&rsquo;aggraver la crise. Les \u00e9lections libyennes devaient se tenir le 24 d\u00e9cembre de l&rsquo;ann\u00e9e derni\u00e8re, mais il a \u00e9t\u00e9 annonc\u00e9 qu&rsquo;elles avaient \u00e9t\u00e9 report\u00e9es \u00e0 une date ult\u00e9rieure en raison de \u00ab difficult\u00e9s et d\u00e9fis techniques et juridiques \u00bb, selon la Haute Commission \u00e9lectorale.<\/p>\n\n\n\n<p>Le 4 novembre 2022, le Comit\u00e9 du Conseil de s\u00e9curit\u00e9 cr\u00e9\u00e9 par la r\u00e9solution 1970 (2011) concernant la Libye a tenu des consultations, lors desquelles le Groupe d\u2019experts sur la Libye a pr\u00e9sent\u00e9 son programme de travail relevant du mandat prorog\u00e9 par la r\u00e9solution 2644 (2022). Le Groupe d\u2019experts a abord\u00e9 des dossiers sensibles tels&nbsp; les groupes arm\u00e9s, en mettant l\u2019accent sur la traite des \u00eatres humains et d\u2019autres types d\u2019activit\u00e9s li\u00e9es \u00e0 la criminalit\u00e9 transnationale et sur la capacit\u00e9 de ces groupes de peser sur le processus politique libyen, les violations du droit international humanitaire et des droits humains et l\u2019embargo sur les armes.<\/p>\n\n\n\n<p>Malgr\u00e9 le nombre important de rencontres consacr\u00e9es par l\u2019ONU \u00e0 la Libye et de r\u00e9solutions vot\u00e9es, il reste que celles-ci ont peu d\u2019emprises sur le terrain. La situation en Libye est toujours extr\u00eamement volatile au plan s\u00e9curitaire. Le tout est aggrav\u00e9 par l\u2019importante fracture qui s\u00e9pare encore la Cyr\u00e9na\u00efque de la Tripolitaine. Les rivalit\u00e9s entre les deux r\u00e9gions additionn\u00e9es aux ing\u00e9rences ext\u00e9rieures ont sabord\u00e9 toutes les initiatives allant dans le sens d\u2019une r\u00e9conciliation nationale, ce qui aurait permis la tenue d\u2019\u00e9lections. L\u2019ent\u00eatement du seigneur de guerre Khalifa Haftar \u00e0 vouloir s\u2019emparer du pouvoir par la force est \u00e0 compter parmi les facteurs qui emp\u00eachent un r\u00e8glement politique et pacifique de la crise.&nbsp; La Libye est toujours dans une situation de blocage int\u00e9grale.&nbsp;&nbsp;&nbsp;&nbsp;&nbsp;&nbsp;&nbsp;<\/p>\n\n\n\n<p>Intervenant le 15 novembre dernier devant le Conseil de s\u00e9curit\u00e9 pour faire le point sur ses activit\u00e9s, le Repr\u00e9sentant sp\u00e9cial du Secr\u00e9taire g\u00e9n\u00e9ral pour la Libye, Abdoulaye Bathily avait d\u2019ailleurs demand\u00e9 aux membres du Conseil de passer de la d\u00e9nonciation aux actes. Pour lui, les institutions libyennes sont confront\u00e9es \u00e0 des d\u00e9fis, en particulier les entraves pos\u00e9es par certains acteurs institutionnels pour bloquer les progr\u00e8s vers les \u00e9lections. Or, pour lui, prolonger davantage la p\u00e9riode int\u00e9rimaire rendra le pays encore plus vuln\u00e9rable \u00e0 l\u2019instabilit\u00e9 politique, \u00e9conomique et s\u00e9curitaire, et pourrait l\u2019exposer \u00e0 un risque de partition. Dans ce contexte, il a appel\u00e9 la communaut\u00e9 internationale, et en particulier le Conseil de s\u00e9curit\u00e9, \u00e0 parler d\u2019une seule voix en envoyant un message clair et sans \u00e9quivoque aux obstructionnistes, \u00e0 savoir que leurs actions ne resteront pas sans cons\u00e9quences.<\/p>\n\n\n\n<p>La d\u00e9cision de l\u2019Union africaine de lancer une initiative ayant pour finalit\u00e9 est bien entendue \u00e0 applaudir. Surtout dans ce contexte. Toute initiative qui ambitionne de faire taire les armes en Libye est en r\u00e9alit\u00e9 bonne \u00e0 prendre, surtout lorsqu\u2019elle \u00e9mane d\u2019une telle organisation. Malgr\u00e9 ses nombreux efforts pour favoriser \u00ab une solution africaine \u00e0 la crise \u00bb, et cela depuis 2011, l\u2019UA a cependant \u00e9chou\u00e9 \u00e0 s\u2019imposer sur l\u2019\u00e9chiquier libyen. Des forces extra-r\u00e9gionales ou m\u00eame extra-continentales s\u2019\u00e9tant \u00e0 chaque fois arrang\u00e9es pour la neutraliser. L\u2019UA r\u00e9ussira-t-elle cette fois \u00e0 faire la diff\u00e9rence ? Le succ\u00e8s d\u00e9pendra certainement de sa capacit\u00e9 \u00e0 f\u00e9d\u00e9rer autour de sa d\u00e9marche autant les Libyens que tous les autres acteurs r\u00e9gionaux et extra-r\u00e9gionaux qui soufflent actuellement sur les braises du conflit libyen.&nbsp;<\/p>\n\n\n\n<p><strong>Khider Larbi<\/strong><\/p>\n","protected":false},"excerpt":{"rendered":"<p>Le pr\u00e9sident de la Commission de l&rsquo;Union africaine, Moussa Faki, a d\u00e9clar\u00e9 que l\u2019organisation panafricaine est sur le point de<\/p>\n","protected":false},"author":3,"featured_media":31415,"comment_status":"open","ping_status":"closed","sticky":false,"template":"","format":"standard","meta":{"colormag_page_container_layout":"default_layout","colormag_page_sidebar_layout":"default_layout","om_disable_all_campaigns":false,"_monsterinsights_skip_tracking":false,"_monsterinsights_sitenote_active":false,"_monsterinsights_sitenote_note":"","_monsterinsights_sitenote_category":0,"footnotes":"","_wpscppro_dont_share_socialmedia":false,"_wpscppro_custom_social_share_image":0,"_facebook_share_type":"","_twitter_share_type":"","_linkedin_share_type":"","_pinterest_share_type":"","_linkedin_share_type_page":"","_instagram_share_type":"","_medium_share_type":"","_threads_share_type":"","_google_business_share_type":"","_selected_social_profile":[],"_wpsp_enable_custom_social_template":false,"_wpsp_social_scheduling":{"enabled":false,"datetime":null,"platforms":[],"status":"template_only","dateOption":"today","timeOption":"now","customDays":"","customHours":"","customDate":"","customTime":"","schedulingType":"absolute"},"_wpsp_active_default_template":true},"categories":[52,27],"tags":[],"class_list":["post-31409","post","type-post","status-publish","format-standard","has-post-thumbnail","hentry","category-a-la-une","category-actualite"],"aioseo_notices":[],"yoast_head":"<!-- This site is optimized with the Yoast SEO plugin v27.5 - https:\/\/yoast.com\/product\/yoast-seo-wordpress\/ -->\n<title>R\u00e8glement de la crise libyenne\u00a0: L&rsquo;Union africaine s\u2019implique - La Sentinelle<\/title>\n<meta name=\"robots\" content=\"index, follow, max-snippet:-1, max-image-preview:large, max-video-preview:-1\" \/>\n<link rel=\"canonical\" href=\"https:\/\/lasentinelle.dz\/index.php\/2022\/11\/23\/reglement-de-la-crise-libyenne-lunion-africaine-simplique\/\" \/>\n<meta property=\"og:locale\" content=\"fr_FR\" \/>\n<meta property=\"og:type\" content=\"article\" \/>\n<meta property=\"og:title\" content=\"R\u00e8glement de la crise libyenne\u00a0: L&rsquo;Union africaine s\u2019implique - La Sentinelle\" \/>\n<meta property=\"og:description\" content=\"Le pr\u00e9sident de la Commission de l&rsquo;Union africaine, Moussa Faki, a d\u00e9clar\u00e9 que l\u2019organisation panafricaine est sur le point de\" \/>\n<meta property=\"og:url\" content=\"https:\/\/lasentinelle.dz\/index.php\/2022\/11\/23\/reglement-de-la-crise-libyenne-lunion-africaine-simplique\/\" \/>\n<meta property=\"og:site_name\" content=\"La Sentinelle\" \/>\n<meta property=\"article:publisher\" content=\"https:\/\/www.facebook.com\/La-Sentinelle-104059864394773\" \/>\n<meta property=\"article:published_time\" content=\"2022-11-23T21:15:00+00:00\" \/>\n<meta property=\"og:image\" content=\"https:\/\/lasentinelle.dz\/wp-content\/uploads\/2022\/11\/Faki.png\" \/>\n\t<meta property=\"og:image:width\" content=\"900\" \/>\n\t<meta property=\"og:image:height\" content=\"900\" \/>\n\t<meta property=\"og:image:type\" content=\"image\/png\" \/>\n<meta name=\"author\" content=\"La Sentinelle\" \/>\n<meta name=\"twitter:card\" content=\"summary_large_image\" \/>\n<meta name=\"twitter:label1\" content=\"\u00c9crit par\" \/>\n\t<meta name=\"twitter:data1\" content=\"La Sentinelle\" \/>\n\t<meta name=\"twitter:label2\" content=\"Dur\u00e9e de lecture estim\u00e9e\" \/>\n\t<meta name=\"twitter:data2\" content=\"4 minutes\" \/>\n<script type=\"application\/ld+json\" class=\"yoast-schema-graph\">{\"@context\":\"https:\\\/\\\/schema.org\",\"@graph\":[{\"@type\":\"Article\",\"@id\":\"https:\\\/\\\/lasentinelle.dz\\\/index.php\\\/2022\\\/11\\\/23\\\/reglement-de-la-crise-libyenne-lunion-africaine-simplique\\\/#article\",\"isPartOf\":{\"@id\":\"https:\\\/\\\/lasentinelle.dz\\\/index.php\\\/2022\\\/11\\\/23\\\/reglement-de-la-crise-libyenne-lunion-africaine-simplique\\\/\"},\"author\":{\"name\":\"La Sentinelle\",\"@id\":\"https:\\\/\\\/lasentinelle.dz\\\/#\\\/schema\\\/person\\\/d865044e22e70a75174ce8bcad3acfb3\"},\"headline\":\"R\u00e8glement de la crise libyenne\u00a0: L&rsquo;Union africaine s\u2019implique\",\"datePublished\":\"2022-11-23T21:15:00+00:00\",\"mainEntityOfPage\":{\"@id\":\"https:\\\/\\\/lasentinelle.dz\\\/index.php\\\/2022\\\/11\\\/23\\\/reglement-de-la-crise-libyenne-lunion-africaine-simplique\\\/\"},\"wordCount\":821,\"commentCount\":0,\"publisher\":{\"@id\":\"https:\\\/\\\/lasentinelle.dz\\\/#organization\"},\"image\":{\"@id\":\"https:\\\/\\\/lasentinelle.dz\\\/index.php\\\/2022\\\/11\\\/23\\\/reglement-de-la-crise-libyenne-lunion-africaine-simplique\\\/#primaryimage\"},\"thumbnailUrl\":\"https:\\\/\\\/lasentinelle.dz\\\/wp-content\\\/uploads\\\/2022\\\/11\\\/Faki.png\",\"articleSection\":[\"\u00c0 la Une\",\"Actualit\u00e9\"],\"inLanguage\":\"fr-FR\",\"potentialAction\":[{\"@type\":\"CommentAction\",\"name\":\"Comment\",\"target\":[\"https:\\\/\\\/lasentinelle.dz\\\/index.php\\\/2022\\\/11\\\/23\\\/reglement-de-la-crise-libyenne-lunion-africaine-simplique\\\/#respond\"]}]},{\"@type\":\"WebPage\",\"@id\":\"https:\\\/\\\/lasentinelle.dz\\\/index.php\\\/2022\\\/11\\\/23\\\/reglement-de-la-crise-libyenne-lunion-africaine-simplique\\\/\",\"url\":\"https:\\\/\\\/lasentinelle.dz\\\/index.php\\\/2022\\\/11\\\/23\\\/reglement-de-la-crise-libyenne-lunion-africaine-simplique\\\/\",\"name\":\"R\u00e8glement de la crise libyenne\u00a0: L&rsquo;Union africaine s\u2019implique - La Sentinelle\",\"isPartOf\":{\"@id\":\"https:\\\/\\\/lasentinelle.dz\\\/#website\"},\"primaryImageOfPage\":{\"@id\":\"https:\\\/\\\/lasentinelle.dz\\\/index.php\\\/2022\\\/11\\\/23\\\/reglement-de-la-crise-libyenne-lunion-africaine-simplique\\\/#primaryimage\"},\"image\":{\"@id\":\"https:\\\/\\\/lasentinelle.dz\\\/index.php\\\/2022\\\/11\\\/23\\\/reglement-de-la-crise-libyenne-lunion-africaine-simplique\\\/#primaryimage\"},\"thumbnailUrl\":\"https:\\\/\\\/lasentinelle.dz\\\/wp-content\\\/uploads\\\/2022\\\/11\\\/Faki.png\",\"datePublished\":\"2022-11-23T21:15:00+00:00\",\"breadcrumb\":{\"@id\":\"https:\\\/\\\/lasentinelle.dz\\\/index.php\\\/2022\\\/11\\\/23\\\/reglement-de-la-crise-libyenne-lunion-africaine-simplique\\\/#breadcrumb\"},\"inLanguage\":\"fr-FR\",\"potentialAction\":[{\"@type\":\"ReadAction\",\"target\":[\"https:\\\/\\\/lasentinelle.dz\\\/index.php\\\/2022\\\/11\\\/23\\\/reglement-de-la-crise-libyenne-lunion-africaine-simplique\\\/\"]}]},{\"@type\":\"ImageObject\",\"inLanguage\":\"fr-FR\",\"@id\":\"https:\\\/\\\/lasentinelle.dz\\\/index.php\\\/2022\\\/11\\\/23\\\/reglement-de-la-crise-libyenne-lunion-africaine-simplique\\\/#primaryimage\",\"url\":\"https:\\\/\\\/lasentinelle.dz\\\/wp-content\\\/uploads\\\/2022\\\/11\\\/Faki.png\",\"contentUrl\":\"https:\\\/\\\/lasentinelle.dz\\\/wp-content\\\/uploads\\\/2022\\\/11\\\/Faki.png\",\"width\":900,\"height\":900},{\"@type\":\"BreadcrumbList\",\"@id\":\"https:\\\/\\\/lasentinelle.dz\\\/index.php\\\/2022\\\/11\\\/23\\\/reglement-de-la-crise-libyenne-lunion-africaine-simplique\\\/#breadcrumb\",\"itemListElement\":[{\"@type\":\"ListItem\",\"position\":1,\"name\":\"Accueil\",\"item\":\"https:\\\/\\\/lasentinelle.dz\\\/\"},{\"@type\":\"ListItem\",\"position\":2,\"name\":\"R\u00e8glement de la crise libyenne\u00a0: L&rsquo;Union africaine s\u2019implique\"}]},{\"@type\":\"WebSite\",\"@id\":\"https:\\\/\\\/lasentinelle.dz\\\/#website\",\"url\":\"https:\\\/\\\/lasentinelle.dz\\\/\",\"name\":\"La Sentinelle\",\"description\":\"Quotidien national d&#039;information\",\"publisher\":{\"@id\":\"https:\\\/\\\/lasentinelle.dz\\\/#organization\"},\"potentialAction\":[{\"@type\":\"SearchAction\",\"target\":{\"@type\":\"EntryPoint\",\"urlTemplate\":\"https:\\\/\\\/lasentinelle.dz\\\/?s={search_term_string}\"},\"query-input\":{\"@type\":\"PropertyValueSpecification\",\"valueRequired\":true,\"valueName\":\"search_term_string\"}}],\"inLanguage\":\"fr-FR\"},{\"@type\":\"Organization\",\"@id\":\"https:\\\/\\\/lasentinelle.dz\\\/#organization\",\"name\":\"Quotidien La Sentinelle\",\"url\":\"https:\\\/\\\/lasentinelle.dz\\\/\",\"logo\":{\"@type\":\"ImageObject\",\"inLanguage\":\"fr-FR\",\"@id\":\"https:\\\/\\\/lasentinelle.dz\\\/#\\\/schema\\\/logo\\\/image\\\/\",\"url\":\"https:\\\/\\\/lasentinelle.dz\\\/wp-content\\\/uploads\\\/2021\\\/09\\\/logo-sentinelleSLOGAN-1.png\",\"contentUrl\":\"https:\\\/\\\/lasentinelle.dz\\\/wp-content\\\/uploads\\\/2021\\\/09\\\/logo-sentinelleSLOGAN-1.png\",\"width\":615,\"height\":142,\"caption\":\"Quotidien La Sentinelle\"},\"image\":{\"@id\":\"https:\\\/\\\/lasentinelle.dz\\\/#\\\/schema\\\/logo\\\/image\\\/\"},\"sameAs\":[\"https:\\\/\\\/www.facebook.com\\\/La-Sentinelle-104059864394773\"]},{\"@type\":\"Person\",\"@id\":\"https:\\\/\\\/lasentinelle.dz\\\/#\\\/schema\\\/person\\\/d865044e22e70a75174ce8bcad3acfb3\",\"name\":\"La Sentinelle\",\"image\":{\"@type\":\"ImageObject\",\"inLanguage\":\"fr-FR\",\"@id\":\"https:\\\/\\\/secure.gravatar.com\\\/avatar\\\/57de8e5d4b15d43fb361a71fbb36338450fe67865b528a43dd10ef7c51a20392?s=96&d=mm&r=g\",\"url\":\"https:\\\/\\\/secure.gravatar.com\\\/avatar\\\/57de8e5d4b15d43fb361a71fbb36338450fe67865b528a43dd10ef7c51a20392?s=96&d=mm&r=g\",\"contentUrl\":\"https:\\\/\\\/secure.gravatar.com\\\/avatar\\\/57de8e5d4b15d43fb361a71fbb36338450fe67865b528a43dd10ef7c51a20392?s=96&d=mm&r=g\",\"caption\":\"La Sentinelle\"},\"sameAs\":[\"http:\\\/\\\/www.lasentinelle.dz\"],\"url\":\"https:\\\/\\\/lasentinelle.dz\\\/author\\\/redaction\\\/\"}]}<\/script>\n<!-- \/ Yoast SEO plugin. -->","yoast_head_json":{"title":"R\u00e8glement de la crise libyenne\u00a0: L&rsquo;Union africaine s\u2019implique - La Sentinelle","robots":{"index":"index","follow":"follow","max-snippet":"max-snippet:-1","max-image-preview":"max-image-preview:large","max-video-preview":"max-video-preview:-1"},"canonical":"https:\/\/lasentinelle.dz\/index.php\/2022\/11\/23\/reglement-de-la-crise-libyenne-lunion-africaine-simplique\/","og_locale":"fr_FR","og_type":"article","og_title":"R\u00e8glement de la crise libyenne\u00a0: L&rsquo;Union africaine s\u2019implique - La Sentinelle","og_description":"Le pr\u00e9sident de la Commission de l&rsquo;Union africaine, Moussa Faki, a d\u00e9clar\u00e9 que l\u2019organisation panafricaine est sur le point de","og_url":"https:\/\/lasentinelle.dz\/index.php\/2022\/11\/23\/reglement-de-la-crise-libyenne-lunion-africaine-simplique\/","og_site_name":"La Sentinelle","article_publisher":"https:\/\/www.facebook.com\/La-Sentinelle-104059864394773","article_published_time":"2022-11-23T21:15:00+00:00","og_image":[{"width":900,"height":900,"url":"https:\/\/lasentinelle.dz\/wp-content\/uploads\/2022\/11\/Faki.png","type":"image\/png"}],"author":"La Sentinelle","twitter_card":"summary_large_image","twitter_misc":{"\u00c9crit par":"La Sentinelle","Dur\u00e9e de lecture estim\u00e9e":"4 minutes"},"schema":{"@context":"https:\/\/schema.org","@graph":[{"@type":"Article","@id":"https:\/\/lasentinelle.dz\/index.php\/2022\/11\/23\/reglement-de-la-crise-libyenne-lunion-africaine-simplique\/#article","isPartOf":{"@id":"https:\/\/lasentinelle.dz\/index.php\/2022\/11\/23\/reglement-de-la-crise-libyenne-lunion-africaine-simplique\/"},"author":{"name":"La Sentinelle","@id":"https:\/\/lasentinelle.dz\/#\/schema\/person\/d865044e22e70a75174ce8bcad3acfb3"},"headline":"R\u00e8glement de la crise libyenne\u00a0: L&rsquo;Union africaine s\u2019implique","datePublished":"2022-11-23T21:15:00+00:00","mainEntityOfPage":{"@id":"https:\/\/lasentinelle.dz\/index.php\/2022\/11\/23\/reglement-de-la-crise-libyenne-lunion-africaine-simplique\/"},"wordCount":821,"commentCount":0,"publisher":{"@id":"https:\/\/lasentinelle.dz\/#organization"},"image":{"@id":"https:\/\/lasentinelle.dz\/index.php\/2022\/11\/23\/reglement-de-la-crise-libyenne-lunion-africaine-simplique\/#primaryimage"},"thumbnailUrl":"https:\/\/lasentinelle.dz\/wp-content\/uploads\/2022\/11\/Faki.png","articleSection":["\u00c0 la Une","Actualit\u00e9"],"inLanguage":"fr-FR","potentialAction":[{"@type":"CommentAction","name":"Comment","target":["https:\/\/lasentinelle.dz\/index.php\/2022\/11\/23\/reglement-de-la-crise-libyenne-lunion-africaine-simplique\/#respond"]}]},{"@type":"WebPage","@id":"https:\/\/lasentinelle.dz\/index.php\/2022\/11\/23\/reglement-de-la-crise-libyenne-lunion-africaine-simplique\/","url":"https:\/\/lasentinelle.dz\/index.php\/2022\/11\/23\/reglement-de-la-crise-libyenne-lunion-africaine-simplique\/","name":"R\u00e8glement de la crise libyenne\u00a0: L&rsquo;Union africaine s\u2019implique - La Sentinelle","isPartOf":{"@id":"https:\/\/lasentinelle.dz\/#website"},"primaryImageOfPage":{"@id":"https:\/\/lasentinelle.dz\/index.php\/2022\/11\/23\/reglement-de-la-crise-libyenne-lunion-africaine-simplique\/#primaryimage"},"image":{"@id":"https:\/\/lasentinelle.dz\/index.php\/2022\/11\/23\/reglement-de-la-crise-libyenne-lunion-africaine-simplique\/#primaryimage"},"thumbnailUrl":"https:\/\/lasentinelle.dz\/wp-content\/uploads\/2022\/11\/Faki.png","datePublished":"2022-11-23T21:15:00+00:00","breadcrumb":{"@id":"https:\/\/lasentinelle.dz\/index.php\/2022\/11\/23\/reglement-de-la-crise-libyenne-lunion-africaine-simplique\/#breadcrumb"},"inLanguage":"fr-FR","potentialAction":[{"@type":"ReadAction","target":["https:\/\/lasentinelle.dz\/index.php\/2022\/11\/23\/reglement-de-la-crise-libyenne-lunion-africaine-simplique\/"]}]},{"@type":"ImageObject","inLanguage":"fr-FR","@id":"https:\/\/lasentinelle.dz\/index.php\/2022\/11\/23\/reglement-de-la-crise-libyenne-lunion-africaine-simplique\/#primaryimage","url":"https:\/\/lasentinelle.dz\/wp-content\/uploads\/2022\/11\/Faki.png","contentUrl":"https:\/\/lasentinelle.dz\/wp-content\/uploads\/2022\/11\/Faki.png","width":900,"height":900},{"@type":"BreadcrumbList","@id":"https:\/\/lasentinelle.dz\/index.php\/2022\/11\/23\/reglement-de-la-crise-libyenne-lunion-africaine-simplique\/#breadcrumb","itemListElement":[{"@type":"ListItem","position":1,"name":"Accueil","item":"https:\/\/lasentinelle.dz\/"},{"@type":"ListItem","position":2,"name":"R\u00e8glement de la crise libyenne\u00a0: L&rsquo;Union africaine s\u2019implique"}]},{"@type":"WebSite","@id":"https:\/\/lasentinelle.dz\/#website","url":"https:\/\/lasentinelle.dz\/","name":"La Sentinelle","description":"Quotidien national d&#039;information","publisher":{"@id":"https:\/\/lasentinelle.dz\/#organization"},"potentialAction":[{"@type":"SearchAction","target":{"@type":"EntryPoint","urlTemplate":"https:\/\/lasentinelle.dz\/?s={search_term_string}"},"query-input":{"@type":"PropertyValueSpecification","valueRequired":true,"valueName":"search_term_string"}}],"inLanguage":"fr-FR"},{"@type":"Organization","@id":"https:\/\/lasentinelle.dz\/#organization","name":"Quotidien La Sentinelle","url":"https:\/\/lasentinelle.dz\/","logo":{"@type":"ImageObject","inLanguage":"fr-FR","@id":"https:\/\/lasentinelle.dz\/#\/schema\/logo\/image\/","url":"https:\/\/lasentinelle.dz\/wp-content\/uploads\/2021\/09\/logo-sentinelleSLOGAN-1.png","contentUrl":"https:\/\/lasentinelle.dz\/wp-content\/uploads\/2021\/09\/logo-sentinelleSLOGAN-1.png","width":615,"height":142,"caption":"Quotidien La Sentinelle"},"image":{"@id":"https:\/\/lasentinelle.dz\/#\/schema\/logo\/image\/"},"sameAs":["https:\/\/www.facebook.com\/La-Sentinelle-104059864394773"]},{"@type":"Person","@id":"https:\/\/lasentinelle.dz\/#\/schema\/person\/d865044e22e70a75174ce8bcad3acfb3","name":"La Sentinelle","image":{"@type":"ImageObject","inLanguage":"fr-FR","@id":"https:\/\/secure.gravatar.com\/avatar\/57de8e5d4b15d43fb361a71fbb36338450fe67865b528a43dd10ef7c51a20392?s=96&d=mm&r=g","url":"https:\/\/secure.gravatar.com\/avatar\/57de8e5d4b15d43fb361a71fbb36338450fe67865b528a43dd10ef7c51a20392?s=96&d=mm&r=g","contentUrl":"https:\/\/secure.gravatar.com\/avatar\/57de8e5d4b15d43fb361a71fbb36338450fe67865b528a43dd10ef7c51a20392?s=96&d=mm&r=g","caption":"La Sentinelle"},"sameAs":["http:\/\/www.lasentinelle.dz"],"url":"https:\/\/lasentinelle.dz\/author\/redaction\/"}]}},"_links":{"self":[{"href":"https:\/\/lasentinelle.dz\/index.php\/wp-json\/wp\/v2\/posts\/31409","targetHints":{"allow":["GET"]}}],"collection":[{"href":"https:\/\/lasentinelle.dz\/index.php\/wp-json\/wp\/v2\/posts"}],"about":[{"href":"https:\/\/lasentinelle.dz\/index.php\/wp-json\/wp\/v2\/types\/post"}],"author":[{"embeddable":true,"href":"https:\/\/lasentinelle.dz\/index.php\/wp-json\/wp\/v2\/users\/3"}],"replies":[{"embeddable":true,"href":"https:\/\/lasentinelle.dz\/index.php\/wp-json\/wp\/v2\/comments?post=31409"}],"version-history":[{"count":2,"href":"https:\/\/lasentinelle.dz\/index.php\/wp-json\/wp\/v2\/posts\/31409\/revisions"}],"predecessor-version":[{"id":31432,"href":"https:\/\/lasentinelle.dz\/index.php\/wp-json\/wp\/v2\/posts\/31409\/revisions\/31432"}],"wp:featuredmedia":[{"embeddable":true,"href":"https:\/\/lasentinelle.dz\/index.php\/wp-json\/wp\/v2\/media\/31415"}],"wp:attachment":[{"href":"https:\/\/lasentinelle.dz\/index.php\/wp-json\/wp\/v2\/media?parent=31409"}],"wp:term":[{"taxonomy":"category","embeddable":true,"href":"https:\/\/lasentinelle.dz\/index.php\/wp-json\/wp\/v2\/categories?post=31409"},{"taxonomy":"post_tag","embeddable":true,"href":"https:\/\/lasentinelle.dz\/index.php\/wp-json\/wp\/v2\/tags?post=31409"}],"curies":[{"name":"wp","href":"https:\/\/api.w.org\/{rel}","templated":true}]}}