{"id":31426,"date":"2022-11-23T22:10:00","date_gmt":"2022-11-23T21:10:00","guid":{"rendered":"https:\/\/lasentinelle.dz\/?p=31426"},"modified":"2022-11-23T20:40:52","modified_gmt":"2022-11-23T19:40:52","slug":"120-constructeurs-et-concessionnaires-ont-depose-leur-dossier-dagrement-importation-des-premiers-vehicules-neufs-des-le-premier-trimestre-2023","status":"publish","type":"post","link":"https:\/\/lasentinelle.dz\/index.php\/2022\/11\/23\/120-constructeurs-et-concessionnaires-ont-depose-leur-dossier-dagrement-importation-des-premiers-vehicules-neufs-des-le-premier-trimestre-2023\/","title":{"rendered":"120 constructeurs et concessionnaires ont d\u00e9pos\u00e9 leur dossier d\u2019agr\u00e9ment\u00a0: Importation des premiers v\u00e9hicules neufs d\u00e8s le premier trimestre 2023"},"content":{"rendered":"\n<p>L\u2019ouverture du march\u00e9 alg\u00e9rien aux v\u00e9hicules neufs import\u00e9s devrait de concr\u00e9tiser d\u00e8s le premier trimestre de l\u2019ann\u00e9e prochaine, gr\u00e2ce \u00e0 la publication des cahiers des charges la semainederni\u00e8re.<\/p>\n\n\n\n<p>Le feuilleton de l\u2019ouverture du march\u00e9 automobile alg\u00e9rien touche-t-il \u00e0 sa fin&nbsp;? Tout semble l\u2019indiquer, au vu que la publication des cahiers des charges relatifs \u00e0 la concession et \u00e0 la construction automobile jeudi dernier, permettant ainsi de relancer le processus d\u2019agr\u00e9ment et de retours des op\u00e9rateurs sp\u00e9cialis\u00e9s dans l\u2019importation de v\u00e9hicules neufs et leur distribution sur le march\u00e9 national. Un processus qui devrait aller tr\u00e8s vite, si l\u2019on croit les propos du Directeur g\u00e9n\u00e9ral du d\u00e9veloppement industriel (DGDI) au minist\u00e8re de l&rsquo;Industrie, Ahmed Zaid Salem. Invit\u00e9 hier \u00e0 s\u2019exprimer sur les ondes de la Radio alg\u00e9rienne, celui-ci \u00e9voque m\u00eame la possibilit\u00e9 de voir les premiers v\u00e9hicules arriver sur le march\u00e9 d\u00e8s le premier trimestre de l\u2019ann\u00e9e prochaine, d\u2019autant que l\u2019activit\u00e9 suscite l\u2019engouement des op\u00e9rateurs \u00e9conomiques. Ahmed Zaid Salem a assur\u00e9 que \u00ab&nbsp;selon les pr\u00e9visions, les v\u00e9hicules import\u00e9s par les concessionnaires automobiles pourront \u00eatre disponibles au cours du premier trimestre de l&rsquo;ann\u00e9e prochaine&nbsp;\u00bb.<\/p>\n\n\n\n<p>Le responsable du minist\u00e8re de l\u2019Industrie a d\u2019ailleurs soulign\u00e9 l\u2019int\u00e9r\u00eat port\u00e9 par l\u2019activit\u00e9 de la concession automobile aussi bien par la construction. Il a ainsi indiqu\u00e9 qu\u2019entre 110 et 120 concessionnaires et constructeurs automobile ont d\u00e9pos\u00e9 leurs dossiers au niveau des services du minist\u00e8re.<\/p>\n\n\n\n<p>Il faut cependant garder \u00e0 l\u2019esprit que cela ne conduira pas forc\u00e9ment \u00e0 l\u2019agr\u00e9ment de l\u2019ensemble de ces op\u00e9rateurs, notamment au regard des conditions impos\u00e9s par les cahiers des charges. Ainsi et en ce qui concerne la concession automobile, Ahmed Zaid Salem a indiqu\u00e9 que le texte, publi\u00e9 jeudi dernier au Journal officiel, pr\u00e9voit que \u00ab\u00a0l&rsquo;exercice de l&rsquo;activit\u00e9 de concessionnaire de v\u00e9hicules neufs, en vue de leur revente en l&rsquo;\u00e9tat, est assujetti \u00e0 la conclusion d&rsquo;un contrat de concession liant le concessionnaire \u00e0 un seul constructeur conc\u00e9dant\u00a0\u00bb. Et d\u2019ajouter que ce dernier est d\u00e9fini, aux termes du d\u00e9cret, comme \u00ab\u00a0le constructeur qui conc\u00e8de, en sa qualit\u00e9 de soci\u00e9t\u00e9-m\u00e8re, une concession afin de commercialiser ses produits \u00e0 partir du pays de production d&rsquo;origine\u00a0\u00bb.Concernant la condition d&rsquo;assujettir les concessionnaires \u00e0 la conclusion d&rsquo;un contrat de concession avec un seul constructeur conc\u00e9dant, Salem Ahmed Zaid a soulign\u00e9 que l&rsquo;objectif \u00e9tait d&rsquo;\u00e9viter la d\u00e9tention et le monopole de plusieurs marques par un seul concessionnaire et de garantir la comp\u00e9titivit\u00e9 sur le march\u00e9 national.<\/p>\n\n\n\n<p>D\u2019autres conditions sont \u00e9nonc\u00e9es, notamment pour assainir le march\u00e9 des pratiques douteuses. Le responsable du minist\u00e8re de l\u2019Industrie \u00e9voque dans ce sens la condition du moyen de paiement scriptural pour l&rsquo;acquisition de v\u00e9hicule \u00e0 travers les circuits bancaires et financiers. Il pr\u00e9cise que \u00ab\u00a0les concessionnaires exer\u00e7ant une activit\u00e9 commerciale r\u00e9glement\u00e9e, peuvent b\u00e9n\u00e9ficier de la devise au taux de change de la banque, et ce pour pr\u00e9server le pouvoir d&rsquo;achat du citoyen\u00a0\u00bb.Pour ce qui est de la construction automobile, M. Salem a rappel\u00e9 que plusieurs marques \u00e9taient int\u00e9ress\u00e9es par le march\u00e9 alg\u00e9rien qui pr\u00e9sente plusieurs atouts, sans toutefois les nommer. \u00ab\u00a0Tant que les n\u00e9gociations sont en cours, nous ne pouvons pour le moment r\u00e9v\u00e9ler l&rsquo;identit\u00e9 de ces marques\u00a0\u00bb, a-t-il expliqu\u00e9.Il a mis l&rsquo;accent, dans ce cadre, sur l&rsquo;importance du contrat avec le groupe italien FIAT, en ce sens qu&rsquo;il contribuerait au d\u00e9veloppement de l&rsquo;activit\u00e9 de construction automobile en Alg\u00e9rie, parall\u00e8lement aux n\u00e9gociations avec d&rsquo;autres marques.M. Salem a \u00e9galement mis en exergue la teneur du nouveau d\u00e9cret fixant les conditions d\u2019exercice de cette activit\u00e9. Le texte fixe en effet l&rsquo;obligation d&rsquo;atteindre, \u00e0 compter de l&rsquo;obtention de l&rsquo;agr\u00e9ment, un taux d&rsquo;int\u00e9gration minimal de 10% au terme de la 2e ann\u00e9e, \u00e0 20% au terme de la 3e ann\u00e9e, \u00e0 30% au terme de la 5e ann\u00e9e en vue de se lancer dans la construction.Quant \u00e0 la sous-traitance, un groupe de travail supervise l&rsquo;\u00e9laboration d&rsquo;un nouveau cahier des charges de ce domaine, en plus de la r\u00e9vision du cahier des charges relatif \u00e0 l&rsquo;industrie \u00e9lectrom\u00e9nag\u00e8re.<\/p>\n\n\n\n<p><strong>Hocine Fadheli<\/strong><\/p>\n","protected":false},"excerpt":{"rendered":"<p>L\u2019ouverture du march\u00e9 alg\u00e9rien aux v\u00e9hicules neufs import\u00e9s devrait de concr\u00e9tiser d\u00e8s le premier trimestre de l\u2019ann\u00e9e prochaine, gr\u00e2ce \u00e0<\/p>\n","protected":false},"author":3,"featured_media":31434,"comment_status":"open","ping_status":"closed","sticky":false,"template":"","format":"standard","meta":{"colormag_page_container_layout":"default_layout","colormag_page_sidebar_layout":"default_layout","om_disable_all_campaigns":false,"_monsterinsights_skip_tracking":false,"_monsterinsights_sitenote_active":false,"_monsterinsights_sitenote_note":"","_monsterinsights_sitenote_category":0,"footnotes":"","_wpscppro_dont_share_socialmedia":false,"_wpscppro_custom_social_share_image":0,"_facebook_share_type":"","_twitter_share_type":"","_linkedin_share_type":"","_pinterest_share_type":"","_linkedin_share_type_page":"","_instagram_share_type":"","_medium_share_type":"","_threads_share_type":"","_google_business_share_type":"","_selected_social_profile":[],"_wpsp_enable_custom_social_template":false,"_wpsp_social_scheduling":{"enabled":false,"datetime":null,"platforms":[],"status":"template_only","dateOption":"today","timeOption":"now","customDays":"","customHours":"","customDate":"","customTime":"","schedulingType":"absolute"},"_wpsp_active_default_template":true},"categories":[52,29],"tags":[],"class_list":["post-31426","post","type-post","status-publish","format-standard","has-post-thumbnail","hentry","category-a-la-une","category-economie"],"aioseo_notices":[],"yoast_head":"<!-- This site is optimized with the Yoast SEO plugin v27.5 - https:\/\/yoast.com\/product\/yoast-seo-wordpress\/ -->\n<title>120 constructeurs et concessionnaires ont d\u00e9pos\u00e9 leur dossier d\u2019agr\u00e9ment\u00a0: Importation des premiers v\u00e9hicules neufs d\u00e8s le premier trimestre 2023 - La Sentinelle<\/title>\n<meta name=\"robots\" content=\"index, follow, max-snippet:-1, max-image-preview:large, max-video-preview:-1\" \/>\n<link rel=\"canonical\" href=\"https:\/\/lasentinelle.dz\/index.php\/2022\/11\/23\/120-constructeurs-et-concessionnaires-ont-depose-leur-dossier-dagrement-importation-des-premiers-vehicules-neufs-des-le-premier-trimestre-2023\/\" \/>\n<meta property=\"og:locale\" content=\"fr_FR\" \/>\n<meta property=\"og:type\" content=\"article\" \/>\n<meta property=\"og:title\" content=\"120 constructeurs et concessionnaires ont d\u00e9pos\u00e9 leur dossier d\u2019agr\u00e9ment\u00a0: Importation des premiers v\u00e9hicules neufs d\u00e8s le premier trimestre 2023 - La Sentinelle\" \/>\n<meta property=\"og:description\" content=\"L\u2019ouverture du march\u00e9 alg\u00e9rien aux v\u00e9hicules neufs import\u00e9s devrait de concr\u00e9tiser d\u00e8s le premier trimestre de l\u2019ann\u00e9e prochaine, gr\u00e2ce \u00e0\" \/>\n<meta property=\"og:url\" content=\"https:\/\/lasentinelle.dz\/index.php\/2022\/11\/23\/120-constructeurs-et-concessionnaires-ont-depose-leur-dossier-dagrement-importation-des-premiers-vehicules-neufs-des-le-premier-trimestre-2023\/\" \/>\n<meta property=\"og:site_name\" content=\"La Sentinelle\" \/>\n<meta property=\"article:publisher\" content=\"https:\/\/www.facebook.com\/La-Sentinelle-104059864394773\" \/>\n<meta property=\"article:published_time\" content=\"2022-11-23T21:10:00+00:00\" \/>\n<meta property=\"og:image\" content=\"https:\/\/lasentinelle.dz\/wp-content\/uploads\/2022\/11\/Voiture.png\" \/>\n\t<meta property=\"og:image:width\" content=\"1750\" \/>\n\t<meta property=\"og:image:height\" content=\"900\" \/>\n\t<meta property=\"og:image:type\" content=\"image\/png\" \/>\n<meta name=\"author\" content=\"La Sentinelle\" \/>\n<meta name=\"twitter:card\" content=\"summary_large_image\" \/>\n<meta name=\"twitter:label1\" content=\"\u00c9crit par\" \/>\n\t<meta name=\"twitter:data1\" content=\"La Sentinelle\" \/>\n\t<meta name=\"twitter:label2\" content=\"Dur\u00e9e de lecture estim\u00e9e\" \/>\n\t<meta name=\"twitter:data2\" content=\"4 minutes\" \/>\n<script type=\"application\/ld+json\" class=\"yoast-schema-graph\">{\"@context\":\"https:\\\/\\\/schema.org\",\"@graph\":[{\"@type\":\"Article\",\"@id\":\"https:\\\/\\\/lasentinelle.dz\\\/index.php\\\/2022\\\/11\\\/23\\\/120-constructeurs-et-concessionnaires-ont-depose-leur-dossier-dagrement-importation-des-premiers-vehicules-neufs-des-le-premier-trimestre-2023\\\/#article\",\"isPartOf\":{\"@id\":\"https:\\\/\\\/lasentinelle.dz\\\/index.php\\\/2022\\\/11\\\/23\\\/120-constructeurs-et-concessionnaires-ont-depose-leur-dossier-dagrement-importation-des-premiers-vehicules-neufs-des-le-premier-trimestre-2023\\\/\"},\"author\":{\"name\":\"La Sentinelle\",\"@id\":\"https:\\\/\\\/lasentinelle.dz\\\/#\\\/schema\\\/person\\\/d865044e22e70a75174ce8bcad3acfb3\"},\"headline\":\"120 constructeurs et concessionnaires ont d\u00e9pos\u00e9 leur dossier d\u2019agr\u00e9ment\u00a0: Importation des premiers v\u00e9hicules neufs d\u00e8s le premier trimestre 2023\",\"datePublished\":\"2022-11-23T21:10:00+00:00\",\"mainEntityOfPage\":{\"@id\":\"https:\\\/\\\/lasentinelle.dz\\\/index.php\\\/2022\\\/11\\\/23\\\/120-constructeurs-et-concessionnaires-ont-depose-leur-dossier-dagrement-importation-des-premiers-vehicules-neufs-des-le-premier-trimestre-2023\\\/\"},\"wordCount\":786,\"commentCount\":0,\"publisher\":{\"@id\":\"https:\\\/\\\/lasentinelle.dz\\\/#organization\"},\"image\":{\"@id\":\"https:\\\/\\\/lasentinelle.dz\\\/index.php\\\/2022\\\/11\\\/23\\\/120-constructeurs-et-concessionnaires-ont-depose-leur-dossier-dagrement-importation-des-premiers-vehicules-neufs-des-le-premier-trimestre-2023\\\/#primaryimage\"},\"thumbnailUrl\":\"https:\\\/\\\/lasentinelle.dz\\\/wp-content\\\/uploads\\\/2022\\\/11\\\/Voiture.png\",\"articleSection\":[\"\u00c0 la Une\",\"\u00c9conomie\"],\"inLanguage\":\"fr-FR\",\"potentialAction\":[{\"@type\":\"CommentAction\",\"name\":\"Comment\",\"target\":[\"https:\\\/\\\/lasentinelle.dz\\\/index.php\\\/2022\\\/11\\\/23\\\/120-constructeurs-et-concessionnaires-ont-depose-leur-dossier-dagrement-importation-des-premiers-vehicules-neufs-des-le-premier-trimestre-2023\\\/#respond\"]}]},{\"@type\":\"WebPage\",\"@id\":\"https:\\\/\\\/lasentinelle.dz\\\/index.php\\\/2022\\\/11\\\/23\\\/120-constructeurs-et-concessionnaires-ont-depose-leur-dossier-dagrement-importation-des-premiers-vehicules-neufs-des-le-premier-trimestre-2023\\\/\",\"url\":\"https:\\\/\\\/lasentinelle.dz\\\/index.php\\\/2022\\\/11\\\/23\\\/120-constructeurs-et-concessionnaires-ont-depose-leur-dossier-dagrement-importation-des-premiers-vehicules-neufs-des-le-premier-trimestre-2023\\\/\",\"name\":\"120 constructeurs et concessionnaires ont d\u00e9pos\u00e9 leur dossier d\u2019agr\u00e9ment\u00a0: Importation des premiers v\u00e9hicules neufs d\u00e8s le premier trimestre 2023 - La Sentinelle\",\"isPartOf\":{\"@id\":\"https:\\\/\\\/lasentinelle.dz\\\/#website\"},\"primaryImageOfPage\":{\"@id\":\"https:\\\/\\\/lasentinelle.dz\\\/index.php\\\/2022\\\/11\\\/23\\\/120-constructeurs-et-concessionnaires-ont-depose-leur-dossier-dagrement-importation-des-premiers-vehicules-neufs-des-le-premier-trimestre-2023\\\/#primaryimage\"},\"image\":{\"@id\":\"https:\\\/\\\/lasentinelle.dz\\\/index.php\\\/2022\\\/11\\\/23\\\/120-constructeurs-et-concessionnaires-ont-depose-leur-dossier-dagrement-importation-des-premiers-vehicules-neufs-des-le-premier-trimestre-2023\\\/#primaryimage\"},\"thumbnailUrl\":\"https:\\\/\\\/lasentinelle.dz\\\/wp-content\\\/uploads\\\/2022\\\/11\\\/Voiture.png\",\"datePublished\":\"2022-11-23T21:10:00+00:00\",\"breadcrumb\":{\"@id\":\"https:\\\/\\\/lasentinelle.dz\\\/index.php\\\/2022\\\/11\\\/23\\\/120-constructeurs-et-concessionnaires-ont-depose-leur-dossier-dagrement-importation-des-premiers-vehicules-neufs-des-le-premier-trimestre-2023\\\/#breadcrumb\"},\"inLanguage\":\"fr-FR\",\"potentialAction\":[{\"@type\":\"ReadAction\",\"target\":[\"https:\\\/\\\/lasentinelle.dz\\\/index.php\\\/2022\\\/11\\\/23\\\/120-constructeurs-et-concessionnaires-ont-depose-leur-dossier-dagrement-importation-des-premiers-vehicules-neufs-des-le-premier-trimestre-2023\\\/\"]}]},{\"@type\":\"ImageObject\",\"inLanguage\":\"fr-FR\",\"@id\":\"https:\\\/\\\/lasentinelle.dz\\\/index.php\\\/2022\\\/11\\\/23\\\/120-constructeurs-et-concessionnaires-ont-depose-leur-dossier-dagrement-importation-des-premiers-vehicules-neufs-des-le-premier-trimestre-2023\\\/#primaryimage\",\"url\":\"https:\\\/\\\/lasentinelle.dz\\\/wp-content\\\/uploads\\\/2022\\\/11\\\/Voiture.png\",\"contentUrl\":\"https:\\\/\\\/lasentinelle.dz\\\/wp-content\\\/uploads\\\/2022\\\/11\\\/Voiture.png\",\"width\":1750,\"height\":900},{\"@type\":\"BreadcrumbList\",\"@id\":\"https:\\\/\\\/lasentinelle.dz\\\/index.php\\\/2022\\\/11\\\/23\\\/120-constructeurs-et-concessionnaires-ont-depose-leur-dossier-dagrement-importation-des-premiers-vehicules-neufs-des-le-premier-trimestre-2023\\\/#breadcrumb\",\"itemListElement\":[{\"@type\":\"ListItem\",\"position\":1,\"name\":\"Accueil\",\"item\":\"https:\\\/\\\/lasentinelle.dz\\\/\"},{\"@type\":\"ListItem\",\"position\":2,\"name\":\"120 constructeurs et concessionnaires ont d\u00e9pos\u00e9 leur dossier d\u2019agr\u00e9ment\u00a0: Importation des premiers v\u00e9hicules neufs d\u00e8s le premier trimestre 2023\"}]},{\"@type\":\"WebSite\",\"@id\":\"https:\\\/\\\/lasentinelle.dz\\\/#website\",\"url\":\"https:\\\/\\\/lasentinelle.dz\\\/\",\"name\":\"La Sentinelle\",\"description\":\"Quotidien national d&#039;information\",\"publisher\":{\"@id\":\"https:\\\/\\\/lasentinelle.dz\\\/#organization\"},\"potentialAction\":[{\"@type\":\"SearchAction\",\"target\":{\"@type\":\"EntryPoint\",\"urlTemplate\":\"https:\\\/\\\/lasentinelle.dz\\\/?s={search_term_string}\"},\"query-input\":{\"@type\":\"PropertyValueSpecification\",\"valueRequired\":true,\"valueName\":\"search_term_string\"}}],\"inLanguage\":\"fr-FR\"},{\"@type\":\"Organization\",\"@id\":\"https:\\\/\\\/lasentinelle.dz\\\/#organization\",\"name\":\"Quotidien La Sentinelle\",\"url\":\"https:\\\/\\\/lasentinelle.dz\\\/\",\"logo\":{\"@type\":\"ImageObject\",\"inLanguage\":\"fr-FR\",\"@id\":\"https:\\\/\\\/lasentinelle.dz\\\/#\\\/schema\\\/logo\\\/image\\\/\",\"url\":\"https:\\\/\\\/lasentinelle.dz\\\/wp-content\\\/uploads\\\/2021\\\/09\\\/logo-sentinelleSLOGAN-1.png\",\"contentUrl\":\"https:\\\/\\\/lasentinelle.dz\\\/wp-content\\\/uploads\\\/2021\\\/09\\\/logo-sentinelleSLOGAN-1.png\",\"width\":615,\"height\":142,\"caption\":\"Quotidien La Sentinelle\"},\"image\":{\"@id\":\"https:\\\/\\\/lasentinelle.dz\\\/#\\\/schema\\\/logo\\\/image\\\/\"},\"sameAs\":[\"https:\\\/\\\/www.facebook.com\\\/La-Sentinelle-104059864394773\"]},{\"@type\":\"Person\",\"@id\":\"https:\\\/\\\/lasentinelle.dz\\\/#\\\/schema\\\/person\\\/d865044e22e70a75174ce8bcad3acfb3\",\"name\":\"La Sentinelle\",\"image\":{\"@type\":\"ImageObject\",\"inLanguage\":\"fr-FR\",\"@id\":\"https:\\\/\\\/secure.gravatar.com\\\/avatar\\\/57de8e5d4b15d43fb361a71fbb36338450fe67865b528a43dd10ef7c51a20392?s=96&d=mm&r=g\",\"url\":\"https:\\\/\\\/secure.gravatar.com\\\/avatar\\\/57de8e5d4b15d43fb361a71fbb36338450fe67865b528a43dd10ef7c51a20392?s=96&d=mm&r=g\",\"contentUrl\":\"https:\\\/\\\/secure.gravatar.com\\\/avatar\\\/57de8e5d4b15d43fb361a71fbb36338450fe67865b528a43dd10ef7c51a20392?s=96&d=mm&r=g\",\"caption\":\"La Sentinelle\"},\"sameAs\":[\"http:\\\/\\\/www.lasentinelle.dz\"],\"url\":\"https:\\\/\\\/lasentinelle.dz\\\/author\\\/redaction\\\/\"}]}<\/script>\n<!-- \/ Yoast SEO plugin. -->","yoast_head_json":{"title":"120 constructeurs et concessionnaires ont d\u00e9pos\u00e9 leur dossier d\u2019agr\u00e9ment\u00a0: Importation des premiers v\u00e9hicules neufs d\u00e8s le premier trimestre 2023 - La Sentinelle","robots":{"index":"index","follow":"follow","max-snippet":"max-snippet:-1","max-image-preview":"max-image-preview:large","max-video-preview":"max-video-preview:-1"},"canonical":"https:\/\/lasentinelle.dz\/index.php\/2022\/11\/23\/120-constructeurs-et-concessionnaires-ont-depose-leur-dossier-dagrement-importation-des-premiers-vehicules-neufs-des-le-premier-trimestre-2023\/","og_locale":"fr_FR","og_type":"article","og_title":"120 constructeurs et concessionnaires ont d\u00e9pos\u00e9 leur dossier d\u2019agr\u00e9ment\u00a0: Importation des premiers v\u00e9hicules neufs d\u00e8s le premier trimestre 2023 - La Sentinelle","og_description":"L\u2019ouverture du march\u00e9 alg\u00e9rien aux v\u00e9hicules neufs import\u00e9s devrait de concr\u00e9tiser d\u00e8s le premier trimestre de l\u2019ann\u00e9e prochaine, gr\u00e2ce \u00e0","og_url":"https:\/\/lasentinelle.dz\/index.php\/2022\/11\/23\/120-constructeurs-et-concessionnaires-ont-depose-leur-dossier-dagrement-importation-des-premiers-vehicules-neufs-des-le-premier-trimestre-2023\/","og_site_name":"La Sentinelle","article_publisher":"https:\/\/www.facebook.com\/La-Sentinelle-104059864394773","article_published_time":"2022-11-23T21:10:00+00:00","og_image":[{"width":1750,"height":900,"url":"https:\/\/lasentinelle.dz\/wp-content\/uploads\/2022\/11\/Voiture.png","type":"image\/png"}],"author":"La Sentinelle","twitter_card":"summary_large_image","twitter_misc":{"\u00c9crit par":"La Sentinelle","Dur\u00e9e de lecture estim\u00e9e":"4 minutes"},"schema":{"@context":"https:\/\/schema.org","@graph":[{"@type":"Article","@id":"https:\/\/lasentinelle.dz\/index.php\/2022\/11\/23\/120-constructeurs-et-concessionnaires-ont-depose-leur-dossier-dagrement-importation-des-premiers-vehicules-neufs-des-le-premier-trimestre-2023\/#article","isPartOf":{"@id":"https:\/\/lasentinelle.dz\/index.php\/2022\/11\/23\/120-constructeurs-et-concessionnaires-ont-depose-leur-dossier-dagrement-importation-des-premiers-vehicules-neufs-des-le-premier-trimestre-2023\/"},"author":{"name":"La Sentinelle","@id":"https:\/\/lasentinelle.dz\/#\/schema\/person\/d865044e22e70a75174ce8bcad3acfb3"},"headline":"120 constructeurs et concessionnaires ont d\u00e9pos\u00e9 leur dossier d\u2019agr\u00e9ment\u00a0: Importation des premiers v\u00e9hicules neufs d\u00e8s le premier trimestre 2023","datePublished":"2022-11-23T21:10:00+00:00","mainEntityOfPage":{"@id":"https:\/\/lasentinelle.dz\/index.php\/2022\/11\/23\/120-constructeurs-et-concessionnaires-ont-depose-leur-dossier-dagrement-importation-des-premiers-vehicules-neufs-des-le-premier-trimestre-2023\/"},"wordCount":786,"commentCount":0,"publisher":{"@id":"https:\/\/lasentinelle.dz\/#organization"},"image":{"@id":"https:\/\/lasentinelle.dz\/index.php\/2022\/11\/23\/120-constructeurs-et-concessionnaires-ont-depose-leur-dossier-dagrement-importation-des-premiers-vehicules-neufs-des-le-premier-trimestre-2023\/#primaryimage"},"thumbnailUrl":"https:\/\/lasentinelle.dz\/wp-content\/uploads\/2022\/11\/Voiture.png","articleSection":["\u00c0 la Une","\u00c9conomie"],"inLanguage":"fr-FR","potentialAction":[{"@type":"CommentAction","name":"Comment","target":["https:\/\/lasentinelle.dz\/index.php\/2022\/11\/23\/120-constructeurs-et-concessionnaires-ont-depose-leur-dossier-dagrement-importation-des-premiers-vehicules-neufs-des-le-premier-trimestre-2023\/#respond"]}]},{"@type":"WebPage","@id":"https:\/\/lasentinelle.dz\/index.php\/2022\/11\/23\/120-constructeurs-et-concessionnaires-ont-depose-leur-dossier-dagrement-importation-des-premiers-vehicules-neufs-des-le-premier-trimestre-2023\/","url":"https:\/\/lasentinelle.dz\/index.php\/2022\/11\/23\/120-constructeurs-et-concessionnaires-ont-depose-leur-dossier-dagrement-importation-des-premiers-vehicules-neufs-des-le-premier-trimestre-2023\/","name":"120 constructeurs et concessionnaires ont d\u00e9pos\u00e9 leur dossier d\u2019agr\u00e9ment\u00a0: Importation des premiers v\u00e9hicules neufs d\u00e8s le premier trimestre 2023 - La Sentinelle","isPartOf":{"@id":"https:\/\/lasentinelle.dz\/#website"},"primaryImageOfPage":{"@id":"https:\/\/lasentinelle.dz\/index.php\/2022\/11\/23\/120-constructeurs-et-concessionnaires-ont-depose-leur-dossier-dagrement-importation-des-premiers-vehicules-neufs-des-le-premier-trimestre-2023\/#primaryimage"},"image":{"@id":"https:\/\/lasentinelle.dz\/index.php\/2022\/11\/23\/120-constructeurs-et-concessionnaires-ont-depose-leur-dossier-dagrement-importation-des-premiers-vehicules-neufs-des-le-premier-trimestre-2023\/#primaryimage"},"thumbnailUrl":"https:\/\/lasentinelle.dz\/wp-content\/uploads\/2022\/11\/Voiture.png","datePublished":"2022-11-23T21:10:00+00:00","breadcrumb":{"@id":"https:\/\/lasentinelle.dz\/index.php\/2022\/11\/23\/120-constructeurs-et-concessionnaires-ont-depose-leur-dossier-dagrement-importation-des-premiers-vehicules-neufs-des-le-premier-trimestre-2023\/#breadcrumb"},"inLanguage":"fr-FR","potentialAction":[{"@type":"ReadAction","target":["https:\/\/lasentinelle.dz\/index.php\/2022\/11\/23\/120-constructeurs-et-concessionnaires-ont-depose-leur-dossier-dagrement-importation-des-premiers-vehicules-neufs-des-le-premier-trimestre-2023\/"]}]},{"@type":"ImageObject","inLanguage":"fr-FR","@id":"https:\/\/lasentinelle.dz\/index.php\/2022\/11\/23\/120-constructeurs-et-concessionnaires-ont-depose-leur-dossier-dagrement-importation-des-premiers-vehicules-neufs-des-le-premier-trimestre-2023\/#primaryimage","url":"https:\/\/lasentinelle.dz\/wp-content\/uploads\/2022\/11\/Voiture.png","contentUrl":"https:\/\/lasentinelle.dz\/wp-content\/uploads\/2022\/11\/Voiture.png","width":1750,"height":900},{"@type":"BreadcrumbList","@id":"https:\/\/lasentinelle.dz\/index.php\/2022\/11\/23\/120-constructeurs-et-concessionnaires-ont-depose-leur-dossier-dagrement-importation-des-premiers-vehicules-neufs-des-le-premier-trimestre-2023\/#breadcrumb","itemListElement":[{"@type":"ListItem","position":1,"name":"Accueil","item":"https:\/\/lasentinelle.dz\/"},{"@type":"ListItem","position":2,"name":"120 constructeurs et concessionnaires ont d\u00e9pos\u00e9 leur dossier d\u2019agr\u00e9ment\u00a0: Importation des premiers v\u00e9hicules neufs d\u00e8s le premier trimestre 2023"}]},{"@type":"WebSite","@id":"https:\/\/lasentinelle.dz\/#website","url":"https:\/\/lasentinelle.dz\/","name":"La Sentinelle","description":"Quotidien national d&#039;information","publisher":{"@id":"https:\/\/lasentinelle.dz\/#organization"},"potentialAction":[{"@type":"SearchAction","target":{"@type":"EntryPoint","urlTemplate":"https:\/\/lasentinelle.dz\/?s={search_term_string}"},"query-input":{"@type":"PropertyValueSpecification","valueRequired":true,"valueName":"search_term_string"}}],"inLanguage":"fr-FR"},{"@type":"Organization","@id":"https:\/\/lasentinelle.dz\/#organization","name":"Quotidien La Sentinelle","url":"https:\/\/lasentinelle.dz\/","logo":{"@type":"ImageObject","inLanguage":"fr-FR","@id":"https:\/\/lasentinelle.dz\/#\/schema\/logo\/image\/","url":"https:\/\/lasentinelle.dz\/wp-content\/uploads\/2021\/09\/logo-sentinelleSLOGAN-1.png","contentUrl":"https:\/\/lasentinelle.dz\/wp-content\/uploads\/2021\/09\/logo-sentinelleSLOGAN-1.png","width":615,"height":142,"caption":"Quotidien La Sentinelle"},"image":{"@id":"https:\/\/lasentinelle.dz\/#\/schema\/logo\/image\/"},"sameAs":["https:\/\/www.facebook.com\/La-Sentinelle-104059864394773"]},{"@type":"Person","@id":"https:\/\/lasentinelle.dz\/#\/schema\/person\/d865044e22e70a75174ce8bcad3acfb3","name":"La Sentinelle","image":{"@type":"ImageObject","inLanguage":"fr-FR","@id":"https:\/\/secure.gravatar.com\/avatar\/57de8e5d4b15d43fb361a71fbb36338450fe67865b528a43dd10ef7c51a20392?s=96&d=mm&r=g","url":"https:\/\/secure.gravatar.com\/avatar\/57de8e5d4b15d43fb361a71fbb36338450fe67865b528a43dd10ef7c51a20392?s=96&d=mm&r=g","contentUrl":"https:\/\/secure.gravatar.com\/avatar\/57de8e5d4b15d43fb361a71fbb36338450fe67865b528a43dd10ef7c51a20392?s=96&d=mm&r=g","caption":"La Sentinelle"},"sameAs":["http:\/\/www.lasentinelle.dz"],"url":"https:\/\/lasentinelle.dz\/author\/redaction\/"}]}},"_links":{"self":[{"href":"https:\/\/lasentinelle.dz\/index.php\/wp-json\/wp\/v2\/posts\/31426","targetHints":{"allow":["GET"]}}],"collection":[{"href":"https:\/\/lasentinelle.dz\/index.php\/wp-json\/wp\/v2\/posts"}],"about":[{"href":"https:\/\/lasentinelle.dz\/index.php\/wp-json\/wp\/v2\/types\/post"}],"author":[{"embeddable":true,"href":"https:\/\/lasentinelle.dz\/index.php\/wp-json\/wp\/v2\/users\/3"}],"replies":[{"embeddable":true,"href":"https:\/\/lasentinelle.dz\/index.php\/wp-json\/wp\/v2\/comments?post=31426"}],"version-history":[{"count":1,"href":"https:\/\/lasentinelle.dz\/index.php\/wp-json\/wp\/v2\/posts\/31426\/revisions"}],"predecessor-version":[{"id":31437,"href":"https:\/\/lasentinelle.dz\/index.php\/wp-json\/wp\/v2\/posts\/31426\/revisions\/31437"}],"wp:featuredmedia":[{"embeddable":true,"href":"https:\/\/lasentinelle.dz\/index.php\/wp-json\/wp\/v2\/media\/31434"}],"wp:attachment":[{"href":"https:\/\/lasentinelle.dz\/index.php\/wp-json\/wp\/v2\/media?parent=31426"}],"wp:term":[{"taxonomy":"category","embeddable":true,"href":"https:\/\/lasentinelle.dz\/index.php\/wp-json\/wp\/v2\/categories?post=31426"},{"taxonomy":"post_tag","embeddable":true,"href":"https:\/\/lasentinelle.dz\/index.php\/wp-json\/wp\/v2\/tags?post=31426"}],"curies":[{"name":"wp","href":"https:\/\/api.w.org\/{rel}","templated":true}]}}