{"id":31492,"date":"2022-11-26T22:10:00","date_gmt":"2022-11-26T21:10:00","guid":{"rendered":"https:\/\/lasentinelle.dz\/?p=31492"},"modified":"2022-11-26T20:24:03","modified_gmt":"2022-11-26T19:24:03","slug":"sommet-de-lunion-africaine-sur-lindustrialisation-de-lafrique-repenser-les-modeles-economiques","status":"publish","type":"post","link":"https:\/\/lasentinelle.dz\/index.php\/2022\/11\/26\/sommet-de-lunion-africaine-sur-lindustrialisation-de-lafrique-repenser-les-modeles-economiques\/","title":{"rendered":"Sommet de l&rsquo;Union africaine sur l\u2019industrialisation de l\u2019Afrique\u00a0 \u00a0: Repenser les mod\u00e8les \u00e9conomiques"},"content":{"rendered":"\n<p>L\u2019Union africaine a tenu vendredi \u00e0 Niamey un double sommet extraordinaire sur l\u2019industrialisation et la Zone de libre-\u00e9change continentale africaine (Zlecaf) auquel une quinzaine de chefs d\u2019\u00c9tat et de gouvernement ont pris part.<\/p>\n\n\n\n<p>Ce sommet extraordinaire avait pour but de se pencher sur l\u2019industrialisation de l\u2019Afrique, une probl\u00e9matique qui impacte le d\u00e9veloppement du continent.&nbsp; Le double sommet plac\u00e9 sous le th\u00e8me \u00ab Industrialiser l&rsquo;Afrique : renouveler les engagements en faveur d&rsquo;une industrialisation et d&rsquo;une diversification \u00e9conomique inclusives et durables \u00bb s&rsquo;inscrit dans le cadre de la Semaine pour l&rsquo;industrialisation de l&rsquo;Afrique dont les travaux ont \u00e9t\u00e9 lanc\u00e9s lundi dernier dans la capitale nig\u00e9rienne. A l&rsquo;occasion, des panels de haut niveau, des conf\u00e9rences et des expositions ont \u00e9t\u00e9 organis\u00e9s ses derniers jours \u00e0 Niamey.<\/p>\n\n\n\n<p>L\u2019int\u00e9r\u00eat de ce double sommet extraordinaire est qu\u2019il a \u00e9t\u00e9 marqu\u00e9 par des d\u00e9bats francs, ce qui n\u2019est pas tr\u00e8s courant au sein de l\u2019Union africaine. D\u2019embl\u00e9e, le pr\u00e9sident de la Commission de l\u2019Union africaine, Moussa Faki, a soutenu le plan d\u2019action de d\u00e9veloppement \u00e9conomique de l\u2019Afrique de 2008 n\u2019a pas \u00e9t\u00e9 \u00e0 la hauteur. \u00abAujourd\u2019hui, il faut identifier les facteurs qui ont plomb\u00e9 le d\u00e9veloppement de l\u2019Afrique et repenser les mod\u00e8les \u00bb, a-t-il d\u00e9clar\u00e9. \u00ab Nous ne produisons presque rien. Nous attendons tout de l&rsquo;ext\u00e9rieur \u00bb, a regrett\u00e9 Moussa Faki Il a insist\u00e9 sur l\u2019id\u00e9e que l\u2019industrialisation, la diversification de l\u2019\u00e9conomie et la Zlecaf sont d\u00e9terminants dans le d\u00e9veloppement de l\u2019Afrique. \u00ab Le jour o\u00f9 l\u2019industrialisation de l\u2019Afrique et la Zlecaf seront devenues une r\u00e9alit\u00e9, l\u2019Afrique prosp\u00e9rera et sera en paix \u00bb, a-t-il conclu.<\/p>\n\n\n\n<p>Le pr\u00e9sident en exercice de l\u2019Union africaine, Macky Sall, a appel\u00e9 pour sa part les pays africains \u00e0 accorder plus de temps aux priorit\u00e9s \u00e9conomiques pour acc\u00e9l\u00e9rer le d\u00e9veloppement et l\u2019int\u00e9gration du continent. \u00ab C\u2019est d\u2019autant plus n\u00e9cessaire car l\u2019Afrique poss\u00e8de un potentiel pour r\u00e9aliser ses ambitions et acc\u00e9l\u00e9rer sa croissance. Il s\u2019agit notamment d\u2019une superficie de 30 millions de m2, d\u2019une population qui compte 1,4 milliards d\u2019habitants, 60% des terres arables, 40% des r\u00e9serves mondiales d\u2019or, entre 85% et 95% des r\u00e9serves de chrome et de platine, 85% des phosphates, plus de 50% du cobalt et un tiers des bauxites, sans parler de ses ressources importantes en eau, en gaz et en p\u00e9trole \u00bb, a-t-il soulign\u00e9.<\/p>\n\n\n\n<p>De son c\u00f4t\u00e9, l&rsquo;Alg\u00e9rie a affirm\u00e9 son enti\u00e8re disposition et son engagement \u00e0 adh\u00e9rer aux d\u00e9marches communes, ainsi que son soutien au renforcement de l&rsquo;industrie et de l&rsquo;industrialisation dans le continent africain, mettant l&rsquo;accent sur la n\u00e9cessit\u00e9 de mettre en place un nouveau mod\u00e8le \u00e9conomique adapt\u00e9 \u00e0 la r\u00e9alit\u00e9 africaine et d&rsquo;\u00e9laborer une strat\u00e9gie industrielle globale tenant compte des capacit\u00e9s de chaque pays \u00e0 atteindre une industrie efficiente et une \u00e9conomie forte, int\u00e9gr\u00e9e et coh\u00e9rente.<\/p>\n\n\n\n<p>Dans une allocution prononc\u00e9e lors d&rsquo;une s\u00e9ance \u00e0 huis clos, le Premier ministre, A\u00efmene Benabderrahmane qui a pris part \u00e0 cette rencontre en tant que repr\u00e9sentant du pr\u00e9sident de la R\u00e9publique Abdelmadjid Tebboune, a soulign\u00e9 en outre l\u2019appui de l\u2019Alg\u00e9rie \u00ab au renforcement de l&rsquo;industrie et de l&rsquo;industrialisation dans notre continent (africain) et \u00e0 atteindre les plus hauts niveaux d&rsquo;int\u00e9gration, en concr\u00e9tisation des objectifs majeurs trac\u00e9s par les fondateurs de notre organisation panafricaine \u00bb. Il a rappel\u00e9 dans ce contexte \u00ab le r\u00f4le essentiel \u00bb des Petites et moyennes entreprises (PME) dans le domaine de l&rsquo;industrie, soulignant l&rsquo;importance de \u00ab leur accorder le soutien et l&rsquo;appui n\u00e9cessaires et d&rsquo;am\u00e9liorer leurs capacit\u00e9s concurrentielles \u00bb.&nbsp;<\/p>\n\n\n\n<p><strong>Continent riche, industrie faible<\/strong><\/p>\n\n\n\n<p>Parmi les insuffisances qui entravent la relance \u00e9conomique en Afrique, le Premier ministre a relev\u00e9 notamment \u00ab l&rsquo;absence d&rsquo;une politique continentale, claire et coh\u00e9rente, en mati\u00e8re d&rsquo;industrie et d&rsquo;industrialisation \u00bb. \u00ab Au del\u00e0 de notre soutien politique franc et sinc\u00e8re \u00e0 toutes les d\u00e9marches louables, nous sommes appel\u00e9s, a-t-il soutenu, \u00e0 tracer ensemble l&rsquo;avenir de notre continent dans ce domaine vital, par le d\u00e9veloppement et la diversification de l&rsquo;\u00e9conomie globale qui s&rsquo;inscrit dans le cadre du d\u00e9veloppement durable et cadre avec les objectifs et contenu de l&rsquo;Agenda 2063 de l&rsquo;UA \u00bb, a-t-il soutenu.<\/p>\n\n\n\n<p>Malgr\u00e9 sa richesse en mati\u00e8res premi\u00e8res, le continent africain est absent du commerce mondial. Le pr\u00e9sident nig\u00e9rien Mohamed Bazoum a rappel\u00e9 \u00e0 ce sujet que la part de l\u2019Afrique ne d\u00e9passe pas les 4%. Entre pays africains, cette part n\u2019est que de 17%. Le pr\u00e9sident Mohamed Bazoum a \u00e9galement soutenu que les pays africains ne peuvent pas se passer des \u00e9nergies fossiles pour leur d\u00e9veloppement. Un constat frappant qui appelle des r\u00e9ponses appropri\u00e9es : connecter les r\u00e9seaux ferroviaires r\u00e9gionaux, investir massivement dans l\u2019\u00e9ducation et les nouvelles technologies de la communication ou encore lib\u00e9rer les \u00e9nergies des entrepreneurs africains.L&rsquo;industrialisation de l&rsquo;Afrique est une n\u00e9cessit\u00e9 cruciale, mais l&rsquo;id\u00e9e est loin d&rsquo;\u00eatre nouvelle. Mais jusque-l\u00e0 rien de concret n\u2019a \u00e9t\u00e9 fait. Pour que justement ce double sommet ne soit pas juste l&rsquo;occasion de nouvelles grandes d\u00e9clarations, des objectifs sp\u00e9cifiques ont \u00e9t\u00e9 assign\u00e9s : un nouveau cadre de politique continentale doit \u00eatre d\u00e9cid\u00e9 afin d&rsquo;attirer davantage d\u2019investissements, les cha\u00eenes de valeurs industrielles r\u00e9gionales doivent \u00eatre renforc\u00e9es. Il s&rsquo;agit, en clair, de mettre en place des partenariats entre plusieurs pays pour davantage de compl\u00e9mentarit\u00e9 dans la cha\u00eene de fabrication des produits. Enfin, le sommet a d\u00e9cid\u00e9 de plaider politiquement pour l&rsquo;\u00e9mergence d&rsquo;un programme d&rsquo;industrialisation de l&rsquo;Afrique \u00e0 l\u2019\u00e9chelle mondiale. Au-del\u00e0, l\u2019int\u00e9r\u00eat des rencontres de vendredi r\u00e9side dans le fait que la majorit\u00e9 des leaders africains a compris que la balle \u00e9tait dans son camp. A eux donc de passer \u00e0 l\u2019action !&nbsp;&nbsp;<\/p>\n\n\n\n<p><strong>Khider Larbi<\/strong><\/p>\n","protected":false},"excerpt":{"rendered":"<p>L\u2019Union africaine a tenu vendredi \u00e0 Niamey un double sommet extraordinaire sur l\u2019industrialisation et la Zone de libre-\u00e9change continentale africaine<\/p>\n","protected":false},"author":3,"featured_media":31507,"comment_status":"open","ping_status":"closed","sticky":false,"template":"","format":"standard","meta":{"colormag_page_container_layout":"default_layout","colormag_page_sidebar_layout":"default_layout","om_disable_all_campaigns":false,"_monsterinsights_skip_tracking":false,"_monsterinsights_sitenote_active":false,"_monsterinsights_sitenote_note":"","_monsterinsights_sitenote_category":0,"footnotes":"","_wpscppro_dont_share_socialmedia":false,"_wpscppro_custom_social_share_image":0,"_facebook_share_type":"","_twitter_share_type":"","_linkedin_share_type":"","_pinterest_share_type":"","_linkedin_share_type_page":"","_instagram_share_type":"","_medium_share_type":"","_threads_share_type":"","_google_business_share_type":"","_selected_social_profile":[],"_wpsp_enable_custom_social_template":false,"_wpsp_social_scheduling":{"enabled":false,"datetime":null,"platforms":[],"status":"template_only","dateOption":"today","timeOption":"now","customDays":"","customHours":"","customDate":"","customTime":"","schedulingType":"absolute"},"_wpsp_active_default_template":true},"categories":[52,27],"tags":[],"class_list":["post-31492","post","type-post","status-publish","format-standard","has-post-thumbnail","hentry","category-a-la-une","category-actualite"],"aioseo_notices":[],"yoast_head":"<!-- This site is optimized with the Yoast SEO plugin v27.5 - https:\/\/yoast.com\/product\/yoast-seo-wordpress\/ -->\n<title>Sommet de l&rsquo;Union africaine sur l\u2019industrialisation de l\u2019Afrique\u00a0 \u00a0: Repenser les mod\u00e8les \u00e9conomiques - La Sentinelle<\/title>\n<meta name=\"robots\" content=\"index, follow, max-snippet:-1, max-image-preview:large, max-video-preview:-1\" \/>\n<link rel=\"canonical\" href=\"https:\/\/lasentinelle.dz\/index.php\/2022\/11\/26\/sommet-de-lunion-africaine-sur-lindustrialisation-de-lafrique-repenser-les-modeles-economiques\/\" \/>\n<meta property=\"og:locale\" content=\"fr_FR\" \/>\n<meta property=\"og:type\" content=\"article\" \/>\n<meta property=\"og:title\" content=\"Sommet de l&rsquo;Union africaine sur l\u2019industrialisation de l\u2019Afrique\u00a0 \u00a0: Repenser les mod\u00e8les \u00e9conomiques - La Sentinelle\" \/>\n<meta property=\"og:description\" content=\"L\u2019Union africaine a tenu vendredi \u00e0 Niamey un double sommet extraordinaire sur l\u2019industrialisation et la Zone de libre-\u00e9change continentale africaine\" \/>\n<meta property=\"og:url\" content=\"https:\/\/lasentinelle.dz\/index.php\/2022\/11\/26\/sommet-de-lunion-africaine-sur-lindustrialisation-de-lafrique-repenser-les-modeles-economiques\/\" \/>\n<meta property=\"og:site_name\" content=\"La Sentinelle\" \/>\n<meta property=\"article:publisher\" content=\"https:\/\/www.facebook.com\/La-Sentinelle-104059864394773\" \/>\n<meta property=\"article:published_time\" content=\"2022-11-26T21:10:00+00:00\" \/>\n<meta property=\"og:image\" content=\"https:\/\/lasentinelle.dz\/wp-content\/uploads\/2022\/11\/UA.png\" \/>\n\t<meta property=\"og:image:width\" content=\"1600\" \/>\n\t<meta property=\"og:image:height\" content=\"900\" \/>\n\t<meta property=\"og:image:type\" content=\"image\/png\" \/>\n<meta name=\"author\" content=\"La Sentinelle\" \/>\n<meta name=\"twitter:card\" content=\"summary_large_image\" \/>\n<meta name=\"twitter:label1\" content=\"\u00c9crit par\" \/>\n\t<meta name=\"twitter:data1\" content=\"La Sentinelle\" \/>\n\t<meta name=\"twitter:label2\" content=\"Dur\u00e9e de lecture estim\u00e9e\" \/>\n\t<meta name=\"twitter:data2\" content=\"5 minutes\" \/>\n<script type=\"application\/ld+json\" class=\"yoast-schema-graph\">{\"@context\":\"https:\\\/\\\/schema.org\",\"@graph\":[{\"@type\":\"Article\",\"@id\":\"https:\\\/\\\/lasentinelle.dz\\\/index.php\\\/2022\\\/11\\\/26\\\/sommet-de-lunion-africaine-sur-lindustrialisation-de-lafrique-repenser-les-modeles-economiques\\\/#article\",\"isPartOf\":{\"@id\":\"https:\\\/\\\/lasentinelle.dz\\\/index.php\\\/2022\\\/11\\\/26\\\/sommet-de-lunion-africaine-sur-lindustrialisation-de-lafrique-repenser-les-modeles-economiques\\\/\"},\"author\":{\"name\":\"La Sentinelle\",\"@id\":\"https:\\\/\\\/lasentinelle.dz\\\/#\\\/schema\\\/person\\\/d865044e22e70a75174ce8bcad3acfb3\"},\"headline\":\"Sommet de l&rsquo;Union africaine sur l\u2019industrialisation de l\u2019Afrique\u00a0 \u00a0: Repenser les mod\u00e8les \u00e9conomiques\",\"datePublished\":\"2022-11-26T21:10:00+00:00\",\"mainEntityOfPage\":{\"@id\":\"https:\\\/\\\/lasentinelle.dz\\\/index.php\\\/2022\\\/11\\\/26\\\/sommet-de-lunion-africaine-sur-lindustrialisation-de-lafrique-repenser-les-modeles-economiques\\\/\"},\"wordCount\":1054,\"commentCount\":0,\"publisher\":{\"@id\":\"https:\\\/\\\/lasentinelle.dz\\\/#organization\"},\"image\":{\"@id\":\"https:\\\/\\\/lasentinelle.dz\\\/index.php\\\/2022\\\/11\\\/26\\\/sommet-de-lunion-africaine-sur-lindustrialisation-de-lafrique-repenser-les-modeles-economiques\\\/#primaryimage\"},\"thumbnailUrl\":\"https:\\\/\\\/lasentinelle.dz\\\/wp-content\\\/uploads\\\/2022\\\/11\\\/UA.png\",\"articleSection\":[\"\u00c0 la Une\",\"Actualit\u00e9\"],\"inLanguage\":\"fr-FR\",\"potentialAction\":[{\"@type\":\"CommentAction\",\"name\":\"Comment\",\"target\":[\"https:\\\/\\\/lasentinelle.dz\\\/index.php\\\/2022\\\/11\\\/26\\\/sommet-de-lunion-africaine-sur-lindustrialisation-de-lafrique-repenser-les-modeles-economiques\\\/#respond\"]}]},{\"@type\":\"WebPage\",\"@id\":\"https:\\\/\\\/lasentinelle.dz\\\/index.php\\\/2022\\\/11\\\/26\\\/sommet-de-lunion-africaine-sur-lindustrialisation-de-lafrique-repenser-les-modeles-economiques\\\/\",\"url\":\"https:\\\/\\\/lasentinelle.dz\\\/index.php\\\/2022\\\/11\\\/26\\\/sommet-de-lunion-africaine-sur-lindustrialisation-de-lafrique-repenser-les-modeles-economiques\\\/\",\"name\":\"Sommet de l&rsquo;Union africaine sur l\u2019industrialisation de l\u2019Afrique\u00a0 \u00a0: Repenser les mod\u00e8les \u00e9conomiques - La Sentinelle\",\"isPartOf\":{\"@id\":\"https:\\\/\\\/lasentinelle.dz\\\/#website\"},\"primaryImageOfPage\":{\"@id\":\"https:\\\/\\\/lasentinelle.dz\\\/index.php\\\/2022\\\/11\\\/26\\\/sommet-de-lunion-africaine-sur-lindustrialisation-de-lafrique-repenser-les-modeles-economiques\\\/#primaryimage\"},\"image\":{\"@id\":\"https:\\\/\\\/lasentinelle.dz\\\/index.php\\\/2022\\\/11\\\/26\\\/sommet-de-lunion-africaine-sur-lindustrialisation-de-lafrique-repenser-les-modeles-economiques\\\/#primaryimage\"},\"thumbnailUrl\":\"https:\\\/\\\/lasentinelle.dz\\\/wp-content\\\/uploads\\\/2022\\\/11\\\/UA.png\",\"datePublished\":\"2022-11-26T21:10:00+00:00\",\"breadcrumb\":{\"@id\":\"https:\\\/\\\/lasentinelle.dz\\\/index.php\\\/2022\\\/11\\\/26\\\/sommet-de-lunion-africaine-sur-lindustrialisation-de-lafrique-repenser-les-modeles-economiques\\\/#breadcrumb\"},\"inLanguage\":\"fr-FR\",\"potentialAction\":[{\"@type\":\"ReadAction\",\"target\":[\"https:\\\/\\\/lasentinelle.dz\\\/index.php\\\/2022\\\/11\\\/26\\\/sommet-de-lunion-africaine-sur-lindustrialisation-de-lafrique-repenser-les-modeles-economiques\\\/\"]}]},{\"@type\":\"ImageObject\",\"inLanguage\":\"fr-FR\",\"@id\":\"https:\\\/\\\/lasentinelle.dz\\\/index.php\\\/2022\\\/11\\\/26\\\/sommet-de-lunion-africaine-sur-lindustrialisation-de-lafrique-repenser-les-modeles-economiques\\\/#primaryimage\",\"url\":\"https:\\\/\\\/lasentinelle.dz\\\/wp-content\\\/uploads\\\/2022\\\/11\\\/UA.png\",\"contentUrl\":\"https:\\\/\\\/lasentinelle.dz\\\/wp-content\\\/uploads\\\/2022\\\/11\\\/UA.png\",\"width\":1600,\"height\":900},{\"@type\":\"BreadcrumbList\",\"@id\":\"https:\\\/\\\/lasentinelle.dz\\\/index.php\\\/2022\\\/11\\\/26\\\/sommet-de-lunion-africaine-sur-lindustrialisation-de-lafrique-repenser-les-modeles-economiques\\\/#breadcrumb\",\"itemListElement\":[{\"@type\":\"ListItem\",\"position\":1,\"name\":\"Accueil\",\"item\":\"https:\\\/\\\/lasentinelle.dz\\\/\"},{\"@type\":\"ListItem\",\"position\":2,\"name\":\"Sommet de l&rsquo;Union africaine sur l\u2019industrialisation de l\u2019Afrique\u00a0 \u00a0: Repenser les mod\u00e8les \u00e9conomiques\"}]},{\"@type\":\"WebSite\",\"@id\":\"https:\\\/\\\/lasentinelle.dz\\\/#website\",\"url\":\"https:\\\/\\\/lasentinelle.dz\\\/\",\"name\":\"La Sentinelle\",\"description\":\"Quotidien national d&#039;information\",\"publisher\":{\"@id\":\"https:\\\/\\\/lasentinelle.dz\\\/#organization\"},\"potentialAction\":[{\"@type\":\"SearchAction\",\"target\":{\"@type\":\"EntryPoint\",\"urlTemplate\":\"https:\\\/\\\/lasentinelle.dz\\\/?s={search_term_string}\"},\"query-input\":{\"@type\":\"PropertyValueSpecification\",\"valueRequired\":true,\"valueName\":\"search_term_string\"}}],\"inLanguage\":\"fr-FR\"},{\"@type\":\"Organization\",\"@id\":\"https:\\\/\\\/lasentinelle.dz\\\/#organization\",\"name\":\"Quotidien La Sentinelle\",\"url\":\"https:\\\/\\\/lasentinelle.dz\\\/\",\"logo\":{\"@type\":\"ImageObject\",\"inLanguage\":\"fr-FR\",\"@id\":\"https:\\\/\\\/lasentinelle.dz\\\/#\\\/schema\\\/logo\\\/image\\\/\",\"url\":\"https:\\\/\\\/lasentinelle.dz\\\/wp-content\\\/uploads\\\/2021\\\/09\\\/logo-sentinelleSLOGAN-1.png\",\"contentUrl\":\"https:\\\/\\\/lasentinelle.dz\\\/wp-content\\\/uploads\\\/2021\\\/09\\\/logo-sentinelleSLOGAN-1.png\",\"width\":615,\"height\":142,\"caption\":\"Quotidien La Sentinelle\"},\"image\":{\"@id\":\"https:\\\/\\\/lasentinelle.dz\\\/#\\\/schema\\\/logo\\\/image\\\/\"},\"sameAs\":[\"https:\\\/\\\/www.facebook.com\\\/La-Sentinelle-104059864394773\"]},{\"@type\":\"Person\",\"@id\":\"https:\\\/\\\/lasentinelle.dz\\\/#\\\/schema\\\/person\\\/d865044e22e70a75174ce8bcad3acfb3\",\"name\":\"La Sentinelle\",\"image\":{\"@type\":\"ImageObject\",\"inLanguage\":\"fr-FR\",\"@id\":\"https:\\\/\\\/secure.gravatar.com\\\/avatar\\\/57de8e5d4b15d43fb361a71fbb36338450fe67865b528a43dd10ef7c51a20392?s=96&d=mm&r=g\",\"url\":\"https:\\\/\\\/secure.gravatar.com\\\/avatar\\\/57de8e5d4b15d43fb361a71fbb36338450fe67865b528a43dd10ef7c51a20392?s=96&d=mm&r=g\",\"contentUrl\":\"https:\\\/\\\/secure.gravatar.com\\\/avatar\\\/57de8e5d4b15d43fb361a71fbb36338450fe67865b528a43dd10ef7c51a20392?s=96&d=mm&r=g\",\"caption\":\"La Sentinelle\"},\"sameAs\":[\"http:\\\/\\\/www.lasentinelle.dz\"],\"url\":\"https:\\\/\\\/lasentinelle.dz\\\/author\\\/redaction\\\/\"}]}<\/script>\n<!-- \/ Yoast SEO plugin. -->","yoast_head_json":{"title":"Sommet de l&rsquo;Union africaine sur l\u2019industrialisation de l\u2019Afrique\u00a0 \u00a0: Repenser les mod\u00e8les \u00e9conomiques - La Sentinelle","robots":{"index":"index","follow":"follow","max-snippet":"max-snippet:-1","max-image-preview":"max-image-preview:large","max-video-preview":"max-video-preview:-1"},"canonical":"https:\/\/lasentinelle.dz\/index.php\/2022\/11\/26\/sommet-de-lunion-africaine-sur-lindustrialisation-de-lafrique-repenser-les-modeles-economiques\/","og_locale":"fr_FR","og_type":"article","og_title":"Sommet de l&rsquo;Union africaine sur l\u2019industrialisation de l\u2019Afrique\u00a0 \u00a0: Repenser les mod\u00e8les \u00e9conomiques - La Sentinelle","og_description":"L\u2019Union africaine a tenu vendredi \u00e0 Niamey un double sommet extraordinaire sur l\u2019industrialisation et la Zone de libre-\u00e9change continentale africaine","og_url":"https:\/\/lasentinelle.dz\/index.php\/2022\/11\/26\/sommet-de-lunion-africaine-sur-lindustrialisation-de-lafrique-repenser-les-modeles-economiques\/","og_site_name":"La Sentinelle","article_publisher":"https:\/\/www.facebook.com\/La-Sentinelle-104059864394773","article_published_time":"2022-11-26T21:10:00+00:00","og_image":[{"width":1600,"height":900,"url":"https:\/\/lasentinelle.dz\/wp-content\/uploads\/2022\/11\/UA.png","type":"image\/png"}],"author":"La Sentinelle","twitter_card":"summary_large_image","twitter_misc":{"\u00c9crit par":"La Sentinelle","Dur\u00e9e de lecture estim\u00e9e":"5 minutes"},"schema":{"@context":"https:\/\/schema.org","@graph":[{"@type":"Article","@id":"https:\/\/lasentinelle.dz\/index.php\/2022\/11\/26\/sommet-de-lunion-africaine-sur-lindustrialisation-de-lafrique-repenser-les-modeles-economiques\/#article","isPartOf":{"@id":"https:\/\/lasentinelle.dz\/index.php\/2022\/11\/26\/sommet-de-lunion-africaine-sur-lindustrialisation-de-lafrique-repenser-les-modeles-economiques\/"},"author":{"name":"La Sentinelle","@id":"https:\/\/lasentinelle.dz\/#\/schema\/person\/d865044e22e70a75174ce8bcad3acfb3"},"headline":"Sommet de l&rsquo;Union africaine sur l\u2019industrialisation de l\u2019Afrique\u00a0 \u00a0: Repenser les mod\u00e8les \u00e9conomiques","datePublished":"2022-11-26T21:10:00+00:00","mainEntityOfPage":{"@id":"https:\/\/lasentinelle.dz\/index.php\/2022\/11\/26\/sommet-de-lunion-africaine-sur-lindustrialisation-de-lafrique-repenser-les-modeles-economiques\/"},"wordCount":1054,"commentCount":0,"publisher":{"@id":"https:\/\/lasentinelle.dz\/#organization"},"image":{"@id":"https:\/\/lasentinelle.dz\/index.php\/2022\/11\/26\/sommet-de-lunion-africaine-sur-lindustrialisation-de-lafrique-repenser-les-modeles-economiques\/#primaryimage"},"thumbnailUrl":"https:\/\/lasentinelle.dz\/wp-content\/uploads\/2022\/11\/UA.png","articleSection":["\u00c0 la Une","Actualit\u00e9"],"inLanguage":"fr-FR","potentialAction":[{"@type":"CommentAction","name":"Comment","target":["https:\/\/lasentinelle.dz\/index.php\/2022\/11\/26\/sommet-de-lunion-africaine-sur-lindustrialisation-de-lafrique-repenser-les-modeles-economiques\/#respond"]}]},{"@type":"WebPage","@id":"https:\/\/lasentinelle.dz\/index.php\/2022\/11\/26\/sommet-de-lunion-africaine-sur-lindustrialisation-de-lafrique-repenser-les-modeles-economiques\/","url":"https:\/\/lasentinelle.dz\/index.php\/2022\/11\/26\/sommet-de-lunion-africaine-sur-lindustrialisation-de-lafrique-repenser-les-modeles-economiques\/","name":"Sommet de l&rsquo;Union africaine sur l\u2019industrialisation de l\u2019Afrique\u00a0 \u00a0: Repenser les mod\u00e8les \u00e9conomiques - La Sentinelle","isPartOf":{"@id":"https:\/\/lasentinelle.dz\/#website"},"primaryImageOfPage":{"@id":"https:\/\/lasentinelle.dz\/index.php\/2022\/11\/26\/sommet-de-lunion-africaine-sur-lindustrialisation-de-lafrique-repenser-les-modeles-economiques\/#primaryimage"},"image":{"@id":"https:\/\/lasentinelle.dz\/index.php\/2022\/11\/26\/sommet-de-lunion-africaine-sur-lindustrialisation-de-lafrique-repenser-les-modeles-economiques\/#primaryimage"},"thumbnailUrl":"https:\/\/lasentinelle.dz\/wp-content\/uploads\/2022\/11\/UA.png","datePublished":"2022-11-26T21:10:00+00:00","breadcrumb":{"@id":"https:\/\/lasentinelle.dz\/index.php\/2022\/11\/26\/sommet-de-lunion-africaine-sur-lindustrialisation-de-lafrique-repenser-les-modeles-economiques\/#breadcrumb"},"inLanguage":"fr-FR","potentialAction":[{"@type":"ReadAction","target":["https:\/\/lasentinelle.dz\/index.php\/2022\/11\/26\/sommet-de-lunion-africaine-sur-lindustrialisation-de-lafrique-repenser-les-modeles-economiques\/"]}]},{"@type":"ImageObject","inLanguage":"fr-FR","@id":"https:\/\/lasentinelle.dz\/index.php\/2022\/11\/26\/sommet-de-lunion-africaine-sur-lindustrialisation-de-lafrique-repenser-les-modeles-economiques\/#primaryimage","url":"https:\/\/lasentinelle.dz\/wp-content\/uploads\/2022\/11\/UA.png","contentUrl":"https:\/\/lasentinelle.dz\/wp-content\/uploads\/2022\/11\/UA.png","width":1600,"height":900},{"@type":"BreadcrumbList","@id":"https:\/\/lasentinelle.dz\/index.php\/2022\/11\/26\/sommet-de-lunion-africaine-sur-lindustrialisation-de-lafrique-repenser-les-modeles-economiques\/#breadcrumb","itemListElement":[{"@type":"ListItem","position":1,"name":"Accueil","item":"https:\/\/lasentinelle.dz\/"},{"@type":"ListItem","position":2,"name":"Sommet de l&rsquo;Union africaine sur l\u2019industrialisation de l\u2019Afrique\u00a0 \u00a0: Repenser les mod\u00e8les \u00e9conomiques"}]},{"@type":"WebSite","@id":"https:\/\/lasentinelle.dz\/#website","url":"https:\/\/lasentinelle.dz\/","name":"La Sentinelle","description":"Quotidien national d&#039;information","publisher":{"@id":"https:\/\/lasentinelle.dz\/#organization"},"potentialAction":[{"@type":"SearchAction","target":{"@type":"EntryPoint","urlTemplate":"https:\/\/lasentinelle.dz\/?s={search_term_string}"},"query-input":{"@type":"PropertyValueSpecification","valueRequired":true,"valueName":"search_term_string"}}],"inLanguage":"fr-FR"},{"@type":"Organization","@id":"https:\/\/lasentinelle.dz\/#organization","name":"Quotidien La Sentinelle","url":"https:\/\/lasentinelle.dz\/","logo":{"@type":"ImageObject","inLanguage":"fr-FR","@id":"https:\/\/lasentinelle.dz\/#\/schema\/logo\/image\/","url":"https:\/\/lasentinelle.dz\/wp-content\/uploads\/2021\/09\/logo-sentinelleSLOGAN-1.png","contentUrl":"https:\/\/lasentinelle.dz\/wp-content\/uploads\/2021\/09\/logo-sentinelleSLOGAN-1.png","width":615,"height":142,"caption":"Quotidien La Sentinelle"},"image":{"@id":"https:\/\/lasentinelle.dz\/#\/schema\/logo\/image\/"},"sameAs":["https:\/\/www.facebook.com\/La-Sentinelle-104059864394773"]},{"@type":"Person","@id":"https:\/\/lasentinelle.dz\/#\/schema\/person\/d865044e22e70a75174ce8bcad3acfb3","name":"La Sentinelle","image":{"@type":"ImageObject","inLanguage":"fr-FR","@id":"https:\/\/secure.gravatar.com\/avatar\/57de8e5d4b15d43fb361a71fbb36338450fe67865b528a43dd10ef7c51a20392?s=96&d=mm&r=g","url":"https:\/\/secure.gravatar.com\/avatar\/57de8e5d4b15d43fb361a71fbb36338450fe67865b528a43dd10ef7c51a20392?s=96&d=mm&r=g","contentUrl":"https:\/\/secure.gravatar.com\/avatar\/57de8e5d4b15d43fb361a71fbb36338450fe67865b528a43dd10ef7c51a20392?s=96&d=mm&r=g","caption":"La Sentinelle"},"sameAs":["http:\/\/www.lasentinelle.dz"],"url":"https:\/\/lasentinelle.dz\/author\/redaction\/"}]}},"_links":{"self":[{"href":"https:\/\/lasentinelle.dz\/index.php\/wp-json\/wp\/v2\/posts\/31492","targetHints":{"allow":["GET"]}}],"collection":[{"href":"https:\/\/lasentinelle.dz\/index.php\/wp-json\/wp\/v2\/posts"}],"about":[{"href":"https:\/\/lasentinelle.dz\/index.php\/wp-json\/wp\/v2\/types\/post"}],"author":[{"embeddable":true,"href":"https:\/\/lasentinelle.dz\/index.php\/wp-json\/wp\/v2\/users\/3"}],"replies":[{"embeddable":true,"href":"https:\/\/lasentinelle.dz\/index.php\/wp-json\/wp\/v2\/comments?post=31492"}],"version-history":[{"count":1,"href":"https:\/\/lasentinelle.dz\/index.php\/wp-json\/wp\/v2\/posts\/31492\/revisions"}],"predecessor-version":[{"id":31509,"href":"https:\/\/lasentinelle.dz\/index.php\/wp-json\/wp\/v2\/posts\/31492\/revisions\/31509"}],"wp:featuredmedia":[{"embeddable":true,"href":"https:\/\/lasentinelle.dz\/index.php\/wp-json\/wp\/v2\/media\/31507"}],"wp:attachment":[{"href":"https:\/\/lasentinelle.dz\/index.php\/wp-json\/wp\/v2\/media?parent=31492"}],"wp:term":[{"taxonomy":"category","embeddable":true,"href":"https:\/\/lasentinelle.dz\/index.php\/wp-json\/wp\/v2\/categories?post=31492"},{"taxonomy":"post_tag","embeddable":true,"href":"https:\/\/lasentinelle.dz\/index.php\/wp-json\/wp\/v2\/tags?post=31492"}],"curies":[{"name":"wp","href":"https:\/\/api.w.org\/{rel}","templated":true}]}}