{"id":31506,"date":"2022-11-26T22:15:00","date_gmt":"2022-11-26T21:15:00","guid":{"rendered":"https:\/\/lasentinelle.dz\/?p=31506"},"modified":"2022-11-26T20:26:11","modified_gmt":"2022-11-26T19:26:11","slug":"statut-particulier-des-personnels-de-leducation-nationale-satisfecit-en-attendant-la-mouture-finale","status":"publish","type":"post","link":"https:\/\/lasentinelle.dz\/index.php\/2022\/11\/26\/statut-particulier-des-personnels-de-leducation-nationale-satisfecit-en-attendant-la-mouture-finale\/","title":{"rendered":"Statut particulier des personnels de l&rsquo;\u00e9ducation nationale\u00a0: Satisfecit en attendant la mouture finale"},"content":{"rendered":"\n<p>La mouture du statut particulier des fonctionnaires des corps sp\u00e9cifiques de l&rsquo;\u00e9ducation nationale a \u00e9t\u00e9 pr\u00e9sent\u00e9e, hier, aux syndicats du secteur, lors d&rsquo;une rencontre organis\u00e9e par le minist\u00e8re de l&rsquo;Education nationale.<\/p>\n\n\n\n<p>Selon les premiers \u00e9chos, les repr\u00e9sentants des travailleurs pr\u00e9sents au rendez-vous semblent \u00e0 priori satisfaits par rapport aux appr\u00e9hensions qu&rsquo;ils n&rsquo;ont cess\u00e9 d&rsquo;exprimer depuis un certain moment comme c&rsquo;est le cas pour ce qui est des superviseurs et adjoints de l\u2019\u00e9ducation.A cet effet, le charg\u00e9 de communication du Syndicat national des superviseurs et d\u2019adjoints de l\u2019\u00e9ducation (SNSAE), Abdelfatah Khirdja, a inform\u00e9, durant la journ\u00e9e, les membres de l&rsquo;organisation syndicale que nombre de leurs revendications ont \u00e9t\u00e9 prises en charge, \u00e0 l&rsquo;image de \u00ab\u00a0l&rsquo;int\u00e9gration des adjoints principaux au grade de superviseurs\u00a0\u00bb ou bien \u00ab\u00a0la cr\u00e9ation du nouveau grade de superviseur principal\u00a0\u00bb portant \u00e0 la hausse le nombre de \u00ab\u00a0grades\u00a0\u00bb relatifs \u00e0 cette cat\u00e9gories de travailleurs du secteur de l&rsquo;\u00e9ducation. Toutefois, l&rsquo;avant-projet en question n&rsquo;est pas encore finalis\u00e9. Des syndicalistes ont fait, hier, des remarques qui pourraient \u00e9ventuellement \u00eatre prises en compte dans la mouture finale. Si le SNSAE a \u00e9t\u00e9 le syndicat qui s&rsquo;est exprim\u00e9 le plus sur cet avant-projet c&rsquo;est parce qu&rsquo;il consid\u00e8re que la cat\u00e9gorie qu&rsquo;il repr\u00e9sente, celle des superviseurs et adjoints de l&rsquo;\u00e9ducation, est \u00ab\u00a0l\u00e9s\u00e9e\u00a0\u00bb dans le statut en vigueur, qui date de 2008 et qui a \u00e9t\u00e9 amend\u00e9 en 2012. Par ailleurs, une responsable du Syndicat national des travailleurs de l&rsquo;\u00e9ducation (SNTE) a indiqu\u00e9, pour sa part, que la \u00ab\u00a0classification\u00a0\u00bb ne peut \u00eatre d\u00e9battue avant la r\u00e9forme des dispositions y aff\u00e9rentes du \u00ab\u00a0statut g\u00e9n\u00e9ral de la fonction publique\u00a0\u00bb, qui, faut-il le rappeler, a \u00e9t\u00e9 amend\u00e9 tout r\u00e9cemment. Dans tous les cas de figure, m\u00eame si ces syndicats expriment des satisfactions par rapport \u00e0 certains points, ils pr\u00e9f\u00e8rent \u00ab\u00a0rester prudent\u00a0\u00bb avant la finalisation du texte.<\/p>\n\n\n\n<p><strong>Promulgation avant la fin de l\u2019ann\u00e9e<\/strong><\/p>\n\n\n\n<p>Attendu depuis plusieurs mois, le nouveau statut particulier des fonctionnaires des corps sp\u00e9cifiques de l&rsquo;\u00e9ducation nationale devra, n\u00e9anmoins, \u00eatre promulgu\u00e9 avant la fin de l&rsquo;ann\u00e9e. Jeudi dernier, le ministre de l&rsquo;\u00c9ducation nationale, Abdelhakim Belabed, avait tenu \u00e0 rappeler que le d\u00e9partement qu&rsquo;il dirige avait organis\u00e9 pas moins de 34 rencontres avec les syndicats au sujet de ce texte. C&rsquo;est en octobre 2021 qu&rsquo; \u00ab\u00a0une commission mixte charg\u00e9e de l\u2019examen du projet de statut particulier\u00a0\u00bb a \u00e9t\u00e9 mise en place, suite aux instructions formul\u00e9es par le pr\u00e9sident de la R\u00e9publique, Abdelmadjid Tebboune, relative \u00e0 la n\u00e9cessit\u00e9 d&rsquo;amender ce texte. Les syndicats ont \u00e9t\u00e9 convi\u00e9s \u00e0 l&rsquo;int\u00e9grer au mois de f\u00e9vrier dernier. Le minist\u00e8re de l&rsquo;\u00e9ducation a donc voulu prendre le temps qu&rsquo;il faut, et en consultant les concern\u00e9s, avant de proposer un nouveau statut. Certaines organisations syndicales, dont le SNSAE justement ont, entre temps, exprim\u00e9 des critiques, notamment pour ce qui est de la non-prise en charge par la commission de leurs remarques. Aujourd&rsquo;hui, il semble que ce n&rsquo;est plus le cas. D&rsquo;autres syndicats, comme le CLA (Conseil des lyc\u00e9es d&rsquo;Alg\u00e9rie) ou le SATEF (syndicat autonome des travailleurs de l&rsquo;\u00e9ducation et de la formation) avaient d\u00e9cid\u00e9 de ne pas prendre part aux r\u00e9unions de la commission. Le secr\u00e9taire g\u00e9n\u00e9ral du SATEF, Boualem Amoura, avait fait remarquer que la r\u00e9vision du statut particulier des travailleurs de l&rsquo;\u00e9ducation sans celui de la fonction publique, \u00ab\u00a0qui chapeaute tous les statuts de tous les secteurs\u00a0\u00bb, a-t-il pr\u00e9cis\u00e9, \u00ab\u00a0ne va pas pouvoir changer grand-chose\u00a0\u00bb. En somme, c&rsquo;est quelques organisations syndicales, repr\u00e9sentants des cat\u00e9gories bien pr\u00e9cises, et qui ont jug\u00e9 que le texte en vigueur les a l\u00e9s\u00e9s, qui ont tent\u00e9 de peser sur les d\u00e9bats au sein de la commission.<\/p>\n\n\n\n<p>Jeudi dernier, le ministre de l&rsquo;Education nationale avait affirm\u00e9 que ce nouveau statut \u00ab\u00a0donnerait pour chaque employ\u00e9 du secteur la place qui lui sied\u00a0\u00bb. L&rsquo;importance du texte r\u00e9side dans le fait qu&rsquo;il fixe, entre autres, les conditions de recrutement et de promotion des travailleurs du secteur de l&rsquo;\u00e9ducation.<\/p>\n\n\n\n<p><strong>Elyas Nour<\/strong><\/p>\n","protected":false},"excerpt":{"rendered":"<p>La mouture du statut particulier des fonctionnaires des corps sp\u00e9cifiques de l&rsquo;\u00e9ducation nationale a \u00e9t\u00e9 pr\u00e9sent\u00e9e, hier, aux syndicats du<\/p>\n","protected":false},"author":3,"featured_media":31512,"comment_status":"open","ping_status":"closed","sticky":false,"template":"","format":"standard","meta":{"colormag_page_container_layout":"default_layout","colormag_page_sidebar_layout":"default_layout","om_disable_all_campaigns":false,"_monsterinsights_skip_tracking":false,"_monsterinsights_sitenote_active":false,"_monsterinsights_sitenote_note":"","_monsterinsights_sitenote_category":0,"footnotes":"","_wpscppro_dont_share_socialmedia":false,"_wpscppro_custom_social_share_image":0,"_facebook_share_type":"","_twitter_share_type":"","_linkedin_share_type":"","_pinterest_share_type":"","_linkedin_share_type_page":"","_instagram_share_type":"","_medium_share_type":"","_threads_share_type":"","_google_business_share_type":"","_selected_social_profile":[],"_wpsp_enable_custom_social_template":false,"_wpsp_social_scheduling":{"enabled":false,"datetime":null,"platforms":[],"status":"template_only","dateOption":"today","timeOption":"now","customDays":"","customHours":"","customDate":"","customTime":"","schedulingType":"absolute"},"_wpsp_active_default_template":true},"categories":[52,27],"tags":[],"class_list":["post-31506","post","type-post","status-publish","format-standard","has-post-thumbnail","hentry","category-a-la-une","category-actualite"],"aioseo_notices":[],"yoast_head":"<!-- This site is optimized with the Yoast SEO plugin v27.5 - https:\/\/yoast.com\/product\/yoast-seo-wordpress\/ -->\n<title>Statut particulier des personnels de l&rsquo;\u00e9ducation nationale\u00a0: Satisfecit en attendant la mouture finale - La Sentinelle<\/title>\n<meta name=\"robots\" content=\"index, follow, max-snippet:-1, max-image-preview:large, max-video-preview:-1\" \/>\n<link rel=\"canonical\" href=\"https:\/\/lasentinelle.dz\/index.php\/2022\/11\/26\/statut-particulier-des-personnels-de-leducation-nationale-satisfecit-en-attendant-la-mouture-finale\/\" \/>\n<meta property=\"og:locale\" content=\"fr_FR\" \/>\n<meta property=\"og:type\" content=\"article\" \/>\n<meta property=\"og:title\" content=\"Statut particulier des personnels de l&rsquo;\u00e9ducation nationale\u00a0: Satisfecit en attendant la mouture finale - La Sentinelle\" \/>\n<meta property=\"og:description\" content=\"La mouture du statut particulier des fonctionnaires des corps sp\u00e9cifiques de l&rsquo;\u00e9ducation nationale a \u00e9t\u00e9 pr\u00e9sent\u00e9e, hier, aux syndicats du\" \/>\n<meta property=\"og:url\" content=\"https:\/\/lasentinelle.dz\/index.php\/2022\/11\/26\/statut-particulier-des-personnels-de-leducation-nationale-satisfecit-en-attendant-la-mouture-finale\/\" \/>\n<meta property=\"og:site_name\" content=\"La Sentinelle\" \/>\n<meta property=\"article:publisher\" content=\"https:\/\/www.facebook.com\/La-Sentinelle-104059864394773\" \/>\n<meta property=\"article:published_time\" content=\"2022-11-26T21:15:00+00:00\" \/>\n<meta property=\"og:image\" content=\"https:\/\/lasentinelle.dz\/wp-content\/uploads\/2022\/11\/MEN-1.png\" \/>\n\t<meta property=\"og:image:width\" content=\"1491\" \/>\n\t<meta property=\"og:image:height\" content=\"900\" \/>\n\t<meta property=\"og:image:type\" content=\"image\/png\" \/>\n<meta name=\"author\" content=\"La Sentinelle\" \/>\n<meta name=\"twitter:card\" content=\"summary_large_image\" \/>\n<meta name=\"twitter:label1\" content=\"\u00c9crit par\" \/>\n\t<meta name=\"twitter:data1\" content=\"La Sentinelle\" \/>\n\t<meta name=\"twitter:label2\" content=\"Dur\u00e9e de lecture estim\u00e9e\" \/>\n\t<meta name=\"twitter:data2\" content=\"4 minutes\" \/>\n<script type=\"application\/ld+json\" class=\"yoast-schema-graph\">{\"@context\":\"https:\\\/\\\/schema.org\",\"@graph\":[{\"@type\":\"Article\",\"@id\":\"https:\\\/\\\/lasentinelle.dz\\\/index.php\\\/2022\\\/11\\\/26\\\/statut-particulier-des-personnels-de-leducation-nationale-satisfecit-en-attendant-la-mouture-finale\\\/#article\",\"isPartOf\":{\"@id\":\"https:\\\/\\\/lasentinelle.dz\\\/index.php\\\/2022\\\/11\\\/26\\\/statut-particulier-des-personnels-de-leducation-nationale-satisfecit-en-attendant-la-mouture-finale\\\/\"},\"author\":{\"name\":\"La Sentinelle\",\"@id\":\"https:\\\/\\\/lasentinelle.dz\\\/#\\\/schema\\\/person\\\/d865044e22e70a75174ce8bcad3acfb3\"},\"headline\":\"Statut particulier des personnels de l&rsquo;\u00e9ducation nationale\u00a0: Satisfecit en attendant la mouture finale\",\"datePublished\":\"2022-11-26T21:15:00+00:00\",\"mainEntityOfPage\":{\"@id\":\"https:\\\/\\\/lasentinelle.dz\\\/index.php\\\/2022\\\/11\\\/26\\\/statut-particulier-des-personnels-de-leducation-nationale-satisfecit-en-attendant-la-mouture-finale\\\/\"},\"wordCount\":743,\"commentCount\":0,\"publisher\":{\"@id\":\"https:\\\/\\\/lasentinelle.dz\\\/#organization\"},\"image\":{\"@id\":\"https:\\\/\\\/lasentinelle.dz\\\/index.php\\\/2022\\\/11\\\/26\\\/statut-particulier-des-personnels-de-leducation-nationale-satisfecit-en-attendant-la-mouture-finale\\\/#primaryimage\"},\"thumbnailUrl\":\"https:\\\/\\\/lasentinelle.dz\\\/wp-content\\\/uploads\\\/2022\\\/11\\\/MEN-1.png\",\"articleSection\":[\"\u00c0 la Une\",\"Actualit\u00e9\"],\"inLanguage\":\"fr-FR\",\"potentialAction\":[{\"@type\":\"CommentAction\",\"name\":\"Comment\",\"target\":[\"https:\\\/\\\/lasentinelle.dz\\\/index.php\\\/2022\\\/11\\\/26\\\/statut-particulier-des-personnels-de-leducation-nationale-satisfecit-en-attendant-la-mouture-finale\\\/#respond\"]}]},{\"@type\":\"WebPage\",\"@id\":\"https:\\\/\\\/lasentinelle.dz\\\/index.php\\\/2022\\\/11\\\/26\\\/statut-particulier-des-personnels-de-leducation-nationale-satisfecit-en-attendant-la-mouture-finale\\\/\",\"url\":\"https:\\\/\\\/lasentinelle.dz\\\/index.php\\\/2022\\\/11\\\/26\\\/statut-particulier-des-personnels-de-leducation-nationale-satisfecit-en-attendant-la-mouture-finale\\\/\",\"name\":\"Statut particulier des personnels de l&rsquo;\u00e9ducation nationale\u00a0: Satisfecit en attendant la mouture finale - La Sentinelle\",\"isPartOf\":{\"@id\":\"https:\\\/\\\/lasentinelle.dz\\\/#website\"},\"primaryImageOfPage\":{\"@id\":\"https:\\\/\\\/lasentinelle.dz\\\/index.php\\\/2022\\\/11\\\/26\\\/statut-particulier-des-personnels-de-leducation-nationale-satisfecit-en-attendant-la-mouture-finale\\\/#primaryimage\"},\"image\":{\"@id\":\"https:\\\/\\\/lasentinelle.dz\\\/index.php\\\/2022\\\/11\\\/26\\\/statut-particulier-des-personnels-de-leducation-nationale-satisfecit-en-attendant-la-mouture-finale\\\/#primaryimage\"},\"thumbnailUrl\":\"https:\\\/\\\/lasentinelle.dz\\\/wp-content\\\/uploads\\\/2022\\\/11\\\/MEN-1.png\",\"datePublished\":\"2022-11-26T21:15:00+00:00\",\"breadcrumb\":{\"@id\":\"https:\\\/\\\/lasentinelle.dz\\\/index.php\\\/2022\\\/11\\\/26\\\/statut-particulier-des-personnels-de-leducation-nationale-satisfecit-en-attendant-la-mouture-finale\\\/#breadcrumb\"},\"inLanguage\":\"fr-FR\",\"potentialAction\":[{\"@type\":\"ReadAction\",\"target\":[\"https:\\\/\\\/lasentinelle.dz\\\/index.php\\\/2022\\\/11\\\/26\\\/statut-particulier-des-personnels-de-leducation-nationale-satisfecit-en-attendant-la-mouture-finale\\\/\"]}]},{\"@type\":\"ImageObject\",\"inLanguage\":\"fr-FR\",\"@id\":\"https:\\\/\\\/lasentinelle.dz\\\/index.php\\\/2022\\\/11\\\/26\\\/statut-particulier-des-personnels-de-leducation-nationale-satisfecit-en-attendant-la-mouture-finale\\\/#primaryimage\",\"url\":\"https:\\\/\\\/lasentinelle.dz\\\/wp-content\\\/uploads\\\/2022\\\/11\\\/MEN-1.png\",\"contentUrl\":\"https:\\\/\\\/lasentinelle.dz\\\/wp-content\\\/uploads\\\/2022\\\/11\\\/MEN-1.png\",\"width\":1491,\"height\":900},{\"@type\":\"BreadcrumbList\",\"@id\":\"https:\\\/\\\/lasentinelle.dz\\\/index.php\\\/2022\\\/11\\\/26\\\/statut-particulier-des-personnels-de-leducation-nationale-satisfecit-en-attendant-la-mouture-finale\\\/#breadcrumb\",\"itemListElement\":[{\"@type\":\"ListItem\",\"position\":1,\"name\":\"Accueil\",\"item\":\"https:\\\/\\\/lasentinelle.dz\\\/\"},{\"@type\":\"ListItem\",\"position\":2,\"name\":\"Statut particulier des personnels de l&rsquo;\u00e9ducation nationale\u00a0: Satisfecit en attendant la mouture finale\"}]},{\"@type\":\"WebSite\",\"@id\":\"https:\\\/\\\/lasentinelle.dz\\\/#website\",\"url\":\"https:\\\/\\\/lasentinelle.dz\\\/\",\"name\":\"La Sentinelle\",\"description\":\"Quotidien national d&#039;information\",\"publisher\":{\"@id\":\"https:\\\/\\\/lasentinelle.dz\\\/#organization\"},\"potentialAction\":[{\"@type\":\"SearchAction\",\"target\":{\"@type\":\"EntryPoint\",\"urlTemplate\":\"https:\\\/\\\/lasentinelle.dz\\\/?s={search_term_string}\"},\"query-input\":{\"@type\":\"PropertyValueSpecification\",\"valueRequired\":true,\"valueName\":\"search_term_string\"}}],\"inLanguage\":\"fr-FR\"},{\"@type\":\"Organization\",\"@id\":\"https:\\\/\\\/lasentinelle.dz\\\/#organization\",\"name\":\"Quotidien La Sentinelle\",\"url\":\"https:\\\/\\\/lasentinelle.dz\\\/\",\"logo\":{\"@type\":\"ImageObject\",\"inLanguage\":\"fr-FR\",\"@id\":\"https:\\\/\\\/lasentinelle.dz\\\/#\\\/schema\\\/logo\\\/image\\\/\",\"url\":\"https:\\\/\\\/lasentinelle.dz\\\/wp-content\\\/uploads\\\/2021\\\/09\\\/logo-sentinelleSLOGAN-1.png\",\"contentUrl\":\"https:\\\/\\\/lasentinelle.dz\\\/wp-content\\\/uploads\\\/2021\\\/09\\\/logo-sentinelleSLOGAN-1.png\",\"width\":615,\"height\":142,\"caption\":\"Quotidien La Sentinelle\"},\"image\":{\"@id\":\"https:\\\/\\\/lasentinelle.dz\\\/#\\\/schema\\\/logo\\\/image\\\/\"},\"sameAs\":[\"https:\\\/\\\/www.facebook.com\\\/La-Sentinelle-104059864394773\"]},{\"@type\":\"Person\",\"@id\":\"https:\\\/\\\/lasentinelle.dz\\\/#\\\/schema\\\/person\\\/d865044e22e70a75174ce8bcad3acfb3\",\"name\":\"La Sentinelle\",\"image\":{\"@type\":\"ImageObject\",\"inLanguage\":\"fr-FR\",\"@id\":\"https:\\\/\\\/secure.gravatar.com\\\/avatar\\\/57de8e5d4b15d43fb361a71fbb36338450fe67865b528a43dd10ef7c51a20392?s=96&d=mm&r=g\",\"url\":\"https:\\\/\\\/secure.gravatar.com\\\/avatar\\\/57de8e5d4b15d43fb361a71fbb36338450fe67865b528a43dd10ef7c51a20392?s=96&d=mm&r=g\",\"contentUrl\":\"https:\\\/\\\/secure.gravatar.com\\\/avatar\\\/57de8e5d4b15d43fb361a71fbb36338450fe67865b528a43dd10ef7c51a20392?s=96&d=mm&r=g\",\"caption\":\"La Sentinelle\"},\"sameAs\":[\"http:\\\/\\\/www.lasentinelle.dz\"],\"url\":\"https:\\\/\\\/lasentinelle.dz\\\/author\\\/redaction\\\/\"}]}<\/script>\n<!-- \/ Yoast SEO plugin. -->","yoast_head_json":{"title":"Statut particulier des personnels de l&rsquo;\u00e9ducation nationale\u00a0: Satisfecit en attendant la mouture finale - La Sentinelle","robots":{"index":"index","follow":"follow","max-snippet":"max-snippet:-1","max-image-preview":"max-image-preview:large","max-video-preview":"max-video-preview:-1"},"canonical":"https:\/\/lasentinelle.dz\/index.php\/2022\/11\/26\/statut-particulier-des-personnels-de-leducation-nationale-satisfecit-en-attendant-la-mouture-finale\/","og_locale":"fr_FR","og_type":"article","og_title":"Statut particulier des personnels de l&rsquo;\u00e9ducation nationale\u00a0: Satisfecit en attendant la mouture finale - La Sentinelle","og_description":"La mouture du statut particulier des fonctionnaires des corps sp\u00e9cifiques de l&rsquo;\u00e9ducation nationale a \u00e9t\u00e9 pr\u00e9sent\u00e9e, hier, aux syndicats du","og_url":"https:\/\/lasentinelle.dz\/index.php\/2022\/11\/26\/statut-particulier-des-personnels-de-leducation-nationale-satisfecit-en-attendant-la-mouture-finale\/","og_site_name":"La Sentinelle","article_publisher":"https:\/\/www.facebook.com\/La-Sentinelle-104059864394773","article_published_time":"2022-11-26T21:15:00+00:00","og_image":[{"width":1491,"height":900,"url":"https:\/\/lasentinelle.dz\/wp-content\/uploads\/2022\/11\/MEN-1.png","type":"image\/png"}],"author":"La Sentinelle","twitter_card":"summary_large_image","twitter_misc":{"\u00c9crit par":"La Sentinelle","Dur\u00e9e de lecture estim\u00e9e":"4 minutes"},"schema":{"@context":"https:\/\/schema.org","@graph":[{"@type":"Article","@id":"https:\/\/lasentinelle.dz\/index.php\/2022\/11\/26\/statut-particulier-des-personnels-de-leducation-nationale-satisfecit-en-attendant-la-mouture-finale\/#article","isPartOf":{"@id":"https:\/\/lasentinelle.dz\/index.php\/2022\/11\/26\/statut-particulier-des-personnels-de-leducation-nationale-satisfecit-en-attendant-la-mouture-finale\/"},"author":{"name":"La Sentinelle","@id":"https:\/\/lasentinelle.dz\/#\/schema\/person\/d865044e22e70a75174ce8bcad3acfb3"},"headline":"Statut particulier des personnels de l&rsquo;\u00e9ducation nationale\u00a0: Satisfecit en attendant la mouture finale","datePublished":"2022-11-26T21:15:00+00:00","mainEntityOfPage":{"@id":"https:\/\/lasentinelle.dz\/index.php\/2022\/11\/26\/statut-particulier-des-personnels-de-leducation-nationale-satisfecit-en-attendant-la-mouture-finale\/"},"wordCount":743,"commentCount":0,"publisher":{"@id":"https:\/\/lasentinelle.dz\/#organization"},"image":{"@id":"https:\/\/lasentinelle.dz\/index.php\/2022\/11\/26\/statut-particulier-des-personnels-de-leducation-nationale-satisfecit-en-attendant-la-mouture-finale\/#primaryimage"},"thumbnailUrl":"https:\/\/lasentinelle.dz\/wp-content\/uploads\/2022\/11\/MEN-1.png","articleSection":["\u00c0 la Une","Actualit\u00e9"],"inLanguage":"fr-FR","potentialAction":[{"@type":"CommentAction","name":"Comment","target":["https:\/\/lasentinelle.dz\/index.php\/2022\/11\/26\/statut-particulier-des-personnels-de-leducation-nationale-satisfecit-en-attendant-la-mouture-finale\/#respond"]}]},{"@type":"WebPage","@id":"https:\/\/lasentinelle.dz\/index.php\/2022\/11\/26\/statut-particulier-des-personnels-de-leducation-nationale-satisfecit-en-attendant-la-mouture-finale\/","url":"https:\/\/lasentinelle.dz\/index.php\/2022\/11\/26\/statut-particulier-des-personnels-de-leducation-nationale-satisfecit-en-attendant-la-mouture-finale\/","name":"Statut particulier des personnels de l&rsquo;\u00e9ducation nationale\u00a0: Satisfecit en attendant la mouture finale - La Sentinelle","isPartOf":{"@id":"https:\/\/lasentinelle.dz\/#website"},"primaryImageOfPage":{"@id":"https:\/\/lasentinelle.dz\/index.php\/2022\/11\/26\/statut-particulier-des-personnels-de-leducation-nationale-satisfecit-en-attendant-la-mouture-finale\/#primaryimage"},"image":{"@id":"https:\/\/lasentinelle.dz\/index.php\/2022\/11\/26\/statut-particulier-des-personnels-de-leducation-nationale-satisfecit-en-attendant-la-mouture-finale\/#primaryimage"},"thumbnailUrl":"https:\/\/lasentinelle.dz\/wp-content\/uploads\/2022\/11\/MEN-1.png","datePublished":"2022-11-26T21:15:00+00:00","breadcrumb":{"@id":"https:\/\/lasentinelle.dz\/index.php\/2022\/11\/26\/statut-particulier-des-personnels-de-leducation-nationale-satisfecit-en-attendant-la-mouture-finale\/#breadcrumb"},"inLanguage":"fr-FR","potentialAction":[{"@type":"ReadAction","target":["https:\/\/lasentinelle.dz\/index.php\/2022\/11\/26\/statut-particulier-des-personnels-de-leducation-nationale-satisfecit-en-attendant-la-mouture-finale\/"]}]},{"@type":"ImageObject","inLanguage":"fr-FR","@id":"https:\/\/lasentinelle.dz\/index.php\/2022\/11\/26\/statut-particulier-des-personnels-de-leducation-nationale-satisfecit-en-attendant-la-mouture-finale\/#primaryimage","url":"https:\/\/lasentinelle.dz\/wp-content\/uploads\/2022\/11\/MEN-1.png","contentUrl":"https:\/\/lasentinelle.dz\/wp-content\/uploads\/2022\/11\/MEN-1.png","width":1491,"height":900},{"@type":"BreadcrumbList","@id":"https:\/\/lasentinelle.dz\/index.php\/2022\/11\/26\/statut-particulier-des-personnels-de-leducation-nationale-satisfecit-en-attendant-la-mouture-finale\/#breadcrumb","itemListElement":[{"@type":"ListItem","position":1,"name":"Accueil","item":"https:\/\/lasentinelle.dz\/"},{"@type":"ListItem","position":2,"name":"Statut particulier des personnels de l&rsquo;\u00e9ducation nationale\u00a0: Satisfecit en attendant la mouture finale"}]},{"@type":"WebSite","@id":"https:\/\/lasentinelle.dz\/#website","url":"https:\/\/lasentinelle.dz\/","name":"La Sentinelle","description":"Quotidien national d&#039;information","publisher":{"@id":"https:\/\/lasentinelle.dz\/#organization"},"potentialAction":[{"@type":"SearchAction","target":{"@type":"EntryPoint","urlTemplate":"https:\/\/lasentinelle.dz\/?s={search_term_string}"},"query-input":{"@type":"PropertyValueSpecification","valueRequired":true,"valueName":"search_term_string"}}],"inLanguage":"fr-FR"},{"@type":"Organization","@id":"https:\/\/lasentinelle.dz\/#organization","name":"Quotidien La Sentinelle","url":"https:\/\/lasentinelle.dz\/","logo":{"@type":"ImageObject","inLanguage":"fr-FR","@id":"https:\/\/lasentinelle.dz\/#\/schema\/logo\/image\/","url":"https:\/\/lasentinelle.dz\/wp-content\/uploads\/2021\/09\/logo-sentinelleSLOGAN-1.png","contentUrl":"https:\/\/lasentinelle.dz\/wp-content\/uploads\/2021\/09\/logo-sentinelleSLOGAN-1.png","width":615,"height":142,"caption":"Quotidien La Sentinelle"},"image":{"@id":"https:\/\/lasentinelle.dz\/#\/schema\/logo\/image\/"},"sameAs":["https:\/\/www.facebook.com\/La-Sentinelle-104059864394773"]},{"@type":"Person","@id":"https:\/\/lasentinelle.dz\/#\/schema\/person\/d865044e22e70a75174ce8bcad3acfb3","name":"La Sentinelle","image":{"@type":"ImageObject","inLanguage":"fr-FR","@id":"https:\/\/secure.gravatar.com\/avatar\/57de8e5d4b15d43fb361a71fbb36338450fe67865b528a43dd10ef7c51a20392?s=96&d=mm&r=g","url":"https:\/\/secure.gravatar.com\/avatar\/57de8e5d4b15d43fb361a71fbb36338450fe67865b528a43dd10ef7c51a20392?s=96&d=mm&r=g","contentUrl":"https:\/\/secure.gravatar.com\/avatar\/57de8e5d4b15d43fb361a71fbb36338450fe67865b528a43dd10ef7c51a20392?s=96&d=mm&r=g","caption":"La Sentinelle"},"sameAs":["http:\/\/www.lasentinelle.dz"],"url":"https:\/\/lasentinelle.dz\/author\/redaction\/"}]}},"_links":{"self":[{"href":"https:\/\/lasentinelle.dz\/index.php\/wp-json\/wp\/v2\/posts\/31506","targetHints":{"allow":["GET"]}}],"collection":[{"href":"https:\/\/lasentinelle.dz\/index.php\/wp-json\/wp\/v2\/posts"}],"about":[{"href":"https:\/\/lasentinelle.dz\/index.php\/wp-json\/wp\/v2\/types\/post"}],"author":[{"embeddable":true,"href":"https:\/\/lasentinelle.dz\/index.php\/wp-json\/wp\/v2\/users\/3"}],"replies":[{"embeddable":true,"href":"https:\/\/lasentinelle.dz\/index.php\/wp-json\/wp\/v2\/comments?post=31506"}],"version-history":[{"count":1,"href":"https:\/\/lasentinelle.dz\/index.php\/wp-json\/wp\/v2\/posts\/31506\/revisions"}],"predecessor-version":[{"id":31514,"href":"https:\/\/lasentinelle.dz\/index.php\/wp-json\/wp\/v2\/posts\/31506\/revisions\/31514"}],"wp:featuredmedia":[{"embeddable":true,"href":"https:\/\/lasentinelle.dz\/index.php\/wp-json\/wp\/v2\/media\/31512"}],"wp:attachment":[{"href":"https:\/\/lasentinelle.dz\/index.php\/wp-json\/wp\/v2\/media?parent=31506"}],"wp:term":[{"taxonomy":"category","embeddable":true,"href":"https:\/\/lasentinelle.dz\/index.php\/wp-json\/wp\/v2\/categories?post=31506"},{"taxonomy":"post_tag","embeddable":true,"href":"https:\/\/lasentinelle.dz\/index.php\/wp-json\/wp\/v2\/tags?post=31506"}],"curies":[{"name":"wp","href":"https:\/\/api.w.org\/{rel}","templated":true}]}}