{"id":31546,"date":"2022-11-27T22:00:00","date_gmt":"2022-11-27T21:00:00","guid":{"rendered":"https:\/\/lasentinelle.dz\/?p=31546"},"modified":"2022-11-27T16:21:11","modified_gmt":"2022-11-27T15:21:11","slug":"chine-les-protestations-se-multiplient-contre-la-politique-de-zero-covid","status":"publish","type":"post","link":"https:\/\/lasentinelle.dz\/index.php\/2022\/11\/27\/chine-les-protestations-se-multiplient-contre-la-politique-de-zero-covid\/","title":{"rendered":"Chine\u00a0: Les protestations se multiplient contre la politique de \u00abz\u00e9ro Covid\u00bb"},"content":{"rendered":"\n<p>Des protestations contre les confinements ont \u00e9clat\u00e9 hier \u00e0 l&rsquo;aube \u00e0 Shanghai, alors que la col\u00e8re monte en Chine contre la politique draconienne de \u00abz\u00e9ro Covid\u00bb pratiqu\u00e9e par le gouvernement depuis pr\u00e8s de trois ans. Des centaines de personnes ont manifest\u00e9 en silence dans le centre de Shanghai, brandissant des fleurs blanches et des feuilles de papier blanc \u00e0 plusieurs intersections, avant d&rsquo;\u00eatre dispers\u00e9es par la police. Une autre protestation avait d\u00e9j\u00e0 eu lieu la nuit pr\u00e9c\u00e9dente non loin de l\u00e0. La premi\u00e8re protestation s&rsquo;est d\u00e9roul\u00e9e hier \u00e0 l&rsquo;aube dans la rue Wulumuqi &#8211; le nom en mandarin de la ville d&rsquo;Urumqi dans le Xinjiang (ouest) o\u00f9 dix personnes ont p\u00e9ri dans un incendie jeudi. De nombreux posts circulant sur les r\u00e9seaux sociaux en Chine accusent les mesures anti-Covid d&rsquo;avoir aggrav\u00e9 ce drame, de nombreuses voitures gar\u00e9es pour cause de confinement dans l&rsquo;\u00e9troite ruelle menant \u00e0 l&rsquo;immeuble en flammes ayant entrav\u00e9 l&rsquo;arriv\u00e9e des secours. Entre 200 et 300 \u00e9tudiants de la prestigieuse Universit\u00e9 Tsinghua \u00e0 P\u00e9kin ont \u00e9galement manifest\u00e9 hier sur leur campus, selon la presse occidentale et des images publi\u00e9es sur les r\u00e9seaux sociaux. Sur internet, des vid\u00e9os montraient une foule devant la cantine de l&rsquo;universit\u00e9, r\u00e9unie autour d&rsquo;un orateur qui criait : \u00abCe n&rsquo;est pas une vie normale, nous en avons assez. Nos vies n&rsquo;\u00e9taient pas comme \u00e7a avant !\u00bb&nbsp; Des protestations sporadiques et parfois violentes ont d\u00e9j\u00e0 eu lieu \u00e0 travers le pays ces derniers jours, notamment dans la plus grande usine d&rsquo;iPhone du monde situ\u00e9e \u00e0 Zhengzhou (centre), ainsi qu&rsquo;\u00e0 Urumqi apr\u00e8s l&rsquo;incendie. Malgr\u00e9 plusieurs vaccins \u00e0 disposition, et \u00e0 rebours du reste du monde, la Chine continue d&rsquo;imposer des confinements massifs d\u00e8s l&rsquo;apparition du moindre cas, \u00e0 placer en quarantaine dans des centres les personnes test\u00e9es positives, et \u00e0 exiger des tests PCR quasi-quotidiens pour l&rsquo;acc\u00e8s aux lieux publics. La lassitude est grande apr\u00e8s presque trois ans de restrictions drastiques. Et un certain nombre de cas tr\u00e8s m\u00e9diatis\u00e9s dans lesquels les services d\u2019urgence auraient \u00e9t\u00e9 ralentis par les restrictions sanitaires, avec des cons\u00e9quences fatales, ont attis\u00e9 le m\u00e9contentement de la population. La Chine a recens\u00e9 dimanche 39.506 cas de Covid, un record quotidien qui reste tr\u00e8s faible par rapport aux chiffres enregistr\u00e9s ailleurs dans le monde au plus fort de la pand\u00e9mie.<\/p>\n\n\n\n<p><strong>K.L. et agences<\/strong><\/p>\n","protected":false},"excerpt":{"rendered":"<p>Des protestations contre les confinements ont \u00e9clat\u00e9 hier \u00e0 l&rsquo;aube \u00e0 Shanghai, alors que la col\u00e8re monte en Chine contre<\/p>\n","protected":false},"author":3,"featured_media":31560,"comment_status":"open","ping_status":"closed","sticky":false,"template":"","format":"standard","meta":{"colormag_page_container_layout":"default_layout","colormag_page_sidebar_layout":"default_layout","om_disable_all_campaigns":false,"_monsterinsights_skip_tracking":false,"_monsterinsights_sitenote_active":false,"_monsterinsights_sitenote_note":"","_monsterinsights_sitenote_category":0,"footnotes":"","_wpscppro_dont_share_socialmedia":false,"_wpscppro_custom_social_share_image":0,"_facebook_share_type":"","_twitter_share_type":"","_linkedin_share_type":"","_pinterest_share_type":"","_linkedin_share_type_page":"","_instagram_share_type":"","_medium_share_type":"","_threads_share_type":"","_google_business_share_type":"","_selected_social_profile":[],"_wpsp_enable_custom_social_template":false,"_wpsp_social_scheduling":{"enabled":false,"datetime":null,"platforms":[],"status":"template_only","dateOption":"today","timeOption":"now","customDays":"","customHours":"","customDate":"","customTime":"","schedulingType":"absolute"},"_wpsp_active_default_template":true},"categories":[37],"tags":[],"class_list":["post-31546","post","type-post","status-publish","format-standard","has-post-thumbnail","hentry","category-monde"],"aioseo_notices":[],"yoast_head":"<!-- This site is optimized with the Yoast SEO plugin v27.5 - https:\/\/yoast.com\/product\/yoast-seo-wordpress\/ -->\n<title>Chine\u00a0: Les protestations se multiplient contre la politique de \u00abz\u00e9ro Covid\u00bb - La Sentinelle<\/title>\n<meta name=\"robots\" content=\"index, follow, max-snippet:-1, max-image-preview:large, max-video-preview:-1\" \/>\n<link rel=\"canonical\" href=\"https:\/\/lasentinelle.dz\/index.php\/2022\/11\/27\/chine-les-protestations-se-multiplient-contre-la-politique-de-zero-covid\/\" \/>\n<meta property=\"og:locale\" content=\"fr_FR\" \/>\n<meta property=\"og:type\" content=\"article\" \/>\n<meta property=\"og:title\" content=\"Chine\u00a0: Les protestations se multiplient contre la politique de \u00abz\u00e9ro Covid\u00bb - La Sentinelle\" \/>\n<meta property=\"og:description\" content=\"Des protestations contre les confinements ont \u00e9clat\u00e9 hier \u00e0 l&rsquo;aube \u00e0 Shanghai, alors que la col\u00e8re monte en Chine contre\" \/>\n<meta property=\"og:url\" content=\"https:\/\/lasentinelle.dz\/index.php\/2022\/11\/27\/chine-les-protestations-se-multiplient-contre-la-politique-de-zero-covid\/\" \/>\n<meta property=\"og:site_name\" content=\"La Sentinelle\" \/>\n<meta property=\"article:publisher\" content=\"https:\/\/www.facebook.com\/La-Sentinelle-104059864394773\" \/>\n<meta property=\"article:published_time\" content=\"2022-11-27T21:00:00+00:00\" \/>\n<meta property=\"og:image\" content=\"https:\/\/lasentinelle.dz\/wp-content\/uploads\/2022\/11\/image_2022-11-27_162020205.png\" \/>\n\t<meta property=\"og:image:width\" content=\"640\" \/>\n\t<meta property=\"og:image:height\" content=\"358\" \/>\n\t<meta property=\"og:image:type\" content=\"image\/png\" \/>\n<meta name=\"author\" content=\"La Sentinelle\" \/>\n<meta name=\"twitter:card\" content=\"summary_large_image\" \/>\n<meta name=\"twitter:label1\" content=\"\u00c9crit par\" \/>\n\t<meta name=\"twitter:data1\" content=\"La Sentinelle\" \/>\n\t<meta name=\"twitter:label2\" content=\"Dur\u00e9e de lecture estim\u00e9e\" \/>\n\t<meta name=\"twitter:data2\" content=\"2 minutes\" \/>\n<script type=\"application\/ld+json\" class=\"yoast-schema-graph\">{\"@context\":\"https:\\\/\\\/schema.org\",\"@graph\":[{\"@type\":\"Article\",\"@id\":\"https:\\\/\\\/lasentinelle.dz\\\/index.php\\\/2022\\\/11\\\/27\\\/chine-les-protestations-se-multiplient-contre-la-politique-de-zero-covid\\\/#article\",\"isPartOf\":{\"@id\":\"https:\\\/\\\/lasentinelle.dz\\\/index.php\\\/2022\\\/11\\\/27\\\/chine-les-protestations-se-multiplient-contre-la-politique-de-zero-covid\\\/\"},\"author\":{\"name\":\"La Sentinelle\",\"@id\":\"https:\\\/\\\/lasentinelle.dz\\\/#\\\/schema\\\/person\\\/d865044e22e70a75174ce8bcad3acfb3\"},\"headline\":\"Chine\u00a0: Les protestations se multiplient contre la politique de \u00abz\u00e9ro Covid\u00bb\",\"datePublished\":\"2022-11-27T21:00:00+00:00\",\"mainEntityOfPage\":{\"@id\":\"https:\\\/\\\/lasentinelle.dz\\\/index.php\\\/2022\\\/11\\\/27\\\/chine-les-protestations-se-multiplient-contre-la-politique-de-zero-covid\\\/\"},\"wordCount\":431,\"commentCount\":0,\"publisher\":{\"@id\":\"https:\\\/\\\/lasentinelle.dz\\\/#organization\"},\"image\":{\"@id\":\"https:\\\/\\\/lasentinelle.dz\\\/index.php\\\/2022\\\/11\\\/27\\\/chine-les-protestations-se-multiplient-contre-la-politique-de-zero-covid\\\/#primaryimage\"},\"thumbnailUrl\":\"https:\\\/\\\/lasentinelle.dz\\\/wp-content\\\/uploads\\\/2022\\\/11\\\/image_2022-11-27_162020205.png\",\"articleSection\":[\"Monde\"],\"inLanguage\":\"fr-FR\",\"potentialAction\":[{\"@type\":\"CommentAction\",\"name\":\"Comment\",\"target\":[\"https:\\\/\\\/lasentinelle.dz\\\/index.php\\\/2022\\\/11\\\/27\\\/chine-les-protestations-se-multiplient-contre-la-politique-de-zero-covid\\\/#respond\"]}]},{\"@type\":\"WebPage\",\"@id\":\"https:\\\/\\\/lasentinelle.dz\\\/index.php\\\/2022\\\/11\\\/27\\\/chine-les-protestations-se-multiplient-contre-la-politique-de-zero-covid\\\/\",\"url\":\"https:\\\/\\\/lasentinelle.dz\\\/index.php\\\/2022\\\/11\\\/27\\\/chine-les-protestations-se-multiplient-contre-la-politique-de-zero-covid\\\/\",\"name\":\"Chine\u00a0: Les protestations se multiplient contre la politique de \u00abz\u00e9ro Covid\u00bb - La Sentinelle\",\"isPartOf\":{\"@id\":\"https:\\\/\\\/lasentinelle.dz\\\/#website\"},\"primaryImageOfPage\":{\"@id\":\"https:\\\/\\\/lasentinelle.dz\\\/index.php\\\/2022\\\/11\\\/27\\\/chine-les-protestations-se-multiplient-contre-la-politique-de-zero-covid\\\/#primaryimage\"},\"image\":{\"@id\":\"https:\\\/\\\/lasentinelle.dz\\\/index.php\\\/2022\\\/11\\\/27\\\/chine-les-protestations-se-multiplient-contre-la-politique-de-zero-covid\\\/#primaryimage\"},\"thumbnailUrl\":\"https:\\\/\\\/lasentinelle.dz\\\/wp-content\\\/uploads\\\/2022\\\/11\\\/image_2022-11-27_162020205.png\",\"datePublished\":\"2022-11-27T21:00:00+00:00\",\"breadcrumb\":{\"@id\":\"https:\\\/\\\/lasentinelle.dz\\\/index.php\\\/2022\\\/11\\\/27\\\/chine-les-protestations-se-multiplient-contre-la-politique-de-zero-covid\\\/#breadcrumb\"},\"inLanguage\":\"fr-FR\",\"potentialAction\":[{\"@type\":\"ReadAction\",\"target\":[\"https:\\\/\\\/lasentinelle.dz\\\/index.php\\\/2022\\\/11\\\/27\\\/chine-les-protestations-se-multiplient-contre-la-politique-de-zero-covid\\\/\"]}]},{\"@type\":\"ImageObject\",\"inLanguage\":\"fr-FR\",\"@id\":\"https:\\\/\\\/lasentinelle.dz\\\/index.php\\\/2022\\\/11\\\/27\\\/chine-les-protestations-se-multiplient-contre-la-politique-de-zero-covid\\\/#primaryimage\",\"url\":\"https:\\\/\\\/lasentinelle.dz\\\/wp-content\\\/uploads\\\/2022\\\/11\\\/image_2022-11-27_162020205.png\",\"contentUrl\":\"https:\\\/\\\/lasentinelle.dz\\\/wp-content\\\/uploads\\\/2022\\\/11\\\/image_2022-11-27_162020205.png\",\"width\":640,\"height\":358},{\"@type\":\"BreadcrumbList\",\"@id\":\"https:\\\/\\\/lasentinelle.dz\\\/index.php\\\/2022\\\/11\\\/27\\\/chine-les-protestations-se-multiplient-contre-la-politique-de-zero-covid\\\/#breadcrumb\",\"itemListElement\":[{\"@type\":\"ListItem\",\"position\":1,\"name\":\"Accueil\",\"item\":\"https:\\\/\\\/lasentinelle.dz\\\/\"},{\"@type\":\"ListItem\",\"position\":2,\"name\":\"Chine\u00a0: Les protestations se multiplient contre la politique de \u00abz\u00e9ro Covid\u00bb\"}]},{\"@type\":\"WebSite\",\"@id\":\"https:\\\/\\\/lasentinelle.dz\\\/#website\",\"url\":\"https:\\\/\\\/lasentinelle.dz\\\/\",\"name\":\"La Sentinelle\",\"description\":\"Quotidien national d&#039;information\",\"publisher\":{\"@id\":\"https:\\\/\\\/lasentinelle.dz\\\/#organization\"},\"potentialAction\":[{\"@type\":\"SearchAction\",\"target\":{\"@type\":\"EntryPoint\",\"urlTemplate\":\"https:\\\/\\\/lasentinelle.dz\\\/?s={search_term_string}\"},\"query-input\":{\"@type\":\"PropertyValueSpecification\",\"valueRequired\":true,\"valueName\":\"search_term_string\"}}],\"inLanguage\":\"fr-FR\"},{\"@type\":\"Organization\",\"@id\":\"https:\\\/\\\/lasentinelle.dz\\\/#organization\",\"name\":\"Quotidien La Sentinelle\",\"url\":\"https:\\\/\\\/lasentinelle.dz\\\/\",\"logo\":{\"@type\":\"ImageObject\",\"inLanguage\":\"fr-FR\",\"@id\":\"https:\\\/\\\/lasentinelle.dz\\\/#\\\/schema\\\/logo\\\/image\\\/\",\"url\":\"https:\\\/\\\/lasentinelle.dz\\\/wp-content\\\/uploads\\\/2021\\\/09\\\/logo-sentinelleSLOGAN-1.png\",\"contentUrl\":\"https:\\\/\\\/lasentinelle.dz\\\/wp-content\\\/uploads\\\/2021\\\/09\\\/logo-sentinelleSLOGAN-1.png\",\"width\":615,\"height\":142,\"caption\":\"Quotidien La Sentinelle\"},\"image\":{\"@id\":\"https:\\\/\\\/lasentinelle.dz\\\/#\\\/schema\\\/logo\\\/image\\\/\"},\"sameAs\":[\"https:\\\/\\\/www.facebook.com\\\/La-Sentinelle-104059864394773\"]},{\"@type\":\"Person\",\"@id\":\"https:\\\/\\\/lasentinelle.dz\\\/#\\\/schema\\\/person\\\/d865044e22e70a75174ce8bcad3acfb3\",\"name\":\"La Sentinelle\",\"image\":{\"@type\":\"ImageObject\",\"inLanguage\":\"fr-FR\",\"@id\":\"https:\\\/\\\/secure.gravatar.com\\\/avatar\\\/57de8e5d4b15d43fb361a71fbb36338450fe67865b528a43dd10ef7c51a20392?s=96&d=mm&r=g\",\"url\":\"https:\\\/\\\/secure.gravatar.com\\\/avatar\\\/57de8e5d4b15d43fb361a71fbb36338450fe67865b528a43dd10ef7c51a20392?s=96&d=mm&r=g\",\"contentUrl\":\"https:\\\/\\\/secure.gravatar.com\\\/avatar\\\/57de8e5d4b15d43fb361a71fbb36338450fe67865b528a43dd10ef7c51a20392?s=96&d=mm&r=g\",\"caption\":\"La Sentinelle\"},\"sameAs\":[\"http:\\\/\\\/www.lasentinelle.dz\"],\"url\":\"https:\\\/\\\/lasentinelle.dz\\\/author\\\/redaction\\\/\"}]}<\/script>\n<!-- \/ Yoast SEO plugin. -->","yoast_head_json":{"title":"Chine\u00a0: Les protestations se multiplient contre la politique de \u00abz\u00e9ro Covid\u00bb - La Sentinelle","robots":{"index":"index","follow":"follow","max-snippet":"max-snippet:-1","max-image-preview":"max-image-preview:large","max-video-preview":"max-video-preview:-1"},"canonical":"https:\/\/lasentinelle.dz\/index.php\/2022\/11\/27\/chine-les-protestations-se-multiplient-contre-la-politique-de-zero-covid\/","og_locale":"fr_FR","og_type":"article","og_title":"Chine\u00a0: Les protestations se multiplient contre la politique de \u00abz\u00e9ro Covid\u00bb - La Sentinelle","og_description":"Des protestations contre les confinements ont \u00e9clat\u00e9 hier \u00e0 l&rsquo;aube \u00e0 Shanghai, alors que la col\u00e8re monte en Chine contre","og_url":"https:\/\/lasentinelle.dz\/index.php\/2022\/11\/27\/chine-les-protestations-se-multiplient-contre-la-politique-de-zero-covid\/","og_site_name":"La Sentinelle","article_publisher":"https:\/\/www.facebook.com\/La-Sentinelle-104059864394773","article_published_time":"2022-11-27T21:00:00+00:00","og_image":[{"width":640,"height":358,"url":"https:\/\/lasentinelle.dz\/wp-content\/uploads\/2022\/11\/image_2022-11-27_162020205.png","type":"image\/png"}],"author":"La Sentinelle","twitter_card":"summary_large_image","twitter_misc":{"\u00c9crit par":"La Sentinelle","Dur\u00e9e de lecture estim\u00e9e":"2 minutes"},"schema":{"@context":"https:\/\/schema.org","@graph":[{"@type":"Article","@id":"https:\/\/lasentinelle.dz\/index.php\/2022\/11\/27\/chine-les-protestations-se-multiplient-contre-la-politique-de-zero-covid\/#article","isPartOf":{"@id":"https:\/\/lasentinelle.dz\/index.php\/2022\/11\/27\/chine-les-protestations-se-multiplient-contre-la-politique-de-zero-covid\/"},"author":{"name":"La Sentinelle","@id":"https:\/\/lasentinelle.dz\/#\/schema\/person\/d865044e22e70a75174ce8bcad3acfb3"},"headline":"Chine\u00a0: Les protestations se multiplient contre la politique de \u00abz\u00e9ro Covid\u00bb","datePublished":"2022-11-27T21:00:00+00:00","mainEntityOfPage":{"@id":"https:\/\/lasentinelle.dz\/index.php\/2022\/11\/27\/chine-les-protestations-se-multiplient-contre-la-politique-de-zero-covid\/"},"wordCount":431,"commentCount":0,"publisher":{"@id":"https:\/\/lasentinelle.dz\/#organization"},"image":{"@id":"https:\/\/lasentinelle.dz\/index.php\/2022\/11\/27\/chine-les-protestations-se-multiplient-contre-la-politique-de-zero-covid\/#primaryimage"},"thumbnailUrl":"https:\/\/lasentinelle.dz\/wp-content\/uploads\/2022\/11\/image_2022-11-27_162020205.png","articleSection":["Monde"],"inLanguage":"fr-FR","potentialAction":[{"@type":"CommentAction","name":"Comment","target":["https:\/\/lasentinelle.dz\/index.php\/2022\/11\/27\/chine-les-protestations-se-multiplient-contre-la-politique-de-zero-covid\/#respond"]}]},{"@type":"WebPage","@id":"https:\/\/lasentinelle.dz\/index.php\/2022\/11\/27\/chine-les-protestations-se-multiplient-contre-la-politique-de-zero-covid\/","url":"https:\/\/lasentinelle.dz\/index.php\/2022\/11\/27\/chine-les-protestations-se-multiplient-contre-la-politique-de-zero-covid\/","name":"Chine\u00a0: Les protestations se multiplient contre la politique de \u00abz\u00e9ro Covid\u00bb - La Sentinelle","isPartOf":{"@id":"https:\/\/lasentinelle.dz\/#website"},"primaryImageOfPage":{"@id":"https:\/\/lasentinelle.dz\/index.php\/2022\/11\/27\/chine-les-protestations-se-multiplient-contre-la-politique-de-zero-covid\/#primaryimage"},"image":{"@id":"https:\/\/lasentinelle.dz\/index.php\/2022\/11\/27\/chine-les-protestations-se-multiplient-contre-la-politique-de-zero-covid\/#primaryimage"},"thumbnailUrl":"https:\/\/lasentinelle.dz\/wp-content\/uploads\/2022\/11\/image_2022-11-27_162020205.png","datePublished":"2022-11-27T21:00:00+00:00","breadcrumb":{"@id":"https:\/\/lasentinelle.dz\/index.php\/2022\/11\/27\/chine-les-protestations-se-multiplient-contre-la-politique-de-zero-covid\/#breadcrumb"},"inLanguage":"fr-FR","potentialAction":[{"@type":"ReadAction","target":["https:\/\/lasentinelle.dz\/index.php\/2022\/11\/27\/chine-les-protestations-se-multiplient-contre-la-politique-de-zero-covid\/"]}]},{"@type":"ImageObject","inLanguage":"fr-FR","@id":"https:\/\/lasentinelle.dz\/index.php\/2022\/11\/27\/chine-les-protestations-se-multiplient-contre-la-politique-de-zero-covid\/#primaryimage","url":"https:\/\/lasentinelle.dz\/wp-content\/uploads\/2022\/11\/image_2022-11-27_162020205.png","contentUrl":"https:\/\/lasentinelle.dz\/wp-content\/uploads\/2022\/11\/image_2022-11-27_162020205.png","width":640,"height":358},{"@type":"BreadcrumbList","@id":"https:\/\/lasentinelle.dz\/index.php\/2022\/11\/27\/chine-les-protestations-se-multiplient-contre-la-politique-de-zero-covid\/#breadcrumb","itemListElement":[{"@type":"ListItem","position":1,"name":"Accueil","item":"https:\/\/lasentinelle.dz\/"},{"@type":"ListItem","position":2,"name":"Chine\u00a0: Les protestations se multiplient contre la politique de \u00abz\u00e9ro Covid\u00bb"}]},{"@type":"WebSite","@id":"https:\/\/lasentinelle.dz\/#website","url":"https:\/\/lasentinelle.dz\/","name":"La Sentinelle","description":"Quotidien national d&#039;information","publisher":{"@id":"https:\/\/lasentinelle.dz\/#organization"},"potentialAction":[{"@type":"SearchAction","target":{"@type":"EntryPoint","urlTemplate":"https:\/\/lasentinelle.dz\/?s={search_term_string}"},"query-input":{"@type":"PropertyValueSpecification","valueRequired":true,"valueName":"search_term_string"}}],"inLanguage":"fr-FR"},{"@type":"Organization","@id":"https:\/\/lasentinelle.dz\/#organization","name":"Quotidien La Sentinelle","url":"https:\/\/lasentinelle.dz\/","logo":{"@type":"ImageObject","inLanguage":"fr-FR","@id":"https:\/\/lasentinelle.dz\/#\/schema\/logo\/image\/","url":"https:\/\/lasentinelle.dz\/wp-content\/uploads\/2021\/09\/logo-sentinelleSLOGAN-1.png","contentUrl":"https:\/\/lasentinelle.dz\/wp-content\/uploads\/2021\/09\/logo-sentinelleSLOGAN-1.png","width":615,"height":142,"caption":"Quotidien La Sentinelle"},"image":{"@id":"https:\/\/lasentinelle.dz\/#\/schema\/logo\/image\/"},"sameAs":["https:\/\/www.facebook.com\/La-Sentinelle-104059864394773"]},{"@type":"Person","@id":"https:\/\/lasentinelle.dz\/#\/schema\/person\/d865044e22e70a75174ce8bcad3acfb3","name":"La Sentinelle","image":{"@type":"ImageObject","inLanguage":"fr-FR","@id":"https:\/\/secure.gravatar.com\/avatar\/57de8e5d4b15d43fb361a71fbb36338450fe67865b528a43dd10ef7c51a20392?s=96&d=mm&r=g","url":"https:\/\/secure.gravatar.com\/avatar\/57de8e5d4b15d43fb361a71fbb36338450fe67865b528a43dd10ef7c51a20392?s=96&d=mm&r=g","contentUrl":"https:\/\/secure.gravatar.com\/avatar\/57de8e5d4b15d43fb361a71fbb36338450fe67865b528a43dd10ef7c51a20392?s=96&d=mm&r=g","caption":"La Sentinelle"},"sameAs":["http:\/\/www.lasentinelle.dz"],"url":"https:\/\/lasentinelle.dz\/author\/redaction\/"}]}},"_links":{"self":[{"href":"https:\/\/lasentinelle.dz\/index.php\/wp-json\/wp\/v2\/posts\/31546","targetHints":{"allow":["GET"]}}],"collection":[{"href":"https:\/\/lasentinelle.dz\/index.php\/wp-json\/wp\/v2\/posts"}],"about":[{"href":"https:\/\/lasentinelle.dz\/index.php\/wp-json\/wp\/v2\/types\/post"}],"author":[{"embeddable":true,"href":"https:\/\/lasentinelle.dz\/index.php\/wp-json\/wp\/v2\/users\/3"}],"replies":[{"embeddable":true,"href":"https:\/\/lasentinelle.dz\/index.php\/wp-json\/wp\/v2\/comments?post=31546"}],"version-history":[{"count":1,"href":"https:\/\/lasentinelle.dz\/index.php\/wp-json\/wp\/v2\/posts\/31546\/revisions"}],"predecessor-version":[{"id":31563,"href":"https:\/\/lasentinelle.dz\/index.php\/wp-json\/wp\/v2\/posts\/31546\/revisions\/31563"}],"wp:featuredmedia":[{"embeddable":true,"href":"https:\/\/lasentinelle.dz\/index.php\/wp-json\/wp\/v2\/media\/31560"}],"wp:attachment":[{"href":"https:\/\/lasentinelle.dz\/index.php\/wp-json\/wp\/v2\/media?parent=31546"}],"wp:term":[{"taxonomy":"category","embeddable":true,"href":"https:\/\/lasentinelle.dz\/index.php\/wp-json\/wp\/v2\/categories?post=31546"},{"taxonomy":"post_tag","embeddable":true,"href":"https:\/\/lasentinelle.dz\/index.php\/wp-json\/wp\/v2\/tags?post=31546"}],"curies":[{"name":"wp","href":"https:\/\/api.w.org\/{rel}","templated":true}]}}