{"id":31549,"date":"2022-11-27T22:05:00","date_gmt":"2022-11-27T21:05:00","guid":{"rendered":"https:\/\/lasentinelle.dz\/?p=31549"},"modified":"2022-11-27T19:32:20","modified_gmt":"2022-11-27T18:32:20","slug":"collectivites-locales-lancement-de-la-deuxieme-session-de-formation-au-profit-des-presidents-dapc","status":"publish","type":"post","link":"https:\/\/lasentinelle.dz\/index.php\/2022\/11\/27\/collectivites-locales-lancement-de-la-deuxieme-session-de-formation-au-profit-des-presidents-dapc\/","title":{"rendered":"Collectivit\u00e9s locales\u00a0: Lancement de la deuxi\u00e8me session de formation au profit des pr\u00e9sidents d&rsquo;APC"},"content":{"rendered":"\n<p>La deuxi\u00e8me session de formation organis\u00e9e par le minist\u00e8re de l&rsquo;Int\u00e9rieur, des Collectivit\u00e9s locales et de l&rsquo;Am\u00e9nagement du Territoire au profit des pr\u00e9sidents des Assembl\u00e9es populaires communales (P\/APC), a d\u00e9but\u00e9 hier \u00e0 Alger.Lors du lancement officiel de la session de formation qui concerne 29 P\/APC, le secr\u00e9taire g\u00e9n\u00e9ral de la wilaya d&rsquo;Alger, Salim Herizi a d\u00e9clar\u00e9 que ce \u00ab\u00a0programme de formation vise essentiellement \u00e0 aider les P\/APC \u00e0 accomplir au mieux leurs missions en leur permettant acqu\u00e9rir les connaissances n\u00e9cessaires pour une meilleure gestion des affaires locales\u00a0\u00bb.La session pr\u00e9voit une \u00ab\u00a0s\u00e9rie de r\u00e8gles relatives notamment \u00e0 la sant\u00e9 publique et d&rsquo;autres axes li\u00e9s aux secteurs de l&rsquo;habitat, de l&rsquo;urbanisme, de la ville, des travaux publics, de l&rsquo;irrigation, des infrastructures de base, de l&rsquo;agriculture, du d\u00e9veloppement durable, de la solidarit\u00e9 et condition de la femme, de la jeunesse, du sport, de la culture et des arts, des finances, du commerce et de promotion des exportations, de l&rsquo;environnement et des \u00e9nergies renouvelables\u00a0\u00bb, a-t-il pr\u00e9cis\u00e9.M. Herizi a appel\u00e9 les pr\u00e9sidents d&rsquo;APC \u00e0 \u00ab\u00a0intensifier les efforts pour am\u00e9liorer le niveau de vie de la population de la wilaya d&rsquo;Alger, en assurant le suivi permanent des projets de d\u00e9veloppement et une prise en charge optimale des pr\u00e9occupations des citoyens sur la base des connaissances acquises en mati\u00e8re de gestion des affaires locales\u00a0\u00bb.<\/p>\n\n\n\n<p>APS<\/p>\n","protected":false},"excerpt":{"rendered":"<p>La deuxi\u00e8me session de formation organis\u00e9e par le minist\u00e8re de l&rsquo;Int\u00e9rieur, des Collectivit\u00e9s locales et de l&rsquo;Am\u00e9nagement du Territoire au<\/p>\n","protected":false},"author":3,"featured_media":31593,"comment_status":"open","ping_status":"closed","sticky":false,"template":"","format":"standard","meta":{"colormag_page_container_layout":"default_layout","colormag_page_sidebar_layout":"default_layout","om_disable_all_campaigns":false,"_monsterinsights_skip_tracking":false,"_monsterinsights_sitenote_active":false,"_monsterinsights_sitenote_note":"","_monsterinsights_sitenote_category":0,"footnotes":"","_wpscppro_dont_share_socialmedia":false,"_wpscppro_custom_social_share_image":0,"_facebook_share_type":"","_twitter_share_type":"","_linkedin_share_type":"","_pinterest_share_type":"","_linkedin_share_type_page":"","_instagram_share_type":"","_medium_share_type":"","_threads_share_type":"","_google_business_share_type":"","_selected_social_profile":[],"_wpsp_enable_custom_social_template":false,"_wpsp_social_scheduling":{"enabled":false,"datetime":null,"platforms":[],"status":"template_only","dateOption":"today","timeOption":"now","customDays":"","customHours":"","customDate":"","customTime":"","schedulingType":"absolute"},"_wpsp_active_default_template":true},"categories":[27],"tags":[],"class_list":["post-31549","post","type-post","status-publish","format-standard","has-post-thumbnail","hentry","category-actualite"],"aioseo_notices":[],"yoast_head":"<!-- This site is optimized with the Yoast SEO plugin v27.5 - https:\/\/yoast.com\/product\/yoast-seo-wordpress\/ -->\n<title>Collectivit\u00e9s locales\u00a0: Lancement de la deuxi\u00e8me session de formation au profit des pr\u00e9sidents d&rsquo;APC - La Sentinelle<\/title>\n<meta name=\"robots\" content=\"index, follow, max-snippet:-1, max-image-preview:large, max-video-preview:-1\" \/>\n<link rel=\"canonical\" href=\"https:\/\/lasentinelle.dz\/index.php\/2022\/11\/27\/collectivites-locales-lancement-de-la-deuxieme-session-de-formation-au-profit-des-presidents-dapc\/\" \/>\n<meta property=\"og:locale\" content=\"fr_FR\" \/>\n<meta property=\"og:type\" content=\"article\" \/>\n<meta property=\"og:title\" content=\"Collectivit\u00e9s locales\u00a0: Lancement de la deuxi\u00e8me session de formation au profit des pr\u00e9sidents d&rsquo;APC - La Sentinelle\" \/>\n<meta property=\"og:description\" content=\"La deuxi\u00e8me session de formation organis\u00e9e par le minist\u00e8re de l&rsquo;Int\u00e9rieur, des Collectivit\u00e9s locales et de l&rsquo;Am\u00e9nagement du Territoire au\" \/>\n<meta property=\"og:url\" content=\"https:\/\/lasentinelle.dz\/index.php\/2022\/11\/27\/collectivites-locales-lancement-de-la-deuxieme-session-de-formation-au-profit-des-presidents-dapc\/\" \/>\n<meta property=\"og:site_name\" content=\"La Sentinelle\" \/>\n<meta property=\"article:publisher\" content=\"https:\/\/www.facebook.com\/La-Sentinelle-104059864394773\" \/>\n<meta property=\"article:published_time\" content=\"2022-11-27T21:05:00+00:00\" \/>\n<meta property=\"og:image\" content=\"https:\/\/lasentinelle.dz\/wp-content\/uploads\/2022\/11\/image_2022-11-27_193109144-1024x688.png\" \/>\n\t<meta property=\"og:image:width\" content=\"1024\" \/>\n\t<meta property=\"og:image:height\" content=\"688\" \/>\n\t<meta property=\"og:image:type\" content=\"image\/png\" \/>\n<meta name=\"author\" content=\"La Sentinelle\" \/>\n<meta name=\"twitter:card\" content=\"summary_large_image\" \/>\n<meta name=\"twitter:label1\" content=\"\u00c9crit par\" \/>\n\t<meta name=\"twitter:data1\" content=\"La Sentinelle\" \/>\n\t<meta name=\"twitter:label2\" content=\"Dur\u00e9e de lecture estim\u00e9e\" \/>\n\t<meta name=\"twitter:data2\" content=\"2 minutes\" \/>\n<script type=\"application\/ld+json\" class=\"yoast-schema-graph\">{\"@context\":\"https:\\\/\\\/schema.org\",\"@graph\":[{\"@type\":\"Article\",\"@id\":\"https:\\\/\\\/lasentinelle.dz\\\/index.php\\\/2022\\\/11\\\/27\\\/collectivites-locales-lancement-de-la-deuxieme-session-de-formation-au-profit-des-presidents-dapc\\\/#article\",\"isPartOf\":{\"@id\":\"https:\\\/\\\/lasentinelle.dz\\\/index.php\\\/2022\\\/11\\\/27\\\/collectivites-locales-lancement-de-la-deuxieme-session-de-formation-au-profit-des-presidents-dapc\\\/\"},\"author\":{\"name\":\"La Sentinelle\",\"@id\":\"https:\\\/\\\/lasentinelle.dz\\\/#\\\/schema\\\/person\\\/d865044e22e70a75174ce8bcad3acfb3\"},\"headline\":\"Collectivit\u00e9s locales\u00a0: Lancement de la deuxi\u00e8me session de formation au profit des pr\u00e9sidents d&rsquo;APC\",\"datePublished\":\"2022-11-27T21:05:00+00:00\",\"mainEntityOfPage\":{\"@id\":\"https:\\\/\\\/lasentinelle.dz\\\/index.php\\\/2022\\\/11\\\/27\\\/collectivites-locales-lancement-de-la-deuxieme-session-de-formation-au-profit-des-presidents-dapc\\\/\"},\"wordCount\":274,\"commentCount\":0,\"publisher\":{\"@id\":\"https:\\\/\\\/lasentinelle.dz\\\/#organization\"},\"image\":{\"@id\":\"https:\\\/\\\/lasentinelle.dz\\\/index.php\\\/2022\\\/11\\\/27\\\/collectivites-locales-lancement-de-la-deuxieme-session-de-formation-au-profit-des-presidents-dapc\\\/#primaryimage\"},\"thumbnailUrl\":\"https:\\\/\\\/lasentinelle.dz\\\/wp-content\\\/uploads\\\/2022\\\/11\\\/image_2022-11-27_193109144.png\",\"articleSection\":[\"Actualit\u00e9\"],\"inLanguage\":\"fr-FR\",\"potentialAction\":[{\"@type\":\"CommentAction\",\"name\":\"Comment\",\"target\":[\"https:\\\/\\\/lasentinelle.dz\\\/index.php\\\/2022\\\/11\\\/27\\\/collectivites-locales-lancement-de-la-deuxieme-session-de-formation-au-profit-des-presidents-dapc\\\/#respond\"]}]},{\"@type\":\"WebPage\",\"@id\":\"https:\\\/\\\/lasentinelle.dz\\\/index.php\\\/2022\\\/11\\\/27\\\/collectivites-locales-lancement-de-la-deuxieme-session-de-formation-au-profit-des-presidents-dapc\\\/\",\"url\":\"https:\\\/\\\/lasentinelle.dz\\\/index.php\\\/2022\\\/11\\\/27\\\/collectivites-locales-lancement-de-la-deuxieme-session-de-formation-au-profit-des-presidents-dapc\\\/\",\"name\":\"Collectivit\u00e9s locales\u00a0: Lancement de la deuxi\u00e8me session de formation au profit des pr\u00e9sidents d&rsquo;APC - La Sentinelle\",\"isPartOf\":{\"@id\":\"https:\\\/\\\/lasentinelle.dz\\\/#website\"},\"primaryImageOfPage\":{\"@id\":\"https:\\\/\\\/lasentinelle.dz\\\/index.php\\\/2022\\\/11\\\/27\\\/collectivites-locales-lancement-de-la-deuxieme-session-de-formation-au-profit-des-presidents-dapc\\\/#primaryimage\"},\"image\":{\"@id\":\"https:\\\/\\\/lasentinelle.dz\\\/index.php\\\/2022\\\/11\\\/27\\\/collectivites-locales-lancement-de-la-deuxieme-session-de-formation-au-profit-des-presidents-dapc\\\/#primaryimage\"},\"thumbnailUrl\":\"https:\\\/\\\/lasentinelle.dz\\\/wp-content\\\/uploads\\\/2022\\\/11\\\/image_2022-11-27_193109144.png\",\"datePublished\":\"2022-11-27T21:05:00+00:00\",\"breadcrumb\":{\"@id\":\"https:\\\/\\\/lasentinelle.dz\\\/index.php\\\/2022\\\/11\\\/27\\\/collectivites-locales-lancement-de-la-deuxieme-session-de-formation-au-profit-des-presidents-dapc\\\/#breadcrumb\"},\"inLanguage\":\"fr-FR\",\"potentialAction\":[{\"@type\":\"ReadAction\",\"target\":[\"https:\\\/\\\/lasentinelle.dz\\\/index.php\\\/2022\\\/11\\\/27\\\/collectivites-locales-lancement-de-la-deuxieme-session-de-formation-au-profit-des-presidents-dapc\\\/\"]}]},{\"@type\":\"ImageObject\",\"inLanguage\":\"fr-FR\",\"@id\":\"https:\\\/\\\/lasentinelle.dz\\\/index.php\\\/2022\\\/11\\\/27\\\/collectivites-locales-lancement-de-la-deuxieme-session-de-formation-au-profit-des-presidents-dapc\\\/#primaryimage\",\"url\":\"https:\\\/\\\/lasentinelle.dz\\\/wp-content\\\/uploads\\\/2022\\\/11\\\/image_2022-11-27_193109144.png\",\"contentUrl\":\"https:\\\/\\\/lasentinelle.dz\\\/wp-content\\\/uploads\\\/2022\\\/11\\\/image_2022-11-27_193109144.png\",\"width\":2645,\"height\":1778},{\"@type\":\"BreadcrumbList\",\"@id\":\"https:\\\/\\\/lasentinelle.dz\\\/index.php\\\/2022\\\/11\\\/27\\\/collectivites-locales-lancement-de-la-deuxieme-session-de-formation-au-profit-des-presidents-dapc\\\/#breadcrumb\",\"itemListElement\":[{\"@type\":\"ListItem\",\"position\":1,\"name\":\"Accueil\",\"item\":\"https:\\\/\\\/lasentinelle.dz\\\/\"},{\"@type\":\"ListItem\",\"position\":2,\"name\":\"Collectivit\u00e9s locales\u00a0: Lancement de la deuxi\u00e8me session de formation au profit des pr\u00e9sidents d&rsquo;APC\"}]},{\"@type\":\"WebSite\",\"@id\":\"https:\\\/\\\/lasentinelle.dz\\\/#website\",\"url\":\"https:\\\/\\\/lasentinelle.dz\\\/\",\"name\":\"La Sentinelle\",\"description\":\"Quotidien national d&#039;information\",\"publisher\":{\"@id\":\"https:\\\/\\\/lasentinelle.dz\\\/#organization\"},\"potentialAction\":[{\"@type\":\"SearchAction\",\"target\":{\"@type\":\"EntryPoint\",\"urlTemplate\":\"https:\\\/\\\/lasentinelle.dz\\\/?s={search_term_string}\"},\"query-input\":{\"@type\":\"PropertyValueSpecification\",\"valueRequired\":true,\"valueName\":\"search_term_string\"}}],\"inLanguage\":\"fr-FR\"},{\"@type\":\"Organization\",\"@id\":\"https:\\\/\\\/lasentinelle.dz\\\/#organization\",\"name\":\"Quotidien La Sentinelle\",\"url\":\"https:\\\/\\\/lasentinelle.dz\\\/\",\"logo\":{\"@type\":\"ImageObject\",\"inLanguage\":\"fr-FR\",\"@id\":\"https:\\\/\\\/lasentinelle.dz\\\/#\\\/schema\\\/logo\\\/image\\\/\",\"url\":\"https:\\\/\\\/lasentinelle.dz\\\/wp-content\\\/uploads\\\/2021\\\/09\\\/logo-sentinelleSLOGAN-1.png\",\"contentUrl\":\"https:\\\/\\\/lasentinelle.dz\\\/wp-content\\\/uploads\\\/2021\\\/09\\\/logo-sentinelleSLOGAN-1.png\",\"width\":615,\"height\":142,\"caption\":\"Quotidien La Sentinelle\"},\"image\":{\"@id\":\"https:\\\/\\\/lasentinelle.dz\\\/#\\\/schema\\\/logo\\\/image\\\/\"},\"sameAs\":[\"https:\\\/\\\/www.facebook.com\\\/La-Sentinelle-104059864394773\"]},{\"@type\":\"Person\",\"@id\":\"https:\\\/\\\/lasentinelle.dz\\\/#\\\/schema\\\/person\\\/d865044e22e70a75174ce8bcad3acfb3\",\"name\":\"La Sentinelle\",\"image\":{\"@type\":\"ImageObject\",\"inLanguage\":\"fr-FR\",\"@id\":\"https:\\\/\\\/secure.gravatar.com\\\/avatar\\\/57de8e5d4b15d43fb361a71fbb36338450fe67865b528a43dd10ef7c51a20392?s=96&d=mm&r=g\",\"url\":\"https:\\\/\\\/secure.gravatar.com\\\/avatar\\\/57de8e5d4b15d43fb361a71fbb36338450fe67865b528a43dd10ef7c51a20392?s=96&d=mm&r=g\",\"contentUrl\":\"https:\\\/\\\/secure.gravatar.com\\\/avatar\\\/57de8e5d4b15d43fb361a71fbb36338450fe67865b528a43dd10ef7c51a20392?s=96&d=mm&r=g\",\"caption\":\"La Sentinelle\"},\"sameAs\":[\"http:\\\/\\\/www.lasentinelle.dz\"],\"url\":\"https:\\\/\\\/lasentinelle.dz\\\/author\\\/redaction\\\/\"}]}<\/script>\n<!-- \/ Yoast SEO plugin. -->","yoast_head_json":{"title":"Collectivit\u00e9s locales\u00a0: Lancement de la deuxi\u00e8me session de formation au profit des pr\u00e9sidents d&rsquo;APC - La Sentinelle","robots":{"index":"index","follow":"follow","max-snippet":"max-snippet:-1","max-image-preview":"max-image-preview:large","max-video-preview":"max-video-preview:-1"},"canonical":"https:\/\/lasentinelle.dz\/index.php\/2022\/11\/27\/collectivites-locales-lancement-de-la-deuxieme-session-de-formation-au-profit-des-presidents-dapc\/","og_locale":"fr_FR","og_type":"article","og_title":"Collectivit\u00e9s locales\u00a0: Lancement de la deuxi\u00e8me session de formation au profit des pr\u00e9sidents d&rsquo;APC - La Sentinelle","og_description":"La deuxi\u00e8me session de formation organis\u00e9e par le minist\u00e8re de l&rsquo;Int\u00e9rieur, des Collectivit\u00e9s locales et de l&rsquo;Am\u00e9nagement du Territoire au","og_url":"https:\/\/lasentinelle.dz\/index.php\/2022\/11\/27\/collectivites-locales-lancement-de-la-deuxieme-session-de-formation-au-profit-des-presidents-dapc\/","og_site_name":"La Sentinelle","article_publisher":"https:\/\/www.facebook.com\/La-Sentinelle-104059864394773","article_published_time":"2022-11-27T21:05:00+00:00","og_image":[{"width":1024,"height":688,"url":"https:\/\/lasentinelle.dz\/wp-content\/uploads\/2022\/11\/image_2022-11-27_193109144-1024x688.png","type":"image\/png"}],"author":"La Sentinelle","twitter_card":"summary_large_image","twitter_misc":{"\u00c9crit par":"La Sentinelle","Dur\u00e9e de lecture estim\u00e9e":"2 minutes"},"schema":{"@context":"https:\/\/schema.org","@graph":[{"@type":"Article","@id":"https:\/\/lasentinelle.dz\/index.php\/2022\/11\/27\/collectivites-locales-lancement-de-la-deuxieme-session-de-formation-au-profit-des-presidents-dapc\/#article","isPartOf":{"@id":"https:\/\/lasentinelle.dz\/index.php\/2022\/11\/27\/collectivites-locales-lancement-de-la-deuxieme-session-de-formation-au-profit-des-presidents-dapc\/"},"author":{"name":"La Sentinelle","@id":"https:\/\/lasentinelle.dz\/#\/schema\/person\/d865044e22e70a75174ce8bcad3acfb3"},"headline":"Collectivit\u00e9s locales\u00a0: Lancement de la deuxi\u00e8me session de formation au profit des pr\u00e9sidents d&rsquo;APC","datePublished":"2022-11-27T21:05:00+00:00","mainEntityOfPage":{"@id":"https:\/\/lasentinelle.dz\/index.php\/2022\/11\/27\/collectivites-locales-lancement-de-la-deuxieme-session-de-formation-au-profit-des-presidents-dapc\/"},"wordCount":274,"commentCount":0,"publisher":{"@id":"https:\/\/lasentinelle.dz\/#organization"},"image":{"@id":"https:\/\/lasentinelle.dz\/index.php\/2022\/11\/27\/collectivites-locales-lancement-de-la-deuxieme-session-de-formation-au-profit-des-presidents-dapc\/#primaryimage"},"thumbnailUrl":"https:\/\/lasentinelle.dz\/wp-content\/uploads\/2022\/11\/image_2022-11-27_193109144.png","articleSection":["Actualit\u00e9"],"inLanguage":"fr-FR","potentialAction":[{"@type":"CommentAction","name":"Comment","target":["https:\/\/lasentinelle.dz\/index.php\/2022\/11\/27\/collectivites-locales-lancement-de-la-deuxieme-session-de-formation-au-profit-des-presidents-dapc\/#respond"]}]},{"@type":"WebPage","@id":"https:\/\/lasentinelle.dz\/index.php\/2022\/11\/27\/collectivites-locales-lancement-de-la-deuxieme-session-de-formation-au-profit-des-presidents-dapc\/","url":"https:\/\/lasentinelle.dz\/index.php\/2022\/11\/27\/collectivites-locales-lancement-de-la-deuxieme-session-de-formation-au-profit-des-presidents-dapc\/","name":"Collectivit\u00e9s locales\u00a0: Lancement de la deuxi\u00e8me session de formation au profit des pr\u00e9sidents d&rsquo;APC - La Sentinelle","isPartOf":{"@id":"https:\/\/lasentinelle.dz\/#website"},"primaryImageOfPage":{"@id":"https:\/\/lasentinelle.dz\/index.php\/2022\/11\/27\/collectivites-locales-lancement-de-la-deuxieme-session-de-formation-au-profit-des-presidents-dapc\/#primaryimage"},"image":{"@id":"https:\/\/lasentinelle.dz\/index.php\/2022\/11\/27\/collectivites-locales-lancement-de-la-deuxieme-session-de-formation-au-profit-des-presidents-dapc\/#primaryimage"},"thumbnailUrl":"https:\/\/lasentinelle.dz\/wp-content\/uploads\/2022\/11\/image_2022-11-27_193109144.png","datePublished":"2022-11-27T21:05:00+00:00","breadcrumb":{"@id":"https:\/\/lasentinelle.dz\/index.php\/2022\/11\/27\/collectivites-locales-lancement-de-la-deuxieme-session-de-formation-au-profit-des-presidents-dapc\/#breadcrumb"},"inLanguage":"fr-FR","potentialAction":[{"@type":"ReadAction","target":["https:\/\/lasentinelle.dz\/index.php\/2022\/11\/27\/collectivites-locales-lancement-de-la-deuxieme-session-de-formation-au-profit-des-presidents-dapc\/"]}]},{"@type":"ImageObject","inLanguage":"fr-FR","@id":"https:\/\/lasentinelle.dz\/index.php\/2022\/11\/27\/collectivites-locales-lancement-de-la-deuxieme-session-de-formation-au-profit-des-presidents-dapc\/#primaryimage","url":"https:\/\/lasentinelle.dz\/wp-content\/uploads\/2022\/11\/image_2022-11-27_193109144.png","contentUrl":"https:\/\/lasentinelle.dz\/wp-content\/uploads\/2022\/11\/image_2022-11-27_193109144.png","width":2645,"height":1778},{"@type":"BreadcrumbList","@id":"https:\/\/lasentinelle.dz\/index.php\/2022\/11\/27\/collectivites-locales-lancement-de-la-deuxieme-session-de-formation-au-profit-des-presidents-dapc\/#breadcrumb","itemListElement":[{"@type":"ListItem","position":1,"name":"Accueil","item":"https:\/\/lasentinelle.dz\/"},{"@type":"ListItem","position":2,"name":"Collectivit\u00e9s locales\u00a0: Lancement de la deuxi\u00e8me session de formation au profit des pr\u00e9sidents d&rsquo;APC"}]},{"@type":"WebSite","@id":"https:\/\/lasentinelle.dz\/#website","url":"https:\/\/lasentinelle.dz\/","name":"La Sentinelle","description":"Quotidien national d&#039;information","publisher":{"@id":"https:\/\/lasentinelle.dz\/#organization"},"potentialAction":[{"@type":"SearchAction","target":{"@type":"EntryPoint","urlTemplate":"https:\/\/lasentinelle.dz\/?s={search_term_string}"},"query-input":{"@type":"PropertyValueSpecification","valueRequired":true,"valueName":"search_term_string"}}],"inLanguage":"fr-FR"},{"@type":"Organization","@id":"https:\/\/lasentinelle.dz\/#organization","name":"Quotidien La Sentinelle","url":"https:\/\/lasentinelle.dz\/","logo":{"@type":"ImageObject","inLanguage":"fr-FR","@id":"https:\/\/lasentinelle.dz\/#\/schema\/logo\/image\/","url":"https:\/\/lasentinelle.dz\/wp-content\/uploads\/2021\/09\/logo-sentinelleSLOGAN-1.png","contentUrl":"https:\/\/lasentinelle.dz\/wp-content\/uploads\/2021\/09\/logo-sentinelleSLOGAN-1.png","width":615,"height":142,"caption":"Quotidien La Sentinelle"},"image":{"@id":"https:\/\/lasentinelle.dz\/#\/schema\/logo\/image\/"},"sameAs":["https:\/\/www.facebook.com\/La-Sentinelle-104059864394773"]},{"@type":"Person","@id":"https:\/\/lasentinelle.dz\/#\/schema\/person\/d865044e22e70a75174ce8bcad3acfb3","name":"La Sentinelle","image":{"@type":"ImageObject","inLanguage":"fr-FR","@id":"https:\/\/secure.gravatar.com\/avatar\/57de8e5d4b15d43fb361a71fbb36338450fe67865b528a43dd10ef7c51a20392?s=96&d=mm&r=g","url":"https:\/\/secure.gravatar.com\/avatar\/57de8e5d4b15d43fb361a71fbb36338450fe67865b528a43dd10ef7c51a20392?s=96&d=mm&r=g","contentUrl":"https:\/\/secure.gravatar.com\/avatar\/57de8e5d4b15d43fb361a71fbb36338450fe67865b528a43dd10ef7c51a20392?s=96&d=mm&r=g","caption":"La Sentinelle"},"sameAs":["http:\/\/www.lasentinelle.dz"],"url":"https:\/\/lasentinelle.dz\/author\/redaction\/"}]}},"_links":{"self":[{"href":"https:\/\/lasentinelle.dz\/index.php\/wp-json\/wp\/v2\/posts\/31549","targetHints":{"allow":["GET"]}}],"collection":[{"href":"https:\/\/lasentinelle.dz\/index.php\/wp-json\/wp\/v2\/posts"}],"about":[{"href":"https:\/\/lasentinelle.dz\/index.php\/wp-json\/wp\/v2\/types\/post"}],"author":[{"embeddable":true,"href":"https:\/\/lasentinelle.dz\/index.php\/wp-json\/wp\/v2\/users\/3"}],"replies":[{"embeddable":true,"href":"https:\/\/lasentinelle.dz\/index.php\/wp-json\/wp\/v2\/comments?post=31549"}],"version-history":[{"count":1,"href":"https:\/\/lasentinelle.dz\/index.php\/wp-json\/wp\/v2\/posts\/31549\/revisions"}],"predecessor-version":[{"id":31594,"href":"https:\/\/lasentinelle.dz\/index.php\/wp-json\/wp\/v2\/posts\/31549\/revisions\/31594"}],"wp:featuredmedia":[{"embeddable":true,"href":"https:\/\/lasentinelle.dz\/index.php\/wp-json\/wp\/v2\/media\/31593"}],"wp:attachment":[{"href":"https:\/\/lasentinelle.dz\/index.php\/wp-json\/wp\/v2\/media?parent=31549"}],"wp:term":[{"taxonomy":"category","embeddable":true,"href":"https:\/\/lasentinelle.dz\/index.php\/wp-json\/wp\/v2\/categories?post=31549"},{"taxonomy":"post_tag","embeddable":true,"href":"https:\/\/lasentinelle.dz\/index.php\/wp-json\/wp\/v2\/tags?post=31549"}],"curies":[{"name":"wp","href":"https:\/\/api.w.org\/{rel}","templated":true}]}}