{"id":31571,"date":"2022-11-27T22:08:00","date_gmt":"2022-11-27T21:08:00","guid":{"rendered":"https:\/\/lasentinelle.dz\/?p=31571"},"modified":"2022-11-27T20:17:20","modified_gmt":"2022-11-27T19:17:20","slug":"viandes-blanches-vers-un-plafonnement-des-prix","status":"publish","type":"post","link":"https:\/\/lasentinelle.dz\/index.php\/2022\/11\/27\/viandes-blanches-vers-un-plafonnement-des-prix\/","title":{"rendered":"Viandes blanches\u00a0: Vers un plafonnement des prix"},"content":{"rendered":"\n<p>Face une flamb\u00e9e in\u00e9dite des prix des viandes rouges et blanches, la stabilisation du march\u00e9 est une priorit\u00e9 pour le d\u00e9partement de l\u2019Agriculture, qui compte d\u2019ailleurs sur des mesures d\u2019assainissement du march\u00e9 pour mieux ma\u00eetriser et contr\u00f4le le march\u00e9. En attendant, le d\u00e9partement de Mohamed Abdelhafid Henni opte pour une mesure extr\u00eame, celle du plafonnement des prix de la viande blanche.<\/p>\n\n\n\n<p>En effet, le ministre de l&rsquo;Agriculture et du D\u00e9veloppement rural, Mohamed Abdelhafid Henni a annonc\u00e9, samedi en marge de la c\u00e9r\u00e9monie marquant le 48e anniversaire de la cr\u00e9ation de l&rsquo;Union nationale des paysans alg\u00e9riens (UNPA)\u00e0 Alger, un plafonnement imminent des prix des viandes blanches. Le ministre a expliqu\u00e9, dans une d\u00e9claration \u00e0 la presse, \u00ab&nbsp;les nombreuses r\u00e9unions tenues avec les repr\u00e9sentants de la fili\u00e8re des viandes blanches, notamment ceux du Conseil interprofessionnel de la fili\u00e8re avicole, ont d\u00e9bouch\u00e9 sur la d\u00e9cision de plafonner les prix des viandes blanches&nbsp;\u00bb. Henni pr\u00e9cise dans ce sens que cette mesure de plafonnement des prix entrera en vigueur dans deux semaines. Et d\u2019ajouter que ces plafonds seront fix\u00e9s en fonction du co\u00fbt r\u00e9el de production, avec des marges b\u00e9n\u00e9ficiaires raisonnables que ce soit pour les \u00e9leveurs, les d\u00e9taillants ou au niveau des abattoirs.S&rsquo;agissant de la hausse des prix des \u0153ufs, le ministre a affirm\u00e9 que la production \u00e9tait \u00ab\u00a0abondante\u00a0\u00bb et que la sp\u00e9culation serait \u00e0 l&rsquo;origine de ces prix \u00ab\u00a0exorbitants\u00a0\u00bb, assurant que les mesures n\u00e9cessaires prises porteraient leurs fruits \u00ab\u00a0dans les plus brefs d\u00e9lais\u00a0\u00bb au profit des consommateurs.Autre point abord\u00e9 par le ministre, la hausse \u00ab\u00a0injustifiable\u00a0\u00bb des prix des viandes rouges, soulignant que des proc\u00e9dures \u00ab\u00a0seront prises contre tout \u00e9leveur qui augmente consid\u00e9rablement les prix\u00a0\u00bb.M. Henni a rejet\u00e9 cat\u00e9goriquement le \u00ab\u00a0pr\u00e9texte\u00a0\u00bb de la hausse de l&rsquo;aliment de b\u00e9tail, disponible \u00e0 des prix codifi\u00e9s \u00e0 l&rsquo;instar du son, en plus du soutien de l&rsquo;Etat aux agriculteurs pour diversifier la production, affirmant que ces prix \u00ab\u00a0nuiront\u00a0\u00bb \u00e0 la fili\u00e8re.D\u00e9mentant, par ailleurs, l&rsquo;existence d&rsquo;une \u00ab\u00a0crise\u00a0\u00bb concernant la semoule, M. Henni a soutenu que les sp\u00e9culateurs \u00e9taient \u00e0 l&rsquo;origine de ces rumeurs.Il not\u00e9, dans le m\u00eame contexte, que la derni\u00e8re campagne c\u00e9r\u00e9ali\u00e8re (2021\/2022) avait \u00e9t\u00e9 excellente par rapport aux campagnes pr\u00e9c\u00e9dentes, relevant que la production de bl\u00e9 dur est suffisante pour r\u00e9pondre aux besoins nationaux, contrairement au bl\u00e9 tendre qui a besoin encore de d\u00e9velopper ses capacit\u00e9s de production pour r\u00e9duire la facture des importations.M. Henni a fait \u00e9tat d&rsquo;un programme conjoint en cours de pr\u00e9paration entre le minist\u00e8re de l&rsquo;Agriculture et du D\u00e9veloppement rural et ceux de la Sant\u00e9 et de la Communication pour le lancement d&rsquo;une vaste campagne visant \u00e0 modifier le mode de consommation des Alg\u00e9riens, qui d\u00e9pend excessivement de la farine (produite \u00e0 partir de bl\u00e9 tendre).<\/p>\n\n\n\n<p><strong>Chokri Hafed<\/strong><\/p>\n","protected":false},"excerpt":{"rendered":"<p>Face une flamb\u00e9e in\u00e9dite des prix des viandes rouges et blanches, la stabilisation du march\u00e9 est une priorit\u00e9 pour le<\/p>\n","protected":false},"author":3,"featured_media":31574,"comment_status":"open","ping_status":"closed","sticky":false,"template":"","format":"standard","meta":{"colormag_page_container_layout":"default_layout","colormag_page_sidebar_layout":"default_layout","om_disable_all_campaigns":false,"_monsterinsights_skip_tracking":false,"_monsterinsights_sitenote_active":false,"_monsterinsights_sitenote_note":"","_monsterinsights_sitenote_category":0,"footnotes":"","_wpscppro_dont_share_socialmedia":false,"_wpscppro_custom_social_share_image":0,"_facebook_share_type":"","_twitter_share_type":"","_linkedin_share_type":"","_pinterest_share_type":"","_linkedin_share_type_page":"","_instagram_share_type":"","_medium_share_type":"","_threads_share_type":"","_google_business_share_type":"","_selected_social_profile":[],"_wpsp_enable_custom_social_template":false,"_wpsp_social_scheduling":{"enabled":false,"datetime":null,"platforms":[],"status":"template_only","dateOption":"today","timeOption":"now","customDays":"","customHours":"","customDate":"","customTime":"","schedulingType":"absolute"},"_wpsp_active_default_template":true},"categories":[52,29],"tags":[],"class_list":["post-31571","post","type-post","status-publish","format-standard","has-post-thumbnail","hentry","category-a-la-une","category-economie"],"aioseo_notices":[],"yoast_head":"<!-- This site is optimized with the Yoast SEO plugin v27.5 - https:\/\/yoast.com\/product\/yoast-seo-wordpress\/ -->\n<title>Viandes blanches\u00a0: Vers un plafonnement des prix - La Sentinelle<\/title>\n<meta name=\"robots\" content=\"index, follow, max-snippet:-1, max-image-preview:large, max-video-preview:-1\" \/>\n<link rel=\"canonical\" href=\"https:\/\/lasentinelle.dz\/index.php\/2022\/11\/27\/viandes-blanches-vers-un-plafonnement-des-prix\/\" \/>\n<meta property=\"og:locale\" content=\"fr_FR\" \/>\n<meta property=\"og:type\" content=\"article\" \/>\n<meta property=\"og:title\" content=\"Viandes blanches\u00a0: Vers un plafonnement des prix - La Sentinelle\" \/>\n<meta property=\"og:description\" content=\"Face une flamb\u00e9e in\u00e9dite des prix des viandes rouges et blanches, la stabilisation du march\u00e9 est une priorit\u00e9 pour le\" \/>\n<meta property=\"og:url\" content=\"https:\/\/lasentinelle.dz\/index.php\/2022\/11\/27\/viandes-blanches-vers-un-plafonnement-des-prix\/\" \/>\n<meta property=\"og:site_name\" content=\"La Sentinelle\" \/>\n<meta property=\"article:publisher\" content=\"https:\/\/www.facebook.com\/La-Sentinelle-104059864394773\" \/>\n<meta property=\"article:published_time\" content=\"2022-11-27T21:08:00+00:00\" \/>\n<meta property=\"og:image\" content=\"https:\/\/lasentinelle.dz\/wp-content\/uploads\/2022\/11\/poulet.png\" \/>\n\t<meta property=\"og:image:width\" content=\"1521\" \/>\n\t<meta property=\"og:image:height\" content=\"900\" \/>\n\t<meta property=\"og:image:type\" content=\"image\/png\" \/>\n<meta name=\"author\" content=\"La Sentinelle\" \/>\n<meta name=\"twitter:card\" content=\"summary_large_image\" \/>\n<meta name=\"twitter:label1\" content=\"\u00c9crit par\" \/>\n\t<meta name=\"twitter:data1\" content=\"La Sentinelle\" \/>\n\t<meta name=\"twitter:label2\" content=\"Dur\u00e9e de lecture estim\u00e9e\" \/>\n\t<meta name=\"twitter:data2\" content=\"3 minutes\" \/>\n<script type=\"application\/ld+json\" class=\"yoast-schema-graph\">{\"@context\":\"https:\\\/\\\/schema.org\",\"@graph\":[{\"@type\":\"Article\",\"@id\":\"https:\\\/\\\/lasentinelle.dz\\\/index.php\\\/2022\\\/11\\\/27\\\/viandes-blanches-vers-un-plafonnement-des-prix\\\/#article\",\"isPartOf\":{\"@id\":\"https:\\\/\\\/lasentinelle.dz\\\/index.php\\\/2022\\\/11\\\/27\\\/viandes-blanches-vers-un-plafonnement-des-prix\\\/\"},\"author\":{\"name\":\"La Sentinelle\",\"@id\":\"https:\\\/\\\/lasentinelle.dz\\\/#\\\/schema\\\/person\\\/d865044e22e70a75174ce8bcad3acfb3\"},\"headline\":\"Viandes blanches\u00a0: Vers un plafonnement des prix\",\"datePublished\":\"2022-11-27T21:08:00+00:00\",\"mainEntityOfPage\":{\"@id\":\"https:\\\/\\\/lasentinelle.dz\\\/index.php\\\/2022\\\/11\\\/27\\\/viandes-blanches-vers-un-plafonnement-des-prix\\\/\"},\"wordCount\":522,\"commentCount\":0,\"publisher\":{\"@id\":\"https:\\\/\\\/lasentinelle.dz\\\/#organization\"},\"image\":{\"@id\":\"https:\\\/\\\/lasentinelle.dz\\\/index.php\\\/2022\\\/11\\\/27\\\/viandes-blanches-vers-un-plafonnement-des-prix\\\/#primaryimage\"},\"thumbnailUrl\":\"https:\\\/\\\/lasentinelle.dz\\\/wp-content\\\/uploads\\\/2022\\\/11\\\/poulet.png\",\"articleSection\":[\"\u00c0 la Une\",\"\u00c9conomie\"],\"inLanguage\":\"fr-FR\",\"potentialAction\":[{\"@type\":\"CommentAction\",\"name\":\"Comment\",\"target\":[\"https:\\\/\\\/lasentinelle.dz\\\/index.php\\\/2022\\\/11\\\/27\\\/viandes-blanches-vers-un-plafonnement-des-prix\\\/#respond\"]}]},{\"@type\":\"WebPage\",\"@id\":\"https:\\\/\\\/lasentinelle.dz\\\/index.php\\\/2022\\\/11\\\/27\\\/viandes-blanches-vers-un-plafonnement-des-prix\\\/\",\"url\":\"https:\\\/\\\/lasentinelle.dz\\\/index.php\\\/2022\\\/11\\\/27\\\/viandes-blanches-vers-un-plafonnement-des-prix\\\/\",\"name\":\"Viandes blanches\u00a0: Vers un plafonnement des prix - La Sentinelle\",\"isPartOf\":{\"@id\":\"https:\\\/\\\/lasentinelle.dz\\\/#website\"},\"primaryImageOfPage\":{\"@id\":\"https:\\\/\\\/lasentinelle.dz\\\/index.php\\\/2022\\\/11\\\/27\\\/viandes-blanches-vers-un-plafonnement-des-prix\\\/#primaryimage\"},\"image\":{\"@id\":\"https:\\\/\\\/lasentinelle.dz\\\/index.php\\\/2022\\\/11\\\/27\\\/viandes-blanches-vers-un-plafonnement-des-prix\\\/#primaryimage\"},\"thumbnailUrl\":\"https:\\\/\\\/lasentinelle.dz\\\/wp-content\\\/uploads\\\/2022\\\/11\\\/poulet.png\",\"datePublished\":\"2022-11-27T21:08:00+00:00\",\"breadcrumb\":{\"@id\":\"https:\\\/\\\/lasentinelle.dz\\\/index.php\\\/2022\\\/11\\\/27\\\/viandes-blanches-vers-un-plafonnement-des-prix\\\/#breadcrumb\"},\"inLanguage\":\"fr-FR\",\"potentialAction\":[{\"@type\":\"ReadAction\",\"target\":[\"https:\\\/\\\/lasentinelle.dz\\\/index.php\\\/2022\\\/11\\\/27\\\/viandes-blanches-vers-un-plafonnement-des-prix\\\/\"]}]},{\"@type\":\"ImageObject\",\"inLanguage\":\"fr-FR\",\"@id\":\"https:\\\/\\\/lasentinelle.dz\\\/index.php\\\/2022\\\/11\\\/27\\\/viandes-blanches-vers-un-plafonnement-des-prix\\\/#primaryimage\",\"url\":\"https:\\\/\\\/lasentinelle.dz\\\/wp-content\\\/uploads\\\/2022\\\/11\\\/poulet.png\",\"contentUrl\":\"https:\\\/\\\/lasentinelle.dz\\\/wp-content\\\/uploads\\\/2022\\\/11\\\/poulet.png\",\"width\":1521,\"height\":900},{\"@type\":\"BreadcrumbList\",\"@id\":\"https:\\\/\\\/lasentinelle.dz\\\/index.php\\\/2022\\\/11\\\/27\\\/viandes-blanches-vers-un-plafonnement-des-prix\\\/#breadcrumb\",\"itemListElement\":[{\"@type\":\"ListItem\",\"position\":1,\"name\":\"Accueil\",\"item\":\"https:\\\/\\\/lasentinelle.dz\\\/\"},{\"@type\":\"ListItem\",\"position\":2,\"name\":\"Viandes blanches\u00a0: Vers un plafonnement des prix\"}]},{\"@type\":\"WebSite\",\"@id\":\"https:\\\/\\\/lasentinelle.dz\\\/#website\",\"url\":\"https:\\\/\\\/lasentinelle.dz\\\/\",\"name\":\"La Sentinelle\",\"description\":\"Quotidien national d&#039;information\",\"publisher\":{\"@id\":\"https:\\\/\\\/lasentinelle.dz\\\/#organization\"},\"potentialAction\":[{\"@type\":\"SearchAction\",\"target\":{\"@type\":\"EntryPoint\",\"urlTemplate\":\"https:\\\/\\\/lasentinelle.dz\\\/?s={search_term_string}\"},\"query-input\":{\"@type\":\"PropertyValueSpecification\",\"valueRequired\":true,\"valueName\":\"search_term_string\"}}],\"inLanguage\":\"fr-FR\"},{\"@type\":\"Organization\",\"@id\":\"https:\\\/\\\/lasentinelle.dz\\\/#organization\",\"name\":\"Quotidien La Sentinelle\",\"url\":\"https:\\\/\\\/lasentinelle.dz\\\/\",\"logo\":{\"@type\":\"ImageObject\",\"inLanguage\":\"fr-FR\",\"@id\":\"https:\\\/\\\/lasentinelle.dz\\\/#\\\/schema\\\/logo\\\/image\\\/\",\"url\":\"https:\\\/\\\/lasentinelle.dz\\\/wp-content\\\/uploads\\\/2021\\\/09\\\/logo-sentinelleSLOGAN-1.png\",\"contentUrl\":\"https:\\\/\\\/lasentinelle.dz\\\/wp-content\\\/uploads\\\/2021\\\/09\\\/logo-sentinelleSLOGAN-1.png\",\"width\":615,\"height\":142,\"caption\":\"Quotidien La Sentinelle\"},\"image\":{\"@id\":\"https:\\\/\\\/lasentinelle.dz\\\/#\\\/schema\\\/logo\\\/image\\\/\"},\"sameAs\":[\"https:\\\/\\\/www.facebook.com\\\/La-Sentinelle-104059864394773\"]},{\"@type\":\"Person\",\"@id\":\"https:\\\/\\\/lasentinelle.dz\\\/#\\\/schema\\\/person\\\/d865044e22e70a75174ce8bcad3acfb3\",\"name\":\"La Sentinelle\",\"image\":{\"@type\":\"ImageObject\",\"inLanguage\":\"fr-FR\",\"@id\":\"https:\\\/\\\/secure.gravatar.com\\\/avatar\\\/57de8e5d4b15d43fb361a71fbb36338450fe67865b528a43dd10ef7c51a20392?s=96&d=mm&r=g\",\"url\":\"https:\\\/\\\/secure.gravatar.com\\\/avatar\\\/57de8e5d4b15d43fb361a71fbb36338450fe67865b528a43dd10ef7c51a20392?s=96&d=mm&r=g\",\"contentUrl\":\"https:\\\/\\\/secure.gravatar.com\\\/avatar\\\/57de8e5d4b15d43fb361a71fbb36338450fe67865b528a43dd10ef7c51a20392?s=96&d=mm&r=g\",\"caption\":\"La Sentinelle\"},\"sameAs\":[\"http:\\\/\\\/www.lasentinelle.dz\"],\"url\":\"https:\\\/\\\/lasentinelle.dz\\\/author\\\/redaction\\\/\"}]}<\/script>\n<!-- \/ Yoast SEO plugin. -->","yoast_head_json":{"title":"Viandes blanches\u00a0: Vers un plafonnement des prix - La Sentinelle","robots":{"index":"index","follow":"follow","max-snippet":"max-snippet:-1","max-image-preview":"max-image-preview:large","max-video-preview":"max-video-preview:-1"},"canonical":"https:\/\/lasentinelle.dz\/index.php\/2022\/11\/27\/viandes-blanches-vers-un-plafonnement-des-prix\/","og_locale":"fr_FR","og_type":"article","og_title":"Viandes blanches\u00a0: Vers un plafonnement des prix - La Sentinelle","og_description":"Face une flamb\u00e9e in\u00e9dite des prix des viandes rouges et blanches, la stabilisation du march\u00e9 est une priorit\u00e9 pour le","og_url":"https:\/\/lasentinelle.dz\/index.php\/2022\/11\/27\/viandes-blanches-vers-un-plafonnement-des-prix\/","og_site_name":"La Sentinelle","article_publisher":"https:\/\/www.facebook.com\/La-Sentinelle-104059864394773","article_published_time":"2022-11-27T21:08:00+00:00","og_image":[{"width":1521,"height":900,"url":"https:\/\/lasentinelle.dz\/wp-content\/uploads\/2022\/11\/poulet.png","type":"image\/png"}],"author":"La Sentinelle","twitter_card":"summary_large_image","twitter_misc":{"\u00c9crit par":"La Sentinelle","Dur\u00e9e de lecture estim\u00e9e":"3 minutes"},"schema":{"@context":"https:\/\/schema.org","@graph":[{"@type":"Article","@id":"https:\/\/lasentinelle.dz\/index.php\/2022\/11\/27\/viandes-blanches-vers-un-plafonnement-des-prix\/#article","isPartOf":{"@id":"https:\/\/lasentinelle.dz\/index.php\/2022\/11\/27\/viandes-blanches-vers-un-plafonnement-des-prix\/"},"author":{"name":"La Sentinelle","@id":"https:\/\/lasentinelle.dz\/#\/schema\/person\/d865044e22e70a75174ce8bcad3acfb3"},"headline":"Viandes blanches\u00a0: Vers un plafonnement des prix","datePublished":"2022-11-27T21:08:00+00:00","mainEntityOfPage":{"@id":"https:\/\/lasentinelle.dz\/index.php\/2022\/11\/27\/viandes-blanches-vers-un-plafonnement-des-prix\/"},"wordCount":522,"commentCount":0,"publisher":{"@id":"https:\/\/lasentinelle.dz\/#organization"},"image":{"@id":"https:\/\/lasentinelle.dz\/index.php\/2022\/11\/27\/viandes-blanches-vers-un-plafonnement-des-prix\/#primaryimage"},"thumbnailUrl":"https:\/\/lasentinelle.dz\/wp-content\/uploads\/2022\/11\/poulet.png","articleSection":["\u00c0 la Une","\u00c9conomie"],"inLanguage":"fr-FR","potentialAction":[{"@type":"CommentAction","name":"Comment","target":["https:\/\/lasentinelle.dz\/index.php\/2022\/11\/27\/viandes-blanches-vers-un-plafonnement-des-prix\/#respond"]}]},{"@type":"WebPage","@id":"https:\/\/lasentinelle.dz\/index.php\/2022\/11\/27\/viandes-blanches-vers-un-plafonnement-des-prix\/","url":"https:\/\/lasentinelle.dz\/index.php\/2022\/11\/27\/viandes-blanches-vers-un-plafonnement-des-prix\/","name":"Viandes blanches\u00a0: Vers un plafonnement des prix - La Sentinelle","isPartOf":{"@id":"https:\/\/lasentinelle.dz\/#website"},"primaryImageOfPage":{"@id":"https:\/\/lasentinelle.dz\/index.php\/2022\/11\/27\/viandes-blanches-vers-un-plafonnement-des-prix\/#primaryimage"},"image":{"@id":"https:\/\/lasentinelle.dz\/index.php\/2022\/11\/27\/viandes-blanches-vers-un-plafonnement-des-prix\/#primaryimage"},"thumbnailUrl":"https:\/\/lasentinelle.dz\/wp-content\/uploads\/2022\/11\/poulet.png","datePublished":"2022-11-27T21:08:00+00:00","breadcrumb":{"@id":"https:\/\/lasentinelle.dz\/index.php\/2022\/11\/27\/viandes-blanches-vers-un-plafonnement-des-prix\/#breadcrumb"},"inLanguage":"fr-FR","potentialAction":[{"@type":"ReadAction","target":["https:\/\/lasentinelle.dz\/index.php\/2022\/11\/27\/viandes-blanches-vers-un-plafonnement-des-prix\/"]}]},{"@type":"ImageObject","inLanguage":"fr-FR","@id":"https:\/\/lasentinelle.dz\/index.php\/2022\/11\/27\/viandes-blanches-vers-un-plafonnement-des-prix\/#primaryimage","url":"https:\/\/lasentinelle.dz\/wp-content\/uploads\/2022\/11\/poulet.png","contentUrl":"https:\/\/lasentinelle.dz\/wp-content\/uploads\/2022\/11\/poulet.png","width":1521,"height":900},{"@type":"BreadcrumbList","@id":"https:\/\/lasentinelle.dz\/index.php\/2022\/11\/27\/viandes-blanches-vers-un-plafonnement-des-prix\/#breadcrumb","itemListElement":[{"@type":"ListItem","position":1,"name":"Accueil","item":"https:\/\/lasentinelle.dz\/"},{"@type":"ListItem","position":2,"name":"Viandes blanches\u00a0: Vers un plafonnement des prix"}]},{"@type":"WebSite","@id":"https:\/\/lasentinelle.dz\/#website","url":"https:\/\/lasentinelle.dz\/","name":"La Sentinelle","description":"Quotidien national d&#039;information","publisher":{"@id":"https:\/\/lasentinelle.dz\/#organization"},"potentialAction":[{"@type":"SearchAction","target":{"@type":"EntryPoint","urlTemplate":"https:\/\/lasentinelle.dz\/?s={search_term_string}"},"query-input":{"@type":"PropertyValueSpecification","valueRequired":true,"valueName":"search_term_string"}}],"inLanguage":"fr-FR"},{"@type":"Organization","@id":"https:\/\/lasentinelle.dz\/#organization","name":"Quotidien La Sentinelle","url":"https:\/\/lasentinelle.dz\/","logo":{"@type":"ImageObject","inLanguage":"fr-FR","@id":"https:\/\/lasentinelle.dz\/#\/schema\/logo\/image\/","url":"https:\/\/lasentinelle.dz\/wp-content\/uploads\/2021\/09\/logo-sentinelleSLOGAN-1.png","contentUrl":"https:\/\/lasentinelle.dz\/wp-content\/uploads\/2021\/09\/logo-sentinelleSLOGAN-1.png","width":615,"height":142,"caption":"Quotidien La Sentinelle"},"image":{"@id":"https:\/\/lasentinelle.dz\/#\/schema\/logo\/image\/"},"sameAs":["https:\/\/www.facebook.com\/La-Sentinelle-104059864394773"]},{"@type":"Person","@id":"https:\/\/lasentinelle.dz\/#\/schema\/person\/d865044e22e70a75174ce8bcad3acfb3","name":"La Sentinelle","image":{"@type":"ImageObject","inLanguage":"fr-FR","@id":"https:\/\/secure.gravatar.com\/avatar\/57de8e5d4b15d43fb361a71fbb36338450fe67865b528a43dd10ef7c51a20392?s=96&d=mm&r=g","url":"https:\/\/secure.gravatar.com\/avatar\/57de8e5d4b15d43fb361a71fbb36338450fe67865b528a43dd10ef7c51a20392?s=96&d=mm&r=g","contentUrl":"https:\/\/secure.gravatar.com\/avatar\/57de8e5d4b15d43fb361a71fbb36338450fe67865b528a43dd10ef7c51a20392?s=96&d=mm&r=g","caption":"La Sentinelle"},"sameAs":["http:\/\/www.lasentinelle.dz"],"url":"https:\/\/lasentinelle.dz\/author\/redaction\/"}]}},"_links":{"self":[{"href":"https:\/\/lasentinelle.dz\/index.php\/wp-json\/wp\/v2\/posts\/31571","targetHints":{"allow":["GET"]}}],"collection":[{"href":"https:\/\/lasentinelle.dz\/index.php\/wp-json\/wp\/v2\/posts"}],"about":[{"href":"https:\/\/lasentinelle.dz\/index.php\/wp-json\/wp\/v2\/types\/post"}],"author":[{"embeddable":true,"href":"https:\/\/lasentinelle.dz\/index.php\/wp-json\/wp\/v2\/users\/3"}],"replies":[{"embeddable":true,"href":"https:\/\/lasentinelle.dz\/index.php\/wp-json\/wp\/v2\/comments?post=31571"}],"version-history":[{"count":2,"href":"https:\/\/lasentinelle.dz\/index.php\/wp-json\/wp\/v2\/posts\/31571\/revisions"}],"predecessor-version":[{"id":31608,"href":"https:\/\/lasentinelle.dz\/index.php\/wp-json\/wp\/v2\/posts\/31571\/revisions\/31608"}],"wp:featuredmedia":[{"embeddable":true,"href":"https:\/\/lasentinelle.dz\/index.php\/wp-json\/wp\/v2\/media\/31574"}],"wp:attachment":[{"href":"https:\/\/lasentinelle.dz\/index.php\/wp-json\/wp\/v2\/media?parent=31571"}],"wp:term":[{"taxonomy":"category","embeddable":true,"href":"https:\/\/lasentinelle.dz\/index.php\/wp-json\/wp\/v2\/categories?post=31571"},{"taxonomy":"post_tag","embeddable":true,"href":"https:\/\/lasentinelle.dz\/index.php\/wp-json\/wp\/v2\/tags?post=31571"}],"curies":[{"name":"wp","href":"https:\/\/api.w.org\/{rel}","templated":true}]}}