{"id":31583,"date":"2022-11-27T22:05:00","date_gmt":"2022-11-27T21:05:00","guid":{"rendered":"https:\/\/lasentinelle.dz\/?p=31583"},"modified":"2022-11-27T19:50:06","modified_gmt":"2022-11-27T18:50:06","slug":"sahara-occidental-les-mexicains-affichent-leur-soutien-a-la-cause-sahraouie","status":"publish","type":"post","link":"https:\/\/lasentinelle.dz\/index.php\/2022\/11\/27\/sahara-occidental-les-mexicains-affichent-leur-soutien-a-la-cause-sahraouie\/","title":{"rendered":"Sahara occidental\u00a0: Les Mexicains affichent leur soutien \u00e0 la cause sahraouie"},"content":{"rendered":"\n<p>Le quotidien mexicain \u00ab\u00a0Exc\u00e9lsior\u00a0\u00bb, l&rsquo;un des trois journaux \u00e0 grand tirage au Mexique, a publi\u00e9 un article consacr\u00e9 \u00e0 la cause sahraouie, intitul\u00e9 \u00ab\u00a0La lutte des Sahraouis contre l&rsquo;Etat de si\u00e8ge impos\u00e9 par le Maroc : conflit de fer\u00a0\u00bb.L&rsquo;auteur de l&rsquo;article, Miguel Alejandro Rivera a notamment mis en exergue le caract\u00e8re paradoxal de la d\u00e9cision prise, en mars 2022, par Madrid appuyant les th\u00e8ses marocaines au Sahara occidental, en indiquant qu&rsquo;elle est contraire \u00e0 la position historique de l&rsquo;Espagne sur ce conflit.\u00a0\u00bbLa position espagnole est controvers\u00e9e car, officiellement, ce pays europ\u00e9en a eu toujours une position en conformit\u00e9 avec les r\u00e9solutions de l&rsquo;ONU, qui visent un accord entre Marocains et Sahraouis\u00a0\u00bb, a-t-il soutenu, rappelant une s\u00e9rie de faits historiques et juridiques qui prouvent que l&rsquo;occupation marocaine au Sahara occidental est ill\u00e9gale et que la position de Madrid manque d&rsquo;arguments objectifs.Dans son article, Miguel Alejandro Rivera \u00e9voque, entre autres, la position de la Commission nationale mexicaine des droits de l&rsquo;Homme (CNDH) qui consid\u00e8re que la soi-disant \u00ab\u00a0Marche verte\u00a0\u00bb constitue non seulement un signe de la pr\u00e9sence du Maroc en tant que puissance occupante du territoire sahraoui, mais \u00e9galement le d\u00e9but de l&rsquo;exil de sa population et de la violation des droits de l&rsquo;Homme dans ces territoires o\u00f9 un mur de sable a \u00e9t\u00e9 construit et qui se trouve \u00eatre plus long que le mur que l&rsquo;occupant sioniste a \u00e9rig\u00e9 en Cisjordanie.\u00a0\u00bb(&#8230;) Le Maroc a construit, en 6 phases, un mur connu sous le nom de Mur de la honte qui, selon des medias espagnols comme RTVE ou saharaoccidental.es, est surveill\u00e9 par quelques 160.000 soldats et prot\u00e9g\u00e9 par 5 millions de mines antipersonnels\u00a0\u00bb, a soutenu le journaliste mexicain.Evoquant les relations avec les Sahraouis en Am\u00e9rique latine, le quotidien \u00ab\u00a0Exc\u00e9lsior\u00a0\u00bb, cr\u00e9\u00e9 en 1917, rappelle qu&rsquo;en juillet dernier, des membres du Parlement du Mercosur (March\u00e9 commun du Sud) ont publi\u00e9 une lettre dans laquelle ils exprimaient \u00ab\u00a0leur inqui\u00e9tude quant au possible rapprochement institutionnel\u00a0\u00bb de cette instance sud-am\u00e9ricaine avec le royaume du Maroc.Ils ont rejet\u00e9 l&rsquo;occupation militaire marocaine de la R\u00e9publique sahraouie, ainsi que les graves violations des droits de l&rsquo;Homme dans les territoires occup\u00e9s \u00ab\u00a0o\u00f9 les gendarmes marocains pratiquent toutes sortes de brutalit\u00e9 \u00e0 l&rsquo;\u00e9gard des civils sahraouis\u00a0\u00bb.Au Mexique, le 5 avril dernier, a \u00e9t\u00e9 install\u00e9 au niveau de la Chambre des d\u00e9put\u00e9s, le Groupe d&rsquo;amiti\u00e9 avec la R\u00e9publique sahraouie. Le pr\u00e9sident de la commission des relations ext\u00e9rieures de cette Chambre, Alfredo Remat Banuelos, avait d\u00e9clar\u00e9 que le Mexique reconnait le Sahara occidental depuis 1979 comme un Etat \u00e0 part enti\u00e8re au sein de la communaut\u00e9 internationale.<\/p>\n\n\n\n<p>APS<\/p>\n","protected":false},"excerpt":{"rendered":"<p>Le quotidien mexicain \u00ab\u00a0Exc\u00e9lsior\u00a0\u00bb, l&rsquo;un des trois journaux \u00e0 grand tirage au Mexique, a publi\u00e9 un article consacr\u00e9 \u00e0 la<\/p>\n","protected":false},"author":3,"featured_media":31596,"comment_status":"open","ping_status":"closed","sticky":false,"template":"","format":"standard","meta":{"colormag_page_container_layout":"default_layout","colormag_page_sidebar_layout":"default_layout","om_disable_all_campaigns":false,"_monsterinsights_skip_tracking":false,"_monsterinsights_sitenote_active":false,"_monsterinsights_sitenote_note":"","_monsterinsights_sitenote_category":0,"footnotes":"","_wpscppro_dont_share_socialmedia":false,"_wpscppro_custom_social_share_image":0,"_facebook_share_type":"","_twitter_share_type":"","_linkedin_share_type":"","_pinterest_share_type":"","_linkedin_share_type_page":"","_instagram_share_type":"","_medium_share_type":"","_threads_share_type":"","_google_business_share_type":"","_selected_social_profile":[],"_wpsp_enable_custom_social_template":false,"_wpsp_social_scheduling":{"enabled":false,"datetime":null,"platforms":[],"status":"template_only","dateOption":"today","timeOption":"now","customDays":"","customHours":"","customDate":"","customTime":"","schedulingType":"absolute"},"_wpsp_active_default_template":true},"categories":[27],"tags":[],"class_list":["post-31583","post","type-post","status-publish","format-standard","has-post-thumbnail","hentry","category-actualite"],"aioseo_notices":[],"yoast_head":"<!-- This site is optimized with the Yoast SEO plugin v27.5 - https:\/\/yoast.com\/product\/yoast-seo-wordpress\/ -->\n<title>Sahara occidental\u00a0: Les Mexicains affichent leur soutien \u00e0 la cause sahraouie - La Sentinelle<\/title>\n<meta name=\"robots\" content=\"index, follow, max-snippet:-1, max-image-preview:large, max-video-preview:-1\" \/>\n<link rel=\"canonical\" href=\"https:\/\/lasentinelle.dz\/index.php\/2022\/11\/27\/sahara-occidental-les-mexicains-affichent-leur-soutien-a-la-cause-sahraouie\/\" \/>\n<meta property=\"og:locale\" content=\"fr_FR\" \/>\n<meta property=\"og:type\" content=\"article\" \/>\n<meta property=\"og:title\" content=\"Sahara occidental\u00a0: Les Mexicains affichent leur soutien \u00e0 la cause sahraouie - La Sentinelle\" \/>\n<meta property=\"og:description\" content=\"Le quotidien mexicain \u00ab\u00a0Exc\u00e9lsior\u00a0\u00bb, l&rsquo;un des trois journaux \u00e0 grand tirage au Mexique, a publi\u00e9 un article consacr\u00e9 \u00e0 la\" \/>\n<meta property=\"og:url\" content=\"https:\/\/lasentinelle.dz\/index.php\/2022\/11\/27\/sahara-occidental-les-mexicains-affichent-leur-soutien-a-la-cause-sahraouie\/\" \/>\n<meta property=\"og:site_name\" content=\"La Sentinelle\" \/>\n<meta property=\"article:publisher\" content=\"https:\/\/www.facebook.com\/La-Sentinelle-104059864394773\" \/>\n<meta property=\"article:published_time\" content=\"2022-11-27T21:05:00+00:00\" \/>\n<meta property=\"og:image\" content=\"https:\/\/lasentinelle.dz\/wp-content\/uploads\/2022\/11\/image_2022-11-27_194422117.png\" \/>\n\t<meta property=\"og:image:width\" content=\"745\" \/>\n\t<meta property=\"og:image:height\" content=\"470\" \/>\n\t<meta property=\"og:image:type\" content=\"image\/png\" \/>\n<meta name=\"author\" content=\"La Sentinelle\" \/>\n<meta name=\"twitter:card\" content=\"summary_large_image\" \/>\n<meta name=\"twitter:label1\" content=\"\u00c9crit par\" \/>\n\t<meta name=\"twitter:data1\" content=\"La Sentinelle\" \/>\n\t<meta name=\"twitter:label2\" content=\"Dur\u00e9e de lecture estim\u00e9e\" \/>\n\t<meta name=\"twitter:data2\" content=\"3 minutes\" \/>\n<script type=\"application\/ld+json\" class=\"yoast-schema-graph\">{\"@context\":\"https:\\\/\\\/schema.org\",\"@graph\":[{\"@type\":\"Article\",\"@id\":\"https:\\\/\\\/lasentinelle.dz\\\/index.php\\\/2022\\\/11\\\/27\\\/sahara-occidental-les-mexicains-affichent-leur-soutien-a-la-cause-sahraouie\\\/#article\",\"isPartOf\":{\"@id\":\"https:\\\/\\\/lasentinelle.dz\\\/index.php\\\/2022\\\/11\\\/27\\\/sahara-occidental-les-mexicains-affichent-leur-soutien-a-la-cause-sahraouie\\\/\"},\"author\":{\"name\":\"La Sentinelle\",\"@id\":\"https:\\\/\\\/lasentinelle.dz\\\/#\\\/schema\\\/person\\\/d865044e22e70a75174ce8bcad3acfb3\"},\"headline\":\"Sahara occidental\u00a0: Les Mexicains affichent leur soutien \u00e0 la cause sahraouie\",\"datePublished\":\"2022-11-27T21:05:00+00:00\",\"mainEntityOfPage\":{\"@id\":\"https:\\\/\\\/lasentinelle.dz\\\/index.php\\\/2022\\\/11\\\/27\\\/sahara-occidental-les-mexicains-affichent-leur-soutien-a-la-cause-sahraouie\\\/\"},\"wordCount\":473,\"commentCount\":0,\"publisher\":{\"@id\":\"https:\\\/\\\/lasentinelle.dz\\\/#organization\"},\"image\":{\"@id\":\"https:\\\/\\\/lasentinelle.dz\\\/index.php\\\/2022\\\/11\\\/27\\\/sahara-occidental-les-mexicains-affichent-leur-soutien-a-la-cause-sahraouie\\\/#primaryimage\"},\"thumbnailUrl\":\"https:\\\/\\\/lasentinelle.dz\\\/wp-content\\\/uploads\\\/2022\\\/11\\\/image_2022-11-27_194422117.png\",\"articleSection\":[\"Actualit\u00e9\"],\"inLanguage\":\"fr-FR\",\"potentialAction\":[{\"@type\":\"CommentAction\",\"name\":\"Comment\",\"target\":[\"https:\\\/\\\/lasentinelle.dz\\\/index.php\\\/2022\\\/11\\\/27\\\/sahara-occidental-les-mexicains-affichent-leur-soutien-a-la-cause-sahraouie\\\/#respond\"]}]},{\"@type\":\"WebPage\",\"@id\":\"https:\\\/\\\/lasentinelle.dz\\\/index.php\\\/2022\\\/11\\\/27\\\/sahara-occidental-les-mexicains-affichent-leur-soutien-a-la-cause-sahraouie\\\/\",\"url\":\"https:\\\/\\\/lasentinelle.dz\\\/index.php\\\/2022\\\/11\\\/27\\\/sahara-occidental-les-mexicains-affichent-leur-soutien-a-la-cause-sahraouie\\\/\",\"name\":\"Sahara occidental\u00a0: Les Mexicains affichent leur soutien \u00e0 la cause sahraouie - La Sentinelle\",\"isPartOf\":{\"@id\":\"https:\\\/\\\/lasentinelle.dz\\\/#website\"},\"primaryImageOfPage\":{\"@id\":\"https:\\\/\\\/lasentinelle.dz\\\/index.php\\\/2022\\\/11\\\/27\\\/sahara-occidental-les-mexicains-affichent-leur-soutien-a-la-cause-sahraouie\\\/#primaryimage\"},\"image\":{\"@id\":\"https:\\\/\\\/lasentinelle.dz\\\/index.php\\\/2022\\\/11\\\/27\\\/sahara-occidental-les-mexicains-affichent-leur-soutien-a-la-cause-sahraouie\\\/#primaryimage\"},\"thumbnailUrl\":\"https:\\\/\\\/lasentinelle.dz\\\/wp-content\\\/uploads\\\/2022\\\/11\\\/image_2022-11-27_194422117.png\",\"datePublished\":\"2022-11-27T21:05:00+00:00\",\"breadcrumb\":{\"@id\":\"https:\\\/\\\/lasentinelle.dz\\\/index.php\\\/2022\\\/11\\\/27\\\/sahara-occidental-les-mexicains-affichent-leur-soutien-a-la-cause-sahraouie\\\/#breadcrumb\"},\"inLanguage\":\"fr-FR\",\"potentialAction\":[{\"@type\":\"ReadAction\",\"target\":[\"https:\\\/\\\/lasentinelle.dz\\\/index.php\\\/2022\\\/11\\\/27\\\/sahara-occidental-les-mexicains-affichent-leur-soutien-a-la-cause-sahraouie\\\/\"]}]},{\"@type\":\"ImageObject\",\"inLanguage\":\"fr-FR\",\"@id\":\"https:\\\/\\\/lasentinelle.dz\\\/index.php\\\/2022\\\/11\\\/27\\\/sahara-occidental-les-mexicains-affichent-leur-soutien-a-la-cause-sahraouie\\\/#primaryimage\",\"url\":\"https:\\\/\\\/lasentinelle.dz\\\/wp-content\\\/uploads\\\/2022\\\/11\\\/image_2022-11-27_194422117.png\",\"contentUrl\":\"https:\\\/\\\/lasentinelle.dz\\\/wp-content\\\/uploads\\\/2022\\\/11\\\/image_2022-11-27_194422117.png\",\"width\":745,\"height\":470},{\"@type\":\"BreadcrumbList\",\"@id\":\"https:\\\/\\\/lasentinelle.dz\\\/index.php\\\/2022\\\/11\\\/27\\\/sahara-occidental-les-mexicains-affichent-leur-soutien-a-la-cause-sahraouie\\\/#breadcrumb\",\"itemListElement\":[{\"@type\":\"ListItem\",\"position\":1,\"name\":\"Accueil\",\"item\":\"https:\\\/\\\/lasentinelle.dz\\\/\"},{\"@type\":\"ListItem\",\"position\":2,\"name\":\"Sahara occidental\u00a0: Les Mexicains affichent leur soutien \u00e0 la cause sahraouie\"}]},{\"@type\":\"WebSite\",\"@id\":\"https:\\\/\\\/lasentinelle.dz\\\/#website\",\"url\":\"https:\\\/\\\/lasentinelle.dz\\\/\",\"name\":\"La Sentinelle\",\"description\":\"Quotidien national d&#039;information\",\"publisher\":{\"@id\":\"https:\\\/\\\/lasentinelle.dz\\\/#organization\"},\"potentialAction\":[{\"@type\":\"SearchAction\",\"target\":{\"@type\":\"EntryPoint\",\"urlTemplate\":\"https:\\\/\\\/lasentinelle.dz\\\/?s={search_term_string}\"},\"query-input\":{\"@type\":\"PropertyValueSpecification\",\"valueRequired\":true,\"valueName\":\"search_term_string\"}}],\"inLanguage\":\"fr-FR\"},{\"@type\":\"Organization\",\"@id\":\"https:\\\/\\\/lasentinelle.dz\\\/#organization\",\"name\":\"Quotidien La Sentinelle\",\"url\":\"https:\\\/\\\/lasentinelle.dz\\\/\",\"logo\":{\"@type\":\"ImageObject\",\"inLanguage\":\"fr-FR\",\"@id\":\"https:\\\/\\\/lasentinelle.dz\\\/#\\\/schema\\\/logo\\\/image\\\/\",\"url\":\"https:\\\/\\\/lasentinelle.dz\\\/wp-content\\\/uploads\\\/2021\\\/09\\\/logo-sentinelleSLOGAN-1.png\",\"contentUrl\":\"https:\\\/\\\/lasentinelle.dz\\\/wp-content\\\/uploads\\\/2021\\\/09\\\/logo-sentinelleSLOGAN-1.png\",\"width\":615,\"height\":142,\"caption\":\"Quotidien La Sentinelle\"},\"image\":{\"@id\":\"https:\\\/\\\/lasentinelle.dz\\\/#\\\/schema\\\/logo\\\/image\\\/\"},\"sameAs\":[\"https:\\\/\\\/www.facebook.com\\\/La-Sentinelle-104059864394773\"]},{\"@type\":\"Person\",\"@id\":\"https:\\\/\\\/lasentinelle.dz\\\/#\\\/schema\\\/person\\\/d865044e22e70a75174ce8bcad3acfb3\",\"name\":\"La Sentinelle\",\"image\":{\"@type\":\"ImageObject\",\"inLanguage\":\"fr-FR\",\"@id\":\"https:\\\/\\\/secure.gravatar.com\\\/avatar\\\/57de8e5d4b15d43fb361a71fbb36338450fe67865b528a43dd10ef7c51a20392?s=96&d=mm&r=g\",\"url\":\"https:\\\/\\\/secure.gravatar.com\\\/avatar\\\/57de8e5d4b15d43fb361a71fbb36338450fe67865b528a43dd10ef7c51a20392?s=96&d=mm&r=g\",\"contentUrl\":\"https:\\\/\\\/secure.gravatar.com\\\/avatar\\\/57de8e5d4b15d43fb361a71fbb36338450fe67865b528a43dd10ef7c51a20392?s=96&d=mm&r=g\",\"caption\":\"La Sentinelle\"},\"sameAs\":[\"http:\\\/\\\/www.lasentinelle.dz\"],\"url\":\"https:\\\/\\\/lasentinelle.dz\\\/author\\\/redaction\\\/\"}]}<\/script>\n<!-- \/ Yoast SEO plugin. -->","yoast_head_json":{"title":"Sahara occidental\u00a0: Les Mexicains affichent leur soutien \u00e0 la cause sahraouie - La Sentinelle","robots":{"index":"index","follow":"follow","max-snippet":"max-snippet:-1","max-image-preview":"max-image-preview:large","max-video-preview":"max-video-preview:-1"},"canonical":"https:\/\/lasentinelle.dz\/index.php\/2022\/11\/27\/sahara-occidental-les-mexicains-affichent-leur-soutien-a-la-cause-sahraouie\/","og_locale":"fr_FR","og_type":"article","og_title":"Sahara occidental\u00a0: Les Mexicains affichent leur soutien \u00e0 la cause sahraouie - La Sentinelle","og_description":"Le quotidien mexicain \u00ab\u00a0Exc\u00e9lsior\u00a0\u00bb, l&rsquo;un des trois journaux \u00e0 grand tirage au Mexique, a publi\u00e9 un article consacr\u00e9 \u00e0 la","og_url":"https:\/\/lasentinelle.dz\/index.php\/2022\/11\/27\/sahara-occidental-les-mexicains-affichent-leur-soutien-a-la-cause-sahraouie\/","og_site_name":"La Sentinelle","article_publisher":"https:\/\/www.facebook.com\/La-Sentinelle-104059864394773","article_published_time":"2022-11-27T21:05:00+00:00","og_image":[{"width":745,"height":470,"url":"https:\/\/lasentinelle.dz\/wp-content\/uploads\/2022\/11\/image_2022-11-27_194422117.png","type":"image\/png"}],"author":"La Sentinelle","twitter_card":"summary_large_image","twitter_misc":{"\u00c9crit par":"La Sentinelle","Dur\u00e9e de lecture estim\u00e9e":"3 minutes"},"schema":{"@context":"https:\/\/schema.org","@graph":[{"@type":"Article","@id":"https:\/\/lasentinelle.dz\/index.php\/2022\/11\/27\/sahara-occidental-les-mexicains-affichent-leur-soutien-a-la-cause-sahraouie\/#article","isPartOf":{"@id":"https:\/\/lasentinelle.dz\/index.php\/2022\/11\/27\/sahara-occidental-les-mexicains-affichent-leur-soutien-a-la-cause-sahraouie\/"},"author":{"name":"La Sentinelle","@id":"https:\/\/lasentinelle.dz\/#\/schema\/person\/d865044e22e70a75174ce8bcad3acfb3"},"headline":"Sahara occidental\u00a0: Les Mexicains affichent leur soutien \u00e0 la cause sahraouie","datePublished":"2022-11-27T21:05:00+00:00","mainEntityOfPage":{"@id":"https:\/\/lasentinelle.dz\/index.php\/2022\/11\/27\/sahara-occidental-les-mexicains-affichent-leur-soutien-a-la-cause-sahraouie\/"},"wordCount":473,"commentCount":0,"publisher":{"@id":"https:\/\/lasentinelle.dz\/#organization"},"image":{"@id":"https:\/\/lasentinelle.dz\/index.php\/2022\/11\/27\/sahara-occidental-les-mexicains-affichent-leur-soutien-a-la-cause-sahraouie\/#primaryimage"},"thumbnailUrl":"https:\/\/lasentinelle.dz\/wp-content\/uploads\/2022\/11\/image_2022-11-27_194422117.png","articleSection":["Actualit\u00e9"],"inLanguage":"fr-FR","potentialAction":[{"@type":"CommentAction","name":"Comment","target":["https:\/\/lasentinelle.dz\/index.php\/2022\/11\/27\/sahara-occidental-les-mexicains-affichent-leur-soutien-a-la-cause-sahraouie\/#respond"]}]},{"@type":"WebPage","@id":"https:\/\/lasentinelle.dz\/index.php\/2022\/11\/27\/sahara-occidental-les-mexicains-affichent-leur-soutien-a-la-cause-sahraouie\/","url":"https:\/\/lasentinelle.dz\/index.php\/2022\/11\/27\/sahara-occidental-les-mexicains-affichent-leur-soutien-a-la-cause-sahraouie\/","name":"Sahara occidental\u00a0: Les Mexicains affichent leur soutien \u00e0 la cause sahraouie - La Sentinelle","isPartOf":{"@id":"https:\/\/lasentinelle.dz\/#website"},"primaryImageOfPage":{"@id":"https:\/\/lasentinelle.dz\/index.php\/2022\/11\/27\/sahara-occidental-les-mexicains-affichent-leur-soutien-a-la-cause-sahraouie\/#primaryimage"},"image":{"@id":"https:\/\/lasentinelle.dz\/index.php\/2022\/11\/27\/sahara-occidental-les-mexicains-affichent-leur-soutien-a-la-cause-sahraouie\/#primaryimage"},"thumbnailUrl":"https:\/\/lasentinelle.dz\/wp-content\/uploads\/2022\/11\/image_2022-11-27_194422117.png","datePublished":"2022-11-27T21:05:00+00:00","breadcrumb":{"@id":"https:\/\/lasentinelle.dz\/index.php\/2022\/11\/27\/sahara-occidental-les-mexicains-affichent-leur-soutien-a-la-cause-sahraouie\/#breadcrumb"},"inLanguage":"fr-FR","potentialAction":[{"@type":"ReadAction","target":["https:\/\/lasentinelle.dz\/index.php\/2022\/11\/27\/sahara-occidental-les-mexicains-affichent-leur-soutien-a-la-cause-sahraouie\/"]}]},{"@type":"ImageObject","inLanguage":"fr-FR","@id":"https:\/\/lasentinelle.dz\/index.php\/2022\/11\/27\/sahara-occidental-les-mexicains-affichent-leur-soutien-a-la-cause-sahraouie\/#primaryimage","url":"https:\/\/lasentinelle.dz\/wp-content\/uploads\/2022\/11\/image_2022-11-27_194422117.png","contentUrl":"https:\/\/lasentinelle.dz\/wp-content\/uploads\/2022\/11\/image_2022-11-27_194422117.png","width":745,"height":470},{"@type":"BreadcrumbList","@id":"https:\/\/lasentinelle.dz\/index.php\/2022\/11\/27\/sahara-occidental-les-mexicains-affichent-leur-soutien-a-la-cause-sahraouie\/#breadcrumb","itemListElement":[{"@type":"ListItem","position":1,"name":"Accueil","item":"https:\/\/lasentinelle.dz\/"},{"@type":"ListItem","position":2,"name":"Sahara occidental\u00a0: Les Mexicains affichent leur soutien \u00e0 la cause sahraouie"}]},{"@type":"WebSite","@id":"https:\/\/lasentinelle.dz\/#website","url":"https:\/\/lasentinelle.dz\/","name":"La Sentinelle","description":"Quotidien national d&#039;information","publisher":{"@id":"https:\/\/lasentinelle.dz\/#organization"},"potentialAction":[{"@type":"SearchAction","target":{"@type":"EntryPoint","urlTemplate":"https:\/\/lasentinelle.dz\/?s={search_term_string}"},"query-input":{"@type":"PropertyValueSpecification","valueRequired":true,"valueName":"search_term_string"}}],"inLanguage":"fr-FR"},{"@type":"Organization","@id":"https:\/\/lasentinelle.dz\/#organization","name":"Quotidien La Sentinelle","url":"https:\/\/lasentinelle.dz\/","logo":{"@type":"ImageObject","inLanguage":"fr-FR","@id":"https:\/\/lasentinelle.dz\/#\/schema\/logo\/image\/","url":"https:\/\/lasentinelle.dz\/wp-content\/uploads\/2021\/09\/logo-sentinelleSLOGAN-1.png","contentUrl":"https:\/\/lasentinelle.dz\/wp-content\/uploads\/2021\/09\/logo-sentinelleSLOGAN-1.png","width":615,"height":142,"caption":"Quotidien La Sentinelle"},"image":{"@id":"https:\/\/lasentinelle.dz\/#\/schema\/logo\/image\/"},"sameAs":["https:\/\/www.facebook.com\/La-Sentinelle-104059864394773"]},{"@type":"Person","@id":"https:\/\/lasentinelle.dz\/#\/schema\/person\/d865044e22e70a75174ce8bcad3acfb3","name":"La Sentinelle","image":{"@type":"ImageObject","inLanguage":"fr-FR","@id":"https:\/\/secure.gravatar.com\/avatar\/57de8e5d4b15d43fb361a71fbb36338450fe67865b528a43dd10ef7c51a20392?s=96&d=mm&r=g","url":"https:\/\/secure.gravatar.com\/avatar\/57de8e5d4b15d43fb361a71fbb36338450fe67865b528a43dd10ef7c51a20392?s=96&d=mm&r=g","contentUrl":"https:\/\/secure.gravatar.com\/avatar\/57de8e5d4b15d43fb361a71fbb36338450fe67865b528a43dd10ef7c51a20392?s=96&d=mm&r=g","caption":"La Sentinelle"},"sameAs":["http:\/\/www.lasentinelle.dz"],"url":"https:\/\/lasentinelle.dz\/author\/redaction\/"}]}},"_links":{"self":[{"href":"https:\/\/lasentinelle.dz\/index.php\/wp-json\/wp\/v2\/posts\/31583","targetHints":{"allow":["GET"]}}],"collection":[{"href":"https:\/\/lasentinelle.dz\/index.php\/wp-json\/wp\/v2\/posts"}],"about":[{"href":"https:\/\/lasentinelle.dz\/index.php\/wp-json\/wp\/v2\/types\/post"}],"author":[{"embeddable":true,"href":"https:\/\/lasentinelle.dz\/index.php\/wp-json\/wp\/v2\/users\/3"}],"replies":[{"embeddable":true,"href":"https:\/\/lasentinelle.dz\/index.php\/wp-json\/wp\/v2\/comments?post=31583"}],"version-history":[{"count":1,"href":"https:\/\/lasentinelle.dz\/index.php\/wp-json\/wp\/v2\/posts\/31583\/revisions"}],"predecessor-version":[{"id":31599,"href":"https:\/\/lasentinelle.dz\/index.php\/wp-json\/wp\/v2\/posts\/31583\/revisions\/31599"}],"wp:featuredmedia":[{"embeddable":true,"href":"https:\/\/lasentinelle.dz\/index.php\/wp-json\/wp\/v2\/media\/31596"}],"wp:attachment":[{"href":"https:\/\/lasentinelle.dz\/index.php\/wp-json\/wp\/v2\/media?parent=31583"}],"wp:term":[{"taxonomy":"category","embeddable":true,"href":"https:\/\/lasentinelle.dz\/index.php\/wp-json\/wp\/v2\/categories?post=31583"},{"taxonomy":"post_tag","embeddable":true,"href":"https:\/\/lasentinelle.dz\/index.php\/wp-json\/wp\/v2\/tags?post=31583"}],"curies":[{"name":"wp","href":"https:\/\/api.w.org\/{rel}","templated":true}]}}