{"id":31584,"date":"2022-11-27T22:10:00","date_gmt":"2022-11-27T21:10:00","guid":{"rendered":"https:\/\/lasentinelle.dz\/?p=31584"},"modified":"2022-11-27T20:16:36","modified_gmt":"2022-11-27T19:16:36","slug":"liran-acte-son-adhesion-a-lorganisation-de-cooperation-de-shanghai-le-bloc-geopolitique-eurasiatique-se-renforce","status":"publish","type":"post","link":"https:\/\/lasentinelle.dz\/index.php\/2022\/11\/27\/liran-acte-son-adhesion-a-lorganisation-de-cooperation-de-shanghai-le-bloc-geopolitique-eurasiatique-se-renforce\/","title":{"rendered":"L\u2019Iran acte son adh\u00e9sion \u00e0 l\u2019organisation de coop\u00e9ration de Shanghai\u00a0: Le bloc g\u00e9opolitique eurasiatique se renforce"},"content":{"rendered":"\n<p>Le Parlement iranien a approuv\u00e9 hier \u00e0 la majorit\u00e9 un projet de loi sur l&rsquo;adh\u00e9sion de l&rsquo;Iran \u00e0 l&rsquo;Organisation de coop\u00e9ration de Shanghai (OCS).L&rsquo;Iran avait jusqu&rsquo;\u00e0 pr\u00e9sent un r\u00f4le d&rsquo;observateur dans cette organisation, dont la Russie et la Chine sont \u00e9galement membres.<\/p>\n\n\n\n<p>Avec 205 voix pour, trois voix contre et quatre abstentions, le parlement iranien a approuv\u00e9 le projet de loi permettant \u00e0 l&rsquo;Iran d&rsquo;adh\u00e9rer \u00e0 l&rsquo;organisation, fond\u00e9e en 2001, qui regroupe les principales nations productrices de p\u00e9trole dans le monde.Un porte-parole de la commission de s\u00e9curit\u00e9 nationale du parlement iranien a d\u00e9clar\u00e9 lors du vote que l&rsquo;OCS avait \u00ab un message international important \u00bb, car elle est \u00ab l&rsquo;une des organisations r\u00e9gionales les plus influentes \u00bb \u00aben raison du volume des \u00e9changes \u00e9conomiques entre les pays \u00bb, selon l&rsquo;agence de presse IRNA. C\u2019est au cours du sommet de l&rsquo;OCS qui s\u2019est tenu en septembre dernier en Ouzb\u00e9kistan que l&rsquo;Iran a sign\u00e9 un protocole d&rsquo;engagement \u00e0 rejoindre l&rsquo;organisation. Le mois de septembre a \u00e9galement vu le d\u00e9but du processus d&rsquo;admission du Belarus comme membre \u00e0 part enti\u00e8re de l&rsquo;organisation.L\u2019expansion de l\u2019Organisation de coop\u00e9ration de Shanghai (OCS) t\u00e9moigne de la popularit\u00e9 de ses principes. L\u2019OCS a \u00e9t\u00e9 fond\u00e9e avec six membres en 2001 et en compte aujourd\u2019hui huit, auxquels s\u2019ajoutent quatre Etats observateurs et six partenaires de dialogue. Une dizaine de pays ont exprim\u00e9 leur souhait de rejoindre l\u2019OCS ou de renforcer leur statut au sein de l\u2019organisation. Pourquoi ce fort int\u00e9r\u00eat pour l\u2019OCS ? Pour le secr\u00e9taire g\u00e9n\u00e9ral de l\u2019organisation, Zhang Ming, cet attrait s\u2019explique par l\u2019Esprit de Shanghai qui promeut le multilat\u00e9ralisme et repr\u00e9sente les valeurs partag\u00e9es par les Etats membres. \u00ab Son essence est que les relations inter\u00e9tatiques doivent \u00eatre construites sur des fondations d\u2019\u00e9galit\u00e9, de respect mutuel, de consid\u00e9ration des pr\u00e9occupations et des int\u00e9r\u00eats respectifs, de coop\u00e9ration gagnant-gagnant et de reconnaissance mutuelle du droit de chacun \u00e0 choisir sa propre voie de d\u00e9veloppement social et politique\u00bb, avait-il soutenu lors du dernier sommet de l\u2019OCS qui s\u2019est tenu en septembre dernier en Ouzb\u00e9kistan.<\/p>\n\n\n\n<p><strong>Bloc g\u00e9opolitique eurasiatique<\/strong><\/p>\n\n\n\n<p>Zhang Ming avait soulign\u00e9 \u00e9galement que l\u2019Esprit de Shanghai constitue un \u00e9l\u00e9ment central pour b\u00e2tir un nouveau type de relations internationales et une communaut\u00e9 de destin pour l\u2019humanit\u00e9, pr\u00e9cisant que l\u2019aspiration originale de la fondation de l\u2019OCS, \u00e0 savoir la pr\u00e9servation de la s\u00e9curit\u00e9 et de la stabilit\u00e9 r\u00e9gionales, reste sa priorit\u00e9. Autrement dit, les membres militent en faveur d\u2019un monde multipolaire et pour la fin de l\u2019h\u00e9g\u00e9monie occidentale. L\u2019OCS constitue l\u2019aboutissement de la volont\u00e9 russo-chinoise de stabiliser l\u2019Asie centrale, consid\u00e9r\u00e9e comme un enjeu de s\u00e9curit\u00e9 commun et prioritaire. Il n\u2019est plus un secret pour personne aussi en effet que cette instance sert \u00e9galement de contrepoids \u00e0 l\u2019influence am\u00e9ricaine \u00e0 l\u2019international et de relais pour des ambitions plus globales.<\/p>\n\n\n\n<p>A l\u2019image de la Chine, la Russie s\u2019investit beaucoup effectivement dans la promotion de l\u2019OCS comme bloc g\u00e9opolitique (eurasiatique) capable de contrebalancer l\u2019influence de l\u2019Occident. Cela surtout que l\u2019OCS renferme de nombreuses puissances \u00e9conomiques et militaires.&nbsp; D\u00e9but novembre, le ministre russe des Affaires \u00e9trang\u00e8res, Sergue\u00ef Lavrov, a d\u2019ailleurs salu\u00e9 le r\u00f4le de l&rsquo;Organisation et exprim\u00e9 sa confiance dans son d\u00e9veloppement futur.<\/p>\n\n\n\n<p>Selon le chef de la diplomatie russe, l&rsquo;OCS a achev\u00e9 sa t\u00e2che initiale d&rsquo;assurer l&rsquo;ordre aux fronti\u00e8res entre les pays d&rsquo;Asie centrale, la Chine et la Russie. \u00ab Au fur et \u00e0 mesure de son \u00e9volution, l&rsquo;OCS a commenc\u00e9 \u00e0 accorder plus d&rsquo;attention \u00e0 la lutte contre les nouveaux d\u00e9fis et menaces, tels que le terrorisme, le s\u00e9paratisme et l&rsquo;extr\u00e9misme, et \u00e0 l&rsquo;utilisation de ses avantages comparatifs, du fait qu&rsquo;elle est situ\u00e9e sur une grande partie du continent eurasien \u00bb, a indiqu\u00e9 M. Lavrov. \u00ab Les pays membres de l&rsquo;OCS souhaitent utiliser ces avantages pour d\u00e9velopper davantage leurs liens \u00e9conomiques, \u00e9largir les flux commerciaux et cr\u00e9er des infrastructures de transport suppl\u00e9mentaires qui minimiseront les co\u00fbts et, par cons\u00e9quent, augmenteront les b\u00e9n\u00e9fices et profiteront \u00e0 chacun de nos pays \u00bb, a-t-il ajout\u00e9. Il a insist\u00e9 en outre sur l\u2019id\u00e9e que l\u2019utilisation de la route maritime du Nord, une ligne maritime dans l\u2019Arctique reliant la partie europ\u00e9enne de la Russie \u00e0 l&rsquo;Extr\u00eame-Orient, allait ouvrir des perspectives impressionnantes pour l&rsquo;OCS. Plusieurs \u00e9l\u00e9ments laissent penser que la Russie mise plus sur l\u2019OCS que sur les BRICS.<\/p>\n\n\n\n<p>A rappeler que le Conseil des chefs d\u2019\u00c9tat constitue l\u2019organe supr\u00eame de l\u2019organisation. Il est convoqu\u00e9 une fois par an. Le secr\u00e9tariat de l\u2019OCS, install\u00e9 \u00e0 P\u00e9kin, fonctionne en revanche de fa\u00e7on permanente. L\u2019OCS organise des exercices contre-terroristes, permet des coop\u00e9rations \u00e9conomiques entre ses membres, lutte contre le trafic de drogue et pr\u00e9voit de grands projets d\u2019infrastructure. Cette entit\u00e9 est h\u00e9riti\u00e8re du groupe de Shangha\u00ef, fond\u00e9 en 1996. \u00c0 l\u2019\u00e9poque, ce forum rassemblait seulement le Kazakhstan, le Kirghizstan, le Tadjikistan, la Russie et la Chine. Depuis, beaucoup de chemin a \u00e9t\u00e9 parcouru.<\/p>\n\n\n\n<p><strong>Khider Larbi<\/strong><\/p>\n","protected":false},"excerpt":{"rendered":"<p>Le Parlement iranien a approuv\u00e9 hier \u00e0 la majorit\u00e9 un projet de loi sur l&rsquo;adh\u00e9sion de l&rsquo;Iran \u00e0 l&rsquo;Organisation de<\/p>\n","protected":false},"author":3,"featured_media":31602,"comment_status":"open","ping_status":"closed","sticky":false,"template":"","format":"standard","meta":{"colormag_page_container_layout":"default_layout","colormag_page_sidebar_layout":"default_layout","om_disable_all_campaigns":false,"_monsterinsights_skip_tracking":false,"_monsterinsights_sitenote_active":false,"_monsterinsights_sitenote_note":"","_monsterinsights_sitenote_category":0,"footnotes":"","_wpscppro_dont_share_socialmedia":false,"_wpscppro_custom_social_share_image":0,"_facebook_share_type":"","_twitter_share_type":"","_linkedin_share_type":"","_pinterest_share_type":"","_linkedin_share_type_page":"","_instagram_share_type":"","_medium_share_type":"","_threads_share_type":"","_google_business_share_type":"","_selected_social_profile":[],"_wpsp_enable_custom_social_template":false,"_wpsp_social_scheduling":{"enabled":false,"datetime":null,"platforms":[],"status":"template_only","dateOption":"today","timeOption":"now","customDays":"","customHours":"","customDate":"","customTime":"","schedulingType":"absolute"},"_wpsp_active_default_template":true},"categories":[52,27],"tags":[],"class_list":["post-31584","post","type-post","status-publish","format-standard","has-post-thumbnail","hentry","category-a-la-une","category-actualite"],"aioseo_notices":[],"yoast_head":"<!-- This site is optimized with the Yoast SEO plugin v27.5 - https:\/\/yoast.com\/product\/yoast-seo-wordpress\/ -->\n<title>L\u2019Iran acte son adh\u00e9sion \u00e0 l\u2019organisation de coop\u00e9ration de Shanghai\u00a0: Le bloc g\u00e9opolitique eurasiatique se renforce - La Sentinelle<\/title>\n<meta name=\"robots\" content=\"index, follow, max-snippet:-1, max-image-preview:large, max-video-preview:-1\" \/>\n<link rel=\"canonical\" href=\"https:\/\/lasentinelle.dz\/index.php\/2022\/11\/27\/liran-acte-son-adhesion-a-lorganisation-de-cooperation-de-shanghai-le-bloc-geopolitique-eurasiatique-se-renforce\/\" \/>\n<meta property=\"og:locale\" content=\"fr_FR\" \/>\n<meta property=\"og:type\" content=\"article\" \/>\n<meta property=\"og:title\" content=\"L\u2019Iran acte son adh\u00e9sion \u00e0 l\u2019organisation de coop\u00e9ration de Shanghai\u00a0: Le bloc g\u00e9opolitique eurasiatique se renforce - La Sentinelle\" \/>\n<meta property=\"og:description\" content=\"Le Parlement iranien a approuv\u00e9 hier \u00e0 la majorit\u00e9 un projet de loi sur l&rsquo;adh\u00e9sion de l&rsquo;Iran \u00e0 l&rsquo;Organisation de\" \/>\n<meta property=\"og:url\" content=\"https:\/\/lasentinelle.dz\/index.php\/2022\/11\/27\/liran-acte-son-adhesion-a-lorganisation-de-cooperation-de-shanghai-le-bloc-geopolitique-eurasiatique-se-renforce\/\" \/>\n<meta property=\"og:site_name\" content=\"La Sentinelle\" \/>\n<meta property=\"article:publisher\" content=\"https:\/\/www.facebook.com\/La-Sentinelle-104059864394773\" \/>\n<meta property=\"article:published_time\" content=\"2022-11-27T21:10:00+00:00\" \/>\n<meta property=\"og:image\" content=\"https:\/\/lasentinelle.dz\/wp-content\/uploads\/2022\/11\/Sans-titre-3-6.png\" \/>\n\t<meta property=\"og:image:width\" content=\"1351\" \/>\n\t<meta property=\"og:image:height\" content=\"900\" \/>\n\t<meta property=\"og:image:type\" content=\"image\/png\" \/>\n<meta name=\"author\" content=\"La Sentinelle\" \/>\n<meta name=\"twitter:card\" content=\"summary_large_image\" \/>\n<meta name=\"twitter:label1\" content=\"\u00c9crit par\" \/>\n\t<meta name=\"twitter:data1\" content=\"La Sentinelle\" \/>\n\t<meta name=\"twitter:label2\" content=\"Dur\u00e9e de lecture estim\u00e9e\" \/>\n\t<meta name=\"twitter:data2\" content=\"5 minutes\" \/>\n<script type=\"application\/ld+json\" class=\"yoast-schema-graph\">{\"@context\":\"https:\\\/\\\/schema.org\",\"@graph\":[{\"@type\":\"Article\",\"@id\":\"https:\\\/\\\/lasentinelle.dz\\\/index.php\\\/2022\\\/11\\\/27\\\/liran-acte-son-adhesion-a-lorganisation-de-cooperation-de-shanghai-le-bloc-geopolitique-eurasiatique-se-renforce\\\/#article\",\"isPartOf\":{\"@id\":\"https:\\\/\\\/lasentinelle.dz\\\/index.php\\\/2022\\\/11\\\/27\\\/liran-acte-son-adhesion-a-lorganisation-de-cooperation-de-shanghai-le-bloc-geopolitique-eurasiatique-se-renforce\\\/\"},\"author\":{\"name\":\"La Sentinelle\",\"@id\":\"https:\\\/\\\/lasentinelle.dz\\\/#\\\/schema\\\/person\\\/d865044e22e70a75174ce8bcad3acfb3\"},\"headline\":\"L\u2019Iran acte son adh\u00e9sion \u00e0 l\u2019organisation de coop\u00e9ration de Shanghai\u00a0: Le bloc g\u00e9opolitique eurasiatique se renforce\",\"datePublished\":\"2022-11-27T21:10:00+00:00\",\"mainEntityOfPage\":{\"@id\":\"https:\\\/\\\/lasentinelle.dz\\\/index.php\\\/2022\\\/11\\\/27\\\/liran-acte-son-adhesion-a-lorganisation-de-cooperation-de-shanghai-le-bloc-geopolitique-eurasiatique-se-renforce\\\/\"},\"wordCount\":936,\"commentCount\":0,\"publisher\":{\"@id\":\"https:\\\/\\\/lasentinelle.dz\\\/#organization\"},\"image\":{\"@id\":\"https:\\\/\\\/lasentinelle.dz\\\/index.php\\\/2022\\\/11\\\/27\\\/liran-acte-son-adhesion-a-lorganisation-de-cooperation-de-shanghai-le-bloc-geopolitique-eurasiatique-se-renforce\\\/#primaryimage\"},\"thumbnailUrl\":\"https:\\\/\\\/lasentinelle.dz\\\/wp-content\\\/uploads\\\/2022\\\/11\\\/Sans-titre-3-6.png\",\"articleSection\":[\"\u00c0 la Une\",\"Actualit\u00e9\"],\"inLanguage\":\"fr-FR\",\"potentialAction\":[{\"@type\":\"CommentAction\",\"name\":\"Comment\",\"target\":[\"https:\\\/\\\/lasentinelle.dz\\\/index.php\\\/2022\\\/11\\\/27\\\/liran-acte-son-adhesion-a-lorganisation-de-cooperation-de-shanghai-le-bloc-geopolitique-eurasiatique-se-renforce\\\/#respond\"]}]},{\"@type\":\"WebPage\",\"@id\":\"https:\\\/\\\/lasentinelle.dz\\\/index.php\\\/2022\\\/11\\\/27\\\/liran-acte-son-adhesion-a-lorganisation-de-cooperation-de-shanghai-le-bloc-geopolitique-eurasiatique-se-renforce\\\/\",\"url\":\"https:\\\/\\\/lasentinelle.dz\\\/index.php\\\/2022\\\/11\\\/27\\\/liran-acte-son-adhesion-a-lorganisation-de-cooperation-de-shanghai-le-bloc-geopolitique-eurasiatique-se-renforce\\\/\",\"name\":\"L\u2019Iran acte son adh\u00e9sion \u00e0 l\u2019organisation de coop\u00e9ration de Shanghai\u00a0: Le bloc g\u00e9opolitique eurasiatique se renforce - La Sentinelle\",\"isPartOf\":{\"@id\":\"https:\\\/\\\/lasentinelle.dz\\\/#website\"},\"primaryImageOfPage\":{\"@id\":\"https:\\\/\\\/lasentinelle.dz\\\/index.php\\\/2022\\\/11\\\/27\\\/liran-acte-son-adhesion-a-lorganisation-de-cooperation-de-shanghai-le-bloc-geopolitique-eurasiatique-se-renforce\\\/#primaryimage\"},\"image\":{\"@id\":\"https:\\\/\\\/lasentinelle.dz\\\/index.php\\\/2022\\\/11\\\/27\\\/liran-acte-son-adhesion-a-lorganisation-de-cooperation-de-shanghai-le-bloc-geopolitique-eurasiatique-se-renforce\\\/#primaryimage\"},\"thumbnailUrl\":\"https:\\\/\\\/lasentinelle.dz\\\/wp-content\\\/uploads\\\/2022\\\/11\\\/Sans-titre-3-6.png\",\"datePublished\":\"2022-11-27T21:10:00+00:00\",\"breadcrumb\":{\"@id\":\"https:\\\/\\\/lasentinelle.dz\\\/index.php\\\/2022\\\/11\\\/27\\\/liran-acte-son-adhesion-a-lorganisation-de-cooperation-de-shanghai-le-bloc-geopolitique-eurasiatique-se-renforce\\\/#breadcrumb\"},\"inLanguage\":\"fr-FR\",\"potentialAction\":[{\"@type\":\"ReadAction\",\"target\":[\"https:\\\/\\\/lasentinelle.dz\\\/index.php\\\/2022\\\/11\\\/27\\\/liran-acte-son-adhesion-a-lorganisation-de-cooperation-de-shanghai-le-bloc-geopolitique-eurasiatique-se-renforce\\\/\"]}]},{\"@type\":\"ImageObject\",\"inLanguage\":\"fr-FR\",\"@id\":\"https:\\\/\\\/lasentinelle.dz\\\/index.php\\\/2022\\\/11\\\/27\\\/liran-acte-son-adhesion-a-lorganisation-de-cooperation-de-shanghai-le-bloc-geopolitique-eurasiatique-se-renforce\\\/#primaryimage\",\"url\":\"https:\\\/\\\/lasentinelle.dz\\\/wp-content\\\/uploads\\\/2022\\\/11\\\/Sans-titre-3-6.png\",\"contentUrl\":\"https:\\\/\\\/lasentinelle.dz\\\/wp-content\\\/uploads\\\/2022\\\/11\\\/Sans-titre-3-6.png\",\"width\":1351,\"height\":900},{\"@type\":\"BreadcrumbList\",\"@id\":\"https:\\\/\\\/lasentinelle.dz\\\/index.php\\\/2022\\\/11\\\/27\\\/liran-acte-son-adhesion-a-lorganisation-de-cooperation-de-shanghai-le-bloc-geopolitique-eurasiatique-se-renforce\\\/#breadcrumb\",\"itemListElement\":[{\"@type\":\"ListItem\",\"position\":1,\"name\":\"Accueil\",\"item\":\"https:\\\/\\\/lasentinelle.dz\\\/\"},{\"@type\":\"ListItem\",\"position\":2,\"name\":\"L\u2019Iran acte son adh\u00e9sion \u00e0 l\u2019organisation de coop\u00e9ration de Shanghai\u00a0: Le bloc g\u00e9opolitique eurasiatique se renforce\"}]},{\"@type\":\"WebSite\",\"@id\":\"https:\\\/\\\/lasentinelle.dz\\\/#website\",\"url\":\"https:\\\/\\\/lasentinelle.dz\\\/\",\"name\":\"La Sentinelle\",\"description\":\"Quotidien national d&#039;information\",\"publisher\":{\"@id\":\"https:\\\/\\\/lasentinelle.dz\\\/#organization\"},\"potentialAction\":[{\"@type\":\"SearchAction\",\"target\":{\"@type\":\"EntryPoint\",\"urlTemplate\":\"https:\\\/\\\/lasentinelle.dz\\\/?s={search_term_string}\"},\"query-input\":{\"@type\":\"PropertyValueSpecification\",\"valueRequired\":true,\"valueName\":\"search_term_string\"}}],\"inLanguage\":\"fr-FR\"},{\"@type\":\"Organization\",\"@id\":\"https:\\\/\\\/lasentinelle.dz\\\/#organization\",\"name\":\"Quotidien La Sentinelle\",\"url\":\"https:\\\/\\\/lasentinelle.dz\\\/\",\"logo\":{\"@type\":\"ImageObject\",\"inLanguage\":\"fr-FR\",\"@id\":\"https:\\\/\\\/lasentinelle.dz\\\/#\\\/schema\\\/logo\\\/image\\\/\",\"url\":\"https:\\\/\\\/lasentinelle.dz\\\/wp-content\\\/uploads\\\/2021\\\/09\\\/logo-sentinelleSLOGAN-1.png\",\"contentUrl\":\"https:\\\/\\\/lasentinelle.dz\\\/wp-content\\\/uploads\\\/2021\\\/09\\\/logo-sentinelleSLOGAN-1.png\",\"width\":615,\"height\":142,\"caption\":\"Quotidien La Sentinelle\"},\"image\":{\"@id\":\"https:\\\/\\\/lasentinelle.dz\\\/#\\\/schema\\\/logo\\\/image\\\/\"},\"sameAs\":[\"https:\\\/\\\/www.facebook.com\\\/La-Sentinelle-104059864394773\"]},{\"@type\":\"Person\",\"@id\":\"https:\\\/\\\/lasentinelle.dz\\\/#\\\/schema\\\/person\\\/d865044e22e70a75174ce8bcad3acfb3\",\"name\":\"La Sentinelle\",\"image\":{\"@type\":\"ImageObject\",\"inLanguage\":\"fr-FR\",\"@id\":\"https:\\\/\\\/secure.gravatar.com\\\/avatar\\\/57de8e5d4b15d43fb361a71fbb36338450fe67865b528a43dd10ef7c51a20392?s=96&d=mm&r=g\",\"url\":\"https:\\\/\\\/secure.gravatar.com\\\/avatar\\\/57de8e5d4b15d43fb361a71fbb36338450fe67865b528a43dd10ef7c51a20392?s=96&d=mm&r=g\",\"contentUrl\":\"https:\\\/\\\/secure.gravatar.com\\\/avatar\\\/57de8e5d4b15d43fb361a71fbb36338450fe67865b528a43dd10ef7c51a20392?s=96&d=mm&r=g\",\"caption\":\"La Sentinelle\"},\"sameAs\":[\"http:\\\/\\\/www.lasentinelle.dz\"],\"url\":\"https:\\\/\\\/lasentinelle.dz\\\/author\\\/redaction\\\/\"}]}<\/script>\n<!-- \/ Yoast SEO plugin. -->","yoast_head_json":{"title":"L\u2019Iran acte son adh\u00e9sion \u00e0 l\u2019organisation de coop\u00e9ration de Shanghai\u00a0: Le bloc g\u00e9opolitique eurasiatique se renforce - La Sentinelle","robots":{"index":"index","follow":"follow","max-snippet":"max-snippet:-1","max-image-preview":"max-image-preview:large","max-video-preview":"max-video-preview:-1"},"canonical":"https:\/\/lasentinelle.dz\/index.php\/2022\/11\/27\/liran-acte-son-adhesion-a-lorganisation-de-cooperation-de-shanghai-le-bloc-geopolitique-eurasiatique-se-renforce\/","og_locale":"fr_FR","og_type":"article","og_title":"L\u2019Iran acte son adh\u00e9sion \u00e0 l\u2019organisation de coop\u00e9ration de Shanghai\u00a0: Le bloc g\u00e9opolitique eurasiatique se renforce - La Sentinelle","og_description":"Le Parlement iranien a approuv\u00e9 hier \u00e0 la majorit\u00e9 un projet de loi sur l&rsquo;adh\u00e9sion de l&rsquo;Iran \u00e0 l&rsquo;Organisation de","og_url":"https:\/\/lasentinelle.dz\/index.php\/2022\/11\/27\/liran-acte-son-adhesion-a-lorganisation-de-cooperation-de-shanghai-le-bloc-geopolitique-eurasiatique-se-renforce\/","og_site_name":"La Sentinelle","article_publisher":"https:\/\/www.facebook.com\/La-Sentinelle-104059864394773","article_published_time":"2022-11-27T21:10:00+00:00","og_image":[{"width":1351,"height":900,"url":"https:\/\/lasentinelle.dz\/wp-content\/uploads\/2022\/11\/Sans-titre-3-6.png","type":"image\/png"}],"author":"La Sentinelle","twitter_card":"summary_large_image","twitter_misc":{"\u00c9crit par":"La Sentinelle","Dur\u00e9e de lecture estim\u00e9e":"5 minutes"},"schema":{"@context":"https:\/\/schema.org","@graph":[{"@type":"Article","@id":"https:\/\/lasentinelle.dz\/index.php\/2022\/11\/27\/liran-acte-son-adhesion-a-lorganisation-de-cooperation-de-shanghai-le-bloc-geopolitique-eurasiatique-se-renforce\/#article","isPartOf":{"@id":"https:\/\/lasentinelle.dz\/index.php\/2022\/11\/27\/liran-acte-son-adhesion-a-lorganisation-de-cooperation-de-shanghai-le-bloc-geopolitique-eurasiatique-se-renforce\/"},"author":{"name":"La Sentinelle","@id":"https:\/\/lasentinelle.dz\/#\/schema\/person\/d865044e22e70a75174ce8bcad3acfb3"},"headline":"L\u2019Iran acte son adh\u00e9sion \u00e0 l\u2019organisation de coop\u00e9ration de Shanghai\u00a0: Le bloc g\u00e9opolitique eurasiatique se renforce","datePublished":"2022-11-27T21:10:00+00:00","mainEntityOfPage":{"@id":"https:\/\/lasentinelle.dz\/index.php\/2022\/11\/27\/liran-acte-son-adhesion-a-lorganisation-de-cooperation-de-shanghai-le-bloc-geopolitique-eurasiatique-se-renforce\/"},"wordCount":936,"commentCount":0,"publisher":{"@id":"https:\/\/lasentinelle.dz\/#organization"},"image":{"@id":"https:\/\/lasentinelle.dz\/index.php\/2022\/11\/27\/liran-acte-son-adhesion-a-lorganisation-de-cooperation-de-shanghai-le-bloc-geopolitique-eurasiatique-se-renforce\/#primaryimage"},"thumbnailUrl":"https:\/\/lasentinelle.dz\/wp-content\/uploads\/2022\/11\/Sans-titre-3-6.png","articleSection":["\u00c0 la Une","Actualit\u00e9"],"inLanguage":"fr-FR","potentialAction":[{"@type":"CommentAction","name":"Comment","target":["https:\/\/lasentinelle.dz\/index.php\/2022\/11\/27\/liran-acte-son-adhesion-a-lorganisation-de-cooperation-de-shanghai-le-bloc-geopolitique-eurasiatique-se-renforce\/#respond"]}]},{"@type":"WebPage","@id":"https:\/\/lasentinelle.dz\/index.php\/2022\/11\/27\/liran-acte-son-adhesion-a-lorganisation-de-cooperation-de-shanghai-le-bloc-geopolitique-eurasiatique-se-renforce\/","url":"https:\/\/lasentinelle.dz\/index.php\/2022\/11\/27\/liran-acte-son-adhesion-a-lorganisation-de-cooperation-de-shanghai-le-bloc-geopolitique-eurasiatique-se-renforce\/","name":"L\u2019Iran acte son adh\u00e9sion \u00e0 l\u2019organisation de coop\u00e9ration de Shanghai\u00a0: Le bloc g\u00e9opolitique eurasiatique se renforce - La Sentinelle","isPartOf":{"@id":"https:\/\/lasentinelle.dz\/#website"},"primaryImageOfPage":{"@id":"https:\/\/lasentinelle.dz\/index.php\/2022\/11\/27\/liran-acte-son-adhesion-a-lorganisation-de-cooperation-de-shanghai-le-bloc-geopolitique-eurasiatique-se-renforce\/#primaryimage"},"image":{"@id":"https:\/\/lasentinelle.dz\/index.php\/2022\/11\/27\/liran-acte-son-adhesion-a-lorganisation-de-cooperation-de-shanghai-le-bloc-geopolitique-eurasiatique-se-renforce\/#primaryimage"},"thumbnailUrl":"https:\/\/lasentinelle.dz\/wp-content\/uploads\/2022\/11\/Sans-titre-3-6.png","datePublished":"2022-11-27T21:10:00+00:00","breadcrumb":{"@id":"https:\/\/lasentinelle.dz\/index.php\/2022\/11\/27\/liran-acte-son-adhesion-a-lorganisation-de-cooperation-de-shanghai-le-bloc-geopolitique-eurasiatique-se-renforce\/#breadcrumb"},"inLanguage":"fr-FR","potentialAction":[{"@type":"ReadAction","target":["https:\/\/lasentinelle.dz\/index.php\/2022\/11\/27\/liran-acte-son-adhesion-a-lorganisation-de-cooperation-de-shanghai-le-bloc-geopolitique-eurasiatique-se-renforce\/"]}]},{"@type":"ImageObject","inLanguage":"fr-FR","@id":"https:\/\/lasentinelle.dz\/index.php\/2022\/11\/27\/liran-acte-son-adhesion-a-lorganisation-de-cooperation-de-shanghai-le-bloc-geopolitique-eurasiatique-se-renforce\/#primaryimage","url":"https:\/\/lasentinelle.dz\/wp-content\/uploads\/2022\/11\/Sans-titre-3-6.png","contentUrl":"https:\/\/lasentinelle.dz\/wp-content\/uploads\/2022\/11\/Sans-titre-3-6.png","width":1351,"height":900},{"@type":"BreadcrumbList","@id":"https:\/\/lasentinelle.dz\/index.php\/2022\/11\/27\/liran-acte-son-adhesion-a-lorganisation-de-cooperation-de-shanghai-le-bloc-geopolitique-eurasiatique-se-renforce\/#breadcrumb","itemListElement":[{"@type":"ListItem","position":1,"name":"Accueil","item":"https:\/\/lasentinelle.dz\/"},{"@type":"ListItem","position":2,"name":"L\u2019Iran acte son adh\u00e9sion \u00e0 l\u2019organisation de coop\u00e9ration de Shanghai\u00a0: Le bloc g\u00e9opolitique eurasiatique se renforce"}]},{"@type":"WebSite","@id":"https:\/\/lasentinelle.dz\/#website","url":"https:\/\/lasentinelle.dz\/","name":"La Sentinelle","description":"Quotidien national d&#039;information","publisher":{"@id":"https:\/\/lasentinelle.dz\/#organization"},"potentialAction":[{"@type":"SearchAction","target":{"@type":"EntryPoint","urlTemplate":"https:\/\/lasentinelle.dz\/?s={search_term_string}"},"query-input":{"@type":"PropertyValueSpecification","valueRequired":true,"valueName":"search_term_string"}}],"inLanguage":"fr-FR"},{"@type":"Organization","@id":"https:\/\/lasentinelle.dz\/#organization","name":"Quotidien La Sentinelle","url":"https:\/\/lasentinelle.dz\/","logo":{"@type":"ImageObject","inLanguage":"fr-FR","@id":"https:\/\/lasentinelle.dz\/#\/schema\/logo\/image\/","url":"https:\/\/lasentinelle.dz\/wp-content\/uploads\/2021\/09\/logo-sentinelleSLOGAN-1.png","contentUrl":"https:\/\/lasentinelle.dz\/wp-content\/uploads\/2021\/09\/logo-sentinelleSLOGAN-1.png","width":615,"height":142,"caption":"Quotidien La Sentinelle"},"image":{"@id":"https:\/\/lasentinelle.dz\/#\/schema\/logo\/image\/"},"sameAs":["https:\/\/www.facebook.com\/La-Sentinelle-104059864394773"]},{"@type":"Person","@id":"https:\/\/lasentinelle.dz\/#\/schema\/person\/d865044e22e70a75174ce8bcad3acfb3","name":"La Sentinelle","image":{"@type":"ImageObject","inLanguage":"fr-FR","@id":"https:\/\/secure.gravatar.com\/avatar\/57de8e5d4b15d43fb361a71fbb36338450fe67865b528a43dd10ef7c51a20392?s=96&d=mm&r=g","url":"https:\/\/secure.gravatar.com\/avatar\/57de8e5d4b15d43fb361a71fbb36338450fe67865b528a43dd10ef7c51a20392?s=96&d=mm&r=g","contentUrl":"https:\/\/secure.gravatar.com\/avatar\/57de8e5d4b15d43fb361a71fbb36338450fe67865b528a43dd10ef7c51a20392?s=96&d=mm&r=g","caption":"La Sentinelle"},"sameAs":["http:\/\/www.lasentinelle.dz"],"url":"https:\/\/lasentinelle.dz\/author\/redaction\/"}]}},"_links":{"self":[{"href":"https:\/\/lasentinelle.dz\/index.php\/wp-json\/wp\/v2\/posts\/31584","targetHints":{"allow":["GET"]}}],"collection":[{"href":"https:\/\/lasentinelle.dz\/index.php\/wp-json\/wp\/v2\/posts"}],"about":[{"href":"https:\/\/lasentinelle.dz\/index.php\/wp-json\/wp\/v2\/types\/post"}],"author":[{"embeddable":true,"href":"https:\/\/lasentinelle.dz\/index.php\/wp-json\/wp\/v2\/users\/3"}],"replies":[{"embeddable":true,"href":"https:\/\/lasentinelle.dz\/index.php\/wp-json\/wp\/v2\/comments?post=31584"}],"version-history":[{"count":2,"href":"https:\/\/lasentinelle.dz\/index.php\/wp-json\/wp\/v2\/posts\/31584\/revisions"}],"predecessor-version":[{"id":31605,"href":"https:\/\/lasentinelle.dz\/index.php\/wp-json\/wp\/v2\/posts\/31584\/revisions\/31605"}],"wp:featuredmedia":[{"embeddable":true,"href":"https:\/\/lasentinelle.dz\/index.php\/wp-json\/wp\/v2\/media\/31602"}],"wp:attachment":[{"href":"https:\/\/lasentinelle.dz\/index.php\/wp-json\/wp\/v2\/media?parent=31584"}],"wp:term":[{"taxonomy":"category","embeddable":true,"href":"https:\/\/lasentinelle.dz\/index.php\/wp-json\/wp\/v2\/categories?post=31584"},{"taxonomy":"post_tag","embeddable":true,"href":"https:\/\/lasentinelle.dz\/index.php\/wp-json\/wp\/v2\/tags?post=31584"}],"curies":[{"name":"wp","href":"https:\/\/api.w.org\/{rel}","templated":true}]}}