{"id":31702,"date":"2022-11-28T22:08:00","date_gmt":"2022-11-28T21:08:00","guid":{"rendered":"https:\/\/lasentinelle.dz\/?p=31702"},"modified":"2022-11-28T20:38:04","modified_gmt":"2022-11-28T19:38:04","slug":"agrement-pour-les-activites-de-concessionnaire-et-de-construction-de-vehicules-le-processus-lance","status":"publish","type":"post","link":"https:\/\/lasentinelle.dz\/index.php\/2022\/11\/28\/agrement-pour-les-activites-de-concessionnaire-et-de-construction-de-vehicules-le-processus-lance\/","title":{"rendered":"Agr\u00e9ment pour les activit\u00e9s de concessionnaire et de construction de v\u00e9hicules\u00a0: Le processus lanc\u00e9"},"content":{"rendered":"\n<p>Le processus d\u2019agr\u00e9ment des concessionnaires et constructeurs vient d\u2019\u00eatre lanc\u00e9 de mani\u00e8re concr\u00e8te. En effet, le minist\u00e8re de l&rsquo;Industrie a lanc\u00e9 hier l&rsquo;op\u00e9ration de r\u00e9ception en ligne des demandes d&rsquo;agr\u00e9ment pour exercer les activit\u00e9s de concessionnaire et de construction de v\u00e9hicules via sa plateforme num\u00e9rique d\u00e9di\u00e9e \u00e0 cet effet.<\/p>\n\n\n\n<p>\u00ab\u00a0En application des dispositions des d\u00e9crets ex\u00e9cutifs n 22-383 et 22-384 du 17 novembre 2022 fixant les conditions de l\u2019activit\u00e9 de concessionnaire de v\u00e9hicules neufs et l\u2019activit\u00e9 de construction de v\u00e9hicules, le minist\u00e8re de l&rsquo;Industrie a annonc\u00e9 lundi 28 novembre 2022, la nomination des membres des commissions en charge de l&rsquo;examen et du suivi des dossiers relatifs \u00e0 l&rsquo;exercice de l&rsquo;activit\u00e9 de concessionnaire de v\u00e9hicules neufs et l\u2019activit\u00e9 de construction de v\u00e9hicules\u00a0\u00bb, indique un communiqu\u00e9 du d\u00e9partement d\u2019Ahmed Zeghdar.<\/p>\n\n\n\n<p>Dans ce cadre, le minist\u00e8re a invit\u00e9 les op\u00e9rateurs \u00e9conomiques d\u00e9sirant exercer les activit\u00e9s de concessionnaire et de construction de v\u00e9hicules \u00e0 s&rsquo;inscrire sur la plateforme lanc\u00e9e ce lundi (https:\/\/dispositifs.industrie.gov.dz) pour d\u00e9poser leurs demandes.Cela donne le coup d\u2019envoi effectif du processus d\u2019agr\u00e9ments des op\u00e9rateurs vers\u00e9s dans le domaine automobile apr\u00e8s la publication des cahiers des charges devant r\u00e9glementer le secteur.<\/p>\n\n\n\n<p>Rappelons dans ce contexte que le Directeur g\u00e9n\u00e9ral du d\u00e9veloppement industriel au minist\u00e8re de l\u2019Industrie, Ahmed Zaid-Salem, a indiqu\u00e9 mercredi dernier que 120 dossiers ont \u00e9t\u00e9 d\u00e9pos\u00e9s au niveau du minist\u00e8re de l\u2019Industrie jusqu\u2019\u00e0 pr\u00e9sent par des op\u00e9rateurs qui veulent s\u2019investir dans l\u2019activit\u00e9 d\u2019importation de v\u00e9hicules. Celui-ci avait \u00e9galement indiqu\u00e9 que \u00ab&nbsp;selon les pr\u00e9visions, les v\u00e9hicules import\u00e9s par les concessionnaires automobiles pourront \u00eatre disponibles au cours du premier trimestre de l&rsquo;ann\u00e9e prochaine&nbsp;\u00bb.Le nouveau d\u00e9cret, publi\u00e9 jeudi dernier au Journal officiel, pr\u00e9voit que \u00ab\u00a0l&rsquo;exercice de l&rsquo;activit\u00e9 de concessionnaire de v\u00e9hicules neufs, en vue de leur revente en l&rsquo;\u00e9tat, est assujetti \u00e0 la conclusion d&rsquo;un contrat de concession liant le concessionnaire \u00e0 un seul constructeur conc\u00e9dant\u00a0\u00bb, a-t-il dit, ajoutant que ce dernier est d\u00e9fini, aux termes du d\u00e9cret, comme \u00ab\u00a0le constructeur qui conc\u00e8de, en sa qualit\u00e9 de soci\u00e9t\u00e9-m\u00e8re, une concession afin de commercialiser ses produits \u00e0 partir du pays de production d&rsquo;origine\u00a0\u00bb.<\/p>\n\n\n\n<p><strong>Hocine Fadheli<\/strong><\/p>\n","protected":false},"excerpt":{"rendered":"<p>Le processus d\u2019agr\u00e9ment des concessionnaires et constructeurs vient d\u2019\u00eatre lanc\u00e9 de mani\u00e8re concr\u00e8te. En effet, le minist\u00e8re de l&rsquo;Industrie a<\/p>\n","protected":false},"author":3,"featured_media":31710,"comment_status":"open","ping_status":"closed","sticky":false,"template":"","format":"standard","meta":{"colormag_page_container_layout":"default_layout","colormag_page_sidebar_layout":"default_layout","om_disable_all_campaigns":false,"_monsterinsights_skip_tracking":false,"_monsterinsights_sitenote_active":false,"_monsterinsights_sitenote_note":"","_monsterinsights_sitenote_category":0,"footnotes":"","_wpscppro_dont_share_socialmedia":false,"_wpscppro_custom_social_share_image":0,"_facebook_share_type":"","_twitter_share_type":"","_linkedin_share_type":"","_pinterest_share_type":"","_linkedin_share_type_page":"","_instagram_share_type":"","_medium_share_type":"","_threads_share_type":"","_google_business_share_type":"","_selected_social_profile":[],"_wpsp_enable_custom_social_template":false,"_wpsp_social_scheduling":{"enabled":false,"datetime":null,"platforms":[],"status":"template_only","dateOption":"today","timeOption":"now","customDays":"","customHours":"","customDate":"","customTime":"","schedulingType":"absolute"},"_wpsp_active_default_template":true},"categories":[52,29],"tags":[],"class_list":["post-31702","post","type-post","status-publish","format-standard","has-post-thumbnail","hentry","category-a-la-une","category-economie"],"aioseo_notices":[],"yoast_head":"<!-- This site is optimized with the Yoast SEO plugin v27.5 - https:\/\/yoast.com\/product\/yoast-seo-wordpress\/ -->\n<title>Agr\u00e9ment pour les activit\u00e9s de concessionnaire et de construction de v\u00e9hicules\u00a0: Le processus lanc\u00e9 - La Sentinelle<\/title>\n<meta name=\"robots\" content=\"index, follow, max-snippet:-1, max-image-preview:large, max-video-preview:-1\" \/>\n<link rel=\"canonical\" href=\"https:\/\/lasentinelle.dz\/index.php\/2022\/11\/28\/agrement-pour-les-activites-de-concessionnaire-et-de-construction-de-vehicules-le-processus-lance\/\" \/>\n<meta property=\"og:locale\" content=\"fr_FR\" \/>\n<meta property=\"og:type\" content=\"article\" \/>\n<meta property=\"og:title\" content=\"Agr\u00e9ment pour les activit\u00e9s de concessionnaire et de construction de v\u00e9hicules\u00a0: Le processus lanc\u00e9 - La Sentinelle\" \/>\n<meta property=\"og:description\" content=\"Le processus d\u2019agr\u00e9ment des concessionnaires et constructeurs vient d\u2019\u00eatre lanc\u00e9 de mani\u00e8re concr\u00e8te. En effet, le minist\u00e8re de l&rsquo;Industrie a\" \/>\n<meta property=\"og:url\" content=\"https:\/\/lasentinelle.dz\/index.php\/2022\/11\/28\/agrement-pour-les-activites-de-concessionnaire-et-de-construction-de-vehicules-le-processus-lance\/\" \/>\n<meta property=\"og:site_name\" content=\"La Sentinelle\" \/>\n<meta property=\"article:publisher\" content=\"https:\/\/www.facebook.com\/La-Sentinelle-104059864394773\" \/>\n<meta property=\"article:published_time\" content=\"2022-11-28T21:08:00+00:00\" \/>\n<meta property=\"og:image\" content=\"https:\/\/lasentinelle.dz\/wp-content\/uploads\/2022\/11\/image_2022-11-28_203637683.png\" \/>\n\t<meta property=\"og:image:width\" content=\"1600\" \/>\n\t<meta property=\"og:image:height\" content=\"900\" \/>\n\t<meta property=\"og:image:type\" content=\"image\/png\" \/>\n<meta name=\"author\" content=\"La Sentinelle\" \/>\n<meta name=\"twitter:card\" content=\"summary_large_image\" \/>\n<meta name=\"twitter:label1\" content=\"\u00c9crit par\" \/>\n\t<meta name=\"twitter:data1\" content=\"La Sentinelle\" \/>\n\t<meta name=\"twitter:label2\" content=\"Dur\u00e9e de lecture estim\u00e9e\" \/>\n\t<meta name=\"twitter:data2\" content=\"2 minutes\" \/>\n<script type=\"application\/ld+json\" class=\"yoast-schema-graph\">{\"@context\":\"https:\\\/\\\/schema.org\",\"@graph\":[{\"@type\":\"Article\",\"@id\":\"https:\\\/\\\/lasentinelle.dz\\\/index.php\\\/2022\\\/11\\\/28\\\/agrement-pour-les-activites-de-concessionnaire-et-de-construction-de-vehicules-le-processus-lance\\\/#article\",\"isPartOf\":{\"@id\":\"https:\\\/\\\/lasentinelle.dz\\\/index.php\\\/2022\\\/11\\\/28\\\/agrement-pour-les-activites-de-concessionnaire-et-de-construction-de-vehicules-le-processus-lance\\\/\"},\"author\":{\"name\":\"La Sentinelle\",\"@id\":\"https:\\\/\\\/lasentinelle.dz\\\/#\\\/schema\\\/person\\\/d865044e22e70a75174ce8bcad3acfb3\"},\"headline\":\"Agr\u00e9ment pour les activit\u00e9s de concessionnaire et de construction de v\u00e9hicules\u00a0: Le processus lanc\u00e9\",\"datePublished\":\"2022-11-28T21:08:00+00:00\",\"mainEntityOfPage\":{\"@id\":\"https:\\\/\\\/lasentinelle.dz\\\/index.php\\\/2022\\\/11\\\/28\\\/agrement-pour-les-activites-de-concessionnaire-et-de-construction-de-vehicules-le-processus-lance\\\/\"},\"wordCount\":437,\"commentCount\":0,\"publisher\":{\"@id\":\"https:\\\/\\\/lasentinelle.dz\\\/#organization\"},\"image\":{\"@id\":\"https:\\\/\\\/lasentinelle.dz\\\/index.php\\\/2022\\\/11\\\/28\\\/agrement-pour-les-activites-de-concessionnaire-et-de-construction-de-vehicules-le-processus-lance\\\/#primaryimage\"},\"thumbnailUrl\":\"https:\\\/\\\/lasentinelle.dz\\\/wp-content\\\/uploads\\\/2022\\\/11\\\/image_2022-11-28_203637683.png\",\"articleSection\":[\"\u00c0 la Une\",\"\u00c9conomie\"],\"inLanguage\":\"fr-FR\",\"potentialAction\":[{\"@type\":\"CommentAction\",\"name\":\"Comment\",\"target\":[\"https:\\\/\\\/lasentinelle.dz\\\/index.php\\\/2022\\\/11\\\/28\\\/agrement-pour-les-activites-de-concessionnaire-et-de-construction-de-vehicules-le-processus-lance\\\/#respond\"]}]},{\"@type\":\"WebPage\",\"@id\":\"https:\\\/\\\/lasentinelle.dz\\\/index.php\\\/2022\\\/11\\\/28\\\/agrement-pour-les-activites-de-concessionnaire-et-de-construction-de-vehicules-le-processus-lance\\\/\",\"url\":\"https:\\\/\\\/lasentinelle.dz\\\/index.php\\\/2022\\\/11\\\/28\\\/agrement-pour-les-activites-de-concessionnaire-et-de-construction-de-vehicules-le-processus-lance\\\/\",\"name\":\"Agr\u00e9ment pour les activit\u00e9s de concessionnaire et de construction de v\u00e9hicules\u00a0: Le processus lanc\u00e9 - La Sentinelle\",\"isPartOf\":{\"@id\":\"https:\\\/\\\/lasentinelle.dz\\\/#website\"},\"primaryImageOfPage\":{\"@id\":\"https:\\\/\\\/lasentinelle.dz\\\/index.php\\\/2022\\\/11\\\/28\\\/agrement-pour-les-activites-de-concessionnaire-et-de-construction-de-vehicules-le-processus-lance\\\/#primaryimage\"},\"image\":{\"@id\":\"https:\\\/\\\/lasentinelle.dz\\\/index.php\\\/2022\\\/11\\\/28\\\/agrement-pour-les-activites-de-concessionnaire-et-de-construction-de-vehicules-le-processus-lance\\\/#primaryimage\"},\"thumbnailUrl\":\"https:\\\/\\\/lasentinelle.dz\\\/wp-content\\\/uploads\\\/2022\\\/11\\\/image_2022-11-28_203637683.png\",\"datePublished\":\"2022-11-28T21:08:00+00:00\",\"breadcrumb\":{\"@id\":\"https:\\\/\\\/lasentinelle.dz\\\/index.php\\\/2022\\\/11\\\/28\\\/agrement-pour-les-activites-de-concessionnaire-et-de-construction-de-vehicules-le-processus-lance\\\/#breadcrumb\"},\"inLanguage\":\"fr-FR\",\"potentialAction\":[{\"@type\":\"ReadAction\",\"target\":[\"https:\\\/\\\/lasentinelle.dz\\\/index.php\\\/2022\\\/11\\\/28\\\/agrement-pour-les-activites-de-concessionnaire-et-de-construction-de-vehicules-le-processus-lance\\\/\"]}]},{\"@type\":\"ImageObject\",\"inLanguage\":\"fr-FR\",\"@id\":\"https:\\\/\\\/lasentinelle.dz\\\/index.php\\\/2022\\\/11\\\/28\\\/agrement-pour-les-activites-de-concessionnaire-et-de-construction-de-vehicules-le-processus-lance\\\/#primaryimage\",\"url\":\"https:\\\/\\\/lasentinelle.dz\\\/wp-content\\\/uploads\\\/2022\\\/11\\\/image_2022-11-28_203637683.png\",\"contentUrl\":\"https:\\\/\\\/lasentinelle.dz\\\/wp-content\\\/uploads\\\/2022\\\/11\\\/image_2022-11-28_203637683.png\",\"width\":1600,\"height\":900},{\"@type\":\"BreadcrumbList\",\"@id\":\"https:\\\/\\\/lasentinelle.dz\\\/index.php\\\/2022\\\/11\\\/28\\\/agrement-pour-les-activites-de-concessionnaire-et-de-construction-de-vehicules-le-processus-lance\\\/#breadcrumb\",\"itemListElement\":[{\"@type\":\"ListItem\",\"position\":1,\"name\":\"Accueil\",\"item\":\"https:\\\/\\\/lasentinelle.dz\\\/\"},{\"@type\":\"ListItem\",\"position\":2,\"name\":\"Agr\u00e9ment pour les activit\u00e9s de concessionnaire et de construction de v\u00e9hicules\u00a0: Le processus lanc\u00e9\"}]},{\"@type\":\"WebSite\",\"@id\":\"https:\\\/\\\/lasentinelle.dz\\\/#website\",\"url\":\"https:\\\/\\\/lasentinelle.dz\\\/\",\"name\":\"La Sentinelle\",\"description\":\"Quotidien national d&#039;information\",\"publisher\":{\"@id\":\"https:\\\/\\\/lasentinelle.dz\\\/#organization\"},\"potentialAction\":[{\"@type\":\"SearchAction\",\"target\":{\"@type\":\"EntryPoint\",\"urlTemplate\":\"https:\\\/\\\/lasentinelle.dz\\\/?s={search_term_string}\"},\"query-input\":{\"@type\":\"PropertyValueSpecification\",\"valueRequired\":true,\"valueName\":\"search_term_string\"}}],\"inLanguage\":\"fr-FR\"},{\"@type\":\"Organization\",\"@id\":\"https:\\\/\\\/lasentinelle.dz\\\/#organization\",\"name\":\"Quotidien La Sentinelle\",\"url\":\"https:\\\/\\\/lasentinelle.dz\\\/\",\"logo\":{\"@type\":\"ImageObject\",\"inLanguage\":\"fr-FR\",\"@id\":\"https:\\\/\\\/lasentinelle.dz\\\/#\\\/schema\\\/logo\\\/image\\\/\",\"url\":\"https:\\\/\\\/lasentinelle.dz\\\/wp-content\\\/uploads\\\/2021\\\/09\\\/logo-sentinelleSLOGAN-1.png\",\"contentUrl\":\"https:\\\/\\\/lasentinelle.dz\\\/wp-content\\\/uploads\\\/2021\\\/09\\\/logo-sentinelleSLOGAN-1.png\",\"width\":615,\"height\":142,\"caption\":\"Quotidien La Sentinelle\"},\"image\":{\"@id\":\"https:\\\/\\\/lasentinelle.dz\\\/#\\\/schema\\\/logo\\\/image\\\/\"},\"sameAs\":[\"https:\\\/\\\/www.facebook.com\\\/La-Sentinelle-104059864394773\"]},{\"@type\":\"Person\",\"@id\":\"https:\\\/\\\/lasentinelle.dz\\\/#\\\/schema\\\/person\\\/d865044e22e70a75174ce8bcad3acfb3\",\"name\":\"La Sentinelle\",\"image\":{\"@type\":\"ImageObject\",\"inLanguage\":\"fr-FR\",\"@id\":\"https:\\\/\\\/secure.gravatar.com\\\/avatar\\\/57de8e5d4b15d43fb361a71fbb36338450fe67865b528a43dd10ef7c51a20392?s=96&d=mm&r=g\",\"url\":\"https:\\\/\\\/secure.gravatar.com\\\/avatar\\\/57de8e5d4b15d43fb361a71fbb36338450fe67865b528a43dd10ef7c51a20392?s=96&d=mm&r=g\",\"contentUrl\":\"https:\\\/\\\/secure.gravatar.com\\\/avatar\\\/57de8e5d4b15d43fb361a71fbb36338450fe67865b528a43dd10ef7c51a20392?s=96&d=mm&r=g\",\"caption\":\"La Sentinelle\"},\"sameAs\":[\"http:\\\/\\\/www.lasentinelle.dz\"],\"url\":\"https:\\\/\\\/lasentinelle.dz\\\/author\\\/redaction\\\/\"}]}<\/script>\n<!-- \/ Yoast SEO plugin. -->","yoast_head_json":{"title":"Agr\u00e9ment pour les activit\u00e9s de concessionnaire et de construction de v\u00e9hicules\u00a0: Le processus lanc\u00e9 - La Sentinelle","robots":{"index":"index","follow":"follow","max-snippet":"max-snippet:-1","max-image-preview":"max-image-preview:large","max-video-preview":"max-video-preview:-1"},"canonical":"https:\/\/lasentinelle.dz\/index.php\/2022\/11\/28\/agrement-pour-les-activites-de-concessionnaire-et-de-construction-de-vehicules-le-processus-lance\/","og_locale":"fr_FR","og_type":"article","og_title":"Agr\u00e9ment pour les activit\u00e9s de concessionnaire et de construction de v\u00e9hicules\u00a0: Le processus lanc\u00e9 - La Sentinelle","og_description":"Le processus d\u2019agr\u00e9ment des concessionnaires et constructeurs vient d\u2019\u00eatre lanc\u00e9 de mani\u00e8re concr\u00e8te. En effet, le minist\u00e8re de l&rsquo;Industrie a","og_url":"https:\/\/lasentinelle.dz\/index.php\/2022\/11\/28\/agrement-pour-les-activites-de-concessionnaire-et-de-construction-de-vehicules-le-processus-lance\/","og_site_name":"La Sentinelle","article_publisher":"https:\/\/www.facebook.com\/La-Sentinelle-104059864394773","article_published_time":"2022-11-28T21:08:00+00:00","og_image":[{"width":1600,"height":900,"url":"https:\/\/lasentinelle.dz\/wp-content\/uploads\/2022\/11\/image_2022-11-28_203637683.png","type":"image\/png"}],"author":"La Sentinelle","twitter_card":"summary_large_image","twitter_misc":{"\u00c9crit par":"La Sentinelle","Dur\u00e9e de lecture estim\u00e9e":"2 minutes"},"schema":{"@context":"https:\/\/schema.org","@graph":[{"@type":"Article","@id":"https:\/\/lasentinelle.dz\/index.php\/2022\/11\/28\/agrement-pour-les-activites-de-concessionnaire-et-de-construction-de-vehicules-le-processus-lance\/#article","isPartOf":{"@id":"https:\/\/lasentinelle.dz\/index.php\/2022\/11\/28\/agrement-pour-les-activites-de-concessionnaire-et-de-construction-de-vehicules-le-processus-lance\/"},"author":{"name":"La Sentinelle","@id":"https:\/\/lasentinelle.dz\/#\/schema\/person\/d865044e22e70a75174ce8bcad3acfb3"},"headline":"Agr\u00e9ment pour les activit\u00e9s de concessionnaire et de construction de v\u00e9hicules\u00a0: Le processus lanc\u00e9","datePublished":"2022-11-28T21:08:00+00:00","mainEntityOfPage":{"@id":"https:\/\/lasentinelle.dz\/index.php\/2022\/11\/28\/agrement-pour-les-activites-de-concessionnaire-et-de-construction-de-vehicules-le-processus-lance\/"},"wordCount":437,"commentCount":0,"publisher":{"@id":"https:\/\/lasentinelle.dz\/#organization"},"image":{"@id":"https:\/\/lasentinelle.dz\/index.php\/2022\/11\/28\/agrement-pour-les-activites-de-concessionnaire-et-de-construction-de-vehicules-le-processus-lance\/#primaryimage"},"thumbnailUrl":"https:\/\/lasentinelle.dz\/wp-content\/uploads\/2022\/11\/image_2022-11-28_203637683.png","articleSection":["\u00c0 la Une","\u00c9conomie"],"inLanguage":"fr-FR","potentialAction":[{"@type":"CommentAction","name":"Comment","target":["https:\/\/lasentinelle.dz\/index.php\/2022\/11\/28\/agrement-pour-les-activites-de-concessionnaire-et-de-construction-de-vehicules-le-processus-lance\/#respond"]}]},{"@type":"WebPage","@id":"https:\/\/lasentinelle.dz\/index.php\/2022\/11\/28\/agrement-pour-les-activites-de-concessionnaire-et-de-construction-de-vehicules-le-processus-lance\/","url":"https:\/\/lasentinelle.dz\/index.php\/2022\/11\/28\/agrement-pour-les-activites-de-concessionnaire-et-de-construction-de-vehicules-le-processus-lance\/","name":"Agr\u00e9ment pour les activit\u00e9s de concessionnaire et de construction de v\u00e9hicules\u00a0: Le processus lanc\u00e9 - La Sentinelle","isPartOf":{"@id":"https:\/\/lasentinelle.dz\/#website"},"primaryImageOfPage":{"@id":"https:\/\/lasentinelle.dz\/index.php\/2022\/11\/28\/agrement-pour-les-activites-de-concessionnaire-et-de-construction-de-vehicules-le-processus-lance\/#primaryimage"},"image":{"@id":"https:\/\/lasentinelle.dz\/index.php\/2022\/11\/28\/agrement-pour-les-activites-de-concessionnaire-et-de-construction-de-vehicules-le-processus-lance\/#primaryimage"},"thumbnailUrl":"https:\/\/lasentinelle.dz\/wp-content\/uploads\/2022\/11\/image_2022-11-28_203637683.png","datePublished":"2022-11-28T21:08:00+00:00","breadcrumb":{"@id":"https:\/\/lasentinelle.dz\/index.php\/2022\/11\/28\/agrement-pour-les-activites-de-concessionnaire-et-de-construction-de-vehicules-le-processus-lance\/#breadcrumb"},"inLanguage":"fr-FR","potentialAction":[{"@type":"ReadAction","target":["https:\/\/lasentinelle.dz\/index.php\/2022\/11\/28\/agrement-pour-les-activites-de-concessionnaire-et-de-construction-de-vehicules-le-processus-lance\/"]}]},{"@type":"ImageObject","inLanguage":"fr-FR","@id":"https:\/\/lasentinelle.dz\/index.php\/2022\/11\/28\/agrement-pour-les-activites-de-concessionnaire-et-de-construction-de-vehicules-le-processus-lance\/#primaryimage","url":"https:\/\/lasentinelle.dz\/wp-content\/uploads\/2022\/11\/image_2022-11-28_203637683.png","contentUrl":"https:\/\/lasentinelle.dz\/wp-content\/uploads\/2022\/11\/image_2022-11-28_203637683.png","width":1600,"height":900},{"@type":"BreadcrumbList","@id":"https:\/\/lasentinelle.dz\/index.php\/2022\/11\/28\/agrement-pour-les-activites-de-concessionnaire-et-de-construction-de-vehicules-le-processus-lance\/#breadcrumb","itemListElement":[{"@type":"ListItem","position":1,"name":"Accueil","item":"https:\/\/lasentinelle.dz\/"},{"@type":"ListItem","position":2,"name":"Agr\u00e9ment pour les activit\u00e9s de concessionnaire et de construction de v\u00e9hicules\u00a0: Le processus lanc\u00e9"}]},{"@type":"WebSite","@id":"https:\/\/lasentinelle.dz\/#website","url":"https:\/\/lasentinelle.dz\/","name":"La Sentinelle","description":"Quotidien national d&#039;information","publisher":{"@id":"https:\/\/lasentinelle.dz\/#organization"},"potentialAction":[{"@type":"SearchAction","target":{"@type":"EntryPoint","urlTemplate":"https:\/\/lasentinelle.dz\/?s={search_term_string}"},"query-input":{"@type":"PropertyValueSpecification","valueRequired":true,"valueName":"search_term_string"}}],"inLanguage":"fr-FR"},{"@type":"Organization","@id":"https:\/\/lasentinelle.dz\/#organization","name":"Quotidien La Sentinelle","url":"https:\/\/lasentinelle.dz\/","logo":{"@type":"ImageObject","inLanguage":"fr-FR","@id":"https:\/\/lasentinelle.dz\/#\/schema\/logo\/image\/","url":"https:\/\/lasentinelle.dz\/wp-content\/uploads\/2021\/09\/logo-sentinelleSLOGAN-1.png","contentUrl":"https:\/\/lasentinelle.dz\/wp-content\/uploads\/2021\/09\/logo-sentinelleSLOGAN-1.png","width":615,"height":142,"caption":"Quotidien La Sentinelle"},"image":{"@id":"https:\/\/lasentinelle.dz\/#\/schema\/logo\/image\/"},"sameAs":["https:\/\/www.facebook.com\/La-Sentinelle-104059864394773"]},{"@type":"Person","@id":"https:\/\/lasentinelle.dz\/#\/schema\/person\/d865044e22e70a75174ce8bcad3acfb3","name":"La Sentinelle","image":{"@type":"ImageObject","inLanguage":"fr-FR","@id":"https:\/\/secure.gravatar.com\/avatar\/57de8e5d4b15d43fb361a71fbb36338450fe67865b528a43dd10ef7c51a20392?s=96&d=mm&r=g","url":"https:\/\/secure.gravatar.com\/avatar\/57de8e5d4b15d43fb361a71fbb36338450fe67865b528a43dd10ef7c51a20392?s=96&d=mm&r=g","contentUrl":"https:\/\/secure.gravatar.com\/avatar\/57de8e5d4b15d43fb361a71fbb36338450fe67865b528a43dd10ef7c51a20392?s=96&d=mm&r=g","caption":"La Sentinelle"},"sameAs":["http:\/\/www.lasentinelle.dz"],"url":"https:\/\/lasentinelle.dz\/author\/redaction\/"}]}},"_links":{"self":[{"href":"https:\/\/lasentinelle.dz\/index.php\/wp-json\/wp\/v2\/posts\/31702","targetHints":{"allow":["GET"]}}],"collection":[{"href":"https:\/\/lasentinelle.dz\/index.php\/wp-json\/wp\/v2\/posts"}],"about":[{"href":"https:\/\/lasentinelle.dz\/index.php\/wp-json\/wp\/v2\/types\/post"}],"author":[{"embeddable":true,"href":"https:\/\/lasentinelle.dz\/index.php\/wp-json\/wp\/v2\/users\/3"}],"replies":[{"embeddable":true,"href":"https:\/\/lasentinelle.dz\/index.php\/wp-json\/wp\/v2\/comments?post=31702"}],"version-history":[{"count":1,"href":"https:\/\/lasentinelle.dz\/index.php\/wp-json\/wp\/v2\/posts\/31702\/revisions"}],"predecessor-version":[{"id":31711,"href":"https:\/\/lasentinelle.dz\/index.php\/wp-json\/wp\/v2\/posts\/31702\/revisions\/31711"}],"wp:featuredmedia":[{"embeddable":true,"href":"https:\/\/lasentinelle.dz\/index.php\/wp-json\/wp\/v2\/media\/31710"}],"wp:attachment":[{"href":"https:\/\/lasentinelle.dz\/index.php\/wp-json\/wp\/v2\/media?parent=31702"}],"wp:term":[{"taxonomy":"category","embeddable":true,"href":"https:\/\/lasentinelle.dz\/index.php\/wp-json\/wp\/v2\/categories?post=31702"},{"taxonomy":"post_tag","embeddable":true,"href":"https:\/\/lasentinelle.dz\/index.php\/wp-json\/wp\/v2\/tags?post=31702"}],"curies":[{"name":"wp","href":"https:\/\/api.w.org\/{rel}","templated":true}]}}