{"id":31722,"date":"2022-11-29T22:00:00","date_gmt":"2022-11-29T21:00:00","guid":{"rendered":"https:\/\/lasentinelle.dz\/?p=31722"},"modified":"2022-11-29T15:38:10","modified_gmt":"2022-11-29T14:38:10","slug":"afrique-australe-le-kenya-accueille-un-sommet-sur-le-conflit-en-rdc","status":"publish","type":"post","link":"https:\/\/lasentinelle.dz\/index.php\/2022\/11\/29\/afrique-australe-le-kenya-accueille-un-sommet-sur-le-conflit-en-rdc\/","title":{"rendered":"Afrique Australe\u00a0: Le Kenya accueille un sommet sur le conflit en RDC"},"content":{"rendered":"\n<p>Les troisi\u00e8mes consultations intercongolaises&nbsp;&nbsp; du processus de paix de Nairobi, qui vise, sous l&rsquo;\u00e9gide de la Communaut\u00e9 d&rsquo;Afrique de l&rsquo;Est (CAE), \u00e0 ramener la paix dans l&rsquo;est de la R\u00e9publique&nbsp;&nbsp; d\u00e9mocratique du Congo (RDC) en proie \u00e0 des troubles, ont d\u00e9but\u00e9 lundi dans la capitale k\u00e9nyane Nairobi. Pendant une semaine, le forum va r\u00e9unir le pr\u00e9sident k\u00e9nyan William Ruto et son homologue burundais Evariste Ndayishimiye, \u00e9galement pr\u00e9sident de la&nbsp;&nbsp; CEA, tandis que le pr\u00e9sident ougandais Yoweri Museveni et le pr\u00e9sident rwandais Paul Kagame ont assist\u00e9 \u00e0 la r\u00e9union de mani\u00e8re virtuelle. Dans son allocution d&rsquo;ouverture, M. Ruto a soulign\u00e9 que la situation&nbsp;&nbsp; s\u00e9curitaire dans l&rsquo;est de la RDC continuait d&rsquo;\u00eatre une grande inqui\u00e9tude pour les habitants de l&rsquo;Afrique de l&rsquo;Est et du monde en g\u00e9n\u00e9ral. \u00ab\u00a0Nous sommes ici pour souligner le besoin urgent de dialogue et de&nbsp;&nbsp; d\u00e9sescalade et pour encourager et aider chaque acteur \u00e0 intensifier leur poursuite gr\u00e2ce \u00e0 l&rsquo;engagement efficace des m\u00e9canismes r\u00e9gionaux et&nbsp;&nbsp; internationaux de r\u00e8glement des diff\u00e9rends\u00a0\u00bb, a-t-il d\u00e9clar\u00e9. Ces consultations font suite aux deuxi\u00e8mes consultations de paix intercongolaises, une mission d&rsquo;\u00e9valuation et de cartographie dans l&rsquo;est de la RDC qui s&rsquo;est d\u00e9roul\u00e9e en mai dernier en RDC. Dans le m\u00eame temps, le pr\u00e9sident k\u00e9nyan a encourag\u00e9 les Etats de la r\u00e9gion \u00e0 maintenir leur engagement envers les accords r\u00e9gionaux bilat\u00e9raux et&nbsp;&nbsp; multilat\u00e9raux existants, r\u00e9it\u00e9rant \u00e9galement l&rsquo;importance vitale de s&rsquo;appuyer sur les cadres approuv\u00e9s et de s&rsquo;engager positivement pour&nbsp;&nbsp; r\u00e9soudre tous les probl\u00e8mes, d\u00e9saccords, malentendus et pr\u00e9occupations afin de maintenir et d&rsquo;am\u00e9liorer les avantages mutuels. Il a ajout\u00e9 que le Kenya s&rsquo;engageait \u00e0 soutenir les efforts qui&nbsp;&nbsp; soutiennent les solutions diplomatiques et militaires n\u00e9cessaires au r\u00e9tablissement effectif d&rsquo;une paix et d&rsquo;une stabilit\u00e9 durables dans l&rsquo;est&nbsp;&nbsp; de la RDC.<\/p>\n\n\n\n<p>APS<\/p>\n","protected":false},"excerpt":{"rendered":"<p>Les troisi\u00e8mes consultations intercongolaises&nbsp;&nbsp; du processus de paix de Nairobi, qui vise, sous l&rsquo;\u00e9gide de la Communaut\u00e9 d&rsquo;Afrique de l&rsquo;Est<\/p>\n","protected":false},"author":3,"featured_media":31734,"comment_status":"open","ping_status":"closed","sticky":false,"template":"","format":"standard","meta":{"colormag_page_container_layout":"default_layout","colormag_page_sidebar_layout":"default_layout","om_disable_all_campaigns":false,"_monsterinsights_skip_tracking":false,"_monsterinsights_sitenote_active":false,"_monsterinsights_sitenote_note":"","_monsterinsights_sitenote_category":0,"footnotes":"","_wpscppro_dont_share_socialmedia":false,"_wpscppro_custom_social_share_image":0,"_facebook_share_type":"","_twitter_share_type":"","_linkedin_share_type":"","_pinterest_share_type":"","_linkedin_share_type_page":"","_instagram_share_type":"","_medium_share_type":"","_threads_share_type":"","_google_business_share_type":"","_selected_social_profile":[],"_wpsp_enable_custom_social_template":false,"_wpsp_social_scheduling":{"enabled":false,"datetime":null,"platforms":[],"status":"template_only","dateOption":"today","timeOption":"now","customDays":"","customHours":"","customDate":"","customTime":"","schedulingType":"absolute"},"_wpsp_active_default_template":true},"categories":[37],"tags":[],"class_list":["post-31722","post","type-post","status-publish","format-standard","has-post-thumbnail","hentry","category-monde"],"aioseo_notices":[],"yoast_head":"<!-- This site is optimized with the Yoast SEO plugin v27.5 - https:\/\/yoast.com\/product\/yoast-seo-wordpress\/ -->\n<title>Afrique Australe\u00a0: Le Kenya accueille un sommet sur le conflit en RDC - La Sentinelle<\/title>\n<meta name=\"robots\" content=\"index, follow, max-snippet:-1, max-image-preview:large, max-video-preview:-1\" \/>\n<link rel=\"canonical\" href=\"https:\/\/lasentinelle.dz\/index.php\/2022\/11\/29\/afrique-australe-le-kenya-accueille-un-sommet-sur-le-conflit-en-rdc\/\" \/>\n<meta property=\"og:locale\" content=\"fr_FR\" \/>\n<meta property=\"og:type\" content=\"article\" \/>\n<meta property=\"og:title\" content=\"Afrique Australe\u00a0: Le Kenya accueille un sommet sur le conflit en RDC - La Sentinelle\" \/>\n<meta property=\"og:description\" content=\"Les troisi\u00e8mes consultations intercongolaises&nbsp;&nbsp; du processus de paix de Nairobi, qui vise, sous l&rsquo;\u00e9gide de la Communaut\u00e9 d&rsquo;Afrique de l&rsquo;Est\" \/>\n<meta property=\"og:url\" content=\"https:\/\/lasentinelle.dz\/index.php\/2022\/11\/29\/afrique-australe-le-kenya-accueille-un-sommet-sur-le-conflit-en-rdc\/\" \/>\n<meta property=\"og:site_name\" content=\"La Sentinelle\" \/>\n<meta property=\"article:publisher\" content=\"https:\/\/www.facebook.com\/La-Sentinelle-104059864394773\" \/>\n<meta property=\"article:published_time\" content=\"2022-11-29T21:00:00+00:00\" \/>\n<meta property=\"og:image\" content=\"https:\/\/lasentinelle.dz\/wp-content\/uploads\/2022\/11\/image_2022-11-29_153802403.png\" \/>\n\t<meta property=\"og:image:width\" content=\"640\" \/>\n\t<meta property=\"og:image:height\" content=\"360\" \/>\n\t<meta property=\"og:image:type\" content=\"image\/png\" \/>\n<meta name=\"author\" content=\"La Sentinelle\" \/>\n<meta name=\"twitter:card\" content=\"summary_large_image\" \/>\n<meta name=\"twitter:label1\" content=\"\u00c9crit par\" \/>\n\t<meta name=\"twitter:data1\" content=\"La Sentinelle\" \/>\n\t<meta name=\"twitter:label2\" content=\"Dur\u00e9e de lecture estim\u00e9e\" \/>\n\t<meta name=\"twitter:data2\" content=\"2 minutes\" \/>\n<script type=\"application\/ld+json\" class=\"yoast-schema-graph\">{\"@context\":\"https:\\\/\\\/schema.org\",\"@graph\":[{\"@type\":\"Article\",\"@id\":\"https:\\\/\\\/lasentinelle.dz\\\/index.php\\\/2022\\\/11\\\/29\\\/afrique-australe-le-kenya-accueille-un-sommet-sur-le-conflit-en-rdc\\\/#article\",\"isPartOf\":{\"@id\":\"https:\\\/\\\/lasentinelle.dz\\\/index.php\\\/2022\\\/11\\\/29\\\/afrique-australe-le-kenya-accueille-un-sommet-sur-le-conflit-en-rdc\\\/\"},\"author\":{\"name\":\"La Sentinelle\",\"@id\":\"https:\\\/\\\/lasentinelle.dz\\\/#\\\/schema\\\/person\\\/d865044e22e70a75174ce8bcad3acfb3\"},\"headline\":\"Afrique Australe\u00a0: Le Kenya accueille un sommet sur le conflit en RDC\",\"datePublished\":\"2022-11-29T21:00:00+00:00\",\"mainEntityOfPage\":{\"@id\":\"https:\\\/\\\/lasentinelle.dz\\\/index.php\\\/2022\\\/11\\\/29\\\/afrique-australe-le-kenya-accueille-un-sommet-sur-le-conflit-en-rdc\\\/\"},\"wordCount\":374,\"commentCount\":0,\"publisher\":{\"@id\":\"https:\\\/\\\/lasentinelle.dz\\\/#organization\"},\"image\":{\"@id\":\"https:\\\/\\\/lasentinelle.dz\\\/index.php\\\/2022\\\/11\\\/29\\\/afrique-australe-le-kenya-accueille-un-sommet-sur-le-conflit-en-rdc\\\/#primaryimage\"},\"thumbnailUrl\":\"https:\\\/\\\/lasentinelle.dz\\\/wp-content\\\/uploads\\\/2022\\\/11\\\/image_2022-11-29_153802403.png\",\"articleSection\":[\"Monde\"],\"inLanguage\":\"fr-FR\",\"potentialAction\":[{\"@type\":\"CommentAction\",\"name\":\"Comment\",\"target\":[\"https:\\\/\\\/lasentinelle.dz\\\/index.php\\\/2022\\\/11\\\/29\\\/afrique-australe-le-kenya-accueille-un-sommet-sur-le-conflit-en-rdc\\\/#respond\"]}]},{\"@type\":\"WebPage\",\"@id\":\"https:\\\/\\\/lasentinelle.dz\\\/index.php\\\/2022\\\/11\\\/29\\\/afrique-australe-le-kenya-accueille-un-sommet-sur-le-conflit-en-rdc\\\/\",\"url\":\"https:\\\/\\\/lasentinelle.dz\\\/index.php\\\/2022\\\/11\\\/29\\\/afrique-australe-le-kenya-accueille-un-sommet-sur-le-conflit-en-rdc\\\/\",\"name\":\"Afrique Australe\u00a0: Le Kenya accueille un sommet sur le conflit en RDC - La Sentinelle\",\"isPartOf\":{\"@id\":\"https:\\\/\\\/lasentinelle.dz\\\/#website\"},\"primaryImageOfPage\":{\"@id\":\"https:\\\/\\\/lasentinelle.dz\\\/index.php\\\/2022\\\/11\\\/29\\\/afrique-australe-le-kenya-accueille-un-sommet-sur-le-conflit-en-rdc\\\/#primaryimage\"},\"image\":{\"@id\":\"https:\\\/\\\/lasentinelle.dz\\\/index.php\\\/2022\\\/11\\\/29\\\/afrique-australe-le-kenya-accueille-un-sommet-sur-le-conflit-en-rdc\\\/#primaryimage\"},\"thumbnailUrl\":\"https:\\\/\\\/lasentinelle.dz\\\/wp-content\\\/uploads\\\/2022\\\/11\\\/image_2022-11-29_153802403.png\",\"datePublished\":\"2022-11-29T21:00:00+00:00\",\"breadcrumb\":{\"@id\":\"https:\\\/\\\/lasentinelle.dz\\\/index.php\\\/2022\\\/11\\\/29\\\/afrique-australe-le-kenya-accueille-un-sommet-sur-le-conflit-en-rdc\\\/#breadcrumb\"},\"inLanguage\":\"fr-FR\",\"potentialAction\":[{\"@type\":\"ReadAction\",\"target\":[\"https:\\\/\\\/lasentinelle.dz\\\/index.php\\\/2022\\\/11\\\/29\\\/afrique-australe-le-kenya-accueille-un-sommet-sur-le-conflit-en-rdc\\\/\"]}]},{\"@type\":\"ImageObject\",\"inLanguage\":\"fr-FR\",\"@id\":\"https:\\\/\\\/lasentinelle.dz\\\/index.php\\\/2022\\\/11\\\/29\\\/afrique-australe-le-kenya-accueille-un-sommet-sur-le-conflit-en-rdc\\\/#primaryimage\",\"url\":\"https:\\\/\\\/lasentinelle.dz\\\/wp-content\\\/uploads\\\/2022\\\/11\\\/image_2022-11-29_153802403.png\",\"contentUrl\":\"https:\\\/\\\/lasentinelle.dz\\\/wp-content\\\/uploads\\\/2022\\\/11\\\/image_2022-11-29_153802403.png\",\"width\":640,\"height\":360},{\"@type\":\"BreadcrumbList\",\"@id\":\"https:\\\/\\\/lasentinelle.dz\\\/index.php\\\/2022\\\/11\\\/29\\\/afrique-australe-le-kenya-accueille-un-sommet-sur-le-conflit-en-rdc\\\/#breadcrumb\",\"itemListElement\":[{\"@type\":\"ListItem\",\"position\":1,\"name\":\"Accueil\",\"item\":\"https:\\\/\\\/lasentinelle.dz\\\/\"},{\"@type\":\"ListItem\",\"position\":2,\"name\":\"Afrique Australe\u00a0: Le Kenya accueille un sommet sur le conflit en RDC\"}]},{\"@type\":\"WebSite\",\"@id\":\"https:\\\/\\\/lasentinelle.dz\\\/#website\",\"url\":\"https:\\\/\\\/lasentinelle.dz\\\/\",\"name\":\"La Sentinelle\",\"description\":\"Quotidien national d&#039;information\",\"publisher\":{\"@id\":\"https:\\\/\\\/lasentinelle.dz\\\/#organization\"},\"potentialAction\":[{\"@type\":\"SearchAction\",\"target\":{\"@type\":\"EntryPoint\",\"urlTemplate\":\"https:\\\/\\\/lasentinelle.dz\\\/?s={search_term_string}\"},\"query-input\":{\"@type\":\"PropertyValueSpecification\",\"valueRequired\":true,\"valueName\":\"search_term_string\"}}],\"inLanguage\":\"fr-FR\"},{\"@type\":\"Organization\",\"@id\":\"https:\\\/\\\/lasentinelle.dz\\\/#organization\",\"name\":\"Quotidien La Sentinelle\",\"url\":\"https:\\\/\\\/lasentinelle.dz\\\/\",\"logo\":{\"@type\":\"ImageObject\",\"inLanguage\":\"fr-FR\",\"@id\":\"https:\\\/\\\/lasentinelle.dz\\\/#\\\/schema\\\/logo\\\/image\\\/\",\"url\":\"https:\\\/\\\/lasentinelle.dz\\\/wp-content\\\/uploads\\\/2021\\\/09\\\/logo-sentinelleSLOGAN-1.png\",\"contentUrl\":\"https:\\\/\\\/lasentinelle.dz\\\/wp-content\\\/uploads\\\/2021\\\/09\\\/logo-sentinelleSLOGAN-1.png\",\"width\":615,\"height\":142,\"caption\":\"Quotidien La Sentinelle\"},\"image\":{\"@id\":\"https:\\\/\\\/lasentinelle.dz\\\/#\\\/schema\\\/logo\\\/image\\\/\"},\"sameAs\":[\"https:\\\/\\\/www.facebook.com\\\/La-Sentinelle-104059864394773\"]},{\"@type\":\"Person\",\"@id\":\"https:\\\/\\\/lasentinelle.dz\\\/#\\\/schema\\\/person\\\/d865044e22e70a75174ce8bcad3acfb3\",\"name\":\"La Sentinelle\",\"image\":{\"@type\":\"ImageObject\",\"inLanguage\":\"fr-FR\",\"@id\":\"https:\\\/\\\/secure.gravatar.com\\\/avatar\\\/57de8e5d4b15d43fb361a71fbb36338450fe67865b528a43dd10ef7c51a20392?s=96&d=mm&r=g\",\"url\":\"https:\\\/\\\/secure.gravatar.com\\\/avatar\\\/57de8e5d4b15d43fb361a71fbb36338450fe67865b528a43dd10ef7c51a20392?s=96&d=mm&r=g\",\"contentUrl\":\"https:\\\/\\\/secure.gravatar.com\\\/avatar\\\/57de8e5d4b15d43fb361a71fbb36338450fe67865b528a43dd10ef7c51a20392?s=96&d=mm&r=g\",\"caption\":\"La Sentinelle\"},\"sameAs\":[\"http:\\\/\\\/www.lasentinelle.dz\"],\"url\":\"https:\\\/\\\/lasentinelle.dz\\\/author\\\/redaction\\\/\"}]}<\/script>\n<!-- \/ Yoast SEO plugin. -->","yoast_head_json":{"title":"Afrique Australe\u00a0: Le Kenya accueille un sommet sur le conflit en RDC - La Sentinelle","robots":{"index":"index","follow":"follow","max-snippet":"max-snippet:-1","max-image-preview":"max-image-preview:large","max-video-preview":"max-video-preview:-1"},"canonical":"https:\/\/lasentinelle.dz\/index.php\/2022\/11\/29\/afrique-australe-le-kenya-accueille-un-sommet-sur-le-conflit-en-rdc\/","og_locale":"fr_FR","og_type":"article","og_title":"Afrique Australe\u00a0: Le Kenya accueille un sommet sur le conflit en RDC - La Sentinelle","og_description":"Les troisi\u00e8mes consultations intercongolaises&nbsp;&nbsp; du processus de paix de Nairobi, qui vise, sous l&rsquo;\u00e9gide de la Communaut\u00e9 d&rsquo;Afrique de l&rsquo;Est","og_url":"https:\/\/lasentinelle.dz\/index.php\/2022\/11\/29\/afrique-australe-le-kenya-accueille-un-sommet-sur-le-conflit-en-rdc\/","og_site_name":"La Sentinelle","article_publisher":"https:\/\/www.facebook.com\/La-Sentinelle-104059864394773","article_published_time":"2022-11-29T21:00:00+00:00","og_image":[{"width":640,"height":360,"url":"https:\/\/lasentinelle.dz\/wp-content\/uploads\/2022\/11\/image_2022-11-29_153802403.png","type":"image\/png"}],"author":"La Sentinelle","twitter_card":"summary_large_image","twitter_misc":{"\u00c9crit par":"La Sentinelle","Dur\u00e9e de lecture estim\u00e9e":"2 minutes"},"schema":{"@context":"https:\/\/schema.org","@graph":[{"@type":"Article","@id":"https:\/\/lasentinelle.dz\/index.php\/2022\/11\/29\/afrique-australe-le-kenya-accueille-un-sommet-sur-le-conflit-en-rdc\/#article","isPartOf":{"@id":"https:\/\/lasentinelle.dz\/index.php\/2022\/11\/29\/afrique-australe-le-kenya-accueille-un-sommet-sur-le-conflit-en-rdc\/"},"author":{"name":"La Sentinelle","@id":"https:\/\/lasentinelle.dz\/#\/schema\/person\/d865044e22e70a75174ce8bcad3acfb3"},"headline":"Afrique Australe\u00a0: Le Kenya accueille un sommet sur le conflit en RDC","datePublished":"2022-11-29T21:00:00+00:00","mainEntityOfPage":{"@id":"https:\/\/lasentinelle.dz\/index.php\/2022\/11\/29\/afrique-australe-le-kenya-accueille-un-sommet-sur-le-conflit-en-rdc\/"},"wordCount":374,"commentCount":0,"publisher":{"@id":"https:\/\/lasentinelle.dz\/#organization"},"image":{"@id":"https:\/\/lasentinelle.dz\/index.php\/2022\/11\/29\/afrique-australe-le-kenya-accueille-un-sommet-sur-le-conflit-en-rdc\/#primaryimage"},"thumbnailUrl":"https:\/\/lasentinelle.dz\/wp-content\/uploads\/2022\/11\/image_2022-11-29_153802403.png","articleSection":["Monde"],"inLanguage":"fr-FR","potentialAction":[{"@type":"CommentAction","name":"Comment","target":["https:\/\/lasentinelle.dz\/index.php\/2022\/11\/29\/afrique-australe-le-kenya-accueille-un-sommet-sur-le-conflit-en-rdc\/#respond"]}]},{"@type":"WebPage","@id":"https:\/\/lasentinelle.dz\/index.php\/2022\/11\/29\/afrique-australe-le-kenya-accueille-un-sommet-sur-le-conflit-en-rdc\/","url":"https:\/\/lasentinelle.dz\/index.php\/2022\/11\/29\/afrique-australe-le-kenya-accueille-un-sommet-sur-le-conflit-en-rdc\/","name":"Afrique Australe\u00a0: Le Kenya accueille un sommet sur le conflit en RDC - La Sentinelle","isPartOf":{"@id":"https:\/\/lasentinelle.dz\/#website"},"primaryImageOfPage":{"@id":"https:\/\/lasentinelle.dz\/index.php\/2022\/11\/29\/afrique-australe-le-kenya-accueille-un-sommet-sur-le-conflit-en-rdc\/#primaryimage"},"image":{"@id":"https:\/\/lasentinelle.dz\/index.php\/2022\/11\/29\/afrique-australe-le-kenya-accueille-un-sommet-sur-le-conflit-en-rdc\/#primaryimage"},"thumbnailUrl":"https:\/\/lasentinelle.dz\/wp-content\/uploads\/2022\/11\/image_2022-11-29_153802403.png","datePublished":"2022-11-29T21:00:00+00:00","breadcrumb":{"@id":"https:\/\/lasentinelle.dz\/index.php\/2022\/11\/29\/afrique-australe-le-kenya-accueille-un-sommet-sur-le-conflit-en-rdc\/#breadcrumb"},"inLanguage":"fr-FR","potentialAction":[{"@type":"ReadAction","target":["https:\/\/lasentinelle.dz\/index.php\/2022\/11\/29\/afrique-australe-le-kenya-accueille-un-sommet-sur-le-conflit-en-rdc\/"]}]},{"@type":"ImageObject","inLanguage":"fr-FR","@id":"https:\/\/lasentinelle.dz\/index.php\/2022\/11\/29\/afrique-australe-le-kenya-accueille-un-sommet-sur-le-conflit-en-rdc\/#primaryimage","url":"https:\/\/lasentinelle.dz\/wp-content\/uploads\/2022\/11\/image_2022-11-29_153802403.png","contentUrl":"https:\/\/lasentinelle.dz\/wp-content\/uploads\/2022\/11\/image_2022-11-29_153802403.png","width":640,"height":360},{"@type":"BreadcrumbList","@id":"https:\/\/lasentinelle.dz\/index.php\/2022\/11\/29\/afrique-australe-le-kenya-accueille-un-sommet-sur-le-conflit-en-rdc\/#breadcrumb","itemListElement":[{"@type":"ListItem","position":1,"name":"Accueil","item":"https:\/\/lasentinelle.dz\/"},{"@type":"ListItem","position":2,"name":"Afrique Australe\u00a0: Le Kenya accueille un sommet sur le conflit en RDC"}]},{"@type":"WebSite","@id":"https:\/\/lasentinelle.dz\/#website","url":"https:\/\/lasentinelle.dz\/","name":"La Sentinelle","description":"Quotidien national d&#039;information","publisher":{"@id":"https:\/\/lasentinelle.dz\/#organization"},"potentialAction":[{"@type":"SearchAction","target":{"@type":"EntryPoint","urlTemplate":"https:\/\/lasentinelle.dz\/?s={search_term_string}"},"query-input":{"@type":"PropertyValueSpecification","valueRequired":true,"valueName":"search_term_string"}}],"inLanguage":"fr-FR"},{"@type":"Organization","@id":"https:\/\/lasentinelle.dz\/#organization","name":"Quotidien La Sentinelle","url":"https:\/\/lasentinelle.dz\/","logo":{"@type":"ImageObject","inLanguage":"fr-FR","@id":"https:\/\/lasentinelle.dz\/#\/schema\/logo\/image\/","url":"https:\/\/lasentinelle.dz\/wp-content\/uploads\/2021\/09\/logo-sentinelleSLOGAN-1.png","contentUrl":"https:\/\/lasentinelle.dz\/wp-content\/uploads\/2021\/09\/logo-sentinelleSLOGAN-1.png","width":615,"height":142,"caption":"Quotidien La Sentinelle"},"image":{"@id":"https:\/\/lasentinelle.dz\/#\/schema\/logo\/image\/"},"sameAs":["https:\/\/www.facebook.com\/La-Sentinelle-104059864394773"]},{"@type":"Person","@id":"https:\/\/lasentinelle.dz\/#\/schema\/person\/d865044e22e70a75174ce8bcad3acfb3","name":"La Sentinelle","image":{"@type":"ImageObject","inLanguage":"fr-FR","@id":"https:\/\/secure.gravatar.com\/avatar\/57de8e5d4b15d43fb361a71fbb36338450fe67865b528a43dd10ef7c51a20392?s=96&d=mm&r=g","url":"https:\/\/secure.gravatar.com\/avatar\/57de8e5d4b15d43fb361a71fbb36338450fe67865b528a43dd10ef7c51a20392?s=96&d=mm&r=g","contentUrl":"https:\/\/secure.gravatar.com\/avatar\/57de8e5d4b15d43fb361a71fbb36338450fe67865b528a43dd10ef7c51a20392?s=96&d=mm&r=g","caption":"La Sentinelle"},"sameAs":["http:\/\/www.lasentinelle.dz"],"url":"https:\/\/lasentinelle.dz\/author\/redaction\/"}]}},"_links":{"self":[{"href":"https:\/\/lasentinelle.dz\/index.php\/wp-json\/wp\/v2\/posts\/31722","targetHints":{"allow":["GET"]}}],"collection":[{"href":"https:\/\/lasentinelle.dz\/index.php\/wp-json\/wp\/v2\/posts"}],"about":[{"href":"https:\/\/lasentinelle.dz\/index.php\/wp-json\/wp\/v2\/types\/post"}],"author":[{"embeddable":true,"href":"https:\/\/lasentinelle.dz\/index.php\/wp-json\/wp\/v2\/users\/3"}],"replies":[{"embeddable":true,"href":"https:\/\/lasentinelle.dz\/index.php\/wp-json\/wp\/v2\/comments?post=31722"}],"version-history":[{"count":1,"href":"https:\/\/lasentinelle.dz\/index.php\/wp-json\/wp\/v2\/posts\/31722\/revisions"}],"predecessor-version":[{"id":31735,"href":"https:\/\/lasentinelle.dz\/index.php\/wp-json\/wp\/v2\/posts\/31722\/revisions\/31735"}],"wp:featuredmedia":[{"embeddable":true,"href":"https:\/\/lasentinelle.dz\/index.php\/wp-json\/wp\/v2\/media\/31734"}],"wp:attachment":[{"href":"https:\/\/lasentinelle.dz\/index.php\/wp-json\/wp\/v2\/media?parent=31722"}],"wp:term":[{"taxonomy":"category","embeddable":true,"href":"https:\/\/lasentinelle.dz\/index.php\/wp-json\/wp\/v2\/categories?post=31722"},{"taxonomy":"post_tag","embeddable":true,"href":"https:\/\/lasentinelle.dz\/index.php\/wp-json\/wp\/v2\/tags?post=31722"}],"curies":[{"name":"wp","href":"https:\/\/api.w.org\/{rel}","templated":true}]}}