{"id":31780,"date":"2022-11-29T22:05:00","date_gmt":"2022-11-29T21:05:00","guid":{"rendered":"https:\/\/lasentinelle.dz\/?p=31780"},"modified":"2022-11-29T21:27:36","modified_gmt":"2022-11-29T20:27:36","slug":"partenariat-cevital-weg-lusine-de-production-de-moteurs-de-machines-a-laver-inauguree","status":"publish","type":"post","link":"https:\/\/lasentinelle.dz\/index.php\/2022\/11\/29\/partenariat-cevital-weg-lusine-de-production-de-moteurs-de-machines-a-laver-inauguree\/","title":{"rendered":"Partenariat Cevital-WEG\u00a0: L\u2019usine de production de moteurs de machines \u00e0 laver inaugur\u00e9e"},"content":{"rendered":"\n<p>L\u2019usine de production de moteurs \u00e9lectrique pour machines \u00e0 laver r\u00e9alis\u00e9e dans le cadre d\u2019un partenariat entre le groupe priv\u00e9 alg\u00e9rien Cevital et l\u2019entreprise br\u00e9silienne WEG \u00e0 S\u00e9tif a \u00e9t\u00e9 inaugur\u00e9 hier en pr\u00e9sente du ministre de l\u2019Industrie Ahmed Zeghdar. Un partenariat r\u00e9alis\u00e9 dans le cadre des orientations des plus hautes autorit\u00e9s du pays li\u00e9s \u00e0 l\u2019augmentation des taux d\u2019int\u00e9gration industrielle dans les unit\u00e9s de production nationale. Cette co-entreprise favorise ainsi l&rsquo;industrialisation alg\u00e9rienne en misant sur une production locale tout en favorisant la cr\u00e9ation d\u2019un r\u00e9seau de sous-traitants attach\u00e9s notamment aux activit\u00e9s de production des produits \u00e9lectrom\u00e9nagers en Alg\u00e9rie. L\u2019usine de production de moteurs WEG Algeria Motors Spa, situ\u00e9e \u00e0 S\u00e9tif, est d\u00e9tenue \u00e0 51% par le groupe WEG et 49% par le groupe CEVITAL.<\/p>\n\n\n\n<p>La capacit\u00e9 de production de WEG Algeria Motors Spa &nbsp;produira annuellement de 1 \u00e0 1,2 millions de moteurs \u00e9lectriques pour lave-linges, lui permettant de r\u00e9pondre \u00e0 la demande locale exprim\u00e9e par les entreprises actives dans les industries de l\u2019\u00e9lectrom\u00e9nager, ainsi que de produire pour l&rsquo;exportation vers l&rsquo;\u00e9tranger, notamment vers les pays d\u2019Afrique du Nord et le march\u00e9s voisins. Selon les pr\u00e9visions, 60 % de la production sera destin\u00e9e au march\u00e9 national et 40% \u00e0 l\u2019export.Ce projet a \u00e9t\u00e9 concr\u00e9tis\u00e9 gr\u00e2ce \u00e0 un investissement de 10 millions d&rsquo;euros et permettra de porter le taux d\u2019int\u00e9gration des lignes de production de machines \u00e0 laver \u00e0 80%, contre 60% actuellement, et de fournir ce type de moteur sur le march\u00e9 national march\u00e9 selon les derni\u00e8res normes en la mati\u00e8re. Il permettra \u00e9galement de pourvoir 100 postes d&#8217;emplois directs. Le ministre a indiqu\u00e9 que ce projet donnera un nouvel \u00e9lan aux industries de l&rsquo;\u00e9lectrom\u00e9nager, consid\u00e9r\u00e9es comme l&rsquo;une des branches industrielles les plus performantes, tant en termes de quantit\u00e9, de qualit\u00e9 que de rentabilit\u00e9, puisque la production couvre 83 % des besoins nationaux, ce qui a permis d\u2019orienter une partie vers l\u2019export.Il a ajout\u00e9 que les efforts de l&rsquo;Etat ont permis le d\u00e9veloppement de cette fili\u00e8re, en s&rsquo;appuyant sur des partenariats avec des op\u00e9rateurs \u00e9trangers &nbsp;ce qui a permis la cr\u00e9ation de 120 entreprises qui pourvoient plus de 30 000 postes et l&rsquo;\u00e9mergence de p\u00f4les industriels pour les industries \u00e9lectriques et \u00e9lectroniques, comme S\u00e9tif, Bordj Bou Arreridj et Sidi Bel Abbes. Il est utile de noter que WEG est l\u2019une des plus grandes entreprises de fabrication de moteurs \u00e9lectriques destin\u00e9s aux lignes de production d\u2019\u00e9quipements. L\u2019usine de S\u00e9tif concr\u00e9tise d\u2019ailleurs le premier investissement br\u00e9silien en Alg\u00e9rie. \u00ab&nbsp;L&rsquo;Alg\u00e9rie est un pays de grandes opportunit\u00e9s. Nous sommes s\u00fbrs que notre capacit\u00e9 \u00e0 produire des moteurs \u00e9lectriques localement, en comptant sur la comp\u00e9tence du peuple alg\u00e9rien et l&rsquo;expertise de nos partenaires et fournisseurs locaux, nous permettra de contribuer encore plus \u00e0 la grande croissance \u00e9conomique du pays. WEG veut faire partie de cette nouvelle phase\u00a0\u00bb, a d\u00e9clar\u00e9 dans ce sens Daniel Marteleto Godinho, Directeur des relations institutionnelles du Groupe WEG.<\/p>\n\n\n\n<p><strong>Chokri Hafed<\/strong><\/p>\n","protected":false},"excerpt":{"rendered":"<p>L\u2019usine de production de moteurs \u00e9lectrique pour machines \u00e0 laver r\u00e9alis\u00e9e dans le cadre d\u2019un partenariat entre le groupe priv\u00e9<\/p>\n","protected":false},"author":3,"featured_media":31791,"comment_status":"open","ping_status":"closed","sticky":false,"template":"","format":"standard","meta":{"colormag_page_container_layout":"default_layout","colormag_page_sidebar_layout":"default_layout","om_disable_all_campaigns":false,"_monsterinsights_skip_tracking":false,"_monsterinsights_sitenote_active":false,"_monsterinsights_sitenote_note":"","_monsterinsights_sitenote_category":0,"footnotes":"","_wpscppro_dont_share_socialmedia":false,"_wpscppro_custom_social_share_image":0,"_facebook_share_type":"","_twitter_share_type":"","_linkedin_share_type":"","_pinterest_share_type":"","_linkedin_share_type_page":"","_instagram_share_type":"","_medium_share_type":"","_threads_share_type":"","_google_business_share_type":"","_selected_social_profile":[],"_wpsp_enable_custom_social_template":false,"_wpsp_social_scheduling":{"enabled":false,"datetime":null,"platforms":[],"status":"template_only","dateOption":"today","timeOption":"now","customDays":"","customHours":"","customDate":"","customTime":"","schedulingType":"absolute"},"_wpsp_active_default_template":true},"categories":[29],"tags":[],"class_list":["post-31780","post","type-post","status-publish","format-standard","has-post-thumbnail","hentry","category-economie"],"aioseo_notices":[],"yoast_head":"<!-- This site is optimized with the Yoast SEO plugin v27.5 - https:\/\/yoast.com\/product\/yoast-seo-wordpress\/ -->\n<title>Partenariat Cevital-WEG\u00a0: L\u2019usine de production de moteurs de machines \u00e0 laver inaugur\u00e9e - La Sentinelle<\/title>\n<meta name=\"robots\" content=\"index, follow, max-snippet:-1, max-image-preview:large, max-video-preview:-1\" \/>\n<link rel=\"canonical\" href=\"https:\/\/lasentinelle.dz\/index.php\/2022\/11\/29\/partenariat-cevital-weg-lusine-de-production-de-moteurs-de-machines-a-laver-inauguree\/\" \/>\n<meta property=\"og:locale\" content=\"fr_FR\" \/>\n<meta property=\"og:type\" content=\"article\" \/>\n<meta property=\"og:title\" content=\"Partenariat Cevital-WEG\u00a0: L\u2019usine de production de moteurs de machines \u00e0 laver inaugur\u00e9e - La Sentinelle\" \/>\n<meta property=\"og:description\" content=\"L\u2019usine de production de moteurs \u00e9lectrique pour machines \u00e0 laver r\u00e9alis\u00e9e dans le cadre d\u2019un partenariat entre le groupe priv\u00e9\" \/>\n<meta property=\"og:url\" content=\"https:\/\/lasentinelle.dz\/index.php\/2022\/11\/29\/partenariat-cevital-weg-lusine-de-production-de-moteurs-de-machines-a-laver-inauguree\/\" \/>\n<meta property=\"og:site_name\" content=\"La Sentinelle\" \/>\n<meta property=\"article:publisher\" content=\"https:\/\/www.facebook.com\/La-Sentinelle-104059864394773\" \/>\n<meta property=\"article:published_time\" content=\"2022-11-29T21:05:00+00:00\" \/>\n<meta property=\"og:image\" content=\"https:\/\/lasentinelle.dz\/wp-content\/uploads\/2022\/11\/image_2022-11-29_212723474.png\" \/>\n\t<meta property=\"og:image:width\" content=\"700\" \/>\n\t<meta property=\"og:image:height\" content=\"525\" \/>\n\t<meta property=\"og:image:type\" content=\"image\/png\" \/>\n<meta name=\"author\" content=\"La Sentinelle\" \/>\n<meta name=\"twitter:card\" content=\"summary_large_image\" \/>\n<meta name=\"twitter:label1\" content=\"\u00c9crit par\" \/>\n\t<meta name=\"twitter:data1\" content=\"La Sentinelle\" \/>\n\t<meta name=\"twitter:label2\" content=\"Dur\u00e9e de lecture estim\u00e9e\" \/>\n\t<meta name=\"twitter:data2\" content=\"3 minutes\" \/>\n<script type=\"application\/ld+json\" class=\"yoast-schema-graph\">{\"@context\":\"https:\\\/\\\/schema.org\",\"@graph\":[{\"@type\":\"Article\",\"@id\":\"https:\\\/\\\/lasentinelle.dz\\\/index.php\\\/2022\\\/11\\\/29\\\/partenariat-cevital-weg-lusine-de-production-de-moteurs-de-machines-a-laver-inauguree\\\/#article\",\"isPartOf\":{\"@id\":\"https:\\\/\\\/lasentinelle.dz\\\/index.php\\\/2022\\\/11\\\/29\\\/partenariat-cevital-weg-lusine-de-production-de-moteurs-de-machines-a-laver-inauguree\\\/\"},\"author\":{\"name\":\"La Sentinelle\",\"@id\":\"https:\\\/\\\/lasentinelle.dz\\\/#\\\/schema\\\/person\\\/d865044e22e70a75174ce8bcad3acfb3\"},\"headline\":\"Partenariat Cevital-WEG\u00a0: L\u2019usine de production de moteurs de machines \u00e0 laver inaugur\u00e9e\",\"datePublished\":\"2022-11-29T21:05:00+00:00\",\"mainEntityOfPage\":{\"@id\":\"https:\\\/\\\/lasentinelle.dz\\\/index.php\\\/2022\\\/11\\\/29\\\/partenariat-cevital-weg-lusine-de-production-de-moteurs-de-machines-a-laver-inauguree\\\/\"},\"wordCount\":550,\"commentCount\":0,\"publisher\":{\"@id\":\"https:\\\/\\\/lasentinelle.dz\\\/#organization\"},\"image\":{\"@id\":\"https:\\\/\\\/lasentinelle.dz\\\/index.php\\\/2022\\\/11\\\/29\\\/partenariat-cevital-weg-lusine-de-production-de-moteurs-de-machines-a-laver-inauguree\\\/#primaryimage\"},\"thumbnailUrl\":\"https:\\\/\\\/lasentinelle.dz\\\/wp-content\\\/uploads\\\/2022\\\/11\\\/image_2022-11-29_212723474.png\",\"articleSection\":[\"\u00c9conomie\"],\"inLanguage\":\"fr-FR\",\"potentialAction\":[{\"@type\":\"CommentAction\",\"name\":\"Comment\",\"target\":[\"https:\\\/\\\/lasentinelle.dz\\\/index.php\\\/2022\\\/11\\\/29\\\/partenariat-cevital-weg-lusine-de-production-de-moteurs-de-machines-a-laver-inauguree\\\/#respond\"]}]},{\"@type\":\"WebPage\",\"@id\":\"https:\\\/\\\/lasentinelle.dz\\\/index.php\\\/2022\\\/11\\\/29\\\/partenariat-cevital-weg-lusine-de-production-de-moteurs-de-machines-a-laver-inauguree\\\/\",\"url\":\"https:\\\/\\\/lasentinelle.dz\\\/index.php\\\/2022\\\/11\\\/29\\\/partenariat-cevital-weg-lusine-de-production-de-moteurs-de-machines-a-laver-inauguree\\\/\",\"name\":\"Partenariat Cevital-WEG\u00a0: L\u2019usine de production de moteurs de machines \u00e0 laver inaugur\u00e9e - La Sentinelle\",\"isPartOf\":{\"@id\":\"https:\\\/\\\/lasentinelle.dz\\\/#website\"},\"primaryImageOfPage\":{\"@id\":\"https:\\\/\\\/lasentinelle.dz\\\/index.php\\\/2022\\\/11\\\/29\\\/partenariat-cevital-weg-lusine-de-production-de-moteurs-de-machines-a-laver-inauguree\\\/#primaryimage\"},\"image\":{\"@id\":\"https:\\\/\\\/lasentinelle.dz\\\/index.php\\\/2022\\\/11\\\/29\\\/partenariat-cevital-weg-lusine-de-production-de-moteurs-de-machines-a-laver-inauguree\\\/#primaryimage\"},\"thumbnailUrl\":\"https:\\\/\\\/lasentinelle.dz\\\/wp-content\\\/uploads\\\/2022\\\/11\\\/image_2022-11-29_212723474.png\",\"datePublished\":\"2022-11-29T21:05:00+00:00\",\"breadcrumb\":{\"@id\":\"https:\\\/\\\/lasentinelle.dz\\\/index.php\\\/2022\\\/11\\\/29\\\/partenariat-cevital-weg-lusine-de-production-de-moteurs-de-machines-a-laver-inauguree\\\/#breadcrumb\"},\"inLanguage\":\"fr-FR\",\"potentialAction\":[{\"@type\":\"ReadAction\",\"target\":[\"https:\\\/\\\/lasentinelle.dz\\\/index.php\\\/2022\\\/11\\\/29\\\/partenariat-cevital-weg-lusine-de-production-de-moteurs-de-machines-a-laver-inauguree\\\/\"]}]},{\"@type\":\"ImageObject\",\"inLanguage\":\"fr-FR\",\"@id\":\"https:\\\/\\\/lasentinelle.dz\\\/index.php\\\/2022\\\/11\\\/29\\\/partenariat-cevital-weg-lusine-de-production-de-moteurs-de-machines-a-laver-inauguree\\\/#primaryimage\",\"url\":\"https:\\\/\\\/lasentinelle.dz\\\/wp-content\\\/uploads\\\/2022\\\/11\\\/image_2022-11-29_212723474.png\",\"contentUrl\":\"https:\\\/\\\/lasentinelle.dz\\\/wp-content\\\/uploads\\\/2022\\\/11\\\/image_2022-11-29_212723474.png\",\"width\":700,\"height\":525},{\"@type\":\"BreadcrumbList\",\"@id\":\"https:\\\/\\\/lasentinelle.dz\\\/index.php\\\/2022\\\/11\\\/29\\\/partenariat-cevital-weg-lusine-de-production-de-moteurs-de-machines-a-laver-inauguree\\\/#breadcrumb\",\"itemListElement\":[{\"@type\":\"ListItem\",\"position\":1,\"name\":\"Accueil\",\"item\":\"https:\\\/\\\/lasentinelle.dz\\\/\"},{\"@type\":\"ListItem\",\"position\":2,\"name\":\"Partenariat Cevital-WEG\u00a0: L\u2019usine de production de moteurs de machines \u00e0 laver inaugur\u00e9e\"}]},{\"@type\":\"WebSite\",\"@id\":\"https:\\\/\\\/lasentinelle.dz\\\/#website\",\"url\":\"https:\\\/\\\/lasentinelle.dz\\\/\",\"name\":\"La Sentinelle\",\"description\":\"Quotidien national d&#039;information\",\"publisher\":{\"@id\":\"https:\\\/\\\/lasentinelle.dz\\\/#organization\"},\"potentialAction\":[{\"@type\":\"SearchAction\",\"target\":{\"@type\":\"EntryPoint\",\"urlTemplate\":\"https:\\\/\\\/lasentinelle.dz\\\/?s={search_term_string}\"},\"query-input\":{\"@type\":\"PropertyValueSpecification\",\"valueRequired\":true,\"valueName\":\"search_term_string\"}}],\"inLanguage\":\"fr-FR\"},{\"@type\":\"Organization\",\"@id\":\"https:\\\/\\\/lasentinelle.dz\\\/#organization\",\"name\":\"Quotidien La Sentinelle\",\"url\":\"https:\\\/\\\/lasentinelle.dz\\\/\",\"logo\":{\"@type\":\"ImageObject\",\"inLanguage\":\"fr-FR\",\"@id\":\"https:\\\/\\\/lasentinelle.dz\\\/#\\\/schema\\\/logo\\\/image\\\/\",\"url\":\"https:\\\/\\\/lasentinelle.dz\\\/wp-content\\\/uploads\\\/2021\\\/09\\\/logo-sentinelleSLOGAN-1.png\",\"contentUrl\":\"https:\\\/\\\/lasentinelle.dz\\\/wp-content\\\/uploads\\\/2021\\\/09\\\/logo-sentinelleSLOGAN-1.png\",\"width\":615,\"height\":142,\"caption\":\"Quotidien La Sentinelle\"},\"image\":{\"@id\":\"https:\\\/\\\/lasentinelle.dz\\\/#\\\/schema\\\/logo\\\/image\\\/\"},\"sameAs\":[\"https:\\\/\\\/www.facebook.com\\\/La-Sentinelle-104059864394773\"]},{\"@type\":\"Person\",\"@id\":\"https:\\\/\\\/lasentinelle.dz\\\/#\\\/schema\\\/person\\\/d865044e22e70a75174ce8bcad3acfb3\",\"name\":\"La Sentinelle\",\"image\":{\"@type\":\"ImageObject\",\"inLanguage\":\"fr-FR\",\"@id\":\"https:\\\/\\\/secure.gravatar.com\\\/avatar\\\/57de8e5d4b15d43fb361a71fbb36338450fe67865b528a43dd10ef7c51a20392?s=96&d=mm&r=g\",\"url\":\"https:\\\/\\\/secure.gravatar.com\\\/avatar\\\/57de8e5d4b15d43fb361a71fbb36338450fe67865b528a43dd10ef7c51a20392?s=96&d=mm&r=g\",\"contentUrl\":\"https:\\\/\\\/secure.gravatar.com\\\/avatar\\\/57de8e5d4b15d43fb361a71fbb36338450fe67865b528a43dd10ef7c51a20392?s=96&d=mm&r=g\",\"caption\":\"La Sentinelle\"},\"sameAs\":[\"http:\\\/\\\/www.lasentinelle.dz\"],\"url\":\"https:\\\/\\\/lasentinelle.dz\\\/author\\\/redaction\\\/\"}]}<\/script>\n<!-- \/ Yoast SEO plugin. -->","yoast_head_json":{"title":"Partenariat Cevital-WEG\u00a0: L\u2019usine de production de moteurs de machines \u00e0 laver inaugur\u00e9e - La Sentinelle","robots":{"index":"index","follow":"follow","max-snippet":"max-snippet:-1","max-image-preview":"max-image-preview:large","max-video-preview":"max-video-preview:-1"},"canonical":"https:\/\/lasentinelle.dz\/index.php\/2022\/11\/29\/partenariat-cevital-weg-lusine-de-production-de-moteurs-de-machines-a-laver-inauguree\/","og_locale":"fr_FR","og_type":"article","og_title":"Partenariat Cevital-WEG\u00a0: L\u2019usine de production de moteurs de machines \u00e0 laver inaugur\u00e9e - La Sentinelle","og_description":"L\u2019usine de production de moteurs \u00e9lectrique pour machines \u00e0 laver r\u00e9alis\u00e9e dans le cadre d\u2019un partenariat entre le groupe priv\u00e9","og_url":"https:\/\/lasentinelle.dz\/index.php\/2022\/11\/29\/partenariat-cevital-weg-lusine-de-production-de-moteurs-de-machines-a-laver-inauguree\/","og_site_name":"La Sentinelle","article_publisher":"https:\/\/www.facebook.com\/La-Sentinelle-104059864394773","article_published_time":"2022-11-29T21:05:00+00:00","og_image":[{"width":700,"height":525,"url":"https:\/\/lasentinelle.dz\/wp-content\/uploads\/2022\/11\/image_2022-11-29_212723474.png","type":"image\/png"}],"author":"La Sentinelle","twitter_card":"summary_large_image","twitter_misc":{"\u00c9crit par":"La Sentinelle","Dur\u00e9e de lecture estim\u00e9e":"3 minutes"},"schema":{"@context":"https:\/\/schema.org","@graph":[{"@type":"Article","@id":"https:\/\/lasentinelle.dz\/index.php\/2022\/11\/29\/partenariat-cevital-weg-lusine-de-production-de-moteurs-de-machines-a-laver-inauguree\/#article","isPartOf":{"@id":"https:\/\/lasentinelle.dz\/index.php\/2022\/11\/29\/partenariat-cevital-weg-lusine-de-production-de-moteurs-de-machines-a-laver-inauguree\/"},"author":{"name":"La Sentinelle","@id":"https:\/\/lasentinelle.dz\/#\/schema\/person\/d865044e22e70a75174ce8bcad3acfb3"},"headline":"Partenariat Cevital-WEG\u00a0: L\u2019usine de production de moteurs de machines \u00e0 laver inaugur\u00e9e","datePublished":"2022-11-29T21:05:00+00:00","mainEntityOfPage":{"@id":"https:\/\/lasentinelle.dz\/index.php\/2022\/11\/29\/partenariat-cevital-weg-lusine-de-production-de-moteurs-de-machines-a-laver-inauguree\/"},"wordCount":550,"commentCount":0,"publisher":{"@id":"https:\/\/lasentinelle.dz\/#organization"},"image":{"@id":"https:\/\/lasentinelle.dz\/index.php\/2022\/11\/29\/partenariat-cevital-weg-lusine-de-production-de-moteurs-de-machines-a-laver-inauguree\/#primaryimage"},"thumbnailUrl":"https:\/\/lasentinelle.dz\/wp-content\/uploads\/2022\/11\/image_2022-11-29_212723474.png","articleSection":["\u00c9conomie"],"inLanguage":"fr-FR","potentialAction":[{"@type":"CommentAction","name":"Comment","target":["https:\/\/lasentinelle.dz\/index.php\/2022\/11\/29\/partenariat-cevital-weg-lusine-de-production-de-moteurs-de-machines-a-laver-inauguree\/#respond"]}]},{"@type":"WebPage","@id":"https:\/\/lasentinelle.dz\/index.php\/2022\/11\/29\/partenariat-cevital-weg-lusine-de-production-de-moteurs-de-machines-a-laver-inauguree\/","url":"https:\/\/lasentinelle.dz\/index.php\/2022\/11\/29\/partenariat-cevital-weg-lusine-de-production-de-moteurs-de-machines-a-laver-inauguree\/","name":"Partenariat Cevital-WEG\u00a0: L\u2019usine de production de moteurs de machines \u00e0 laver inaugur\u00e9e - La Sentinelle","isPartOf":{"@id":"https:\/\/lasentinelle.dz\/#website"},"primaryImageOfPage":{"@id":"https:\/\/lasentinelle.dz\/index.php\/2022\/11\/29\/partenariat-cevital-weg-lusine-de-production-de-moteurs-de-machines-a-laver-inauguree\/#primaryimage"},"image":{"@id":"https:\/\/lasentinelle.dz\/index.php\/2022\/11\/29\/partenariat-cevital-weg-lusine-de-production-de-moteurs-de-machines-a-laver-inauguree\/#primaryimage"},"thumbnailUrl":"https:\/\/lasentinelle.dz\/wp-content\/uploads\/2022\/11\/image_2022-11-29_212723474.png","datePublished":"2022-11-29T21:05:00+00:00","breadcrumb":{"@id":"https:\/\/lasentinelle.dz\/index.php\/2022\/11\/29\/partenariat-cevital-weg-lusine-de-production-de-moteurs-de-machines-a-laver-inauguree\/#breadcrumb"},"inLanguage":"fr-FR","potentialAction":[{"@type":"ReadAction","target":["https:\/\/lasentinelle.dz\/index.php\/2022\/11\/29\/partenariat-cevital-weg-lusine-de-production-de-moteurs-de-machines-a-laver-inauguree\/"]}]},{"@type":"ImageObject","inLanguage":"fr-FR","@id":"https:\/\/lasentinelle.dz\/index.php\/2022\/11\/29\/partenariat-cevital-weg-lusine-de-production-de-moteurs-de-machines-a-laver-inauguree\/#primaryimage","url":"https:\/\/lasentinelle.dz\/wp-content\/uploads\/2022\/11\/image_2022-11-29_212723474.png","contentUrl":"https:\/\/lasentinelle.dz\/wp-content\/uploads\/2022\/11\/image_2022-11-29_212723474.png","width":700,"height":525},{"@type":"BreadcrumbList","@id":"https:\/\/lasentinelle.dz\/index.php\/2022\/11\/29\/partenariat-cevital-weg-lusine-de-production-de-moteurs-de-machines-a-laver-inauguree\/#breadcrumb","itemListElement":[{"@type":"ListItem","position":1,"name":"Accueil","item":"https:\/\/lasentinelle.dz\/"},{"@type":"ListItem","position":2,"name":"Partenariat Cevital-WEG\u00a0: L\u2019usine de production de moteurs de machines \u00e0 laver inaugur\u00e9e"}]},{"@type":"WebSite","@id":"https:\/\/lasentinelle.dz\/#website","url":"https:\/\/lasentinelle.dz\/","name":"La Sentinelle","description":"Quotidien national d&#039;information","publisher":{"@id":"https:\/\/lasentinelle.dz\/#organization"},"potentialAction":[{"@type":"SearchAction","target":{"@type":"EntryPoint","urlTemplate":"https:\/\/lasentinelle.dz\/?s={search_term_string}"},"query-input":{"@type":"PropertyValueSpecification","valueRequired":true,"valueName":"search_term_string"}}],"inLanguage":"fr-FR"},{"@type":"Organization","@id":"https:\/\/lasentinelle.dz\/#organization","name":"Quotidien La Sentinelle","url":"https:\/\/lasentinelle.dz\/","logo":{"@type":"ImageObject","inLanguage":"fr-FR","@id":"https:\/\/lasentinelle.dz\/#\/schema\/logo\/image\/","url":"https:\/\/lasentinelle.dz\/wp-content\/uploads\/2021\/09\/logo-sentinelleSLOGAN-1.png","contentUrl":"https:\/\/lasentinelle.dz\/wp-content\/uploads\/2021\/09\/logo-sentinelleSLOGAN-1.png","width":615,"height":142,"caption":"Quotidien La Sentinelle"},"image":{"@id":"https:\/\/lasentinelle.dz\/#\/schema\/logo\/image\/"},"sameAs":["https:\/\/www.facebook.com\/La-Sentinelle-104059864394773"]},{"@type":"Person","@id":"https:\/\/lasentinelle.dz\/#\/schema\/person\/d865044e22e70a75174ce8bcad3acfb3","name":"La Sentinelle","image":{"@type":"ImageObject","inLanguage":"fr-FR","@id":"https:\/\/secure.gravatar.com\/avatar\/57de8e5d4b15d43fb361a71fbb36338450fe67865b528a43dd10ef7c51a20392?s=96&d=mm&r=g","url":"https:\/\/secure.gravatar.com\/avatar\/57de8e5d4b15d43fb361a71fbb36338450fe67865b528a43dd10ef7c51a20392?s=96&d=mm&r=g","contentUrl":"https:\/\/secure.gravatar.com\/avatar\/57de8e5d4b15d43fb361a71fbb36338450fe67865b528a43dd10ef7c51a20392?s=96&d=mm&r=g","caption":"La Sentinelle"},"sameAs":["http:\/\/www.lasentinelle.dz"],"url":"https:\/\/lasentinelle.dz\/author\/redaction\/"}]}},"_links":{"self":[{"href":"https:\/\/lasentinelle.dz\/index.php\/wp-json\/wp\/v2\/posts\/31780","targetHints":{"allow":["GET"]}}],"collection":[{"href":"https:\/\/lasentinelle.dz\/index.php\/wp-json\/wp\/v2\/posts"}],"about":[{"href":"https:\/\/lasentinelle.dz\/index.php\/wp-json\/wp\/v2\/types\/post"}],"author":[{"embeddable":true,"href":"https:\/\/lasentinelle.dz\/index.php\/wp-json\/wp\/v2\/users\/3"}],"replies":[{"embeddable":true,"href":"https:\/\/lasentinelle.dz\/index.php\/wp-json\/wp\/v2\/comments?post=31780"}],"version-history":[{"count":1,"href":"https:\/\/lasentinelle.dz\/index.php\/wp-json\/wp\/v2\/posts\/31780\/revisions"}],"predecessor-version":[{"id":31792,"href":"https:\/\/lasentinelle.dz\/index.php\/wp-json\/wp\/v2\/posts\/31780\/revisions\/31792"}],"wp:featuredmedia":[{"embeddable":true,"href":"https:\/\/lasentinelle.dz\/index.php\/wp-json\/wp\/v2\/media\/31791"}],"wp:attachment":[{"href":"https:\/\/lasentinelle.dz\/index.php\/wp-json\/wp\/v2\/media?parent=31780"}],"wp:term":[{"taxonomy":"category","embeddable":true,"href":"https:\/\/lasentinelle.dz\/index.php\/wp-json\/wp\/v2\/categories?post=31780"},{"taxonomy":"post_tag","embeddable":true,"href":"https:\/\/lasentinelle.dz\/index.php\/wp-json\/wp\/v2\/tags?post=31780"}],"curies":[{"name":"wp","href":"https:\/\/api.w.org\/{rel}","templated":true}]}}