{"id":31781,"date":"2022-11-29T22:05:00","date_gmt":"2022-11-29T21:05:00","guid":{"rendered":"https:\/\/lasentinelle.dz\/?p=31781"},"modified":"2022-11-29T21:29:12","modified_gmt":"2022-11-29T20:29:12","slug":"fer-et-acier-des-previsions-de-15-milliard-de-dollarsde-recettes-a-lexport-a-la-fin-2022","status":"publish","type":"post","link":"https:\/\/lasentinelle.dz\/index.php\/2022\/11\/29\/fer-et-acier-des-previsions-de-15-milliard-de-dollarsde-recettes-a-lexport-a-la-fin-2022\/","title":{"rendered":"Fer et acier\u00a0: Des pr\u00e9visions de 1,5 milliard de dollarsde recettes \u00e0 l\u2019export \u00e0 la fin 2022"},"content":{"rendered":"\n<p>Le minist\u00e8re de l&rsquo;Industrie pr\u00e9voit que la valeur des exportations alg\u00e9riennes en fer et acier devrait atteindre plus de 1,5 milliard de dollars \u00e0 la fin de l&rsquo;ann\u00e9e 2022, a fait savoir, mardi \u00e0 Alger, le chef de cabinet du minist\u00e8re, Mokhtar Bourouina.Repr\u00e9sentant le ministre de l&rsquo;Industrie, Ahmed Zaghdar \u00e0 la c\u00e9r\u00e9monie d&rsquo;ouverture du Salon international de l&rsquo;industrie \u00ab\u00a0Sinaa Expo 2022\u00a0\u00bb au Palais des expositions Pins maritimes, M. Bourouina a pr\u00e9cis\u00e9 que cette fili\u00e8re connait un d\u00e9veloppement progressif en termes de production et d&rsquo;exportation, avec pr\u00e8s de 500.000 tonnes de fer et d&rsquo;acier (rond \u00e0 b\u00e9ton, c\u00e2bles pour engin et fer plat) export\u00e9s vers l&rsquo;Europe, l&rsquo;Am\u00e9rique et l&rsquo;Afrique au cours des premiers mois de l&rsquo;ann\u00e9e 2022.Soulignant que ces r\u00e9sultats sont le fruit des efforts des op\u00e9rateurs de la fili\u00e8re en pleine restructuration et r\u00e9organisation, le responsable a mis en avant l&rsquo;importance de cr\u00e9er des p\u00f4les industriels et de former des groupes sp\u00e9cialis\u00e9s dans les fili\u00e8res des industries m\u00e9caniques, sid\u00e9rurgiques et \u00e9lectriques et des mat\u00e9riaux de construction en vue de les d\u00e9velopper.S&rsquo;agissant de l&rsquo;industrie des mat\u00e9riaux de construction, un groupe a \u00e9t\u00e9 cr\u00e9\u00e9, englobant les principaux fabricants de c\u00e9ramique \u00e0 m\u00eame de contribuer \u00e0 l&rsquo;organisation et au d\u00e9veloppement de cette fili\u00e8re \u00ab\u00a0prometteuse\u00a0\u00bb dont la production d\u00e9passe 200 millions de m\u00e8tres carr\u00e9s\/an, contre des besoins nationaux oscillant entre 120 et 130 millions de m\u00e8tres carr\u00e9s\/an, a pr\u00e9cis\u00e9 M. Bourouina qui a fait \u00e9tat de plusieurs op\u00e9rations d&rsquo;exportation de produits c\u00e9ramiques.Concernant le ciment, les investissements r\u00e9alis\u00e9s dans cette fili\u00e8re ont permis depuis quelques ann\u00e9es d&rsquo;atteindre l&rsquo;autosuffisance, la demande locale s&rsquo;\u00e9tant stabilis\u00e9e depuis 2021 \u00e0 22 millions de tonnes contre une capacit\u00e9 de production sup\u00e9rieure \u00e0 40 millions de tonnes.M.Bourouina a, par ailleurs, relev\u00e9 l&rsquo;importance du Salon \u00ab\u00a0Sinaa Expo 2022\u00a0\u00bb, tout en soulignant \u00ab\u00a0la volont\u00e9\u00a0\u00bb du secteur de \u00ab\u00a0promouvoir l&rsquo;industrie locale \u00e0 travers la mise en place de la politique de valorisation des ressources humaines et la relance de l&rsquo;ensemble des fili\u00e8res industrielles pour un v\u00e9ritable d\u00e9marrage en vue de r\u00e9aliser la croissance \u00e9conomique\u00a0\u00bb.Le Salon a vu la participation de 150 entreprises nationales et internationales activant dans divers domaines industriels (sid\u00e9rurgie, cimenterie, mat\u00e9riels, engins, composants industriels, maintenance, emballage, environnement, travaux p\u00e9troliers, c\u00e2bles \u00e9lectriques et carton).<\/p>\n\n\n\n<p>APS<\/p>\n","protected":false},"excerpt":{"rendered":"<p>Le minist\u00e8re de l&rsquo;Industrie pr\u00e9voit que la valeur des exportations alg\u00e9riennes en fer et acier devrait atteindre plus de 1,5<\/p>\n","protected":false},"author":3,"featured_media":31794,"comment_status":"open","ping_status":"closed","sticky":false,"template":"","format":"standard","meta":{"colormag_page_container_layout":"default_layout","colormag_page_sidebar_layout":"default_layout","om_disable_all_campaigns":false,"_monsterinsights_skip_tracking":false,"_monsterinsights_sitenote_active":false,"_monsterinsights_sitenote_note":"","_monsterinsights_sitenote_category":0,"footnotes":"","_wpscppro_dont_share_socialmedia":false,"_wpscppro_custom_social_share_image":0,"_facebook_share_type":"","_twitter_share_type":"","_linkedin_share_type":"","_pinterest_share_type":"","_linkedin_share_type_page":"","_instagram_share_type":"","_medium_share_type":"","_threads_share_type":"","_google_business_share_type":"","_selected_social_profile":[],"_wpsp_enable_custom_social_template":false,"_wpsp_social_scheduling":{"enabled":false,"datetime":null,"platforms":[],"status":"template_only","dateOption":"today","timeOption":"now","customDays":"","customHours":"","customDate":"","customTime":"","schedulingType":"absolute"},"_wpsp_active_default_template":true},"categories":[29],"tags":[],"class_list":["post-31781","post","type-post","status-publish","format-standard","has-post-thumbnail","hentry","category-economie"],"aioseo_notices":[],"yoast_head":"<!-- This site is optimized with the Yoast SEO plugin v27.5 - https:\/\/yoast.com\/product\/yoast-seo-wordpress\/ -->\n<title>Fer et acier\u00a0: Des pr\u00e9visions de 1,5 milliard de dollarsde recettes \u00e0 l\u2019export \u00e0 la fin 2022 - La Sentinelle<\/title>\n<meta name=\"robots\" content=\"index, follow, max-snippet:-1, max-image-preview:large, max-video-preview:-1\" \/>\n<link rel=\"canonical\" href=\"https:\/\/lasentinelle.dz\/index.php\/2022\/11\/29\/fer-et-acier-des-previsions-de-15-milliard-de-dollarsde-recettes-a-lexport-a-la-fin-2022\/\" \/>\n<meta property=\"og:locale\" content=\"fr_FR\" \/>\n<meta property=\"og:type\" content=\"article\" \/>\n<meta property=\"og:title\" content=\"Fer et acier\u00a0: Des pr\u00e9visions de 1,5 milliard de dollarsde recettes \u00e0 l\u2019export \u00e0 la fin 2022 - La Sentinelle\" \/>\n<meta property=\"og:description\" content=\"Le minist\u00e8re de l&rsquo;Industrie pr\u00e9voit que la valeur des exportations alg\u00e9riennes en fer et acier devrait atteindre plus de 1,5\" \/>\n<meta property=\"og:url\" content=\"https:\/\/lasentinelle.dz\/index.php\/2022\/11\/29\/fer-et-acier-des-previsions-de-15-milliard-de-dollarsde-recettes-a-lexport-a-la-fin-2022\/\" \/>\n<meta property=\"og:site_name\" content=\"La Sentinelle\" \/>\n<meta property=\"article:publisher\" content=\"https:\/\/www.facebook.com\/La-Sentinelle-104059864394773\" \/>\n<meta property=\"article:published_time\" content=\"2022-11-29T21:05:00+00:00\" \/>\n<meta property=\"og:image\" content=\"https:\/\/lasentinelle.dz\/wp-content\/uploads\/2022\/11\/image_2022-11-29_212806751.png\" \/>\n\t<meta property=\"og:image:width\" content=\"280\" \/>\n\t<meta property=\"og:image:height\" content=\"169\" \/>\n\t<meta property=\"og:image:type\" content=\"image\/png\" \/>\n<meta name=\"author\" content=\"La Sentinelle\" \/>\n<meta name=\"twitter:card\" content=\"summary_large_image\" \/>\n<meta name=\"twitter:label1\" content=\"\u00c9crit par\" \/>\n\t<meta name=\"twitter:data1\" content=\"La Sentinelle\" \/>\n\t<meta name=\"twitter:label2\" content=\"Dur\u00e9e de lecture estim\u00e9e\" \/>\n\t<meta name=\"twitter:data2\" content=\"2 minutes\" \/>\n<script type=\"application\/ld+json\" class=\"yoast-schema-graph\">{\"@context\":\"https:\\\/\\\/schema.org\",\"@graph\":[{\"@type\":\"Article\",\"@id\":\"https:\\\/\\\/lasentinelle.dz\\\/index.php\\\/2022\\\/11\\\/29\\\/fer-et-acier-des-previsions-de-15-milliard-de-dollarsde-recettes-a-lexport-a-la-fin-2022\\\/#article\",\"isPartOf\":{\"@id\":\"https:\\\/\\\/lasentinelle.dz\\\/index.php\\\/2022\\\/11\\\/29\\\/fer-et-acier-des-previsions-de-15-milliard-de-dollarsde-recettes-a-lexport-a-la-fin-2022\\\/\"},\"author\":{\"name\":\"La Sentinelle\",\"@id\":\"https:\\\/\\\/lasentinelle.dz\\\/#\\\/schema\\\/person\\\/d865044e22e70a75174ce8bcad3acfb3\"},\"headline\":\"Fer et acier\u00a0: Des pr\u00e9visions de 1,5 milliard de dollarsde recettes \u00e0 l\u2019export \u00e0 la fin 2022\",\"datePublished\":\"2022-11-29T21:05:00+00:00\",\"mainEntityOfPage\":{\"@id\":\"https:\\\/\\\/lasentinelle.dz\\\/index.php\\\/2022\\\/11\\\/29\\\/fer-et-acier-des-previsions-de-15-milliard-de-dollarsde-recettes-a-lexport-a-la-fin-2022\\\/\"},\"wordCount\":443,\"commentCount\":0,\"publisher\":{\"@id\":\"https:\\\/\\\/lasentinelle.dz\\\/#organization\"},\"image\":{\"@id\":\"https:\\\/\\\/lasentinelle.dz\\\/index.php\\\/2022\\\/11\\\/29\\\/fer-et-acier-des-previsions-de-15-milliard-de-dollarsde-recettes-a-lexport-a-la-fin-2022\\\/#primaryimage\"},\"thumbnailUrl\":\"https:\\\/\\\/lasentinelle.dz\\\/wp-content\\\/uploads\\\/2022\\\/11\\\/image_2022-11-29_212806751.png\",\"articleSection\":[\"\u00c9conomie\"],\"inLanguage\":\"fr-FR\",\"potentialAction\":[{\"@type\":\"CommentAction\",\"name\":\"Comment\",\"target\":[\"https:\\\/\\\/lasentinelle.dz\\\/index.php\\\/2022\\\/11\\\/29\\\/fer-et-acier-des-previsions-de-15-milliard-de-dollarsde-recettes-a-lexport-a-la-fin-2022\\\/#respond\"]}]},{\"@type\":\"WebPage\",\"@id\":\"https:\\\/\\\/lasentinelle.dz\\\/index.php\\\/2022\\\/11\\\/29\\\/fer-et-acier-des-previsions-de-15-milliard-de-dollarsde-recettes-a-lexport-a-la-fin-2022\\\/\",\"url\":\"https:\\\/\\\/lasentinelle.dz\\\/index.php\\\/2022\\\/11\\\/29\\\/fer-et-acier-des-previsions-de-15-milliard-de-dollarsde-recettes-a-lexport-a-la-fin-2022\\\/\",\"name\":\"Fer et acier\u00a0: Des pr\u00e9visions de 1,5 milliard de dollarsde recettes \u00e0 l\u2019export \u00e0 la fin 2022 - La Sentinelle\",\"isPartOf\":{\"@id\":\"https:\\\/\\\/lasentinelle.dz\\\/#website\"},\"primaryImageOfPage\":{\"@id\":\"https:\\\/\\\/lasentinelle.dz\\\/index.php\\\/2022\\\/11\\\/29\\\/fer-et-acier-des-previsions-de-15-milliard-de-dollarsde-recettes-a-lexport-a-la-fin-2022\\\/#primaryimage\"},\"image\":{\"@id\":\"https:\\\/\\\/lasentinelle.dz\\\/index.php\\\/2022\\\/11\\\/29\\\/fer-et-acier-des-previsions-de-15-milliard-de-dollarsde-recettes-a-lexport-a-la-fin-2022\\\/#primaryimage\"},\"thumbnailUrl\":\"https:\\\/\\\/lasentinelle.dz\\\/wp-content\\\/uploads\\\/2022\\\/11\\\/image_2022-11-29_212806751.png\",\"datePublished\":\"2022-11-29T21:05:00+00:00\",\"breadcrumb\":{\"@id\":\"https:\\\/\\\/lasentinelle.dz\\\/index.php\\\/2022\\\/11\\\/29\\\/fer-et-acier-des-previsions-de-15-milliard-de-dollarsde-recettes-a-lexport-a-la-fin-2022\\\/#breadcrumb\"},\"inLanguage\":\"fr-FR\",\"potentialAction\":[{\"@type\":\"ReadAction\",\"target\":[\"https:\\\/\\\/lasentinelle.dz\\\/index.php\\\/2022\\\/11\\\/29\\\/fer-et-acier-des-previsions-de-15-milliard-de-dollarsde-recettes-a-lexport-a-la-fin-2022\\\/\"]}]},{\"@type\":\"ImageObject\",\"inLanguage\":\"fr-FR\",\"@id\":\"https:\\\/\\\/lasentinelle.dz\\\/index.php\\\/2022\\\/11\\\/29\\\/fer-et-acier-des-previsions-de-15-milliard-de-dollarsde-recettes-a-lexport-a-la-fin-2022\\\/#primaryimage\",\"url\":\"https:\\\/\\\/lasentinelle.dz\\\/wp-content\\\/uploads\\\/2022\\\/11\\\/image_2022-11-29_212806751.png\",\"contentUrl\":\"https:\\\/\\\/lasentinelle.dz\\\/wp-content\\\/uploads\\\/2022\\\/11\\\/image_2022-11-29_212806751.png\",\"width\":280,\"height\":169},{\"@type\":\"BreadcrumbList\",\"@id\":\"https:\\\/\\\/lasentinelle.dz\\\/index.php\\\/2022\\\/11\\\/29\\\/fer-et-acier-des-previsions-de-15-milliard-de-dollarsde-recettes-a-lexport-a-la-fin-2022\\\/#breadcrumb\",\"itemListElement\":[{\"@type\":\"ListItem\",\"position\":1,\"name\":\"Accueil\",\"item\":\"https:\\\/\\\/lasentinelle.dz\\\/\"},{\"@type\":\"ListItem\",\"position\":2,\"name\":\"Fer et acier\u00a0: Des pr\u00e9visions de 1,5 milliard de dollarsde recettes \u00e0 l\u2019export \u00e0 la fin 2022\"}]},{\"@type\":\"WebSite\",\"@id\":\"https:\\\/\\\/lasentinelle.dz\\\/#website\",\"url\":\"https:\\\/\\\/lasentinelle.dz\\\/\",\"name\":\"La Sentinelle\",\"description\":\"Quotidien national d&#039;information\",\"publisher\":{\"@id\":\"https:\\\/\\\/lasentinelle.dz\\\/#organization\"},\"potentialAction\":[{\"@type\":\"SearchAction\",\"target\":{\"@type\":\"EntryPoint\",\"urlTemplate\":\"https:\\\/\\\/lasentinelle.dz\\\/?s={search_term_string}\"},\"query-input\":{\"@type\":\"PropertyValueSpecification\",\"valueRequired\":true,\"valueName\":\"search_term_string\"}}],\"inLanguage\":\"fr-FR\"},{\"@type\":\"Organization\",\"@id\":\"https:\\\/\\\/lasentinelle.dz\\\/#organization\",\"name\":\"Quotidien La Sentinelle\",\"url\":\"https:\\\/\\\/lasentinelle.dz\\\/\",\"logo\":{\"@type\":\"ImageObject\",\"inLanguage\":\"fr-FR\",\"@id\":\"https:\\\/\\\/lasentinelle.dz\\\/#\\\/schema\\\/logo\\\/image\\\/\",\"url\":\"https:\\\/\\\/lasentinelle.dz\\\/wp-content\\\/uploads\\\/2021\\\/09\\\/logo-sentinelleSLOGAN-1.png\",\"contentUrl\":\"https:\\\/\\\/lasentinelle.dz\\\/wp-content\\\/uploads\\\/2021\\\/09\\\/logo-sentinelleSLOGAN-1.png\",\"width\":615,\"height\":142,\"caption\":\"Quotidien La Sentinelle\"},\"image\":{\"@id\":\"https:\\\/\\\/lasentinelle.dz\\\/#\\\/schema\\\/logo\\\/image\\\/\"},\"sameAs\":[\"https:\\\/\\\/www.facebook.com\\\/La-Sentinelle-104059864394773\"]},{\"@type\":\"Person\",\"@id\":\"https:\\\/\\\/lasentinelle.dz\\\/#\\\/schema\\\/person\\\/d865044e22e70a75174ce8bcad3acfb3\",\"name\":\"La Sentinelle\",\"image\":{\"@type\":\"ImageObject\",\"inLanguage\":\"fr-FR\",\"@id\":\"https:\\\/\\\/secure.gravatar.com\\\/avatar\\\/57de8e5d4b15d43fb361a71fbb36338450fe67865b528a43dd10ef7c51a20392?s=96&d=mm&r=g\",\"url\":\"https:\\\/\\\/secure.gravatar.com\\\/avatar\\\/57de8e5d4b15d43fb361a71fbb36338450fe67865b528a43dd10ef7c51a20392?s=96&d=mm&r=g\",\"contentUrl\":\"https:\\\/\\\/secure.gravatar.com\\\/avatar\\\/57de8e5d4b15d43fb361a71fbb36338450fe67865b528a43dd10ef7c51a20392?s=96&d=mm&r=g\",\"caption\":\"La Sentinelle\"},\"sameAs\":[\"http:\\\/\\\/www.lasentinelle.dz\"],\"url\":\"https:\\\/\\\/lasentinelle.dz\\\/author\\\/redaction\\\/\"}]}<\/script>\n<!-- \/ Yoast SEO plugin. -->","yoast_head_json":{"title":"Fer et acier\u00a0: Des pr\u00e9visions de 1,5 milliard de dollarsde recettes \u00e0 l\u2019export \u00e0 la fin 2022 - La Sentinelle","robots":{"index":"index","follow":"follow","max-snippet":"max-snippet:-1","max-image-preview":"max-image-preview:large","max-video-preview":"max-video-preview:-1"},"canonical":"https:\/\/lasentinelle.dz\/index.php\/2022\/11\/29\/fer-et-acier-des-previsions-de-15-milliard-de-dollarsde-recettes-a-lexport-a-la-fin-2022\/","og_locale":"fr_FR","og_type":"article","og_title":"Fer et acier\u00a0: Des pr\u00e9visions de 1,5 milliard de dollarsde recettes \u00e0 l\u2019export \u00e0 la fin 2022 - La Sentinelle","og_description":"Le minist\u00e8re de l&rsquo;Industrie pr\u00e9voit que la valeur des exportations alg\u00e9riennes en fer et acier devrait atteindre plus de 1,5","og_url":"https:\/\/lasentinelle.dz\/index.php\/2022\/11\/29\/fer-et-acier-des-previsions-de-15-milliard-de-dollarsde-recettes-a-lexport-a-la-fin-2022\/","og_site_name":"La Sentinelle","article_publisher":"https:\/\/www.facebook.com\/La-Sentinelle-104059864394773","article_published_time":"2022-11-29T21:05:00+00:00","og_image":[{"width":280,"height":169,"url":"https:\/\/lasentinelle.dz\/wp-content\/uploads\/2022\/11\/image_2022-11-29_212806751.png","type":"image\/png"}],"author":"La Sentinelle","twitter_card":"summary_large_image","twitter_misc":{"\u00c9crit par":"La Sentinelle","Dur\u00e9e de lecture estim\u00e9e":"2 minutes"},"schema":{"@context":"https:\/\/schema.org","@graph":[{"@type":"Article","@id":"https:\/\/lasentinelle.dz\/index.php\/2022\/11\/29\/fer-et-acier-des-previsions-de-15-milliard-de-dollarsde-recettes-a-lexport-a-la-fin-2022\/#article","isPartOf":{"@id":"https:\/\/lasentinelle.dz\/index.php\/2022\/11\/29\/fer-et-acier-des-previsions-de-15-milliard-de-dollarsde-recettes-a-lexport-a-la-fin-2022\/"},"author":{"name":"La Sentinelle","@id":"https:\/\/lasentinelle.dz\/#\/schema\/person\/d865044e22e70a75174ce8bcad3acfb3"},"headline":"Fer et acier\u00a0: Des pr\u00e9visions de 1,5 milliard de dollarsde recettes \u00e0 l\u2019export \u00e0 la fin 2022","datePublished":"2022-11-29T21:05:00+00:00","mainEntityOfPage":{"@id":"https:\/\/lasentinelle.dz\/index.php\/2022\/11\/29\/fer-et-acier-des-previsions-de-15-milliard-de-dollarsde-recettes-a-lexport-a-la-fin-2022\/"},"wordCount":443,"commentCount":0,"publisher":{"@id":"https:\/\/lasentinelle.dz\/#organization"},"image":{"@id":"https:\/\/lasentinelle.dz\/index.php\/2022\/11\/29\/fer-et-acier-des-previsions-de-15-milliard-de-dollarsde-recettes-a-lexport-a-la-fin-2022\/#primaryimage"},"thumbnailUrl":"https:\/\/lasentinelle.dz\/wp-content\/uploads\/2022\/11\/image_2022-11-29_212806751.png","articleSection":["\u00c9conomie"],"inLanguage":"fr-FR","potentialAction":[{"@type":"CommentAction","name":"Comment","target":["https:\/\/lasentinelle.dz\/index.php\/2022\/11\/29\/fer-et-acier-des-previsions-de-15-milliard-de-dollarsde-recettes-a-lexport-a-la-fin-2022\/#respond"]}]},{"@type":"WebPage","@id":"https:\/\/lasentinelle.dz\/index.php\/2022\/11\/29\/fer-et-acier-des-previsions-de-15-milliard-de-dollarsde-recettes-a-lexport-a-la-fin-2022\/","url":"https:\/\/lasentinelle.dz\/index.php\/2022\/11\/29\/fer-et-acier-des-previsions-de-15-milliard-de-dollarsde-recettes-a-lexport-a-la-fin-2022\/","name":"Fer et acier\u00a0: Des pr\u00e9visions de 1,5 milliard de dollarsde recettes \u00e0 l\u2019export \u00e0 la fin 2022 - La Sentinelle","isPartOf":{"@id":"https:\/\/lasentinelle.dz\/#website"},"primaryImageOfPage":{"@id":"https:\/\/lasentinelle.dz\/index.php\/2022\/11\/29\/fer-et-acier-des-previsions-de-15-milliard-de-dollarsde-recettes-a-lexport-a-la-fin-2022\/#primaryimage"},"image":{"@id":"https:\/\/lasentinelle.dz\/index.php\/2022\/11\/29\/fer-et-acier-des-previsions-de-15-milliard-de-dollarsde-recettes-a-lexport-a-la-fin-2022\/#primaryimage"},"thumbnailUrl":"https:\/\/lasentinelle.dz\/wp-content\/uploads\/2022\/11\/image_2022-11-29_212806751.png","datePublished":"2022-11-29T21:05:00+00:00","breadcrumb":{"@id":"https:\/\/lasentinelle.dz\/index.php\/2022\/11\/29\/fer-et-acier-des-previsions-de-15-milliard-de-dollarsde-recettes-a-lexport-a-la-fin-2022\/#breadcrumb"},"inLanguage":"fr-FR","potentialAction":[{"@type":"ReadAction","target":["https:\/\/lasentinelle.dz\/index.php\/2022\/11\/29\/fer-et-acier-des-previsions-de-15-milliard-de-dollarsde-recettes-a-lexport-a-la-fin-2022\/"]}]},{"@type":"ImageObject","inLanguage":"fr-FR","@id":"https:\/\/lasentinelle.dz\/index.php\/2022\/11\/29\/fer-et-acier-des-previsions-de-15-milliard-de-dollarsde-recettes-a-lexport-a-la-fin-2022\/#primaryimage","url":"https:\/\/lasentinelle.dz\/wp-content\/uploads\/2022\/11\/image_2022-11-29_212806751.png","contentUrl":"https:\/\/lasentinelle.dz\/wp-content\/uploads\/2022\/11\/image_2022-11-29_212806751.png","width":280,"height":169},{"@type":"BreadcrumbList","@id":"https:\/\/lasentinelle.dz\/index.php\/2022\/11\/29\/fer-et-acier-des-previsions-de-15-milliard-de-dollarsde-recettes-a-lexport-a-la-fin-2022\/#breadcrumb","itemListElement":[{"@type":"ListItem","position":1,"name":"Accueil","item":"https:\/\/lasentinelle.dz\/"},{"@type":"ListItem","position":2,"name":"Fer et acier\u00a0: Des pr\u00e9visions de 1,5 milliard de dollarsde recettes \u00e0 l\u2019export \u00e0 la fin 2022"}]},{"@type":"WebSite","@id":"https:\/\/lasentinelle.dz\/#website","url":"https:\/\/lasentinelle.dz\/","name":"La Sentinelle","description":"Quotidien national d&#039;information","publisher":{"@id":"https:\/\/lasentinelle.dz\/#organization"},"potentialAction":[{"@type":"SearchAction","target":{"@type":"EntryPoint","urlTemplate":"https:\/\/lasentinelle.dz\/?s={search_term_string}"},"query-input":{"@type":"PropertyValueSpecification","valueRequired":true,"valueName":"search_term_string"}}],"inLanguage":"fr-FR"},{"@type":"Organization","@id":"https:\/\/lasentinelle.dz\/#organization","name":"Quotidien La Sentinelle","url":"https:\/\/lasentinelle.dz\/","logo":{"@type":"ImageObject","inLanguage":"fr-FR","@id":"https:\/\/lasentinelle.dz\/#\/schema\/logo\/image\/","url":"https:\/\/lasentinelle.dz\/wp-content\/uploads\/2021\/09\/logo-sentinelleSLOGAN-1.png","contentUrl":"https:\/\/lasentinelle.dz\/wp-content\/uploads\/2021\/09\/logo-sentinelleSLOGAN-1.png","width":615,"height":142,"caption":"Quotidien La Sentinelle"},"image":{"@id":"https:\/\/lasentinelle.dz\/#\/schema\/logo\/image\/"},"sameAs":["https:\/\/www.facebook.com\/La-Sentinelle-104059864394773"]},{"@type":"Person","@id":"https:\/\/lasentinelle.dz\/#\/schema\/person\/d865044e22e70a75174ce8bcad3acfb3","name":"La Sentinelle","image":{"@type":"ImageObject","inLanguage":"fr-FR","@id":"https:\/\/secure.gravatar.com\/avatar\/57de8e5d4b15d43fb361a71fbb36338450fe67865b528a43dd10ef7c51a20392?s=96&d=mm&r=g","url":"https:\/\/secure.gravatar.com\/avatar\/57de8e5d4b15d43fb361a71fbb36338450fe67865b528a43dd10ef7c51a20392?s=96&d=mm&r=g","contentUrl":"https:\/\/secure.gravatar.com\/avatar\/57de8e5d4b15d43fb361a71fbb36338450fe67865b528a43dd10ef7c51a20392?s=96&d=mm&r=g","caption":"La Sentinelle"},"sameAs":["http:\/\/www.lasentinelle.dz"],"url":"https:\/\/lasentinelle.dz\/author\/redaction\/"}]}},"_links":{"self":[{"href":"https:\/\/lasentinelle.dz\/index.php\/wp-json\/wp\/v2\/posts\/31781","targetHints":{"allow":["GET"]}}],"collection":[{"href":"https:\/\/lasentinelle.dz\/index.php\/wp-json\/wp\/v2\/posts"}],"about":[{"href":"https:\/\/lasentinelle.dz\/index.php\/wp-json\/wp\/v2\/types\/post"}],"author":[{"embeddable":true,"href":"https:\/\/lasentinelle.dz\/index.php\/wp-json\/wp\/v2\/users\/3"}],"replies":[{"embeddable":true,"href":"https:\/\/lasentinelle.dz\/index.php\/wp-json\/wp\/v2\/comments?post=31781"}],"version-history":[{"count":1,"href":"https:\/\/lasentinelle.dz\/index.php\/wp-json\/wp\/v2\/posts\/31781\/revisions"}],"predecessor-version":[{"id":31795,"href":"https:\/\/lasentinelle.dz\/index.php\/wp-json\/wp\/v2\/posts\/31781\/revisions\/31795"}],"wp:featuredmedia":[{"embeddable":true,"href":"https:\/\/lasentinelle.dz\/index.php\/wp-json\/wp\/v2\/media\/31794"}],"wp:attachment":[{"href":"https:\/\/lasentinelle.dz\/index.php\/wp-json\/wp\/v2\/media?parent=31781"}],"wp:term":[{"taxonomy":"category","embeddable":true,"href":"https:\/\/lasentinelle.dz\/index.php\/wp-json\/wp\/v2\/categories?post=31781"},{"taxonomy":"post_tag","embeddable":true,"href":"https:\/\/lasentinelle.dz\/index.php\/wp-json\/wp\/v2\/tags?post=31781"}],"curies":[{"name":"wp","href":"https:\/\/api.w.org\/{rel}","templated":true}]}}