{"id":31806,"date":"2022-11-30T22:00:00","date_gmt":"2022-11-30T21:00:00","guid":{"rendered":"https:\/\/lasentinelle.dz\/?p=31806"},"modified":"2022-11-30T18:56:58","modified_gmt":"2022-11-30T17:56:58","slug":"affaire-julian-assange-le-premier-ministre-australien-demande-la-fin-des-poursuites","status":"publish","type":"post","link":"https:\/\/lasentinelle.dz\/index.php\/2022\/11\/30\/affaire-julian-assange-le-premier-ministre-australien-demande-la-fin-des-poursuites\/","title":{"rendered":"Affaire Julian Assange\u00a0: Le Premier ministre australien demande la fin des poursuites"},"content":{"rendered":"\n<p>Le Premier ministre australien, Anthony Albanese, a annonc\u00e9 hier qu&rsquo;il avait personnellement demand\u00e9 aux responsables am\u00e9ricains de mettre fin aux poursuites judiciaires contre le fondateur de WikiLeaks, Julian Assange, d\u00e9clarant : \u00abTrop, c&rsquo;est trop\u00bb. Julian Assange, citoyen australien de 51 ans, est poursuivi aux Etats-Unis pour avoir publi\u00e9 \u00e0 partir de 2010 plus de 700.000 documents confidentiels sur les activit\u00e9s militaires et diplomatiques am\u00e9ricaines, en particulier en Irak et en Afghanistan. \u00abIl y a quelque temps, j&rsquo;ai fait valoir mon point de vue selon lequel trop c&rsquo;est trop. Il est temps que cette affaire soit men\u00e9e \u00e0 son terme\u00bb, a affirm\u00e9 Anthony Albanese au parlement australien. \u00abJ&rsquo;ai soulev\u00e9 cette question personnellement avec des repr\u00e9sentants du gouvernement des Etats-Unis. Ma position est claire.\u00bb Tout en disant n&rsquo;avoir aucune sympathie pour bon nombre des actions de Julian Assange, le chef du gouvernement australien a demand\u00e9 \u00abquel est l&rsquo;int\u00e9r\u00eat de cette poursuite, de cette action en justice, qui pourrait s&rsquo;enliser maintenant pour de nombreuses ann\u00e9es dans le futur?\u00bb Arr\u00eat\u00e9 par la police britannique en 2019 apr\u00e8s sept ans reclus \u00e0 l&rsquo;ambassade d&rsquo;Equateur \u00e0 Londres, Julian Assange est actuellement d\u00e9tenu au Royaume-Uni, dans une prison de haute s\u00e9curit\u00e9 pr\u00e8s de Londres, en attendant l&rsquo;examen de son appel contre la d\u00e9cision du gouvernement britannique de l&rsquo;extrader. Anthony Alabanese a compar\u00e9 le traitement subi par Julian Assange \u00e0 celui de Chelsea Manning, dont la peine de 35 ans de prison pour avoir vol\u00e9 les documents secrets publi\u00e9s par Wikileaks avait \u00e9t\u00e9 commu\u00e9e en 2017 par le pr\u00e9sident de l&rsquo;\u00e9poque, Barack Obama (2009-2017). Chelsea Manning \u00abest maintenant en mesure de participer librement \u00e0 la soci\u00e9t\u00e9 am\u00e9ricaine\u00bb, a soulign\u00e9 le Premier ministre australien.<\/p>\n\n\n\n<p><strong>K.L. et agences<\/strong><\/p>\n","protected":false},"excerpt":{"rendered":"<p>Le Premier ministre australien, Anthony Albanese, a annonc\u00e9 hier qu&rsquo;il avait personnellement demand\u00e9 aux responsables am\u00e9ricains de mettre fin aux<\/p>\n","protected":false},"author":3,"featured_media":31826,"comment_status":"open","ping_status":"closed","sticky":false,"template":"","format":"standard","meta":{"colormag_page_container_layout":"default_layout","colormag_page_sidebar_layout":"default_layout","om_disable_all_campaigns":false,"_monsterinsights_skip_tracking":false,"_monsterinsights_sitenote_active":false,"_monsterinsights_sitenote_note":"","_monsterinsights_sitenote_category":0,"footnotes":"","_wpscppro_dont_share_socialmedia":false,"_wpscppro_custom_social_share_image":0,"_facebook_share_type":"","_twitter_share_type":"","_linkedin_share_type":"","_pinterest_share_type":"","_linkedin_share_type_page":"","_instagram_share_type":"","_medium_share_type":"","_threads_share_type":"","_google_business_share_type":"","_selected_social_profile":[],"_wpsp_enable_custom_social_template":false,"_wpsp_social_scheduling":{"enabled":false,"datetime":null,"platforms":[],"status":"template_only","dateOption":"today","timeOption":"now","customDays":"","customHours":"","customDate":"","customTime":"","schedulingType":"absolute"},"_wpsp_active_default_template":true},"categories":[37],"tags":[],"class_list":["post-31806","post","type-post","status-publish","format-standard","has-post-thumbnail","hentry","category-monde"],"aioseo_notices":[],"yoast_head":"<!-- This site is optimized with the Yoast SEO plugin v27.5 - https:\/\/yoast.com\/product\/yoast-seo-wordpress\/ -->\n<title>Affaire Julian Assange\u00a0: Le Premier ministre australien demande la fin des poursuites - La Sentinelle<\/title>\n<meta name=\"robots\" content=\"index, follow, max-snippet:-1, max-image-preview:large, max-video-preview:-1\" \/>\n<link rel=\"canonical\" href=\"https:\/\/lasentinelle.dz\/index.php\/2022\/11\/30\/affaire-julian-assange-le-premier-ministre-australien-demande-la-fin-des-poursuites\/\" \/>\n<meta property=\"og:locale\" content=\"fr_FR\" \/>\n<meta property=\"og:type\" content=\"article\" \/>\n<meta property=\"og:title\" content=\"Affaire Julian Assange\u00a0: Le Premier ministre australien demande la fin des poursuites - La Sentinelle\" \/>\n<meta property=\"og:description\" content=\"Le Premier ministre australien, Anthony Albanese, a annonc\u00e9 hier qu&rsquo;il avait personnellement demand\u00e9 aux responsables am\u00e9ricains de mettre fin aux\" \/>\n<meta property=\"og:url\" content=\"https:\/\/lasentinelle.dz\/index.php\/2022\/11\/30\/affaire-julian-assange-le-premier-ministre-australien-demande-la-fin-des-poursuites\/\" \/>\n<meta property=\"og:site_name\" content=\"La Sentinelle\" \/>\n<meta property=\"article:publisher\" content=\"https:\/\/www.facebook.com\/La-Sentinelle-104059864394773\" \/>\n<meta property=\"article:published_time\" content=\"2022-11-30T21:00:00+00:00\" \/>\n<meta property=\"og:image\" content=\"https:\/\/lasentinelle.dz\/wp-content\/uploads\/2022\/11\/image_2022-11-30_174050853-1024x683.png\" \/>\n\t<meta property=\"og:image:width\" content=\"1024\" \/>\n\t<meta property=\"og:image:height\" content=\"683\" \/>\n\t<meta property=\"og:image:type\" content=\"image\/png\" \/>\n<meta name=\"author\" content=\"La Sentinelle\" \/>\n<meta name=\"twitter:card\" content=\"summary_large_image\" \/>\n<meta name=\"twitter:label1\" content=\"\u00c9crit par\" \/>\n\t<meta name=\"twitter:data1\" content=\"La Sentinelle\" \/>\n\t<meta name=\"twitter:label2\" content=\"Dur\u00e9e de lecture estim\u00e9e\" \/>\n\t<meta name=\"twitter:data2\" content=\"1 minute\" \/>\n<script type=\"application\/ld+json\" class=\"yoast-schema-graph\">{\"@context\":\"https:\\\/\\\/schema.org\",\"@graph\":[{\"@type\":\"Article\",\"@id\":\"https:\\\/\\\/lasentinelle.dz\\\/index.php\\\/2022\\\/11\\\/30\\\/affaire-julian-assange-le-premier-ministre-australien-demande-la-fin-des-poursuites\\\/#article\",\"isPartOf\":{\"@id\":\"https:\\\/\\\/lasentinelle.dz\\\/index.php\\\/2022\\\/11\\\/30\\\/affaire-julian-assange-le-premier-ministre-australien-demande-la-fin-des-poursuites\\\/\"},\"author\":{\"name\":\"La Sentinelle\",\"@id\":\"https:\\\/\\\/lasentinelle.dz\\\/#\\\/schema\\\/person\\\/d865044e22e70a75174ce8bcad3acfb3\"},\"headline\":\"Affaire Julian Assange\u00a0: Le Premier ministre australien demande la fin des poursuites\",\"datePublished\":\"2022-11-30T21:00:00+00:00\",\"mainEntityOfPage\":{\"@id\":\"https:\\\/\\\/lasentinelle.dz\\\/index.php\\\/2022\\\/11\\\/30\\\/affaire-julian-assange-le-premier-ministre-australien-demande-la-fin-des-poursuites\\\/\"},\"wordCount\":311,\"commentCount\":0,\"publisher\":{\"@id\":\"https:\\\/\\\/lasentinelle.dz\\\/#organization\"},\"image\":{\"@id\":\"https:\\\/\\\/lasentinelle.dz\\\/index.php\\\/2022\\\/11\\\/30\\\/affaire-julian-assange-le-premier-ministre-australien-demande-la-fin-des-poursuites\\\/#primaryimage\"},\"thumbnailUrl\":\"https:\\\/\\\/lasentinelle.dz\\\/wp-content\\\/uploads\\\/2022\\\/11\\\/image_2022-11-30_174050853.png\",\"articleSection\":[\"Monde\"],\"inLanguage\":\"fr-FR\",\"potentialAction\":[{\"@type\":\"CommentAction\",\"name\":\"Comment\",\"target\":[\"https:\\\/\\\/lasentinelle.dz\\\/index.php\\\/2022\\\/11\\\/30\\\/affaire-julian-assange-le-premier-ministre-australien-demande-la-fin-des-poursuites\\\/#respond\"]}]},{\"@type\":\"WebPage\",\"@id\":\"https:\\\/\\\/lasentinelle.dz\\\/index.php\\\/2022\\\/11\\\/30\\\/affaire-julian-assange-le-premier-ministre-australien-demande-la-fin-des-poursuites\\\/\",\"url\":\"https:\\\/\\\/lasentinelle.dz\\\/index.php\\\/2022\\\/11\\\/30\\\/affaire-julian-assange-le-premier-ministre-australien-demande-la-fin-des-poursuites\\\/\",\"name\":\"Affaire Julian Assange\u00a0: Le Premier ministre australien demande la fin des poursuites - La Sentinelle\",\"isPartOf\":{\"@id\":\"https:\\\/\\\/lasentinelle.dz\\\/#website\"},\"primaryImageOfPage\":{\"@id\":\"https:\\\/\\\/lasentinelle.dz\\\/index.php\\\/2022\\\/11\\\/30\\\/affaire-julian-assange-le-premier-ministre-australien-demande-la-fin-des-poursuites\\\/#primaryimage\"},\"image\":{\"@id\":\"https:\\\/\\\/lasentinelle.dz\\\/index.php\\\/2022\\\/11\\\/30\\\/affaire-julian-assange-le-premier-ministre-australien-demande-la-fin-des-poursuites\\\/#primaryimage\"},\"thumbnailUrl\":\"https:\\\/\\\/lasentinelle.dz\\\/wp-content\\\/uploads\\\/2022\\\/11\\\/image_2022-11-30_174050853.png\",\"datePublished\":\"2022-11-30T21:00:00+00:00\",\"breadcrumb\":{\"@id\":\"https:\\\/\\\/lasentinelle.dz\\\/index.php\\\/2022\\\/11\\\/30\\\/affaire-julian-assange-le-premier-ministre-australien-demande-la-fin-des-poursuites\\\/#breadcrumb\"},\"inLanguage\":\"fr-FR\",\"potentialAction\":[{\"@type\":\"ReadAction\",\"target\":[\"https:\\\/\\\/lasentinelle.dz\\\/index.php\\\/2022\\\/11\\\/30\\\/affaire-julian-assange-le-premier-ministre-australien-demande-la-fin-des-poursuites\\\/\"]}]},{\"@type\":\"ImageObject\",\"inLanguage\":\"fr-FR\",\"@id\":\"https:\\\/\\\/lasentinelle.dz\\\/index.php\\\/2022\\\/11\\\/30\\\/affaire-julian-assange-le-premier-ministre-australien-demande-la-fin-des-poursuites\\\/#primaryimage\",\"url\":\"https:\\\/\\\/lasentinelle.dz\\\/wp-content\\\/uploads\\\/2022\\\/11\\\/image_2022-11-30_174050853.png\",\"contentUrl\":\"https:\\\/\\\/lasentinelle.dz\\\/wp-content\\\/uploads\\\/2022\\\/11\\\/image_2022-11-30_174050853.png\",\"width\":3000,\"height\":2000},{\"@type\":\"BreadcrumbList\",\"@id\":\"https:\\\/\\\/lasentinelle.dz\\\/index.php\\\/2022\\\/11\\\/30\\\/affaire-julian-assange-le-premier-ministre-australien-demande-la-fin-des-poursuites\\\/#breadcrumb\",\"itemListElement\":[{\"@type\":\"ListItem\",\"position\":1,\"name\":\"Accueil\",\"item\":\"https:\\\/\\\/lasentinelle.dz\\\/\"},{\"@type\":\"ListItem\",\"position\":2,\"name\":\"Affaire Julian Assange\u00a0: Le Premier ministre australien demande la fin des poursuites\"}]},{\"@type\":\"WebSite\",\"@id\":\"https:\\\/\\\/lasentinelle.dz\\\/#website\",\"url\":\"https:\\\/\\\/lasentinelle.dz\\\/\",\"name\":\"La Sentinelle\",\"description\":\"Quotidien national d&#039;information\",\"publisher\":{\"@id\":\"https:\\\/\\\/lasentinelle.dz\\\/#organization\"},\"potentialAction\":[{\"@type\":\"SearchAction\",\"target\":{\"@type\":\"EntryPoint\",\"urlTemplate\":\"https:\\\/\\\/lasentinelle.dz\\\/?s={search_term_string}\"},\"query-input\":{\"@type\":\"PropertyValueSpecification\",\"valueRequired\":true,\"valueName\":\"search_term_string\"}}],\"inLanguage\":\"fr-FR\"},{\"@type\":\"Organization\",\"@id\":\"https:\\\/\\\/lasentinelle.dz\\\/#organization\",\"name\":\"Quotidien La Sentinelle\",\"url\":\"https:\\\/\\\/lasentinelle.dz\\\/\",\"logo\":{\"@type\":\"ImageObject\",\"inLanguage\":\"fr-FR\",\"@id\":\"https:\\\/\\\/lasentinelle.dz\\\/#\\\/schema\\\/logo\\\/image\\\/\",\"url\":\"https:\\\/\\\/lasentinelle.dz\\\/wp-content\\\/uploads\\\/2021\\\/09\\\/logo-sentinelleSLOGAN-1.png\",\"contentUrl\":\"https:\\\/\\\/lasentinelle.dz\\\/wp-content\\\/uploads\\\/2021\\\/09\\\/logo-sentinelleSLOGAN-1.png\",\"width\":615,\"height\":142,\"caption\":\"Quotidien La Sentinelle\"},\"image\":{\"@id\":\"https:\\\/\\\/lasentinelle.dz\\\/#\\\/schema\\\/logo\\\/image\\\/\"},\"sameAs\":[\"https:\\\/\\\/www.facebook.com\\\/La-Sentinelle-104059864394773\"]},{\"@type\":\"Person\",\"@id\":\"https:\\\/\\\/lasentinelle.dz\\\/#\\\/schema\\\/person\\\/d865044e22e70a75174ce8bcad3acfb3\",\"name\":\"La Sentinelle\",\"image\":{\"@type\":\"ImageObject\",\"inLanguage\":\"fr-FR\",\"@id\":\"https:\\\/\\\/secure.gravatar.com\\\/avatar\\\/57de8e5d4b15d43fb361a71fbb36338450fe67865b528a43dd10ef7c51a20392?s=96&d=mm&r=g\",\"url\":\"https:\\\/\\\/secure.gravatar.com\\\/avatar\\\/57de8e5d4b15d43fb361a71fbb36338450fe67865b528a43dd10ef7c51a20392?s=96&d=mm&r=g\",\"contentUrl\":\"https:\\\/\\\/secure.gravatar.com\\\/avatar\\\/57de8e5d4b15d43fb361a71fbb36338450fe67865b528a43dd10ef7c51a20392?s=96&d=mm&r=g\",\"caption\":\"La Sentinelle\"},\"sameAs\":[\"http:\\\/\\\/www.lasentinelle.dz\"],\"url\":\"https:\\\/\\\/lasentinelle.dz\\\/author\\\/redaction\\\/\"}]}<\/script>\n<!-- \/ Yoast SEO plugin. -->","yoast_head_json":{"title":"Affaire Julian Assange\u00a0: Le Premier ministre australien demande la fin des poursuites - La Sentinelle","robots":{"index":"index","follow":"follow","max-snippet":"max-snippet:-1","max-image-preview":"max-image-preview:large","max-video-preview":"max-video-preview:-1"},"canonical":"https:\/\/lasentinelle.dz\/index.php\/2022\/11\/30\/affaire-julian-assange-le-premier-ministre-australien-demande-la-fin-des-poursuites\/","og_locale":"fr_FR","og_type":"article","og_title":"Affaire Julian Assange\u00a0: Le Premier ministre australien demande la fin des poursuites - La Sentinelle","og_description":"Le Premier ministre australien, Anthony Albanese, a annonc\u00e9 hier qu&rsquo;il avait personnellement demand\u00e9 aux responsables am\u00e9ricains de mettre fin aux","og_url":"https:\/\/lasentinelle.dz\/index.php\/2022\/11\/30\/affaire-julian-assange-le-premier-ministre-australien-demande-la-fin-des-poursuites\/","og_site_name":"La Sentinelle","article_publisher":"https:\/\/www.facebook.com\/La-Sentinelle-104059864394773","article_published_time":"2022-11-30T21:00:00+00:00","og_image":[{"width":1024,"height":683,"url":"https:\/\/lasentinelle.dz\/wp-content\/uploads\/2022\/11\/image_2022-11-30_174050853-1024x683.png","type":"image\/png"}],"author":"La Sentinelle","twitter_card":"summary_large_image","twitter_misc":{"\u00c9crit par":"La Sentinelle","Dur\u00e9e de lecture estim\u00e9e":"1 minute"},"schema":{"@context":"https:\/\/schema.org","@graph":[{"@type":"Article","@id":"https:\/\/lasentinelle.dz\/index.php\/2022\/11\/30\/affaire-julian-assange-le-premier-ministre-australien-demande-la-fin-des-poursuites\/#article","isPartOf":{"@id":"https:\/\/lasentinelle.dz\/index.php\/2022\/11\/30\/affaire-julian-assange-le-premier-ministre-australien-demande-la-fin-des-poursuites\/"},"author":{"name":"La Sentinelle","@id":"https:\/\/lasentinelle.dz\/#\/schema\/person\/d865044e22e70a75174ce8bcad3acfb3"},"headline":"Affaire Julian Assange\u00a0: Le Premier ministre australien demande la fin des poursuites","datePublished":"2022-11-30T21:00:00+00:00","mainEntityOfPage":{"@id":"https:\/\/lasentinelle.dz\/index.php\/2022\/11\/30\/affaire-julian-assange-le-premier-ministre-australien-demande-la-fin-des-poursuites\/"},"wordCount":311,"commentCount":0,"publisher":{"@id":"https:\/\/lasentinelle.dz\/#organization"},"image":{"@id":"https:\/\/lasentinelle.dz\/index.php\/2022\/11\/30\/affaire-julian-assange-le-premier-ministre-australien-demande-la-fin-des-poursuites\/#primaryimage"},"thumbnailUrl":"https:\/\/lasentinelle.dz\/wp-content\/uploads\/2022\/11\/image_2022-11-30_174050853.png","articleSection":["Monde"],"inLanguage":"fr-FR","potentialAction":[{"@type":"CommentAction","name":"Comment","target":["https:\/\/lasentinelle.dz\/index.php\/2022\/11\/30\/affaire-julian-assange-le-premier-ministre-australien-demande-la-fin-des-poursuites\/#respond"]}]},{"@type":"WebPage","@id":"https:\/\/lasentinelle.dz\/index.php\/2022\/11\/30\/affaire-julian-assange-le-premier-ministre-australien-demande-la-fin-des-poursuites\/","url":"https:\/\/lasentinelle.dz\/index.php\/2022\/11\/30\/affaire-julian-assange-le-premier-ministre-australien-demande-la-fin-des-poursuites\/","name":"Affaire Julian Assange\u00a0: Le Premier ministre australien demande la fin des poursuites - La Sentinelle","isPartOf":{"@id":"https:\/\/lasentinelle.dz\/#website"},"primaryImageOfPage":{"@id":"https:\/\/lasentinelle.dz\/index.php\/2022\/11\/30\/affaire-julian-assange-le-premier-ministre-australien-demande-la-fin-des-poursuites\/#primaryimage"},"image":{"@id":"https:\/\/lasentinelle.dz\/index.php\/2022\/11\/30\/affaire-julian-assange-le-premier-ministre-australien-demande-la-fin-des-poursuites\/#primaryimage"},"thumbnailUrl":"https:\/\/lasentinelle.dz\/wp-content\/uploads\/2022\/11\/image_2022-11-30_174050853.png","datePublished":"2022-11-30T21:00:00+00:00","breadcrumb":{"@id":"https:\/\/lasentinelle.dz\/index.php\/2022\/11\/30\/affaire-julian-assange-le-premier-ministre-australien-demande-la-fin-des-poursuites\/#breadcrumb"},"inLanguage":"fr-FR","potentialAction":[{"@type":"ReadAction","target":["https:\/\/lasentinelle.dz\/index.php\/2022\/11\/30\/affaire-julian-assange-le-premier-ministre-australien-demande-la-fin-des-poursuites\/"]}]},{"@type":"ImageObject","inLanguage":"fr-FR","@id":"https:\/\/lasentinelle.dz\/index.php\/2022\/11\/30\/affaire-julian-assange-le-premier-ministre-australien-demande-la-fin-des-poursuites\/#primaryimage","url":"https:\/\/lasentinelle.dz\/wp-content\/uploads\/2022\/11\/image_2022-11-30_174050853.png","contentUrl":"https:\/\/lasentinelle.dz\/wp-content\/uploads\/2022\/11\/image_2022-11-30_174050853.png","width":3000,"height":2000},{"@type":"BreadcrumbList","@id":"https:\/\/lasentinelle.dz\/index.php\/2022\/11\/30\/affaire-julian-assange-le-premier-ministre-australien-demande-la-fin-des-poursuites\/#breadcrumb","itemListElement":[{"@type":"ListItem","position":1,"name":"Accueil","item":"https:\/\/lasentinelle.dz\/"},{"@type":"ListItem","position":2,"name":"Affaire Julian Assange\u00a0: Le Premier ministre australien demande la fin des poursuites"}]},{"@type":"WebSite","@id":"https:\/\/lasentinelle.dz\/#website","url":"https:\/\/lasentinelle.dz\/","name":"La Sentinelle","description":"Quotidien national d&#039;information","publisher":{"@id":"https:\/\/lasentinelle.dz\/#organization"},"potentialAction":[{"@type":"SearchAction","target":{"@type":"EntryPoint","urlTemplate":"https:\/\/lasentinelle.dz\/?s={search_term_string}"},"query-input":{"@type":"PropertyValueSpecification","valueRequired":true,"valueName":"search_term_string"}}],"inLanguage":"fr-FR"},{"@type":"Organization","@id":"https:\/\/lasentinelle.dz\/#organization","name":"Quotidien La Sentinelle","url":"https:\/\/lasentinelle.dz\/","logo":{"@type":"ImageObject","inLanguage":"fr-FR","@id":"https:\/\/lasentinelle.dz\/#\/schema\/logo\/image\/","url":"https:\/\/lasentinelle.dz\/wp-content\/uploads\/2021\/09\/logo-sentinelleSLOGAN-1.png","contentUrl":"https:\/\/lasentinelle.dz\/wp-content\/uploads\/2021\/09\/logo-sentinelleSLOGAN-1.png","width":615,"height":142,"caption":"Quotidien La Sentinelle"},"image":{"@id":"https:\/\/lasentinelle.dz\/#\/schema\/logo\/image\/"},"sameAs":["https:\/\/www.facebook.com\/La-Sentinelle-104059864394773"]},{"@type":"Person","@id":"https:\/\/lasentinelle.dz\/#\/schema\/person\/d865044e22e70a75174ce8bcad3acfb3","name":"La Sentinelle","image":{"@type":"ImageObject","inLanguage":"fr-FR","@id":"https:\/\/secure.gravatar.com\/avatar\/57de8e5d4b15d43fb361a71fbb36338450fe67865b528a43dd10ef7c51a20392?s=96&d=mm&r=g","url":"https:\/\/secure.gravatar.com\/avatar\/57de8e5d4b15d43fb361a71fbb36338450fe67865b528a43dd10ef7c51a20392?s=96&d=mm&r=g","contentUrl":"https:\/\/secure.gravatar.com\/avatar\/57de8e5d4b15d43fb361a71fbb36338450fe67865b528a43dd10ef7c51a20392?s=96&d=mm&r=g","caption":"La Sentinelle"},"sameAs":["http:\/\/www.lasentinelle.dz"],"url":"https:\/\/lasentinelle.dz\/author\/redaction\/"}]}},"_links":{"self":[{"href":"https:\/\/lasentinelle.dz\/index.php\/wp-json\/wp\/v2\/posts\/31806","targetHints":{"allow":["GET"]}}],"collection":[{"href":"https:\/\/lasentinelle.dz\/index.php\/wp-json\/wp\/v2\/posts"}],"about":[{"href":"https:\/\/lasentinelle.dz\/index.php\/wp-json\/wp\/v2\/types\/post"}],"author":[{"embeddable":true,"href":"https:\/\/lasentinelle.dz\/index.php\/wp-json\/wp\/v2\/users\/3"}],"replies":[{"embeddable":true,"href":"https:\/\/lasentinelle.dz\/index.php\/wp-json\/wp\/v2\/comments?post=31806"}],"version-history":[{"count":1,"href":"https:\/\/lasentinelle.dz\/index.php\/wp-json\/wp\/v2\/posts\/31806\/revisions"}],"predecessor-version":[{"id":31833,"href":"https:\/\/lasentinelle.dz\/index.php\/wp-json\/wp\/v2\/posts\/31806\/revisions\/31833"}],"wp:featuredmedia":[{"embeddable":true,"href":"https:\/\/lasentinelle.dz\/index.php\/wp-json\/wp\/v2\/media\/31826"}],"wp:attachment":[{"href":"https:\/\/lasentinelle.dz\/index.php\/wp-json\/wp\/v2\/media?parent=31806"}],"wp:term":[{"taxonomy":"category","embeddable":true,"href":"https:\/\/lasentinelle.dz\/index.php\/wp-json\/wp\/v2\/categories?post=31806"},{"taxonomy":"post_tag","embeddable":true,"href":"https:\/\/lasentinelle.dz\/index.php\/wp-json\/wp\/v2\/tags?post=31806"}],"curies":[{"name":"wp","href":"https:\/\/api.w.org\/{rel}","templated":true}]}}