{"id":31829,"date":"2022-11-30T22:08:00","date_gmt":"2022-11-30T21:08:00","guid":{"rendered":"https:\/\/lasentinelle.dz\/?p=31829"},"modified":"2022-11-30T20:46:05","modified_gmt":"2022-11-30T19:46:05","slug":"les-dernieres-places-ardemment-disputees-le-ghana-va-t-il-rejoindre-le-senegal-en-huitiemes","status":"publish","type":"post","link":"https:\/\/lasentinelle.dz\/index.php\/2022\/11\/30\/les-dernieres-places-ardemment-disputees-le-ghana-va-t-il-rejoindre-le-senegal-en-huitiemes\/","title":{"rendered":"Les derni\u00e8res places ardemment disput\u00e9es\u00a0: Le Ghana va-t-il rejoindre le S\u00e9n\u00e9gal en huiti\u00e8mes\u00a0?"},"content":{"rendered":"\n<p>Le Ghana va-t-il rejoindre le S\u00e9n\u00e9gal comme autre \u00e9quipe africaine qualifi\u00e9e aux huiti\u00e8mes de finale du Mondial 2022&nbsp;? Les Black Stars sont bien partis pour r\u00e9aliser l\u2019exploit. Il faudra cependant d\u00e9passer l\u2019\u00e9cueil de l\u2019Uruguay, leur fossoyeur en 2010.<\/p>\n\n\n\n<p>Le Ghana va tenter de jouer sa qualification pour les huiti\u00e8mes de finale demain dans le dernier match du groupe H au cours duquel il affrontera une vieille connaissance, l\u2019Uruguay. Ce sera un match revanche pour le Ghana. Les Black Stars affronteront demain pour le compte du dernier match de poule l\u2019Uruguay lequel avait stopp\u00e9 net leur aventure au Mondial 2010 en quart de finale et les avait emp\u00each\u00e9s de figurer dans le carr\u00e9 d\u2019or.<\/p>\n\n\n\n<p>Dans le groupe H, le Portugal a d\u00e9j\u00e0 assur\u00e9 sa place en huiti\u00e8mes, tandis que les trois autres \u00e9quipes le Ghana, la Cor\u00e9e du Sud et l\u2019Uruguay se disputeront le dernier ticket gagnant d\u2019autant que tous conservent leurs chances.<\/p>\n\n\n\n<p>Le Ghana est pour l\u2019heure en position favorable \u00e0 la deuxi\u00e8me place avec les trois arrach\u00e9s lors de leur victoire face \u00e0 la Cor\u00e9e du Sud. Cette derni\u00e8re qui d\u00e9tient un point, tout comme l\u2019Uruguay se classe troisi\u00e8me gr\u00e2ce \u00e0 goal-average n\u00e9gatif plus favorable \u00e0 -1 contre -2 pour les Latino-Am\u00e9ricains. Le Ghana garantira sa qualification s\u2019il bat son adversaire du jour. Dans le pire des sc\u00e9narios, les Black Stars doivent faire au moins un match nul et esp\u00e9rer que la Cor\u00e9e du Sud perde face au Portugal, ou ne gagne pas en marquant plus de trois buts de plus que le Ghana.&nbsp;<\/p>\n\n\n\n<p><strong>La Tunisie manque de chance<\/strong><\/p>\n\n\n\n<p>Mardi le S\u00e9n\u00e9gal est pass\u00e9 en 1\/8 de finale gr\u00e2ce \u00e0 sa victoire ma\u00eetris\u00e9e footbalistiquement et \u00e9motionnellement sur l\u2019\u00c9quateur (2-1), au stade al-Khalifa de Doha.En reprenant l&rsquo;avantage juste apr\u00e8s l&rsquo;\u00e9galisation \u00e9quatorienne, par Kalidou Koulibaly (70e), les Lions ont effac\u00e9 beaucoup de mauvais souvenirs d&rsquo;un seul coup.Les Lions affronteront ainsi l&rsquo;Angleterre, dimanche \u00e0 16h00.La Tunisie n\u2019aura pas eu cette chance. Malgr\u00e9 une victoire h\u00e9ro\u00efque contre les champions du monde en titre, la victoire surprise de l\u2019Australie face au Danemark a enterr\u00e9 les chances de qualification des Aigles de Carthage. Dans le groupe D, la France finit tout de m\u00eame premi\u00e8re du groupe avec 6 points, malgr\u00e9 la d\u00e9faite face aux Tunisiens, ils sont suivis de l\u2019Australie avec six points \u00e9galement mais un goal average qui donne l\u2019avantage aux Bleux. La Tunisie termine troisi\u00e8me et avec 4 honorables points, mais qui est \u00e9limin\u00e9e avec le Danemark bon dernier avec un seul point. Notons enfin qu\u2019au sein des \u00e9quipes africaines qui pourront encore jouer pour une place en huiti\u00e8mes le Maroc jouera sa qualification contre le Canada aujourd\u2019hui \u00e0 16h00, tandis que le Cameroun devra passer l\u2019\u00e9cueil du favori du tournoi, le Br\u00e9sil. Ce qui est loin d\u2019\u00eatre acquis. Les matchs d\u2019aujourd\u2019hui et de demain seront les derniers de la phase de groupes avant de laisser place aux huiti\u00e8mes de finales qui seront inaugur\u00e9es par le match Pays-Bas\/ Etats-Unis \u00e0 16h00.<\/p>\n\n\n\n<p><strong>Chokri Hafed<\/strong><\/p>\n","protected":false},"excerpt":{"rendered":"<p>Le Ghana va-t-il rejoindre le S\u00e9n\u00e9gal comme autre \u00e9quipe africaine qualifi\u00e9e aux huiti\u00e8mes de finale du Mondial 2022&nbsp;? Les Black<\/p>\n","protected":false},"author":3,"featured_media":31831,"comment_status":"open","ping_status":"closed","sticky":false,"template":"","format":"standard","meta":{"colormag_page_container_layout":"default_layout","colormag_page_sidebar_layout":"default_layout","om_disable_all_campaigns":false,"_monsterinsights_skip_tracking":false,"_monsterinsights_sitenote_active":false,"_monsterinsights_sitenote_note":"","_monsterinsights_sitenote_category":0,"footnotes":"","_wpscppro_dont_share_socialmedia":false,"_wpscppro_custom_social_share_image":0,"_facebook_share_type":"","_twitter_share_type":"","_linkedin_share_type":"","_pinterest_share_type":"","_linkedin_share_type_page":"","_instagram_share_type":"","_medium_share_type":"","_threads_share_type":"","_google_business_share_type":"","_selected_social_profile":[],"_wpsp_enable_custom_social_template":false,"_wpsp_social_scheduling":{"enabled":false,"datetime":null,"platforms":[],"status":"template_only","dateOption":"today","timeOption":"now","customDays":"","customHours":"","customDate":"","customTime":"","schedulingType":"absolute"},"_wpsp_active_default_template":true},"categories":[52,33],"tags":[],"class_list":["post-31829","post","type-post","status-publish","format-standard","has-post-thumbnail","hentry","category-a-la-une","category-sports"],"aioseo_notices":[],"yoast_head":"<!-- This site is optimized with the Yoast SEO plugin v27.5 - https:\/\/yoast.com\/product\/yoast-seo-wordpress\/ -->\n<title>Les derni\u00e8res places ardemment disput\u00e9es\u00a0: Le Ghana va-t-il rejoindre le S\u00e9n\u00e9gal en huiti\u00e8mes\u00a0? - La Sentinelle<\/title>\n<meta name=\"robots\" content=\"index, follow, max-snippet:-1, max-image-preview:large, max-video-preview:-1\" \/>\n<link rel=\"canonical\" href=\"https:\/\/lasentinelle.dz\/index.php\/2022\/11\/30\/les-dernieres-places-ardemment-disputees-le-ghana-va-t-il-rejoindre-le-senegal-en-huitiemes\/\" \/>\n<meta property=\"og:locale\" content=\"fr_FR\" \/>\n<meta property=\"og:type\" content=\"article\" \/>\n<meta property=\"og:title\" content=\"Les derni\u00e8res places ardemment disput\u00e9es\u00a0: Le Ghana va-t-il rejoindre le S\u00e9n\u00e9gal en huiti\u00e8mes\u00a0? - La Sentinelle\" \/>\n<meta property=\"og:description\" content=\"Le Ghana va-t-il rejoindre le S\u00e9n\u00e9gal comme autre \u00e9quipe africaine qualifi\u00e9e aux huiti\u00e8mes de finale du Mondial 2022&nbsp;? Les Black\" \/>\n<meta property=\"og:url\" content=\"https:\/\/lasentinelle.dz\/index.php\/2022\/11\/30\/les-dernieres-places-ardemment-disputees-le-ghana-va-t-il-rejoindre-le-senegal-en-huitiemes\/\" \/>\n<meta property=\"og:site_name\" content=\"La Sentinelle\" \/>\n<meta property=\"article:publisher\" content=\"https:\/\/www.facebook.com\/La-Sentinelle-104059864394773\" \/>\n<meta property=\"article:published_time\" content=\"2022-11-30T21:08:00+00:00\" \/>\n<meta property=\"og:image\" content=\"https:\/\/lasentinelle.dz\/wp-content\/uploads\/2022\/11\/Ghana-2.png\" \/>\n\t<meta property=\"og:image:width\" content=\"600\" \/>\n\t<meta property=\"og:image:height\" content=\"390\" \/>\n\t<meta property=\"og:image:type\" content=\"image\/png\" \/>\n<meta name=\"author\" content=\"La Sentinelle\" \/>\n<meta name=\"twitter:card\" content=\"summary_large_image\" \/>\n<meta name=\"twitter:label1\" content=\"\u00c9crit par\" \/>\n\t<meta name=\"twitter:data1\" content=\"La Sentinelle\" \/>\n\t<meta name=\"twitter:label2\" content=\"Dur\u00e9e de lecture estim\u00e9e\" \/>\n\t<meta name=\"twitter:data2\" content=\"3 minutes\" \/>\n<script type=\"application\/ld+json\" class=\"yoast-schema-graph\">{\"@context\":\"https:\\\/\\\/schema.org\",\"@graph\":[{\"@type\":\"Article\",\"@id\":\"https:\\\/\\\/lasentinelle.dz\\\/index.php\\\/2022\\\/11\\\/30\\\/les-dernieres-places-ardemment-disputees-le-ghana-va-t-il-rejoindre-le-senegal-en-huitiemes\\\/#article\",\"isPartOf\":{\"@id\":\"https:\\\/\\\/lasentinelle.dz\\\/index.php\\\/2022\\\/11\\\/30\\\/les-dernieres-places-ardemment-disputees-le-ghana-va-t-il-rejoindre-le-senegal-en-huitiemes\\\/\"},\"author\":{\"name\":\"La Sentinelle\",\"@id\":\"https:\\\/\\\/lasentinelle.dz\\\/#\\\/schema\\\/person\\\/d865044e22e70a75174ce8bcad3acfb3\"},\"headline\":\"Les derni\u00e8res places ardemment disput\u00e9es\u00a0: Le Ghana va-t-il rejoindre le S\u00e9n\u00e9gal en huiti\u00e8mes\u00a0?\",\"datePublished\":\"2022-11-30T21:08:00+00:00\",\"mainEntityOfPage\":{\"@id\":\"https:\\\/\\\/lasentinelle.dz\\\/index.php\\\/2022\\\/11\\\/30\\\/les-dernieres-places-ardemment-disputees-le-ghana-va-t-il-rejoindre-le-senegal-en-huitiemes\\\/\"},\"wordCount\":566,\"commentCount\":0,\"publisher\":{\"@id\":\"https:\\\/\\\/lasentinelle.dz\\\/#organization\"},\"image\":{\"@id\":\"https:\\\/\\\/lasentinelle.dz\\\/index.php\\\/2022\\\/11\\\/30\\\/les-dernieres-places-ardemment-disputees-le-ghana-va-t-il-rejoindre-le-senegal-en-huitiemes\\\/#primaryimage\"},\"thumbnailUrl\":\"https:\\\/\\\/lasentinelle.dz\\\/wp-content\\\/uploads\\\/2022\\\/11\\\/Ghana-2.png\",\"articleSection\":[\"\u00c0 la Une\",\"Sports\"],\"inLanguage\":\"fr-FR\",\"potentialAction\":[{\"@type\":\"CommentAction\",\"name\":\"Comment\",\"target\":[\"https:\\\/\\\/lasentinelle.dz\\\/index.php\\\/2022\\\/11\\\/30\\\/les-dernieres-places-ardemment-disputees-le-ghana-va-t-il-rejoindre-le-senegal-en-huitiemes\\\/#respond\"]}]},{\"@type\":\"WebPage\",\"@id\":\"https:\\\/\\\/lasentinelle.dz\\\/index.php\\\/2022\\\/11\\\/30\\\/les-dernieres-places-ardemment-disputees-le-ghana-va-t-il-rejoindre-le-senegal-en-huitiemes\\\/\",\"url\":\"https:\\\/\\\/lasentinelle.dz\\\/index.php\\\/2022\\\/11\\\/30\\\/les-dernieres-places-ardemment-disputees-le-ghana-va-t-il-rejoindre-le-senegal-en-huitiemes\\\/\",\"name\":\"Les derni\u00e8res places ardemment disput\u00e9es\u00a0: Le Ghana va-t-il rejoindre le S\u00e9n\u00e9gal en huiti\u00e8mes\u00a0? - La Sentinelle\",\"isPartOf\":{\"@id\":\"https:\\\/\\\/lasentinelle.dz\\\/#website\"},\"primaryImageOfPage\":{\"@id\":\"https:\\\/\\\/lasentinelle.dz\\\/index.php\\\/2022\\\/11\\\/30\\\/les-dernieres-places-ardemment-disputees-le-ghana-va-t-il-rejoindre-le-senegal-en-huitiemes\\\/#primaryimage\"},\"image\":{\"@id\":\"https:\\\/\\\/lasentinelle.dz\\\/index.php\\\/2022\\\/11\\\/30\\\/les-dernieres-places-ardemment-disputees-le-ghana-va-t-il-rejoindre-le-senegal-en-huitiemes\\\/#primaryimage\"},\"thumbnailUrl\":\"https:\\\/\\\/lasentinelle.dz\\\/wp-content\\\/uploads\\\/2022\\\/11\\\/Ghana-2.png\",\"datePublished\":\"2022-11-30T21:08:00+00:00\",\"breadcrumb\":{\"@id\":\"https:\\\/\\\/lasentinelle.dz\\\/index.php\\\/2022\\\/11\\\/30\\\/les-dernieres-places-ardemment-disputees-le-ghana-va-t-il-rejoindre-le-senegal-en-huitiemes\\\/#breadcrumb\"},\"inLanguage\":\"fr-FR\",\"potentialAction\":[{\"@type\":\"ReadAction\",\"target\":[\"https:\\\/\\\/lasentinelle.dz\\\/index.php\\\/2022\\\/11\\\/30\\\/les-dernieres-places-ardemment-disputees-le-ghana-va-t-il-rejoindre-le-senegal-en-huitiemes\\\/\"]}]},{\"@type\":\"ImageObject\",\"inLanguage\":\"fr-FR\",\"@id\":\"https:\\\/\\\/lasentinelle.dz\\\/index.php\\\/2022\\\/11\\\/30\\\/les-dernieres-places-ardemment-disputees-le-ghana-va-t-il-rejoindre-le-senegal-en-huitiemes\\\/#primaryimage\",\"url\":\"https:\\\/\\\/lasentinelle.dz\\\/wp-content\\\/uploads\\\/2022\\\/11\\\/Ghana-2.png\",\"contentUrl\":\"https:\\\/\\\/lasentinelle.dz\\\/wp-content\\\/uploads\\\/2022\\\/11\\\/Ghana-2.png\",\"width\":600,\"height\":390},{\"@type\":\"BreadcrumbList\",\"@id\":\"https:\\\/\\\/lasentinelle.dz\\\/index.php\\\/2022\\\/11\\\/30\\\/les-dernieres-places-ardemment-disputees-le-ghana-va-t-il-rejoindre-le-senegal-en-huitiemes\\\/#breadcrumb\",\"itemListElement\":[{\"@type\":\"ListItem\",\"position\":1,\"name\":\"Accueil\",\"item\":\"https:\\\/\\\/lasentinelle.dz\\\/\"},{\"@type\":\"ListItem\",\"position\":2,\"name\":\"Les derni\u00e8res places ardemment disput\u00e9es\u00a0: Le Ghana va-t-il rejoindre le S\u00e9n\u00e9gal en huiti\u00e8mes\u00a0?\"}]},{\"@type\":\"WebSite\",\"@id\":\"https:\\\/\\\/lasentinelle.dz\\\/#website\",\"url\":\"https:\\\/\\\/lasentinelle.dz\\\/\",\"name\":\"La Sentinelle\",\"description\":\"Quotidien national d&#039;information\",\"publisher\":{\"@id\":\"https:\\\/\\\/lasentinelle.dz\\\/#organization\"},\"potentialAction\":[{\"@type\":\"SearchAction\",\"target\":{\"@type\":\"EntryPoint\",\"urlTemplate\":\"https:\\\/\\\/lasentinelle.dz\\\/?s={search_term_string}\"},\"query-input\":{\"@type\":\"PropertyValueSpecification\",\"valueRequired\":true,\"valueName\":\"search_term_string\"}}],\"inLanguage\":\"fr-FR\"},{\"@type\":\"Organization\",\"@id\":\"https:\\\/\\\/lasentinelle.dz\\\/#organization\",\"name\":\"Quotidien La Sentinelle\",\"url\":\"https:\\\/\\\/lasentinelle.dz\\\/\",\"logo\":{\"@type\":\"ImageObject\",\"inLanguage\":\"fr-FR\",\"@id\":\"https:\\\/\\\/lasentinelle.dz\\\/#\\\/schema\\\/logo\\\/image\\\/\",\"url\":\"https:\\\/\\\/lasentinelle.dz\\\/wp-content\\\/uploads\\\/2021\\\/09\\\/logo-sentinelleSLOGAN-1.png\",\"contentUrl\":\"https:\\\/\\\/lasentinelle.dz\\\/wp-content\\\/uploads\\\/2021\\\/09\\\/logo-sentinelleSLOGAN-1.png\",\"width\":615,\"height\":142,\"caption\":\"Quotidien La Sentinelle\"},\"image\":{\"@id\":\"https:\\\/\\\/lasentinelle.dz\\\/#\\\/schema\\\/logo\\\/image\\\/\"},\"sameAs\":[\"https:\\\/\\\/www.facebook.com\\\/La-Sentinelle-104059864394773\"]},{\"@type\":\"Person\",\"@id\":\"https:\\\/\\\/lasentinelle.dz\\\/#\\\/schema\\\/person\\\/d865044e22e70a75174ce8bcad3acfb3\",\"name\":\"La Sentinelle\",\"image\":{\"@type\":\"ImageObject\",\"inLanguage\":\"fr-FR\",\"@id\":\"https:\\\/\\\/secure.gravatar.com\\\/avatar\\\/57de8e5d4b15d43fb361a71fbb36338450fe67865b528a43dd10ef7c51a20392?s=96&d=mm&r=g\",\"url\":\"https:\\\/\\\/secure.gravatar.com\\\/avatar\\\/57de8e5d4b15d43fb361a71fbb36338450fe67865b528a43dd10ef7c51a20392?s=96&d=mm&r=g\",\"contentUrl\":\"https:\\\/\\\/secure.gravatar.com\\\/avatar\\\/57de8e5d4b15d43fb361a71fbb36338450fe67865b528a43dd10ef7c51a20392?s=96&d=mm&r=g\",\"caption\":\"La Sentinelle\"},\"sameAs\":[\"http:\\\/\\\/www.lasentinelle.dz\"],\"url\":\"https:\\\/\\\/lasentinelle.dz\\\/author\\\/redaction\\\/\"}]}<\/script>\n<!-- \/ Yoast SEO plugin. -->","yoast_head_json":{"title":"Les derni\u00e8res places ardemment disput\u00e9es\u00a0: Le Ghana va-t-il rejoindre le S\u00e9n\u00e9gal en huiti\u00e8mes\u00a0? - La Sentinelle","robots":{"index":"index","follow":"follow","max-snippet":"max-snippet:-1","max-image-preview":"max-image-preview:large","max-video-preview":"max-video-preview:-1"},"canonical":"https:\/\/lasentinelle.dz\/index.php\/2022\/11\/30\/les-dernieres-places-ardemment-disputees-le-ghana-va-t-il-rejoindre-le-senegal-en-huitiemes\/","og_locale":"fr_FR","og_type":"article","og_title":"Les derni\u00e8res places ardemment disput\u00e9es\u00a0: Le Ghana va-t-il rejoindre le S\u00e9n\u00e9gal en huiti\u00e8mes\u00a0? - La Sentinelle","og_description":"Le Ghana va-t-il rejoindre le S\u00e9n\u00e9gal comme autre \u00e9quipe africaine qualifi\u00e9e aux huiti\u00e8mes de finale du Mondial 2022&nbsp;? Les Black","og_url":"https:\/\/lasentinelle.dz\/index.php\/2022\/11\/30\/les-dernieres-places-ardemment-disputees-le-ghana-va-t-il-rejoindre-le-senegal-en-huitiemes\/","og_site_name":"La Sentinelle","article_publisher":"https:\/\/www.facebook.com\/La-Sentinelle-104059864394773","article_published_time":"2022-11-30T21:08:00+00:00","og_image":[{"width":600,"height":390,"url":"https:\/\/lasentinelle.dz\/wp-content\/uploads\/2022\/11\/Ghana-2.png","type":"image\/png"}],"author":"La Sentinelle","twitter_card":"summary_large_image","twitter_misc":{"\u00c9crit par":"La Sentinelle","Dur\u00e9e de lecture estim\u00e9e":"3 minutes"},"schema":{"@context":"https:\/\/schema.org","@graph":[{"@type":"Article","@id":"https:\/\/lasentinelle.dz\/index.php\/2022\/11\/30\/les-dernieres-places-ardemment-disputees-le-ghana-va-t-il-rejoindre-le-senegal-en-huitiemes\/#article","isPartOf":{"@id":"https:\/\/lasentinelle.dz\/index.php\/2022\/11\/30\/les-dernieres-places-ardemment-disputees-le-ghana-va-t-il-rejoindre-le-senegal-en-huitiemes\/"},"author":{"name":"La Sentinelle","@id":"https:\/\/lasentinelle.dz\/#\/schema\/person\/d865044e22e70a75174ce8bcad3acfb3"},"headline":"Les derni\u00e8res places ardemment disput\u00e9es\u00a0: Le Ghana va-t-il rejoindre le S\u00e9n\u00e9gal en huiti\u00e8mes\u00a0?","datePublished":"2022-11-30T21:08:00+00:00","mainEntityOfPage":{"@id":"https:\/\/lasentinelle.dz\/index.php\/2022\/11\/30\/les-dernieres-places-ardemment-disputees-le-ghana-va-t-il-rejoindre-le-senegal-en-huitiemes\/"},"wordCount":566,"commentCount":0,"publisher":{"@id":"https:\/\/lasentinelle.dz\/#organization"},"image":{"@id":"https:\/\/lasentinelle.dz\/index.php\/2022\/11\/30\/les-dernieres-places-ardemment-disputees-le-ghana-va-t-il-rejoindre-le-senegal-en-huitiemes\/#primaryimage"},"thumbnailUrl":"https:\/\/lasentinelle.dz\/wp-content\/uploads\/2022\/11\/Ghana-2.png","articleSection":["\u00c0 la Une","Sports"],"inLanguage":"fr-FR","potentialAction":[{"@type":"CommentAction","name":"Comment","target":["https:\/\/lasentinelle.dz\/index.php\/2022\/11\/30\/les-dernieres-places-ardemment-disputees-le-ghana-va-t-il-rejoindre-le-senegal-en-huitiemes\/#respond"]}]},{"@type":"WebPage","@id":"https:\/\/lasentinelle.dz\/index.php\/2022\/11\/30\/les-dernieres-places-ardemment-disputees-le-ghana-va-t-il-rejoindre-le-senegal-en-huitiemes\/","url":"https:\/\/lasentinelle.dz\/index.php\/2022\/11\/30\/les-dernieres-places-ardemment-disputees-le-ghana-va-t-il-rejoindre-le-senegal-en-huitiemes\/","name":"Les derni\u00e8res places ardemment disput\u00e9es\u00a0: Le Ghana va-t-il rejoindre le S\u00e9n\u00e9gal en huiti\u00e8mes\u00a0? - La Sentinelle","isPartOf":{"@id":"https:\/\/lasentinelle.dz\/#website"},"primaryImageOfPage":{"@id":"https:\/\/lasentinelle.dz\/index.php\/2022\/11\/30\/les-dernieres-places-ardemment-disputees-le-ghana-va-t-il-rejoindre-le-senegal-en-huitiemes\/#primaryimage"},"image":{"@id":"https:\/\/lasentinelle.dz\/index.php\/2022\/11\/30\/les-dernieres-places-ardemment-disputees-le-ghana-va-t-il-rejoindre-le-senegal-en-huitiemes\/#primaryimage"},"thumbnailUrl":"https:\/\/lasentinelle.dz\/wp-content\/uploads\/2022\/11\/Ghana-2.png","datePublished":"2022-11-30T21:08:00+00:00","breadcrumb":{"@id":"https:\/\/lasentinelle.dz\/index.php\/2022\/11\/30\/les-dernieres-places-ardemment-disputees-le-ghana-va-t-il-rejoindre-le-senegal-en-huitiemes\/#breadcrumb"},"inLanguage":"fr-FR","potentialAction":[{"@type":"ReadAction","target":["https:\/\/lasentinelle.dz\/index.php\/2022\/11\/30\/les-dernieres-places-ardemment-disputees-le-ghana-va-t-il-rejoindre-le-senegal-en-huitiemes\/"]}]},{"@type":"ImageObject","inLanguage":"fr-FR","@id":"https:\/\/lasentinelle.dz\/index.php\/2022\/11\/30\/les-dernieres-places-ardemment-disputees-le-ghana-va-t-il-rejoindre-le-senegal-en-huitiemes\/#primaryimage","url":"https:\/\/lasentinelle.dz\/wp-content\/uploads\/2022\/11\/Ghana-2.png","contentUrl":"https:\/\/lasentinelle.dz\/wp-content\/uploads\/2022\/11\/Ghana-2.png","width":600,"height":390},{"@type":"BreadcrumbList","@id":"https:\/\/lasentinelle.dz\/index.php\/2022\/11\/30\/les-dernieres-places-ardemment-disputees-le-ghana-va-t-il-rejoindre-le-senegal-en-huitiemes\/#breadcrumb","itemListElement":[{"@type":"ListItem","position":1,"name":"Accueil","item":"https:\/\/lasentinelle.dz\/"},{"@type":"ListItem","position":2,"name":"Les derni\u00e8res places ardemment disput\u00e9es\u00a0: Le Ghana va-t-il rejoindre le S\u00e9n\u00e9gal en huiti\u00e8mes\u00a0?"}]},{"@type":"WebSite","@id":"https:\/\/lasentinelle.dz\/#website","url":"https:\/\/lasentinelle.dz\/","name":"La Sentinelle","description":"Quotidien national d&#039;information","publisher":{"@id":"https:\/\/lasentinelle.dz\/#organization"},"potentialAction":[{"@type":"SearchAction","target":{"@type":"EntryPoint","urlTemplate":"https:\/\/lasentinelle.dz\/?s={search_term_string}"},"query-input":{"@type":"PropertyValueSpecification","valueRequired":true,"valueName":"search_term_string"}}],"inLanguage":"fr-FR"},{"@type":"Organization","@id":"https:\/\/lasentinelle.dz\/#organization","name":"Quotidien La Sentinelle","url":"https:\/\/lasentinelle.dz\/","logo":{"@type":"ImageObject","inLanguage":"fr-FR","@id":"https:\/\/lasentinelle.dz\/#\/schema\/logo\/image\/","url":"https:\/\/lasentinelle.dz\/wp-content\/uploads\/2021\/09\/logo-sentinelleSLOGAN-1.png","contentUrl":"https:\/\/lasentinelle.dz\/wp-content\/uploads\/2021\/09\/logo-sentinelleSLOGAN-1.png","width":615,"height":142,"caption":"Quotidien La Sentinelle"},"image":{"@id":"https:\/\/lasentinelle.dz\/#\/schema\/logo\/image\/"},"sameAs":["https:\/\/www.facebook.com\/La-Sentinelle-104059864394773"]},{"@type":"Person","@id":"https:\/\/lasentinelle.dz\/#\/schema\/person\/d865044e22e70a75174ce8bcad3acfb3","name":"La Sentinelle","image":{"@type":"ImageObject","inLanguage":"fr-FR","@id":"https:\/\/secure.gravatar.com\/avatar\/57de8e5d4b15d43fb361a71fbb36338450fe67865b528a43dd10ef7c51a20392?s=96&d=mm&r=g","url":"https:\/\/secure.gravatar.com\/avatar\/57de8e5d4b15d43fb361a71fbb36338450fe67865b528a43dd10ef7c51a20392?s=96&d=mm&r=g","contentUrl":"https:\/\/secure.gravatar.com\/avatar\/57de8e5d4b15d43fb361a71fbb36338450fe67865b528a43dd10ef7c51a20392?s=96&d=mm&r=g","caption":"La Sentinelle"},"sameAs":["http:\/\/www.lasentinelle.dz"],"url":"https:\/\/lasentinelle.dz\/author\/redaction\/"}]}},"_links":{"self":[{"href":"https:\/\/lasentinelle.dz\/index.php\/wp-json\/wp\/v2\/posts\/31829","targetHints":{"allow":["GET"]}}],"collection":[{"href":"https:\/\/lasentinelle.dz\/index.php\/wp-json\/wp\/v2\/posts"}],"about":[{"href":"https:\/\/lasentinelle.dz\/index.php\/wp-json\/wp\/v2\/types\/post"}],"author":[{"embeddable":true,"href":"https:\/\/lasentinelle.dz\/index.php\/wp-json\/wp\/v2\/users\/3"}],"replies":[{"embeddable":true,"href":"https:\/\/lasentinelle.dz\/index.php\/wp-json\/wp\/v2\/comments?post=31829"}],"version-history":[{"count":2,"href":"https:\/\/lasentinelle.dz\/index.php\/wp-json\/wp\/v2\/posts\/31829\/revisions"}],"predecessor-version":[{"id":31832,"href":"https:\/\/lasentinelle.dz\/index.php\/wp-json\/wp\/v2\/posts\/31829\/revisions\/31832"}],"wp:featuredmedia":[{"embeddable":true,"href":"https:\/\/lasentinelle.dz\/index.php\/wp-json\/wp\/v2\/media\/31831"}],"wp:attachment":[{"href":"https:\/\/lasentinelle.dz\/index.php\/wp-json\/wp\/v2\/media?parent=31829"}],"wp:term":[{"taxonomy":"category","embeddable":true,"href":"https:\/\/lasentinelle.dz\/index.php\/wp-json\/wp\/v2\/categories?post=31829"},{"taxonomy":"post_tag","embeddable":true,"href":"https:\/\/lasentinelle.dz\/index.php\/wp-json\/wp\/v2\/tags?post=31829"}],"curies":[{"name":"wp","href":"https:\/\/api.w.org\/{rel}","templated":true}]}}