{"id":31878,"date":"2022-11-30T22:17:00","date_gmt":"2022-11-30T21:17:00","guid":{"rendered":"https:\/\/lasentinelle.dz\/?p=31878"},"modified":"2022-11-30T21:14:05","modified_gmt":"2022-11-30T20:14:05","slug":"le-president-de-la-republique-recoit-les-historiens-membres-de-la-commission-mixte-algero-francaise-le-dossier-de-la-memoire-relance","status":"publish","type":"post","link":"https:\/\/lasentinelle.dz\/index.php\/2022\/11\/30\/le-president-de-la-republique-recoit-les-historiens-membres-de-la-commission-mixte-algero-francaise-le-dossier-de-la-memoire-relance\/","title":{"rendered":"Le pr\u00e9sident de la R\u00e9publique re\u00e7oit les historiens membres de la commission mixte alg\u00e9ro-fran\u00e7aise\u00a0: Le dossier de la m\u00e9moire relanc\u00e9"},"content":{"rendered":"\n<p>Le traitement de la question de la m\u00e9moire entre dans le vif du sujet. Les historiens devant si\u00e9ger au sein de la commission mixte alg\u00e9ro-fran\u00e7aise sur la m\u00e9moire pour le compte de l\u2019Alg\u00e9rie ont \u00e9t\u00e9 d\u00e9sign\u00e9s. Avant d\u2019entamer leur travail, ils ont \u00e9t\u00e9 re\u00e7us hier par le pr\u00e9sident de la R\u00e9publique, Abdelmadjid Tebboune.<\/p>\n\n\n\n<p>Sortir la question de la m\u00e9moire des champs id\u00e9ologique et politique pour la confier aux historiens lesquels devront l\u2019aborder dans une perspective sereine et d\u00e9passionn\u00e9e. Tel est l\u2019objectif de la commission mixte d\u2019historiens dont la mise en place a \u00e9t\u00e9 annonc\u00e9e \u00e0 l\u2019occasion de la visite du pr\u00e9sident Emmanuel Macron en Alg\u00e9rie au mois d\u2019ao\u00fbt dernier. Un projet qui conna\u00eet un d\u00e9but de concr\u00e9tisation avec la nomination des historiens alg\u00e9riens qui devront travailler sur le dossier de la m\u00e9moire et collaborer avec leurs confr\u00e8res fran\u00e7ais sur cette question.<\/p>\n\n\n\n<p>C\u2019est dans ce contexte que le pr\u00e9sident de la R\u00e9publique, Abdelmadjid Tebboune a re\u00e7u hier les 5 historiens qui seront charg\u00e9s de cette mission. Au-del\u00e0 du conseiller du pr\u00e9sident de la R\u00e9publique \u00e0 la m\u00e9moire et aux archives nationales, Abdelmadjid Chikhi, cette commission compte des historiens reconnus et connus pour le traitement de la question m\u00e9morielle, \u00e0 la t\u00eate desquels figure le Pr. Mohamed El-Korso, Professeur \u00e0 l\u2019Universit\u00e9 d\u2019Alger et qui s\u2019illustre par ses nombreuses interventions li\u00e9es \u00e0 la question de la m\u00e9moire, la r\u00e9cup\u00e9ration des archives et les explosions nucl\u00e9aires fran\u00e7aises \u00e0 Reggane, entre autres. Cette commission compte \u00e9galement le Dr. Djamel Yahiaoui, chercheur en histoire de la r\u00e9volution et le Pr. Lahc\u00e8neZeghidi, professeur d\u2019histoire \u00e0 l\u2019Universit\u00e9 d\u2019Alger.<\/p>\n\n\n\n<p>Rappelons que la commission alg\u00e9ro-fran\u00e7aise d&rsquo;historiens travaillera sur \u00ab toutes les questions \u00bb li\u00e9es \u00e0 la m\u00e9moire, de la p\u00e9riode coloniale \u00e0 la Guerre de lib\u00e9ration nationale, selon la \u00ab D\u00e9claration d&rsquo;Alger pour un partenariat renouvel\u00e9 \u00bb ayant sanctionn\u00e9 la visite officielle le 26 aout dernier du pr\u00e9sident fran\u00e7ais, Emmanuel Macron, en Alg\u00e9rie.L&rsquo;Alg\u00e9rie et la France, y est-il pr\u00e9cis\u00e9, \u00ab conviennent d\u2019\u00e9tablir une commission conjointe d\u2019historiens alg\u00e9riens et fran\u00e7ais, charg\u00e9e de travailler sur l\u2019ensemble de leurs archives de la p\u00e9riode coloniale et de la guerre d\u2019ind\u00e9pendance. Ce travail scientifique a vocation \u00e0 aborder toutes les questions, y compris celles concernant l\u2019ouverture et la restitution des archives, des biens et des restes mortuaires des r\u00e9sistants alg\u00e9riens, ainsi que celles des essais nucl\u00e9aires et des disparus, dans le respect de toutes les m\u00e9moires. Ses travaux feront l\u2019objet d\u2019\u00e9valuations r\u00e9guli\u00e8res sur une base semestrielle \u00bb, a-t-on mentionn\u00e9.Les deux parties ont convenu par ailleurs de \u00ab cr\u00e9er, en France et en Alg\u00e9rie, des lieux qui seront \u00e0 la fois un espace mus\u00e9al ainsi qu\u2019un lieu de cr\u00e9ation, de dialogue et d\u2019\u00e9change des jeunesses franco-alg\u00e9riennes. Ces lieux accueilleront des chercheurs, des artistes, et des jeunes de la France et de l\u2019Alg\u00e9rie qui m\u00e8neront des projets en commun. Le travail sera renforc\u00e9 sur l\u2019entretien des cimeti\u00e8res europ\u00e9ens et la valorisation de leur patrimoine fun\u00e9raire exceptionnel \u00bb.Les deux parties estiment que \u00ab le moment venu de favoriser une lecture objective et de v\u00e9rit\u00e9 d\u2019un pan de leur histoire commune, tenant compte de l\u2019ensemble de ses \u00e9tapes afin d\u2019appr\u00e9hender l\u2019avenir dans l\u2019apaisement et le respect mutuel&#8230;( )&#8230; Elles entreprennent d\u2019assurer une prise en charge intelligente et courageuse des probl\u00e9matiques li\u00e9es \u00e0 la m\u00e9moire dans l\u2019objectif d\u2019appr\u00e9hender l\u2019avenir commun avec s\u00e9r\u00e9nit\u00e9 et de r\u00e9pondre aux aspirations l\u00e9gitimes des jeunesses des deux pays \u00bb, a soulign\u00e9 ladite D\u00e9claration.<\/p>\n\n\n\n<p><strong>Hocine Fadheli<\/strong><\/p>\n","protected":false},"excerpt":{"rendered":"<p>Le traitement de la question de la m\u00e9moire entre dans le vif du sujet. Les historiens devant si\u00e9ger au sein<\/p>\n","protected":false},"author":3,"featured_media":31895,"comment_status":"open","ping_status":"closed","sticky":false,"template":"","format":"standard","meta":{"colormag_page_container_layout":"default_layout","colormag_page_sidebar_layout":"default_layout","om_disable_all_campaigns":false,"_monsterinsights_skip_tracking":false,"_monsterinsights_sitenote_active":false,"_monsterinsights_sitenote_note":"","_monsterinsights_sitenote_category":0,"footnotes":"","_wpscppro_dont_share_socialmedia":false,"_wpscppro_custom_social_share_image":0,"_facebook_share_type":"","_twitter_share_type":"","_linkedin_share_type":"","_pinterest_share_type":"","_linkedin_share_type_page":"","_instagram_share_type":"","_medium_share_type":"","_threads_share_type":"","_google_business_share_type":"","_selected_social_profile":[],"_wpsp_enable_custom_social_template":false,"_wpsp_social_scheduling":{"enabled":false,"datetime":null,"platforms":[],"status":"template_only","dateOption":"today","timeOption":"now","customDays":"","customHours":"","customDate":"","customTime":"","schedulingType":"absolute"},"_wpsp_active_default_template":true},"categories":[52,27],"tags":[],"class_list":["post-31878","post","type-post","status-publish","format-standard","has-post-thumbnail","hentry","category-a-la-une","category-actualite"],"aioseo_notices":[],"yoast_head":"<!-- This site is optimized with the Yoast SEO plugin v27.5 - https:\/\/yoast.com\/product\/yoast-seo-wordpress\/ -->\n<title>Le pr\u00e9sident de la R\u00e9publique re\u00e7oit les historiens membres de la commission mixte alg\u00e9ro-fran\u00e7aise\u00a0: Le dossier de la m\u00e9moire relanc\u00e9 - La Sentinelle<\/title>\n<meta name=\"robots\" content=\"index, follow, max-snippet:-1, max-image-preview:large, max-video-preview:-1\" \/>\n<link rel=\"canonical\" href=\"https:\/\/lasentinelle.dz\/index.php\/2022\/11\/30\/le-president-de-la-republique-recoit-les-historiens-membres-de-la-commission-mixte-algero-francaise-le-dossier-de-la-memoire-relance\/\" \/>\n<meta property=\"og:locale\" content=\"fr_FR\" \/>\n<meta property=\"og:type\" content=\"article\" \/>\n<meta property=\"og:title\" content=\"Le pr\u00e9sident de la R\u00e9publique re\u00e7oit les historiens membres de la commission mixte alg\u00e9ro-fran\u00e7aise\u00a0: Le dossier de la m\u00e9moire relanc\u00e9 - La Sentinelle\" \/>\n<meta property=\"og:description\" content=\"Le traitement de la question de la m\u00e9moire entre dans le vif du sujet. Les historiens devant si\u00e9ger au sein\" \/>\n<meta property=\"og:url\" content=\"https:\/\/lasentinelle.dz\/index.php\/2022\/11\/30\/le-president-de-la-republique-recoit-les-historiens-membres-de-la-commission-mixte-algero-francaise-le-dossier-de-la-memoire-relance\/\" \/>\n<meta property=\"og:site_name\" content=\"La Sentinelle\" \/>\n<meta property=\"article:publisher\" content=\"https:\/\/www.facebook.com\/La-Sentinelle-104059864394773\" \/>\n<meta property=\"article:published_time\" content=\"2022-11-30T21:17:00+00:00\" \/>\n<meta property=\"og:image\" content=\"https:\/\/lasentinelle.dz\/wp-content\/uploads\/2022\/11\/macron-tebboune-1024x579.png\" \/>\n\t<meta property=\"og:image:width\" content=\"1024\" \/>\n\t<meta property=\"og:image:height\" content=\"579\" \/>\n\t<meta property=\"og:image:type\" content=\"image\/png\" \/>\n<meta name=\"author\" content=\"La Sentinelle\" \/>\n<meta name=\"twitter:card\" content=\"summary_large_image\" \/>\n<meta name=\"twitter:label1\" content=\"\u00c9crit par\" \/>\n\t<meta name=\"twitter:data1\" content=\"La Sentinelle\" \/>\n\t<meta name=\"twitter:label2\" content=\"Dur\u00e9e de lecture estim\u00e9e\" \/>\n\t<meta name=\"twitter:data2\" content=\"3 minutes\" \/>\n<script type=\"application\/ld+json\" class=\"yoast-schema-graph\">{\"@context\":\"https:\\\/\\\/schema.org\",\"@graph\":[{\"@type\":\"Article\",\"@id\":\"https:\\\/\\\/lasentinelle.dz\\\/index.php\\\/2022\\\/11\\\/30\\\/le-president-de-la-republique-recoit-les-historiens-membres-de-la-commission-mixte-algero-francaise-le-dossier-de-la-memoire-relance\\\/#article\",\"isPartOf\":{\"@id\":\"https:\\\/\\\/lasentinelle.dz\\\/index.php\\\/2022\\\/11\\\/30\\\/le-president-de-la-republique-recoit-les-historiens-membres-de-la-commission-mixte-algero-francaise-le-dossier-de-la-memoire-relance\\\/\"},\"author\":{\"name\":\"La Sentinelle\",\"@id\":\"https:\\\/\\\/lasentinelle.dz\\\/#\\\/schema\\\/person\\\/d865044e22e70a75174ce8bcad3acfb3\"},\"headline\":\"Le pr\u00e9sident de la R\u00e9publique re\u00e7oit les historiens membres de la commission mixte alg\u00e9ro-fran\u00e7aise\u00a0: Le dossier de la m\u00e9moire relanc\u00e9\",\"datePublished\":\"2022-11-30T21:17:00+00:00\",\"mainEntityOfPage\":{\"@id\":\"https:\\\/\\\/lasentinelle.dz\\\/index.php\\\/2022\\\/11\\\/30\\\/le-president-de-la-republique-recoit-les-historiens-membres-de-la-commission-mixte-algero-francaise-le-dossier-de-la-memoire-relance\\\/\"},\"wordCount\":688,\"commentCount\":0,\"publisher\":{\"@id\":\"https:\\\/\\\/lasentinelle.dz\\\/#organization\"},\"image\":{\"@id\":\"https:\\\/\\\/lasentinelle.dz\\\/index.php\\\/2022\\\/11\\\/30\\\/le-president-de-la-republique-recoit-les-historiens-membres-de-la-commission-mixte-algero-francaise-le-dossier-de-la-memoire-relance\\\/#primaryimage\"},\"thumbnailUrl\":\"https:\\\/\\\/lasentinelle.dz\\\/wp-content\\\/uploads\\\/2022\\\/11\\\/macron-tebboune.png\",\"articleSection\":[\"\u00c0 la Une\",\"Actualit\u00e9\"],\"inLanguage\":\"fr-FR\",\"potentialAction\":[{\"@type\":\"CommentAction\",\"name\":\"Comment\",\"target\":[\"https:\\\/\\\/lasentinelle.dz\\\/index.php\\\/2022\\\/11\\\/30\\\/le-president-de-la-republique-recoit-les-historiens-membres-de-la-commission-mixte-algero-francaise-le-dossier-de-la-memoire-relance\\\/#respond\"]}]},{\"@type\":\"WebPage\",\"@id\":\"https:\\\/\\\/lasentinelle.dz\\\/index.php\\\/2022\\\/11\\\/30\\\/le-president-de-la-republique-recoit-les-historiens-membres-de-la-commission-mixte-algero-francaise-le-dossier-de-la-memoire-relance\\\/\",\"url\":\"https:\\\/\\\/lasentinelle.dz\\\/index.php\\\/2022\\\/11\\\/30\\\/le-president-de-la-republique-recoit-les-historiens-membres-de-la-commission-mixte-algero-francaise-le-dossier-de-la-memoire-relance\\\/\",\"name\":\"Le pr\u00e9sident de la R\u00e9publique re\u00e7oit les historiens membres de la commission mixte alg\u00e9ro-fran\u00e7aise\u00a0: Le dossier de la m\u00e9moire relanc\u00e9 - La Sentinelle\",\"isPartOf\":{\"@id\":\"https:\\\/\\\/lasentinelle.dz\\\/#website\"},\"primaryImageOfPage\":{\"@id\":\"https:\\\/\\\/lasentinelle.dz\\\/index.php\\\/2022\\\/11\\\/30\\\/le-president-de-la-republique-recoit-les-historiens-membres-de-la-commission-mixte-algero-francaise-le-dossier-de-la-memoire-relance\\\/#primaryimage\"},\"image\":{\"@id\":\"https:\\\/\\\/lasentinelle.dz\\\/index.php\\\/2022\\\/11\\\/30\\\/le-president-de-la-republique-recoit-les-historiens-membres-de-la-commission-mixte-algero-francaise-le-dossier-de-la-memoire-relance\\\/#primaryimage\"},\"thumbnailUrl\":\"https:\\\/\\\/lasentinelle.dz\\\/wp-content\\\/uploads\\\/2022\\\/11\\\/macron-tebboune.png\",\"datePublished\":\"2022-11-30T21:17:00+00:00\",\"breadcrumb\":{\"@id\":\"https:\\\/\\\/lasentinelle.dz\\\/index.php\\\/2022\\\/11\\\/30\\\/le-president-de-la-republique-recoit-les-historiens-membres-de-la-commission-mixte-algero-francaise-le-dossier-de-la-memoire-relance\\\/#breadcrumb\"},\"inLanguage\":\"fr-FR\",\"potentialAction\":[{\"@type\":\"ReadAction\",\"target\":[\"https:\\\/\\\/lasentinelle.dz\\\/index.php\\\/2022\\\/11\\\/30\\\/le-president-de-la-republique-recoit-les-historiens-membres-de-la-commission-mixte-algero-francaise-le-dossier-de-la-memoire-relance\\\/\"]}]},{\"@type\":\"ImageObject\",\"inLanguage\":\"fr-FR\",\"@id\":\"https:\\\/\\\/lasentinelle.dz\\\/index.php\\\/2022\\\/11\\\/30\\\/le-president-de-la-republique-recoit-les-historiens-membres-de-la-commission-mixte-algero-francaise-le-dossier-de-la-memoire-relance\\\/#primaryimage\",\"url\":\"https:\\\/\\\/lasentinelle.dz\\\/wp-content\\\/uploads\\\/2022\\\/11\\\/macron-tebboune.png\",\"contentUrl\":\"https:\\\/\\\/lasentinelle.dz\\\/wp-content\\\/uploads\\\/2022\\\/11\\\/macron-tebboune.png\",\"width\":1593,\"height\":900},{\"@type\":\"BreadcrumbList\",\"@id\":\"https:\\\/\\\/lasentinelle.dz\\\/index.php\\\/2022\\\/11\\\/30\\\/le-president-de-la-republique-recoit-les-historiens-membres-de-la-commission-mixte-algero-francaise-le-dossier-de-la-memoire-relance\\\/#breadcrumb\",\"itemListElement\":[{\"@type\":\"ListItem\",\"position\":1,\"name\":\"Accueil\",\"item\":\"https:\\\/\\\/lasentinelle.dz\\\/\"},{\"@type\":\"ListItem\",\"position\":2,\"name\":\"Le pr\u00e9sident de la R\u00e9publique re\u00e7oit les historiens membres de la commission mixte alg\u00e9ro-fran\u00e7aise\u00a0: Le dossier de la m\u00e9moire relanc\u00e9\"}]},{\"@type\":\"WebSite\",\"@id\":\"https:\\\/\\\/lasentinelle.dz\\\/#website\",\"url\":\"https:\\\/\\\/lasentinelle.dz\\\/\",\"name\":\"La Sentinelle\",\"description\":\"Quotidien national d&#039;information\",\"publisher\":{\"@id\":\"https:\\\/\\\/lasentinelle.dz\\\/#organization\"},\"potentialAction\":[{\"@type\":\"SearchAction\",\"target\":{\"@type\":\"EntryPoint\",\"urlTemplate\":\"https:\\\/\\\/lasentinelle.dz\\\/?s={search_term_string}\"},\"query-input\":{\"@type\":\"PropertyValueSpecification\",\"valueRequired\":true,\"valueName\":\"search_term_string\"}}],\"inLanguage\":\"fr-FR\"},{\"@type\":\"Organization\",\"@id\":\"https:\\\/\\\/lasentinelle.dz\\\/#organization\",\"name\":\"Quotidien La Sentinelle\",\"url\":\"https:\\\/\\\/lasentinelle.dz\\\/\",\"logo\":{\"@type\":\"ImageObject\",\"inLanguage\":\"fr-FR\",\"@id\":\"https:\\\/\\\/lasentinelle.dz\\\/#\\\/schema\\\/logo\\\/image\\\/\",\"url\":\"https:\\\/\\\/lasentinelle.dz\\\/wp-content\\\/uploads\\\/2021\\\/09\\\/logo-sentinelleSLOGAN-1.png\",\"contentUrl\":\"https:\\\/\\\/lasentinelle.dz\\\/wp-content\\\/uploads\\\/2021\\\/09\\\/logo-sentinelleSLOGAN-1.png\",\"width\":615,\"height\":142,\"caption\":\"Quotidien La Sentinelle\"},\"image\":{\"@id\":\"https:\\\/\\\/lasentinelle.dz\\\/#\\\/schema\\\/logo\\\/image\\\/\"},\"sameAs\":[\"https:\\\/\\\/www.facebook.com\\\/La-Sentinelle-104059864394773\"]},{\"@type\":\"Person\",\"@id\":\"https:\\\/\\\/lasentinelle.dz\\\/#\\\/schema\\\/person\\\/d865044e22e70a75174ce8bcad3acfb3\",\"name\":\"La Sentinelle\",\"image\":{\"@type\":\"ImageObject\",\"inLanguage\":\"fr-FR\",\"@id\":\"https:\\\/\\\/secure.gravatar.com\\\/avatar\\\/57de8e5d4b15d43fb361a71fbb36338450fe67865b528a43dd10ef7c51a20392?s=96&d=mm&r=g\",\"url\":\"https:\\\/\\\/secure.gravatar.com\\\/avatar\\\/57de8e5d4b15d43fb361a71fbb36338450fe67865b528a43dd10ef7c51a20392?s=96&d=mm&r=g\",\"contentUrl\":\"https:\\\/\\\/secure.gravatar.com\\\/avatar\\\/57de8e5d4b15d43fb361a71fbb36338450fe67865b528a43dd10ef7c51a20392?s=96&d=mm&r=g\",\"caption\":\"La Sentinelle\"},\"sameAs\":[\"http:\\\/\\\/www.lasentinelle.dz\"],\"url\":\"https:\\\/\\\/lasentinelle.dz\\\/author\\\/redaction\\\/\"}]}<\/script>\n<!-- \/ Yoast SEO plugin. -->","yoast_head_json":{"title":"Le pr\u00e9sident de la R\u00e9publique re\u00e7oit les historiens membres de la commission mixte alg\u00e9ro-fran\u00e7aise\u00a0: Le dossier de la m\u00e9moire relanc\u00e9 - La Sentinelle","robots":{"index":"index","follow":"follow","max-snippet":"max-snippet:-1","max-image-preview":"max-image-preview:large","max-video-preview":"max-video-preview:-1"},"canonical":"https:\/\/lasentinelle.dz\/index.php\/2022\/11\/30\/le-president-de-la-republique-recoit-les-historiens-membres-de-la-commission-mixte-algero-francaise-le-dossier-de-la-memoire-relance\/","og_locale":"fr_FR","og_type":"article","og_title":"Le pr\u00e9sident de la R\u00e9publique re\u00e7oit les historiens membres de la commission mixte alg\u00e9ro-fran\u00e7aise\u00a0: Le dossier de la m\u00e9moire relanc\u00e9 - La Sentinelle","og_description":"Le traitement de la question de la m\u00e9moire entre dans le vif du sujet. Les historiens devant si\u00e9ger au sein","og_url":"https:\/\/lasentinelle.dz\/index.php\/2022\/11\/30\/le-president-de-la-republique-recoit-les-historiens-membres-de-la-commission-mixte-algero-francaise-le-dossier-de-la-memoire-relance\/","og_site_name":"La Sentinelle","article_publisher":"https:\/\/www.facebook.com\/La-Sentinelle-104059864394773","article_published_time":"2022-11-30T21:17:00+00:00","og_image":[{"width":1024,"height":579,"url":"https:\/\/lasentinelle.dz\/wp-content\/uploads\/2022\/11\/macron-tebboune-1024x579.png","type":"image\/png"}],"author":"La Sentinelle","twitter_card":"summary_large_image","twitter_misc":{"\u00c9crit par":"La Sentinelle","Dur\u00e9e de lecture estim\u00e9e":"3 minutes"},"schema":{"@context":"https:\/\/schema.org","@graph":[{"@type":"Article","@id":"https:\/\/lasentinelle.dz\/index.php\/2022\/11\/30\/le-president-de-la-republique-recoit-les-historiens-membres-de-la-commission-mixte-algero-francaise-le-dossier-de-la-memoire-relance\/#article","isPartOf":{"@id":"https:\/\/lasentinelle.dz\/index.php\/2022\/11\/30\/le-president-de-la-republique-recoit-les-historiens-membres-de-la-commission-mixte-algero-francaise-le-dossier-de-la-memoire-relance\/"},"author":{"name":"La Sentinelle","@id":"https:\/\/lasentinelle.dz\/#\/schema\/person\/d865044e22e70a75174ce8bcad3acfb3"},"headline":"Le pr\u00e9sident de la R\u00e9publique re\u00e7oit les historiens membres de la commission mixte alg\u00e9ro-fran\u00e7aise\u00a0: Le dossier de la m\u00e9moire relanc\u00e9","datePublished":"2022-11-30T21:17:00+00:00","mainEntityOfPage":{"@id":"https:\/\/lasentinelle.dz\/index.php\/2022\/11\/30\/le-president-de-la-republique-recoit-les-historiens-membres-de-la-commission-mixte-algero-francaise-le-dossier-de-la-memoire-relance\/"},"wordCount":688,"commentCount":0,"publisher":{"@id":"https:\/\/lasentinelle.dz\/#organization"},"image":{"@id":"https:\/\/lasentinelle.dz\/index.php\/2022\/11\/30\/le-president-de-la-republique-recoit-les-historiens-membres-de-la-commission-mixte-algero-francaise-le-dossier-de-la-memoire-relance\/#primaryimage"},"thumbnailUrl":"https:\/\/lasentinelle.dz\/wp-content\/uploads\/2022\/11\/macron-tebboune.png","articleSection":["\u00c0 la Une","Actualit\u00e9"],"inLanguage":"fr-FR","potentialAction":[{"@type":"CommentAction","name":"Comment","target":["https:\/\/lasentinelle.dz\/index.php\/2022\/11\/30\/le-president-de-la-republique-recoit-les-historiens-membres-de-la-commission-mixte-algero-francaise-le-dossier-de-la-memoire-relance\/#respond"]}]},{"@type":"WebPage","@id":"https:\/\/lasentinelle.dz\/index.php\/2022\/11\/30\/le-president-de-la-republique-recoit-les-historiens-membres-de-la-commission-mixte-algero-francaise-le-dossier-de-la-memoire-relance\/","url":"https:\/\/lasentinelle.dz\/index.php\/2022\/11\/30\/le-president-de-la-republique-recoit-les-historiens-membres-de-la-commission-mixte-algero-francaise-le-dossier-de-la-memoire-relance\/","name":"Le pr\u00e9sident de la R\u00e9publique re\u00e7oit les historiens membres de la commission mixte alg\u00e9ro-fran\u00e7aise\u00a0: Le dossier de la m\u00e9moire relanc\u00e9 - La Sentinelle","isPartOf":{"@id":"https:\/\/lasentinelle.dz\/#website"},"primaryImageOfPage":{"@id":"https:\/\/lasentinelle.dz\/index.php\/2022\/11\/30\/le-president-de-la-republique-recoit-les-historiens-membres-de-la-commission-mixte-algero-francaise-le-dossier-de-la-memoire-relance\/#primaryimage"},"image":{"@id":"https:\/\/lasentinelle.dz\/index.php\/2022\/11\/30\/le-president-de-la-republique-recoit-les-historiens-membres-de-la-commission-mixte-algero-francaise-le-dossier-de-la-memoire-relance\/#primaryimage"},"thumbnailUrl":"https:\/\/lasentinelle.dz\/wp-content\/uploads\/2022\/11\/macron-tebboune.png","datePublished":"2022-11-30T21:17:00+00:00","breadcrumb":{"@id":"https:\/\/lasentinelle.dz\/index.php\/2022\/11\/30\/le-president-de-la-republique-recoit-les-historiens-membres-de-la-commission-mixte-algero-francaise-le-dossier-de-la-memoire-relance\/#breadcrumb"},"inLanguage":"fr-FR","potentialAction":[{"@type":"ReadAction","target":["https:\/\/lasentinelle.dz\/index.php\/2022\/11\/30\/le-president-de-la-republique-recoit-les-historiens-membres-de-la-commission-mixte-algero-francaise-le-dossier-de-la-memoire-relance\/"]}]},{"@type":"ImageObject","inLanguage":"fr-FR","@id":"https:\/\/lasentinelle.dz\/index.php\/2022\/11\/30\/le-president-de-la-republique-recoit-les-historiens-membres-de-la-commission-mixte-algero-francaise-le-dossier-de-la-memoire-relance\/#primaryimage","url":"https:\/\/lasentinelle.dz\/wp-content\/uploads\/2022\/11\/macron-tebboune.png","contentUrl":"https:\/\/lasentinelle.dz\/wp-content\/uploads\/2022\/11\/macron-tebboune.png","width":1593,"height":900},{"@type":"BreadcrumbList","@id":"https:\/\/lasentinelle.dz\/index.php\/2022\/11\/30\/le-president-de-la-republique-recoit-les-historiens-membres-de-la-commission-mixte-algero-francaise-le-dossier-de-la-memoire-relance\/#breadcrumb","itemListElement":[{"@type":"ListItem","position":1,"name":"Accueil","item":"https:\/\/lasentinelle.dz\/"},{"@type":"ListItem","position":2,"name":"Le pr\u00e9sident de la R\u00e9publique re\u00e7oit les historiens membres de la commission mixte alg\u00e9ro-fran\u00e7aise\u00a0: Le dossier de la m\u00e9moire relanc\u00e9"}]},{"@type":"WebSite","@id":"https:\/\/lasentinelle.dz\/#website","url":"https:\/\/lasentinelle.dz\/","name":"La Sentinelle","description":"Quotidien national d&#039;information","publisher":{"@id":"https:\/\/lasentinelle.dz\/#organization"},"potentialAction":[{"@type":"SearchAction","target":{"@type":"EntryPoint","urlTemplate":"https:\/\/lasentinelle.dz\/?s={search_term_string}"},"query-input":{"@type":"PropertyValueSpecification","valueRequired":true,"valueName":"search_term_string"}}],"inLanguage":"fr-FR"},{"@type":"Organization","@id":"https:\/\/lasentinelle.dz\/#organization","name":"Quotidien La Sentinelle","url":"https:\/\/lasentinelle.dz\/","logo":{"@type":"ImageObject","inLanguage":"fr-FR","@id":"https:\/\/lasentinelle.dz\/#\/schema\/logo\/image\/","url":"https:\/\/lasentinelle.dz\/wp-content\/uploads\/2021\/09\/logo-sentinelleSLOGAN-1.png","contentUrl":"https:\/\/lasentinelle.dz\/wp-content\/uploads\/2021\/09\/logo-sentinelleSLOGAN-1.png","width":615,"height":142,"caption":"Quotidien La Sentinelle"},"image":{"@id":"https:\/\/lasentinelle.dz\/#\/schema\/logo\/image\/"},"sameAs":["https:\/\/www.facebook.com\/La-Sentinelle-104059864394773"]},{"@type":"Person","@id":"https:\/\/lasentinelle.dz\/#\/schema\/person\/d865044e22e70a75174ce8bcad3acfb3","name":"La Sentinelle","image":{"@type":"ImageObject","inLanguage":"fr-FR","@id":"https:\/\/secure.gravatar.com\/avatar\/57de8e5d4b15d43fb361a71fbb36338450fe67865b528a43dd10ef7c51a20392?s=96&d=mm&r=g","url":"https:\/\/secure.gravatar.com\/avatar\/57de8e5d4b15d43fb361a71fbb36338450fe67865b528a43dd10ef7c51a20392?s=96&d=mm&r=g","contentUrl":"https:\/\/secure.gravatar.com\/avatar\/57de8e5d4b15d43fb361a71fbb36338450fe67865b528a43dd10ef7c51a20392?s=96&d=mm&r=g","caption":"La Sentinelle"},"sameAs":["http:\/\/www.lasentinelle.dz"],"url":"https:\/\/lasentinelle.dz\/author\/redaction\/"}]}},"_links":{"self":[{"href":"https:\/\/lasentinelle.dz\/index.php\/wp-json\/wp\/v2\/posts\/31878","targetHints":{"allow":["GET"]}}],"collection":[{"href":"https:\/\/lasentinelle.dz\/index.php\/wp-json\/wp\/v2\/posts"}],"about":[{"href":"https:\/\/lasentinelle.dz\/index.php\/wp-json\/wp\/v2\/types\/post"}],"author":[{"embeddable":true,"href":"https:\/\/lasentinelle.dz\/index.php\/wp-json\/wp\/v2\/users\/3"}],"replies":[{"embeddable":true,"href":"https:\/\/lasentinelle.dz\/index.php\/wp-json\/wp\/v2\/comments?post=31878"}],"version-history":[{"count":1,"href":"https:\/\/lasentinelle.dz\/index.php\/wp-json\/wp\/v2\/posts\/31878\/revisions"}],"predecessor-version":[{"id":31896,"href":"https:\/\/lasentinelle.dz\/index.php\/wp-json\/wp\/v2\/posts\/31878\/revisions\/31896"}],"wp:featuredmedia":[{"embeddable":true,"href":"https:\/\/lasentinelle.dz\/index.php\/wp-json\/wp\/v2\/media\/31895"}],"wp:attachment":[{"href":"https:\/\/lasentinelle.dz\/index.php\/wp-json\/wp\/v2\/media?parent=31878"}],"wp:term":[{"taxonomy":"category","embeddable":true,"href":"https:\/\/lasentinelle.dz\/index.php\/wp-json\/wp\/v2\/categories?post=31878"},{"taxonomy":"post_tag","embeddable":true,"href":"https:\/\/lasentinelle.dz\/index.php\/wp-json\/wp\/v2\/tags?post=31878"}],"curies":[{"name":"wp","href":"https:\/\/api.w.org\/{rel}","templated":true}]}}