{"id":31901,"date":"2022-12-03T22:00:00","date_gmt":"2022-12-03T21:00:00","guid":{"rendered":"https:\/\/lasentinelle.dz\/?p=31901"},"modified":"2022-12-03T17:30:01","modified_gmt":"2022-12-03T16:30:01","slug":"afrique-du-sud-lanc-se-reunit-pour-evoquer-lavenir-de-ramaphosa","status":"publish","type":"post","link":"https:\/\/lasentinelle.dz\/index.php\/2022\/12\/03\/afrique-du-sud-lanc-se-reunit-pour-evoquer-lavenir-de-ramaphosa\/","title":{"rendered":"Afrique du Sud\u00a0: L&rsquo;ANC se r\u00e9unit pour \u00e9voquer l&rsquo;avenir de Ramaphosa"},"content":{"rendered":"\n<p>Le Congr\u00e8s national africain (ANC), au pouvoir en Afrique du Sud depuis la fin de l&rsquo;apartheid, pr\u00e9voit de se r\u00e9unir une nouvelle fois ce dimanche pour discuter de l&rsquo;avenir du pr\u00e9sident Cyril Ramaphosa, entach\u00e9 par un scandale.<\/p>\n\n\n\n<p>Le tout-puissant Comit\u00e9 ex\u00e9cutif national (NEC) \u00e0 la t\u00eate du parti s&rsquo;\u00e9tait&nbsp; d\u00e9j\u00e0 tr\u00e8s bri\u00e8vement retrouv\u00e9 vendredi \u00e0 Johannesburg, avant d&rsquo;expliquer \u00e0 la presse vouloir d&rsquo;abord examiner de plus pr\u00e8s les faits dans l&rsquo;affaire visant le pr\u00e9sident. Il se r\u00e9unira de nouveau dimanche \u00e0 12h00 GMT, a annonc\u00e9 hier le parti dans un bref communiqu\u00e9. Depuis juin, M. Ramaphosa est g\u00ean\u00e9 par le d\u00e9voilement d&rsquo;un cambriolage en f\u00e9vrier 2020 dans l&rsquo;une de ses luxueuses propri\u00e9t\u00e9s, qui a r\u00e9v\u00e9l\u00e9 la pr\u00e9sence de 580.000 dollars en liquide camoufl\u00e9s sous les coussins d&rsquo;un canap\u00e9. Le pr\u00e9sident, qui a amass\u00e9 une immense fortune avant de revenir \u00e0 la politique et qui se passionne pour le b\u00e9tail, pr\u00e9tend que ces sommes sont li\u00e9es \u00e0 la vente de vingt buffles \u00e0 un homme d&rsquo;affaire soudanais.&nbsp; Mais une commission parlementaire a estim\u00e9 mercredi qu&rsquo;il \u00ab a pu commettre \u00bb des actes contraires \u00e0 la loi et la Constitution, ouvrant la voie \u00e0 une proc\u00e9dure de destitution qui pourrait \u00eatre vot\u00e9e mardi au Parlement. Samedi, la presse sud-africaine restait confiante sur les chances de M. Ramaphosa, pr\u00e9sident tr\u00e8s populaire aupr\u00e8s de l&rsquo;opinion &#8211; bien plus que son parti, de se maintenir \u00e0 son poste, ayant re\u00e7u ces derniers jours de nombreux soutiens au sein de l&rsquo;ANC et au-del\u00e0. Majoritaire au Parlement depuis 1994, l&rsquo;ANC, un parti plomb\u00e9 par la corruption et une guerre de factions, choisit le chef de l&rsquo;Etat depuis l&rsquo;av\u00e8nement de la d\u00e9mocratie sud-africaine. Une enqu\u00eate de police se poursuit au sujet de l&rsquo;affaire de Phala-Phala, du nom de la propri\u00e9t\u00e9 de M. Ramaphosa.&nbsp;<\/p>\n\n\n\n<p>R.I.<\/p>\n","protected":false},"excerpt":{"rendered":"<p>Le Congr\u00e8s national africain (ANC), au pouvoir en Afrique du Sud depuis la fin de l&rsquo;apartheid, pr\u00e9voit de se r\u00e9unir<\/p>\n","protected":false},"author":3,"featured_media":31908,"comment_status":"open","ping_status":"closed","sticky":false,"template":"","format":"standard","meta":{"colormag_page_container_layout":"default_layout","colormag_page_sidebar_layout":"default_layout","om_disable_all_campaigns":false,"_monsterinsights_skip_tracking":false,"_monsterinsights_sitenote_active":false,"_monsterinsights_sitenote_note":"","_monsterinsights_sitenote_category":0,"footnotes":"","_wpscppro_dont_share_socialmedia":false,"_wpscppro_custom_social_share_image":0,"_facebook_share_type":"","_twitter_share_type":"","_linkedin_share_type":"","_pinterest_share_type":"","_linkedin_share_type_page":"","_instagram_share_type":"","_medium_share_type":"","_threads_share_type":"","_google_business_share_type":"","_selected_social_profile":[],"_wpsp_enable_custom_social_template":false,"_wpsp_social_scheduling":{"enabled":false,"datetime":null,"platforms":[],"status":"template_only","dateOption":"today","timeOption":"now","customDays":"","customHours":"","customDate":"","customTime":"","schedulingType":"absolute"},"_wpsp_active_default_template":true},"categories":[37],"tags":[],"class_list":["post-31901","post","type-post","status-publish","format-standard","has-post-thumbnail","hentry","category-monde"],"aioseo_notices":[],"yoast_head":"<!-- This site is optimized with the Yoast SEO plugin v27.5 - https:\/\/yoast.com\/product\/yoast-seo-wordpress\/ -->\n<title>Afrique du Sud\u00a0: L&rsquo;ANC se r\u00e9unit pour \u00e9voquer l&rsquo;avenir de Ramaphosa - La Sentinelle<\/title>\n<meta name=\"robots\" content=\"index, follow, max-snippet:-1, max-image-preview:large, max-video-preview:-1\" \/>\n<link rel=\"canonical\" href=\"https:\/\/lasentinelle.dz\/index.php\/2022\/12\/03\/afrique-du-sud-lanc-se-reunit-pour-evoquer-lavenir-de-ramaphosa\/\" \/>\n<meta property=\"og:locale\" content=\"fr_FR\" \/>\n<meta property=\"og:type\" content=\"article\" \/>\n<meta property=\"og:title\" content=\"Afrique du Sud\u00a0: L&rsquo;ANC se r\u00e9unit pour \u00e9voquer l&rsquo;avenir de Ramaphosa - La Sentinelle\" \/>\n<meta property=\"og:description\" content=\"Le Congr\u00e8s national africain (ANC), au pouvoir en Afrique du Sud depuis la fin de l&rsquo;apartheid, pr\u00e9voit de se r\u00e9unir\" \/>\n<meta property=\"og:url\" content=\"https:\/\/lasentinelle.dz\/index.php\/2022\/12\/03\/afrique-du-sud-lanc-se-reunit-pour-evoquer-lavenir-de-ramaphosa\/\" \/>\n<meta property=\"og:site_name\" content=\"La Sentinelle\" \/>\n<meta property=\"article:publisher\" content=\"https:\/\/www.facebook.com\/La-Sentinelle-104059864394773\" \/>\n<meta property=\"article:published_time\" content=\"2022-12-03T21:00:00+00:00\" \/>\n<meta property=\"og:image\" content=\"https:\/\/lasentinelle.dz\/wp-content\/uploads\/2022\/12\/Ramaphosa.png\" \/>\n\t<meta property=\"og:image:width\" content=\"1600\" \/>\n\t<meta property=\"og:image:height\" content=\"900\" \/>\n\t<meta property=\"og:image:type\" content=\"image\/png\" \/>\n<meta name=\"author\" content=\"La Sentinelle\" \/>\n<meta name=\"twitter:card\" content=\"summary_large_image\" \/>\n<meta name=\"twitter:label1\" content=\"\u00c9crit par\" \/>\n\t<meta name=\"twitter:data1\" content=\"La Sentinelle\" \/>\n\t<meta name=\"twitter:label2\" content=\"Dur\u00e9e de lecture estim\u00e9e\" \/>\n\t<meta name=\"twitter:data2\" content=\"2 minutes\" \/>\n<script type=\"application\/ld+json\" class=\"yoast-schema-graph\">{\"@context\":\"https:\\\/\\\/schema.org\",\"@graph\":[{\"@type\":\"Article\",\"@id\":\"https:\\\/\\\/lasentinelle.dz\\\/index.php\\\/2022\\\/12\\\/03\\\/afrique-du-sud-lanc-se-reunit-pour-evoquer-lavenir-de-ramaphosa\\\/#article\",\"isPartOf\":{\"@id\":\"https:\\\/\\\/lasentinelle.dz\\\/index.php\\\/2022\\\/12\\\/03\\\/afrique-du-sud-lanc-se-reunit-pour-evoquer-lavenir-de-ramaphosa\\\/\"},\"author\":{\"name\":\"La Sentinelle\",\"@id\":\"https:\\\/\\\/lasentinelle.dz\\\/#\\\/schema\\\/person\\\/d865044e22e70a75174ce8bcad3acfb3\"},\"headline\":\"Afrique du Sud\u00a0: L&rsquo;ANC se r\u00e9unit pour \u00e9voquer l&rsquo;avenir de Ramaphosa\",\"datePublished\":\"2022-12-03T21:00:00+00:00\",\"mainEntityOfPage\":{\"@id\":\"https:\\\/\\\/lasentinelle.dz\\\/index.php\\\/2022\\\/12\\\/03\\\/afrique-du-sud-lanc-se-reunit-pour-evoquer-lavenir-de-ramaphosa\\\/\"},\"wordCount\":353,\"commentCount\":0,\"publisher\":{\"@id\":\"https:\\\/\\\/lasentinelle.dz\\\/#organization\"},\"image\":{\"@id\":\"https:\\\/\\\/lasentinelle.dz\\\/index.php\\\/2022\\\/12\\\/03\\\/afrique-du-sud-lanc-se-reunit-pour-evoquer-lavenir-de-ramaphosa\\\/#primaryimage\"},\"thumbnailUrl\":\"https:\\\/\\\/lasentinelle.dz\\\/wp-content\\\/uploads\\\/2022\\\/12\\\/Ramaphosa.png\",\"articleSection\":[\"Monde\"],\"inLanguage\":\"fr-FR\",\"potentialAction\":[{\"@type\":\"CommentAction\",\"name\":\"Comment\",\"target\":[\"https:\\\/\\\/lasentinelle.dz\\\/index.php\\\/2022\\\/12\\\/03\\\/afrique-du-sud-lanc-se-reunit-pour-evoquer-lavenir-de-ramaphosa\\\/#respond\"]}]},{\"@type\":\"WebPage\",\"@id\":\"https:\\\/\\\/lasentinelle.dz\\\/index.php\\\/2022\\\/12\\\/03\\\/afrique-du-sud-lanc-se-reunit-pour-evoquer-lavenir-de-ramaphosa\\\/\",\"url\":\"https:\\\/\\\/lasentinelle.dz\\\/index.php\\\/2022\\\/12\\\/03\\\/afrique-du-sud-lanc-se-reunit-pour-evoquer-lavenir-de-ramaphosa\\\/\",\"name\":\"Afrique du Sud\u00a0: L&rsquo;ANC se r\u00e9unit pour \u00e9voquer l&rsquo;avenir de Ramaphosa - La Sentinelle\",\"isPartOf\":{\"@id\":\"https:\\\/\\\/lasentinelle.dz\\\/#website\"},\"primaryImageOfPage\":{\"@id\":\"https:\\\/\\\/lasentinelle.dz\\\/index.php\\\/2022\\\/12\\\/03\\\/afrique-du-sud-lanc-se-reunit-pour-evoquer-lavenir-de-ramaphosa\\\/#primaryimage\"},\"image\":{\"@id\":\"https:\\\/\\\/lasentinelle.dz\\\/index.php\\\/2022\\\/12\\\/03\\\/afrique-du-sud-lanc-se-reunit-pour-evoquer-lavenir-de-ramaphosa\\\/#primaryimage\"},\"thumbnailUrl\":\"https:\\\/\\\/lasentinelle.dz\\\/wp-content\\\/uploads\\\/2022\\\/12\\\/Ramaphosa.png\",\"datePublished\":\"2022-12-03T21:00:00+00:00\",\"breadcrumb\":{\"@id\":\"https:\\\/\\\/lasentinelle.dz\\\/index.php\\\/2022\\\/12\\\/03\\\/afrique-du-sud-lanc-se-reunit-pour-evoquer-lavenir-de-ramaphosa\\\/#breadcrumb\"},\"inLanguage\":\"fr-FR\",\"potentialAction\":[{\"@type\":\"ReadAction\",\"target\":[\"https:\\\/\\\/lasentinelle.dz\\\/index.php\\\/2022\\\/12\\\/03\\\/afrique-du-sud-lanc-se-reunit-pour-evoquer-lavenir-de-ramaphosa\\\/\"]}]},{\"@type\":\"ImageObject\",\"inLanguage\":\"fr-FR\",\"@id\":\"https:\\\/\\\/lasentinelle.dz\\\/index.php\\\/2022\\\/12\\\/03\\\/afrique-du-sud-lanc-se-reunit-pour-evoquer-lavenir-de-ramaphosa\\\/#primaryimage\",\"url\":\"https:\\\/\\\/lasentinelle.dz\\\/wp-content\\\/uploads\\\/2022\\\/12\\\/Ramaphosa.png\",\"contentUrl\":\"https:\\\/\\\/lasentinelle.dz\\\/wp-content\\\/uploads\\\/2022\\\/12\\\/Ramaphosa.png\",\"width\":1600,\"height\":900},{\"@type\":\"BreadcrumbList\",\"@id\":\"https:\\\/\\\/lasentinelle.dz\\\/index.php\\\/2022\\\/12\\\/03\\\/afrique-du-sud-lanc-se-reunit-pour-evoquer-lavenir-de-ramaphosa\\\/#breadcrumb\",\"itemListElement\":[{\"@type\":\"ListItem\",\"position\":1,\"name\":\"Accueil\",\"item\":\"https:\\\/\\\/lasentinelle.dz\\\/\"},{\"@type\":\"ListItem\",\"position\":2,\"name\":\"Afrique du Sud\u00a0: L&rsquo;ANC se r\u00e9unit pour \u00e9voquer l&rsquo;avenir de Ramaphosa\"}]},{\"@type\":\"WebSite\",\"@id\":\"https:\\\/\\\/lasentinelle.dz\\\/#website\",\"url\":\"https:\\\/\\\/lasentinelle.dz\\\/\",\"name\":\"La Sentinelle\",\"description\":\"Quotidien national d&#039;information\",\"publisher\":{\"@id\":\"https:\\\/\\\/lasentinelle.dz\\\/#organization\"},\"potentialAction\":[{\"@type\":\"SearchAction\",\"target\":{\"@type\":\"EntryPoint\",\"urlTemplate\":\"https:\\\/\\\/lasentinelle.dz\\\/?s={search_term_string}\"},\"query-input\":{\"@type\":\"PropertyValueSpecification\",\"valueRequired\":true,\"valueName\":\"search_term_string\"}}],\"inLanguage\":\"fr-FR\"},{\"@type\":\"Organization\",\"@id\":\"https:\\\/\\\/lasentinelle.dz\\\/#organization\",\"name\":\"Quotidien La Sentinelle\",\"url\":\"https:\\\/\\\/lasentinelle.dz\\\/\",\"logo\":{\"@type\":\"ImageObject\",\"inLanguage\":\"fr-FR\",\"@id\":\"https:\\\/\\\/lasentinelle.dz\\\/#\\\/schema\\\/logo\\\/image\\\/\",\"url\":\"https:\\\/\\\/lasentinelle.dz\\\/wp-content\\\/uploads\\\/2021\\\/09\\\/logo-sentinelleSLOGAN-1.png\",\"contentUrl\":\"https:\\\/\\\/lasentinelle.dz\\\/wp-content\\\/uploads\\\/2021\\\/09\\\/logo-sentinelleSLOGAN-1.png\",\"width\":615,\"height\":142,\"caption\":\"Quotidien La Sentinelle\"},\"image\":{\"@id\":\"https:\\\/\\\/lasentinelle.dz\\\/#\\\/schema\\\/logo\\\/image\\\/\"},\"sameAs\":[\"https:\\\/\\\/www.facebook.com\\\/La-Sentinelle-104059864394773\"]},{\"@type\":\"Person\",\"@id\":\"https:\\\/\\\/lasentinelle.dz\\\/#\\\/schema\\\/person\\\/d865044e22e70a75174ce8bcad3acfb3\",\"name\":\"La Sentinelle\",\"image\":{\"@type\":\"ImageObject\",\"inLanguage\":\"fr-FR\",\"@id\":\"https:\\\/\\\/secure.gravatar.com\\\/avatar\\\/57de8e5d4b15d43fb361a71fbb36338450fe67865b528a43dd10ef7c51a20392?s=96&d=mm&r=g\",\"url\":\"https:\\\/\\\/secure.gravatar.com\\\/avatar\\\/57de8e5d4b15d43fb361a71fbb36338450fe67865b528a43dd10ef7c51a20392?s=96&d=mm&r=g\",\"contentUrl\":\"https:\\\/\\\/secure.gravatar.com\\\/avatar\\\/57de8e5d4b15d43fb361a71fbb36338450fe67865b528a43dd10ef7c51a20392?s=96&d=mm&r=g\",\"caption\":\"La Sentinelle\"},\"sameAs\":[\"http:\\\/\\\/www.lasentinelle.dz\"],\"url\":\"https:\\\/\\\/lasentinelle.dz\\\/author\\\/redaction\\\/\"}]}<\/script>\n<!-- \/ Yoast SEO plugin. -->","yoast_head_json":{"title":"Afrique du Sud\u00a0: L&rsquo;ANC se r\u00e9unit pour \u00e9voquer l&rsquo;avenir de Ramaphosa - La Sentinelle","robots":{"index":"index","follow":"follow","max-snippet":"max-snippet:-1","max-image-preview":"max-image-preview:large","max-video-preview":"max-video-preview:-1"},"canonical":"https:\/\/lasentinelle.dz\/index.php\/2022\/12\/03\/afrique-du-sud-lanc-se-reunit-pour-evoquer-lavenir-de-ramaphosa\/","og_locale":"fr_FR","og_type":"article","og_title":"Afrique du Sud\u00a0: L&rsquo;ANC se r\u00e9unit pour \u00e9voquer l&rsquo;avenir de Ramaphosa - La Sentinelle","og_description":"Le Congr\u00e8s national africain (ANC), au pouvoir en Afrique du Sud depuis la fin de l&rsquo;apartheid, pr\u00e9voit de se r\u00e9unir","og_url":"https:\/\/lasentinelle.dz\/index.php\/2022\/12\/03\/afrique-du-sud-lanc-se-reunit-pour-evoquer-lavenir-de-ramaphosa\/","og_site_name":"La Sentinelle","article_publisher":"https:\/\/www.facebook.com\/La-Sentinelle-104059864394773","article_published_time":"2022-12-03T21:00:00+00:00","og_image":[{"width":1600,"height":900,"url":"https:\/\/lasentinelle.dz\/wp-content\/uploads\/2022\/12\/Ramaphosa.png","type":"image\/png"}],"author":"La Sentinelle","twitter_card":"summary_large_image","twitter_misc":{"\u00c9crit par":"La Sentinelle","Dur\u00e9e de lecture estim\u00e9e":"2 minutes"},"schema":{"@context":"https:\/\/schema.org","@graph":[{"@type":"Article","@id":"https:\/\/lasentinelle.dz\/index.php\/2022\/12\/03\/afrique-du-sud-lanc-se-reunit-pour-evoquer-lavenir-de-ramaphosa\/#article","isPartOf":{"@id":"https:\/\/lasentinelle.dz\/index.php\/2022\/12\/03\/afrique-du-sud-lanc-se-reunit-pour-evoquer-lavenir-de-ramaphosa\/"},"author":{"name":"La Sentinelle","@id":"https:\/\/lasentinelle.dz\/#\/schema\/person\/d865044e22e70a75174ce8bcad3acfb3"},"headline":"Afrique du Sud\u00a0: L&rsquo;ANC se r\u00e9unit pour \u00e9voquer l&rsquo;avenir de Ramaphosa","datePublished":"2022-12-03T21:00:00+00:00","mainEntityOfPage":{"@id":"https:\/\/lasentinelle.dz\/index.php\/2022\/12\/03\/afrique-du-sud-lanc-se-reunit-pour-evoquer-lavenir-de-ramaphosa\/"},"wordCount":353,"commentCount":0,"publisher":{"@id":"https:\/\/lasentinelle.dz\/#organization"},"image":{"@id":"https:\/\/lasentinelle.dz\/index.php\/2022\/12\/03\/afrique-du-sud-lanc-se-reunit-pour-evoquer-lavenir-de-ramaphosa\/#primaryimage"},"thumbnailUrl":"https:\/\/lasentinelle.dz\/wp-content\/uploads\/2022\/12\/Ramaphosa.png","articleSection":["Monde"],"inLanguage":"fr-FR","potentialAction":[{"@type":"CommentAction","name":"Comment","target":["https:\/\/lasentinelle.dz\/index.php\/2022\/12\/03\/afrique-du-sud-lanc-se-reunit-pour-evoquer-lavenir-de-ramaphosa\/#respond"]}]},{"@type":"WebPage","@id":"https:\/\/lasentinelle.dz\/index.php\/2022\/12\/03\/afrique-du-sud-lanc-se-reunit-pour-evoquer-lavenir-de-ramaphosa\/","url":"https:\/\/lasentinelle.dz\/index.php\/2022\/12\/03\/afrique-du-sud-lanc-se-reunit-pour-evoquer-lavenir-de-ramaphosa\/","name":"Afrique du Sud\u00a0: L&rsquo;ANC se r\u00e9unit pour \u00e9voquer l&rsquo;avenir de Ramaphosa - La Sentinelle","isPartOf":{"@id":"https:\/\/lasentinelle.dz\/#website"},"primaryImageOfPage":{"@id":"https:\/\/lasentinelle.dz\/index.php\/2022\/12\/03\/afrique-du-sud-lanc-se-reunit-pour-evoquer-lavenir-de-ramaphosa\/#primaryimage"},"image":{"@id":"https:\/\/lasentinelle.dz\/index.php\/2022\/12\/03\/afrique-du-sud-lanc-se-reunit-pour-evoquer-lavenir-de-ramaphosa\/#primaryimage"},"thumbnailUrl":"https:\/\/lasentinelle.dz\/wp-content\/uploads\/2022\/12\/Ramaphosa.png","datePublished":"2022-12-03T21:00:00+00:00","breadcrumb":{"@id":"https:\/\/lasentinelle.dz\/index.php\/2022\/12\/03\/afrique-du-sud-lanc-se-reunit-pour-evoquer-lavenir-de-ramaphosa\/#breadcrumb"},"inLanguage":"fr-FR","potentialAction":[{"@type":"ReadAction","target":["https:\/\/lasentinelle.dz\/index.php\/2022\/12\/03\/afrique-du-sud-lanc-se-reunit-pour-evoquer-lavenir-de-ramaphosa\/"]}]},{"@type":"ImageObject","inLanguage":"fr-FR","@id":"https:\/\/lasentinelle.dz\/index.php\/2022\/12\/03\/afrique-du-sud-lanc-se-reunit-pour-evoquer-lavenir-de-ramaphosa\/#primaryimage","url":"https:\/\/lasentinelle.dz\/wp-content\/uploads\/2022\/12\/Ramaphosa.png","contentUrl":"https:\/\/lasentinelle.dz\/wp-content\/uploads\/2022\/12\/Ramaphosa.png","width":1600,"height":900},{"@type":"BreadcrumbList","@id":"https:\/\/lasentinelle.dz\/index.php\/2022\/12\/03\/afrique-du-sud-lanc-se-reunit-pour-evoquer-lavenir-de-ramaphosa\/#breadcrumb","itemListElement":[{"@type":"ListItem","position":1,"name":"Accueil","item":"https:\/\/lasentinelle.dz\/"},{"@type":"ListItem","position":2,"name":"Afrique du Sud\u00a0: L&rsquo;ANC se r\u00e9unit pour \u00e9voquer l&rsquo;avenir de Ramaphosa"}]},{"@type":"WebSite","@id":"https:\/\/lasentinelle.dz\/#website","url":"https:\/\/lasentinelle.dz\/","name":"La Sentinelle","description":"Quotidien national d&#039;information","publisher":{"@id":"https:\/\/lasentinelle.dz\/#organization"},"potentialAction":[{"@type":"SearchAction","target":{"@type":"EntryPoint","urlTemplate":"https:\/\/lasentinelle.dz\/?s={search_term_string}"},"query-input":{"@type":"PropertyValueSpecification","valueRequired":true,"valueName":"search_term_string"}}],"inLanguage":"fr-FR"},{"@type":"Organization","@id":"https:\/\/lasentinelle.dz\/#organization","name":"Quotidien La Sentinelle","url":"https:\/\/lasentinelle.dz\/","logo":{"@type":"ImageObject","inLanguage":"fr-FR","@id":"https:\/\/lasentinelle.dz\/#\/schema\/logo\/image\/","url":"https:\/\/lasentinelle.dz\/wp-content\/uploads\/2021\/09\/logo-sentinelleSLOGAN-1.png","contentUrl":"https:\/\/lasentinelle.dz\/wp-content\/uploads\/2021\/09\/logo-sentinelleSLOGAN-1.png","width":615,"height":142,"caption":"Quotidien La Sentinelle"},"image":{"@id":"https:\/\/lasentinelle.dz\/#\/schema\/logo\/image\/"},"sameAs":["https:\/\/www.facebook.com\/La-Sentinelle-104059864394773"]},{"@type":"Person","@id":"https:\/\/lasentinelle.dz\/#\/schema\/person\/d865044e22e70a75174ce8bcad3acfb3","name":"La Sentinelle","image":{"@type":"ImageObject","inLanguage":"fr-FR","@id":"https:\/\/secure.gravatar.com\/avatar\/57de8e5d4b15d43fb361a71fbb36338450fe67865b528a43dd10ef7c51a20392?s=96&d=mm&r=g","url":"https:\/\/secure.gravatar.com\/avatar\/57de8e5d4b15d43fb361a71fbb36338450fe67865b528a43dd10ef7c51a20392?s=96&d=mm&r=g","contentUrl":"https:\/\/secure.gravatar.com\/avatar\/57de8e5d4b15d43fb361a71fbb36338450fe67865b528a43dd10ef7c51a20392?s=96&d=mm&r=g","caption":"La Sentinelle"},"sameAs":["http:\/\/www.lasentinelle.dz"],"url":"https:\/\/lasentinelle.dz\/author\/redaction\/"}]}},"_links":{"self":[{"href":"https:\/\/lasentinelle.dz\/index.php\/wp-json\/wp\/v2\/posts\/31901","targetHints":{"allow":["GET"]}}],"collection":[{"href":"https:\/\/lasentinelle.dz\/index.php\/wp-json\/wp\/v2\/posts"}],"about":[{"href":"https:\/\/lasentinelle.dz\/index.php\/wp-json\/wp\/v2\/types\/post"}],"author":[{"embeddable":true,"href":"https:\/\/lasentinelle.dz\/index.php\/wp-json\/wp\/v2\/users\/3"}],"replies":[{"embeddable":true,"href":"https:\/\/lasentinelle.dz\/index.php\/wp-json\/wp\/v2\/comments?post=31901"}],"version-history":[{"count":1,"href":"https:\/\/lasentinelle.dz\/index.php\/wp-json\/wp\/v2\/posts\/31901\/revisions"}],"predecessor-version":[{"id":31914,"href":"https:\/\/lasentinelle.dz\/index.php\/wp-json\/wp\/v2\/posts\/31901\/revisions\/31914"}],"wp:featuredmedia":[{"embeddable":true,"href":"https:\/\/lasentinelle.dz\/index.php\/wp-json\/wp\/v2\/media\/31908"}],"wp:attachment":[{"href":"https:\/\/lasentinelle.dz\/index.php\/wp-json\/wp\/v2\/media?parent=31901"}],"wp:term":[{"taxonomy":"category","embeddable":true,"href":"https:\/\/lasentinelle.dz\/index.php\/wp-json\/wp\/v2\/categories?post=31901"},{"taxonomy":"post_tag","embeddable":true,"href":"https:\/\/lasentinelle.dz\/index.php\/wp-json\/wp\/v2\/tags?post=31901"}],"curies":[{"name":"wp","href":"https:\/\/api.w.org\/{rel}","templated":true}]}}