{"id":31903,"date":"2022-12-03T22:00:00","date_gmt":"2022-12-03T21:00:00","guid":{"rendered":"https:\/\/lasentinelle.dz\/?p=31903"},"modified":"2022-12-03T17:27:53","modified_gmt":"2022-12-03T16:27:53","slug":"un-membre-du-pkk-renvoye-a-ankara-la-suede-cede-aux-pressions-de-la-turquie","status":"publish","type":"post","link":"https:\/\/lasentinelle.dz\/index.php\/2022\/12\/03\/un-membre-du-pkk-renvoye-a-ankara-la-suede-cede-aux-pressions-de-la-turquie\/","title":{"rendered":"Un membre du PKK renvoy\u00e9 \u00e0 Ankara\u00a0: La Su\u00e8de c\u00e8de aux pressions de la Turquie"},"content":{"rendered":"\n<p class=\"wp-block-paragraph\">Un membre du PKK, le Parti des travailleurs du Kurdistan, condamn\u00e9 en Turquie, a \u00e9t\u00e9 expuls\u00e9 de Su\u00e8de et est arriv\u00e9 dans la nuit de vendredi \u00e0 samedi \u00e0 Istanbul, ont annonc\u00e9 hier les m\u00e9dias turcs.&nbsp; Selon l&rsquo;agence officielle Anadolu, Mahmut Tat avait \u00e9t\u00e9 condamn\u00e9 en Turquie \u00e0 six ans et dix mois de prison pour appartenance au PKK, organisation consid\u00e9r\u00e9e comme terroriste par Ankara et l&rsquo;Union europ\u00e9enne (UE). \u00ab Arr\u00eat\u00e9 par la police su\u00e9doise et plac\u00e9 dans un centre de d\u00e9tention \u00e0&nbsp;&nbsp; M\u00f6lndal, il a \u00e9t\u00e9 renvoy\u00e9 en Turquie par avion \u00bb, rapporte l&rsquo;agence.Selon le quotidien pro-gouvernemental Sabah et la cha\u00eene de t\u00e9l\u00e9vision priv\u00e9e NTV, M. Tat a \u00e9t\u00e9 d\u00e8s hier pr\u00e9sent\u00e9 \u00e0 un tribunal d&rsquo;Istanbul.&nbsp; Anadolu affirme que l&rsquo;homme, arriv\u00e9 en Su\u00e8de en 2015 pour \u00e9chapper \u00e0 sa peine, y avait d\u00e9pos\u00e9 une demande d&rsquo;asile mais que celle-ci \u00ab a \u00e9t\u00e9 rejet\u00e9e \u00bb.&nbsp; Le sort de certains ressortissants kurdes de Turquie exil\u00e9s ou r\u00e9fugi\u00e9s en Su\u00e8de et, dans une moindre mesure, en Finlande, est au c\u0153ur des discussions avec Ankara pour l&rsquo;entr\u00e9e des deux pays nordiques dans l&rsquo;Otan.La Turquie bloque l&rsquo;\u00e9largissement de l&rsquo;Alliance atlantique depuis mai en r\u00e9clamant l&rsquo;extradition de plusieurs d&rsquo;entre eux, accus\u00e9s d&rsquo;\u00eatre des sympathisants ou des militants de mouvements kurdes class\u00e9s \u00ab terroristes \u00bb en Turquie ou proches du mouvement g\u00fcleniste, suspect\u00e9 d&rsquo;avoir orchestr\u00e9 la tentative de coup d&rsquo;\u00e9tat de 2016. L&rsquo;arriv\u00e9e d&rsquo;un nouveau gouvernement en Su\u00e8de a cependant r\u00e9cemment d\u00e9tendu les \u00e9changes et, cette semaine, le chef de la diplomatie turque a jug\u00e9 que les&nbsp;&nbsp; deux pays avaient fait \u00ab des pas positifs \u00bb. \u00ab Le nouveau gouvernement en Su\u00e8de est plus d\u00e9termin\u00e9 que le pr\u00e9c\u00e9dent et nous accueillons ceci avec satisfaction \u00bb, a indiqu\u00e9 le ministre Mevlut Cavusoglu. \u00ab Ils ont effectu\u00e9 des changements l\u00e9gislatifs et tout \u00e7a constitue des avanc\u00e9es positives \u00bb, a affirm\u00e9 M. Cavusoglu lors d&rsquo;une conf\u00e9rence de presse \u00e0 Bucarest, en marge de la r\u00e9union des chefs de la diplomatie de l&rsquo;Otan.&nbsp;&nbsp;&nbsp;<\/p>\n\n\n\n<p class=\"wp-block-paragraph\"><strong>K.L. et agences<\/strong><\/p>\n","protected":false},"excerpt":{"rendered":"<p>Un membre du PKK, le Parti des travailleurs du Kurdistan, condamn\u00e9 en Turquie, a \u00e9t\u00e9 expuls\u00e9 de Su\u00e8de et est<\/p>\n","protected":false},"author":3,"featured_media":31910,"comment_status":"open","ping_status":"closed","sticky":false,"template":"","format":"standard","meta":{"colormag_page_container_layout":"default_layout","colormag_page_sidebar_layout":"default_layout","om_disable_all_campaigns":false,"_monsterinsights_skip_tracking":false,"footnotes":"","_wpscppro_dont_share_socialmedia":false,"_wpscppro_custom_social_share_image":0,"_facebook_share_type":"","_twitter_share_type":"","_linkedin_share_type":"","_pinterest_share_type":"","_linkedin_share_type_page":"","_instagram_share_type":"","_medium_share_type":"","_threads_share_type":"","_google_business_share_type":"","_bluesky_share_type":"","_mastodon_share_type":"","_selected_social_profile":[],"_wpsp_enable_custom_social_template":false,"_wpsp_social_scheduling":{"enabled":false,"datetime":null,"platforms":[],"status":"template_only","dateOption":"today","timeOption":"now","customDays":"","customHours":"","customDate":"","customTime":"","schedulingType":"absolute"},"_wpsp_active_default_template":true},"categories":[37],"tags":[],"class_list":["post-31903","post","type-post","status-publish","format-standard","has-post-thumbnail","hentry","category-monde"],"aioseo_notices":[],"aioseo_head":"\n\t\t<!-- All in One SEO 5.0.0.1 - aioseo.com -->\n\t<meta name=\"description\" content=\"Un membre du PKK, le Parti des travailleurs du Kurdistan, condamn\u00e9 en Turquie, a \u00e9t\u00e9 expuls\u00e9 de Su\u00e8de et est arriv\u00e9 dans la nuit de vendredi \u00e0 samedi \u00e0 Istanbul, ont annonc\u00e9 hier les m\u00e9dias turcs. Selon l&#039;agence officielle Anadolu, Mahmut Tat avait \u00e9t\u00e9 condamn\u00e9 en Turquie \u00e0 six ans et dix mois de prison\" \/>\n\t<meta name=\"robots\" content=\"max-image-preview:large\" \/>\n\t<meta name=\"author\" content=\"La Sentinelle\"\/>\n\t<link rel=\"canonical\" href=\"https:\/\/lasentinelle.dz\/index.php\/2022\/12\/03\/un-membre-du-pkk-renvoye-a-ankara-la-suede-cede-aux-pressions-de-la-turquie\/\" \/>\n\t<meta name=\"generator\" content=\"All in One SEO (AIOSEO) 5.0.0.1\" \/>\n\t\t<meta property=\"og:locale\" content=\"fr_FR\" \/>\n\t\t<meta property=\"og:site_name\" content=\"La Sentinelle - Quotidien national d&#039;information\" \/>\n\t\t<meta property=\"og:type\" content=\"article\" \/>\n\t\t<meta property=\"og:title\" content=\"Un membre du PKK renvoy\u00e9 \u00e0 Ankara : La Su\u00e8de c\u00e8de aux pressions de la Turquie - La Sentinelle\" \/>\n\t\t<meta property=\"og:description\" content=\"Un membre du PKK, le Parti des travailleurs du Kurdistan, condamn\u00e9 en Turquie, a \u00e9t\u00e9 expuls\u00e9 de Su\u00e8de et est arriv\u00e9 dans la nuit de vendredi \u00e0 samedi \u00e0 Istanbul, ont annonc\u00e9 hier les m\u00e9dias turcs. Selon l&#039;agence officielle Anadolu, Mahmut Tat avait \u00e9t\u00e9 condamn\u00e9 en Turquie \u00e0 six ans et dix mois de prison\" \/>\n\t\t<meta property=\"og:url\" content=\"https:\/\/lasentinelle.dz\/index.php\/2022\/12\/03\/un-membre-du-pkk-renvoye-a-ankara-la-suede-cede-aux-pressions-de-la-turquie\/\" \/>\n\t\t<meta property=\"og:image\" content=\"https:\/\/lasentinelle.dz\/wp-content\/uploads\/2021\/09\/cropped-la-sentinelle-earth-golden-anima-5.gif\" \/>\n\t\t<meta property=\"og:image:secure_url\" content=\"https:\/\/lasentinelle.dz\/wp-content\/uploads\/2021\/09\/cropped-la-sentinelle-earth-golden-anima-5.gif\" \/>\n\t\t<meta property=\"og:image:width\" content=\"450\" \/>\n\t\t<meta property=\"og:image:height\" content=\"213\" \/>\n\t\t<meta property=\"article:published_time\" content=\"2022-12-03T21:00:00+00:00\" \/>\n\t\t<meta property=\"article:modified_time\" content=\"2022-12-03T16:27:53+00:00\" \/>\n\t\t<meta property=\"article:publisher\" content=\"https:\/\/www.facebook.com\/azzedine.lasentinelle.1\" \/>\n\t\t<meta name=\"twitter:card\" content=\"summary_large_image\" \/>\n\t\t<meta name=\"twitter:title\" content=\"Un membre du PKK renvoy\u00e9 \u00e0 Ankara : La Su\u00e8de c\u00e8de aux pressions de la Turquie - La Sentinelle\" \/>\n\t\t<meta name=\"twitter:description\" content=\"Un membre du PKK, le Parti des travailleurs du Kurdistan, condamn\u00e9 en Turquie, a \u00e9t\u00e9 expuls\u00e9 de Su\u00e8de et est arriv\u00e9 dans la nuit de vendredi \u00e0 samedi \u00e0 Istanbul, ont annonc\u00e9 hier les m\u00e9dias turcs. Selon l&#039;agence officielle Anadolu, Mahmut Tat avait \u00e9t\u00e9 condamn\u00e9 en Turquie \u00e0 six ans et dix mois de prison\" \/>\n\t\t<meta name=\"twitter:image\" content=\"https:\/\/lasentinelle.dz\/wp-content\/uploads\/2021\/09\/cropped-la-sentinelle-earth-golden-anima-5.gif\" \/>\n\t\t<script type=\"application\/ld+json\" class=\"aioseo-schema\">\n\t\t\t{\"@context\":\"https:\\\/\\\/schema.org\",\"@graph\":[{\"@type\":\"BlogPosting\",\"@id\":\"https:\\\/\\\/lasentinelle.dz\\\/index.php\\\/2022\\\/12\\\/03\\\/un-membre-du-pkk-renvoye-a-ankara-la-suede-cede-aux-pressions-de-la-turquie\\\/#blogposting\",\"name\":\"Un membre du PKK renvoy\\u00e9 \\u00e0 Ankara : La Su\\u00e8de c\\u00e8de aux pressions de la Turquie - La Sentinelle\",\"headline\":\"Un membre du PKK renvoy\\u00e9 \\u00e0 Ankara\\u00a0: La Su\\u00e8de c\\u00e8de aux pressions de la Turquie\",\"author\":{\"@id\":\"https:\\\/\\\/lasentinelle.dz\\\/author\\\/redaction\\\/#author\"},\"publisher\":{\"@id\":\"https:\\\/\\\/lasentinelle.dz\\\/#organization\"},\"image\":{\"@type\":\"ImageObject\",\"url\":\"https:\\\/\\\/lasentinelle.dz\\\/wp-content\\\/uploads\\\/2022\\\/12\\\/image_2022-12-03_172736845.png\",\"width\":768,\"height\":512},\"datePublished\":\"2022-12-03T22:00:00+01:00\",\"dateModified\":\"2022-12-03T17:27:53+01:00\",\"inLanguage\":\"fr-FR\",\"mainEntityOfPage\":{\"@id\":\"https:\\\/\\\/lasentinelle.dz\\\/index.php\\\/2022\\\/12\\\/03\\\/un-membre-du-pkk-renvoye-a-ankara-la-suede-cede-aux-pressions-de-la-turquie\\\/#webpage\"},\"isPartOf\":{\"@id\":\"https:\\\/\\\/lasentinelle.dz\\\/index.php\\\/2022\\\/12\\\/03\\\/un-membre-du-pkk-renvoye-a-ankara-la-suede-cede-aux-pressions-de-la-turquie\\\/#webpage\"},\"articleSection\":\"Monde\"},{\"@type\":\"BreadcrumbList\",\"@id\":\"https:\\\/\\\/lasentinelle.dz\\\/index.php\\\/2022\\\/12\\\/03\\\/un-membre-du-pkk-renvoye-a-ankara-la-suede-cede-aux-pressions-de-la-turquie\\\/#breadcrumblist\",\"itemListElement\":[{\"@type\":\"ListItem\",\"@id\":\"https:\\\/\\\/lasentinelle.dz#listItem\",\"position\":1,\"name\":\"Home\",\"item\":\"https:\\\/\\\/lasentinelle.dz\",\"nextItem\":{\"@type\":\"ListItem\",\"@id\":\"https:\\\/\\\/lasentinelle.dz\\\/index.php\\\/category\\\/monde\\\/#listItem\",\"name\":\"Monde\"}},{\"@type\":\"ListItem\",\"@id\":\"https:\\\/\\\/lasentinelle.dz\\\/index.php\\\/category\\\/monde\\\/#listItem\",\"position\":2,\"name\":\"Monde\",\"item\":\"https:\\\/\\\/lasentinelle.dz\\\/index.php\\\/category\\\/monde\\\/\",\"nextItem\":{\"@type\":\"ListItem\",\"@id\":\"https:\\\/\\\/lasentinelle.dz\\\/index.php\\\/2022\\\/12\\\/03\\\/un-membre-du-pkk-renvoye-a-ankara-la-suede-cede-aux-pressions-de-la-turquie\\\/#listItem\",\"name\":\"Un membre du PKK renvoy\\u00e9 \\u00e0 Ankara\\u00a0: La Su\\u00e8de c\\u00e8de aux pressions de la Turquie\"},\"previousItem\":{\"@type\":\"ListItem\",\"@id\":\"https:\\\/\\\/lasentinelle.dz#listItem\",\"name\":\"Home\"}},{\"@type\":\"ListItem\",\"@id\":\"https:\\\/\\\/lasentinelle.dz\\\/index.php\\\/2022\\\/12\\\/03\\\/un-membre-du-pkk-renvoye-a-ankara-la-suede-cede-aux-pressions-de-la-turquie\\\/#listItem\",\"position\":3,\"name\":\"Un membre du PKK renvoy\\u00e9 \\u00e0 Ankara\\u00a0: La Su\\u00e8de c\\u00e8de aux pressions de la Turquie\",\"previousItem\":{\"@type\":\"ListItem\",\"@id\":\"https:\\\/\\\/lasentinelle.dz\\\/index.php\\\/category\\\/monde\\\/#listItem\",\"name\":\"Monde\"}}]},{\"@type\":\"Organization\",\"@id\":\"https:\\\/\\\/lasentinelle.dz\\\/#organization\",\"name\":\"La Sentinelle La Sentinelle\",\"description\":\"Quotidien national d'information\",\"url\":\"https:\\\/\\\/lasentinelle.dz\\\/\",\"logo\":{\"@type\":\"ImageObject\",\"url\":\"https:\\\/\\\/lasentinelle.dz\\\/wp-content\\\/uploads\\\/2021\\\/09\\\/cropped-la-sentinelle-earth-golden-anima-5.gif\",\"@id\":\"https:\\\/\\\/lasentinelle.dz\\\/index.php\\\/2022\\\/12\\\/03\\\/un-membre-du-pkk-renvoye-a-ankara-la-suede-cede-aux-pressions-de-la-turquie\\\/#organizationLogo\",\"width\":450,\"height\":213},\"image\":{\"@id\":\"https:\\\/\\\/lasentinelle.dz\\\/index.php\\\/2022\\\/12\\\/03\\\/un-membre-du-pkk-renvoye-a-ankara-la-suede-cede-aux-pressions-de-la-turquie\\\/#organizationLogo\"},\"sameAs\":[\"https:\\\/\\\/www.facebook.com\\\/azzedine.lasentinelle.1\"]},{\"@type\":\"Person\",\"@id\":\"https:\\\/\\\/lasentinelle.dz\\\/author\\\/redaction\\\/#author\",\"url\":\"https:\\\/\\\/lasentinelle.dz\\\/author\\\/redaction\\\/\",\"name\":\"La Sentinelle\",\"image\":{\"@type\":\"ImageObject\",\"@id\":\"https:\\\/\\\/lasentinelle.dz\\\/index.php\\\/2022\\\/12\\\/03\\\/un-membre-du-pkk-renvoye-a-ankara-la-suede-cede-aux-pressions-de-la-turquie\\\/#authorImage\",\"url\":\"https:\\\/\\\/secure.gravatar.com\\\/avatar\\\/57de8e5d4b15d43fb361a71fbb36338450fe67865b528a43dd10ef7c51a20392?s=96&d=mm&r=g\",\"width\":96,\"height\":96,\"caption\":\"La Sentinelle\"}},{\"@type\":\"WebPage\",\"@id\":\"https:\\\/\\\/lasentinelle.dz\\\/index.php\\\/2022\\\/12\\\/03\\\/un-membre-du-pkk-renvoye-a-ankara-la-suede-cede-aux-pressions-de-la-turquie\\\/#webpage\",\"url\":\"https:\\\/\\\/lasentinelle.dz\\\/index.php\\\/2022\\\/12\\\/03\\\/un-membre-du-pkk-renvoye-a-ankara-la-suede-cede-aux-pressions-de-la-turquie\\\/\",\"name\":\"Un membre du PKK renvoy\\u00e9 \\u00e0 Ankara : La Su\\u00e8de c\\u00e8de aux pressions de la Turquie - La Sentinelle\",\"description\":\"Un membre du PKK, le Parti des travailleurs du Kurdistan, condamn\\u00e9 en Turquie, a \\u00e9t\\u00e9 expuls\\u00e9 de Su\\u00e8de et est arriv\\u00e9 dans la nuit de vendredi \\u00e0 samedi \\u00e0 Istanbul, ont annonc\\u00e9 hier les m\\u00e9dias turcs. Selon l'agence officielle Anadolu, Mahmut Tat avait \\u00e9t\\u00e9 condamn\\u00e9 en Turquie \\u00e0 six ans et dix mois de prison\",\"inLanguage\":\"fr-FR\",\"isPartOf\":{\"@id\":\"https:\\\/\\\/lasentinelle.dz\\\/#website\"},\"breadcrumb\":{\"@id\":\"https:\\\/\\\/lasentinelle.dz\\\/index.php\\\/2022\\\/12\\\/03\\\/un-membre-du-pkk-renvoye-a-ankara-la-suede-cede-aux-pressions-de-la-turquie\\\/#breadcrumblist\"},\"author\":{\"@id\":\"https:\\\/\\\/lasentinelle.dz\\\/author\\\/redaction\\\/#author\"},\"creator\":{\"@id\":\"https:\\\/\\\/lasentinelle.dz\\\/author\\\/redaction\\\/#author\"},\"image\":{\"@type\":\"ImageObject\",\"url\":\"https:\\\/\\\/lasentinelle.dz\\\/wp-content\\\/uploads\\\/2022\\\/12\\\/image_2022-12-03_172736845.png\",\"@id\":\"https:\\\/\\\/lasentinelle.dz\\\/index.php\\\/2022\\\/12\\\/03\\\/un-membre-du-pkk-renvoye-a-ankara-la-suede-cede-aux-pressions-de-la-turquie\\\/#mainImage\",\"width\":768,\"height\":512},\"primaryImageOfPage\":{\"@id\":\"https:\\\/\\\/lasentinelle.dz\\\/index.php\\\/2022\\\/12\\\/03\\\/un-membre-du-pkk-renvoye-a-ankara-la-suede-cede-aux-pressions-de-la-turquie\\\/#mainImage\"},\"datePublished\":\"2022-12-03T22:00:00+01:00\",\"dateModified\":\"2022-12-03T17:27:53+01:00\"},{\"@type\":\"WebSite\",\"@id\":\"https:\\\/\\\/lasentinelle.dz\\\/#website\",\"url\":\"https:\\\/\\\/lasentinelle.dz\\\/\",\"name\":\"La Sentinelle\",\"description\":\"Quotidien national d'information\",\"inLanguage\":\"fr-FR\",\"publisher\":{\"@id\":\"https:\\\/\\\/lasentinelle.dz\\\/#organization\"}}]}\n\t\t<\/script>\n\t\t<!-- All in One SEO -->\n\n","aioseo_head_json":{"title":"Un membre du PKK renvoy\u00e9 \u00e0 Ankara : La Su\u00e8de c\u00e8de aux pressions de la Turquie - La Sentinelle","description":"Un membre du PKK, le Parti des travailleurs du Kurdistan, condamn\u00e9 en Turquie, a \u00e9t\u00e9 expuls\u00e9 de Su\u00e8de et est arriv\u00e9 dans la nuit de vendredi \u00e0 samedi \u00e0 Istanbul, ont annonc\u00e9 hier les m\u00e9dias turcs. Selon l'agence officielle Anadolu, Mahmut Tat avait \u00e9t\u00e9 condamn\u00e9 en Turquie \u00e0 six ans et dix mois de prison","canonical_url":"https:\/\/lasentinelle.dz\/index.php\/2022\/12\/03\/un-membre-du-pkk-renvoye-a-ankara-la-suede-cede-aux-pressions-de-la-turquie\/","robots":"max-image-preview:large","keywords":"","webmasterTools":{"miscellaneous":""},"schema":{"@context":"https:\/\/schema.org","@graph":[{"@type":"BlogPosting","@id":"https:\/\/lasentinelle.dz\/index.php\/2022\/12\/03\/un-membre-du-pkk-renvoye-a-ankara-la-suede-cede-aux-pressions-de-la-turquie\/#blogposting","name":"Un membre du PKK renvoy\u00e9 \u00e0 Ankara : La Su\u00e8de c\u00e8de aux pressions de la Turquie - La Sentinelle","headline":"Un membre du PKK renvoy\u00e9 \u00e0 Ankara\u00a0: La Su\u00e8de c\u00e8de aux pressions de la Turquie","author":{"@id":"https:\/\/lasentinelle.dz\/author\/redaction\/#author"},"publisher":{"@id":"https:\/\/lasentinelle.dz\/#organization"},"image":{"@type":"ImageObject","url":"https:\/\/lasentinelle.dz\/wp-content\/uploads\/2022\/12\/image_2022-12-03_172736845.png","width":768,"height":512},"datePublished":"2022-12-03T22:00:00+01:00","dateModified":"2022-12-03T17:27:53+01:00","inLanguage":"fr-FR","mainEntityOfPage":{"@id":"https:\/\/lasentinelle.dz\/index.php\/2022\/12\/03\/un-membre-du-pkk-renvoye-a-ankara-la-suede-cede-aux-pressions-de-la-turquie\/#webpage"},"isPartOf":{"@id":"https:\/\/lasentinelle.dz\/index.php\/2022\/12\/03\/un-membre-du-pkk-renvoye-a-ankara-la-suede-cede-aux-pressions-de-la-turquie\/#webpage"},"articleSection":"Monde"},{"@type":"BreadcrumbList","@id":"https:\/\/lasentinelle.dz\/index.php\/2022\/12\/03\/un-membre-du-pkk-renvoye-a-ankara-la-suede-cede-aux-pressions-de-la-turquie\/#breadcrumblist","itemListElement":[{"@type":"ListItem","@id":"https:\/\/lasentinelle.dz#listItem","position":1,"name":"Home","item":"https:\/\/lasentinelle.dz","nextItem":{"@type":"ListItem","@id":"https:\/\/lasentinelle.dz\/index.php\/category\/monde\/#listItem","name":"Monde"}},{"@type":"ListItem","@id":"https:\/\/lasentinelle.dz\/index.php\/category\/monde\/#listItem","position":2,"name":"Monde","item":"https:\/\/lasentinelle.dz\/index.php\/category\/monde\/","nextItem":{"@type":"ListItem","@id":"https:\/\/lasentinelle.dz\/index.php\/2022\/12\/03\/un-membre-du-pkk-renvoye-a-ankara-la-suede-cede-aux-pressions-de-la-turquie\/#listItem","name":"Un membre du PKK renvoy\u00e9 \u00e0 Ankara\u00a0: La Su\u00e8de c\u00e8de aux pressions de la Turquie"},"previousItem":{"@type":"ListItem","@id":"https:\/\/lasentinelle.dz#listItem","name":"Home"}},{"@type":"ListItem","@id":"https:\/\/lasentinelle.dz\/index.php\/2022\/12\/03\/un-membre-du-pkk-renvoye-a-ankara-la-suede-cede-aux-pressions-de-la-turquie\/#listItem","position":3,"name":"Un membre du PKK renvoy\u00e9 \u00e0 Ankara\u00a0: La Su\u00e8de c\u00e8de aux pressions de la Turquie","previousItem":{"@type":"ListItem","@id":"https:\/\/lasentinelle.dz\/index.php\/category\/monde\/#listItem","name":"Monde"}}]},{"@type":"Organization","@id":"https:\/\/lasentinelle.dz\/#organization","name":"La Sentinelle La Sentinelle","description":"Quotidien national d'information","url":"https:\/\/lasentinelle.dz\/","logo":{"@type":"ImageObject","url":"https:\/\/lasentinelle.dz\/wp-content\/uploads\/2021\/09\/cropped-la-sentinelle-earth-golden-anima-5.gif","@id":"https:\/\/lasentinelle.dz\/index.php\/2022\/12\/03\/un-membre-du-pkk-renvoye-a-ankara-la-suede-cede-aux-pressions-de-la-turquie\/#organizationLogo","width":450,"height":213},"image":{"@id":"https:\/\/lasentinelle.dz\/index.php\/2022\/12\/03\/un-membre-du-pkk-renvoye-a-ankara-la-suede-cede-aux-pressions-de-la-turquie\/#organizationLogo"},"sameAs":["https:\/\/www.facebook.com\/azzedine.lasentinelle.1"]},{"@type":"Person","@id":"https:\/\/lasentinelle.dz\/author\/redaction\/#author","url":"https:\/\/lasentinelle.dz\/author\/redaction\/","name":"La Sentinelle","image":{"@type":"ImageObject","@id":"https:\/\/lasentinelle.dz\/index.php\/2022\/12\/03\/un-membre-du-pkk-renvoye-a-ankara-la-suede-cede-aux-pressions-de-la-turquie\/#authorImage","url":"https:\/\/secure.gravatar.com\/avatar\/57de8e5d4b15d43fb361a71fbb36338450fe67865b528a43dd10ef7c51a20392?s=96&d=mm&r=g","width":96,"height":96,"caption":"La Sentinelle"}},{"@type":"WebPage","@id":"https:\/\/lasentinelle.dz\/index.php\/2022\/12\/03\/un-membre-du-pkk-renvoye-a-ankara-la-suede-cede-aux-pressions-de-la-turquie\/#webpage","url":"https:\/\/lasentinelle.dz\/index.php\/2022\/12\/03\/un-membre-du-pkk-renvoye-a-ankara-la-suede-cede-aux-pressions-de-la-turquie\/","name":"Un membre du PKK renvoy\u00e9 \u00e0 Ankara : La Su\u00e8de c\u00e8de aux pressions de la Turquie - La Sentinelle","description":"Un membre du PKK, le Parti des travailleurs du Kurdistan, condamn\u00e9 en Turquie, a \u00e9t\u00e9 expuls\u00e9 de Su\u00e8de et est arriv\u00e9 dans la nuit de vendredi \u00e0 samedi \u00e0 Istanbul, ont annonc\u00e9 hier les m\u00e9dias turcs. Selon l'agence officielle Anadolu, Mahmut Tat avait \u00e9t\u00e9 condamn\u00e9 en Turquie \u00e0 six ans et dix mois de prison","inLanguage":"fr-FR","isPartOf":{"@id":"https:\/\/lasentinelle.dz\/#website"},"breadcrumb":{"@id":"https:\/\/lasentinelle.dz\/index.php\/2022\/12\/03\/un-membre-du-pkk-renvoye-a-ankara-la-suede-cede-aux-pressions-de-la-turquie\/#breadcrumblist"},"author":{"@id":"https:\/\/lasentinelle.dz\/author\/redaction\/#author"},"creator":{"@id":"https:\/\/lasentinelle.dz\/author\/redaction\/#author"},"image":{"@type":"ImageObject","url":"https:\/\/lasentinelle.dz\/wp-content\/uploads\/2022\/12\/image_2022-12-03_172736845.png","@id":"https:\/\/lasentinelle.dz\/index.php\/2022\/12\/03\/un-membre-du-pkk-renvoye-a-ankara-la-suede-cede-aux-pressions-de-la-turquie\/#mainImage","width":768,"height":512},"primaryImageOfPage":{"@id":"https:\/\/lasentinelle.dz\/index.php\/2022\/12\/03\/un-membre-du-pkk-renvoye-a-ankara-la-suede-cede-aux-pressions-de-la-turquie\/#mainImage"},"datePublished":"2022-12-03T22:00:00+01:00","dateModified":"2022-12-03T17:27:53+01:00"},{"@type":"WebSite","@id":"https:\/\/lasentinelle.dz\/#website","url":"https:\/\/lasentinelle.dz\/","name":"La Sentinelle","description":"Quotidien national d'information","inLanguage":"fr-FR","publisher":{"@id":"https:\/\/lasentinelle.dz\/#organization"}}]},"og:locale":"fr_FR","og:site_name":"La Sentinelle - Quotidien national d'information","og:type":"article","og:title":"Un membre du PKK renvoy\u00e9 \u00e0 Ankara : La Su\u00e8de c\u00e8de aux pressions de la Turquie - La Sentinelle","og:description":"Un membre du PKK, le Parti des travailleurs du Kurdistan, condamn\u00e9 en Turquie, a \u00e9t\u00e9 expuls\u00e9 de Su\u00e8de et est arriv\u00e9 dans la nuit de vendredi \u00e0 samedi \u00e0 Istanbul, ont annonc\u00e9 hier les m\u00e9dias turcs. Selon l'agence officielle Anadolu, Mahmut Tat avait \u00e9t\u00e9 condamn\u00e9 en Turquie \u00e0 six ans et dix mois de prison","og:url":"https:\/\/lasentinelle.dz\/index.php\/2022\/12\/03\/un-membre-du-pkk-renvoye-a-ankara-la-suede-cede-aux-pressions-de-la-turquie\/","og:image":"https:\/\/lasentinelle.dz\/wp-content\/uploads\/2021\/09\/cropped-la-sentinelle-earth-golden-anima-5.gif","og:image:secure_url":"https:\/\/lasentinelle.dz\/wp-content\/uploads\/2021\/09\/cropped-la-sentinelle-earth-golden-anima-5.gif","og:image:width":450,"og:image:height":213,"article:published_time":"2022-12-03T21:00:00+00:00","article:modified_time":"2022-12-03T16:27:53+00:00","article:publisher":"https:\/\/www.facebook.com\/azzedine.lasentinelle.1","twitter:card":"summary_large_image","twitter:title":"Un membre du PKK renvoy\u00e9 \u00e0 Ankara : La Su\u00e8de c\u00e8de aux pressions de la Turquie - La Sentinelle","twitter:description":"Un membre du PKK, le Parti des travailleurs du Kurdistan, condamn\u00e9 en Turquie, a \u00e9t\u00e9 expuls\u00e9 de Su\u00e8de et est arriv\u00e9 dans la nuit de vendredi \u00e0 samedi \u00e0 Istanbul, ont annonc\u00e9 hier les m\u00e9dias turcs. Selon l'agence officielle Anadolu, Mahmut Tat avait \u00e9t\u00e9 condamn\u00e9 en Turquie \u00e0 six ans et dix mois de prison","twitter:image":"https:\/\/lasentinelle.dz\/wp-content\/uploads\/2021\/09\/cropped-la-sentinelle-earth-golden-anima-5.gif"},"aioseo_meta_data":{"post_id":"31903","title":null,"description":null,"keywords":null,"keyphrases":null,"primary_term":null,"canonical_url":null,"og_title":null,"og_description":null,"og_object_type":"default","og_image_type":"default","og_image_url":null,"og_image_width":null,"og_image_height":null,"og_image_custom_url":null,"og_image_custom_fields":null,"og_video":null,"og_custom_url":null,"og_article_section":null,"og_article_tags":null,"twitter_use_og":false,"twitter_card":"default","twitter_image_type":"default","twitter_image_url":null,"twitter_image_custom_url":null,"twitter_image_custom_fields":null,"twitter_title":null,"twitter_description":null,"schema":{"blockGraphs":[],"customGraphs":[],"default":{"data":{"Article":[],"Course":[],"Dataset":[],"FAQPage":[],"Movie":[],"Person":[],"Product":[],"ProductReview":[],"Car":[],"Recipe":[],"Service":[],"SoftwareApplication":[],"WebPage":[]},"graphName":"","isEnabled":true},"graphs":[]},"schema_type":"default","schema_type_options":null,"pillar_content":false,"robots_default":true,"robots_noindex":false,"robots_noarchive":false,"robots_nosnippet":false,"robots_nofollow":false,"robots_noimageindex":false,"robots_noodp":false,"robots_notranslate":false,"robots_max_snippet":null,"robots_max_videopreview":null,"robots_max_imagepreview":"large","priority":null,"frequency":null,"local_seo":null,"breadcrumb_settings":null,"limit_modified_date":false,"ai":null,"created":"2026-04-29 01:56:50","updated":"2026-04-29 01:56:50","focus_keyword":null,"additional_keywords":null,"truseo_locale":null,"seo_analyzer_scan_date":null},"aioseo_breadcrumb":"<div class=\"aioseo-breadcrumbs\"><span class=\"aioseo-breadcrumb\">\n\t\t\t<a href=\"https:\/\/lasentinelle.dz\" title=\"Home\">Home<\/a>\n\t\t<\/span><span class=\"aioseo-breadcrumb-separator\">&raquo;<\/span><span class=\"aioseo-breadcrumb\">\n\t\t\t<a href=\"https:\/\/lasentinelle.dz\/index.php\/category\/monde\/\" title=\"Monde\">Monde<\/a>\n\t\t<\/span><span class=\"aioseo-breadcrumb-separator\">&raquo;<\/span><span class=\"aioseo-breadcrumb\">\n\t\t\tUn membre du PKK renvoy\u00e9 \u00e0 Ankara : La Su\u00e8de c\u00e8de aux pressions de la Turquie\n\t\t<\/span><\/div>","aioseo_breadcrumb_json":[{"label":"Home","link":"https:\/\/lasentinelle.dz"},{"label":"Monde","link":"https:\/\/lasentinelle.dz\/index.php\/category\/monde\/"},{"label":"Un membre du PKK renvoy\u00e9 \u00e0 Ankara\u00a0: La Su\u00e8de c\u00e8de aux pressions de la Turquie","link":"https:\/\/lasentinelle.dz\/index.php\/2022\/12\/03\/un-membre-du-pkk-renvoye-a-ankara-la-suede-cede-aux-pressions-de-la-turquie\/"}],"yoast_head":"<!-- This site is optimized with the Yoast SEO plugin v28.4 - https:\/\/yoast.com\/product\/yoast-seo-wordpress\/ -->\n<title>Un membre du PKK renvoy\u00e9 \u00e0 Ankara\u00a0: La Su\u00e8de c\u00e8de aux pressions de la Turquie - La Sentinelle<\/title>\n<meta name=\"robots\" content=\"index, follow, max-snippet:-1, max-image-preview:large, max-video-preview:-1\" \/>\n<link rel=\"canonical\" href=\"https:\/\/lasentinelle.dz\/index.php\/2022\/12\/03\/un-membre-du-pkk-renvoye-a-ankara-la-suede-cede-aux-pressions-de-la-turquie\/\" \/>\n<meta property=\"og:locale\" content=\"fr_FR\" \/>\n<meta property=\"og:type\" content=\"article\" \/>\n<meta property=\"og:title\" content=\"Un membre du PKK renvoy\u00e9 \u00e0 Ankara\u00a0: La Su\u00e8de c\u00e8de aux pressions de la Turquie - La Sentinelle\" \/>\n<meta property=\"og:description\" content=\"Un membre du PKK, le Parti des travailleurs du Kurdistan, condamn\u00e9 en Turquie, a \u00e9t\u00e9 expuls\u00e9 de Su\u00e8de et est\" \/>\n<meta property=\"og:url\" content=\"https:\/\/lasentinelle.dz\/index.php\/2022\/12\/03\/un-membre-du-pkk-renvoye-a-ankara-la-suede-cede-aux-pressions-de-la-turquie\/\" \/>\n<meta property=\"og:site_name\" content=\"La Sentinelle\" \/>\n<meta property=\"article:publisher\" content=\"https:\/\/www.facebook.com\/La-Sentinelle-104059864394773\" \/>\n<meta property=\"article:published_time\" content=\"2022-12-03T21:00:00+00:00\" \/>\n<meta property=\"og:image\" content=\"https:\/\/lasentinelle.dz\/wp-content\/uploads\/2022\/12\/image_2022-12-03_172736845.png\" \/>\n\t<meta property=\"og:image:width\" content=\"768\" \/>\n\t<meta property=\"og:image:height\" content=\"512\" \/>\n\t<meta property=\"og:image:type\" content=\"image\/png\" \/>\n<meta name=\"author\" content=\"La Sentinelle\" \/>\n<meta name=\"twitter:card\" content=\"summary_large_image\" \/>\n<meta name=\"twitter:label1\" content=\"\u00c9crit par\" \/>\n\t<meta name=\"twitter:data1\" content=\"La Sentinelle\" \/>\n\t<meta name=\"twitter:label2\" content=\"Dur\u00e9e de lecture estim\u00e9e\" \/>\n\t<meta name=\"twitter:data2\" content=\"2 minutes\" \/>\n<script type=\"application\/ld+json\" class=\"yoast-schema-graph\">{\"@context\":\"https:\\\/\\\/schema.org\",\"@graph\":[{\"@type\":\"Article\",\"@id\":\"https:\\\/\\\/lasentinelle.dz\\\/index.php\\\/2022\\\/12\\\/03\\\/un-membre-du-pkk-renvoye-a-ankara-la-suede-cede-aux-pressions-de-la-turquie\\\/#article\",\"isPartOf\":{\"@id\":\"https:\\\/\\\/lasentinelle.dz\\\/index.php\\\/2022\\\/12\\\/03\\\/un-membre-du-pkk-renvoye-a-ankara-la-suede-cede-aux-pressions-de-la-turquie\\\/\"},\"author\":{\"name\":\"La Sentinelle\",\"@id\":\"https:\\\/\\\/lasentinelle.dz\\\/#\\\/schema\\\/person\\\/d865044e22e70a75174ce8bcad3acfb3\"},\"headline\":\"Un membre du PKK renvoy\u00e9 \u00e0 Ankara\u00a0: La Su\u00e8de c\u00e8de aux pressions de la Turquie\",\"datePublished\":\"2022-12-03T21:00:00+00:00\",\"mainEntityOfPage\":{\"@id\":\"https:\\\/\\\/lasentinelle.dz\\\/index.php\\\/2022\\\/12\\\/03\\\/un-membre-du-pkk-renvoye-a-ankara-la-suede-cede-aux-pressions-de-la-turquie\\\/\"},\"wordCount\":393,\"commentCount\":0,\"publisher\":{\"@id\":\"https:\\\/\\\/lasentinelle.dz\\\/#organization\"},\"image\":{\"@id\":\"https:\\\/\\\/lasentinelle.dz\\\/index.php\\\/2022\\\/12\\\/03\\\/un-membre-du-pkk-renvoye-a-ankara-la-suede-cede-aux-pressions-de-la-turquie\\\/#primaryimage\"},\"thumbnailUrl\":\"https:\\\/\\\/lasentinelle.dz\\\/wp-content\\\/uploads\\\/2022\\\/12\\\/image_2022-12-03_172736845.png\",\"articleSection\":[\"Monde\"],\"inLanguage\":\"fr-FR\",\"potentialAction\":[{\"@type\":\"CommentAction\",\"name\":\"Comment\",\"target\":[\"https:\\\/\\\/lasentinelle.dz\\\/index.php\\\/2022\\\/12\\\/03\\\/un-membre-du-pkk-renvoye-a-ankara-la-suede-cede-aux-pressions-de-la-turquie\\\/#respond\"]}]},{\"@type\":\"WebPage\",\"@id\":\"https:\\\/\\\/lasentinelle.dz\\\/index.php\\\/2022\\\/12\\\/03\\\/un-membre-du-pkk-renvoye-a-ankara-la-suede-cede-aux-pressions-de-la-turquie\\\/\",\"url\":\"https:\\\/\\\/lasentinelle.dz\\\/index.php\\\/2022\\\/12\\\/03\\\/un-membre-du-pkk-renvoye-a-ankara-la-suede-cede-aux-pressions-de-la-turquie\\\/\",\"name\":\"Un membre du PKK renvoy\u00e9 \u00e0 Ankara\u00a0: La Su\u00e8de c\u00e8de aux pressions de la Turquie - La Sentinelle\",\"isPartOf\":{\"@id\":\"https:\\\/\\\/lasentinelle.dz\\\/#website\"},\"primaryImageOfPage\":{\"@id\":\"https:\\\/\\\/lasentinelle.dz\\\/index.php\\\/2022\\\/12\\\/03\\\/un-membre-du-pkk-renvoye-a-ankara-la-suede-cede-aux-pressions-de-la-turquie\\\/#primaryimage\"},\"image\":{\"@id\":\"https:\\\/\\\/lasentinelle.dz\\\/index.php\\\/2022\\\/12\\\/03\\\/un-membre-du-pkk-renvoye-a-ankara-la-suede-cede-aux-pressions-de-la-turquie\\\/#primaryimage\"},\"thumbnailUrl\":\"https:\\\/\\\/lasentinelle.dz\\\/wp-content\\\/uploads\\\/2022\\\/12\\\/image_2022-12-03_172736845.png\",\"datePublished\":\"2022-12-03T21:00:00+00:00\",\"breadcrumb\":{\"@id\":\"https:\\\/\\\/lasentinelle.dz\\\/index.php\\\/2022\\\/12\\\/03\\\/un-membre-du-pkk-renvoye-a-ankara-la-suede-cede-aux-pressions-de-la-turquie\\\/#breadcrumb\"},\"inLanguage\":\"fr-FR\",\"potentialAction\":[{\"@type\":\"ReadAction\",\"target\":[\"https:\\\/\\\/lasentinelle.dz\\\/index.php\\\/2022\\\/12\\\/03\\\/un-membre-du-pkk-renvoye-a-ankara-la-suede-cede-aux-pressions-de-la-turquie\\\/\"]}]},{\"@type\":\"ImageObject\",\"inLanguage\":\"fr-FR\",\"@id\":\"https:\\\/\\\/lasentinelle.dz\\\/index.php\\\/2022\\\/12\\\/03\\\/un-membre-du-pkk-renvoye-a-ankara-la-suede-cede-aux-pressions-de-la-turquie\\\/#primaryimage\",\"url\":\"https:\\\/\\\/lasentinelle.dz\\\/wp-content\\\/uploads\\\/2022\\\/12\\\/image_2022-12-03_172736845.png\",\"contentUrl\":\"https:\\\/\\\/lasentinelle.dz\\\/wp-content\\\/uploads\\\/2022\\\/12\\\/image_2022-12-03_172736845.png\",\"width\":768,\"height\":512},{\"@type\":\"BreadcrumbList\",\"@id\":\"https:\\\/\\\/lasentinelle.dz\\\/index.php\\\/2022\\\/12\\\/03\\\/un-membre-du-pkk-renvoye-a-ankara-la-suede-cede-aux-pressions-de-la-turquie\\\/#breadcrumb\",\"itemListElement\":[{\"@type\":\"ListItem\",\"position\":1,\"name\":\"Accueil\",\"item\":\"https:\\\/\\\/lasentinelle.dz\\\/\"},{\"@type\":\"ListItem\",\"position\":2,\"name\":\"Un membre du PKK renvoy\u00e9 \u00e0 Ankara\u00a0: La Su\u00e8de c\u00e8de aux pressions de la Turquie\"}]},{\"@type\":\"WebSite\",\"@id\":\"https:\\\/\\\/lasentinelle.dz\\\/#website\",\"url\":\"https:\\\/\\\/lasentinelle.dz\\\/\",\"name\":\"La Sentinelle\",\"description\":\"Quotidien national d&#039;information\",\"publisher\":{\"@id\":\"https:\\\/\\\/lasentinelle.dz\\\/#organization\"},\"potentialAction\":[{\"@type\":\"SearchAction\",\"target\":{\"@type\":\"EntryPoint\",\"urlTemplate\":\"https:\\\/\\\/lasentinelle.dz\\\/?s={search_term_string}\"},\"query-input\":{\"@type\":\"PropertyValueSpecification\",\"valueRequired\":true,\"valueName\":\"search_term_string\"}}],\"inLanguage\":\"fr-FR\"},{\"@type\":\"Organization\",\"@id\":\"https:\\\/\\\/lasentinelle.dz\\\/#organization\",\"name\":\"Quotidien La Sentinelle\",\"url\":\"https:\\\/\\\/lasentinelle.dz\\\/\",\"logo\":{\"@type\":\"ImageObject\",\"inLanguage\":\"fr-FR\",\"@id\":\"https:\\\/\\\/lasentinelle.dz\\\/#\\\/schema\\\/logo\\\/image\\\/\",\"url\":\"https:\\\/\\\/lasentinelle.dz\\\/wp-content\\\/uploads\\\/2021\\\/09\\\/logo-sentinelleSLOGAN-1.png\",\"contentUrl\":\"https:\\\/\\\/lasentinelle.dz\\\/wp-content\\\/uploads\\\/2021\\\/09\\\/logo-sentinelleSLOGAN-1.png\",\"width\":615,\"height\":142,\"caption\":\"Quotidien La Sentinelle\"},\"image\":{\"@id\":\"https:\\\/\\\/lasentinelle.dz\\\/#\\\/schema\\\/logo\\\/image\\\/\"},\"sameAs\":[\"https:\\\/\\\/www.facebook.com\\\/La-Sentinelle-104059864394773\"]},{\"@type\":\"Person\",\"@id\":\"https:\\\/\\\/lasentinelle.dz\\\/#\\\/schema\\\/person\\\/d865044e22e70a75174ce8bcad3acfb3\",\"name\":\"La Sentinelle\",\"image\":{\"@type\":\"ImageObject\",\"inLanguage\":\"fr-FR\",\"@id\":\"https:\\\/\\\/secure.gravatar.com\\\/avatar\\\/57de8e5d4b15d43fb361a71fbb36338450fe67865b528a43dd10ef7c51a20392?s=96&d=mm&r=g\",\"url\":\"https:\\\/\\\/secure.gravatar.com\\\/avatar\\\/57de8e5d4b15d43fb361a71fbb36338450fe67865b528a43dd10ef7c51a20392?s=96&d=mm&r=g\",\"contentUrl\":\"https:\\\/\\\/secure.gravatar.com\\\/avatar\\\/57de8e5d4b15d43fb361a71fbb36338450fe67865b528a43dd10ef7c51a20392?s=96&d=mm&r=g\",\"caption\":\"La Sentinelle\"},\"sameAs\":[\"http:\\\/\\\/www.lasentinelle.dz\"],\"url\":\"https:\\\/\\\/lasentinelle.dz\\\/author\\\/redaction\\\/\"}]}<\/script>\n<!-- \/ Yoast SEO plugin. -->","yoast_head_json":{"title":"Un membre du PKK renvoy\u00e9 \u00e0 Ankara\u00a0: La Su\u00e8de c\u00e8de aux pressions de la Turquie - La Sentinelle","robots":{"index":"index","follow":"follow","max-snippet":"max-snippet:-1","max-image-preview":"max-image-preview:large","max-video-preview":"max-video-preview:-1"},"canonical":"https:\/\/lasentinelle.dz\/index.php\/2022\/12\/03\/un-membre-du-pkk-renvoye-a-ankara-la-suede-cede-aux-pressions-de-la-turquie\/","og_locale":"fr_FR","og_type":"article","og_title":"Un membre du PKK renvoy\u00e9 \u00e0 Ankara\u00a0: La Su\u00e8de c\u00e8de aux pressions de la Turquie - La Sentinelle","og_description":"Un membre du PKK, le Parti des travailleurs du Kurdistan, condamn\u00e9 en Turquie, a \u00e9t\u00e9 expuls\u00e9 de Su\u00e8de et est","og_url":"https:\/\/lasentinelle.dz\/index.php\/2022\/12\/03\/un-membre-du-pkk-renvoye-a-ankara-la-suede-cede-aux-pressions-de-la-turquie\/","og_site_name":"La Sentinelle","article_publisher":"https:\/\/www.facebook.com\/La-Sentinelle-104059864394773","article_published_time":"2022-12-03T21:00:00+00:00","og_image":[{"width":768,"height":512,"url":"https:\/\/lasentinelle.dz\/wp-content\/uploads\/2022\/12\/image_2022-12-03_172736845.png","type":"image\/png"}],"author":"La Sentinelle","twitter_card":"summary_large_image","twitter_misc":{"\u00c9crit par":"La Sentinelle","Dur\u00e9e de lecture estim\u00e9e":"2 minutes"},"schema":{"@context":"https:\/\/schema.org","@graph":[{"@type":"Article","@id":"https:\/\/lasentinelle.dz\/index.php\/2022\/12\/03\/un-membre-du-pkk-renvoye-a-ankara-la-suede-cede-aux-pressions-de-la-turquie\/#article","isPartOf":{"@id":"https:\/\/lasentinelle.dz\/index.php\/2022\/12\/03\/un-membre-du-pkk-renvoye-a-ankara-la-suede-cede-aux-pressions-de-la-turquie\/"},"author":{"name":"La Sentinelle","@id":"https:\/\/lasentinelle.dz\/#\/schema\/person\/d865044e22e70a75174ce8bcad3acfb3"},"headline":"Un membre du PKK renvoy\u00e9 \u00e0 Ankara\u00a0: La Su\u00e8de c\u00e8de aux pressions de la Turquie","datePublished":"2022-12-03T21:00:00+00:00","mainEntityOfPage":{"@id":"https:\/\/lasentinelle.dz\/index.php\/2022\/12\/03\/un-membre-du-pkk-renvoye-a-ankara-la-suede-cede-aux-pressions-de-la-turquie\/"},"wordCount":393,"commentCount":0,"publisher":{"@id":"https:\/\/lasentinelle.dz\/#organization"},"image":{"@id":"https:\/\/lasentinelle.dz\/index.php\/2022\/12\/03\/un-membre-du-pkk-renvoye-a-ankara-la-suede-cede-aux-pressions-de-la-turquie\/#primaryimage"},"thumbnailUrl":"https:\/\/lasentinelle.dz\/wp-content\/uploads\/2022\/12\/image_2022-12-03_172736845.png","articleSection":["Monde"],"inLanguage":"fr-FR","potentialAction":[{"@type":"CommentAction","name":"Comment","target":["https:\/\/lasentinelle.dz\/index.php\/2022\/12\/03\/un-membre-du-pkk-renvoye-a-ankara-la-suede-cede-aux-pressions-de-la-turquie\/#respond"]}]},{"@type":"WebPage","@id":"https:\/\/lasentinelle.dz\/index.php\/2022\/12\/03\/un-membre-du-pkk-renvoye-a-ankara-la-suede-cede-aux-pressions-de-la-turquie\/","url":"https:\/\/lasentinelle.dz\/index.php\/2022\/12\/03\/un-membre-du-pkk-renvoye-a-ankara-la-suede-cede-aux-pressions-de-la-turquie\/","name":"Un membre du PKK renvoy\u00e9 \u00e0 Ankara\u00a0: La Su\u00e8de c\u00e8de aux pressions de la Turquie - La Sentinelle","isPartOf":{"@id":"https:\/\/lasentinelle.dz\/#website"},"primaryImageOfPage":{"@id":"https:\/\/lasentinelle.dz\/index.php\/2022\/12\/03\/un-membre-du-pkk-renvoye-a-ankara-la-suede-cede-aux-pressions-de-la-turquie\/#primaryimage"},"image":{"@id":"https:\/\/lasentinelle.dz\/index.php\/2022\/12\/03\/un-membre-du-pkk-renvoye-a-ankara-la-suede-cede-aux-pressions-de-la-turquie\/#primaryimage"},"thumbnailUrl":"https:\/\/lasentinelle.dz\/wp-content\/uploads\/2022\/12\/image_2022-12-03_172736845.png","datePublished":"2022-12-03T21:00:00+00:00","breadcrumb":{"@id":"https:\/\/lasentinelle.dz\/index.php\/2022\/12\/03\/un-membre-du-pkk-renvoye-a-ankara-la-suede-cede-aux-pressions-de-la-turquie\/#breadcrumb"},"inLanguage":"fr-FR","potentialAction":[{"@type":"ReadAction","target":["https:\/\/lasentinelle.dz\/index.php\/2022\/12\/03\/un-membre-du-pkk-renvoye-a-ankara-la-suede-cede-aux-pressions-de-la-turquie\/"]}]},{"@type":"ImageObject","inLanguage":"fr-FR","@id":"https:\/\/lasentinelle.dz\/index.php\/2022\/12\/03\/un-membre-du-pkk-renvoye-a-ankara-la-suede-cede-aux-pressions-de-la-turquie\/#primaryimage","url":"https:\/\/lasentinelle.dz\/wp-content\/uploads\/2022\/12\/image_2022-12-03_172736845.png","contentUrl":"https:\/\/lasentinelle.dz\/wp-content\/uploads\/2022\/12\/image_2022-12-03_172736845.png","width":768,"height":512},{"@type":"BreadcrumbList","@id":"https:\/\/lasentinelle.dz\/index.php\/2022\/12\/03\/un-membre-du-pkk-renvoye-a-ankara-la-suede-cede-aux-pressions-de-la-turquie\/#breadcrumb","itemListElement":[{"@type":"ListItem","position":1,"name":"Accueil","item":"https:\/\/lasentinelle.dz\/"},{"@type":"ListItem","position":2,"name":"Un membre du PKK renvoy\u00e9 \u00e0 Ankara\u00a0: La Su\u00e8de c\u00e8de aux pressions de la Turquie"}]},{"@type":"WebSite","@id":"https:\/\/lasentinelle.dz\/#website","url":"https:\/\/lasentinelle.dz\/","name":"La Sentinelle","description":"Quotidien national d&#039;information","publisher":{"@id":"https:\/\/lasentinelle.dz\/#organization"},"potentialAction":[{"@type":"SearchAction","target":{"@type":"EntryPoint","urlTemplate":"https:\/\/lasentinelle.dz\/?s={search_term_string}"},"query-input":{"@type":"PropertyValueSpecification","valueRequired":true,"valueName":"search_term_string"}}],"inLanguage":"fr-FR"},{"@type":"Organization","@id":"https:\/\/lasentinelle.dz\/#organization","name":"Quotidien La Sentinelle","url":"https:\/\/lasentinelle.dz\/","logo":{"@type":"ImageObject","inLanguage":"fr-FR","@id":"https:\/\/lasentinelle.dz\/#\/schema\/logo\/image\/","url":"https:\/\/lasentinelle.dz\/wp-content\/uploads\/2021\/09\/logo-sentinelleSLOGAN-1.png","contentUrl":"https:\/\/lasentinelle.dz\/wp-content\/uploads\/2021\/09\/logo-sentinelleSLOGAN-1.png","width":615,"height":142,"caption":"Quotidien La Sentinelle"},"image":{"@id":"https:\/\/lasentinelle.dz\/#\/schema\/logo\/image\/"},"sameAs":["https:\/\/www.facebook.com\/La-Sentinelle-104059864394773"]},{"@type":"Person","@id":"https:\/\/lasentinelle.dz\/#\/schema\/person\/d865044e22e70a75174ce8bcad3acfb3","name":"La Sentinelle","image":{"@type":"ImageObject","inLanguage":"fr-FR","@id":"https:\/\/secure.gravatar.com\/avatar\/57de8e5d4b15d43fb361a71fbb36338450fe67865b528a43dd10ef7c51a20392?s=96&d=mm&r=g","url":"https:\/\/secure.gravatar.com\/avatar\/57de8e5d4b15d43fb361a71fbb36338450fe67865b528a43dd10ef7c51a20392?s=96&d=mm&r=g","contentUrl":"https:\/\/secure.gravatar.com\/avatar\/57de8e5d4b15d43fb361a71fbb36338450fe67865b528a43dd10ef7c51a20392?s=96&d=mm&r=g","caption":"La Sentinelle"},"sameAs":["http:\/\/www.lasentinelle.dz"],"url":"https:\/\/lasentinelle.dz\/author\/redaction\/"}]}},"_links":{"self":[{"href":"https:\/\/lasentinelle.dz\/index.php\/wp-json\/wp\/v2\/posts\/31903","targetHints":{"allow":["GET"]}}],"collection":[{"href":"https:\/\/lasentinelle.dz\/index.php\/wp-json\/wp\/v2\/posts"}],"about":[{"href":"https:\/\/lasentinelle.dz\/index.php\/wp-json\/wp\/v2\/types\/post"}],"author":[{"embeddable":true,"href":"https:\/\/lasentinelle.dz\/index.php\/wp-json\/wp\/v2\/users\/3"}],"replies":[{"embeddable":true,"href":"https:\/\/lasentinelle.dz\/index.php\/wp-json\/wp\/v2\/comments?post=31903"}],"version-history":[{"count":1,"href":"https:\/\/lasentinelle.dz\/index.php\/wp-json\/wp\/v2\/posts\/31903\/revisions"}],"predecessor-version":[{"id":31911,"href":"https:\/\/lasentinelle.dz\/index.php\/wp-json\/wp\/v2\/posts\/31903\/revisions\/31911"}],"wp:featuredmedia":[{"embeddable":true,"href":"https:\/\/lasentinelle.dz\/index.php\/wp-json\/wp\/v2\/media\/31910"}],"wp:attachment":[{"href":"https:\/\/lasentinelle.dz\/index.php\/wp-json\/wp\/v2\/media?parent=31903"}],"wp:term":[{"taxonomy":"category","embeddable":true,"href":"https:\/\/lasentinelle.dz\/index.php\/wp-json\/wp\/v2\/categories?post=31903"},{"taxonomy":"post_tag","embeddable":true,"href":"https:\/\/lasentinelle.dz\/index.php\/wp-json\/wp\/v2\/tags?post=31903"}],"curies":[{"name":"wp","href":"https:\/\/api.w.org\/{rel}","templated":true}]}}