{"id":31928,"date":"2022-12-03T22:00:00","date_gmt":"2022-12-03T21:00:00","guid":{"rendered":"https:\/\/lasentinelle.dz\/?p=31928"},"modified":"2022-12-03T18:16:31","modified_gmt":"2022-12-03T17:16:31","slug":"federations-sportives-de-nouveaux-textes-pour-instaurer-une-nouvelle-dynamique","status":"publish","type":"post","link":"https:\/\/lasentinelle.dz\/index.php\/2022\/12\/03\/federations-sportives-de-nouveaux-textes-pour-instaurer-une-nouvelle-dynamique\/","title":{"rendered":"F\u00e9d\u00e9rations sportives\u00a0: De nouveaux textes pour instaurer une nouvelle dynamique"},"content":{"rendered":"\n<p>Le ministre de la Jeunesse et des Sports, Abderrazak Sebgag, a affirm\u00e9 jeudi \u00e0 Alger, que les nouveaux textes juridiques r\u00e9gissant les associations sportives (d\u00e9crets ex\u00e9cutifs n22-310 et n22-309), \u00abdevront instaurer une nouvelle dynamique au sein du mouvement sportif national\u00bb.<\/p>\n\n\n\n<p>Les d\u00e9crets ex\u00e9cutifs n 22-309 et n22-310 fixent, respectivement, les modalit\u00e9s d&rsquo;organisation et de fonctionnement des f\u00e9d\u00e9rations sportives nationales, leur statut type ainsi que les dispositions statutaires relatives aux dirigeants sportifs b\u00e9n\u00e9voles \u00e9lus.\u00abL&rsquo;objectif \u00e0 travers la promulgation de ces nouveaux textes consiste \u00e0 instaurer la bonne gouvernance au sein des associations sportives, notamment les F\u00e9d\u00e9ration nationales qui malheureusement manquent des outils de gestion, ce qui nous a oblig\u00e9s \u00e0 exiger le niveau universitaire et les dipl\u00f4mes requis pour la pr\u00e9sidence d&rsquo;un club sportif, une ligue nationale ou d&rsquo;une f\u00e9d\u00e9ration nationale sportive\u00bb, a d\u00e9clar\u00e9 Sebgag, lors d\u2019une journ\u00e9e d\u2019information sur les nouveaux textes juridiques sur les associations sportives, organis\u00e9e au Complexe olympique Mohamed-Boudiaf (Alger).Accompagn\u00e9 du pr\u00e9sident du Comit\u00e9 olympique et sportif alg\u00e9rien (COA), Abderrahmane Hammad, le premier responsable du secteur de la jeunesse et des sports, a indiqu\u00e9 dans ce sens que \u00ab le mouvement sportif alg\u00e9rien est victime de personnes malsaines qui s&rsquo;activent pour devenir pr\u00e9sident ou membre d\u2019une f\u00e9d\u00e9ration nationale pour des int\u00e9r\u00eats purement personnels.\u00bb.\u00abUne activit\u00e9 sportive doit g\u00e9n\u00e9rer de l\u2019\u00e9thique et de la moralit\u00e9 au sein du mouvement sportif alg\u00e9rien. Les gestionnaires au sein des clubs sportifs, ligues et f\u00e9d\u00e9rations nationales doivent travailler pour l\u2019int\u00e9r\u00eat g\u00e9n\u00e9ral du sport alg\u00e9rien\u00bb, a-t-il soulign\u00e9.Selon le d\u00e9cret ex\u00e9cutif n22-310 du 21 septembre 2022, les candidats au poste de pr\u00e9sident de f\u00e9d\u00e9ration sportive nationale doivent d\u00e9sormais justifier d&rsquo;un niveau universitaire ou d&rsquo;un enseignement ou formation sup\u00e9rieurs sanctionn\u00e9s par les dipl\u00f4mes correspondants, modifiant et compl\u00e9tant les dispositions des articles 12 et 13 du d\u00e9cret ex\u00e9cutif n16-153 du 23 mai 2016 fixant les dispositions statutaires relatives aux dirigeants sportifs b\u00e9n\u00e9voles \u00e9lus, ce d\u00e9cret ex\u00e9cutif sign\u00e9 par le Premier ministre, M. A\u00efmene Benabderrahmane, a fix\u00e9 de nouvelles dispositions relatives aux conditions d&rsquo;\u00e9ligibilit\u00e9 au poste de pr\u00e9sident d&rsquo;une f\u00e9d\u00e9ration sportive, ligue sportive, club sportif amateur et association sportive.Un nouveau d\u00e9cret ex\u00e9cutif n22-309 publi\u00e9 le 12 septembre 2022, modifiant et compl\u00e9tant le d\u00e9cret ex\u00e9cutif n14-330 du 27 novembre 2014 fixant les modalit\u00e9s d&rsquo;organisation et de fonctionnement des f\u00e9d\u00e9rations sportives nationales ainsi que leur statut-type, a \u00e9t\u00e9 \u00e9galement promulgu\u00e9.A cet \u00e9gard, l&rsquo;Assembl\u00e9e g\u00e9n\u00e9rale des f\u00e9d\u00e9rations nationales est compos\u00e9e d\u2019anciens athl\u00e8tes m\u00e9daill\u00e9s lors des Jeux olympiques ou paralympiques ou championnats du monde, selon leurs disciplines, un repr\u00e9sentant des anciens athl\u00e8tes m\u00e9daill\u00e9s olympiques ou paralympiques des sports collectifs, \u00e9lu par ses pairs, dans la limite d&rsquo;un (1) athl\u00e8te pour dix (10) athl\u00e8tes, un repr\u00e9sentant des anciens athl\u00e8tes m\u00e9daill\u00e9s lors des championnats du monde des disciplines sportives non-olympiques reconnues par le comit\u00e9 international olympique, \u00e9lu par ses pairs dans la limite d&rsquo;un (1) athl\u00e8te pour dix (10) athl\u00e8tes.Pour rappel, les f\u00e9d\u00e9rations sportives nationales sont tenues de mettre leurs statuts en conformit\u00e9 avec les dispositions du pr\u00e9sent d\u00e9cret, six (6) mois, au plus tard, \u00e0 compter de sa publication au Journal officiel.La journ\u00e9e d\u2019information sur les nouveaux textes juridiques sur les associations sportives est organis\u00e9e par le Comit\u00e9 olympique et sportif alg\u00e9rien (COA), en collaboration avec le laboratoire des sciences, de l&rsquo;expertise et de la technologie des activit\u00e9s physiques et sportives.Les intervenants \u00e0 cette journ\u00e9e d&rsquo;information ont relev\u00e9 plusieurs questions li\u00e9es aux modalit\u00e9s d&rsquo;application de ces deux d\u00e9crets ex\u00e9cutifs au sein des clubs sportifs, ligues et f\u00e9d\u00e9rations sportives nationales.<\/p>\n\n\n\n<p>APS<\/p>\n","protected":false},"excerpt":{"rendered":"<p>Le ministre de la Jeunesse et des Sports, Abderrazak Sebgag, a affirm\u00e9 jeudi \u00e0 Alger, que les nouveaux textes juridiques<\/p>\n","protected":false},"author":3,"featured_media":4508,"comment_status":"open","ping_status":"closed","sticky":false,"template":"","format":"standard","meta":{"colormag_page_container_layout":"default_layout","colormag_page_sidebar_layout":"default_layout","om_disable_all_campaigns":false,"_monsterinsights_skip_tracking":false,"_monsterinsights_sitenote_active":false,"_monsterinsights_sitenote_note":"","_monsterinsights_sitenote_category":0,"footnotes":"","_wpscppro_dont_share_socialmedia":false,"_wpscppro_custom_social_share_image":0,"_facebook_share_type":"","_twitter_share_type":"","_linkedin_share_type":"","_pinterest_share_type":"","_linkedin_share_type_page":"","_instagram_share_type":"","_medium_share_type":"","_threads_share_type":"","_google_business_share_type":"","_selected_social_profile":[],"_wpsp_enable_custom_social_template":false,"_wpsp_social_scheduling":{"enabled":false,"datetime":null,"platforms":[],"status":"template_only","dateOption":"today","timeOption":"now","customDays":"","customHours":"","customDate":"","customTime":"","schedulingType":"absolute"},"_wpsp_active_default_template":true},"categories":[33],"tags":[],"class_list":["post-31928","post","type-post","status-publish","format-standard","has-post-thumbnail","hentry","category-sports"],"aioseo_notices":[],"yoast_head":"<!-- This site is optimized with the Yoast SEO plugin v27.5 - https:\/\/yoast.com\/product\/yoast-seo-wordpress\/ -->\n<title>F\u00e9d\u00e9rations sportives\u00a0: De nouveaux textes pour instaurer une nouvelle dynamique - La Sentinelle<\/title>\n<meta name=\"robots\" content=\"index, follow, max-snippet:-1, max-image-preview:large, max-video-preview:-1\" \/>\n<link rel=\"canonical\" href=\"https:\/\/lasentinelle.dz\/index.php\/2022\/12\/03\/federations-sportives-de-nouveaux-textes-pour-instaurer-une-nouvelle-dynamique\/\" \/>\n<meta property=\"og:locale\" content=\"fr_FR\" \/>\n<meta property=\"og:type\" content=\"article\" \/>\n<meta property=\"og:title\" content=\"F\u00e9d\u00e9rations sportives\u00a0: De nouveaux textes pour instaurer une nouvelle dynamique - La Sentinelle\" \/>\n<meta property=\"og:description\" content=\"Le ministre de la Jeunesse et des Sports, Abderrazak Sebgag, a affirm\u00e9 jeudi \u00e0 Alger, que les nouveaux textes juridiques\" \/>\n<meta property=\"og:url\" content=\"https:\/\/lasentinelle.dz\/index.php\/2022\/12\/03\/federations-sportives-de-nouveaux-textes-pour-instaurer-une-nouvelle-dynamique\/\" \/>\n<meta property=\"og:site_name\" content=\"La Sentinelle\" \/>\n<meta property=\"article:publisher\" content=\"https:\/\/www.facebook.com\/La-Sentinelle-104059864394773\" \/>\n<meta property=\"article:published_time\" content=\"2022-12-03T21:00:00+00:00\" \/>\n<meta property=\"og:image\" content=\"https:\/\/lasentinelle.dz\/wp-content\/uploads\/2021\/08\/Sebkak-1.png\" \/>\n\t<meta property=\"og:image:width\" content=\"1351\" \/>\n\t<meta property=\"og:image:height\" content=\"900\" \/>\n\t<meta property=\"og:image:type\" content=\"image\/png\" \/>\n<meta name=\"author\" content=\"La Sentinelle\" \/>\n<meta name=\"twitter:card\" content=\"summary_large_image\" \/>\n<meta name=\"twitter:label1\" content=\"\u00c9crit par\" \/>\n\t<meta name=\"twitter:data1\" content=\"La Sentinelle\" \/>\n\t<meta name=\"twitter:label2\" content=\"Dur\u00e9e de lecture estim\u00e9e\" \/>\n\t<meta name=\"twitter:data2\" content=\"3 minutes\" \/>\n<script type=\"application\/ld+json\" class=\"yoast-schema-graph\">{\"@context\":\"https:\\\/\\\/schema.org\",\"@graph\":[{\"@type\":\"Article\",\"@id\":\"https:\\\/\\\/lasentinelle.dz\\\/index.php\\\/2022\\\/12\\\/03\\\/federations-sportives-de-nouveaux-textes-pour-instaurer-une-nouvelle-dynamique\\\/#article\",\"isPartOf\":{\"@id\":\"https:\\\/\\\/lasentinelle.dz\\\/index.php\\\/2022\\\/12\\\/03\\\/federations-sportives-de-nouveaux-textes-pour-instaurer-une-nouvelle-dynamique\\\/\"},\"author\":{\"name\":\"La Sentinelle\",\"@id\":\"https:\\\/\\\/lasentinelle.dz\\\/#\\\/schema\\\/person\\\/d865044e22e70a75174ce8bcad3acfb3\"},\"headline\":\"F\u00e9d\u00e9rations sportives\u00a0: De nouveaux textes pour instaurer une nouvelle dynamique\",\"datePublished\":\"2022-12-03T21:00:00+00:00\",\"mainEntityOfPage\":{\"@id\":\"https:\\\/\\\/lasentinelle.dz\\\/index.php\\\/2022\\\/12\\\/03\\\/federations-sportives-de-nouveaux-textes-pour-instaurer-une-nouvelle-dynamique\\\/\"},\"wordCount\":698,\"commentCount\":0,\"publisher\":{\"@id\":\"https:\\\/\\\/lasentinelle.dz\\\/#organization\"},\"image\":{\"@id\":\"https:\\\/\\\/lasentinelle.dz\\\/index.php\\\/2022\\\/12\\\/03\\\/federations-sportives-de-nouveaux-textes-pour-instaurer-une-nouvelle-dynamique\\\/#primaryimage\"},\"thumbnailUrl\":\"https:\\\/\\\/lasentinelle.dz\\\/wp-content\\\/uploads\\\/2021\\\/08\\\/Sebkak-1.png\",\"articleSection\":[\"Sports\"],\"inLanguage\":\"fr-FR\",\"potentialAction\":[{\"@type\":\"CommentAction\",\"name\":\"Comment\",\"target\":[\"https:\\\/\\\/lasentinelle.dz\\\/index.php\\\/2022\\\/12\\\/03\\\/federations-sportives-de-nouveaux-textes-pour-instaurer-une-nouvelle-dynamique\\\/#respond\"]}]},{\"@type\":\"WebPage\",\"@id\":\"https:\\\/\\\/lasentinelle.dz\\\/index.php\\\/2022\\\/12\\\/03\\\/federations-sportives-de-nouveaux-textes-pour-instaurer-une-nouvelle-dynamique\\\/\",\"url\":\"https:\\\/\\\/lasentinelle.dz\\\/index.php\\\/2022\\\/12\\\/03\\\/federations-sportives-de-nouveaux-textes-pour-instaurer-une-nouvelle-dynamique\\\/\",\"name\":\"F\u00e9d\u00e9rations sportives\u00a0: De nouveaux textes pour instaurer une nouvelle dynamique - La Sentinelle\",\"isPartOf\":{\"@id\":\"https:\\\/\\\/lasentinelle.dz\\\/#website\"},\"primaryImageOfPage\":{\"@id\":\"https:\\\/\\\/lasentinelle.dz\\\/index.php\\\/2022\\\/12\\\/03\\\/federations-sportives-de-nouveaux-textes-pour-instaurer-une-nouvelle-dynamique\\\/#primaryimage\"},\"image\":{\"@id\":\"https:\\\/\\\/lasentinelle.dz\\\/index.php\\\/2022\\\/12\\\/03\\\/federations-sportives-de-nouveaux-textes-pour-instaurer-une-nouvelle-dynamique\\\/#primaryimage\"},\"thumbnailUrl\":\"https:\\\/\\\/lasentinelle.dz\\\/wp-content\\\/uploads\\\/2021\\\/08\\\/Sebkak-1.png\",\"datePublished\":\"2022-12-03T21:00:00+00:00\",\"breadcrumb\":{\"@id\":\"https:\\\/\\\/lasentinelle.dz\\\/index.php\\\/2022\\\/12\\\/03\\\/federations-sportives-de-nouveaux-textes-pour-instaurer-une-nouvelle-dynamique\\\/#breadcrumb\"},\"inLanguage\":\"fr-FR\",\"potentialAction\":[{\"@type\":\"ReadAction\",\"target\":[\"https:\\\/\\\/lasentinelle.dz\\\/index.php\\\/2022\\\/12\\\/03\\\/federations-sportives-de-nouveaux-textes-pour-instaurer-une-nouvelle-dynamique\\\/\"]}]},{\"@type\":\"ImageObject\",\"inLanguage\":\"fr-FR\",\"@id\":\"https:\\\/\\\/lasentinelle.dz\\\/index.php\\\/2022\\\/12\\\/03\\\/federations-sportives-de-nouveaux-textes-pour-instaurer-une-nouvelle-dynamique\\\/#primaryimage\",\"url\":\"https:\\\/\\\/lasentinelle.dz\\\/wp-content\\\/uploads\\\/2021\\\/08\\\/Sebkak-1.png\",\"contentUrl\":\"https:\\\/\\\/lasentinelle.dz\\\/wp-content\\\/uploads\\\/2021\\\/08\\\/Sebkak-1.png\",\"width\":1351,\"height\":900},{\"@type\":\"BreadcrumbList\",\"@id\":\"https:\\\/\\\/lasentinelle.dz\\\/index.php\\\/2022\\\/12\\\/03\\\/federations-sportives-de-nouveaux-textes-pour-instaurer-une-nouvelle-dynamique\\\/#breadcrumb\",\"itemListElement\":[{\"@type\":\"ListItem\",\"position\":1,\"name\":\"Accueil\",\"item\":\"https:\\\/\\\/lasentinelle.dz\\\/\"},{\"@type\":\"ListItem\",\"position\":2,\"name\":\"F\u00e9d\u00e9rations sportives\u00a0: De nouveaux textes pour instaurer une nouvelle dynamique\"}]},{\"@type\":\"WebSite\",\"@id\":\"https:\\\/\\\/lasentinelle.dz\\\/#website\",\"url\":\"https:\\\/\\\/lasentinelle.dz\\\/\",\"name\":\"La Sentinelle\",\"description\":\"Quotidien national d&#039;information\",\"publisher\":{\"@id\":\"https:\\\/\\\/lasentinelle.dz\\\/#organization\"},\"potentialAction\":[{\"@type\":\"SearchAction\",\"target\":{\"@type\":\"EntryPoint\",\"urlTemplate\":\"https:\\\/\\\/lasentinelle.dz\\\/?s={search_term_string}\"},\"query-input\":{\"@type\":\"PropertyValueSpecification\",\"valueRequired\":true,\"valueName\":\"search_term_string\"}}],\"inLanguage\":\"fr-FR\"},{\"@type\":\"Organization\",\"@id\":\"https:\\\/\\\/lasentinelle.dz\\\/#organization\",\"name\":\"Quotidien La Sentinelle\",\"url\":\"https:\\\/\\\/lasentinelle.dz\\\/\",\"logo\":{\"@type\":\"ImageObject\",\"inLanguage\":\"fr-FR\",\"@id\":\"https:\\\/\\\/lasentinelle.dz\\\/#\\\/schema\\\/logo\\\/image\\\/\",\"url\":\"https:\\\/\\\/lasentinelle.dz\\\/wp-content\\\/uploads\\\/2021\\\/09\\\/logo-sentinelleSLOGAN-1.png\",\"contentUrl\":\"https:\\\/\\\/lasentinelle.dz\\\/wp-content\\\/uploads\\\/2021\\\/09\\\/logo-sentinelleSLOGAN-1.png\",\"width\":615,\"height\":142,\"caption\":\"Quotidien La Sentinelle\"},\"image\":{\"@id\":\"https:\\\/\\\/lasentinelle.dz\\\/#\\\/schema\\\/logo\\\/image\\\/\"},\"sameAs\":[\"https:\\\/\\\/www.facebook.com\\\/La-Sentinelle-104059864394773\"]},{\"@type\":\"Person\",\"@id\":\"https:\\\/\\\/lasentinelle.dz\\\/#\\\/schema\\\/person\\\/d865044e22e70a75174ce8bcad3acfb3\",\"name\":\"La Sentinelle\",\"image\":{\"@type\":\"ImageObject\",\"inLanguage\":\"fr-FR\",\"@id\":\"https:\\\/\\\/secure.gravatar.com\\\/avatar\\\/57de8e5d4b15d43fb361a71fbb36338450fe67865b528a43dd10ef7c51a20392?s=96&d=mm&r=g\",\"url\":\"https:\\\/\\\/secure.gravatar.com\\\/avatar\\\/57de8e5d4b15d43fb361a71fbb36338450fe67865b528a43dd10ef7c51a20392?s=96&d=mm&r=g\",\"contentUrl\":\"https:\\\/\\\/secure.gravatar.com\\\/avatar\\\/57de8e5d4b15d43fb361a71fbb36338450fe67865b528a43dd10ef7c51a20392?s=96&d=mm&r=g\",\"caption\":\"La Sentinelle\"},\"sameAs\":[\"http:\\\/\\\/www.lasentinelle.dz\"],\"url\":\"https:\\\/\\\/lasentinelle.dz\\\/author\\\/redaction\\\/\"}]}<\/script>\n<!-- \/ Yoast SEO plugin. -->","yoast_head_json":{"title":"F\u00e9d\u00e9rations sportives\u00a0: De nouveaux textes pour instaurer une nouvelle dynamique - La Sentinelle","robots":{"index":"index","follow":"follow","max-snippet":"max-snippet:-1","max-image-preview":"max-image-preview:large","max-video-preview":"max-video-preview:-1"},"canonical":"https:\/\/lasentinelle.dz\/index.php\/2022\/12\/03\/federations-sportives-de-nouveaux-textes-pour-instaurer-une-nouvelle-dynamique\/","og_locale":"fr_FR","og_type":"article","og_title":"F\u00e9d\u00e9rations sportives\u00a0: De nouveaux textes pour instaurer une nouvelle dynamique - La Sentinelle","og_description":"Le ministre de la Jeunesse et des Sports, Abderrazak Sebgag, a affirm\u00e9 jeudi \u00e0 Alger, que les nouveaux textes juridiques","og_url":"https:\/\/lasentinelle.dz\/index.php\/2022\/12\/03\/federations-sportives-de-nouveaux-textes-pour-instaurer-une-nouvelle-dynamique\/","og_site_name":"La Sentinelle","article_publisher":"https:\/\/www.facebook.com\/La-Sentinelle-104059864394773","article_published_time":"2022-12-03T21:00:00+00:00","og_image":[{"width":1351,"height":900,"url":"https:\/\/lasentinelle.dz\/wp-content\/uploads\/2021\/08\/Sebkak-1.png","type":"image\/png"}],"author":"La Sentinelle","twitter_card":"summary_large_image","twitter_misc":{"\u00c9crit par":"La Sentinelle","Dur\u00e9e de lecture estim\u00e9e":"3 minutes"},"schema":{"@context":"https:\/\/schema.org","@graph":[{"@type":"Article","@id":"https:\/\/lasentinelle.dz\/index.php\/2022\/12\/03\/federations-sportives-de-nouveaux-textes-pour-instaurer-une-nouvelle-dynamique\/#article","isPartOf":{"@id":"https:\/\/lasentinelle.dz\/index.php\/2022\/12\/03\/federations-sportives-de-nouveaux-textes-pour-instaurer-une-nouvelle-dynamique\/"},"author":{"name":"La Sentinelle","@id":"https:\/\/lasentinelle.dz\/#\/schema\/person\/d865044e22e70a75174ce8bcad3acfb3"},"headline":"F\u00e9d\u00e9rations sportives\u00a0: De nouveaux textes pour instaurer une nouvelle dynamique","datePublished":"2022-12-03T21:00:00+00:00","mainEntityOfPage":{"@id":"https:\/\/lasentinelle.dz\/index.php\/2022\/12\/03\/federations-sportives-de-nouveaux-textes-pour-instaurer-une-nouvelle-dynamique\/"},"wordCount":698,"commentCount":0,"publisher":{"@id":"https:\/\/lasentinelle.dz\/#organization"},"image":{"@id":"https:\/\/lasentinelle.dz\/index.php\/2022\/12\/03\/federations-sportives-de-nouveaux-textes-pour-instaurer-une-nouvelle-dynamique\/#primaryimage"},"thumbnailUrl":"https:\/\/lasentinelle.dz\/wp-content\/uploads\/2021\/08\/Sebkak-1.png","articleSection":["Sports"],"inLanguage":"fr-FR","potentialAction":[{"@type":"CommentAction","name":"Comment","target":["https:\/\/lasentinelle.dz\/index.php\/2022\/12\/03\/federations-sportives-de-nouveaux-textes-pour-instaurer-une-nouvelle-dynamique\/#respond"]}]},{"@type":"WebPage","@id":"https:\/\/lasentinelle.dz\/index.php\/2022\/12\/03\/federations-sportives-de-nouveaux-textes-pour-instaurer-une-nouvelle-dynamique\/","url":"https:\/\/lasentinelle.dz\/index.php\/2022\/12\/03\/federations-sportives-de-nouveaux-textes-pour-instaurer-une-nouvelle-dynamique\/","name":"F\u00e9d\u00e9rations sportives\u00a0: De nouveaux textes pour instaurer une nouvelle dynamique - La Sentinelle","isPartOf":{"@id":"https:\/\/lasentinelle.dz\/#website"},"primaryImageOfPage":{"@id":"https:\/\/lasentinelle.dz\/index.php\/2022\/12\/03\/federations-sportives-de-nouveaux-textes-pour-instaurer-une-nouvelle-dynamique\/#primaryimage"},"image":{"@id":"https:\/\/lasentinelle.dz\/index.php\/2022\/12\/03\/federations-sportives-de-nouveaux-textes-pour-instaurer-une-nouvelle-dynamique\/#primaryimage"},"thumbnailUrl":"https:\/\/lasentinelle.dz\/wp-content\/uploads\/2021\/08\/Sebkak-1.png","datePublished":"2022-12-03T21:00:00+00:00","breadcrumb":{"@id":"https:\/\/lasentinelle.dz\/index.php\/2022\/12\/03\/federations-sportives-de-nouveaux-textes-pour-instaurer-une-nouvelle-dynamique\/#breadcrumb"},"inLanguage":"fr-FR","potentialAction":[{"@type":"ReadAction","target":["https:\/\/lasentinelle.dz\/index.php\/2022\/12\/03\/federations-sportives-de-nouveaux-textes-pour-instaurer-une-nouvelle-dynamique\/"]}]},{"@type":"ImageObject","inLanguage":"fr-FR","@id":"https:\/\/lasentinelle.dz\/index.php\/2022\/12\/03\/federations-sportives-de-nouveaux-textes-pour-instaurer-une-nouvelle-dynamique\/#primaryimage","url":"https:\/\/lasentinelle.dz\/wp-content\/uploads\/2021\/08\/Sebkak-1.png","contentUrl":"https:\/\/lasentinelle.dz\/wp-content\/uploads\/2021\/08\/Sebkak-1.png","width":1351,"height":900},{"@type":"BreadcrumbList","@id":"https:\/\/lasentinelle.dz\/index.php\/2022\/12\/03\/federations-sportives-de-nouveaux-textes-pour-instaurer-une-nouvelle-dynamique\/#breadcrumb","itemListElement":[{"@type":"ListItem","position":1,"name":"Accueil","item":"https:\/\/lasentinelle.dz\/"},{"@type":"ListItem","position":2,"name":"F\u00e9d\u00e9rations sportives\u00a0: De nouveaux textes pour instaurer une nouvelle dynamique"}]},{"@type":"WebSite","@id":"https:\/\/lasentinelle.dz\/#website","url":"https:\/\/lasentinelle.dz\/","name":"La Sentinelle","description":"Quotidien national d&#039;information","publisher":{"@id":"https:\/\/lasentinelle.dz\/#organization"},"potentialAction":[{"@type":"SearchAction","target":{"@type":"EntryPoint","urlTemplate":"https:\/\/lasentinelle.dz\/?s={search_term_string}"},"query-input":{"@type":"PropertyValueSpecification","valueRequired":true,"valueName":"search_term_string"}}],"inLanguage":"fr-FR"},{"@type":"Organization","@id":"https:\/\/lasentinelle.dz\/#organization","name":"Quotidien La Sentinelle","url":"https:\/\/lasentinelle.dz\/","logo":{"@type":"ImageObject","inLanguage":"fr-FR","@id":"https:\/\/lasentinelle.dz\/#\/schema\/logo\/image\/","url":"https:\/\/lasentinelle.dz\/wp-content\/uploads\/2021\/09\/logo-sentinelleSLOGAN-1.png","contentUrl":"https:\/\/lasentinelle.dz\/wp-content\/uploads\/2021\/09\/logo-sentinelleSLOGAN-1.png","width":615,"height":142,"caption":"Quotidien La Sentinelle"},"image":{"@id":"https:\/\/lasentinelle.dz\/#\/schema\/logo\/image\/"},"sameAs":["https:\/\/www.facebook.com\/La-Sentinelle-104059864394773"]},{"@type":"Person","@id":"https:\/\/lasentinelle.dz\/#\/schema\/person\/d865044e22e70a75174ce8bcad3acfb3","name":"La Sentinelle","image":{"@type":"ImageObject","inLanguage":"fr-FR","@id":"https:\/\/secure.gravatar.com\/avatar\/57de8e5d4b15d43fb361a71fbb36338450fe67865b528a43dd10ef7c51a20392?s=96&d=mm&r=g","url":"https:\/\/secure.gravatar.com\/avatar\/57de8e5d4b15d43fb361a71fbb36338450fe67865b528a43dd10ef7c51a20392?s=96&d=mm&r=g","contentUrl":"https:\/\/secure.gravatar.com\/avatar\/57de8e5d4b15d43fb361a71fbb36338450fe67865b528a43dd10ef7c51a20392?s=96&d=mm&r=g","caption":"La Sentinelle"},"sameAs":["http:\/\/www.lasentinelle.dz"],"url":"https:\/\/lasentinelle.dz\/author\/redaction\/"}]}},"_links":{"self":[{"href":"https:\/\/lasentinelle.dz\/index.php\/wp-json\/wp\/v2\/posts\/31928","targetHints":{"allow":["GET"]}}],"collection":[{"href":"https:\/\/lasentinelle.dz\/index.php\/wp-json\/wp\/v2\/posts"}],"about":[{"href":"https:\/\/lasentinelle.dz\/index.php\/wp-json\/wp\/v2\/types\/post"}],"author":[{"embeddable":true,"href":"https:\/\/lasentinelle.dz\/index.php\/wp-json\/wp\/v2\/users\/3"}],"replies":[{"embeddable":true,"href":"https:\/\/lasentinelle.dz\/index.php\/wp-json\/wp\/v2\/comments?post=31928"}],"version-history":[{"count":1,"href":"https:\/\/lasentinelle.dz\/index.php\/wp-json\/wp\/v2\/posts\/31928\/revisions"}],"predecessor-version":[{"id":31929,"href":"https:\/\/lasentinelle.dz\/index.php\/wp-json\/wp\/v2\/posts\/31928\/revisions\/31929"}],"wp:featuredmedia":[{"embeddable":true,"href":"https:\/\/lasentinelle.dz\/index.php\/wp-json\/wp\/v2\/media\/4508"}],"wp:attachment":[{"href":"https:\/\/lasentinelle.dz\/index.php\/wp-json\/wp\/v2\/media?parent=31928"}],"wp:term":[{"taxonomy":"category","embeddable":true,"href":"https:\/\/lasentinelle.dz\/index.php\/wp-json\/wp\/v2\/categories?post=31928"},{"taxonomy":"post_tag","embeddable":true,"href":"https:\/\/lasentinelle.dz\/index.php\/wp-json\/wp\/v2\/tags?post=31928"}],"curies":[{"name":"wp","href":"https:\/\/api.w.org\/{rel}","templated":true}]}}