{"id":32055,"date":"2022-12-05T22:00:00","date_gmt":"2022-12-05T21:00:00","guid":{"rendered":"https:\/\/lasentinelle.dz\/?p=32055"},"modified":"2022-12-05T16:56:38","modified_gmt":"2022-12-05T15:56:38","slug":"soudan-militaires-et-civils-signent-un-accord-pour-mettre-fin-a-la-crise-politique","status":"publish","type":"post","link":"https:\/\/lasentinelle.dz\/index.php\/2022\/12\/05\/soudan-militaires-et-civils-signent-un-accord-pour-mettre-fin-a-la-crise-politique\/","title":{"rendered":"Soudan\u00a0: Militaires et civils signent un accord pour mettre fin \u00e0 la crise politique"},"content":{"rendered":"\n<p>Les dirigeants militaires et civils soudanais ont sign\u00e9 hier un premier accord visant \u00e0 mettre fin \u00e0 une crise profonde qui s\u00e9vit dans ce pays d&rsquo;Afrique du Nord-Est depuis le coup d&rsquo;\u00c9tat il y a un peu plus d&rsquo;un an. L&rsquo;accord, qui s&rsquo;inscrit dans un processus politique en deux phases, intervient apr\u00e8s le putsch du g\u00e9n\u00e9ral Abdel Fattah al-Burhane le 25 octobre 2021, qui a fait d\u00e9railler la transition vers un r\u00e9gime civil.&nbsp;<\/p>\n\n\n\n<p>Depuis, des manifestations quasi hebdomadaires contre le putsch ont lieu dans ce pays frapp\u00e9 par une crise \u00e9conomique et une mont\u00e9e de la violence interethnique. Le g\u00e9n\u00e9ral Burhane a promis il y a plusieurs mois un retrait de l\u2019arm\u00e9e du pouvoir pour permettre aux groupes politiques de former un gouvernement civil, alors que les manifestations anti-putsh ont fait au mois 120 morts depuis un an.L\u2019accord-cadre a \u00e9t\u00e9 sign\u00e9 par le g\u00e9n\u00e9ral Burhane, le commandant paramilitaire Mohamed Hamdan Daglo ainsi que plusieurs groupes civils, notamment les Forces pour la libert\u00e9 et le changement (FFC) qui ont \u00e9t\u00e9 \u00e9vinc\u00e9es lors du coup d\u2019\u00c9tat. Le document a \u00e9t\u00e9 n\u00e9goci\u00e9 en pr\u00e9sence de responsables des Nations unies, de diplomates occidentaux ainsi que d&rsquo;Arabie saoudite et des \u00c9mirats arabes unis, selon la FFC. La signature s\u2019est d\u00e9roul\u00e9e en pr\u00e9sence du repr\u00e9sentant sp\u00e9cial de l\u2019ONU, Volker Perthes, et celui de l\u2019Union africaine, Mohamed Belaish.L\u2019accord a \u00e9t\u00e9 annonc\u00e9 \u00e0 l\u2019issue d\u2019une r\u00e9union entre les Forces pour la libert\u00e9 et le changement et d\u2019autres groupes politiques avec de hauts responsables militaires, en pr\u00e9sence de responsables de l\u2019Union africaine, de l\u2019ONU, de l\u2019IGAD, ainsi que de diplomates occidentaux. Il constitue la premi\u00e8re \u00e9tape d\u2019un processus politique en deux phases. Dans un premier temps, \u00ab l\u2019accord-cadre jette les bases de l\u2019\u00e9tablissement d\u2019une autorit\u00e9 civile de transition \u00bb. La deuxi\u00e8me phase comprend un accord final traitant de questions telles que la justice transitionnelle et les r\u00e9formes de l\u2019arm\u00e9e, phase qui devrait \u00eatre achev\u00e9e \u00ab d\u2019ici quelques semaines \u00bb, selon un communiqu\u00e9 des FFC.Est-ce l\u2019\u00e9pilogue de la crise soudanaise ? Pas \u00e9vident. L\u2019accord en question ne fait pas l\u2019unanimit\u00e9 pour le moment. Les militants pro-d\u00e9mocratie oppos\u00e9s \u00e0 \u00ab toute n\u00e9gociation, tout partenariat \u00bb avec l\u2019arm\u00e9e depuis le coup d\u2019\u00c9tat ont appel\u00e9 \u00e0 des manifestations de masse contre l\u2019accord. Les principaux anciens dirigeants rebelles, qui ont sign\u00e9 la paix avec le Soudan en 2020 et soutenu l\u2019arm\u00e9e apr\u00e8s le coup d\u2019\u00c9tat, ont \u00e9galement exprim\u00e9 leur opposition \u00e0 l\u2019accord. Le porte-parole de l\u2019ex-mouvement rebelle Justice et \u00c9galit\u00e9, Mohamed Zakaraia, a vivement critiqu\u00e9 l\u2019accord, estimant qu\u2019il entra\u00eenerait \u00ab des cons\u00e9quences d\u00e9sastreuses et compliquerait davantage la vie politique \u00bb.<\/p>\n\n\n\n<p><strong>Khider L.<\/strong><\/p>\n","protected":false},"excerpt":{"rendered":"<p>Les dirigeants militaires et civils soudanais ont sign\u00e9 hier un premier accord visant \u00e0 mettre fin \u00e0 une crise profonde<\/p>\n","protected":false},"author":3,"featured_media":32059,"comment_status":"open","ping_status":"closed","sticky":false,"template":"","format":"standard","meta":{"colormag_page_container_layout":"default_layout","colormag_page_sidebar_layout":"default_layout","om_disable_all_campaigns":false,"_monsterinsights_skip_tracking":false,"_monsterinsights_sitenote_active":false,"_monsterinsights_sitenote_note":"","_monsterinsights_sitenote_category":0,"footnotes":"","_wpscppro_dont_share_socialmedia":false,"_wpscppro_custom_social_share_image":0,"_facebook_share_type":"","_twitter_share_type":"","_linkedin_share_type":"","_pinterest_share_type":"","_linkedin_share_type_page":"","_instagram_share_type":"","_medium_share_type":"","_threads_share_type":"","_google_business_share_type":"","_selected_social_profile":[],"_wpsp_enable_custom_social_template":false,"_wpsp_social_scheduling":{"enabled":false,"datetime":null,"platforms":[],"status":"template_only","dateOption":"today","timeOption":"now","customDays":"","customHours":"","customDate":"","customTime":"","schedulingType":"absolute"},"_wpsp_active_default_template":true},"categories":[37],"tags":[],"class_list":["post-32055","post","type-post","status-publish","format-standard","has-post-thumbnail","hentry","category-monde"],"aioseo_notices":[],"yoast_head":"<!-- This site is optimized with the Yoast SEO plugin v27.5 - https:\/\/yoast.com\/product\/yoast-seo-wordpress\/ -->\n<title>Soudan\u00a0: Militaires et civils signent un accord pour mettre fin \u00e0 la crise politique - La Sentinelle<\/title>\n<meta name=\"robots\" content=\"index, follow, max-snippet:-1, max-image-preview:large, max-video-preview:-1\" \/>\n<link rel=\"canonical\" href=\"https:\/\/lasentinelle.dz\/index.php\/2022\/12\/05\/soudan-militaires-et-civils-signent-un-accord-pour-mettre-fin-a-la-crise-politique\/\" \/>\n<meta property=\"og:locale\" content=\"fr_FR\" \/>\n<meta property=\"og:type\" content=\"article\" \/>\n<meta property=\"og:title\" content=\"Soudan\u00a0: Militaires et civils signent un accord pour mettre fin \u00e0 la crise politique - La Sentinelle\" \/>\n<meta property=\"og:description\" content=\"Les dirigeants militaires et civils soudanais ont sign\u00e9 hier un premier accord visant \u00e0 mettre fin \u00e0 une crise profonde\" \/>\n<meta property=\"og:url\" content=\"https:\/\/lasentinelle.dz\/index.php\/2022\/12\/05\/soudan-militaires-et-civils-signent-un-accord-pour-mettre-fin-a-la-crise-politique\/\" \/>\n<meta property=\"og:site_name\" content=\"La Sentinelle\" \/>\n<meta property=\"article:publisher\" content=\"https:\/\/www.facebook.com\/La-Sentinelle-104059864394773\" \/>\n<meta property=\"article:published_time\" content=\"2022-12-05T21:00:00+00:00\" \/>\n<meta property=\"og:image\" content=\"https:\/\/lasentinelle.dz\/wp-content\/uploads\/2022\/12\/Sans-titre-1.png\" \/>\n\t<meta property=\"og:image:width\" content=\"1406\" \/>\n\t<meta property=\"og:image:height\" content=\"900\" \/>\n\t<meta property=\"og:image:type\" content=\"image\/png\" \/>\n<meta name=\"author\" content=\"La Sentinelle\" \/>\n<meta name=\"twitter:card\" content=\"summary_large_image\" \/>\n<meta name=\"twitter:label1\" content=\"\u00c9crit par\" \/>\n\t<meta name=\"twitter:data1\" content=\"La Sentinelle\" \/>\n\t<meta name=\"twitter:label2\" content=\"Dur\u00e9e de lecture estim\u00e9e\" \/>\n\t<meta name=\"twitter:data2\" content=\"3 minutes\" \/>\n<script type=\"application\/ld+json\" class=\"yoast-schema-graph\">{\"@context\":\"https:\\\/\\\/schema.org\",\"@graph\":[{\"@type\":\"Article\",\"@id\":\"https:\\\/\\\/lasentinelle.dz\\\/index.php\\\/2022\\\/12\\\/05\\\/soudan-militaires-et-civils-signent-un-accord-pour-mettre-fin-a-la-crise-politique\\\/#article\",\"isPartOf\":{\"@id\":\"https:\\\/\\\/lasentinelle.dz\\\/index.php\\\/2022\\\/12\\\/05\\\/soudan-militaires-et-civils-signent-un-accord-pour-mettre-fin-a-la-crise-politique\\\/\"},\"author\":{\"name\":\"La Sentinelle\",\"@id\":\"https:\\\/\\\/lasentinelle.dz\\\/#\\\/schema\\\/person\\\/d865044e22e70a75174ce8bcad3acfb3\"},\"headline\":\"Soudan\u00a0: Militaires et civils signent un accord pour mettre fin \u00e0 la crise politique\",\"datePublished\":\"2022-12-05T21:00:00+00:00\",\"mainEntityOfPage\":{\"@id\":\"https:\\\/\\\/lasentinelle.dz\\\/index.php\\\/2022\\\/12\\\/05\\\/soudan-militaires-et-civils-signent-un-accord-pour-mettre-fin-a-la-crise-politique\\\/\"},\"wordCount\":499,\"commentCount\":0,\"publisher\":{\"@id\":\"https:\\\/\\\/lasentinelle.dz\\\/#organization\"},\"image\":{\"@id\":\"https:\\\/\\\/lasentinelle.dz\\\/index.php\\\/2022\\\/12\\\/05\\\/soudan-militaires-et-civils-signent-un-accord-pour-mettre-fin-a-la-crise-politique\\\/#primaryimage\"},\"thumbnailUrl\":\"https:\\\/\\\/lasentinelle.dz\\\/wp-content\\\/uploads\\\/2022\\\/12\\\/Sans-titre-1.png\",\"articleSection\":[\"Monde\"],\"inLanguage\":\"fr-FR\",\"potentialAction\":[{\"@type\":\"CommentAction\",\"name\":\"Comment\",\"target\":[\"https:\\\/\\\/lasentinelle.dz\\\/index.php\\\/2022\\\/12\\\/05\\\/soudan-militaires-et-civils-signent-un-accord-pour-mettre-fin-a-la-crise-politique\\\/#respond\"]}]},{\"@type\":\"WebPage\",\"@id\":\"https:\\\/\\\/lasentinelle.dz\\\/index.php\\\/2022\\\/12\\\/05\\\/soudan-militaires-et-civils-signent-un-accord-pour-mettre-fin-a-la-crise-politique\\\/\",\"url\":\"https:\\\/\\\/lasentinelle.dz\\\/index.php\\\/2022\\\/12\\\/05\\\/soudan-militaires-et-civils-signent-un-accord-pour-mettre-fin-a-la-crise-politique\\\/\",\"name\":\"Soudan\u00a0: Militaires et civils signent un accord pour mettre fin \u00e0 la crise politique - La Sentinelle\",\"isPartOf\":{\"@id\":\"https:\\\/\\\/lasentinelle.dz\\\/#website\"},\"primaryImageOfPage\":{\"@id\":\"https:\\\/\\\/lasentinelle.dz\\\/index.php\\\/2022\\\/12\\\/05\\\/soudan-militaires-et-civils-signent-un-accord-pour-mettre-fin-a-la-crise-politique\\\/#primaryimage\"},\"image\":{\"@id\":\"https:\\\/\\\/lasentinelle.dz\\\/index.php\\\/2022\\\/12\\\/05\\\/soudan-militaires-et-civils-signent-un-accord-pour-mettre-fin-a-la-crise-politique\\\/#primaryimage\"},\"thumbnailUrl\":\"https:\\\/\\\/lasentinelle.dz\\\/wp-content\\\/uploads\\\/2022\\\/12\\\/Sans-titre-1.png\",\"datePublished\":\"2022-12-05T21:00:00+00:00\",\"breadcrumb\":{\"@id\":\"https:\\\/\\\/lasentinelle.dz\\\/index.php\\\/2022\\\/12\\\/05\\\/soudan-militaires-et-civils-signent-un-accord-pour-mettre-fin-a-la-crise-politique\\\/#breadcrumb\"},\"inLanguage\":\"fr-FR\",\"potentialAction\":[{\"@type\":\"ReadAction\",\"target\":[\"https:\\\/\\\/lasentinelle.dz\\\/index.php\\\/2022\\\/12\\\/05\\\/soudan-militaires-et-civils-signent-un-accord-pour-mettre-fin-a-la-crise-politique\\\/\"]}]},{\"@type\":\"ImageObject\",\"inLanguage\":\"fr-FR\",\"@id\":\"https:\\\/\\\/lasentinelle.dz\\\/index.php\\\/2022\\\/12\\\/05\\\/soudan-militaires-et-civils-signent-un-accord-pour-mettre-fin-a-la-crise-politique\\\/#primaryimage\",\"url\":\"https:\\\/\\\/lasentinelle.dz\\\/wp-content\\\/uploads\\\/2022\\\/12\\\/Sans-titre-1.png\",\"contentUrl\":\"https:\\\/\\\/lasentinelle.dz\\\/wp-content\\\/uploads\\\/2022\\\/12\\\/Sans-titre-1.png\",\"width\":1406,\"height\":900},{\"@type\":\"BreadcrumbList\",\"@id\":\"https:\\\/\\\/lasentinelle.dz\\\/index.php\\\/2022\\\/12\\\/05\\\/soudan-militaires-et-civils-signent-un-accord-pour-mettre-fin-a-la-crise-politique\\\/#breadcrumb\",\"itemListElement\":[{\"@type\":\"ListItem\",\"position\":1,\"name\":\"Accueil\",\"item\":\"https:\\\/\\\/lasentinelle.dz\\\/\"},{\"@type\":\"ListItem\",\"position\":2,\"name\":\"Soudan\u00a0: Militaires et civils signent un accord pour mettre fin \u00e0 la crise politique\"}]},{\"@type\":\"WebSite\",\"@id\":\"https:\\\/\\\/lasentinelle.dz\\\/#website\",\"url\":\"https:\\\/\\\/lasentinelle.dz\\\/\",\"name\":\"La Sentinelle\",\"description\":\"Quotidien national d&#039;information\",\"publisher\":{\"@id\":\"https:\\\/\\\/lasentinelle.dz\\\/#organization\"},\"potentialAction\":[{\"@type\":\"SearchAction\",\"target\":{\"@type\":\"EntryPoint\",\"urlTemplate\":\"https:\\\/\\\/lasentinelle.dz\\\/?s={search_term_string}\"},\"query-input\":{\"@type\":\"PropertyValueSpecification\",\"valueRequired\":true,\"valueName\":\"search_term_string\"}}],\"inLanguage\":\"fr-FR\"},{\"@type\":\"Organization\",\"@id\":\"https:\\\/\\\/lasentinelle.dz\\\/#organization\",\"name\":\"Quotidien La Sentinelle\",\"url\":\"https:\\\/\\\/lasentinelle.dz\\\/\",\"logo\":{\"@type\":\"ImageObject\",\"inLanguage\":\"fr-FR\",\"@id\":\"https:\\\/\\\/lasentinelle.dz\\\/#\\\/schema\\\/logo\\\/image\\\/\",\"url\":\"https:\\\/\\\/lasentinelle.dz\\\/wp-content\\\/uploads\\\/2021\\\/09\\\/logo-sentinelleSLOGAN-1.png\",\"contentUrl\":\"https:\\\/\\\/lasentinelle.dz\\\/wp-content\\\/uploads\\\/2021\\\/09\\\/logo-sentinelleSLOGAN-1.png\",\"width\":615,\"height\":142,\"caption\":\"Quotidien La Sentinelle\"},\"image\":{\"@id\":\"https:\\\/\\\/lasentinelle.dz\\\/#\\\/schema\\\/logo\\\/image\\\/\"},\"sameAs\":[\"https:\\\/\\\/www.facebook.com\\\/La-Sentinelle-104059864394773\"]},{\"@type\":\"Person\",\"@id\":\"https:\\\/\\\/lasentinelle.dz\\\/#\\\/schema\\\/person\\\/d865044e22e70a75174ce8bcad3acfb3\",\"name\":\"La Sentinelle\",\"image\":{\"@type\":\"ImageObject\",\"inLanguage\":\"fr-FR\",\"@id\":\"https:\\\/\\\/secure.gravatar.com\\\/avatar\\\/57de8e5d4b15d43fb361a71fbb36338450fe67865b528a43dd10ef7c51a20392?s=96&d=mm&r=g\",\"url\":\"https:\\\/\\\/secure.gravatar.com\\\/avatar\\\/57de8e5d4b15d43fb361a71fbb36338450fe67865b528a43dd10ef7c51a20392?s=96&d=mm&r=g\",\"contentUrl\":\"https:\\\/\\\/secure.gravatar.com\\\/avatar\\\/57de8e5d4b15d43fb361a71fbb36338450fe67865b528a43dd10ef7c51a20392?s=96&d=mm&r=g\",\"caption\":\"La Sentinelle\"},\"sameAs\":[\"http:\\\/\\\/www.lasentinelle.dz\"],\"url\":\"https:\\\/\\\/lasentinelle.dz\\\/author\\\/redaction\\\/\"}]}<\/script>\n<!-- \/ Yoast SEO plugin. -->","yoast_head_json":{"title":"Soudan\u00a0: Militaires et civils signent un accord pour mettre fin \u00e0 la crise politique - La Sentinelle","robots":{"index":"index","follow":"follow","max-snippet":"max-snippet:-1","max-image-preview":"max-image-preview:large","max-video-preview":"max-video-preview:-1"},"canonical":"https:\/\/lasentinelle.dz\/index.php\/2022\/12\/05\/soudan-militaires-et-civils-signent-un-accord-pour-mettre-fin-a-la-crise-politique\/","og_locale":"fr_FR","og_type":"article","og_title":"Soudan\u00a0: Militaires et civils signent un accord pour mettre fin \u00e0 la crise politique - La Sentinelle","og_description":"Les dirigeants militaires et civils soudanais ont sign\u00e9 hier un premier accord visant \u00e0 mettre fin \u00e0 une crise profonde","og_url":"https:\/\/lasentinelle.dz\/index.php\/2022\/12\/05\/soudan-militaires-et-civils-signent-un-accord-pour-mettre-fin-a-la-crise-politique\/","og_site_name":"La Sentinelle","article_publisher":"https:\/\/www.facebook.com\/La-Sentinelle-104059864394773","article_published_time":"2022-12-05T21:00:00+00:00","og_image":[{"width":1406,"height":900,"url":"https:\/\/lasentinelle.dz\/wp-content\/uploads\/2022\/12\/Sans-titre-1.png","type":"image\/png"}],"author":"La Sentinelle","twitter_card":"summary_large_image","twitter_misc":{"\u00c9crit par":"La Sentinelle","Dur\u00e9e de lecture estim\u00e9e":"3 minutes"},"schema":{"@context":"https:\/\/schema.org","@graph":[{"@type":"Article","@id":"https:\/\/lasentinelle.dz\/index.php\/2022\/12\/05\/soudan-militaires-et-civils-signent-un-accord-pour-mettre-fin-a-la-crise-politique\/#article","isPartOf":{"@id":"https:\/\/lasentinelle.dz\/index.php\/2022\/12\/05\/soudan-militaires-et-civils-signent-un-accord-pour-mettre-fin-a-la-crise-politique\/"},"author":{"name":"La Sentinelle","@id":"https:\/\/lasentinelle.dz\/#\/schema\/person\/d865044e22e70a75174ce8bcad3acfb3"},"headline":"Soudan\u00a0: Militaires et civils signent un accord pour mettre fin \u00e0 la crise politique","datePublished":"2022-12-05T21:00:00+00:00","mainEntityOfPage":{"@id":"https:\/\/lasentinelle.dz\/index.php\/2022\/12\/05\/soudan-militaires-et-civils-signent-un-accord-pour-mettre-fin-a-la-crise-politique\/"},"wordCount":499,"commentCount":0,"publisher":{"@id":"https:\/\/lasentinelle.dz\/#organization"},"image":{"@id":"https:\/\/lasentinelle.dz\/index.php\/2022\/12\/05\/soudan-militaires-et-civils-signent-un-accord-pour-mettre-fin-a-la-crise-politique\/#primaryimage"},"thumbnailUrl":"https:\/\/lasentinelle.dz\/wp-content\/uploads\/2022\/12\/Sans-titre-1.png","articleSection":["Monde"],"inLanguage":"fr-FR","potentialAction":[{"@type":"CommentAction","name":"Comment","target":["https:\/\/lasentinelle.dz\/index.php\/2022\/12\/05\/soudan-militaires-et-civils-signent-un-accord-pour-mettre-fin-a-la-crise-politique\/#respond"]}]},{"@type":"WebPage","@id":"https:\/\/lasentinelle.dz\/index.php\/2022\/12\/05\/soudan-militaires-et-civils-signent-un-accord-pour-mettre-fin-a-la-crise-politique\/","url":"https:\/\/lasentinelle.dz\/index.php\/2022\/12\/05\/soudan-militaires-et-civils-signent-un-accord-pour-mettre-fin-a-la-crise-politique\/","name":"Soudan\u00a0: Militaires et civils signent un accord pour mettre fin \u00e0 la crise politique - La Sentinelle","isPartOf":{"@id":"https:\/\/lasentinelle.dz\/#website"},"primaryImageOfPage":{"@id":"https:\/\/lasentinelle.dz\/index.php\/2022\/12\/05\/soudan-militaires-et-civils-signent-un-accord-pour-mettre-fin-a-la-crise-politique\/#primaryimage"},"image":{"@id":"https:\/\/lasentinelle.dz\/index.php\/2022\/12\/05\/soudan-militaires-et-civils-signent-un-accord-pour-mettre-fin-a-la-crise-politique\/#primaryimage"},"thumbnailUrl":"https:\/\/lasentinelle.dz\/wp-content\/uploads\/2022\/12\/Sans-titre-1.png","datePublished":"2022-12-05T21:00:00+00:00","breadcrumb":{"@id":"https:\/\/lasentinelle.dz\/index.php\/2022\/12\/05\/soudan-militaires-et-civils-signent-un-accord-pour-mettre-fin-a-la-crise-politique\/#breadcrumb"},"inLanguage":"fr-FR","potentialAction":[{"@type":"ReadAction","target":["https:\/\/lasentinelle.dz\/index.php\/2022\/12\/05\/soudan-militaires-et-civils-signent-un-accord-pour-mettre-fin-a-la-crise-politique\/"]}]},{"@type":"ImageObject","inLanguage":"fr-FR","@id":"https:\/\/lasentinelle.dz\/index.php\/2022\/12\/05\/soudan-militaires-et-civils-signent-un-accord-pour-mettre-fin-a-la-crise-politique\/#primaryimage","url":"https:\/\/lasentinelle.dz\/wp-content\/uploads\/2022\/12\/Sans-titre-1.png","contentUrl":"https:\/\/lasentinelle.dz\/wp-content\/uploads\/2022\/12\/Sans-titre-1.png","width":1406,"height":900},{"@type":"BreadcrumbList","@id":"https:\/\/lasentinelle.dz\/index.php\/2022\/12\/05\/soudan-militaires-et-civils-signent-un-accord-pour-mettre-fin-a-la-crise-politique\/#breadcrumb","itemListElement":[{"@type":"ListItem","position":1,"name":"Accueil","item":"https:\/\/lasentinelle.dz\/"},{"@type":"ListItem","position":2,"name":"Soudan\u00a0: Militaires et civils signent un accord pour mettre fin \u00e0 la crise politique"}]},{"@type":"WebSite","@id":"https:\/\/lasentinelle.dz\/#website","url":"https:\/\/lasentinelle.dz\/","name":"La Sentinelle","description":"Quotidien national d&#039;information","publisher":{"@id":"https:\/\/lasentinelle.dz\/#organization"},"potentialAction":[{"@type":"SearchAction","target":{"@type":"EntryPoint","urlTemplate":"https:\/\/lasentinelle.dz\/?s={search_term_string}"},"query-input":{"@type":"PropertyValueSpecification","valueRequired":true,"valueName":"search_term_string"}}],"inLanguage":"fr-FR"},{"@type":"Organization","@id":"https:\/\/lasentinelle.dz\/#organization","name":"Quotidien La Sentinelle","url":"https:\/\/lasentinelle.dz\/","logo":{"@type":"ImageObject","inLanguage":"fr-FR","@id":"https:\/\/lasentinelle.dz\/#\/schema\/logo\/image\/","url":"https:\/\/lasentinelle.dz\/wp-content\/uploads\/2021\/09\/logo-sentinelleSLOGAN-1.png","contentUrl":"https:\/\/lasentinelle.dz\/wp-content\/uploads\/2021\/09\/logo-sentinelleSLOGAN-1.png","width":615,"height":142,"caption":"Quotidien La Sentinelle"},"image":{"@id":"https:\/\/lasentinelle.dz\/#\/schema\/logo\/image\/"},"sameAs":["https:\/\/www.facebook.com\/La-Sentinelle-104059864394773"]},{"@type":"Person","@id":"https:\/\/lasentinelle.dz\/#\/schema\/person\/d865044e22e70a75174ce8bcad3acfb3","name":"La Sentinelle","image":{"@type":"ImageObject","inLanguage":"fr-FR","@id":"https:\/\/secure.gravatar.com\/avatar\/57de8e5d4b15d43fb361a71fbb36338450fe67865b528a43dd10ef7c51a20392?s=96&d=mm&r=g","url":"https:\/\/secure.gravatar.com\/avatar\/57de8e5d4b15d43fb361a71fbb36338450fe67865b528a43dd10ef7c51a20392?s=96&d=mm&r=g","contentUrl":"https:\/\/secure.gravatar.com\/avatar\/57de8e5d4b15d43fb361a71fbb36338450fe67865b528a43dd10ef7c51a20392?s=96&d=mm&r=g","caption":"La Sentinelle"},"sameAs":["http:\/\/www.lasentinelle.dz"],"url":"https:\/\/lasentinelle.dz\/author\/redaction\/"}]}},"_links":{"self":[{"href":"https:\/\/lasentinelle.dz\/index.php\/wp-json\/wp\/v2\/posts\/32055","targetHints":{"allow":["GET"]}}],"collection":[{"href":"https:\/\/lasentinelle.dz\/index.php\/wp-json\/wp\/v2\/posts"}],"about":[{"href":"https:\/\/lasentinelle.dz\/index.php\/wp-json\/wp\/v2\/types\/post"}],"author":[{"embeddable":true,"href":"https:\/\/lasentinelle.dz\/index.php\/wp-json\/wp\/v2\/users\/3"}],"replies":[{"embeddable":true,"href":"https:\/\/lasentinelle.dz\/index.php\/wp-json\/wp\/v2\/comments?post=32055"}],"version-history":[{"count":1,"href":"https:\/\/lasentinelle.dz\/index.php\/wp-json\/wp\/v2\/posts\/32055\/revisions"}],"predecessor-version":[{"id":32060,"href":"https:\/\/lasentinelle.dz\/index.php\/wp-json\/wp\/v2\/posts\/32055\/revisions\/32060"}],"wp:featuredmedia":[{"embeddable":true,"href":"https:\/\/lasentinelle.dz\/index.php\/wp-json\/wp\/v2\/media\/32059"}],"wp:attachment":[{"href":"https:\/\/lasentinelle.dz\/index.php\/wp-json\/wp\/v2\/media?parent=32055"}],"wp:term":[{"taxonomy":"category","embeddable":true,"href":"https:\/\/lasentinelle.dz\/index.php\/wp-json\/wp\/v2\/categories?post=32055"},{"taxonomy":"post_tag","embeddable":true,"href":"https:\/\/lasentinelle.dz\/index.php\/wp-json\/wp\/v2\/tags?post=32055"}],"curies":[{"name":"wp","href":"https:\/\/api.w.org\/{rel}","templated":true}]}}