{"id":32112,"date":"2022-12-05T22:10:00","date_gmt":"2022-12-05T21:10:00","guid":{"rendered":"https:\/\/lasentinelle.dz\/?p=32112"},"modified":"2022-12-05T21:08:47","modified_gmt":"2022-12-05T20:08:47","slug":"elle-evoque-un-plan-mattei-pour-lafrique-et-un-hub-energetique-mediterraneen-lappel-du-pied-de-giorgia-meloni-a-lalgerie","status":"publish","type":"post","link":"https:\/\/lasentinelle.dz\/index.php\/2022\/12\/05\/elle-evoque-un-plan-mattei-pour-lafrique-et-un-hub-energetique-mediterraneen-lappel-du-pied-de-giorgia-meloni-a-lalgerie\/","title":{"rendered":"Elle \u00e9voque un \u00ab\u00a0Plan Matte\u00ef\u00a0\u00bb pour l\u2019Afrique et un hub \u00e9nerg\u00e9tique m\u00e9diterran\u00e9en\u00a0: L\u2019appel du pied de Giorgia Meloni \u00e0 l\u2019Alg\u00e9rie"},"content":{"rendered":"\n<p>L\u2019Italie a pris pleinement conscience du r\u00f4le cl\u00e9 que peut jouer l\u2019Alg\u00e9rie non seulement pour sa s\u00e9curit\u00e9 \u00e9nerg\u00e9tique et par extension celle de l\u2019Europe, mais aussi dans le renforcement de sa position de partenaire politique et \u00e9conomique de l\u2019Afrique. Ainsi au moment o\u00f9 l\u2019Alg\u00e9rie propose de relancer le projet de gazoduc Galsi, la nouvelle pr\u00e9sidente du Conseil italien propose un \u00ab&nbsp;plan Mattei&nbsp;\u00bb pour l\u2019Afrique et souligne que son pays peut constituer un pont \u00e9nerg\u00e9tique naturel entre l\u2019Afrique et l\u2019Europe.<\/p>\n\n\n\n<p>La pr\u00e9sidente du Conseil des ministres italien, Giorgia Meloni, a prononc\u00e9 un discours lors de la s\u00e9ance de cl\u00f4ture de la 8\u00e8me \u00e9dition du Forum du dialogue m\u00e9diterran\u00e9en MED, organis\u00e9 \u00e0 Rome par le minist\u00e8re italien des Affaires \u00e9trang\u00e8res et l&rsquo;Institut pour les \u00e9tudes politiques internationales, au cours duquel elle a appel\u00e9 \u00e0 instaurer une \u00ab collaboration vertueuse \u00bb entre les pays des deux rives de la M\u00e9diterran\u00e9e. \u00ab Nous comprenons que la construction d&rsquo;un espace partag\u00e9 de richesse est le seul moyen de traiter efficacement des probl\u00e8mes urgents tels que le changement climatique, la s\u00e9curit\u00e9 alimentaire et la sant\u00e9 \u00bb, a-t-elle indiqu\u00e9. La responsable italienne estim\u00e9 que les pays de l&rsquo;UE ne peuvent \u00eatre prosp\u00e8res que si leurs voisins africains le sont.<\/p>\n\n\n\n<p>A l\u2019occasion, Mme Meloni a pr\u00e9sent\u00e9 son plan baptis\u00e9 \u00ab\u2009plan Mattei\u2009\u00bb pour l\u2019Afrique, en hommage \u00e0 Enrico Mattei, fondateur de l\u2019\u00e9nerg\u00e9ticien italien Eni. L\u2019homme politique avait, \u00e0 son \u00e9poque, n\u00e9goci\u00e9 des partenariats plus \u00e9quitables et plus coop\u00e9ratifs avec les pays producteurs de p\u00e9trole comme l\u2019Alg\u00e9rie, une fa\u00e7on de d\u00e9fier directement les accords habituellement n\u00e9goci\u00e9s par les grandes compagnies p\u00e9troli\u00e8res. L\u2019Italie adoptera une \u00ab\u2009attitude non pr\u00e9datrice mais coop\u00e9rative\u2009\u00bb \u00e0 l\u2019\u00e9gard du march\u00e9 africain, de mani\u00e8re \u00e0 imiter l\u2019approche de M. Mattei, a-t-elle assur\u00e9.<\/p>\n\n\n\n<p>Pour Giorgia Meloni, la M\u00e9diterran\u00e9e divise mais unit aussi l\u2019UE et l\u2019Afrique. \u00ab La stabilit\u00e9 et la s\u00e9curit\u00e9 dans cette zone sont la condition pr\u00e9alable au d\u00e9veloppement \u00e9conomique et social des \u00c9tats europ\u00e9ens et africains \u00bb, a-t-elle insist\u00e9. A ce propos, Mme Meloni indiquera que les priorit\u00e9s \u00ab\u2009les plus urgentes\u2009\u00bb du gouvernement italien en mati\u00e8re de politique \u00e9trang\u00e8re et de s\u00e9curit\u00e9 nationale comprennent \u00ab\u2009la stabilisation compl\u00e8te et durable de la Libye\u2009\u00bb et l\u2019adoption d\u2019une position de premier plan dans la lutte contre la propagation du \u00ab\u2009radicalisme extr\u00e9miste\u2009\u00bb dans la r\u00e9gion subsaharienne. Elle ajoutera que \u00ab l\u2019Italie peut-\u00eatre (\u2026) une charni\u00e8re naturelle et un pont \u00e9nerg\u00e9tique entre la M\u00e9diterran\u00e9e et l\u2019Europe\u2009\u00bb, a conclu la responsable italienne.<\/p>\n\n\n\n<p><strong>Une coop\u00e9ration strat\u00e9gique<\/strong><\/p>\n\n\n\n<p>La pr\u00e9sidente du conseil italien a expliqu\u00e9 que \u00ab l\u2019Italie peut servir de conduit d&rsquo;\u00e9nergie (hub \u00e9nerg\u00e9tique) entre la M\u00e9diterran\u00e9e et l&rsquo;Europe gr\u00e2ce \u00e0 sa situation g\u00e9ographique, ses infrastructures, son esprit de coop\u00e9ration et le soutien de ses entreprises \u00bb. Dans ce contexte, elle a d\u00e9crit la relation entre l&rsquo;Italie et l&rsquo;Alg\u00e9rie comme \u00ab strat\u00e9gique \u00bb, reconnaissant que \u00ab c&rsquo;est gr\u00e2ce \u00e0 cette relation que l&rsquo;Italie a pu sortir de la d\u00e9pendance au gaz russe \u00bb. Plus largement, elle a appel\u00e9 \u00e0 resserrer les liens avec le Maghreb. Elle \u00e9voquera la Tunisie, la Libye et la Mauritanie mais ne fera aucune mention du Maroc.<\/p>\n\n\n\n<p>La d\u00e9claration de la pr\u00e9sidente du Conseil des ministres italien fait \u00e9cho \u00e0 celle du ministre alg\u00e9rien de l\u2019Energie, Mohamed Arkab qui a indiqu\u00e9 \u00e9galement samedi \u00e0 Rome que les autorit\u00e9s alg\u00e9riennes envisageaient de relancer le projet du gazoduc GALSI reliant l\u2019Alg\u00e9rie \u00e0 la Sardaigne. \u00ab Nous sommes aussi attentifs aux besoins de nos clients, et dispos\u00e9s \u00e0 relancer et \u00e0 r\u00e9actualiser les \u00e9tudes du gazoduc GALSI, reliant l\u2019Alg\u00e9rie \u00e0 la Sardaigne \u00bb, a-t-il soutenu, expliquant que la r\u00e9alisation de ce second gazoduc \u00ab permettra \u00e0 l\u2019Italie de renforcer son r\u00f4le de hub gazier europ\u00e9en \u00bb. Un appel du pied qui semble avoir trouv\u00e9 une r\u00e9ponse.<\/p>\n\n\n\n<p>Initi\u00e9 en 2009 et long de pr\u00e8s de 300 km, le projet de gazoduc baptis\u00e9 Galsi devait, rappelle-t-on, relier Koudiat Edraouech \u00e0 El Kala \u00e0 la Sardaigne. Il devait permettre d\u2019augmenter les capacit\u00e9s de transport de gaz entre l\u2019Alg\u00e9rie et l\u2019Italie. Le projet avait \u00e9t\u00e9 abandonn\u00e9 en 2012 apr\u00e8s l\u2019offensive du Russe Gazprom sur le march\u00e9 europ\u00e9en. Or, le contexte a chang\u00e9. Un projet comme le Galsi gagne en pertinence et peut r\u00e9aliser l\u2019ambition de Giorgia Meloni de faire v\u00e9ritablement de l\u2019Italie un hub gazier en Europe.Si l\u2019Italie veut r\u00e9ellement devenir un hub \u00e9nerg\u00e9tique comme le pr\u00e9tend Giogia Meloni, elle devrait donc logiquement accepter l\u2019offre de l\u2019Alg\u00e9rie de relancer le Galsi. Tout le monde y gagnerait. D\u2019un c\u00f4t\u00e9, le projet permettra de s\u00e9curiser les approvisionnements \u00e9nerg\u00e9tiques europ\u00e9ens et de l\u2019autre consolider la position de l\u2019Alg\u00e9rie et de l\u2019Italie au sein du r\u00e9seau gazier europ\u00e9en.L\u2019Alg\u00e9rie est actuellement reli\u00e9e \u00e0 l\u2019Italie par le gazoduc Transmed rebaptis\u00e9 \u00ab&nbsp;Enrico Mattei&nbsp;\u00bb en hommage \u00e0 l\u2019\u00e9nerg\u00e9ticien italien et via lequel sont achemin\u00e9s les volumes export\u00e9s vers ce pays. M. Arkab a rappel\u00e9 que l\u2019Alg\u00e9rie s\u2019impose \u00aben tant que fournisseur \u00e9nerg\u00e9tique historique, s\u00fbr et fiable\u00bb, et qui \u00ab\u0153uvre pour maintenir ce statut sur la sc\u00e8ne \u00e9nerg\u00e9tique internationale\u00bb. Il a soulign\u00e9 les investissements projet\u00e9s pour porter les capacit\u00e9s de productions de gaz \u00e0 110 milliards de m3 \u00e0 moyen terme et dont la moiti\u00e9 est destin\u00e9e \u00e0 l\u2019exportation, de m\u00eame qu\u2019il a soulign\u00e9 les synergies \u00e9nerg\u00e9tiques et \u00e9conomiques africaines que devrait permettre la r\u00e9alisation du gazoduc transsaharien reliant l\u2019Alg\u00e9rie et le Nigeria. Un gazoduc qui devrait \u00e0 terme permettre d\u2019acheminer 30 milliards m3 de gaz nig\u00e9rian vers l\u2019Europe via la M\u00e9diterran\u00e9e.Bref, la volont\u00e9 et l\u2019ambition du c\u00f4t\u00e9 alg\u00e9rien ne manquent pas. La balle est d\u00e9sormais dans le camp italien.<\/p>\n\n\n\n<p><strong>Khider Larbi<\/strong><\/p>\n","protected":false},"excerpt":{"rendered":"<p>L\u2019Italie a pris pleinement conscience du r\u00f4le cl\u00e9 que peut jouer l\u2019Alg\u00e9rie non seulement pour sa s\u00e9curit\u00e9 \u00e9nerg\u00e9tique et par<\/p>\n","protected":false},"author":3,"featured_media":32113,"comment_status":"open","ping_status":"closed","sticky":false,"template":"","format":"standard","meta":{"colormag_page_container_layout":"default_layout","colormag_page_sidebar_layout":"default_layout","om_disable_all_campaigns":false,"_monsterinsights_skip_tracking":false,"_monsterinsights_sitenote_active":false,"_monsterinsights_sitenote_note":"","_monsterinsights_sitenote_category":0,"footnotes":"","_wpscppro_dont_share_socialmedia":false,"_wpscppro_custom_social_share_image":0,"_facebook_share_type":"","_twitter_share_type":"","_linkedin_share_type":"","_pinterest_share_type":"","_linkedin_share_type_page":"","_instagram_share_type":"","_medium_share_type":"","_threads_share_type":"","_google_business_share_type":"","_selected_social_profile":[],"_wpsp_enable_custom_social_template":false,"_wpsp_social_scheduling":{"enabled":false,"datetime":null,"platforms":[],"status":"template_only","dateOption":"today","timeOption":"now","customDays":"","customHours":"","customDate":"","customTime":"","schedulingType":"absolute"},"_wpsp_active_default_template":true},"categories":[52,27],"tags":[],"class_list":["post-32112","post","type-post","status-publish","format-standard","has-post-thumbnail","hentry","category-a-la-une","category-actualite"],"aioseo_notices":[],"yoast_head":"<!-- This site is optimized with the Yoast SEO plugin v27.5 - https:\/\/yoast.com\/product\/yoast-seo-wordpress\/ -->\n<title>Elle \u00e9voque un \u00ab\u00a0Plan Matte\u00ef\u00a0\u00bb pour l\u2019Afrique et un hub \u00e9nerg\u00e9tique m\u00e9diterran\u00e9en\u00a0: L\u2019appel du pied de Giorgia Meloni \u00e0 l\u2019Alg\u00e9rie - La Sentinelle<\/title>\n<meta name=\"robots\" content=\"index, follow, max-snippet:-1, max-image-preview:large, max-video-preview:-1\" \/>\n<link rel=\"canonical\" href=\"https:\/\/lasentinelle.dz\/index.php\/2022\/12\/05\/elle-evoque-un-plan-mattei-pour-lafrique-et-un-hub-energetique-mediterraneen-lappel-du-pied-de-giorgia-meloni-a-lalgerie\/\" \/>\n<meta property=\"og:locale\" content=\"fr_FR\" \/>\n<meta property=\"og:type\" content=\"article\" \/>\n<meta property=\"og:title\" content=\"Elle \u00e9voque un \u00ab\u00a0Plan Matte\u00ef\u00a0\u00bb pour l\u2019Afrique et un hub \u00e9nerg\u00e9tique m\u00e9diterran\u00e9en\u00a0: L\u2019appel du pied de Giorgia Meloni \u00e0 l\u2019Alg\u00e9rie - La Sentinelle\" \/>\n<meta property=\"og:description\" content=\"L\u2019Italie a pris pleinement conscience du r\u00f4le cl\u00e9 que peut jouer l\u2019Alg\u00e9rie non seulement pour sa s\u00e9curit\u00e9 \u00e9nerg\u00e9tique et par\" \/>\n<meta property=\"og:url\" content=\"https:\/\/lasentinelle.dz\/index.php\/2022\/12\/05\/elle-evoque-un-plan-mattei-pour-lafrique-et-un-hub-energetique-mediterraneen-lappel-du-pied-de-giorgia-meloni-a-lalgerie\/\" \/>\n<meta property=\"og:site_name\" content=\"La Sentinelle\" \/>\n<meta property=\"article:publisher\" content=\"https:\/\/www.facebook.com\/La-Sentinelle-104059864394773\" \/>\n<meta property=\"article:published_time\" content=\"2022-12-05T21:10:00+00:00\" \/>\n<meta property=\"og:image\" content=\"https:\/\/lasentinelle.dz\/wp-content\/uploads\/2022\/12\/giorgia-meloni.png\" \/>\n\t<meta property=\"og:image:width\" content=\"1645\" \/>\n\t<meta property=\"og:image:height\" content=\"900\" \/>\n\t<meta property=\"og:image:type\" content=\"image\/png\" \/>\n<meta name=\"author\" content=\"La Sentinelle\" \/>\n<meta name=\"twitter:card\" content=\"summary_large_image\" \/>\n<meta name=\"twitter:label1\" content=\"\u00c9crit par\" \/>\n\t<meta name=\"twitter:data1\" content=\"La Sentinelle\" \/>\n\t<meta name=\"twitter:label2\" content=\"Dur\u00e9e de lecture estim\u00e9e\" \/>\n\t<meta name=\"twitter:data2\" content=\"5 minutes\" \/>\n<script type=\"application\/ld+json\" class=\"yoast-schema-graph\">{\"@context\":\"https:\\\/\\\/schema.org\",\"@graph\":[{\"@type\":\"Article\",\"@id\":\"https:\\\/\\\/lasentinelle.dz\\\/index.php\\\/2022\\\/12\\\/05\\\/elle-evoque-un-plan-mattei-pour-lafrique-et-un-hub-energetique-mediterraneen-lappel-du-pied-de-giorgia-meloni-a-lalgerie\\\/#article\",\"isPartOf\":{\"@id\":\"https:\\\/\\\/lasentinelle.dz\\\/index.php\\\/2022\\\/12\\\/05\\\/elle-evoque-un-plan-mattei-pour-lafrique-et-un-hub-energetique-mediterraneen-lappel-du-pied-de-giorgia-meloni-a-lalgerie\\\/\"},\"author\":{\"name\":\"La Sentinelle\",\"@id\":\"https:\\\/\\\/lasentinelle.dz\\\/#\\\/schema\\\/person\\\/d865044e22e70a75174ce8bcad3acfb3\"},\"headline\":\"Elle \u00e9voque un \u00ab\u00a0Plan Matte\u00ef\u00a0\u00bb pour l\u2019Afrique et un hub \u00e9nerg\u00e9tique m\u00e9diterran\u00e9en\u00a0: L\u2019appel du pied de Giorgia Meloni \u00e0 l\u2019Alg\u00e9rie\",\"datePublished\":\"2022-12-05T21:10:00+00:00\",\"mainEntityOfPage\":{\"@id\":\"https:\\\/\\\/lasentinelle.dz\\\/index.php\\\/2022\\\/12\\\/05\\\/elle-evoque-un-plan-mattei-pour-lafrique-et-un-hub-energetique-mediterraneen-lappel-du-pied-de-giorgia-meloni-a-lalgerie\\\/\"},\"wordCount\":1071,\"commentCount\":0,\"publisher\":{\"@id\":\"https:\\\/\\\/lasentinelle.dz\\\/#organization\"},\"image\":{\"@id\":\"https:\\\/\\\/lasentinelle.dz\\\/index.php\\\/2022\\\/12\\\/05\\\/elle-evoque-un-plan-mattei-pour-lafrique-et-un-hub-energetique-mediterraneen-lappel-du-pied-de-giorgia-meloni-a-lalgerie\\\/#primaryimage\"},\"thumbnailUrl\":\"https:\\\/\\\/lasentinelle.dz\\\/wp-content\\\/uploads\\\/2022\\\/12\\\/giorgia-meloni.png\",\"articleSection\":[\"\u00c0 la Une\",\"Actualit\u00e9\"],\"inLanguage\":\"fr-FR\",\"potentialAction\":[{\"@type\":\"CommentAction\",\"name\":\"Comment\",\"target\":[\"https:\\\/\\\/lasentinelle.dz\\\/index.php\\\/2022\\\/12\\\/05\\\/elle-evoque-un-plan-mattei-pour-lafrique-et-un-hub-energetique-mediterraneen-lappel-du-pied-de-giorgia-meloni-a-lalgerie\\\/#respond\"]}]},{\"@type\":\"WebPage\",\"@id\":\"https:\\\/\\\/lasentinelle.dz\\\/index.php\\\/2022\\\/12\\\/05\\\/elle-evoque-un-plan-mattei-pour-lafrique-et-un-hub-energetique-mediterraneen-lappel-du-pied-de-giorgia-meloni-a-lalgerie\\\/\",\"url\":\"https:\\\/\\\/lasentinelle.dz\\\/index.php\\\/2022\\\/12\\\/05\\\/elle-evoque-un-plan-mattei-pour-lafrique-et-un-hub-energetique-mediterraneen-lappel-du-pied-de-giorgia-meloni-a-lalgerie\\\/\",\"name\":\"Elle \u00e9voque un \u00ab\u00a0Plan Matte\u00ef\u00a0\u00bb pour l\u2019Afrique et un hub \u00e9nerg\u00e9tique m\u00e9diterran\u00e9en\u00a0: L\u2019appel du pied de Giorgia Meloni \u00e0 l\u2019Alg\u00e9rie - La Sentinelle\",\"isPartOf\":{\"@id\":\"https:\\\/\\\/lasentinelle.dz\\\/#website\"},\"primaryImageOfPage\":{\"@id\":\"https:\\\/\\\/lasentinelle.dz\\\/index.php\\\/2022\\\/12\\\/05\\\/elle-evoque-un-plan-mattei-pour-lafrique-et-un-hub-energetique-mediterraneen-lappel-du-pied-de-giorgia-meloni-a-lalgerie\\\/#primaryimage\"},\"image\":{\"@id\":\"https:\\\/\\\/lasentinelle.dz\\\/index.php\\\/2022\\\/12\\\/05\\\/elle-evoque-un-plan-mattei-pour-lafrique-et-un-hub-energetique-mediterraneen-lappel-du-pied-de-giorgia-meloni-a-lalgerie\\\/#primaryimage\"},\"thumbnailUrl\":\"https:\\\/\\\/lasentinelle.dz\\\/wp-content\\\/uploads\\\/2022\\\/12\\\/giorgia-meloni.png\",\"datePublished\":\"2022-12-05T21:10:00+00:00\",\"breadcrumb\":{\"@id\":\"https:\\\/\\\/lasentinelle.dz\\\/index.php\\\/2022\\\/12\\\/05\\\/elle-evoque-un-plan-mattei-pour-lafrique-et-un-hub-energetique-mediterraneen-lappel-du-pied-de-giorgia-meloni-a-lalgerie\\\/#breadcrumb\"},\"inLanguage\":\"fr-FR\",\"potentialAction\":[{\"@type\":\"ReadAction\",\"target\":[\"https:\\\/\\\/lasentinelle.dz\\\/index.php\\\/2022\\\/12\\\/05\\\/elle-evoque-un-plan-mattei-pour-lafrique-et-un-hub-energetique-mediterraneen-lappel-du-pied-de-giorgia-meloni-a-lalgerie\\\/\"]}]},{\"@type\":\"ImageObject\",\"inLanguage\":\"fr-FR\",\"@id\":\"https:\\\/\\\/lasentinelle.dz\\\/index.php\\\/2022\\\/12\\\/05\\\/elle-evoque-un-plan-mattei-pour-lafrique-et-un-hub-energetique-mediterraneen-lappel-du-pied-de-giorgia-meloni-a-lalgerie\\\/#primaryimage\",\"url\":\"https:\\\/\\\/lasentinelle.dz\\\/wp-content\\\/uploads\\\/2022\\\/12\\\/giorgia-meloni.png\",\"contentUrl\":\"https:\\\/\\\/lasentinelle.dz\\\/wp-content\\\/uploads\\\/2022\\\/12\\\/giorgia-meloni.png\",\"width\":1645,\"height\":900},{\"@type\":\"BreadcrumbList\",\"@id\":\"https:\\\/\\\/lasentinelle.dz\\\/index.php\\\/2022\\\/12\\\/05\\\/elle-evoque-un-plan-mattei-pour-lafrique-et-un-hub-energetique-mediterraneen-lappel-du-pied-de-giorgia-meloni-a-lalgerie\\\/#breadcrumb\",\"itemListElement\":[{\"@type\":\"ListItem\",\"position\":1,\"name\":\"Accueil\",\"item\":\"https:\\\/\\\/lasentinelle.dz\\\/\"},{\"@type\":\"ListItem\",\"position\":2,\"name\":\"Elle \u00e9voque un \u00ab\u00a0Plan Matte\u00ef\u00a0\u00bb pour l\u2019Afrique et un hub \u00e9nerg\u00e9tique m\u00e9diterran\u00e9en\u00a0: L\u2019appel du pied de Giorgia Meloni \u00e0 l\u2019Alg\u00e9rie\"}]},{\"@type\":\"WebSite\",\"@id\":\"https:\\\/\\\/lasentinelle.dz\\\/#website\",\"url\":\"https:\\\/\\\/lasentinelle.dz\\\/\",\"name\":\"La Sentinelle\",\"description\":\"Quotidien national d&#039;information\",\"publisher\":{\"@id\":\"https:\\\/\\\/lasentinelle.dz\\\/#organization\"},\"potentialAction\":[{\"@type\":\"SearchAction\",\"target\":{\"@type\":\"EntryPoint\",\"urlTemplate\":\"https:\\\/\\\/lasentinelle.dz\\\/?s={search_term_string}\"},\"query-input\":{\"@type\":\"PropertyValueSpecification\",\"valueRequired\":true,\"valueName\":\"search_term_string\"}}],\"inLanguage\":\"fr-FR\"},{\"@type\":\"Organization\",\"@id\":\"https:\\\/\\\/lasentinelle.dz\\\/#organization\",\"name\":\"Quotidien La Sentinelle\",\"url\":\"https:\\\/\\\/lasentinelle.dz\\\/\",\"logo\":{\"@type\":\"ImageObject\",\"inLanguage\":\"fr-FR\",\"@id\":\"https:\\\/\\\/lasentinelle.dz\\\/#\\\/schema\\\/logo\\\/image\\\/\",\"url\":\"https:\\\/\\\/lasentinelle.dz\\\/wp-content\\\/uploads\\\/2021\\\/09\\\/logo-sentinelleSLOGAN-1.png\",\"contentUrl\":\"https:\\\/\\\/lasentinelle.dz\\\/wp-content\\\/uploads\\\/2021\\\/09\\\/logo-sentinelleSLOGAN-1.png\",\"width\":615,\"height\":142,\"caption\":\"Quotidien La Sentinelle\"},\"image\":{\"@id\":\"https:\\\/\\\/lasentinelle.dz\\\/#\\\/schema\\\/logo\\\/image\\\/\"},\"sameAs\":[\"https:\\\/\\\/www.facebook.com\\\/La-Sentinelle-104059864394773\"]},{\"@type\":\"Person\",\"@id\":\"https:\\\/\\\/lasentinelle.dz\\\/#\\\/schema\\\/person\\\/d865044e22e70a75174ce8bcad3acfb3\",\"name\":\"La Sentinelle\",\"image\":{\"@type\":\"ImageObject\",\"inLanguage\":\"fr-FR\",\"@id\":\"https:\\\/\\\/secure.gravatar.com\\\/avatar\\\/57de8e5d4b15d43fb361a71fbb36338450fe67865b528a43dd10ef7c51a20392?s=96&d=mm&r=g\",\"url\":\"https:\\\/\\\/secure.gravatar.com\\\/avatar\\\/57de8e5d4b15d43fb361a71fbb36338450fe67865b528a43dd10ef7c51a20392?s=96&d=mm&r=g\",\"contentUrl\":\"https:\\\/\\\/secure.gravatar.com\\\/avatar\\\/57de8e5d4b15d43fb361a71fbb36338450fe67865b528a43dd10ef7c51a20392?s=96&d=mm&r=g\",\"caption\":\"La Sentinelle\"},\"sameAs\":[\"http:\\\/\\\/www.lasentinelle.dz\"],\"url\":\"https:\\\/\\\/lasentinelle.dz\\\/author\\\/redaction\\\/\"}]}<\/script>\n<!-- \/ Yoast SEO plugin. -->","yoast_head_json":{"title":"Elle \u00e9voque un \u00ab\u00a0Plan Matte\u00ef\u00a0\u00bb pour l\u2019Afrique et un hub \u00e9nerg\u00e9tique m\u00e9diterran\u00e9en\u00a0: L\u2019appel du pied de Giorgia Meloni \u00e0 l\u2019Alg\u00e9rie - La Sentinelle","robots":{"index":"index","follow":"follow","max-snippet":"max-snippet:-1","max-image-preview":"max-image-preview:large","max-video-preview":"max-video-preview:-1"},"canonical":"https:\/\/lasentinelle.dz\/index.php\/2022\/12\/05\/elle-evoque-un-plan-mattei-pour-lafrique-et-un-hub-energetique-mediterraneen-lappel-du-pied-de-giorgia-meloni-a-lalgerie\/","og_locale":"fr_FR","og_type":"article","og_title":"Elle \u00e9voque un \u00ab\u00a0Plan Matte\u00ef\u00a0\u00bb pour l\u2019Afrique et un hub \u00e9nerg\u00e9tique m\u00e9diterran\u00e9en\u00a0: L\u2019appel du pied de Giorgia Meloni \u00e0 l\u2019Alg\u00e9rie - La Sentinelle","og_description":"L\u2019Italie a pris pleinement conscience du r\u00f4le cl\u00e9 que peut jouer l\u2019Alg\u00e9rie non seulement pour sa s\u00e9curit\u00e9 \u00e9nerg\u00e9tique et par","og_url":"https:\/\/lasentinelle.dz\/index.php\/2022\/12\/05\/elle-evoque-un-plan-mattei-pour-lafrique-et-un-hub-energetique-mediterraneen-lappel-du-pied-de-giorgia-meloni-a-lalgerie\/","og_site_name":"La Sentinelle","article_publisher":"https:\/\/www.facebook.com\/La-Sentinelle-104059864394773","article_published_time":"2022-12-05T21:10:00+00:00","og_image":[{"width":1645,"height":900,"url":"https:\/\/lasentinelle.dz\/wp-content\/uploads\/2022\/12\/giorgia-meloni.png","type":"image\/png"}],"author":"La Sentinelle","twitter_card":"summary_large_image","twitter_misc":{"\u00c9crit par":"La Sentinelle","Dur\u00e9e de lecture estim\u00e9e":"5 minutes"},"schema":{"@context":"https:\/\/schema.org","@graph":[{"@type":"Article","@id":"https:\/\/lasentinelle.dz\/index.php\/2022\/12\/05\/elle-evoque-un-plan-mattei-pour-lafrique-et-un-hub-energetique-mediterraneen-lappel-du-pied-de-giorgia-meloni-a-lalgerie\/#article","isPartOf":{"@id":"https:\/\/lasentinelle.dz\/index.php\/2022\/12\/05\/elle-evoque-un-plan-mattei-pour-lafrique-et-un-hub-energetique-mediterraneen-lappel-du-pied-de-giorgia-meloni-a-lalgerie\/"},"author":{"name":"La Sentinelle","@id":"https:\/\/lasentinelle.dz\/#\/schema\/person\/d865044e22e70a75174ce8bcad3acfb3"},"headline":"Elle \u00e9voque un \u00ab\u00a0Plan Matte\u00ef\u00a0\u00bb pour l\u2019Afrique et un hub \u00e9nerg\u00e9tique m\u00e9diterran\u00e9en\u00a0: L\u2019appel du pied de Giorgia Meloni \u00e0 l\u2019Alg\u00e9rie","datePublished":"2022-12-05T21:10:00+00:00","mainEntityOfPage":{"@id":"https:\/\/lasentinelle.dz\/index.php\/2022\/12\/05\/elle-evoque-un-plan-mattei-pour-lafrique-et-un-hub-energetique-mediterraneen-lappel-du-pied-de-giorgia-meloni-a-lalgerie\/"},"wordCount":1071,"commentCount":0,"publisher":{"@id":"https:\/\/lasentinelle.dz\/#organization"},"image":{"@id":"https:\/\/lasentinelle.dz\/index.php\/2022\/12\/05\/elle-evoque-un-plan-mattei-pour-lafrique-et-un-hub-energetique-mediterraneen-lappel-du-pied-de-giorgia-meloni-a-lalgerie\/#primaryimage"},"thumbnailUrl":"https:\/\/lasentinelle.dz\/wp-content\/uploads\/2022\/12\/giorgia-meloni.png","articleSection":["\u00c0 la Une","Actualit\u00e9"],"inLanguage":"fr-FR","potentialAction":[{"@type":"CommentAction","name":"Comment","target":["https:\/\/lasentinelle.dz\/index.php\/2022\/12\/05\/elle-evoque-un-plan-mattei-pour-lafrique-et-un-hub-energetique-mediterraneen-lappel-du-pied-de-giorgia-meloni-a-lalgerie\/#respond"]}]},{"@type":"WebPage","@id":"https:\/\/lasentinelle.dz\/index.php\/2022\/12\/05\/elle-evoque-un-plan-mattei-pour-lafrique-et-un-hub-energetique-mediterraneen-lappel-du-pied-de-giorgia-meloni-a-lalgerie\/","url":"https:\/\/lasentinelle.dz\/index.php\/2022\/12\/05\/elle-evoque-un-plan-mattei-pour-lafrique-et-un-hub-energetique-mediterraneen-lappel-du-pied-de-giorgia-meloni-a-lalgerie\/","name":"Elle \u00e9voque un \u00ab\u00a0Plan Matte\u00ef\u00a0\u00bb pour l\u2019Afrique et un hub \u00e9nerg\u00e9tique m\u00e9diterran\u00e9en\u00a0: L\u2019appel du pied de Giorgia Meloni \u00e0 l\u2019Alg\u00e9rie - La Sentinelle","isPartOf":{"@id":"https:\/\/lasentinelle.dz\/#website"},"primaryImageOfPage":{"@id":"https:\/\/lasentinelle.dz\/index.php\/2022\/12\/05\/elle-evoque-un-plan-mattei-pour-lafrique-et-un-hub-energetique-mediterraneen-lappel-du-pied-de-giorgia-meloni-a-lalgerie\/#primaryimage"},"image":{"@id":"https:\/\/lasentinelle.dz\/index.php\/2022\/12\/05\/elle-evoque-un-plan-mattei-pour-lafrique-et-un-hub-energetique-mediterraneen-lappel-du-pied-de-giorgia-meloni-a-lalgerie\/#primaryimage"},"thumbnailUrl":"https:\/\/lasentinelle.dz\/wp-content\/uploads\/2022\/12\/giorgia-meloni.png","datePublished":"2022-12-05T21:10:00+00:00","breadcrumb":{"@id":"https:\/\/lasentinelle.dz\/index.php\/2022\/12\/05\/elle-evoque-un-plan-mattei-pour-lafrique-et-un-hub-energetique-mediterraneen-lappel-du-pied-de-giorgia-meloni-a-lalgerie\/#breadcrumb"},"inLanguage":"fr-FR","potentialAction":[{"@type":"ReadAction","target":["https:\/\/lasentinelle.dz\/index.php\/2022\/12\/05\/elle-evoque-un-plan-mattei-pour-lafrique-et-un-hub-energetique-mediterraneen-lappel-du-pied-de-giorgia-meloni-a-lalgerie\/"]}]},{"@type":"ImageObject","inLanguage":"fr-FR","@id":"https:\/\/lasentinelle.dz\/index.php\/2022\/12\/05\/elle-evoque-un-plan-mattei-pour-lafrique-et-un-hub-energetique-mediterraneen-lappel-du-pied-de-giorgia-meloni-a-lalgerie\/#primaryimage","url":"https:\/\/lasentinelle.dz\/wp-content\/uploads\/2022\/12\/giorgia-meloni.png","contentUrl":"https:\/\/lasentinelle.dz\/wp-content\/uploads\/2022\/12\/giorgia-meloni.png","width":1645,"height":900},{"@type":"BreadcrumbList","@id":"https:\/\/lasentinelle.dz\/index.php\/2022\/12\/05\/elle-evoque-un-plan-mattei-pour-lafrique-et-un-hub-energetique-mediterraneen-lappel-du-pied-de-giorgia-meloni-a-lalgerie\/#breadcrumb","itemListElement":[{"@type":"ListItem","position":1,"name":"Accueil","item":"https:\/\/lasentinelle.dz\/"},{"@type":"ListItem","position":2,"name":"Elle \u00e9voque un \u00ab\u00a0Plan Matte\u00ef\u00a0\u00bb pour l\u2019Afrique et un hub \u00e9nerg\u00e9tique m\u00e9diterran\u00e9en\u00a0: L\u2019appel du pied de Giorgia Meloni \u00e0 l\u2019Alg\u00e9rie"}]},{"@type":"WebSite","@id":"https:\/\/lasentinelle.dz\/#website","url":"https:\/\/lasentinelle.dz\/","name":"La Sentinelle","description":"Quotidien national d&#039;information","publisher":{"@id":"https:\/\/lasentinelle.dz\/#organization"},"potentialAction":[{"@type":"SearchAction","target":{"@type":"EntryPoint","urlTemplate":"https:\/\/lasentinelle.dz\/?s={search_term_string}"},"query-input":{"@type":"PropertyValueSpecification","valueRequired":true,"valueName":"search_term_string"}}],"inLanguage":"fr-FR"},{"@type":"Organization","@id":"https:\/\/lasentinelle.dz\/#organization","name":"Quotidien La Sentinelle","url":"https:\/\/lasentinelle.dz\/","logo":{"@type":"ImageObject","inLanguage":"fr-FR","@id":"https:\/\/lasentinelle.dz\/#\/schema\/logo\/image\/","url":"https:\/\/lasentinelle.dz\/wp-content\/uploads\/2021\/09\/logo-sentinelleSLOGAN-1.png","contentUrl":"https:\/\/lasentinelle.dz\/wp-content\/uploads\/2021\/09\/logo-sentinelleSLOGAN-1.png","width":615,"height":142,"caption":"Quotidien La Sentinelle"},"image":{"@id":"https:\/\/lasentinelle.dz\/#\/schema\/logo\/image\/"},"sameAs":["https:\/\/www.facebook.com\/La-Sentinelle-104059864394773"]},{"@type":"Person","@id":"https:\/\/lasentinelle.dz\/#\/schema\/person\/d865044e22e70a75174ce8bcad3acfb3","name":"La Sentinelle","image":{"@type":"ImageObject","inLanguage":"fr-FR","@id":"https:\/\/secure.gravatar.com\/avatar\/57de8e5d4b15d43fb361a71fbb36338450fe67865b528a43dd10ef7c51a20392?s=96&d=mm&r=g","url":"https:\/\/secure.gravatar.com\/avatar\/57de8e5d4b15d43fb361a71fbb36338450fe67865b528a43dd10ef7c51a20392?s=96&d=mm&r=g","contentUrl":"https:\/\/secure.gravatar.com\/avatar\/57de8e5d4b15d43fb361a71fbb36338450fe67865b528a43dd10ef7c51a20392?s=96&d=mm&r=g","caption":"La Sentinelle"},"sameAs":["http:\/\/www.lasentinelle.dz"],"url":"https:\/\/lasentinelle.dz\/author\/redaction\/"}]}},"_links":{"self":[{"href":"https:\/\/lasentinelle.dz\/index.php\/wp-json\/wp\/v2\/posts\/32112","targetHints":{"allow":["GET"]}}],"collection":[{"href":"https:\/\/lasentinelle.dz\/index.php\/wp-json\/wp\/v2\/posts"}],"about":[{"href":"https:\/\/lasentinelle.dz\/index.php\/wp-json\/wp\/v2\/types\/post"}],"author":[{"embeddable":true,"href":"https:\/\/lasentinelle.dz\/index.php\/wp-json\/wp\/v2\/users\/3"}],"replies":[{"embeddable":true,"href":"https:\/\/lasentinelle.dz\/index.php\/wp-json\/wp\/v2\/comments?post=32112"}],"version-history":[{"count":1,"href":"https:\/\/lasentinelle.dz\/index.php\/wp-json\/wp\/v2\/posts\/32112\/revisions"}],"predecessor-version":[{"id":32114,"href":"https:\/\/lasentinelle.dz\/index.php\/wp-json\/wp\/v2\/posts\/32112\/revisions\/32114"}],"wp:featuredmedia":[{"embeddable":true,"href":"https:\/\/lasentinelle.dz\/index.php\/wp-json\/wp\/v2\/media\/32113"}],"wp:attachment":[{"href":"https:\/\/lasentinelle.dz\/index.php\/wp-json\/wp\/v2\/media?parent=32112"}],"wp:term":[{"taxonomy":"category","embeddable":true,"href":"https:\/\/lasentinelle.dz\/index.php\/wp-json\/wp\/v2\/categories?post=32112"},{"taxonomy":"post_tag","embeddable":true,"href":"https:\/\/lasentinelle.dz\/index.php\/wp-json\/wp\/v2\/tags?post=32112"}],"curies":[{"name":"wp","href":"https:\/\/api.w.org\/{rel}","templated":true}]}}