{"id":32128,"date":"2022-12-06T22:08:00","date_gmt":"2022-12-06T21:08:00","guid":{"rendered":"https:\/\/lasentinelle.dz\/?p=32128"},"modified":"2022-12-06T21:25:15","modified_gmt":"2022-12-06T20:25:15","slug":"meurtre-de-shirin-abu-akleh-al-jazeera-soumet-laffaire-au-procureur-de-la-cpi","status":"publish","type":"post","link":"https:\/\/lasentinelle.dz\/index.php\/2022\/12\/06\/meurtre-de-shirin-abu-akleh-al-jazeera-soumet-laffaire-au-procureur-de-la-cpi\/","title":{"rendered":"Meurtre de Shirin Abu Akleh\u00a0: Al Jazeera soumet l\u2019affaire au procureur de la CPI"},"content":{"rendered":"\n<p>La cha\u00eene de t\u00e9l\u00e9vision qatarie Al Jazeera a annonc\u00e9 hier avoir soumis au procureur de la Cour p\u00e9nale internationale(CPI) un dossier incriminant l&rsquo;arm\u00e9e isra\u00e9lienne pour la mort de sa journaliste palestinienne Shireen Abu Akleh, tu\u00e9e en mai.<\/p>\n\n\n\n<p>La cha\u00eene dit que les \u00e9l\u00e9ments transmis \u00e0 la CPI mettent en \u00e9vidence \u00abde nouvelles preuves et des images vid\u00e9o montrant clairement que Shireen Abu Akleh et ses coll\u00e8gues se sont fait tirer directement dessus par les forces d&rsquo;occupation isra\u00e9liennes\u00bb le 11 mai.Ce jour-l\u00e0, la journaliste vedette d&rsquo;Al Jazeera avait \u00e9t\u00e9 tu\u00e9e d&rsquo;une balle \u00e0 la t\u00eate lors d&rsquo;un raid de l&rsquo;arm\u00e9e isra\u00e9lienne dans le camp de r\u00e9fugi\u00e9s de J\u00e9nine, dans le nord de la Cisjordanie occup\u00e9e. Elle \u00e9tait \u00e9quip\u00e9e d&rsquo;un gilet pare-balles avec la mention \u00abpresse\u00bb et d&rsquo;un casque. \u00abL&rsquo;affirmation des autorit\u00e9s isra\u00e9liennes selon laquelle Shireen a \u00e9t\u00e9 tu\u00e9e par erreur dans un \u00e9change de tirs est totalement infond\u00e9e\u00bb, a ajout\u00e9 la cha\u00eene.La presse \u00e0 La Haye a vu un avocat repr\u00e9sentant Al Jazeera entrer au si\u00e8ge de la CPI pour y soumettre le dossier. La Cour n&rsquo;a aucune obligation de se saisir du dossier. L&rsquo;arm\u00e9e isra\u00e9lienne, qui occupe la Cisjordanie depuis 1967, a reconnu pour la premi\u00e8re fois en septembre qu&rsquo;il y avait \u00abune forte possibilit\u00e9\u00bb pour que Shireen Abu Akleh, qui disposait de la nationalit\u00e9 palestinienne et am\u00e9ricaine, ait \u00e9t\u00e9 tu\u00e9e par l&rsquo;un de ses soldats.<\/p>\n\n\n\n<p><strong>KhiderL.<\/strong><\/p>\n","protected":false},"excerpt":{"rendered":"<p>La cha\u00eene de t\u00e9l\u00e9vision qatarie Al Jazeera a annonc\u00e9 hier avoir soumis au procureur de la Cour p\u00e9nale internationale(CPI) un<\/p>\n","protected":false},"author":3,"featured_media":32136,"comment_status":"open","ping_status":"closed","sticky":false,"template":"","format":"standard","meta":{"colormag_page_container_layout":"default_layout","colormag_page_sidebar_layout":"default_layout","om_disable_all_campaigns":false,"_monsterinsights_skip_tracking":false,"_monsterinsights_sitenote_active":false,"_monsterinsights_sitenote_note":"","_monsterinsights_sitenote_category":0,"footnotes":"","_wpscppro_dont_share_socialmedia":false,"_wpscppro_custom_social_share_image":0,"_facebook_share_type":"","_twitter_share_type":"","_linkedin_share_type":"","_pinterest_share_type":"","_linkedin_share_type_page":"","_instagram_share_type":"","_medium_share_type":"","_threads_share_type":"","_google_business_share_type":"","_selected_social_profile":[],"_wpsp_enable_custom_social_template":false,"_wpsp_social_scheduling":{"enabled":false,"datetime":null,"platforms":[],"status":"template_only","dateOption":"today","timeOption":"now","customDays":"","customHours":"","customDate":"","customTime":"","schedulingType":"absolute"},"_wpsp_active_default_template":true},"categories":[52,37],"tags":[],"class_list":["post-32128","post","type-post","status-publish","format-standard","has-post-thumbnail","hentry","category-a-la-une","category-monde"],"aioseo_notices":[],"yoast_head":"<!-- This site is optimized with the Yoast SEO plugin v27.5 - https:\/\/yoast.com\/product\/yoast-seo-wordpress\/ -->\n<title>Meurtre de Shirin Abu Akleh\u00a0: Al Jazeera soumet l\u2019affaire au procureur de la CPI - La Sentinelle<\/title>\n<meta name=\"robots\" content=\"index, follow, max-snippet:-1, max-image-preview:large, max-video-preview:-1\" \/>\n<link rel=\"canonical\" href=\"https:\/\/lasentinelle.dz\/index.php\/2022\/12\/06\/meurtre-de-shirin-abu-akleh-al-jazeera-soumet-laffaire-au-procureur-de-la-cpi\/\" \/>\n<meta property=\"og:locale\" content=\"fr_FR\" \/>\n<meta property=\"og:type\" content=\"article\" \/>\n<meta property=\"og:title\" content=\"Meurtre de Shirin Abu Akleh\u00a0: Al Jazeera soumet l\u2019affaire au procureur de la CPI - La Sentinelle\" \/>\n<meta property=\"og:description\" content=\"La cha\u00eene de t\u00e9l\u00e9vision qatarie Al Jazeera a annonc\u00e9 hier avoir soumis au procureur de la Cour p\u00e9nale internationale(CPI) un\" \/>\n<meta property=\"og:url\" content=\"https:\/\/lasentinelle.dz\/index.php\/2022\/12\/06\/meurtre-de-shirin-abu-akleh-al-jazeera-soumet-laffaire-au-procureur-de-la-cpi\/\" \/>\n<meta property=\"og:site_name\" content=\"La Sentinelle\" \/>\n<meta property=\"article:publisher\" content=\"https:\/\/www.facebook.com\/La-Sentinelle-104059864394773\" \/>\n<meta property=\"article:published_time\" content=\"2022-12-06T21:08:00+00:00\" \/>\n<meta property=\"og:image\" content=\"https:\/\/lasentinelle.dz\/wp-content\/uploads\/2022\/12\/Shirin-Abu-Akleh.png\" \/>\n\t<meta property=\"og:image:width\" content=\"643\" \/>\n\t<meta property=\"og:image:height\" content=\"900\" \/>\n\t<meta property=\"og:image:type\" content=\"image\/png\" \/>\n<meta name=\"author\" content=\"La Sentinelle\" \/>\n<meta name=\"twitter:card\" content=\"summary_large_image\" \/>\n<meta name=\"twitter:label1\" content=\"\u00c9crit par\" \/>\n\t<meta name=\"twitter:data1\" content=\"La Sentinelle\" \/>\n\t<meta name=\"twitter:label2\" content=\"Dur\u00e9e de lecture estim\u00e9e\" \/>\n\t<meta name=\"twitter:data2\" content=\"2 minutes\" \/>\n<script type=\"application\/ld+json\" class=\"yoast-schema-graph\">{\"@context\":\"https:\\\/\\\/schema.org\",\"@graph\":[{\"@type\":\"Article\",\"@id\":\"https:\\\/\\\/lasentinelle.dz\\\/index.php\\\/2022\\\/12\\\/06\\\/meurtre-de-shirin-abu-akleh-al-jazeera-soumet-laffaire-au-procureur-de-la-cpi\\\/#article\",\"isPartOf\":{\"@id\":\"https:\\\/\\\/lasentinelle.dz\\\/index.php\\\/2022\\\/12\\\/06\\\/meurtre-de-shirin-abu-akleh-al-jazeera-soumet-laffaire-au-procureur-de-la-cpi\\\/\"},\"author\":{\"name\":\"La Sentinelle\",\"@id\":\"https:\\\/\\\/lasentinelle.dz\\\/#\\\/schema\\\/person\\\/d865044e22e70a75174ce8bcad3acfb3\"},\"headline\":\"Meurtre de Shirin Abu Akleh\u00a0: Al Jazeera soumet l\u2019affaire au procureur de la CPI\",\"datePublished\":\"2022-12-06T21:08:00+00:00\",\"mainEntityOfPage\":{\"@id\":\"https:\\\/\\\/lasentinelle.dz\\\/index.php\\\/2022\\\/12\\\/06\\\/meurtre-de-shirin-abu-akleh-al-jazeera-soumet-laffaire-au-procureur-de-la-cpi\\\/\"},\"wordCount\":286,\"commentCount\":0,\"publisher\":{\"@id\":\"https:\\\/\\\/lasentinelle.dz\\\/#organization\"},\"image\":{\"@id\":\"https:\\\/\\\/lasentinelle.dz\\\/index.php\\\/2022\\\/12\\\/06\\\/meurtre-de-shirin-abu-akleh-al-jazeera-soumet-laffaire-au-procureur-de-la-cpi\\\/#primaryimage\"},\"thumbnailUrl\":\"https:\\\/\\\/lasentinelle.dz\\\/wp-content\\\/uploads\\\/2022\\\/12\\\/Shirin-Abu-Akleh.png\",\"articleSection\":[\"\u00c0 la Une\",\"Monde\"],\"inLanguage\":\"fr-FR\",\"potentialAction\":[{\"@type\":\"CommentAction\",\"name\":\"Comment\",\"target\":[\"https:\\\/\\\/lasentinelle.dz\\\/index.php\\\/2022\\\/12\\\/06\\\/meurtre-de-shirin-abu-akleh-al-jazeera-soumet-laffaire-au-procureur-de-la-cpi\\\/#respond\"]}]},{\"@type\":\"WebPage\",\"@id\":\"https:\\\/\\\/lasentinelle.dz\\\/index.php\\\/2022\\\/12\\\/06\\\/meurtre-de-shirin-abu-akleh-al-jazeera-soumet-laffaire-au-procureur-de-la-cpi\\\/\",\"url\":\"https:\\\/\\\/lasentinelle.dz\\\/index.php\\\/2022\\\/12\\\/06\\\/meurtre-de-shirin-abu-akleh-al-jazeera-soumet-laffaire-au-procureur-de-la-cpi\\\/\",\"name\":\"Meurtre de Shirin Abu Akleh\u00a0: Al Jazeera soumet l\u2019affaire au procureur de la CPI - La Sentinelle\",\"isPartOf\":{\"@id\":\"https:\\\/\\\/lasentinelle.dz\\\/#website\"},\"primaryImageOfPage\":{\"@id\":\"https:\\\/\\\/lasentinelle.dz\\\/index.php\\\/2022\\\/12\\\/06\\\/meurtre-de-shirin-abu-akleh-al-jazeera-soumet-laffaire-au-procureur-de-la-cpi\\\/#primaryimage\"},\"image\":{\"@id\":\"https:\\\/\\\/lasentinelle.dz\\\/index.php\\\/2022\\\/12\\\/06\\\/meurtre-de-shirin-abu-akleh-al-jazeera-soumet-laffaire-au-procureur-de-la-cpi\\\/#primaryimage\"},\"thumbnailUrl\":\"https:\\\/\\\/lasentinelle.dz\\\/wp-content\\\/uploads\\\/2022\\\/12\\\/Shirin-Abu-Akleh.png\",\"datePublished\":\"2022-12-06T21:08:00+00:00\",\"breadcrumb\":{\"@id\":\"https:\\\/\\\/lasentinelle.dz\\\/index.php\\\/2022\\\/12\\\/06\\\/meurtre-de-shirin-abu-akleh-al-jazeera-soumet-laffaire-au-procureur-de-la-cpi\\\/#breadcrumb\"},\"inLanguage\":\"fr-FR\",\"potentialAction\":[{\"@type\":\"ReadAction\",\"target\":[\"https:\\\/\\\/lasentinelle.dz\\\/index.php\\\/2022\\\/12\\\/06\\\/meurtre-de-shirin-abu-akleh-al-jazeera-soumet-laffaire-au-procureur-de-la-cpi\\\/\"]}]},{\"@type\":\"ImageObject\",\"inLanguage\":\"fr-FR\",\"@id\":\"https:\\\/\\\/lasentinelle.dz\\\/index.php\\\/2022\\\/12\\\/06\\\/meurtre-de-shirin-abu-akleh-al-jazeera-soumet-laffaire-au-procureur-de-la-cpi\\\/#primaryimage\",\"url\":\"https:\\\/\\\/lasentinelle.dz\\\/wp-content\\\/uploads\\\/2022\\\/12\\\/Shirin-Abu-Akleh.png\",\"contentUrl\":\"https:\\\/\\\/lasentinelle.dz\\\/wp-content\\\/uploads\\\/2022\\\/12\\\/Shirin-Abu-Akleh.png\",\"width\":643,\"height\":900},{\"@type\":\"BreadcrumbList\",\"@id\":\"https:\\\/\\\/lasentinelle.dz\\\/index.php\\\/2022\\\/12\\\/06\\\/meurtre-de-shirin-abu-akleh-al-jazeera-soumet-laffaire-au-procureur-de-la-cpi\\\/#breadcrumb\",\"itemListElement\":[{\"@type\":\"ListItem\",\"position\":1,\"name\":\"Accueil\",\"item\":\"https:\\\/\\\/lasentinelle.dz\\\/\"},{\"@type\":\"ListItem\",\"position\":2,\"name\":\"Meurtre de Shirin Abu Akleh\u00a0: Al Jazeera soumet l\u2019affaire au procureur de la CPI\"}]},{\"@type\":\"WebSite\",\"@id\":\"https:\\\/\\\/lasentinelle.dz\\\/#website\",\"url\":\"https:\\\/\\\/lasentinelle.dz\\\/\",\"name\":\"La Sentinelle\",\"description\":\"Quotidien national d&#039;information\",\"publisher\":{\"@id\":\"https:\\\/\\\/lasentinelle.dz\\\/#organization\"},\"potentialAction\":[{\"@type\":\"SearchAction\",\"target\":{\"@type\":\"EntryPoint\",\"urlTemplate\":\"https:\\\/\\\/lasentinelle.dz\\\/?s={search_term_string}\"},\"query-input\":{\"@type\":\"PropertyValueSpecification\",\"valueRequired\":true,\"valueName\":\"search_term_string\"}}],\"inLanguage\":\"fr-FR\"},{\"@type\":\"Organization\",\"@id\":\"https:\\\/\\\/lasentinelle.dz\\\/#organization\",\"name\":\"Quotidien La Sentinelle\",\"url\":\"https:\\\/\\\/lasentinelle.dz\\\/\",\"logo\":{\"@type\":\"ImageObject\",\"inLanguage\":\"fr-FR\",\"@id\":\"https:\\\/\\\/lasentinelle.dz\\\/#\\\/schema\\\/logo\\\/image\\\/\",\"url\":\"https:\\\/\\\/lasentinelle.dz\\\/wp-content\\\/uploads\\\/2021\\\/09\\\/logo-sentinelleSLOGAN-1.png\",\"contentUrl\":\"https:\\\/\\\/lasentinelle.dz\\\/wp-content\\\/uploads\\\/2021\\\/09\\\/logo-sentinelleSLOGAN-1.png\",\"width\":615,\"height\":142,\"caption\":\"Quotidien La Sentinelle\"},\"image\":{\"@id\":\"https:\\\/\\\/lasentinelle.dz\\\/#\\\/schema\\\/logo\\\/image\\\/\"},\"sameAs\":[\"https:\\\/\\\/www.facebook.com\\\/La-Sentinelle-104059864394773\"]},{\"@type\":\"Person\",\"@id\":\"https:\\\/\\\/lasentinelle.dz\\\/#\\\/schema\\\/person\\\/d865044e22e70a75174ce8bcad3acfb3\",\"name\":\"La Sentinelle\",\"image\":{\"@type\":\"ImageObject\",\"inLanguage\":\"fr-FR\",\"@id\":\"https:\\\/\\\/secure.gravatar.com\\\/avatar\\\/57de8e5d4b15d43fb361a71fbb36338450fe67865b528a43dd10ef7c51a20392?s=96&d=mm&r=g\",\"url\":\"https:\\\/\\\/secure.gravatar.com\\\/avatar\\\/57de8e5d4b15d43fb361a71fbb36338450fe67865b528a43dd10ef7c51a20392?s=96&d=mm&r=g\",\"contentUrl\":\"https:\\\/\\\/secure.gravatar.com\\\/avatar\\\/57de8e5d4b15d43fb361a71fbb36338450fe67865b528a43dd10ef7c51a20392?s=96&d=mm&r=g\",\"caption\":\"La Sentinelle\"},\"sameAs\":[\"http:\\\/\\\/www.lasentinelle.dz\"],\"url\":\"https:\\\/\\\/lasentinelle.dz\\\/author\\\/redaction\\\/\"}]}<\/script>\n<!-- \/ Yoast SEO plugin. -->","yoast_head_json":{"title":"Meurtre de Shirin Abu Akleh\u00a0: Al Jazeera soumet l\u2019affaire au procureur de la CPI - La Sentinelle","robots":{"index":"index","follow":"follow","max-snippet":"max-snippet:-1","max-image-preview":"max-image-preview:large","max-video-preview":"max-video-preview:-1"},"canonical":"https:\/\/lasentinelle.dz\/index.php\/2022\/12\/06\/meurtre-de-shirin-abu-akleh-al-jazeera-soumet-laffaire-au-procureur-de-la-cpi\/","og_locale":"fr_FR","og_type":"article","og_title":"Meurtre de Shirin Abu Akleh\u00a0: Al Jazeera soumet l\u2019affaire au procureur de la CPI - La Sentinelle","og_description":"La cha\u00eene de t\u00e9l\u00e9vision qatarie Al Jazeera a annonc\u00e9 hier avoir soumis au procureur de la Cour p\u00e9nale internationale(CPI) un","og_url":"https:\/\/lasentinelle.dz\/index.php\/2022\/12\/06\/meurtre-de-shirin-abu-akleh-al-jazeera-soumet-laffaire-au-procureur-de-la-cpi\/","og_site_name":"La Sentinelle","article_publisher":"https:\/\/www.facebook.com\/La-Sentinelle-104059864394773","article_published_time":"2022-12-06T21:08:00+00:00","og_image":[{"width":643,"height":900,"url":"https:\/\/lasentinelle.dz\/wp-content\/uploads\/2022\/12\/Shirin-Abu-Akleh.png","type":"image\/png"}],"author":"La Sentinelle","twitter_card":"summary_large_image","twitter_misc":{"\u00c9crit par":"La Sentinelle","Dur\u00e9e de lecture estim\u00e9e":"2 minutes"},"schema":{"@context":"https:\/\/schema.org","@graph":[{"@type":"Article","@id":"https:\/\/lasentinelle.dz\/index.php\/2022\/12\/06\/meurtre-de-shirin-abu-akleh-al-jazeera-soumet-laffaire-au-procureur-de-la-cpi\/#article","isPartOf":{"@id":"https:\/\/lasentinelle.dz\/index.php\/2022\/12\/06\/meurtre-de-shirin-abu-akleh-al-jazeera-soumet-laffaire-au-procureur-de-la-cpi\/"},"author":{"name":"La Sentinelle","@id":"https:\/\/lasentinelle.dz\/#\/schema\/person\/d865044e22e70a75174ce8bcad3acfb3"},"headline":"Meurtre de Shirin Abu Akleh\u00a0: Al Jazeera soumet l\u2019affaire au procureur de la CPI","datePublished":"2022-12-06T21:08:00+00:00","mainEntityOfPage":{"@id":"https:\/\/lasentinelle.dz\/index.php\/2022\/12\/06\/meurtre-de-shirin-abu-akleh-al-jazeera-soumet-laffaire-au-procureur-de-la-cpi\/"},"wordCount":286,"commentCount":0,"publisher":{"@id":"https:\/\/lasentinelle.dz\/#organization"},"image":{"@id":"https:\/\/lasentinelle.dz\/index.php\/2022\/12\/06\/meurtre-de-shirin-abu-akleh-al-jazeera-soumet-laffaire-au-procureur-de-la-cpi\/#primaryimage"},"thumbnailUrl":"https:\/\/lasentinelle.dz\/wp-content\/uploads\/2022\/12\/Shirin-Abu-Akleh.png","articleSection":["\u00c0 la Une","Monde"],"inLanguage":"fr-FR","potentialAction":[{"@type":"CommentAction","name":"Comment","target":["https:\/\/lasentinelle.dz\/index.php\/2022\/12\/06\/meurtre-de-shirin-abu-akleh-al-jazeera-soumet-laffaire-au-procureur-de-la-cpi\/#respond"]}]},{"@type":"WebPage","@id":"https:\/\/lasentinelle.dz\/index.php\/2022\/12\/06\/meurtre-de-shirin-abu-akleh-al-jazeera-soumet-laffaire-au-procureur-de-la-cpi\/","url":"https:\/\/lasentinelle.dz\/index.php\/2022\/12\/06\/meurtre-de-shirin-abu-akleh-al-jazeera-soumet-laffaire-au-procureur-de-la-cpi\/","name":"Meurtre de Shirin Abu Akleh\u00a0: Al Jazeera soumet l\u2019affaire au procureur de la CPI - La Sentinelle","isPartOf":{"@id":"https:\/\/lasentinelle.dz\/#website"},"primaryImageOfPage":{"@id":"https:\/\/lasentinelle.dz\/index.php\/2022\/12\/06\/meurtre-de-shirin-abu-akleh-al-jazeera-soumet-laffaire-au-procureur-de-la-cpi\/#primaryimage"},"image":{"@id":"https:\/\/lasentinelle.dz\/index.php\/2022\/12\/06\/meurtre-de-shirin-abu-akleh-al-jazeera-soumet-laffaire-au-procureur-de-la-cpi\/#primaryimage"},"thumbnailUrl":"https:\/\/lasentinelle.dz\/wp-content\/uploads\/2022\/12\/Shirin-Abu-Akleh.png","datePublished":"2022-12-06T21:08:00+00:00","breadcrumb":{"@id":"https:\/\/lasentinelle.dz\/index.php\/2022\/12\/06\/meurtre-de-shirin-abu-akleh-al-jazeera-soumet-laffaire-au-procureur-de-la-cpi\/#breadcrumb"},"inLanguage":"fr-FR","potentialAction":[{"@type":"ReadAction","target":["https:\/\/lasentinelle.dz\/index.php\/2022\/12\/06\/meurtre-de-shirin-abu-akleh-al-jazeera-soumet-laffaire-au-procureur-de-la-cpi\/"]}]},{"@type":"ImageObject","inLanguage":"fr-FR","@id":"https:\/\/lasentinelle.dz\/index.php\/2022\/12\/06\/meurtre-de-shirin-abu-akleh-al-jazeera-soumet-laffaire-au-procureur-de-la-cpi\/#primaryimage","url":"https:\/\/lasentinelle.dz\/wp-content\/uploads\/2022\/12\/Shirin-Abu-Akleh.png","contentUrl":"https:\/\/lasentinelle.dz\/wp-content\/uploads\/2022\/12\/Shirin-Abu-Akleh.png","width":643,"height":900},{"@type":"BreadcrumbList","@id":"https:\/\/lasentinelle.dz\/index.php\/2022\/12\/06\/meurtre-de-shirin-abu-akleh-al-jazeera-soumet-laffaire-au-procureur-de-la-cpi\/#breadcrumb","itemListElement":[{"@type":"ListItem","position":1,"name":"Accueil","item":"https:\/\/lasentinelle.dz\/"},{"@type":"ListItem","position":2,"name":"Meurtre de Shirin Abu Akleh\u00a0: Al Jazeera soumet l\u2019affaire au procureur de la CPI"}]},{"@type":"WebSite","@id":"https:\/\/lasentinelle.dz\/#website","url":"https:\/\/lasentinelle.dz\/","name":"La Sentinelle","description":"Quotidien national d&#039;information","publisher":{"@id":"https:\/\/lasentinelle.dz\/#organization"},"potentialAction":[{"@type":"SearchAction","target":{"@type":"EntryPoint","urlTemplate":"https:\/\/lasentinelle.dz\/?s={search_term_string}"},"query-input":{"@type":"PropertyValueSpecification","valueRequired":true,"valueName":"search_term_string"}}],"inLanguage":"fr-FR"},{"@type":"Organization","@id":"https:\/\/lasentinelle.dz\/#organization","name":"Quotidien La Sentinelle","url":"https:\/\/lasentinelle.dz\/","logo":{"@type":"ImageObject","inLanguage":"fr-FR","@id":"https:\/\/lasentinelle.dz\/#\/schema\/logo\/image\/","url":"https:\/\/lasentinelle.dz\/wp-content\/uploads\/2021\/09\/logo-sentinelleSLOGAN-1.png","contentUrl":"https:\/\/lasentinelle.dz\/wp-content\/uploads\/2021\/09\/logo-sentinelleSLOGAN-1.png","width":615,"height":142,"caption":"Quotidien La Sentinelle"},"image":{"@id":"https:\/\/lasentinelle.dz\/#\/schema\/logo\/image\/"},"sameAs":["https:\/\/www.facebook.com\/La-Sentinelle-104059864394773"]},{"@type":"Person","@id":"https:\/\/lasentinelle.dz\/#\/schema\/person\/d865044e22e70a75174ce8bcad3acfb3","name":"La Sentinelle","image":{"@type":"ImageObject","inLanguage":"fr-FR","@id":"https:\/\/secure.gravatar.com\/avatar\/57de8e5d4b15d43fb361a71fbb36338450fe67865b528a43dd10ef7c51a20392?s=96&d=mm&r=g","url":"https:\/\/secure.gravatar.com\/avatar\/57de8e5d4b15d43fb361a71fbb36338450fe67865b528a43dd10ef7c51a20392?s=96&d=mm&r=g","contentUrl":"https:\/\/secure.gravatar.com\/avatar\/57de8e5d4b15d43fb361a71fbb36338450fe67865b528a43dd10ef7c51a20392?s=96&d=mm&r=g","caption":"La Sentinelle"},"sameAs":["http:\/\/www.lasentinelle.dz"],"url":"https:\/\/lasentinelle.dz\/author\/redaction\/"}]}},"_links":{"self":[{"href":"https:\/\/lasentinelle.dz\/index.php\/wp-json\/wp\/v2\/posts\/32128","targetHints":{"allow":["GET"]}}],"collection":[{"href":"https:\/\/lasentinelle.dz\/index.php\/wp-json\/wp\/v2\/posts"}],"about":[{"href":"https:\/\/lasentinelle.dz\/index.php\/wp-json\/wp\/v2\/types\/post"}],"author":[{"embeddable":true,"href":"https:\/\/lasentinelle.dz\/index.php\/wp-json\/wp\/v2\/users\/3"}],"replies":[{"embeddable":true,"href":"https:\/\/lasentinelle.dz\/index.php\/wp-json\/wp\/v2\/comments?post=32128"}],"version-history":[{"count":2,"href":"https:\/\/lasentinelle.dz\/index.php\/wp-json\/wp\/v2\/posts\/32128\/revisions"}],"predecessor-version":[{"id":32203,"href":"https:\/\/lasentinelle.dz\/index.php\/wp-json\/wp\/v2\/posts\/32128\/revisions\/32203"}],"wp:featuredmedia":[{"embeddable":true,"href":"https:\/\/lasentinelle.dz\/index.php\/wp-json\/wp\/v2\/media\/32136"}],"wp:attachment":[{"href":"https:\/\/lasentinelle.dz\/index.php\/wp-json\/wp\/v2\/media?parent=32128"}],"wp:term":[{"taxonomy":"category","embeddable":true,"href":"https:\/\/lasentinelle.dz\/index.php\/wp-json\/wp\/v2\/categories?post=32128"},{"taxonomy":"post_tag","embeddable":true,"href":"https:\/\/lasentinelle.dz\/index.php\/wp-json\/wp\/v2\/tags?post=32128"}],"curies":[{"name":"wp","href":"https:\/\/api.w.org\/{rel}","templated":true}]}}