{"id":32132,"date":"2022-12-06T22:00:00","date_gmt":"2022-12-06T21:00:00","guid":{"rendered":"https:\/\/lasentinelle.dz\/?p=32132"},"modified":"2022-12-06T16:55:55","modified_gmt":"2022-12-06T15:55:55","slug":"crise-dans-lest-de-la-rdc-le-rwanda-charge-la-communaute-internationale","status":"publish","type":"post","link":"https:\/\/lasentinelle.dz\/index.php\/2022\/12\/06\/crise-dans-lest-de-la-rdc-le-rwanda-charge-la-communaute-internationale\/","title":{"rendered":"Crise dans l&rsquo;est de la RDC\u00a0: Le Rwanda charge la communaut\u00e9 internationale"},"content":{"rendered":"\n<p>Le ministre rwandais des affaires \u00e9trang\u00e8res, Vincent Biruta, a accus\u00e9 la communaut\u00e9 internationale \u00abd&rsquo;exacerber\u00bb la crise dans l&rsquo;est de la R\u00e9publique d\u00e9mocratique du Congo (RDC), en proie \u00e0 des groupes arm\u00e9s, apr\u00e8s que les \u00c9tats-Unis ont exhort\u00e9 Kigali de cesser tout soutien suppos\u00e9 aux rebelles. Lors d&rsquo;un appel dimanche 4 d\u00e9cembre avec le pr\u00e9sident rwandais Paul Kagame, le secr\u00e9taire d&rsquo;\u00c9tat am\u00e9ricain Antony Blinken a \u00abdit clairement que tout soutien externe \u00e0 des groupes arm\u00e9s non \u00e9tatiques en RDC doit cesser, y compris le soutien du Rwanda au M23\u00bb.Les combats dans l&rsquo;est de la RDC entre les forces gouvernementales et les rebelles du M23, une ancienne r\u00e9bellion tutsi, ont exacerb\u00e9 les tensions avec le Rwanda voisin, que la RDC accuse d&rsquo;encourager la milice. Kigali nie toute implication. Dans un communiqu\u00e9 publi\u00e9 lundi soir, le ministre rwandais des affaires \u00e9trang\u00e8res, Vincent Biruta, a affirm\u00e9 que Paul Kagame et Antony Blinken \u00abavaient eu de bons \u00e9changes (&#8230;) mais que des diff\u00e9rences demeurent sur la compr\u00e9hension du probl\u00e8me\u00bb. \u00abL&rsquo;approche erron\u00e9e (&#8230;) de la communaut\u00e9 internationale continue d&rsquo;exacerber le probl\u00e8me\u00bb, a poursuivi le chef de la diplomatie rwandaise. Le Rwanda a \u00e0 plusieurs reprises imput\u00e9 la responsabilit\u00e9 de la crise dans l&rsquo;est de la RDC aux autorit\u00e9s de Kinshasa et a accus\u00e9 la communaut\u00e9 internationale de fermer les yeux sur son soutien suppos\u00e9 aux FDLR (Forces d\u00e9mocratiques de lib\u00e9ration du Rwanda), un mouvement de rebelles hutu rwandais dont certains impliqu\u00e9s dans le g\u00e9nocide des Tutsi en 1994 au Rwanda. Pr\u00e9sent\u00e9e comme une menace par Kigali, l&rsquo;existence et la violence de cette milice ont justifi\u00e9 les interventions rwandaises pass\u00e9es en territoire congolais. Vincent Biruta a affirm\u00e9 que \u00ables probl\u00e8mes de s\u00e9curit\u00e9 du Rwanda doivent \u00eatre pris en compte\u00bb, poursuivant que le \u00abM23 ne doit pas \u00eatre assimil\u00e9 au Rwanda\u00bb. Un sommet organis\u00e9 le 23 novembre en Angola a ordonn\u00e9 un cessez-le-feu suivi du retrait des rebelles des positions conquises ces derniers mois, mais aucun retrait n&rsquo;a \u00e9t\u00e9 observ\u00e9 \u00e0 ce jour. Apr\u00e8s cinq jours de tr\u00eave, des combats \u00e0 l&rsquo;arme lourde ont repris la semaine derni\u00e8re dans l&rsquo;est de la RDC entre le M23 et l&rsquo;arm\u00e9e congolaise, qui a accus\u00e9 les rebelles d&rsquo;avoir massacr\u00e9 environ 300 civils. Le M23 a rejet\u00e9 ces accusations et demand\u00e9 une \u00abenqu\u00eate ind\u00e9pendante\u00bb. Une initiative de paix distincte \u00e0 Nairobi entre des responsables est-africains et diverses factions rebelles actives dans l&rsquo;est du Congo &#8211; mais pas le M23 &#8211; est en cours depuis plus d&rsquo;une semaine.<\/p>\n\n\n\n<p>Agences<\/p>\n","protected":false},"excerpt":{"rendered":"<p>Le ministre rwandais des affaires \u00e9trang\u00e8res, Vincent Biruta, a accus\u00e9 la communaut\u00e9 internationale \u00abd&rsquo;exacerber\u00bb la crise dans l&rsquo;est de la<\/p>\n","protected":false},"author":3,"featured_media":32140,"comment_status":"open","ping_status":"closed","sticky":false,"template":"","format":"standard","meta":{"colormag_page_container_layout":"default_layout","colormag_page_sidebar_layout":"default_layout","om_disable_all_campaigns":false,"_monsterinsights_skip_tracking":false,"_monsterinsights_sitenote_active":false,"_monsterinsights_sitenote_note":"","_monsterinsights_sitenote_category":0,"footnotes":"","_wpscppro_dont_share_socialmedia":false,"_wpscppro_custom_social_share_image":0,"_facebook_share_type":"","_twitter_share_type":"","_linkedin_share_type":"","_pinterest_share_type":"","_linkedin_share_type_page":"","_instagram_share_type":"","_medium_share_type":"","_threads_share_type":"","_google_business_share_type":"","_selected_social_profile":[],"_wpsp_enable_custom_social_template":false,"_wpsp_social_scheduling":{"enabled":false,"datetime":null,"platforms":[],"status":"template_only","dateOption":"today","timeOption":"now","customDays":"","customHours":"","customDate":"","customTime":"","schedulingType":"absolute"},"_wpsp_active_default_template":true},"categories":[37],"tags":[],"class_list":["post-32132","post","type-post","status-publish","format-standard","has-post-thumbnail","hentry","category-monde"],"aioseo_notices":[],"yoast_head":"<!-- This site is optimized with the Yoast SEO plugin v27.5 - https:\/\/yoast.com\/product\/yoast-seo-wordpress\/ -->\n<title>Crise dans l&rsquo;est de la RDC\u00a0: Le Rwanda charge la communaut\u00e9 internationale - La Sentinelle<\/title>\n<meta name=\"robots\" content=\"index, follow, max-snippet:-1, max-image-preview:large, max-video-preview:-1\" \/>\n<link rel=\"canonical\" href=\"https:\/\/lasentinelle.dz\/index.php\/2022\/12\/06\/crise-dans-lest-de-la-rdc-le-rwanda-charge-la-communaute-internationale\/\" \/>\n<meta property=\"og:locale\" content=\"fr_FR\" \/>\n<meta property=\"og:type\" content=\"article\" \/>\n<meta property=\"og:title\" content=\"Crise dans l&rsquo;est de la RDC\u00a0: Le Rwanda charge la communaut\u00e9 internationale - La Sentinelle\" \/>\n<meta property=\"og:description\" content=\"Le ministre rwandais des affaires \u00e9trang\u00e8res, Vincent Biruta, a accus\u00e9 la communaut\u00e9 internationale \u00abd&rsquo;exacerber\u00bb la crise dans l&rsquo;est de la\" \/>\n<meta property=\"og:url\" content=\"https:\/\/lasentinelle.dz\/index.php\/2022\/12\/06\/crise-dans-lest-de-la-rdc-le-rwanda-charge-la-communaute-internationale\/\" \/>\n<meta property=\"og:site_name\" content=\"La Sentinelle\" \/>\n<meta property=\"article:publisher\" content=\"https:\/\/www.facebook.com\/La-Sentinelle-104059864394773\" \/>\n<meta property=\"article:published_time\" content=\"2022-12-06T21:00:00+00:00\" \/>\n<meta property=\"og:image\" content=\"https:\/\/lasentinelle.dz\/wp-content\/uploads\/2022\/12\/image_2022-12-06_165454232.png\" \/>\n\t<meta property=\"og:image:width\" content=\"1256\" \/>\n\t<meta property=\"og:image:height\" content=\"628\" \/>\n\t<meta property=\"og:image:type\" content=\"image\/png\" \/>\n<meta name=\"author\" content=\"La Sentinelle\" \/>\n<meta name=\"twitter:card\" content=\"summary_large_image\" \/>\n<meta name=\"twitter:label1\" content=\"\u00c9crit par\" \/>\n\t<meta name=\"twitter:data1\" content=\"La Sentinelle\" \/>\n\t<meta name=\"twitter:label2\" content=\"Dur\u00e9e de lecture estim\u00e9e\" \/>\n\t<meta name=\"twitter:data2\" content=\"3 minutes\" \/>\n<script type=\"application\/ld+json\" class=\"yoast-schema-graph\">{\"@context\":\"https:\\\/\\\/schema.org\",\"@graph\":[{\"@type\":\"Article\",\"@id\":\"https:\\\/\\\/lasentinelle.dz\\\/index.php\\\/2022\\\/12\\\/06\\\/crise-dans-lest-de-la-rdc-le-rwanda-charge-la-communaute-internationale\\\/#article\",\"isPartOf\":{\"@id\":\"https:\\\/\\\/lasentinelle.dz\\\/index.php\\\/2022\\\/12\\\/06\\\/crise-dans-lest-de-la-rdc-le-rwanda-charge-la-communaute-internationale\\\/\"},\"author\":{\"name\":\"La Sentinelle\",\"@id\":\"https:\\\/\\\/lasentinelle.dz\\\/#\\\/schema\\\/person\\\/d865044e22e70a75174ce8bcad3acfb3\"},\"headline\":\"Crise dans l&rsquo;est de la RDC\u00a0: Le Rwanda charge la communaut\u00e9 internationale\",\"datePublished\":\"2022-12-06T21:00:00+00:00\",\"mainEntityOfPage\":{\"@id\":\"https:\\\/\\\/lasentinelle.dz\\\/index.php\\\/2022\\\/12\\\/06\\\/crise-dans-lest-de-la-rdc-le-rwanda-charge-la-communaute-internationale\\\/\"},\"wordCount\":459,\"commentCount\":0,\"publisher\":{\"@id\":\"https:\\\/\\\/lasentinelle.dz\\\/#organization\"},\"image\":{\"@id\":\"https:\\\/\\\/lasentinelle.dz\\\/index.php\\\/2022\\\/12\\\/06\\\/crise-dans-lest-de-la-rdc-le-rwanda-charge-la-communaute-internationale\\\/#primaryimage\"},\"thumbnailUrl\":\"https:\\\/\\\/lasentinelle.dz\\\/wp-content\\\/uploads\\\/2022\\\/12\\\/image_2022-12-06_165454232.png\",\"articleSection\":[\"Monde\"],\"inLanguage\":\"fr-FR\",\"potentialAction\":[{\"@type\":\"CommentAction\",\"name\":\"Comment\",\"target\":[\"https:\\\/\\\/lasentinelle.dz\\\/index.php\\\/2022\\\/12\\\/06\\\/crise-dans-lest-de-la-rdc-le-rwanda-charge-la-communaute-internationale\\\/#respond\"]}]},{\"@type\":\"WebPage\",\"@id\":\"https:\\\/\\\/lasentinelle.dz\\\/index.php\\\/2022\\\/12\\\/06\\\/crise-dans-lest-de-la-rdc-le-rwanda-charge-la-communaute-internationale\\\/\",\"url\":\"https:\\\/\\\/lasentinelle.dz\\\/index.php\\\/2022\\\/12\\\/06\\\/crise-dans-lest-de-la-rdc-le-rwanda-charge-la-communaute-internationale\\\/\",\"name\":\"Crise dans l&rsquo;est de la RDC\u00a0: Le Rwanda charge la communaut\u00e9 internationale - La Sentinelle\",\"isPartOf\":{\"@id\":\"https:\\\/\\\/lasentinelle.dz\\\/#website\"},\"primaryImageOfPage\":{\"@id\":\"https:\\\/\\\/lasentinelle.dz\\\/index.php\\\/2022\\\/12\\\/06\\\/crise-dans-lest-de-la-rdc-le-rwanda-charge-la-communaute-internationale\\\/#primaryimage\"},\"image\":{\"@id\":\"https:\\\/\\\/lasentinelle.dz\\\/index.php\\\/2022\\\/12\\\/06\\\/crise-dans-lest-de-la-rdc-le-rwanda-charge-la-communaute-internationale\\\/#primaryimage\"},\"thumbnailUrl\":\"https:\\\/\\\/lasentinelle.dz\\\/wp-content\\\/uploads\\\/2022\\\/12\\\/image_2022-12-06_165454232.png\",\"datePublished\":\"2022-12-06T21:00:00+00:00\",\"breadcrumb\":{\"@id\":\"https:\\\/\\\/lasentinelle.dz\\\/index.php\\\/2022\\\/12\\\/06\\\/crise-dans-lest-de-la-rdc-le-rwanda-charge-la-communaute-internationale\\\/#breadcrumb\"},\"inLanguage\":\"fr-FR\",\"potentialAction\":[{\"@type\":\"ReadAction\",\"target\":[\"https:\\\/\\\/lasentinelle.dz\\\/index.php\\\/2022\\\/12\\\/06\\\/crise-dans-lest-de-la-rdc-le-rwanda-charge-la-communaute-internationale\\\/\"]}]},{\"@type\":\"ImageObject\",\"inLanguage\":\"fr-FR\",\"@id\":\"https:\\\/\\\/lasentinelle.dz\\\/index.php\\\/2022\\\/12\\\/06\\\/crise-dans-lest-de-la-rdc-le-rwanda-charge-la-communaute-internationale\\\/#primaryimage\",\"url\":\"https:\\\/\\\/lasentinelle.dz\\\/wp-content\\\/uploads\\\/2022\\\/12\\\/image_2022-12-06_165454232.png\",\"contentUrl\":\"https:\\\/\\\/lasentinelle.dz\\\/wp-content\\\/uploads\\\/2022\\\/12\\\/image_2022-12-06_165454232.png\",\"width\":1256,\"height\":628},{\"@type\":\"BreadcrumbList\",\"@id\":\"https:\\\/\\\/lasentinelle.dz\\\/index.php\\\/2022\\\/12\\\/06\\\/crise-dans-lest-de-la-rdc-le-rwanda-charge-la-communaute-internationale\\\/#breadcrumb\",\"itemListElement\":[{\"@type\":\"ListItem\",\"position\":1,\"name\":\"Accueil\",\"item\":\"https:\\\/\\\/lasentinelle.dz\\\/\"},{\"@type\":\"ListItem\",\"position\":2,\"name\":\"Crise dans l&rsquo;est de la RDC\u00a0: Le Rwanda charge la communaut\u00e9 internationale\"}]},{\"@type\":\"WebSite\",\"@id\":\"https:\\\/\\\/lasentinelle.dz\\\/#website\",\"url\":\"https:\\\/\\\/lasentinelle.dz\\\/\",\"name\":\"La Sentinelle\",\"description\":\"Quotidien national d&#039;information\",\"publisher\":{\"@id\":\"https:\\\/\\\/lasentinelle.dz\\\/#organization\"},\"potentialAction\":[{\"@type\":\"SearchAction\",\"target\":{\"@type\":\"EntryPoint\",\"urlTemplate\":\"https:\\\/\\\/lasentinelle.dz\\\/?s={search_term_string}\"},\"query-input\":{\"@type\":\"PropertyValueSpecification\",\"valueRequired\":true,\"valueName\":\"search_term_string\"}}],\"inLanguage\":\"fr-FR\"},{\"@type\":\"Organization\",\"@id\":\"https:\\\/\\\/lasentinelle.dz\\\/#organization\",\"name\":\"Quotidien La Sentinelle\",\"url\":\"https:\\\/\\\/lasentinelle.dz\\\/\",\"logo\":{\"@type\":\"ImageObject\",\"inLanguage\":\"fr-FR\",\"@id\":\"https:\\\/\\\/lasentinelle.dz\\\/#\\\/schema\\\/logo\\\/image\\\/\",\"url\":\"https:\\\/\\\/lasentinelle.dz\\\/wp-content\\\/uploads\\\/2021\\\/09\\\/logo-sentinelleSLOGAN-1.png\",\"contentUrl\":\"https:\\\/\\\/lasentinelle.dz\\\/wp-content\\\/uploads\\\/2021\\\/09\\\/logo-sentinelleSLOGAN-1.png\",\"width\":615,\"height\":142,\"caption\":\"Quotidien La Sentinelle\"},\"image\":{\"@id\":\"https:\\\/\\\/lasentinelle.dz\\\/#\\\/schema\\\/logo\\\/image\\\/\"},\"sameAs\":[\"https:\\\/\\\/www.facebook.com\\\/La-Sentinelle-104059864394773\"]},{\"@type\":\"Person\",\"@id\":\"https:\\\/\\\/lasentinelle.dz\\\/#\\\/schema\\\/person\\\/d865044e22e70a75174ce8bcad3acfb3\",\"name\":\"La Sentinelle\",\"image\":{\"@type\":\"ImageObject\",\"inLanguage\":\"fr-FR\",\"@id\":\"https:\\\/\\\/secure.gravatar.com\\\/avatar\\\/57de8e5d4b15d43fb361a71fbb36338450fe67865b528a43dd10ef7c51a20392?s=96&d=mm&r=g\",\"url\":\"https:\\\/\\\/secure.gravatar.com\\\/avatar\\\/57de8e5d4b15d43fb361a71fbb36338450fe67865b528a43dd10ef7c51a20392?s=96&d=mm&r=g\",\"contentUrl\":\"https:\\\/\\\/secure.gravatar.com\\\/avatar\\\/57de8e5d4b15d43fb361a71fbb36338450fe67865b528a43dd10ef7c51a20392?s=96&d=mm&r=g\",\"caption\":\"La Sentinelle\"},\"sameAs\":[\"http:\\\/\\\/www.lasentinelle.dz\"],\"url\":\"https:\\\/\\\/lasentinelle.dz\\\/author\\\/redaction\\\/\"}]}<\/script>\n<!-- \/ Yoast SEO plugin. -->","yoast_head_json":{"title":"Crise dans l&rsquo;est de la RDC\u00a0: Le Rwanda charge la communaut\u00e9 internationale - La Sentinelle","robots":{"index":"index","follow":"follow","max-snippet":"max-snippet:-1","max-image-preview":"max-image-preview:large","max-video-preview":"max-video-preview:-1"},"canonical":"https:\/\/lasentinelle.dz\/index.php\/2022\/12\/06\/crise-dans-lest-de-la-rdc-le-rwanda-charge-la-communaute-internationale\/","og_locale":"fr_FR","og_type":"article","og_title":"Crise dans l&rsquo;est de la RDC\u00a0: Le Rwanda charge la communaut\u00e9 internationale - La Sentinelle","og_description":"Le ministre rwandais des affaires \u00e9trang\u00e8res, Vincent Biruta, a accus\u00e9 la communaut\u00e9 internationale \u00abd&rsquo;exacerber\u00bb la crise dans l&rsquo;est de la","og_url":"https:\/\/lasentinelle.dz\/index.php\/2022\/12\/06\/crise-dans-lest-de-la-rdc-le-rwanda-charge-la-communaute-internationale\/","og_site_name":"La Sentinelle","article_publisher":"https:\/\/www.facebook.com\/La-Sentinelle-104059864394773","article_published_time":"2022-12-06T21:00:00+00:00","og_image":[{"width":1256,"height":628,"url":"https:\/\/lasentinelle.dz\/wp-content\/uploads\/2022\/12\/image_2022-12-06_165454232.png","type":"image\/png"}],"author":"La Sentinelle","twitter_card":"summary_large_image","twitter_misc":{"\u00c9crit par":"La Sentinelle","Dur\u00e9e de lecture estim\u00e9e":"3 minutes"},"schema":{"@context":"https:\/\/schema.org","@graph":[{"@type":"Article","@id":"https:\/\/lasentinelle.dz\/index.php\/2022\/12\/06\/crise-dans-lest-de-la-rdc-le-rwanda-charge-la-communaute-internationale\/#article","isPartOf":{"@id":"https:\/\/lasentinelle.dz\/index.php\/2022\/12\/06\/crise-dans-lest-de-la-rdc-le-rwanda-charge-la-communaute-internationale\/"},"author":{"name":"La Sentinelle","@id":"https:\/\/lasentinelle.dz\/#\/schema\/person\/d865044e22e70a75174ce8bcad3acfb3"},"headline":"Crise dans l&rsquo;est de la RDC\u00a0: Le Rwanda charge la communaut\u00e9 internationale","datePublished":"2022-12-06T21:00:00+00:00","mainEntityOfPage":{"@id":"https:\/\/lasentinelle.dz\/index.php\/2022\/12\/06\/crise-dans-lest-de-la-rdc-le-rwanda-charge-la-communaute-internationale\/"},"wordCount":459,"commentCount":0,"publisher":{"@id":"https:\/\/lasentinelle.dz\/#organization"},"image":{"@id":"https:\/\/lasentinelle.dz\/index.php\/2022\/12\/06\/crise-dans-lest-de-la-rdc-le-rwanda-charge-la-communaute-internationale\/#primaryimage"},"thumbnailUrl":"https:\/\/lasentinelle.dz\/wp-content\/uploads\/2022\/12\/image_2022-12-06_165454232.png","articleSection":["Monde"],"inLanguage":"fr-FR","potentialAction":[{"@type":"CommentAction","name":"Comment","target":["https:\/\/lasentinelle.dz\/index.php\/2022\/12\/06\/crise-dans-lest-de-la-rdc-le-rwanda-charge-la-communaute-internationale\/#respond"]}]},{"@type":"WebPage","@id":"https:\/\/lasentinelle.dz\/index.php\/2022\/12\/06\/crise-dans-lest-de-la-rdc-le-rwanda-charge-la-communaute-internationale\/","url":"https:\/\/lasentinelle.dz\/index.php\/2022\/12\/06\/crise-dans-lest-de-la-rdc-le-rwanda-charge-la-communaute-internationale\/","name":"Crise dans l&rsquo;est de la RDC\u00a0: Le Rwanda charge la communaut\u00e9 internationale - La Sentinelle","isPartOf":{"@id":"https:\/\/lasentinelle.dz\/#website"},"primaryImageOfPage":{"@id":"https:\/\/lasentinelle.dz\/index.php\/2022\/12\/06\/crise-dans-lest-de-la-rdc-le-rwanda-charge-la-communaute-internationale\/#primaryimage"},"image":{"@id":"https:\/\/lasentinelle.dz\/index.php\/2022\/12\/06\/crise-dans-lest-de-la-rdc-le-rwanda-charge-la-communaute-internationale\/#primaryimage"},"thumbnailUrl":"https:\/\/lasentinelle.dz\/wp-content\/uploads\/2022\/12\/image_2022-12-06_165454232.png","datePublished":"2022-12-06T21:00:00+00:00","breadcrumb":{"@id":"https:\/\/lasentinelle.dz\/index.php\/2022\/12\/06\/crise-dans-lest-de-la-rdc-le-rwanda-charge-la-communaute-internationale\/#breadcrumb"},"inLanguage":"fr-FR","potentialAction":[{"@type":"ReadAction","target":["https:\/\/lasentinelle.dz\/index.php\/2022\/12\/06\/crise-dans-lest-de-la-rdc-le-rwanda-charge-la-communaute-internationale\/"]}]},{"@type":"ImageObject","inLanguage":"fr-FR","@id":"https:\/\/lasentinelle.dz\/index.php\/2022\/12\/06\/crise-dans-lest-de-la-rdc-le-rwanda-charge-la-communaute-internationale\/#primaryimage","url":"https:\/\/lasentinelle.dz\/wp-content\/uploads\/2022\/12\/image_2022-12-06_165454232.png","contentUrl":"https:\/\/lasentinelle.dz\/wp-content\/uploads\/2022\/12\/image_2022-12-06_165454232.png","width":1256,"height":628},{"@type":"BreadcrumbList","@id":"https:\/\/lasentinelle.dz\/index.php\/2022\/12\/06\/crise-dans-lest-de-la-rdc-le-rwanda-charge-la-communaute-internationale\/#breadcrumb","itemListElement":[{"@type":"ListItem","position":1,"name":"Accueil","item":"https:\/\/lasentinelle.dz\/"},{"@type":"ListItem","position":2,"name":"Crise dans l&rsquo;est de la RDC\u00a0: Le Rwanda charge la communaut\u00e9 internationale"}]},{"@type":"WebSite","@id":"https:\/\/lasentinelle.dz\/#website","url":"https:\/\/lasentinelle.dz\/","name":"La Sentinelle","description":"Quotidien national d&#039;information","publisher":{"@id":"https:\/\/lasentinelle.dz\/#organization"},"potentialAction":[{"@type":"SearchAction","target":{"@type":"EntryPoint","urlTemplate":"https:\/\/lasentinelle.dz\/?s={search_term_string}"},"query-input":{"@type":"PropertyValueSpecification","valueRequired":true,"valueName":"search_term_string"}}],"inLanguage":"fr-FR"},{"@type":"Organization","@id":"https:\/\/lasentinelle.dz\/#organization","name":"Quotidien La Sentinelle","url":"https:\/\/lasentinelle.dz\/","logo":{"@type":"ImageObject","inLanguage":"fr-FR","@id":"https:\/\/lasentinelle.dz\/#\/schema\/logo\/image\/","url":"https:\/\/lasentinelle.dz\/wp-content\/uploads\/2021\/09\/logo-sentinelleSLOGAN-1.png","contentUrl":"https:\/\/lasentinelle.dz\/wp-content\/uploads\/2021\/09\/logo-sentinelleSLOGAN-1.png","width":615,"height":142,"caption":"Quotidien La Sentinelle"},"image":{"@id":"https:\/\/lasentinelle.dz\/#\/schema\/logo\/image\/"},"sameAs":["https:\/\/www.facebook.com\/La-Sentinelle-104059864394773"]},{"@type":"Person","@id":"https:\/\/lasentinelle.dz\/#\/schema\/person\/d865044e22e70a75174ce8bcad3acfb3","name":"La Sentinelle","image":{"@type":"ImageObject","inLanguage":"fr-FR","@id":"https:\/\/secure.gravatar.com\/avatar\/57de8e5d4b15d43fb361a71fbb36338450fe67865b528a43dd10ef7c51a20392?s=96&d=mm&r=g","url":"https:\/\/secure.gravatar.com\/avatar\/57de8e5d4b15d43fb361a71fbb36338450fe67865b528a43dd10ef7c51a20392?s=96&d=mm&r=g","contentUrl":"https:\/\/secure.gravatar.com\/avatar\/57de8e5d4b15d43fb361a71fbb36338450fe67865b528a43dd10ef7c51a20392?s=96&d=mm&r=g","caption":"La Sentinelle"},"sameAs":["http:\/\/www.lasentinelle.dz"],"url":"https:\/\/lasentinelle.dz\/author\/redaction\/"}]}},"_links":{"self":[{"href":"https:\/\/lasentinelle.dz\/index.php\/wp-json\/wp\/v2\/posts\/32132","targetHints":{"allow":["GET"]}}],"collection":[{"href":"https:\/\/lasentinelle.dz\/index.php\/wp-json\/wp\/v2\/posts"}],"about":[{"href":"https:\/\/lasentinelle.dz\/index.php\/wp-json\/wp\/v2\/types\/post"}],"author":[{"embeddable":true,"href":"https:\/\/lasentinelle.dz\/index.php\/wp-json\/wp\/v2\/users\/3"}],"replies":[{"embeddable":true,"href":"https:\/\/lasentinelle.dz\/index.php\/wp-json\/wp\/v2\/comments?post=32132"}],"version-history":[{"count":1,"href":"https:\/\/lasentinelle.dz\/index.php\/wp-json\/wp\/v2\/posts\/32132\/revisions"}],"predecessor-version":[{"id":32144,"href":"https:\/\/lasentinelle.dz\/index.php\/wp-json\/wp\/v2\/posts\/32132\/revisions\/32144"}],"wp:featuredmedia":[{"embeddable":true,"href":"https:\/\/lasentinelle.dz\/index.php\/wp-json\/wp\/v2\/media\/32140"}],"wp:attachment":[{"href":"https:\/\/lasentinelle.dz\/index.php\/wp-json\/wp\/v2\/media?parent=32132"}],"wp:term":[{"taxonomy":"category","embeddable":true,"href":"https:\/\/lasentinelle.dz\/index.php\/wp-json\/wp\/v2\/categories?post=32132"},{"taxonomy":"post_tag","embeddable":true,"href":"https:\/\/lasentinelle.dz\/index.php\/wp-json\/wp\/v2\/tags?post=32132"}],"curies":[{"name":"wp","href":"https:\/\/api.w.org\/{rel}","templated":true}]}}