{"id":32135,"date":"2022-12-06T22:00:00","date_gmt":"2022-12-06T21:00:00","guid":{"rendered":"https:\/\/lasentinelle.dz\/?p=32135"},"modified":"2022-12-06T18:06:17","modified_gmt":"2022-12-06T17:06:17","slug":"a-un-but-du-record-de-pele-neymar-dans-les-pas-du-roi","status":"publish","type":"post","link":"https:\/\/lasentinelle.dz\/index.php\/2022\/12\/06\/a-un-but-du-record-de-pele-neymar-dans-les-pas-du-roi\/","title":{"rendered":"A un but du record de Pel\u00e9\u00a0: Neymar dans les pas du \u00ab\u00a0Roi\u00a0\u00bb"},"content":{"rendered":"\n<p>A un petit but du record du \u00ab\u00a0Roi\u00a0\u00bb Pel\u00e9: Neymar a marqu\u00e9 lundi pour la 76e fois en s\u00e9lection contre la Cor\u00e9e du Sud, la premi\u00e8re lors du Mondial-2022, et contribu\u00e9 \u00e0 r\u00e9conforter l&rsquo;ancien attaquant vedette de la Sele\u00e7ao, toujours hospitalis\u00e9.<\/p>\n\n\n\n<p>Dans sa chambre d&rsquo;h\u00f4pital de Sao Paulo, Pel\u00e9 est toujours le meilleur buteur de l&rsquo;histoire du Br\u00e9sil, avec 77 pions, mais le \u00ab\u00a0Ney\u00a0\u00bb se rapproche, et il semble remis de son entorse \u00e0 la cheville droite survenue lors du premier match au Qatar.Le N.10 avait \u00ab\u00a0pleur\u00e9 toute la nuit\u00a0\u00bb apr\u00e8s sa blessure contre la Serbie (2-0), pensant que sa Coupe du monde \u00e9tait termin\u00e9e. Il a marqu\u00e9 lundi sur son exercice f\u00e9tiche, le penalty, d\u00e8s la 13e minute. Son sixi\u00e8me but de suite inscrit de cette mani\u00e8re en s\u00e9lection!C&rsquo;\u00e9tait sous le regard de Pel\u00e9, \u00e0 quelques milliers de kilom\u00e8tres de l\u00e0, dans sa chambre d&rsquo;h\u00f4pital. Le \u00ab\u00a0Roi\u00a0\u00bb (82 ans) se bat toujours contre un cancer du c\u00f4lon, diagnostiqu\u00e9 l&rsquo;an dernier, avec en prime une \u00ab\u00a0infection respiratoire\u00a0\u00bb qui a provoqu\u00e9 son hospitalisation au d\u00e9but du Mondial.Depuis, la s\u00e9lection et son patron, Tite, multiplient les t\u00e9moignages d&rsquo;affection en direction de celui qui reste l\u2019ind\u00e9tr\u00f4nable ic\u00f4ne du football br\u00e9silien.Il avait en tout cas annonc\u00e9 qu&rsquo;il serait devant sa t\u00e9l\u00e9vision: \u00ab\u00a0Je veux vous inspirer, mes amis\u00a0\u00bb, a-t-il affirm\u00e9 sur Instagram. Ils lui ont r\u00e9pondu, sur la pelouse, en inscrivant quatre superbes buts (4-1) puis en d\u00e9ployant une banderole avec son visage souriant, au Mondial-70.Dans une \u00e9poque o\u00f9 les s\u00e9lections jouent plus souvent, Neymar en est d\u00e9j\u00e0 \u00e0 123 s\u00e9lections, douze ans apr\u00e8s avoir marqu\u00e9 pour ses d\u00e9buts en amical face aux \u00c9tats-Unis (2-0). Le \u00ab\u00a0Roi\u00a0\u00bb avait marqu\u00e9 ses 77 buts en 92 s\u00e9lections, de 1957 \u00e0 1971.Edson Arantes do Nascimento, dit Pel\u00e9, a m\u00eame inscrit trois d&rsquo;entre eux en finale mondiale, contre la Su\u00e8de (5-2) en 1958 (un doubl\u00e9) et l&rsquo;Italie (4-1) en 1970, \u00e0 l&rsquo;apog\u00e9e de son r\u00e8gne.Le palmar\u00e8s de \u00ab\u00a0Ney\u00a0\u00bb est bien loin de celui d'\u00a0\u00bbO Rei\u00a0\u00bb, vainqueur de trois Coupes de monde. Mais l&rsquo;attaquant vedette du Paris SG semble \u00e0 nouveau en mesure de participer \u00e0 la qu\u00eate de la sixi\u00e8me \u00e9toile du Br\u00e9sil, attendue au pays du \u00ab\u00a0futebol\u00a0\u00bb depuis le dernier sacre en 2002.<\/p>\n\n\n\n<p>Agences<\/p>\n","protected":false},"excerpt":{"rendered":"<p>A un petit but du record du \u00ab\u00a0Roi\u00a0\u00bb Pel\u00e9: Neymar a marqu\u00e9 lundi pour la 76e fois en s\u00e9lection contre<\/p>\n","protected":false},"author":3,"featured_media":32155,"comment_status":"open","ping_status":"closed","sticky":false,"template":"","format":"standard","meta":{"colormag_page_container_layout":"default_layout","colormag_page_sidebar_layout":"default_layout","om_disable_all_campaigns":false,"_monsterinsights_skip_tracking":false,"_monsterinsights_sitenote_active":false,"_monsterinsights_sitenote_note":"","_monsterinsights_sitenote_category":0,"footnotes":"","_wpscppro_dont_share_socialmedia":false,"_wpscppro_custom_social_share_image":0,"_facebook_share_type":"","_twitter_share_type":"","_linkedin_share_type":"","_pinterest_share_type":"","_linkedin_share_type_page":"","_instagram_share_type":"","_medium_share_type":"","_threads_share_type":"","_google_business_share_type":"","_selected_social_profile":[],"_wpsp_enable_custom_social_template":false,"_wpsp_social_scheduling":{"enabled":false,"datetime":null,"platforms":[],"status":"template_only","dateOption":"today","timeOption":"now","customDays":"","customHours":"","customDate":"","customTime":"","schedulingType":"absolute"},"_wpsp_active_default_template":true},"categories":[33],"tags":[],"class_list":["post-32135","post","type-post","status-publish","format-standard","has-post-thumbnail","hentry","category-sports"],"aioseo_notices":[],"yoast_head":"<!-- This site is optimized with the Yoast SEO plugin v27.5 - https:\/\/yoast.com\/product\/yoast-seo-wordpress\/ -->\n<title>A un but du record de Pel\u00e9\u00a0: Neymar dans les pas du \u00ab\u00a0Roi\u00a0\u00bb - La Sentinelle<\/title>\n<meta name=\"robots\" content=\"index, follow, max-snippet:-1, max-image-preview:large, max-video-preview:-1\" \/>\n<link rel=\"canonical\" href=\"https:\/\/lasentinelle.dz\/index.php\/2022\/12\/06\/a-un-but-du-record-de-pele-neymar-dans-les-pas-du-roi\/\" \/>\n<meta property=\"og:locale\" content=\"fr_FR\" \/>\n<meta property=\"og:type\" content=\"article\" \/>\n<meta property=\"og:title\" content=\"A un but du record de Pel\u00e9\u00a0: Neymar dans les pas du \u00ab\u00a0Roi\u00a0\u00bb - La Sentinelle\" \/>\n<meta property=\"og:description\" content=\"A un petit but du record du \u00ab\u00a0Roi\u00a0\u00bb Pel\u00e9: Neymar a marqu\u00e9 lundi pour la 76e fois en s\u00e9lection contre\" \/>\n<meta property=\"og:url\" content=\"https:\/\/lasentinelle.dz\/index.php\/2022\/12\/06\/a-un-but-du-record-de-pele-neymar-dans-les-pas-du-roi\/\" \/>\n<meta property=\"og:site_name\" content=\"La Sentinelle\" \/>\n<meta property=\"article:publisher\" content=\"https:\/\/www.facebook.com\/La-Sentinelle-104059864394773\" \/>\n<meta property=\"article:published_time\" content=\"2022-12-06T21:00:00+00:00\" \/>\n<meta property=\"og:image\" content=\"https:\/\/lasentinelle.dz\/wp-content\/uploads\/2022\/12\/image_2022-12-06_180604378.png\" \/>\n\t<meta property=\"og:image:width\" content=\"1020\" \/>\n\t<meta property=\"og:image:height\" content=\"573\" \/>\n\t<meta property=\"og:image:type\" content=\"image\/png\" \/>\n<meta name=\"author\" content=\"La Sentinelle\" \/>\n<meta name=\"twitter:card\" content=\"summary_large_image\" \/>\n<meta name=\"twitter:label1\" content=\"\u00c9crit par\" \/>\n\t<meta name=\"twitter:data1\" content=\"La Sentinelle\" \/>\n\t<meta name=\"twitter:label2\" content=\"Dur\u00e9e de lecture estim\u00e9e\" \/>\n\t<meta name=\"twitter:data2\" content=\"2 minutes\" \/>\n<script type=\"application\/ld+json\" class=\"yoast-schema-graph\">{\"@context\":\"https:\\\/\\\/schema.org\",\"@graph\":[{\"@type\":\"Article\",\"@id\":\"https:\\\/\\\/lasentinelle.dz\\\/index.php\\\/2022\\\/12\\\/06\\\/a-un-but-du-record-de-pele-neymar-dans-les-pas-du-roi\\\/#article\",\"isPartOf\":{\"@id\":\"https:\\\/\\\/lasentinelle.dz\\\/index.php\\\/2022\\\/12\\\/06\\\/a-un-but-du-record-de-pele-neymar-dans-les-pas-du-roi\\\/\"},\"author\":{\"name\":\"La Sentinelle\",\"@id\":\"https:\\\/\\\/lasentinelle.dz\\\/#\\\/schema\\\/person\\\/d865044e22e70a75174ce8bcad3acfb3\"},\"headline\":\"A un but du record de Pel\u00e9\u00a0: Neymar dans les pas du \u00ab\u00a0Roi\u00a0\u00bb\",\"datePublished\":\"2022-12-06T21:00:00+00:00\",\"mainEntityOfPage\":{\"@id\":\"https:\\\/\\\/lasentinelle.dz\\\/index.php\\\/2022\\\/12\\\/06\\\/a-un-but-du-record-de-pele-neymar-dans-les-pas-du-roi\\\/\"},\"wordCount\":424,\"commentCount\":0,\"publisher\":{\"@id\":\"https:\\\/\\\/lasentinelle.dz\\\/#organization\"},\"image\":{\"@id\":\"https:\\\/\\\/lasentinelle.dz\\\/index.php\\\/2022\\\/12\\\/06\\\/a-un-but-du-record-de-pele-neymar-dans-les-pas-du-roi\\\/#primaryimage\"},\"thumbnailUrl\":\"https:\\\/\\\/lasentinelle.dz\\\/wp-content\\\/uploads\\\/2022\\\/12\\\/image_2022-12-06_180604378.png\",\"articleSection\":[\"Sports\"],\"inLanguage\":\"fr-FR\",\"potentialAction\":[{\"@type\":\"CommentAction\",\"name\":\"Comment\",\"target\":[\"https:\\\/\\\/lasentinelle.dz\\\/index.php\\\/2022\\\/12\\\/06\\\/a-un-but-du-record-de-pele-neymar-dans-les-pas-du-roi\\\/#respond\"]}]},{\"@type\":\"WebPage\",\"@id\":\"https:\\\/\\\/lasentinelle.dz\\\/index.php\\\/2022\\\/12\\\/06\\\/a-un-but-du-record-de-pele-neymar-dans-les-pas-du-roi\\\/\",\"url\":\"https:\\\/\\\/lasentinelle.dz\\\/index.php\\\/2022\\\/12\\\/06\\\/a-un-but-du-record-de-pele-neymar-dans-les-pas-du-roi\\\/\",\"name\":\"A un but du record de Pel\u00e9\u00a0: Neymar dans les pas du \u00ab\u00a0Roi\u00a0\u00bb - La Sentinelle\",\"isPartOf\":{\"@id\":\"https:\\\/\\\/lasentinelle.dz\\\/#website\"},\"primaryImageOfPage\":{\"@id\":\"https:\\\/\\\/lasentinelle.dz\\\/index.php\\\/2022\\\/12\\\/06\\\/a-un-but-du-record-de-pele-neymar-dans-les-pas-du-roi\\\/#primaryimage\"},\"image\":{\"@id\":\"https:\\\/\\\/lasentinelle.dz\\\/index.php\\\/2022\\\/12\\\/06\\\/a-un-but-du-record-de-pele-neymar-dans-les-pas-du-roi\\\/#primaryimage\"},\"thumbnailUrl\":\"https:\\\/\\\/lasentinelle.dz\\\/wp-content\\\/uploads\\\/2022\\\/12\\\/image_2022-12-06_180604378.png\",\"datePublished\":\"2022-12-06T21:00:00+00:00\",\"breadcrumb\":{\"@id\":\"https:\\\/\\\/lasentinelle.dz\\\/index.php\\\/2022\\\/12\\\/06\\\/a-un-but-du-record-de-pele-neymar-dans-les-pas-du-roi\\\/#breadcrumb\"},\"inLanguage\":\"fr-FR\",\"potentialAction\":[{\"@type\":\"ReadAction\",\"target\":[\"https:\\\/\\\/lasentinelle.dz\\\/index.php\\\/2022\\\/12\\\/06\\\/a-un-but-du-record-de-pele-neymar-dans-les-pas-du-roi\\\/\"]}]},{\"@type\":\"ImageObject\",\"inLanguage\":\"fr-FR\",\"@id\":\"https:\\\/\\\/lasentinelle.dz\\\/index.php\\\/2022\\\/12\\\/06\\\/a-un-but-du-record-de-pele-neymar-dans-les-pas-du-roi\\\/#primaryimage\",\"url\":\"https:\\\/\\\/lasentinelle.dz\\\/wp-content\\\/uploads\\\/2022\\\/12\\\/image_2022-12-06_180604378.png\",\"contentUrl\":\"https:\\\/\\\/lasentinelle.dz\\\/wp-content\\\/uploads\\\/2022\\\/12\\\/image_2022-12-06_180604378.png\",\"width\":1020,\"height\":573},{\"@type\":\"BreadcrumbList\",\"@id\":\"https:\\\/\\\/lasentinelle.dz\\\/index.php\\\/2022\\\/12\\\/06\\\/a-un-but-du-record-de-pele-neymar-dans-les-pas-du-roi\\\/#breadcrumb\",\"itemListElement\":[{\"@type\":\"ListItem\",\"position\":1,\"name\":\"Accueil\",\"item\":\"https:\\\/\\\/lasentinelle.dz\\\/\"},{\"@type\":\"ListItem\",\"position\":2,\"name\":\"A un but du record de Pel\u00e9\u00a0: Neymar dans les pas du \u00ab\u00a0Roi\u00a0\u00bb\"}]},{\"@type\":\"WebSite\",\"@id\":\"https:\\\/\\\/lasentinelle.dz\\\/#website\",\"url\":\"https:\\\/\\\/lasentinelle.dz\\\/\",\"name\":\"La Sentinelle\",\"description\":\"Quotidien national d&#039;information\",\"publisher\":{\"@id\":\"https:\\\/\\\/lasentinelle.dz\\\/#organization\"},\"potentialAction\":[{\"@type\":\"SearchAction\",\"target\":{\"@type\":\"EntryPoint\",\"urlTemplate\":\"https:\\\/\\\/lasentinelle.dz\\\/?s={search_term_string}\"},\"query-input\":{\"@type\":\"PropertyValueSpecification\",\"valueRequired\":true,\"valueName\":\"search_term_string\"}}],\"inLanguage\":\"fr-FR\"},{\"@type\":\"Organization\",\"@id\":\"https:\\\/\\\/lasentinelle.dz\\\/#organization\",\"name\":\"Quotidien La Sentinelle\",\"url\":\"https:\\\/\\\/lasentinelle.dz\\\/\",\"logo\":{\"@type\":\"ImageObject\",\"inLanguage\":\"fr-FR\",\"@id\":\"https:\\\/\\\/lasentinelle.dz\\\/#\\\/schema\\\/logo\\\/image\\\/\",\"url\":\"https:\\\/\\\/lasentinelle.dz\\\/wp-content\\\/uploads\\\/2021\\\/09\\\/logo-sentinelleSLOGAN-1.png\",\"contentUrl\":\"https:\\\/\\\/lasentinelle.dz\\\/wp-content\\\/uploads\\\/2021\\\/09\\\/logo-sentinelleSLOGAN-1.png\",\"width\":615,\"height\":142,\"caption\":\"Quotidien La Sentinelle\"},\"image\":{\"@id\":\"https:\\\/\\\/lasentinelle.dz\\\/#\\\/schema\\\/logo\\\/image\\\/\"},\"sameAs\":[\"https:\\\/\\\/www.facebook.com\\\/La-Sentinelle-104059864394773\"]},{\"@type\":\"Person\",\"@id\":\"https:\\\/\\\/lasentinelle.dz\\\/#\\\/schema\\\/person\\\/d865044e22e70a75174ce8bcad3acfb3\",\"name\":\"La Sentinelle\",\"image\":{\"@type\":\"ImageObject\",\"inLanguage\":\"fr-FR\",\"@id\":\"https:\\\/\\\/secure.gravatar.com\\\/avatar\\\/57de8e5d4b15d43fb361a71fbb36338450fe67865b528a43dd10ef7c51a20392?s=96&d=mm&r=g\",\"url\":\"https:\\\/\\\/secure.gravatar.com\\\/avatar\\\/57de8e5d4b15d43fb361a71fbb36338450fe67865b528a43dd10ef7c51a20392?s=96&d=mm&r=g\",\"contentUrl\":\"https:\\\/\\\/secure.gravatar.com\\\/avatar\\\/57de8e5d4b15d43fb361a71fbb36338450fe67865b528a43dd10ef7c51a20392?s=96&d=mm&r=g\",\"caption\":\"La Sentinelle\"},\"sameAs\":[\"http:\\\/\\\/www.lasentinelle.dz\"],\"url\":\"https:\\\/\\\/lasentinelle.dz\\\/author\\\/redaction\\\/\"}]}<\/script>\n<!-- \/ Yoast SEO plugin. -->","yoast_head_json":{"title":"A un but du record de Pel\u00e9\u00a0: Neymar dans les pas du \u00ab\u00a0Roi\u00a0\u00bb - La Sentinelle","robots":{"index":"index","follow":"follow","max-snippet":"max-snippet:-1","max-image-preview":"max-image-preview:large","max-video-preview":"max-video-preview:-1"},"canonical":"https:\/\/lasentinelle.dz\/index.php\/2022\/12\/06\/a-un-but-du-record-de-pele-neymar-dans-les-pas-du-roi\/","og_locale":"fr_FR","og_type":"article","og_title":"A un but du record de Pel\u00e9\u00a0: Neymar dans les pas du \u00ab\u00a0Roi\u00a0\u00bb - La Sentinelle","og_description":"A un petit but du record du \u00ab\u00a0Roi\u00a0\u00bb Pel\u00e9: Neymar a marqu\u00e9 lundi pour la 76e fois en s\u00e9lection contre","og_url":"https:\/\/lasentinelle.dz\/index.php\/2022\/12\/06\/a-un-but-du-record-de-pele-neymar-dans-les-pas-du-roi\/","og_site_name":"La Sentinelle","article_publisher":"https:\/\/www.facebook.com\/La-Sentinelle-104059864394773","article_published_time":"2022-12-06T21:00:00+00:00","og_image":[{"width":1020,"height":573,"url":"https:\/\/lasentinelle.dz\/wp-content\/uploads\/2022\/12\/image_2022-12-06_180604378.png","type":"image\/png"}],"author":"La Sentinelle","twitter_card":"summary_large_image","twitter_misc":{"\u00c9crit par":"La Sentinelle","Dur\u00e9e de lecture estim\u00e9e":"2 minutes"},"schema":{"@context":"https:\/\/schema.org","@graph":[{"@type":"Article","@id":"https:\/\/lasentinelle.dz\/index.php\/2022\/12\/06\/a-un-but-du-record-de-pele-neymar-dans-les-pas-du-roi\/#article","isPartOf":{"@id":"https:\/\/lasentinelle.dz\/index.php\/2022\/12\/06\/a-un-but-du-record-de-pele-neymar-dans-les-pas-du-roi\/"},"author":{"name":"La Sentinelle","@id":"https:\/\/lasentinelle.dz\/#\/schema\/person\/d865044e22e70a75174ce8bcad3acfb3"},"headline":"A un but du record de Pel\u00e9\u00a0: Neymar dans les pas du \u00ab\u00a0Roi\u00a0\u00bb","datePublished":"2022-12-06T21:00:00+00:00","mainEntityOfPage":{"@id":"https:\/\/lasentinelle.dz\/index.php\/2022\/12\/06\/a-un-but-du-record-de-pele-neymar-dans-les-pas-du-roi\/"},"wordCount":424,"commentCount":0,"publisher":{"@id":"https:\/\/lasentinelle.dz\/#organization"},"image":{"@id":"https:\/\/lasentinelle.dz\/index.php\/2022\/12\/06\/a-un-but-du-record-de-pele-neymar-dans-les-pas-du-roi\/#primaryimage"},"thumbnailUrl":"https:\/\/lasentinelle.dz\/wp-content\/uploads\/2022\/12\/image_2022-12-06_180604378.png","articleSection":["Sports"],"inLanguage":"fr-FR","potentialAction":[{"@type":"CommentAction","name":"Comment","target":["https:\/\/lasentinelle.dz\/index.php\/2022\/12\/06\/a-un-but-du-record-de-pele-neymar-dans-les-pas-du-roi\/#respond"]}]},{"@type":"WebPage","@id":"https:\/\/lasentinelle.dz\/index.php\/2022\/12\/06\/a-un-but-du-record-de-pele-neymar-dans-les-pas-du-roi\/","url":"https:\/\/lasentinelle.dz\/index.php\/2022\/12\/06\/a-un-but-du-record-de-pele-neymar-dans-les-pas-du-roi\/","name":"A un but du record de Pel\u00e9\u00a0: Neymar dans les pas du \u00ab\u00a0Roi\u00a0\u00bb - La Sentinelle","isPartOf":{"@id":"https:\/\/lasentinelle.dz\/#website"},"primaryImageOfPage":{"@id":"https:\/\/lasentinelle.dz\/index.php\/2022\/12\/06\/a-un-but-du-record-de-pele-neymar-dans-les-pas-du-roi\/#primaryimage"},"image":{"@id":"https:\/\/lasentinelle.dz\/index.php\/2022\/12\/06\/a-un-but-du-record-de-pele-neymar-dans-les-pas-du-roi\/#primaryimage"},"thumbnailUrl":"https:\/\/lasentinelle.dz\/wp-content\/uploads\/2022\/12\/image_2022-12-06_180604378.png","datePublished":"2022-12-06T21:00:00+00:00","breadcrumb":{"@id":"https:\/\/lasentinelle.dz\/index.php\/2022\/12\/06\/a-un-but-du-record-de-pele-neymar-dans-les-pas-du-roi\/#breadcrumb"},"inLanguage":"fr-FR","potentialAction":[{"@type":"ReadAction","target":["https:\/\/lasentinelle.dz\/index.php\/2022\/12\/06\/a-un-but-du-record-de-pele-neymar-dans-les-pas-du-roi\/"]}]},{"@type":"ImageObject","inLanguage":"fr-FR","@id":"https:\/\/lasentinelle.dz\/index.php\/2022\/12\/06\/a-un-but-du-record-de-pele-neymar-dans-les-pas-du-roi\/#primaryimage","url":"https:\/\/lasentinelle.dz\/wp-content\/uploads\/2022\/12\/image_2022-12-06_180604378.png","contentUrl":"https:\/\/lasentinelle.dz\/wp-content\/uploads\/2022\/12\/image_2022-12-06_180604378.png","width":1020,"height":573},{"@type":"BreadcrumbList","@id":"https:\/\/lasentinelle.dz\/index.php\/2022\/12\/06\/a-un-but-du-record-de-pele-neymar-dans-les-pas-du-roi\/#breadcrumb","itemListElement":[{"@type":"ListItem","position":1,"name":"Accueil","item":"https:\/\/lasentinelle.dz\/"},{"@type":"ListItem","position":2,"name":"A un but du record de Pel\u00e9\u00a0: Neymar dans les pas du \u00ab\u00a0Roi\u00a0\u00bb"}]},{"@type":"WebSite","@id":"https:\/\/lasentinelle.dz\/#website","url":"https:\/\/lasentinelle.dz\/","name":"La Sentinelle","description":"Quotidien national d&#039;information","publisher":{"@id":"https:\/\/lasentinelle.dz\/#organization"},"potentialAction":[{"@type":"SearchAction","target":{"@type":"EntryPoint","urlTemplate":"https:\/\/lasentinelle.dz\/?s={search_term_string}"},"query-input":{"@type":"PropertyValueSpecification","valueRequired":true,"valueName":"search_term_string"}}],"inLanguage":"fr-FR"},{"@type":"Organization","@id":"https:\/\/lasentinelle.dz\/#organization","name":"Quotidien La Sentinelle","url":"https:\/\/lasentinelle.dz\/","logo":{"@type":"ImageObject","inLanguage":"fr-FR","@id":"https:\/\/lasentinelle.dz\/#\/schema\/logo\/image\/","url":"https:\/\/lasentinelle.dz\/wp-content\/uploads\/2021\/09\/logo-sentinelleSLOGAN-1.png","contentUrl":"https:\/\/lasentinelle.dz\/wp-content\/uploads\/2021\/09\/logo-sentinelleSLOGAN-1.png","width":615,"height":142,"caption":"Quotidien La Sentinelle"},"image":{"@id":"https:\/\/lasentinelle.dz\/#\/schema\/logo\/image\/"},"sameAs":["https:\/\/www.facebook.com\/La-Sentinelle-104059864394773"]},{"@type":"Person","@id":"https:\/\/lasentinelle.dz\/#\/schema\/person\/d865044e22e70a75174ce8bcad3acfb3","name":"La Sentinelle","image":{"@type":"ImageObject","inLanguage":"fr-FR","@id":"https:\/\/secure.gravatar.com\/avatar\/57de8e5d4b15d43fb361a71fbb36338450fe67865b528a43dd10ef7c51a20392?s=96&d=mm&r=g","url":"https:\/\/secure.gravatar.com\/avatar\/57de8e5d4b15d43fb361a71fbb36338450fe67865b528a43dd10ef7c51a20392?s=96&d=mm&r=g","contentUrl":"https:\/\/secure.gravatar.com\/avatar\/57de8e5d4b15d43fb361a71fbb36338450fe67865b528a43dd10ef7c51a20392?s=96&d=mm&r=g","caption":"La Sentinelle"},"sameAs":["http:\/\/www.lasentinelle.dz"],"url":"https:\/\/lasentinelle.dz\/author\/redaction\/"}]}},"_links":{"self":[{"href":"https:\/\/lasentinelle.dz\/index.php\/wp-json\/wp\/v2\/posts\/32135","targetHints":{"allow":["GET"]}}],"collection":[{"href":"https:\/\/lasentinelle.dz\/index.php\/wp-json\/wp\/v2\/posts"}],"about":[{"href":"https:\/\/lasentinelle.dz\/index.php\/wp-json\/wp\/v2\/types\/post"}],"author":[{"embeddable":true,"href":"https:\/\/lasentinelle.dz\/index.php\/wp-json\/wp\/v2\/users\/3"}],"replies":[{"embeddable":true,"href":"https:\/\/lasentinelle.dz\/index.php\/wp-json\/wp\/v2\/comments?post=32135"}],"version-history":[{"count":1,"href":"https:\/\/lasentinelle.dz\/index.php\/wp-json\/wp\/v2\/posts\/32135\/revisions"}],"predecessor-version":[{"id":32156,"href":"https:\/\/lasentinelle.dz\/index.php\/wp-json\/wp\/v2\/posts\/32135\/revisions\/32156"}],"wp:featuredmedia":[{"embeddable":true,"href":"https:\/\/lasentinelle.dz\/index.php\/wp-json\/wp\/v2\/media\/32155"}],"wp:attachment":[{"href":"https:\/\/lasentinelle.dz\/index.php\/wp-json\/wp\/v2\/media?parent=32135"}],"wp:term":[{"taxonomy":"category","embeddable":true,"href":"https:\/\/lasentinelle.dz\/index.php\/wp-json\/wp\/v2\/categories?post=32135"},{"taxonomy":"post_tag","embeddable":true,"href":"https:\/\/lasentinelle.dz\/index.php\/wp-json\/wp\/v2\/tags?post=32135"}],"curies":[{"name":"wp","href":"https:\/\/api.w.org\/{rel}","templated":true}]}}